{"id":7178,"date":"2023-06-01T16:53:43","date_gmt":"2023-06-01T14:53:43","guid":{"rendered":"https:\/\/infos-droitshumains.net\/?p=7178"},"modified":"2023-06-01T22:30:17","modified_gmt":"2023-06-01T20:30:17","slug":"rdc-aime-sakombi-molendo-lance-latelier-sur-la-revisitation-du-cadre-et-structures-organiques-du-ministere-des-affaires-foncieres","status":"publish","type":"post","link":"https:\/\/infos-droitshumains.net\/?p=7178","title":{"rendered":"Atelier sur la revisitation du cadre et structures organiques des affaires fonci\u00e8res\u00a0: Aim\u00e9 Sakombi Molendo r\u00e9it\u00e8re sa ferme volont\u00e9 d&rsquo;abolir le syst\u00e8me \u00abinique\u00bb des Biens sans Ma\u00eetre"},"content":{"rendered":"\n<p><strong>R\u00e9daction :+243817406088<\/strong><\/p>\n\n\n\n<h3 class=\"wp-block-heading has-vivid-red-color has-text-color\">Le ministre des affaires fonci\u00e8res a ouvert ce jeudi 01 juin \u00e0 Kinshasa, l\u2019atelier sur <strong><em>\u00ab&nbsp;la revisitation du cadre et structures organiques de son minist\u00e8re&nbsp;\u00bb<\/em><\/strong>. Des assises \u00e0 l\u2019issue desquelles, les participants devront adapter le cadre organique des structures de l\u2019administration fonci\u00e8re aux nouveaux d\u00e9fis et exigences de la modernit\u00e9.<\/h3>\n\n\n\n<p>Le dernier cadre organique pour le secr\u00e9tariat g\u00e9n\u00e9ral des affaires fonci\u00e8res a \u00e9t\u00e9 institu\u00e9 par le regrett\u00e9 Pr\u00e9sident Mobutu il y a 41 ans. Pour Aim\u00e9 Sakombi Molendo, Aujourd&rsquo;hui, le pays est <em>\u00ab&nbsp;confront\u00e9s \u00e0 des probl\u00e8mes technologiques, d\u00e9mographiques et organisationnels qui d\u00e9passent largement ce cadre&nbsp;\u00bb<\/em>. C\u2019est ainsi qu\u2019\u00e0 l\u2019en croire, cet atelier est l\u2019occasion de <em>\u00ab&nbsp;r\u00e9fl\u00e9chir de mani\u00e8re approfondie \u00e0 la mani\u00e8re dont<em>\u00bb<\/em><\/em> il faut<em>  <em>\u00ab<\/em>moderniser<em>\u00bb<\/em> <\/em>le<em>  <em>\u00ab<\/em>syst\u00e8me d&rsquo;administration fonci\u00e8re, et r\u00e9pondre aux besoins de notre soci\u00e9t\u00e9 en constante \u00e9volution&nbsp;\u00bb.<\/em><\/p>\n\n\n\n<h4 class=\"wp-block-heading has-vivid-red-color has-text-color\"><em>Abolir le syst\u00e8me des \u00abBiens sans ma\u00eetre\u00bb<\/em><\/h4>\n\n\n\n<p><em>\u00ab&nbsp;\u2026 L\u2019objectif ultime est de garantir la protection des droits fonciers des citoyens, veiller que les conflits fonciers soient r\u00e9solus de mani\u00e8re \u00e9quitable de cr\u00e9er un cadre de r\u00e9solution des conflits \u00e9quitable, de mettre en place les structures capables de r\u00e9pondre efficacement aux r\u00e9alit\u00e9s induites par la modernit\u00e9, et d\u2019assurer une gouvernance transparente. Je suis persuad\u00e9 qu\u2019en accordant nos efforts, nous r\u00e9ussirons \u00e0 gagner ce magnifique challenge qui consiste \u00e0 propulser notre administration au niveau de ses paires des pays voisins, pour en faire un mod\u00e8le capable de r\u00e9pondre efficacement aux besoins de notre soci\u00e9t\u00e9 en constante \u00e9volution&nbsp;\u00bb<\/em>, a soulign\u00e9 Sakombi Molendo avant de renouveler sa d\u00e9termination \u00e0 abolir le syst\u00e8me des \u00abBiens sans ma\u00eetre\u00bb.<\/p>\n\n\n\n<p><em>\u00abNous vous invitons donc, chers Experts, \u00e0 \u00e9lever le niveau des d\u00e9bats pour trouver des solutions justes et durables aux probl\u00e8mes r\u00e9currents qui minent notre administration. Pour marquer ma d\u00e9termination, j\u2019avais&#8230; aboli le syst\u00e8me inique des Biens sans Ma\u00eetre qui \u00e9tait l\u2019\u00e9picentre de la maffia qui gangrenait notre administration ! Depuis, pas un seul arr\u00eat\u00e9 d\u00e9clarant un bien sans ma\u00eetre n\u2019est sorti de mon cabinet ! Aujourd\u2019hui, j\u2019estime que l\u2019heure est venue de faire encore mieux ! C\u2019est pourquoi. je vous recommande prestement d\u2019officialiser la disparition de la Direction des Biens sans Ma\u00eetres, au profit d\u2019une Direction plus actuelle consacr\u00e9e aux Innovations et aux Nouvelles technologies\u00bb.<\/em><\/p>\n\n\n\n<h4 class=\"wp-block-heading has-vivid-red-color has-text-color\"><em>Une t\u00e2che exaltante!<\/em><\/h4>\n\n\n\n<p>L&rsquo;administration fonci\u00e8re, est un \u00e9l\u00e9ment vital du d\u00e9veloppement \u00e9conomique et social de la R\u00e9publique D\u00e9mocratique du Congo; le patron des affaires fonci\u00e8res en est conscient, c\u2019est ainsi qu\u2019il a invit\u00e9 les participants \u00e0 cet atelier \u00e0 en pr\u00e9server l\u2019 <em>\u00ab&nbsp;efficacit\u00e9 et de sa fiabilit\u00e9&nbsp;\u00bb<\/em>.<\/p>\n\n\n\n<p>Ces deux vertus seront un support qui aidera le personnel de l\u2019administration fonci\u00e8re \u00e0 <em>\u00ab&nbsp;prot\u00e9ger les droits fonciers des citoyens et veiller que les conflits fonciers soient r\u00e9solus de mani\u00e8re \u00e9quitable&nbsp;\u00bb<\/em>,, une t\u00e2che <em>\u00ab&nbsp;exaltante&nbsp;\u00bb<\/em> certes, mais qui n\u00e9cessite d\u2019\u00eatre abord\u00e9e avec <em>\u00ab&nbsp;un sens \u00e9lev\u00e9 de responsabilit\u00e9&nbsp;\u00bb<\/em>, a-t-il rench\u00e9ri.<\/p>\n\n\n\n<h4 class=\"wp-block-heading has-vivid-red-color has-text-color\"><em>La volont\u00e9 politique, matrice principale<\/em>!<\/h4>\n\n\n\n<p>La r\u00e9ussite de la revisitassion du cadre et structures organiques de l\u2019administration fonci\u00e8re n\u00e9cessite une volont\u00e9 politique forte, un engagement des parties prenantes et une approche collaborative. Pour Sakombi Molendo, l\u2019organisation de ce s\u00e9minaire est une preuve de <em>\u00ab&nbsp;l\u2019engagement politique en faveur d\u2019un changement en profondeur pour cr\u00e9er les conditions d\u2019une gouvernance moderne, productive et pourvoyeuse de paix&nbsp;\u00bb.<\/em><\/p>\n\n\n\n<p><em>\u00ab&nbsp;Je saisis \u00e9galement cette opportunit\u00e9 pour rendre un hommage m\u00e9rit\u00e9 au Chef de l\u2019Etat, Son Excellence Felix Antoine Tshisekedi Tshilombo qui a, maintes fois, affirm\u00e9 sa volont\u00e9 de r\u00e9former les Affaires fonci\u00e8res pour en faire un des fleurons de son mandat. Mes remerciements s\u2019\u00e9tendent aussi au Premier ministre Jean-Michel Sama Lukonde et au Vice-premier ministre en charge de la Fonction publique, mon fr\u00e8re Jean-Pierre Lihau, pour leur implication dans l\u2019organisation de ces travaux&nbsp;\u00bb<\/em>, a d\u00e9clar\u00e9 le ministre en substance.<\/p>\n\n\n\n<p>D\u00e8s son av\u00e8nement \u00e0 la t\u00eate du minist\u00e8re des affaires fonci\u00e8res, Aim\u00e9 Sakombi Molendo avait plac\u00e9 son mandat sous le signe du Renouveau des Affaires fonci\u00e8res qui tra\u00eenaient une image des plus crasseuses et se caract\u00e9risant par une gouvernance inadapt\u00e9e \u00e0 l\u2019environnement et aux imp\u00e9ratifs du monde actuel.<\/p>\n\n\n\n<p>Plusieurs reformes ont \u00e9t\u00e9 apport\u00e9es \u00e0 ce secteur, dont les plus indubitables resteront la modernisation et la num\u00e9risation dans la gestion des affaires fonci\u00e8res et la promulgation en 2022 de la nouvelle loi fonci\u00e8re en remplacement de celle de 1980.<\/p>\n\n\n\n<p>Jo\u00ebl Diawa<\/p>\n","protected":false},"excerpt":{"rendered":"<p>R\u00e9daction :+243817406088 Le ministre des affaires fonci\u00e8res a ouvert ce jeudi 01 juin \u00e0 Kinshasa,&#8230;<\/p>\n","protected":false},"author":2,"featured_media":7183,"comment_status":"open","ping_status":"open","sticky":false,"template":"","format":"standard","meta":{"_jetpack_memberships_contains_paid_content":false,"footnotes":""},"categories":[3],"tags":[],"class_list":["post-7178","post","type-post","status-publish","format-standard","has-post-thumbnail","hentry","category-politique"],"yoast_head":"<!-- This site is optimized with the Yoast SEO plugin v27.5 - https:\/\/yoast.com\/product\/yoast-seo-wordpress\/ -->\n<title>Atelier sur la revisitation du cadre et structures organiques des affaires fonci\u00e8res\u00a0: Aim\u00e9 Sakombi Molendo r\u00e9it\u00e8re sa ferme volont\u00e9 d&#039;abolir le syst\u00e8me \u00abinique\u00bb des Biens sans Ma\u00eetre - Infos Droits Humains<\/title>\n<meta name=\"robots\" content=\"index, follow, max-snippet:-1, max-image-preview:large, max-video-preview:-1\" \/>\n<link rel=\"canonical\" href=\"https:\/\/infos-droitshumains.net\/?p=7178\" \/>\n<meta property=\"og:locale\" content=\"fr_FR\" \/>\n<meta property=\"og:type\" content=\"article\" \/>\n<meta property=\"og:title\" content=\"Atelier sur la revisitation du cadre et structures organiques des affaires fonci\u00e8res\u00a0: Aim\u00e9 Sakombi Molendo r\u00e9it\u00e8re sa ferme volont\u00e9 d&#039;abolir le syst\u00e8me \u00abinique\u00bb des Biens sans Ma\u00eetre - Infos Droits Humains\" \/>\n<meta property=\"og:description\" content=\"R\u00e9daction :+243817406088 Le ministre des affaires fonci\u00e8res a ouvert ce jeudi 01 juin \u00e0 Kinshasa,...\" \/>\n<meta property=\"og:url\" content=\"https:\/\/infos-droitshumains.net\/?p=7178\" \/>\n<meta property=\"og:site_name\" content=\"Infos Droits Humains\" \/>\n<meta property=\"article:published_time\" content=\"2023-06-01T14:53:43+00:00\" \/>\n<meta property=\"article:modified_time\" content=\"2023-06-01T20:30:17+00:00\" \/>\n<meta property=\"og:image\" content=\"https:\/\/infos-droitshumains.net\/wp-content\/uploads\/2023\/06\/IMG-20230601-WA0050_1.jpg\" \/>\n\t<meta property=\"og:image:width\" content=\"1080\" \/>\n\t<meta property=\"og:image:height\" content=\"715\" \/>\n\t<meta property=\"og:image:type\" content=\"image\/jpeg\" \/>\n<meta name=\"author\" content=\"Jo\u00ebl Diawa\" \/>\n<meta name=\"twitter:card\" content=\"summary_large_image\" \/>\n<meta name=\"twitter:label1\" content=\"\u00c9crit par\" \/>\n\t<meta name=\"twitter:data1\" content=\"Jo\u00ebl Diawa\" \/>\n\t<meta name=\"twitter:label2\" content=\"Dur\u00e9e de lecture estim\u00e9e\" \/>\n\t<meta name=\"twitter:data2\" content=\"4 minutes\" \/>\n<script type=\"application\/ld+json\" class=\"yoast-schema-graph\">{\"@context\":\"https:\\\/\\\/schema.org\",\"@graph\":[{\"@type\":\"Article\",\"@id\":\"https:\\\/\\\/infos-droitshumains.net\\\/?p=7178#article\",\"isPartOf\":{\"@id\":\"https:\\\/\\\/infos-droitshumains.net\\\/?p=7178\"},\"author\":{\"name\":\"Jo\u00ebl Diawa\",\"@id\":\"https:\\\/\\\/infos-droitshumains.net\\\/#\\\/schema\\\/person\\\/3dc5e921c3302172e0ed4362f96faab7\"},\"headline\":\"Atelier sur la revisitation du cadre et structures organiques des affaires fonci\u00e8res\u00a0: Aim\u00e9 Sakombi Molendo r\u00e9it\u00e8re sa ferme volont\u00e9 d&rsquo;abolir le syst\u00e8me \u00abinique\u00bb des Biens sans Ma\u00eetre\",\"datePublished\":\"2023-06-01T14:53:43+00:00\",\"dateModified\":\"2023-06-01T20:30:17+00:00\",\"mainEntityOfPage\":{\"@id\":\"https:\\\/\\\/infos-droitshumains.net\\\/?p=7178\"},\"wordCount\":837,\"commentCount\":0,\"publisher\":{\"@id\":\"https:\\\/\\\/infos-droitshumains.net\\\/#organization\"},\"image\":{\"@id\":\"https:\\\/\\\/infos-droitshumains.net\\\/?p=7178#primaryimage\"},\"thumbnailUrl\":\"https:\\\/\\\/i0.wp.com\\\/infos-droitshumains.net\\\/wp-content\\\/uploads\\\/2023\\\/06\\\/IMG-20230601-WA0050_1.jpg?fit=1080%2C715&ssl=1\",\"articleSection\":[\"Politique\"],\"inLanguage\":\"fr-FR\",\"potentialAction\":[{\"@type\":\"CommentAction\",\"name\":\"Comment\",\"target\":[\"https:\\\/\\\/infos-droitshumains.net\\\/?p=7178#respond\"]}]},{\"@type\":\"WebPage\",\"@id\":\"https:\\\/\\\/infos-droitshumains.net\\\/?p=7178\",\"url\":\"https:\\\/\\\/infos-droitshumains.net\\\/?p=7178\",\"name\":\"Atelier sur la revisitation du cadre et structures organiques des affaires fonci\u00e8res\u00a0: Aim\u00e9 Sakombi Molendo r\u00e9it\u00e8re sa ferme volont\u00e9 d'abolir le syst\u00e8me \u00abinique\u00bb des Biens sans Ma\u00eetre - Infos Droits Humains\",\"isPartOf\":{\"@id\":\"https:\\\/\\\/infos-droitshumains.net\\\/#website\"},\"primaryImageOfPage\":{\"@id\":\"https:\\\/\\\/infos-droitshumains.net\\\/?p=7178#primaryimage\"},\"image\":{\"@id\":\"https:\\\/\\\/infos-droitshumains.net\\\/?p=7178#primaryimage\"},\"thumbnailUrl\":\"https:\\\/\\\/i0.wp.com\\\/infos-droitshumains.net\\\/wp-content\\\/uploads\\\/2023\\\/06\\\/IMG-20230601-WA0050_1.jpg?fit=1080%2C715&ssl=1\",\"datePublished\":\"2023-06-01T14:53:43+00:00\",\"dateModified\":\"2023-06-01T20:30:17+00:00\",\"breadcrumb\":{\"@id\":\"https:\\\/\\\/infos-droitshumains.net\\\/?p=7178#breadcrumb\"},\"inLanguage\":\"fr-FR\",\"potentialAction\":[{\"@type\":\"ReadAction\",\"target\":[\"https:\\\/\\\/infos-droitshumains.net\\\/?p=7178\"]}]},{\"@type\":\"ImageObject\",\"inLanguage\":\"fr-FR\",\"@id\":\"https:\\\/\\\/infos-droitshumains.net\\\/?p=7178#primaryimage\",\"url\":\"https:\\\/\\\/i0.wp.com\\\/infos-droitshumains.net\\\/wp-content\\\/uploads\\\/2023\\\/06\\\/IMG-20230601-WA0050_1.jpg?fit=1080%2C715&ssl=1\",\"contentUrl\":\"https:\\\/\\\/i0.wp.com\\\/infos-droitshumains.net\\\/wp-content\\\/uploads\\\/2023\\\/06\\\/IMG-20230601-WA0050_1.jpg?fit=1080%2C715&ssl=1\",\"width\":1080,\"height\":715},{\"@type\":\"BreadcrumbList\",\"@id\":\"https:\\\/\\\/infos-droitshumains.net\\\/?p=7178#breadcrumb\",\"itemListElement\":[{\"@type\":\"ListItem\",\"position\":1,\"name\":\"Accueil\",\"item\":\"https:\\\/\\\/infos-droitshumains.net\\\/\"},{\"@type\":\"ListItem\",\"position\":2,\"name\":\"Atelier sur la revisitation du cadre et structures organiques des affaires fonci\u00e8res\u00a0: Aim\u00e9 Sakombi Molendo r\u00e9it\u00e8re sa ferme volont\u00e9 d&rsquo;abolir le syst\u00e8me \u00abinique\u00bb des Biens sans Ma\u00eetre\"}]},{\"@type\":\"WebSite\",\"@id\":\"https:\\\/\\\/infos-droitshumains.net\\\/#website\",\"url\":\"https:\\\/\\\/infos-droitshumains.net\\\/\",\"name\":\"Infos Droits Humains\",\"description\":\"S&#039;informer est un droit\",\"publisher\":{\"@id\":\"https:\\\/\\\/infos-droitshumains.net\\\/#organization\"},\"potentialAction\":[{\"@type\":\"SearchAction\",\"target\":{\"@type\":\"EntryPoint\",\"urlTemplate\":\"https:\\\/\\\/infos-droitshumains.net\\\/?s={search_term_string}\"},\"query-input\":{\"@type\":\"PropertyValueSpecification\",\"valueRequired\":true,\"valueName\":\"search_term_string\"}}],\"inLanguage\":\"fr-FR\"},{\"@type\":\"Organization\",\"@id\":\"https:\\\/\\\/infos-droitshumains.net\\\/#organization\",\"name\":\"Infos Droits Humains\",\"url\":\"https:\\\/\\\/infos-droitshumains.net\\\/\",\"logo\":{\"@type\":\"ImageObject\",\"inLanguage\":\"fr-FR\",\"@id\":\"https:\\\/\\\/infos-droitshumains.net\\\/#\\\/schema\\\/logo\\\/image\\\/\",\"url\":\"https:\\\/\\\/i0.wp.com\\\/infos-droitshumains.net\\\/wp-content\\\/uploads\\\/2022\\\/05\\\/Logo.png?fit=333%2C129&ssl=1\",\"contentUrl\":\"https:\\\/\\\/i0.wp.com\\\/infos-droitshumains.net\\\/wp-content\\\/uploads\\\/2022\\\/05\\\/Logo.png?fit=333%2C129&ssl=1\",\"width\":333,\"height\":129,\"caption\":\"Infos Droits Humains\"},\"image\":{\"@id\":\"https:\\\/\\\/infos-droitshumains.net\\\/#\\\/schema\\\/logo\\\/image\\\/\"}},{\"@type\":\"Person\",\"@id\":\"https:\\\/\\\/infos-droitshumains.net\\\/#\\\/schema\\\/person\\\/3dc5e921c3302172e0ed4362f96faab7\",\"name\":\"Jo\u00ebl Diawa\",\"image\":{\"@type\":\"ImageObject\",\"inLanguage\":\"fr-FR\",\"@id\":\"https:\\\/\\\/secure.gravatar.com\\\/avatar\\\/729bea6ff4604c624417803c477363be8e3c7186deaa65713313f9b4b820f41c?s=96&d=mm&r=g\",\"url\":\"https:\\\/\\\/secure.gravatar.com\\\/avatar\\\/729bea6ff4604c624417803c477363be8e3c7186deaa65713313f9b4b820f41c?s=96&d=mm&r=g\",\"contentUrl\":\"https:\\\/\\\/secure.gravatar.com\\\/avatar\\\/729bea6ff4604c624417803c477363be8e3c7186deaa65713313f9b4b820f41c?s=96&d=mm&r=g\",\"caption\":\"Jo\u00ebl Diawa\"},\"sameAs\":[\"https:\\\/\\\/www.infos-droitshumains.net\"],\"url\":\"https:\\\/\\\/infos-droitshumains.net\\\/?author=2\"}]}<\/script>\n<!-- \/ Yoast SEO plugin. -->","yoast_head_json":{"title":"Atelier sur la revisitation du cadre et structures organiques des affaires fonci\u00e8res\u00a0: Aim\u00e9 Sakombi Molendo r\u00e9it\u00e8re sa ferme volont\u00e9 d'abolir le syst\u00e8me \u00abinique\u00bb des Biens sans Ma\u00eetre - Infos Droits Humains","robots":{"index":"index","follow":"follow","max-snippet":"max-snippet:-1","max-image-preview":"max-image-preview:large","max-video-preview":"max-video-preview:-1"},"canonical":"https:\/\/infos-droitshumains.net\/?p=7178","og_locale":"fr_FR","og_type":"article","og_title":"Atelier sur la revisitation du cadre et structures organiques des affaires fonci\u00e8res\u00a0: Aim\u00e9 Sakombi Molendo r\u00e9it\u00e8re sa ferme volont\u00e9 d'abolir le syst\u00e8me \u00abinique\u00bb des Biens sans Ma\u00eetre - Infos Droits Humains","og_description":"R\u00e9daction :+243817406088 Le ministre des affaires fonci\u00e8res a ouvert ce jeudi 01 juin \u00e0 Kinshasa,...","og_url":"https:\/\/infos-droitshumains.net\/?p=7178","og_site_name":"Infos Droits Humains","article_published_time":"2023-06-01T14:53:43+00:00","article_modified_time":"2023-06-01T20:30:17+00:00","og_image":[{"width":1080,"height":715,"url":"https:\/\/infos-droitshumains.net\/wp-content\/uploads\/2023\/06\/IMG-20230601-WA0050_1.jpg","type":"image\/jpeg"}],"author":"Jo\u00ebl Diawa","twitter_card":"summary_large_image","twitter_misc":{"\u00c9crit par":"Jo\u00ebl Diawa","Dur\u00e9e de lecture estim\u00e9e":"4 minutes"},"schema":{"@context":"https:\/\/schema.org","@graph":[{"@type":"Article","@id":"https:\/\/infos-droitshumains.net\/?p=7178#article","isPartOf":{"@id":"https:\/\/infos-droitshumains.net\/?p=7178"},"author":{"name":"Jo\u00ebl Diawa","@id":"https:\/\/infos-droitshumains.net\/#\/schema\/person\/3dc5e921c3302172e0ed4362f96faab7"},"headline":"Atelier sur la revisitation du cadre et structures organiques des affaires fonci\u00e8res\u00a0: Aim\u00e9 Sakombi Molendo r\u00e9it\u00e8re sa ferme volont\u00e9 d&rsquo;abolir le syst\u00e8me \u00abinique\u00bb des Biens sans Ma\u00eetre","datePublished":"2023-06-01T14:53:43+00:00","dateModified":"2023-06-01T20:30:17+00:00","mainEntityOfPage":{"@id":"https:\/\/infos-droitshumains.net\/?p=7178"},"wordCount":837,"commentCount":0,"publisher":{"@id":"https:\/\/infos-droitshumains.net\/#organization"},"image":{"@id":"https:\/\/infos-droitshumains.net\/?p=7178#primaryimage"},"thumbnailUrl":"https:\/\/i0.wp.com\/infos-droitshumains.net\/wp-content\/uploads\/2023\/06\/IMG-20230601-WA0050_1.jpg?fit=1080%2C715&ssl=1","articleSection":["Politique"],"inLanguage":"fr-FR","potentialAction":[{"@type":"CommentAction","name":"Comment","target":["https:\/\/infos-droitshumains.net\/?p=7178#respond"]}]},{"@type":"WebPage","@id":"https:\/\/infos-droitshumains.net\/?p=7178","url":"https:\/\/infos-droitshumains.net\/?p=7178","name":"Atelier sur la revisitation du cadre et structures organiques des affaires fonci\u00e8res\u00a0: Aim\u00e9 Sakombi Molendo r\u00e9it\u00e8re sa ferme volont\u00e9 d'abolir le syst\u00e8me \u00abinique\u00bb des Biens sans Ma\u00eetre - Infos Droits Humains","isPartOf":{"@id":"https:\/\/infos-droitshumains.net\/#website"},"primaryImageOfPage":{"@id":"https:\/\/infos-droitshumains.net\/?p=7178#primaryimage"},"image":{"@id":"https:\/\/infos-droitshumains.net\/?p=7178#primaryimage"},"thumbnailUrl":"https:\/\/i0.wp.com\/infos-droitshumains.net\/wp-content\/uploads\/2023\/06\/IMG-20230601-WA0050_1.jpg?fit=1080%2C715&ssl=1","datePublished":"2023-06-01T14:53:43+00:00","dateModified":"2023-06-01T20:30:17+00:00","breadcrumb":{"@id":"https:\/\/infos-droitshumains.net\/?p=7178#breadcrumb"},"inLanguage":"fr-FR","potentialAction":[{"@type":"ReadAction","target":["https:\/\/infos-droitshumains.net\/?p=7178"]}]},{"@type":"ImageObject","inLanguage":"fr-FR","@id":"https:\/\/infos-droitshumains.net\/?p=7178#primaryimage","url":"https:\/\/i0.wp.com\/infos-droitshumains.net\/wp-content\/uploads\/2023\/06\/IMG-20230601-WA0050_1.jpg?fit=1080%2C715&ssl=1","contentUrl":"https:\/\/i0.wp.com\/infos-droitshumains.net\/wp-content\/uploads\/2023\/06\/IMG-20230601-WA0050_1.jpg?fit=1080%2C715&ssl=1","width":1080,"height":715},{"@type":"BreadcrumbList","@id":"https:\/\/infos-droitshumains.net\/?p=7178#breadcrumb","itemListElement":[{"@type":"ListItem","position":1,"name":"Accueil","item":"https:\/\/infos-droitshumains.net\/"},{"@type":"ListItem","position":2,"name":"Atelier sur la revisitation du cadre et structures organiques des affaires fonci\u00e8res\u00a0: Aim\u00e9 Sakombi Molendo r\u00e9it\u00e8re sa ferme volont\u00e9 d&rsquo;abolir le syst\u00e8me \u00abinique\u00bb des Biens sans Ma\u00eetre"}]},{"@type":"WebSite","@id":"https:\/\/infos-droitshumains.net\/#website","url":"https:\/\/infos-droitshumains.net\/","name":"Infos Droits Humains","description":"S&#039;informer est un droit","publisher":{"@id":"https:\/\/infos-droitshumains.net\/#organization"},"potentialAction":[{"@type":"SearchAction","target":{"@type":"EntryPoint","urlTemplate":"https:\/\/infos-droitshumains.net\/?s={search_term_string}"},"query-input":{"@type":"PropertyValueSpecification","valueRequired":true,"valueName":"search_term_string"}}],"inLanguage":"fr-FR"},{"@type":"Organization","@id":"https:\/\/infos-droitshumains.net\/#organization","name":"Infos Droits Humains","url":"https:\/\/infos-droitshumains.net\/","logo":{"@type":"ImageObject","inLanguage":"fr-FR","@id":"https:\/\/infos-droitshumains.net\/#\/schema\/logo\/image\/","url":"https:\/\/i0.wp.com\/infos-droitshumains.net\/wp-content\/uploads\/2022\/05\/Logo.png?fit=333%2C129&ssl=1","contentUrl":"https:\/\/i0.wp.com\/infos-droitshumains.net\/wp-content\/uploads\/2022\/05\/Logo.png?fit=333%2C129&ssl=1","width":333,"height":129,"caption":"Infos Droits Humains"},"image":{"@id":"https:\/\/infos-droitshumains.net\/#\/schema\/logo\/image\/"}},{"@type":"Person","@id":"https:\/\/infos-droitshumains.net\/#\/schema\/person\/3dc5e921c3302172e0ed4362f96faab7","name":"Jo\u00ebl Diawa","image":{"@type":"ImageObject","inLanguage":"fr-FR","@id":"https:\/\/secure.gravatar.com\/avatar\/729bea6ff4604c624417803c477363be8e3c7186deaa65713313f9b4b820f41c?s=96&d=mm&r=g","url":"https:\/\/secure.gravatar.com\/avatar\/729bea6ff4604c624417803c477363be8e3c7186deaa65713313f9b4b820f41c?s=96&d=mm&r=g","contentUrl":"https:\/\/secure.gravatar.com\/avatar\/729bea6ff4604c624417803c477363be8e3c7186deaa65713313f9b4b820f41c?s=96&d=mm&r=g","caption":"Jo\u00ebl Diawa"},"sameAs":["https:\/\/www.infos-droitshumains.net"],"url":"https:\/\/infos-droitshumains.net\/?author=2"}]}},"featured_image_urls":{"full":["https:\/\/i0.wp.com\/infos-droitshumains.net\/wp-content\/uploads\/2023\/06\/IMG-20230601-WA0050_1.jpg?fit=1080%2C715&ssl=1",1080,715,false],"thumbnail":["https:\/\/i0.wp.com\/infos-droitshumains.net\/wp-content\/uploads\/2023\/06\/IMG-20230601-WA0050_1.jpg?resize=150%2C150&ssl=1",150,150,true],"medium":["https:\/\/i0.wp.com\/infos-droitshumains.net\/wp-content\/uploads\/2023\/06\/IMG-20230601-WA0050_1.jpg?fit=300%2C199&ssl=1",300,199,true],"medium_large":["https:\/\/i0.wp.com\/infos-droitshumains.net\/wp-content\/uploads\/2023\/06\/IMG-20230601-WA0050_1.jpg?fit=640%2C423&ssl=1",640,423,true],"large":["https:\/\/i0.wp.com\/infos-droitshumains.net\/wp-content\/uploads\/2023\/06\/IMG-20230601-WA0050_1.jpg?fit=640%2C424&ssl=1",640,424,true],"1536x1536":["https:\/\/i0.wp.com\/infos-droitshumains.net\/wp-content\/uploads\/2023\/06\/IMG-20230601-WA0050_1.jpg?fit=1080%2C715&ssl=1",1080,715,true],"2048x2048":["https:\/\/i0.wp.com\/infos-droitshumains.net\/wp-content\/uploads\/2023\/06\/IMG-20230601-WA0050_1.jpg?fit=1080%2C715&ssl=1",1080,715,true],"covernews-slider-full":["https:\/\/i0.wp.com\/infos-droitshumains.net\/wp-content\/uploads\/2023\/06\/IMG-20230601-WA0050_1.jpg?resize=1080%2C715&ssl=1",1080,715,true],"covernews-slider-center":["https:\/\/i0.wp.com\/infos-droitshumains.net\/wp-content\/uploads\/2023\/06\/IMG-20230601-WA0050_1.jpg?resize=800%2C500&ssl=1",800,500,true],"covernews-featured":["https:\/\/i0.wp.com\/infos-droitshumains.net\/wp-content\/uploads\/2023\/06\/IMG-20230601-WA0050_1.jpg?fit=1024%2C678&ssl=1",1024,678,true],"covernews-medium":["https:\/\/i0.wp.com\/infos-droitshumains.net\/wp-content\/uploads\/2023\/06\/IMG-20230601-WA0050_1.jpg?resize=540%2C340&ssl=1",540,340,true],"covernews-medium-square":["https:\/\/i0.wp.com\/infos-droitshumains.net\/wp-content\/uploads\/2023\/06\/IMG-20230601-WA0050_1.jpg?resize=400%2C250&ssl=1",400,250,true]},"author_info":{"display_name":"Jo\u00ebl Diawa","author_link":"https:\/\/infos-droitshumains.net\/?author=2"},"category_info":"<a href=\"https:\/\/infos-droitshumains.net\/?cat=3\" rel=\"category\">Politique<\/a>","tag_info":"Politique","comment_count":"0","jetpack_featured_media_url":"https:\/\/i0.wp.com\/infos-droitshumains.net\/wp-content\/uploads\/2023\/06\/IMG-20230601-WA0050_1.jpg?fit=1080%2C715&ssl=1","jetpack-related-posts":[],"jetpack_sharing_enabled":true,"_links":{"self":[{"href":"https:\/\/infos-droitshumains.net\/index.php?rest_route=\/wp\/v2\/posts\/7178","targetHints":{"allow":["GET"]}}],"collection":[{"href":"https:\/\/infos-droitshumains.net\/index.php?rest_route=\/wp\/v2\/posts"}],"about":[{"href":"https:\/\/infos-droitshumains.net\/index.php?rest_route=\/wp\/v2\/types\/post"}],"author":[{"embeddable":true,"href":"https:\/\/infos-droitshumains.net\/index.php?rest_route=\/wp\/v2\/users\/2"}],"replies":[{"embeddable":true,"href":"https:\/\/infos-droitshumains.net\/index.php?rest_route=%2Fwp%2Fv2%2Fcomments&post=7178"}],"version-history":[{"count":23,"href":"https:\/\/infos-droitshumains.net\/index.php?rest_route=\/wp\/v2\/posts\/7178\/revisions"}],"predecessor-version":[{"id":7219,"href":"https:\/\/infos-droitshumains.net\/index.php?rest_route=\/wp\/v2\/posts\/7178\/revisions\/7219"}],"wp:featuredmedia":[{"embeddable":true,"href":"https:\/\/infos-droitshumains.net\/index.php?rest_route=\/wp\/v2\/media\/7183"}],"wp:attachment":[{"href":"https:\/\/infos-droitshumains.net\/index.php?rest_route=%2Fwp%2Fv2%2Fmedia&parent=7178"}],"wp:term":[{"taxonomy":"category","embeddable":true,"href":"https:\/\/infos-droitshumains.net\/index.php?rest_route=%2Fwp%2Fv2%2Fcategories&post=7178"},{"taxonomy":"post_tag","embeddable":true,"href":"https:\/\/infos-droitshumains.net\/index.php?rest_route=%2Fwp%2Fv2%2Ftags&post=7178"}],"curies":[{"name":"wp","href":"https:\/\/api.w.org\/{rel}","templated":true}]}}