{"id":7165,"date":"2023-05-30T16:34:30","date_gmt":"2023-05-30T14:34:30","guid":{"rendered":"https:\/\/infos-droitshumains.net\/?p=7165"},"modified":"2023-06-01T10:48:30","modified_gmt":"2023-06-01T08:48:30","slug":"rdc-larrestation-arbitraire-de-salon-idi-kalonda-consacre-la-fin-de-letat-de-droit-lopposition-deverse-sa-colere-sur-le-regime","status":"publish","type":"post","link":"https:\/\/infos-droitshumains.net\/?p=7165","title":{"rendered":"RDC\u00a0: L\u2019arrestation \u00ab\u00a0arbitraire\u00a0\u00bb de Salon Idi Kalonda consacre la fin de l\u2019Etat de Droit selon Mo\u00efse Katumbi"},"content":{"rendered":"\n<p><strong>R\u00e9daction :+243817406088<\/strong><\/p>\n\n\n\n<h3 class=\"wp-block-heading has-text-color\" style=\"color:#e32b2b\">Proche collaborateur et conseiller sp\u00e9cial de Moise Katumbi, Salomon Idi Kalonda a \u00e9t\u00e9 interpell\u00e9 ce mardi dans le tarmac de l\u2019a\u00e9roport international de N\u2019djili \u00e0 Kinshasa alors qu\u2019il s\u2019appr\u00eatait pour regagner Lubumbashi apr\u00e8s les deux marches organis\u00e9es dans la capitale par l\u2019opposition.<\/h3>\n\n\n\n<p>Selon les informations recueilles sur place, l\u2019op\u00e9ration a \u00e9t\u00e9 r\u00e9alis\u00e9e par les \u00e9l\u00e9ments des forces arm\u00e9es venues en pickup blanche avec certains hommes en tenue civile.<\/p>\n\n\n\n<p>Aussit\u00f4t arr\u00eat\u00e9s, les quatre leaders de l\u2019opposition n\u2019ont pas tard\u00e9 \u00e0 r\u00e9agir, commen\u00e7ant par Moise Katumbi pour qui, cette arrestation qu\u2019il qualifie <em>\u00ab&nbsp;d\u2019arbitraire et d\u2019ill\u00e9gale&nbsp;\u00bb<\/em> consacre la <em>\u00ab&nbsp;fin de l\u2019Etat de Droit&nbsp;\u00bb.<\/em><\/p>\n\n\n\n<p><blockquote class=\"twitter-tweet\" data-width=\"550\" data-dnt=\"true\"><p lang=\"fr\" dir=\"ltr\">L\u2019arrestation arbitraire &amp; ill\u00e9gale de mon conseiller sp\u00e9cial <a href=\"https:\/\/twitter.com\/SalomonKalonda?ref_src=twsrc%5Etfw\">@SalomonKalonda<\/a> \u00e0 l\u2019a\u00e9roport de Ndjili est un enl\u00e8vement crapuleux. Aucune base juridique. Fin de l\u2019Etat de droit. Que lui reproche-t-on ? O\u00f9 a-t-il \u00e9t\u00e9 emmen\u00e9 ? Les autorit\u00e9s doivent s\u2019expliquer et le lib\u00e9rer !<\/p>&mdash; Moise Katumbi (@moise_katumbi) <a href=\"https:\/\/twitter.com\/moise_katumbi\/status\/1663503737321668611?ref_src=twsrc%5Etfw\">May 30, 2023<\/a><\/blockquote><script async src=\"https:\/\/platform.twitter.com\/widgets.js\" charset=\"utf-8\"><\/script><\/p>\n\n\n\n<p>Pour sa part, Augustin Matata Ponyo qualifie l\u2019acte d\u2019un enl\u00e8vement<\/p>\n\n\n\n<p><em>\u00ab\u00a0Je viens d\u2019apprendre que Salomon Idi Kalonda, l\u2019un de collaborateurs les plus proches de Mo\u00efse Katumbi, vient d\u2019\u00eatre enlev\u00e9 en plein a\u00e9roport de Kinshasa par des hommes en tenue civile par un pickup double cabine. Je proteste contre ce type de dictature et r\u00e9clame sa lib\u00e9ration\u00a0\u00bb.<\/em><\/p>\n\n\n\n<p>Pour Delly Sesanga, cet <em>\u00ab&nbsp;enl\u00e8vement&nbsp;\u00bb<\/em> comme ceux d\u2019autres acteurs politiques&nbsp; <em>\u00ab&nbsp;est une pratique condamnable propre aux dictatures&nbsp;\u00bb<\/em> qui a pour objectif de <em>\u00ab&nbsp;les r\u00e9duire au silence&nbsp;\u00bb.<\/em><\/p>\n\n\n\n<p><blockquote class=\"twitter-tweet\" data-width=\"550\" data-dnt=\"true\"><p lang=\"fr\" dir=\"ltr\">L\u2019enl\u00e8vement des acteurs politiques pour les r\u00e9duire au silence est une pratique condamnable propre aux dictatures.Apr\u00e8s l\u2019enl\u00e8vement de mon collaborateur <a href=\"https:\/\/twitter.com\/OMELONGA_LENS1?ref_src=twsrc%5Etfw\">@OMELONGA_LENS1<\/a>, d\u00e9tenu depuis plus de 30 jours \u00e0 l\u2019ANR, je d\u00e9plore  celui de <a href=\"https:\/\/twitter.com\/SalomonKalonda?ref_src=twsrc%5Etfw\">@SalomonKalonda<\/a> aujourd\u2019hui \u00e0 l\u2019a\u00e9ro de Ndjili. <a href=\"https:\/\/t.co\/DyWA1yA1k7\">pic.twitter.com\/DyWA1yA1k7<\/a><\/p>&mdash; Delly SESANGA HIPUNGU (@DSESANGA) <a href=\"https:\/\/twitter.com\/DSESANGA\/status\/1663501906260443141?ref_src=twsrc%5Etfw\">May 30, 2023<\/a><\/blockquote><script async src=\"https:\/\/platform.twitter.com\/widgets.js\" charset=\"utf-8\"><\/script><\/p>\n\n\n\n<p><em>\u00ab&nbsp;L\u2019arrestation brutale et ill\u00e9gale de Salomon Kalonda est une illustration de plus de la d\u00e9rive dictatoriale en cours en RDC. Le r\u00e9tr\u00e9cissement des libert\u00e9s publiques et l\u2019arbitraire ram\u00e8ne notre pays en arri\u00e8re. Nous assistons aux signes avant coureur d\u2019un r\u00e9gime sur la fin&nbsp;\u00bb<\/em>, a pour sa part comment\u00e9 Martin Fayulu.<\/p>\n\n\n\n<p>D\u2019apr\u00e8s les premi\u00e8res informations, la raison de l\u2019arrestation de Salon Kalonda n\u2019est pas encore connue; mais d&rsquo;autres sources non officielles indiquent qu&rsquo;il serait porteur d&rsquo;arme \u00e0 feu.<\/p>\n\n\n\n<p>Jo\u00ebl Diawa<\/p>\n","protected":false},"excerpt":{"rendered":"<p>R\u00e9daction :+243817406088 Proche collaborateur et conseiller sp\u00e9cial de Moise Katumbi, Salomon Idi Kalonda a \u00e9t\u00e9&#8230;<\/p>\n","protected":false},"author":2,"featured_media":7169,"comment_status":"open","ping_status":"open","sticky":false,"template":"","format":"standard","meta":{"_jetpack_memberships_contains_paid_content":false,"footnotes":""},"categories":[3],"tags":[],"class_list":["post-7165","post","type-post","status-publish","format-standard","has-post-thumbnail","hentry","category-politique"],"yoast_head":"<!-- This site is optimized with the Yoast SEO plugin v27.5 - https:\/\/yoast.com\/product\/yoast-seo-wordpress\/ -->\n<title>RDC\u00a0: L\u2019arrestation \u00ab\u00a0arbitraire\u00a0\u00bb de Salon Idi Kalonda consacre la fin de l\u2019Etat de Droit selon Mo\u00efse Katumbi - Infos Droits Humains<\/title>\n<meta name=\"robots\" content=\"index, follow, max-snippet:-1, max-image-preview:large, max-video-preview:-1\" \/>\n<link rel=\"canonical\" href=\"https:\/\/infos-droitshumains.net\/?p=7165\" \/>\n<meta property=\"og:locale\" content=\"fr_FR\" \/>\n<meta property=\"og:type\" content=\"article\" \/>\n<meta property=\"og:title\" content=\"RDC\u00a0: L\u2019arrestation \u00ab\u00a0arbitraire\u00a0\u00bb de Salon Idi Kalonda consacre la fin de l\u2019Etat de Droit selon Mo\u00efse Katumbi - Infos Droits Humains\" \/>\n<meta property=\"og:description\" content=\"R\u00e9daction :+243817406088 Proche collaborateur et conseiller sp\u00e9cial de Moise Katumbi, Salomon Idi Kalonda a \u00e9t\u00e9...\" \/>\n<meta property=\"og:url\" content=\"https:\/\/infos-droitshumains.net\/?p=7165\" \/>\n<meta property=\"og:site_name\" content=\"Infos Droits Humains\" \/>\n<meta property=\"article:published_time\" content=\"2023-05-30T14:34:30+00:00\" \/>\n<meta property=\"article:modified_time\" content=\"2023-06-01T08:48:30+00:00\" \/>\n<meta property=\"og:image\" content=\"https:\/\/infos-droitshumains.net\/wp-content\/uploads\/2023\/05\/images-19_1.jpeg\" \/>\n\t<meta property=\"og:image:width\" content=\"679\" \/>\n\t<meta property=\"og:image:height\" content=\"452\" \/>\n\t<meta property=\"og:image:type\" content=\"image\/jpeg\" \/>\n<meta name=\"author\" content=\"Jo\u00ebl Diawa\" \/>\n<meta name=\"twitter:card\" content=\"summary_large_image\" \/>\n<meta name=\"twitter:label1\" content=\"\u00c9crit par\" \/>\n\t<meta name=\"twitter:data1\" content=\"Jo\u00ebl Diawa\" \/>\n\t<meta name=\"twitter:label2\" content=\"Dur\u00e9e de lecture estim\u00e9e\" \/>\n\t<meta name=\"twitter:data2\" content=\"2 minutes\" \/>\n<script type=\"application\/ld+json\" class=\"yoast-schema-graph\">{\"@context\":\"https:\\\/\\\/schema.org\",\"@graph\":[{\"@type\":\"Article\",\"@id\":\"https:\\\/\\\/infos-droitshumains.net\\\/?p=7165#article\",\"isPartOf\":{\"@id\":\"https:\\\/\\\/infos-droitshumains.net\\\/?p=7165\"},\"author\":{\"name\":\"Jo\u00ebl Diawa\",\"@id\":\"https:\\\/\\\/infos-droitshumains.net\\\/#\\\/schema\\\/person\\\/3dc5e921c3302172e0ed4362f96faab7\"},\"headline\":\"RDC\u00a0: L\u2019arrestation \u00ab\u00a0arbitraire\u00a0\u00bb de Salon Idi Kalonda consacre la fin de l\u2019Etat de Droit selon Mo\u00efse Katumbi\",\"datePublished\":\"2023-05-30T14:34:30+00:00\",\"dateModified\":\"2023-06-01T08:48:30+00:00\",\"mainEntityOfPage\":{\"@id\":\"https:\\\/\\\/infos-droitshumains.net\\\/?p=7165\"},\"wordCount\":374,\"commentCount\":0,\"publisher\":{\"@id\":\"https:\\\/\\\/infos-droitshumains.net\\\/#organization\"},\"image\":{\"@id\":\"https:\\\/\\\/infos-droitshumains.net\\\/?p=7165#primaryimage\"},\"thumbnailUrl\":\"https:\\\/\\\/i0.wp.com\\\/infos-droitshumains.net\\\/wp-content\\\/uploads\\\/2023\\\/05\\\/images-19_1.jpeg?fit=679%2C452&ssl=1\",\"articleSection\":[\"Politique\"],\"inLanguage\":\"fr-FR\",\"potentialAction\":[{\"@type\":\"CommentAction\",\"name\":\"Comment\",\"target\":[\"https:\\\/\\\/infos-droitshumains.net\\\/?p=7165#respond\"]}]},{\"@type\":\"WebPage\",\"@id\":\"https:\\\/\\\/infos-droitshumains.net\\\/?p=7165\",\"url\":\"https:\\\/\\\/infos-droitshumains.net\\\/?p=7165\",\"name\":\"RDC\u00a0: L\u2019arrestation \u00ab\u00a0arbitraire\u00a0\u00bb de Salon Idi Kalonda consacre la fin de l\u2019Etat de Droit selon Mo\u00efse Katumbi - Infos Droits Humains\",\"isPartOf\":{\"@id\":\"https:\\\/\\\/infos-droitshumains.net\\\/#website\"},\"primaryImageOfPage\":{\"@id\":\"https:\\\/\\\/infos-droitshumains.net\\\/?p=7165#primaryimage\"},\"image\":{\"@id\":\"https:\\\/\\\/infos-droitshumains.net\\\/?p=7165#primaryimage\"},\"thumbnailUrl\":\"https:\\\/\\\/i0.wp.com\\\/infos-droitshumains.net\\\/wp-content\\\/uploads\\\/2023\\\/05\\\/images-19_1.jpeg?fit=679%2C452&ssl=1\",\"datePublished\":\"2023-05-30T14:34:30+00:00\",\"dateModified\":\"2023-06-01T08:48:30+00:00\",\"breadcrumb\":{\"@id\":\"https:\\\/\\\/infos-droitshumains.net\\\/?p=7165#breadcrumb\"},\"inLanguage\":\"fr-FR\",\"potentialAction\":[{\"@type\":\"ReadAction\",\"target\":[\"https:\\\/\\\/infos-droitshumains.net\\\/?p=7165\"]}]},{\"@type\":\"ImageObject\",\"inLanguage\":\"fr-FR\",\"@id\":\"https:\\\/\\\/infos-droitshumains.net\\\/?p=7165#primaryimage\",\"url\":\"https:\\\/\\\/i0.wp.com\\\/infos-droitshumains.net\\\/wp-content\\\/uploads\\\/2023\\\/05\\\/images-19_1.jpeg?fit=679%2C452&ssl=1\",\"contentUrl\":\"https:\\\/\\\/i0.wp.com\\\/infos-droitshumains.net\\\/wp-content\\\/uploads\\\/2023\\\/05\\\/images-19_1.jpeg?fit=679%2C452&ssl=1\",\"width\":679,\"height\":452},{\"@type\":\"BreadcrumbList\",\"@id\":\"https:\\\/\\\/infos-droitshumains.net\\\/?p=7165#breadcrumb\",\"itemListElement\":[{\"@type\":\"ListItem\",\"position\":1,\"name\":\"Accueil\",\"item\":\"https:\\\/\\\/infos-droitshumains.net\\\/\"},{\"@type\":\"ListItem\",\"position\":2,\"name\":\"RDC\u00a0: L\u2019arrestation \u00ab\u00a0arbitraire\u00a0\u00bb de Salon Idi Kalonda consacre la fin de l\u2019Etat de Droit selon Mo\u00efse Katumbi\"}]},{\"@type\":\"WebSite\",\"@id\":\"https:\\\/\\\/infos-droitshumains.net\\\/#website\",\"url\":\"https:\\\/\\\/infos-droitshumains.net\\\/\",\"name\":\"Infos Droits Humains\",\"description\":\"S&#039;informer est un droit\",\"publisher\":{\"@id\":\"https:\\\/\\\/infos-droitshumains.net\\\/#organization\"},\"potentialAction\":[{\"@type\":\"SearchAction\",\"target\":{\"@type\":\"EntryPoint\",\"urlTemplate\":\"https:\\\/\\\/infos-droitshumains.net\\\/?s={search_term_string}\"},\"query-input\":{\"@type\":\"PropertyValueSpecification\",\"valueRequired\":true,\"valueName\":\"search_term_string\"}}],\"inLanguage\":\"fr-FR\"},{\"@type\":\"Organization\",\"@id\":\"https:\\\/\\\/infos-droitshumains.net\\\/#organization\",\"name\":\"Infos Droits Humains\",\"url\":\"https:\\\/\\\/infos-droitshumains.net\\\/\",\"logo\":{\"@type\":\"ImageObject\",\"inLanguage\":\"fr-FR\",\"@id\":\"https:\\\/\\\/infos-droitshumains.net\\\/#\\\/schema\\\/logo\\\/image\\\/\",\"url\":\"https:\\\/\\\/i0.wp.com\\\/infos-droitshumains.net\\\/wp-content\\\/uploads\\\/2022\\\/05\\\/Logo.png?fit=333%2C129&ssl=1\",\"contentUrl\":\"https:\\\/\\\/i0.wp.com\\\/infos-droitshumains.net\\\/wp-content\\\/uploads\\\/2022\\\/05\\\/Logo.png?fit=333%2C129&ssl=1\",\"width\":333,\"height\":129,\"caption\":\"Infos Droits Humains\"},\"image\":{\"@id\":\"https:\\\/\\\/infos-droitshumains.net\\\/#\\\/schema\\\/logo\\\/image\\\/\"}},{\"@type\":\"Person\",\"@id\":\"https:\\\/\\\/infos-droitshumains.net\\\/#\\\/schema\\\/person\\\/3dc5e921c3302172e0ed4362f96faab7\",\"name\":\"Jo\u00ebl Diawa\",\"image\":{\"@type\":\"ImageObject\",\"inLanguage\":\"fr-FR\",\"@id\":\"https:\\\/\\\/secure.gravatar.com\\\/avatar\\\/729bea6ff4604c624417803c477363be8e3c7186deaa65713313f9b4b820f41c?s=96&d=mm&r=g\",\"url\":\"https:\\\/\\\/secure.gravatar.com\\\/avatar\\\/729bea6ff4604c624417803c477363be8e3c7186deaa65713313f9b4b820f41c?s=96&d=mm&r=g\",\"contentUrl\":\"https:\\\/\\\/secure.gravatar.com\\\/avatar\\\/729bea6ff4604c624417803c477363be8e3c7186deaa65713313f9b4b820f41c?s=96&d=mm&r=g\",\"caption\":\"Jo\u00ebl Diawa\"},\"sameAs\":[\"https:\\\/\\\/www.infos-droitshumains.net\"],\"url\":\"https:\\\/\\\/infos-droitshumains.net\\\/?author=2\"}]}<\/script>\n<!-- \/ Yoast SEO plugin. -->","yoast_head_json":{"title":"RDC\u00a0: L\u2019arrestation \u00ab\u00a0arbitraire\u00a0\u00bb de Salon Idi Kalonda consacre la fin de l\u2019Etat de Droit selon Mo\u00efse Katumbi - Infos Droits Humains","robots":{"index":"index","follow":"follow","max-snippet":"max-snippet:-1","max-image-preview":"max-image-preview:large","max-video-preview":"max-video-preview:-1"},"canonical":"https:\/\/infos-droitshumains.net\/?p=7165","og_locale":"fr_FR","og_type":"article","og_title":"RDC\u00a0: L\u2019arrestation \u00ab\u00a0arbitraire\u00a0\u00bb de Salon Idi Kalonda consacre la fin de l\u2019Etat de Droit selon Mo\u00efse Katumbi - Infos Droits Humains","og_description":"R\u00e9daction :+243817406088 Proche collaborateur et conseiller sp\u00e9cial de Moise Katumbi, Salomon Idi Kalonda a \u00e9t\u00e9...","og_url":"https:\/\/infos-droitshumains.net\/?p=7165","og_site_name":"Infos Droits Humains","article_published_time":"2023-05-30T14:34:30+00:00","article_modified_time":"2023-06-01T08:48:30+00:00","og_image":[{"width":679,"height":452,"url":"https:\/\/infos-droitshumains.net\/wp-content\/uploads\/2023\/05\/images-19_1.jpeg","type":"image\/jpeg"}],"author":"Jo\u00ebl Diawa","twitter_card":"summary_large_image","twitter_misc":{"\u00c9crit par":"Jo\u00ebl Diawa","Dur\u00e9e de lecture estim\u00e9e":"2 minutes"},"schema":{"@context":"https:\/\/schema.org","@graph":[{"@type":"Article","@id":"https:\/\/infos-droitshumains.net\/?p=7165#article","isPartOf":{"@id":"https:\/\/infos-droitshumains.net\/?p=7165"},"author":{"name":"Jo\u00ebl Diawa","@id":"https:\/\/infos-droitshumains.net\/#\/schema\/person\/3dc5e921c3302172e0ed4362f96faab7"},"headline":"RDC\u00a0: L\u2019arrestation \u00ab\u00a0arbitraire\u00a0\u00bb de Salon Idi Kalonda consacre la fin de l\u2019Etat de Droit selon Mo\u00efse Katumbi","datePublished":"2023-05-30T14:34:30+00:00","dateModified":"2023-06-01T08:48:30+00:00","mainEntityOfPage":{"@id":"https:\/\/infos-droitshumains.net\/?p=7165"},"wordCount":374,"commentCount":0,"publisher":{"@id":"https:\/\/infos-droitshumains.net\/#organization"},"image":{"@id":"https:\/\/infos-droitshumains.net\/?p=7165#primaryimage"},"thumbnailUrl":"https:\/\/i0.wp.com\/infos-droitshumains.net\/wp-content\/uploads\/2023\/05\/images-19_1.jpeg?fit=679%2C452&ssl=1","articleSection":["Politique"],"inLanguage":"fr-FR","potentialAction":[{"@type":"CommentAction","name":"Comment","target":["https:\/\/infos-droitshumains.net\/?p=7165#respond"]}]},{"@type":"WebPage","@id":"https:\/\/infos-droitshumains.net\/?p=7165","url":"https:\/\/infos-droitshumains.net\/?p=7165","name":"RDC\u00a0: L\u2019arrestation \u00ab\u00a0arbitraire\u00a0\u00bb de Salon Idi Kalonda consacre la fin de l\u2019Etat de Droit selon Mo\u00efse Katumbi - Infos Droits Humains","isPartOf":{"@id":"https:\/\/infos-droitshumains.net\/#website"},"primaryImageOfPage":{"@id":"https:\/\/infos-droitshumains.net\/?p=7165#primaryimage"},"image":{"@id":"https:\/\/infos-droitshumains.net\/?p=7165#primaryimage"},"thumbnailUrl":"https:\/\/i0.wp.com\/infos-droitshumains.net\/wp-content\/uploads\/2023\/05\/images-19_1.jpeg?fit=679%2C452&ssl=1","datePublished":"2023-05-30T14:34:30+00:00","dateModified":"2023-06-01T08:48:30+00:00","breadcrumb":{"@id":"https:\/\/infos-droitshumains.net\/?p=7165#breadcrumb"},"inLanguage":"fr-FR","potentialAction":[{"@type":"ReadAction","target":["https:\/\/infos-droitshumains.net\/?p=7165"]}]},{"@type":"ImageObject","inLanguage":"fr-FR","@id":"https:\/\/infos-droitshumains.net\/?p=7165#primaryimage","url":"https:\/\/i0.wp.com\/infos-droitshumains.net\/wp-content\/uploads\/2023\/05\/images-19_1.jpeg?fit=679%2C452&ssl=1","contentUrl":"https:\/\/i0.wp.com\/infos-droitshumains.net\/wp-content\/uploads\/2023\/05\/images-19_1.jpeg?fit=679%2C452&ssl=1","width":679,"height":452},{"@type":"BreadcrumbList","@id":"https:\/\/infos-droitshumains.net\/?p=7165#breadcrumb","itemListElement":[{"@type":"ListItem","position":1,"name":"Accueil","item":"https:\/\/infos-droitshumains.net\/"},{"@type":"ListItem","position":2,"name":"RDC\u00a0: L\u2019arrestation \u00ab\u00a0arbitraire\u00a0\u00bb de Salon Idi Kalonda consacre la fin de l\u2019Etat de Droit selon Mo\u00efse Katumbi"}]},{"@type":"WebSite","@id":"https:\/\/infos-droitshumains.net\/#website","url":"https:\/\/infos-droitshumains.net\/","name":"Infos Droits Humains","description":"S&#039;informer est un droit","publisher":{"@id":"https:\/\/infos-droitshumains.net\/#organization"},"potentialAction":[{"@type":"SearchAction","target":{"@type":"EntryPoint","urlTemplate":"https:\/\/infos-droitshumains.net\/?s={search_term_string}"},"query-input":{"@type":"PropertyValueSpecification","valueRequired":true,"valueName":"search_term_string"}}],"inLanguage":"fr-FR"},{"@type":"Organization","@id":"https:\/\/infos-droitshumains.net\/#organization","name":"Infos Droits Humains","url":"https:\/\/infos-droitshumains.net\/","logo":{"@type":"ImageObject","inLanguage":"fr-FR","@id":"https:\/\/infos-droitshumains.net\/#\/schema\/logo\/image\/","url":"https:\/\/i0.wp.com\/infos-droitshumains.net\/wp-content\/uploads\/2022\/05\/Logo.png?fit=333%2C129&ssl=1","contentUrl":"https:\/\/i0.wp.com\/infos-droitshumains.net\/wp-content\/uploads\/2022\/05\/Logo.png?fit=333%2C129&ssl=1","width":333,"height":129,"caption":"Infos Droits Humains"},"image":{"@id":"https:\/\/infos-droitshumains.net\/#\/schema\/logo\/image\/"}},{"@type":"Person","@id":"https:\/\/infos-droitshumains.net\/#\/schema\/person\/3dc5e921c3302172e0ed4362f96faab7","name":"Jo\u00ebl Diawa","image":{"@type":"ImageObject","inLanguage":"fr-FR","@id":"https:\/\/secure.gravatar.com\/avatar\/729bea6ff4604c624417803c477363be8e3c7186deaa65713313f9b4b820f41c?s=96&d=mm&r=g","url":"https:\/\/secure.gravatar.com\/avatar\/729bea6ff4604c624417803c477363be8e3c7186deaa65713313f9b4b820f41c?s=96&d=mm&r=g","contentUrl":"https:\/\/secure.gravatar.com\/avatar\/729bea6ff4604c624417803c477363be8e3c7186deaa65713313f9b4b820f41c?s=96&d=mm&r=g","caption":"Jo\u00ebl Diawa"},"sameAs":["https:\/\/www.infos-droitshumains.net"],"url":"https:\/\/infos-droitshumains.net\/?author=2"}]}},"featured_image_urls":{"full":["https:\/\/i0.wp.com\/infos-droitshumains.net\/wp-content\/uploads\/2023\/05\/images-19_1.jpeg?fit=679%2C452&ssl=1",679,452,false],"thumbnail":["https:\/\/i0.wp.com\/infos-droitshumains.net\/wp-content\/uploads\/2023\/05\/images-19_1.jpeg?resize=150%2C150&ssl=1",150,150,true],"medium":["https:\/\/i0.wp.com\/infos-droitshumains.net\/wp-content\/uploads\/2023\/05\/images-19_1.jpeg?fit=300%2C200&ssl=1",300,200,true],"medium_large":["https:\/\/i0.wp.com\/infos-droitshumains.net\/wp-content\/uploads\/2023\/05\/images-19_1.jpeg?fit=640%2C426&ssl=1",640,426,true],"large":["https:\/\/i0.wp.com\/infos-droitshumains.net\/wp-content\/uploads\/2023\/05\/images-19_1.jpeg?fit=640%2C426&ssl=1",640,426,true],"1536x1536":["https:\/\/i0.wp.com\/infos-droitshumains.net\/wp-content\/uploads\/2023\/05\/images-19_1.jpeg?fit=679%2C452&ssl=1",679,452,true],"2048x2048":["https:\/\/i0.wp.com\/infos-droitshumains.net\/wp-content\/uploads\/2023\/05\/images-19_1.jpeg?fit=679%2C452&ssl=1",679,452,true],"covernews-slider-full":["https:\/\/i0.wp.com\/infos-droitshumains.net\/wp-content\/uploads\/2023\/05\/images-19_1.jpeg?resize=679%2C452&ssl=1",679,452,true],"covernews-slider-center":["https:\/\/i0.wp.com\/infos-droitshumains.net\/wp-content\/uploads\/2023\/05\/images-19_1.jpeg?resize=679%2C452&ssl=1",679,452,true],"covernews-featured":["https:\/\/i0.wp.com\/infos-droitshumains.net\/wp-content\/uploads\/2023\/05\/images-19_1.jpeg?fit=679%2C452&ssl=1",679,452,true],"covernews-medium":["https:\/\/i0.wp.com\/infos-droitshumains.net\/wp-content\/uploads\/2023\/05\/images-19_1.jpeg?resize=540%2C340&ssl=1",540,340,true],"covernews-medium-square":["https:\/\/i0.wp.com\/infos-droitshumains.net\/wp-content\/uploads\/2023\/05\/images-19_1.jpeg?resize=400%2C250&ssl=1",400,250,true]},"author_info":{"display_name":"Jo\u00ebl Diawa","author_link":"https:\/\/infos-droitshumains.net\/?author=2"},"category_info":"<a href=\"https:\/\/infos-droitshumains.net\/?cat=3\" rel=\"category\">Politique<\/a>","tag_info":"Politique","comment_count":"0","jetpack_featured_media_url":"https:\/\/i0.wp.com\/infos-droitshumains.net\/wp-content\/uploads\/2023\/05\/images-19_1.jpeg?fit=679%2C452&ssl=1","jetpack-related-posts":[],"jetpack_sharing_enabled":true,"_links":{"self":[{"href":"https:\/\/infos-droitshumains.net\/index.php?rest_route=\/wp\/v2\/posts\/7165","targetHints":{"allow":["GET"]}}],"collection":[{"href":"https:\/\/infos-droitshumains.net\/index.php?rest_route=\/wp\/v2\/posts"}],"about":[{"href":"https:\/\/infos-droitshumains.net\/index.php?rest_route=\/wp\/v2\/types\/post"}],"author":[{"embeddable":true,"href":"https:\/\/infos-droitshumains.net\/index.php?rest_route=\/wp\/v2\/users\/2"}],"replies":[{"embeddable":true,"href":"https:\/\/infos-droitshumains.net\/index.php?rest_route=%2Fwp%2Fv2%2Fcomments&post=7165"}],"version-history":[{"count":9,"href":"https:\/\/infos-droitshumains.net\/index.php?rest_route=\/wp\/v2\/posts\/7165\/revisions"}],"predecessor-version":[{"id":7177,"href":"https:\/\/infos-droitshumains.net\/index.php?rest_route=\/wp\/v2\/posts\/7165\/revisions\/7177"}],"wp:featuredmedia":[{"embeddable":true,"href":"https:\/\/infos-droitshumains.net\/index.php?rest_route=\/wp\/v2\/media\/7169"}],"wp:attachment":[{"href":"https:\/\/infos-droitshumains.net\/index.php?rest_route=%2Fwp%2Fv2%2Fmedia&parent=7165"}],"wp:term":[{"taxonomy":"category","embeddable":true,"href":"https:\/\/infos-droitshumains.net\/index.php?rest_route=%2Fwp%2Fv2%2Fcategories&post=7165"},{"taxonomy":"post_tag","embeddable":true,"href":"https:\/\/infos-droitshumains.net\/index.php?rest_route=%2Fwp%2Fv2%2Ftags&post=7165"}],"curies":[{"name":"wp","href":"https:\/\/api.w.org\/{rel}","templated":true}]}}