{"id":7122,"date":"2023-05-23T10:23:51","date_gmt":"2023-05-23T08:23:51","guid":{"rendered":"https:\/\/infos-droitshumains.net\/?p=7122"},"modified":"2023-05-23T10:31:17","modified_gmt":"2023-05-23T08:31:17","slug":"rdc-les-cinq-raisons-de-lechec-de-la-marche-de-lopposition-qui-balisent-le-chemin-pour-la-reelection-de-felix-tshisekedi-tribune-de-maitre-leader-kingonzi-joachiem","status":"publish","type":"post","link":"https:\/\/infos-droitshumains.net\/?p=7122","title":{"rendered":"RDC : Les cinq raisons de l&rsquo;\u00e9chec de la marche de l\u2019opposition qui balisent le chemin pour la r\u00e9\u00e9lection de F\u00e9lix Tshisekedi (Tribune de Ma\u00eetre Leader Kingonzi Joachiem)"},"content":{"rendered":"\n<p><strong>R\u00e9daction :+243817406088<\/strong><\/p>\n\n\n\n<h3 class=\"wp-block-heading has-text-color\" style=\"color:#df2828\">Le samedi 20 mai dernier, l\u2019opposition a organis\u00e9 sa marche avec comme leader, Matata Mponyo, Martin Fayulu, Mo\u00efse Katambi et Delly Sessanga, cette marche a \u00e9t\u00e9 organis\u00e9e en violation des dispositions constitutionnelles, plus pr\u00e9cis\u00e9ment, des articles 6, 25 et 26, cette violation constitutionnelle et la raison fondamentale de l\u2019\u00e9chec de cette marche.<\/h3>\n\n\n\n<p>Dans cette tribune, Ma\u00eetre Leader KINGONZI JOACHIEM Pr\u00e9sident du mouvement <strong>\u00ab Milelo Ya Mboka \u00bb <\/strong>et cadre du parti \u00ab Convention pour la R\u00e9publique et la D\u00e9mocratie \u00bb, ( CRD) de Christophe Mboso livre son analyse quant \u00e0 ce.<\/p>\n\n\n\n<p><strong><em>1\u00b0 violation flott\u00e9e et intelligente des dispositions du deuxi\u00e8me alin\u00e9a de l\u2019article 6 de la constitution.<\/em><\/strong><\/p>\n\n\n\n<p>Les organisateurs de la marche ont pr\u00e9par\u00e9 leur \u00e9chec par manque d\u2019observance li\u00e9e au respect des certains attributs du pluralisme politique en RDC, \u00e0 l\u2019exemple de la conscience nationale et \u00e9ducation citoyenne \u00e0 imposer aux congolais cens\u00e9s r\u00e9pondre \u00e0 ce grand rendez-vous manqu\u00e9 ; du respect de la loi, des bonnes m\u0153urs et de l\u2019ordre public suivant les orientations des autorit\u00e9s l\u00e9gales.<\/p>\n\n\n\n<p>Cette violation a conduit aux retomb\u00e9es n\u00e9gatives comme r\u00e9sultat d\u2019une activit\u00e9 politique, alors que tout parti politique doit veiller \u00e0 l\u2019encadrement, l\u2019\u00e9ducation et la formation des masses.<\/p>\n\n\n\n<p><em><strong>2\u00b0 La violation des dispositions des articles 25 et 26 de la constitution.<\/strong><\/em><\/p>\n\n\n\n<p>Il est \u00e9vident que l\u2019article 8 de notre constitution reconna\u00eet l\u2019existence ou le statut de l\u2019opposition en RDC, mais cette m\u00eame disposition \u00e9rige certaines limites en ce qui concerne l\u2019organisation de ses activit\u00e9s qui doivent se conformer au respect de la loi, et de l\u2019ordre public.<\/p>\n\n\n\n<p>Cependant, j\u2019invite tous les compatriotes \u00e0 la lecture minutieuse des dispositions combin\u00e9es des articles 25 et 26 de la constitution de la RDC pour pouvoir comprendre qu\u2019en dehors des disponibilit\u00e9s de l\u2019article 6 de la m\u00eame constitution qui \u00e9num\u00e8rent certains attributs ou des r\u00f4les d\u00e9volus par la loi aux parti politiques, il convient \u00e9galement de les associ\u00e9s aux orientations et d\u00e9cisions des autorit\u00e9s, gestionnaires des institutions \u00e9tablies d\u00e8s par les lois de la R\u00e9publique D\u00e9mocratique du Congo.<\/p>\n\n\n\n<p>Du reste, les marches pacifiques tout comme les r\u00e9unions publiques et pacifiques sont autoris\u00e9es par les autorit\u00e9s, sous r\u00e9serve du respect de la loi et de l\u2019ordre public.<\/p>\n\n\n\n<p>Cette r\u00e9alit\u00e9 nous pousse \u00e0 nous poser certaines questions \u00e0 savoir :<\/p>\n\n\n\n<p>Est-ce que les organisateurs de la marche ont-ils respect\u00e9 la loi, l\u2019ordre public ou sinon les orientations donn\u00e9es par les autorit\u00e9s , notamment sur les itin\u00e9raires \u00e0 suivre ?<br>Non, \u00e0 son avis, dit-il<\/p>\n\n\n\n<p>Dans ce cas, que devraient faire les autorit\u00e9s en cas de non respect de ses orientations ?<\/p>\n\n\n\n<p><strong><em>3\u00b0 Le choix de la Commune de Ngaba, comme point du lancement de la marche<\/em><\/strong><\/p>\n\n\n\n<p>Nous estimons pour ce point que l\u2019opposition a fait le choix de la commune de Ngaba pour les raisons suivantes :<\/p>\n\n\n\n<ol class=\"wp-block-list\">\n<li>Incapacit\u00e9 actuelle dans le chef de l\u2019opposition de pouvoir mobiliser les congolais en g\u00e9n\u00e9ral, et les Kinois en particulier, car par le pass\u00e9, l\u2019opposition politique en RDC \u00e9tait capable d\u2019organiser des marches pacifiques dans les diff\u00e9rents chefs lieux des provinces du pays.<\/li>\n\n\n\n<li>La commune de Ngaba est une petite municipalit\u00e9, un bon choix pour l\u2019opposition \u00e0 cacher ses imperfections internes ou organisationnelles et le manque d\u2019attachement de la population \u00e0 sa d\u00e9marche. Du coups, les strat\u00e8ges de ces quatre personnalit\u00e9s peuvent se dire : si l\u2019on peut d\u00e9j\u00e0 r\u00e9unir au-moins 1000 personnes, cela ferait ou pourrait faire une forte impression aupr\u00e8s de la communaut\u00e9 locale qu\u2019internationale, et dans les m\u00e9dias\u2026<\/li>\n\n\n\n<li>La municipalit\u00e9 de Ngaba est \u00e0 majorit\u00e9 habit\u00e9e par nos fr\u00e8res et s\u0153urs congolais ressortissants du grand Bandundu, notamment : les bambala, ba songo, ba yansi, ba ngongo, ba wungani, ba suku, ba yaka\u2026. Martin Fayulu faisant parti des l\u2019une de ses tribus a voulu s\u2019appuyer sur les siens et tenter de r\u00e9ussir le Buzz.<\/li>\n<\/ol>\n\n\n\n<p>C\u2019est dans ce sens qu\u2019ayant connaissance que cette municipalit\u00e9 de Ngaba n\u2019a que deux entr\u00e9es principales en-dehors d\u2019autres all\u00e9es, \u00e0 savoir : le Croisement des avenues de l\u2019universit\u00e9 \u2013 KIANZA et celle conduisant vers le quartier Super \u2013 Lemba \u00e9taient d\u2019un atout majeur pour ne pas se verser dans les grandes art\u00e8res recommand\u00e9es par les autorit\u00e9s, dans l\u2019objectif de couvrir l\u2019incapacit\u00e9 de mobiliser les congolais en grand nombre.<\/p>\n\n\n\n<p>Ceci en va de soi, vu son positionnement tr\u00e8s strat\u00e9gique pour engager un bras de fer politique avec les forces de l\u2019ordre, alors que si l\u2019opposition politique en RDC existait r\u00e9ellement, elle aurait pu mobiliser notre peuple instantan\u00e9ment dans toute la ville comme \u00e0 l\u2019\u00e9poque de la Kabilie.<\/p>\n\n\n\n<p><strong><em>4\u00b0 Absence et d\u00e9faut d\u2019ancrages politiques dans le chef de ces organisateurs de la marche.<\/em><\/strong><\/p>\n\n\n\n<p>Sachant bien que de ces quatre leaders, personne n\u2019a actuellement d\u2019encrage r\u00e9el et certifi\u00e9 \u00e0 Kinshasa \u00e0 l\u2019exception de l\u2019honorable Martin Fayulu qui est un \u00e9lu r\u00e9gulier en perte d\u2019\u00e9quilibre politique, pour ne citer que celui-ci, or, Matata Ponyo un bon technocrate, pr\u00e9tendument populaire dans le Maniema sans exp\u00e9rience politique de terrain et des masses n\u2019a jamais \u00e9t\u00e9 \u00e9lu de toute sa vie ; et par contre l\u2019honorable Delly Senga bien que strat\u00e8ge, talentueux politique est un \u00e9lu du Grand Kasa\u00ef, ne ma\u00eetrise malheureusement pas les r\u00e9alit\u00e9s kinoises. Ils vont s\u2019associer \u00e0 Mo\u00efse Katumbi, un bon manager, fin n\u00e9gociateur, et populaire au Katanga, se retrouvant \u00e0 Kinshasa comme un \u00e9tranger politique de terrain, est oblig\u00e9 de d\u00e9couvrir un nouveau monde politique Kinois et face \u00e0 un nouveau d\u00e9fi politique \u00e0 relever.<\/p>\n\n\n\n<p>C\u2019est ainsi, Seul Martin Fayulu peut avoir de l\u2019encrage r\u00e9el \u00e0 Kinshasa, mais malheureusement, il est en perte d\u2019\u00e9quilibre, car il perd progressivement sa popularit\u00e9 de Ngaliema, et saute sur la municipalit\u00e9 de Ngaba \u00e0 majorit\u00e9 habit\u00e9e par les ressortissants du grand Bandundu comme lui.<\/p>\n\n\n\n<p><strong><em>5\u00b0 L\u2019enr\u00f4lement, et l\u2019utilisation des enfants mineurs.<\/em><\/strong><\/p>\n\n\n\n<p>Sur ce point, notre analyste ne s\u2019est arr\u00eat\u00e9 \u00e0 se poser la question, si pourquoi les organisateurs avec toutes leurs connaissances scientifiques, professionnelles et politiques se sont permis de laisser les leurs recruter, enr\u00f4ler et utiliser les enfants innocents, mineurs de surcro\u00eet, alors qu\u2019ils connaissent tr\u00e8s bien la loi. ?<\/p>\n\n\n\n<p>Certes, il y a eu des d\u00e9rapages \u00e0 d\u00e9courager de la part de nos forces de l\u2019ordre, mais \u00e0 nous leaders d\u2019opinions, conducteurs des masses et encadreurs de la jeunesse \u00e0 y veiller pour l\u2019honneur de notre jeune d\u00e9mocratie, m\u00eame si certains pourraient le consid\u00e9rer comme une admonestation paternelle, d\u00e9non\u00e7ons toute forme d\u2019appel \u00e0 la haine tribale, tout en exigeant des enqu\u00eates s\u00e9rieuses pouvant \u00e9tablir les responsabilit\u00e9s \u00e0 la suite de toutes ces bavures.<\/p>\n\n\n\n<p>En d\u00e9finitive, nous avons tout simplement constat\u00e9 l\u2019\u00e9chec de cette marche qui fraye \u00e0 nouveau un chemin vers la r\u00e9\u00e9lection du Pr\u00e9sident de la R\u00e9publique, et Chef de l\u2019\u00c9tat F\u00e9lix Antoine Tshisekedi pour sa propre succession aux prochaines \u00e9lections.<\/p>\n\n\n\n<p>Ma\u00eetre Leader Kingonzi Joachiem<\/p>\n","protected":false},"excerpt":{"rendered":"<p>R\u00e9daction :+243817406088 Le samedi 20 mai dernier, l\u2019opposition a organis\u00e9 sa marche avec comme leader,&#8230;<\/p>\n","protected":false},"author":2,"featured_media":7131,"comment_status":"open","ping_status":"open","sticky":false,"template":"","format":"standard","meta":{"_jetpack_memberships_contains_paid_content":false,"footnotes":""},"categories":[3],"tags":[],"class_list":["post-7122","post","type-post","status-publish","format-standard","has-post-thumbnail","hentry","category-politique"],"yoast_head":"<!-- This site is optimized with the Yoast SEO plugin v27.5 - https:\/\/yoast.com\/product\/yoast-seo-wordpress\/ -->\n<title>RDC : Les cinq raisons de l&#039;\u00e9chec de la marche de l\u2019opposition qui balisent le chemin pour la r\u00e9\u00e9lection de F\u00e9lix Tshisekedi (Tribune de Ma\u00eetre Leader Kingonzi Joachiem) - Infos Droits Humains<\/title>\n<meta name=\"robots\" content=\"index, follow, max-snippet:-1, max-image-preview:large, max-video-preview:-1\" \/>\n<link rel=\"canonical\" href=\"https:\/\/infos-droitshumains.net\/?p=7122\" \/>\n<meta property=\"og:locale\" content=\"fr_FR\" \/>\n<meta property=\"og:type\" content=\"article\" \/>\n<meta property=\"og:title\" content=\"RDC : Les cinq raisons de l&#039;\u00e9chec de la marche de l\u2019opposition qui balisent le chemin pour la r\u00e9\u00e9lection de F\u00e9lix Tshisekedi (Tribune de Ma\u00eetre Leader Kingonzi Joachiem) - Infos Droits Humains\" \/>\n<meta property=\"og:description\" content=\"R\u00e9daction :+243817406088 Le samedi 20 mai dernier, l\u2019opposition a organis\u00e9 sa marche avec comme leader,...\" \/>\n<meta property=\"og:url\" content=\"https:\/\/infos-droitshumains.net\/?p=7122\" \/>\n<meta property=\"og:site_name\" content=\"Infos Droits Humains\" \/>\n<meta property=\"article:published_time\" content=\"2023-05-23T08:23:51+00:00\" \/>\n<meta property=\"article:modified_time\" content=\"2023-05-23T08:31:17+00:00\" \/>\n<meta property=\"og:image\" content=\"https:\/\/infos-droitshumains.net\/wp-content\/uploads\/2023\/05\/IMG-20230522-WA0025_1.jpg\" \/>\n\t<meta property=\"og:image:width\" content=\"719\" \/>\n\t<meta property=\"og:image:height\" content=\"666\" \/>\n\t<meta property=\"og:image:type\" content=\"image\/jpeg\" \/>\n<meta name=\"author\" content=\"Jo\u00ebl Diawa\" \/>\n<meta name=\"twitter:card\" content=\"summary_large_image\" \/>\n<meta name=\"twitter:label1\" content=\"\u00c9crit par\" \/>\n\t<meta name=\"twitter:data1\" content=\"Jo\u00ebl Diawa\" \/>\n\t<meta name=\"twitter:label2\" content=\"Dur\u00e9e de lecture estim\u00e9e\" \/>\n\t<meta name=\"twitter:data2\" content=\"6 minutes\" \/>\n<script type=\"application\/ld+json\" class=\"yoast-schema-graph\">{\"@context\":\"https:\\\/\\\/schema.org\",\"@graph\":[{\"@type\":\"Article\",\"@id\":\"https:\\\/\\\/infos-droitshumains.net\\\/?p=7122#article\",\"isPartOf\":{\"@id\":\"https:\\\/\\\/infos-droitshumains.net\\\/?p=7122\"},\"author\":{\"name\":\"Jo\u00ebl Diawa\",\"@id\":\"https:\\\/\\\/infos-droitshumains.net\\\/#\\\/schema\\\/person\\\/3dc5e921c3302172e0ed4362f96faab7\"},\"headline\":\"RDC : Les cinq raisons de l&rsquo;\u00e9chec de la marche de l\u2019opposition qui balisent le chemin pour la r\u00e9\u00e9lection de F\u00e9lix Tshisekedi (Tribune de Ma\u00eetre Leader Kingonzi Joachiem)\",\"datePublished\":\"2023-05-23T08:23:51+00:00\",\"dateModified\":\"2023-05-23T08:31:17+00:00\",\"mainEntityOfPage\":{\"@id\":\"https:\\\/\\\/infos-droitshumains.net\\\/?p=7122\"},\"wordCount\":1240,\"commentCount\":0,\"publisher\":{\"@id\":\"https:\\\/\\\/infos-droitshumains.net\\\/#organization\"},\"image\":{\"@id\":\"https:\\\/\\\/infos-droitshumains.net\\\/?p=7122#primaryimage\"},\"thumbnailUrl\":\"https:\\\/\\\/i0.wp.com\\\/infos-droitshumains.net\\\/wp-content\\\/uploads\\\/2023\\\/05\\\/IMG-20230522-WA0025_1.jpg?fit=719%2C666&ssl=1\",\"articleSection\":[\"Politique\"],\"inLanguage\":\"fr-FR\",\"potentialAction\":[{\"@type\":\"CommentAction\",\"name\":\"Comment\",\"target\":[\"https:\\\/\\\/infos-droitshumains.net\\\/?p=7122#respond\"]}]},{\"@type\":\"WebPage\",\"@id\":\"https:\\\/\\\/infos-droitshumains.net\\\/?p=7122\",\"url\":\"https:\\\/\\\/infos-droitshumains.net\\\/?p=7122\",\"name\":\"RDC : Les cinq raisons de l'\u00e9chec de la marche de l\u2019opposition qui balisent le chemin pour la r\u00e9\u00e9lection de F\u00e9lix Tshisekedi (Tribune de Ma\u00eetre Leader Kingonzi Joachiem) - Infos Droits Humains\",\"isPartOf\":{\"@id\":\"https:\\\/\\\/infos-droitshumains.net\\\/#website\"},\"primaryImageOfPage\":{\"@id\":\"https:\\\/\\\/infos-droitshumains.net\\\/?p=7122#primaryimage\"},\"image\":{\"@id\":\"https:\\\/\\\/infos-droitshumains.net\\\/?p=7122#primaryimage\"},\"thumbnailUrl\":\"https:\\\/\\\/i0.wp.com\\\/infos-droitshumains.net\\\/wp-content\\\/uploads\\\/2023\\\/05\\\/IMG-20230522-WA0025_1.jpg?fit=719%2C666&ssl=1\",\"datePublished\":\"2023-05-23T08:23:51+00:00\",\"dateModified\":\"2023-05-23T08:31:17+00:00\",\"breadcrumb\":{\"@id\":\"https:\\\/\\\/infos-droitshumains.net\\\/?p=7122#breadcrumb\"},\"inLanguage\":\"fr-FR\",\"potentialAction\":[{\"@type\":\"ReadAction\",\"target\":[\"https:\\\/\\\/infos-droitshumains.net\\\/?p=7122\"]}]},{\"@type\":\"ImageObject\",\"inLanguage\":\"fr-FR\",\"@id\":\"https:\\\/\\\/infos-droitshumains.net\\\/?p=7122#primaryimage\",\"url\":\"https:\\\/\\\/i0.wp.com\\\/infos-droitshumains.net\\\/wp-content\\\/uploads\\\/2023\\\/05\\\/IMG-20230522-WA0025_1.jpg?fit=719%2C666&ssl=1\",\"contentUrl\":\"https:\\\/\\\/i0.wp.com\\\/infos-droitshumains.net\\\/wp-content\\\/uploads\\\/2023\\\/05\\\/IMG-20230522-WA0025_1.jpg?fit=719%2C666&ssl=1\",\"width\":719,\"height\":666},{\"@type\":\"BreadcrumbList\",\"@id\":\"https:\\\/\\\/infos-droitshumains.net\\\/?p=7122#breadcrumb\",\"itemListElement\":[{\"@type\":\"ListItem\",\"position\":1,\"name\":\"Accueil\",\"item\":\"https:\\\/\\\/infos-droitshumains.net\\\/\"},{\"@type\":\"ListItem\",\"position\":2,\"name\":\"RDC : Les cinq raisons de l&rsquo;\u00e9chec de la marche de l\u2019opposition qui balisent le chemin pour la r\u00e9\u00e9lection de F\u00e9lix Tshisekedi (Tribune de Ma\u00eetre Leader Kingonzi Joachiem)\"}]},{\"@type\":\"WebSite\",\"@id\":\"https:\\\/\\\/infos-droitshumains.net\\\/#website\",\"url\":\"https:\\\/\\\/infos-droitshumains.net\\\/\",\"name\":\"Infos Droits Humains\",\"description\":\"S&#039;informer est un droit\",\"publisher\":{\"@id\":\"https:\\\/\\\/infos-droitshumains.net\\\/#organization\"},\"potentialAction\":[{\"@type\":\"SearchAction\",\"target\":{\"@type\":\"EntryPoint\",\"urlTemplate\":\"https:\\\/\\\/infos-droitshumains.net\\\/?s={search_term_string}\"},\"query-input\":{\"@type\":\"PropertyValueSpecification\",\"valueRequired\":true,\"valueName\":\"search_term_string\"}}],\"inLanguage\":\"fr-FR\"},{\"@type\":\"Organization\",\"@id\":\"https:\\\/\\\/infos-droitshumains.net\\\/#organization\",\"name\":\"Infos Droits Humains\",\"url\":\"https:\\\/\\\/infos-droitshumains.net\\\/\",\"logo\":{\"@type\":\"ImageObject\",\"inLanguage\":\"fr-FR\",\"@id\":\"https:\\\/\\\/infos-droitshumains.net\\\/#\\\/schema\\\/logo\\\/image\\\/\",\"url\":\"https:\\\/\\\/i0.wp.com\\\/infos-droitshumains.net\\\/wp-content\\\/uploads\\\/2022\\\/05\\\/Logo.png?fit=333%2C129&ssl=1\",\"contentUrl\":\"https:\\\/\\\/i0.wp.com\\\/infos-droitshumains.net\\\/wp-content\\\/uploads\\\/2022\\\/05\\\/Logo.png?fit=333%2C129&ssl=1\",\"width\":333,\"height\":129,\"caption\":\"Infos Droits Humains\"},\"image\":{\"@id\":\"https:\\\/\\\/infos-droitshumains.net\\\/#\\\/schema\\\/logo\\\/image\\\/\"}},{\"@type\":\"Person\",\"@id\":\"https:\\\/\\\/infos-droitshumains.net\\\/#\\\/schema\\\/person\\\/3dc5e921c3302172e0ed4362f96faab7\",\"name\":\"Jo\u00ebl Diawa\",\"image\":{\"@type\":\"ImageObject\",\"inLanguage\":\"fr-FR\",\"@id\":\"https:\\\/\\\/secure.gravatar.com\\\/avatar\\\/729bea6ff4604c624417803c477363be8e3c7186deaa65713313f9b4b820f41c?s=96&d=mm&r=g\",\"url\":\"https:\\\/\\\/secure.gravatar.com\\\/avatar\\\/729bea6ff4604c624417803c477363be8e3c7186deaa65713313f9b4b820f41c?s=96&d=mm&r=g\",\"contentUrl\":\"https:\\\/\\\/secure.gravatar.com\\\/avatar\\\/729bea6ff4604c624417803c477363be8e3c7186deaa65713313f9b4b820f41c?s=96&d=mm&r=g\",\"caption\":\"Jo\u00ebl Diawa\"},\"sameAs\":[\"https:\\\/\\\/www.infos-droitshumains.net\"],\"url\":\"https:\\\/\\\/infos-droitshumains.net\\\/?author=2\"}]}<\/script>\n<!-- \/ Yoast SEO plugin. -->","yoast_head_json":{"title":"RDC : Les cinq raisons de l'\u00e9chec de la marche de l\u2019opposition qui balisent le chemin pour la r\u00e9\u00e9lection de F\u00e9lix Tshisekedi (Tribune de Ma\u00eetre Leader Kingonzi Joachiem) - Infos Droits Humains","robots":{"index":"index","follow":"follow","max-snippet":"max-snippet:-1","max-image-preview":"max-image-preview:large","max-video-preview":"max-video-preview:-1"},"canonical":"https:\/\/infos-droitshumains.net\/?p=7122","og_locale":"fr_FR","og_type":"article","og_title":"RDC : Les cinq raisons de l'\u00e9chec de la marche de l\u2019opposition qui balisent le chemin pour la r\u00e9\u00e9lection de F\u00e9lix Tshisekedi (Tribune de Ma\u00eetre Leader Kingonzi Joachiem) - Infos Droits Humains","og_description":"R\u00e9daction :+243817406088 Le samedi 20 mai dernier, l\u2019opposition a organis\u00e9 sa marche avec comme leader,...","og_url":"https:\/\/infos-droitshumains.net\/?p=7122","og_site_name":"Infos Droits Humains","article_published_time":"2023-05-23T08:23:51+00:00","article_modified_time":"2023-05-23T08:31:17+00:00","og_image":[{"width":719,"height":666,"url":"https:\/\/infos-droitshumains.net\/wp-content\/uploads\/2023\/05\/IMG-20230522-WA0025_1.jpg","type":"image\/jpeg"}],"author":"Jo\u00ebl Diawa","twitter_card":"summary_large_image","twitter_misc":{"\u00c9crit par":"Jo\u00ebl Diawa","Dur\u00e9e de lecture estim\u00e9e":"6 minutes"},"schema":{"@context":"https:\/\/schema.org","@graph":[{"@type":"Article","@id":"https:\/\/infos-droitshumains.net\/?p=7122#article","isPartOf":{"@id":"https:\/\/infos-droitshumains.net\/?p=7122"},"author":{"name":"Jo\u00ebl Diawa","@id":"https:\/\/infos-droitshumains.net\/#\/schema\/person\/3dc5e921c3302172e0ed4362f96faab7"},"headline":"RDC : Les cinq raisons de l&rsquo;\u00e9chec de la marche de l\u2019opposition qui balisent le chemin pour la r\u00e9\u00e9lection de F\u00e9lix Tshisekedi (Tribune de Ma\u00eetre Leader Kingonzi Joachiem)","datePublished":"2023-05-23T08:23:51+00:00","dateModified":"2023-05-23T08:31:17+00:00","mainEntityOfPage":{"@id":"https:\/\/infos-droitshumains.net\/?p=7122"},"wordCount":1240,"commentCount":0,"publisher":{"@id":"https:\/\/infos-droitshumains.net\/#organization"},"image":{"@id":"https:\/\/infos-droitshumains.net\/?p=7122#primaryimage"},"thumbnailUrl":"https:\/\/i0.wp.com\/infos-droitshumains.net\/wp-content\/uploads\/2023\/05\/IMG-20230522-WA0025_1.jpg?fit=719%2C666&ssl=1","articleSection":["Politique"],"inLanguage":"fr-FR","potentialAction":[{"@type":"CommentAction","name":"Comment","target":["https:\/\/infos-droitshumains.net\/?p=7122#respond"]}]},{"@type":"WebPage","@id":"https:\/\/infos-droitshumains.net\/?p=7122","url":"https:\/\/infos-droitshumains.net\/?p=7122","name":"RDC : Les cinq raisons de l'\u00e9chec de la marche de l\u2019opposition qui balisent le chemin pour la r\u00e9\u00e9lection de F\u00e9lix Tshisekedi (Tribune de Ma\u00eetre Leader Kingonzi Joachiem) - Infos Droits Humains","isPartOf":{"@id":"https:\/\/infos-droitshumains.net\/#website"},"primaryImageOfPage":{"@id":"https:\/\/infos-droitshumains.net\/?p=7122#primaryimage"},"image":{"@id":"https:\/\/infos-droitshumains.net\/?p=7122#primaryimage"},"thumbnailUrl":"https:\/\/i0.wp.com\/infos-droitshumains.net\/wp-content\/uploads\/2023\/05\/IMG-20230522-WA0025_1.jpg?fit=719%2C666&ssl=1","datePublished":"2023-05-23T08:23:51+00:00","dateModified":"2023-05-23T08:31:17+00:00","breadcrumb":{"@id":"https:\/\/infos-droitshumains.net\/?p=7122#breadcrumb"},"inLanguage":"fr-FR","potentialAction":[{"@type":"ReadAction","target":["https:\/\/infos-droitshumains.net\/?p=7122"]}]},{"@type":"ImageObject","inLanguage":"fr-FR","@id":"https:\/\/infos-droitshumains.net\/?p=7122#primaryimage","url":"https:\/\/i0.wp.com\/infos-droitshumains.net\/wp-content\/uploads\/2023\/05\/IMG-20230522-WA0025_1.jpg?fit=719%2C666&ssl=1","contentUrl":"https:\/\/i0.wp.com\/infos-droitshumains.net\/wp-content\/uploads\/2023\/05\/IMG-20230522-WA0025_1.jpg?fit=719%2C666&ssl=1","width":719,"height":666},{"@type":"BreadcrumbList","@id":"https:\/\/infos-droitshumains.net\/?p=7122#breadcrumb","itemListElement":[{"@type":"ListItem","position":1,"name":"Accueil","item":"https:\/\/infos-droitshumains.net\/"},{"@type":"ListItem","position":2,"name":"RDC : Les cinq raisons de l&rsquo;\u00e9chec de la marche de l\u2019opposition qui balisent le chemin pour la r\u00e9\u00e9lection de F\u00e9lix Tshisekedi (Tribune de Ma\u00eetre Leader Kingonzi Joachiem)"}]},{"@type":"WebSite","@id":"https:\/\/infos-droitshumains.net\/#website","url":"https:\/\/infos-droitshumains.net\/","name":"Infos Droits Humains","description":"S&#039;informer est un droit","publisher":{"@id":"https:\/\/infos-droitshumains.net\/#organization"},"potentialAction":[{"@type":"SearchAction","target":{"@type":"EntryPoint","urlTemplate":"https:\/\/infos-droitshumains.net\/?s={search_term_string}"},"query-input":{"@type":"PropertyValueSpecification","valueRequired":true,"valueName":"search_term_string"}}],"inLanguage":"fr-FR"},{"@type":"Organization","@id":"https:\/\/infos-droitshumains.net\/#organization","name":"Infos Droits Humains","url":"https:\/\/infos-droitshumains.net\/","logo":{"@type":"ImageObject","inLanguage":"fr-FR","@id":"https:\/\/infos-droitshumains.net\/#\/schema\/logo\/image\/","url":"https:\/\/i0.wp.com\/infos-droitshumains.net\/wp-content\/uploads\/2022\/05\/Logo.png?fit=333%2C129&ssl=1","contentUrl":"https:\/\/i0.wp.com\/infos-droitshumains.net\/wp-content\/uploads\/2022\/05\/Logo.png?fit=333%2C129&ssl=1","width":333,"height":129,"caption":"Infos Droits Humains"},"image":{"@id":"https:\/\/infos-droitshumains.net\/#\/schema\/logo\/image\/"}},{"@type":"Person","@id":"https:\/\/infos-droitshumains.net\/#\/schema\/person\/3dc5e921c3302172e0ed4362f96faab7","name":"Jo\u00ebl Diawa","image":{"@type":"ImageObject","inLanguage":"fr-FR","@id":"https:\/\/secure.gravatar.com\/avatar\/729bea6ff4604c624417803c477363be8e3c7186deaa65713313f9b4b820f41c?s=96&d=mm&r=g","url":"https:\/\/secure.gravatar.com\/avatar\/729bea6ff4604c624417803c477363be8e3c7186deaa65713313f9b4b820f41c?s=96&d=mm&r=g","contentUrl":"https:\/\/secure.gravatar.com\/avatar\/729bea6ff4604c624417803c477363be8e3c7186deaa65713313f9b4b820f41c?s=96&d=mm&r=g","caption":"Jo\u00ebl Diawa"},"sameAs":["https:\/\/www.infos-droitshumains.net"],"url":"https:\/\/infos-droitshumains.net\/?author=2"}]}},"featured_image_urls":{"full":["https:\/\/i0.wp.com\/infos-droitshumains.net\/wp-content\/uploads\/2023\/05\/IMG-20230522-WA0025_1.jpg?fit=719%2C666&ssl=1",719,666,false],"thumbnail":["https:\/\/i0.wp.com\/infos-droitshumains.net\/wp-content\/uploads\/2023\/05\/IMG-20230522-WA0025_1.jpg?resize=150%2C150&ssl=1",150,150,true],"medium":["https:\/\/i0.wp.com\/infos-droitshumains.net\/wp-content\/uploads\/2023\/05\/IMG-20230522-WA0025_1.jpg?fit=300%2C278&ssl=1",300,278,true],"medium_large":["https:\/\/i0.wp.com\/infos-droitshumains.net\/wp-content\/uploads\/2023\/05\/IMG-20230522-WA0025_1.jpg?fit=640%2C593&ssl=1",640,593,true],"large":["https:\/\/i0.wp.com\/infos-droitshumains.net\/wp-content\/uploads\/2023\/05\/IMG-20230522-WA0025_1.jpg?fit=640%2C593&ssl=1",640,593,true],"1536x1536":["https:\/\/i0.wp.com\/infos-droitshumains.net\/wp-content\/uploads\/2023\/05\/IMG-20230522-WA0025_1.jpg?fit=719%2C666&ssl=1",719,666,true],"2048x2048":["https:\/\/i0.wp.com\/infos-droitshumains.net\/wp-content\/uploads\/2023\/05\/IMG-20230522-WA0025_1.jpg?fit=719%2C666&ssl=1",719,666,true],"covernews-slider-full":["https:\/\/i0.wp.com\/infos-droitshumains.net\/wp-content\/uploads\/2023\/05\/IMG-20230522-WA0025_1.jpg?resize=719%2C666&ssl=1",719,666,true],"covernews-slider-center":["https:\/\/i0.wp.com\/infos-droitshumains.net\/wp-content\/uploads\/2023\/05\/IMG-20230522-WA0025_1.jpg?resize=719%2C500&ssl=1",719,500,true],"covernews-featured":["https:\/\/i0.wp.com\/infos-droitshumains.net\/wp-content\/uploads\/2023\/05\/IMG-20230522-WA0025_1.jpg?fit=719%2C666&ssl=1",719,666,true],"covernews-medium":["https:\/\/i0.wp.com\/infos-droitshumains.net\/wp-content\/uploads\/2023\/05\/IMG-20230522-WA0025_1.jpg?resize=540%2C340&ssl=1",540,340,true],"covernews-medium-square":["https:\/\/i0.wp.com\/infos-droitshumains.net\/wp-content\/uploads\/2023\/05\/IMG-20230522-WA0025_1.jpg?resize=400%2C250&ssl=1",400,250,true]},"author_info":{"display_name":"Jo\u00ebl Diawa","author_link":"https:\/\/infos-droitshumains.net\/?author=2"},"category_info":"<a href=\"https:\/\/infos-droitshumains.net\/?cat=3\" rel=\"category\">Politique<\/a>","tag_info":"Politique","comment_count":"0","jetpack_featured_media_url":"https:\/\/i0.wp.com\/infos-droitshumains.net\/wp-content\/uploads\/2023\/05\/IMG-20230522-WA0025_1.jpg?fit=719%2C666&ssl=1","jetpack-related-posts":[],"jetpack_sharing_enabled":true,"_links":{"self":[{"href":"https:\/\/infos-droitshumains.net\/index.php?rest_route=\/wp\/v2\/posts\/7122","targetHints":{"allow":["GET"]}}],"collection":[{"href":"https:\/\/infos-droitshumains.net\/index.php?rest_route=\/wp\/v2\/posts"}],"about":[{"href":"https:\/\/infos-droitshumains.net\/index.php?rest_route=\/wp\/v2\/types\/post"}],"author":[{"embeddable":true,"href":"https:\/\/infos-droitshumains.net\/index.php?rest_route=\/wp\/v2\/users\/2"}],"replies":[{"embeddable":true,"href":"https:\/\/infos-droitshumains.net\/index.php?rest_route=%2Fwp%2Fv2%2Fcomments&post=7122"}],"version-history":[{"count":9,"href":"https:\/\/infos-droitshumains.net\/index.php?rest_route=\/wp\/v2\/posts\/7122\/revisions"}],"predecessor-version":[{"id":7134,"href":"https:\/\/infos-droitshumains.net\/index.php?rest_route=\/wp\/v2\/posts\/7122\/revisions\/7134"}],"wp:featuredmedia":[{"embeddable":true,"href":"https:\/\/infos-droitshumains.net\/index.php?rest_route=\/wp\/v2\/media\/7131"}],"wp:attachment":[{"href":"https:\/\/infos-droitshumains.net\/index.php?rest_route=%2Fwp%2Fv2%2Fmedia&parent=7122"}],"wp:term":[{"taxonomy":"category","embeddable":true,"href":"https:\/\/infos-droitshumains.net\/index.php?rest_route=%2Fwp%2Fv2%2Fcategories&post=7122"},{"taxonomy":"post_tag","embeddable":true,"href":"https:\/\/infos-droitshumains.net\/index.php?rest_route=%2Fwp%2Fv2%2Ftags&post=7122"}],"curies":[{"name":"wp","href":"https:\/\/api.w.org\/{rel}","templated":true}]}}