{"id":7115,"date":"2023-05-20T15:58:28","date_gmt":"2023-05-20T13:58:28","guid":{"rendered":"https:\/\/infos-droitshumains.net\/?p=7115"},"modified":"2023-05-20T16:08:54","modified_gmt":"2023-05-20T14:08:54","slug":"liberte-de-la-presse-en-rdc-le-bcnudh-reitere-son-soutien-pour-le-respect-de-la-liberte-dexpression","status":"publish","type":"post","link":"https:\/\/infos-droitshumains.net\/?p=7115","title":{"rendered":"Libert\u00e9 de la presse en RDC : Le BCNUDH r\u00e9it\u00e8re son soutien pour le respect de la libert\u00e9 d&rsquo;expression"},"content":{"rendered":"\n<p><strong>R\u00e9daction : +243817406088<\/strong><\/p>\n\n\n\n<h3 class=\"wp-block-heading has-text-color\" style=\"color:#f41616\">La question de libert\u00e9 de la presse et le respect de la libert\u00e9 d&rsquo;expression \u00e9tait au menu d\u2019une matin\u00e9e de r\u00e9flexion organis\u00e9e ce vendredi 19 mai 2023 \u00e0 Kinshasa par le Conseil Sup\u00e9rieur de l&rsquo;Audiovisuel et de la Communication en partenariat avec le Bureau Conjoint des Nations Unies aux Droits de l&rsquo;Homme et la D\u00e9l\u00e9gation de l&rsquo;Union Europ\u00e9enne.<\/h3>\n\n\n\n<p>Malgr\u00e9 la r\u00e9cente promulgation par le pr\u00e9sident de la R\u00e9publique de la nouvelle loi sur la libert\u00e9 de la presse organisant la profession du journaliste, les participants \u00e0 ces \u00e9changes ont relev\u00e9 plusieurs d\u00e9fis notamment le respect strict des r\u00e8gles qui r\u00e9gissent ce quatri\u00e8me pouvoir.<\/p>\n\n\n\n<p>Plusieurs menaces planent sur la libert\u00e9 de la presse qui sont entre autres,&nbsp;<em>\u00ab&nbsp; la manipulation abusive de l&rsquo;information et la d\u00e9sinformation&nbsp;\u00bb<\/em>, a not\u00e9 le Pr\u00e9sident du CSAC. Pour lutter contre ce fl\u00e9au, Christian Bosembe a interpell\u00e9 les professionnels de m\u00e9dia sur <em>\u00ab&nbsp;le respect des r\u00e8gles d\u2019\u00e9thique et de d\u00e9ontologie&nbsp;\u00bb<\/em> au-del\u00e0 <em>\u00ab&nbsp;du droit de former et d&rsquo;informer&nbsp;\u00bb<\/em>.<\/p>\n\n\n\n<p>Sur base de l&rsquo;article 19 de la d\u00e9claration universelle des droits de l&rsquo;homme, le BCNUDH, dit soutenir le CSAC en veillant au respect de ces droits.<\/p>\n\n\n\n<p><em>\u00ab&nbsp;\u2026nous soutenons le CSAC, les professionnels des m\u00e9dias et les efforts qui sont li\u00e9s au respect de la libert\u00e9 d&rsquo;expression, de libert\u00e9 de la presse. Nous appelons les autorit\u00e9s d&rsquo;assurer davantage ces droits&nbsp;\u00bb<\/em>, a indiqu\u00e9 Erica Bussey directrice adjointe du BCNUDH.<\/p>\n\n\n\n<p>Organis\u00e9e en marge de la journ\u00e9e mondiale de la libert\u00e9 de presse c\u00e9l\u00e9br\u00e9e le 3 mai dernier, cette matin\u00e9e de r\u00e9flexion a \u00e9t\u00e9 anim\u00e9e par des panels compos\u00e9s des repr\u00e9sentations diplomates, organisations internationales et r\u00e9gionales,&nbsp; des experts de la presse congolaise, des organisations de d\u00e9fense des droits de l&rsquo;homme, de la CNDH et des r\u00e9gulateurs de m\u00e9dia.<\/p>\n\n\n\n<p>AM<\/p>\n","protected":false},"excerpt":{"rendered":"<p>R\u00e9daction : +243817406088 La question de libert\u00e9 de la presse et le respect de la&#8230;<\/p>\n","protected":false},"author":2,"featured_media":7121,"comment_status":"open","ping_status":"open","sticky":false,"template":"","format":"standard","meta":{"_jetpack_memberships_contains_paid_content":false,"footnotes":""},"categories":[8],"tags":[],"class_list":["post-7115","post","type-post","status-publish","format-standard","has-post-thumbnail","hentry","category-societe"],"yoast_head":"<!-- This site is optimized with the Yoast SEO plugin v27.5 - https:\/\/yoast.com\/product\/yoast-seo-wordpress\/ -->\n<title>Libert\u00e9 de la presse en RDC : Le BCNUDH r\u00e9it\u00e8re son soutien pour le respect de la libert\u00e9 d&#039;expression - Infos Droits Humains<\/title>\n<meta name=\"robots\" content=\"index, follow, max-snippet:-1, max-image-preview:large, max-video-preview:-1\" \/>\n<link rel=\"canonical\" href=\"https:\/\/infos-droitshumains.net\/?p=7115\" \/>\n<meta property=\"og:locale\" content=\"fr_FR\" \/>\n<meta property=\"og:type\" content=\"article\" \/>\n<meta property=\"og:title\" content=\"Libert\u00e9 de la presse en RDC : Le BCNUDH r\u00e9it\u00e8re son soutien pour le respect de la libert\u00e9 d&#039;expression - Infos Droits Humains\" \/>\n<meta property=\"og:description\" content=\"R\u00e9daction : +243817406088 La question de libert\u00e9 de la presse et le respect de la...\" \/>\n<meta property=\"og:url\" content=\"https:\/\/infos-droitshumains.net\/?p=7115\" \/>\n<meta property=\"og:site_name\" content=\"Infos Droits Humains\" \/>\n<meta property=\"article:published_time\" content=\"2023-05-20T13:58:28+00:00\" \/>\n<meta property=\"article:modified_time\" content=\"2023-05-20T14:08:54+00:00\" \/>\n<meta property=\"og:image\" content=\"https:\/\/infos-droitshumains.net\/wp-content\/uploads\/2023\/05\/IMG-20230520-WA0008_1.jpg\" \/>\n\t<meta property=\"og:image:width\" content=\"780\" \/>\n\t<meta property=\"og:image:height\" content=\"772\" \/>\n\t<meta property=\"og:image:type\" content=\"image\/jpeg\" \/>\n<meta name=\"author\" content=\"Jo\u00ebl Diawa\" \/>\n<meta name=\"twitter:card\" content=\"summary_large_image\" \/>\n<meta name=\"twitter:label1\" content=\"\u00c9crit par\" \/>\n\t<meta name=\"twitter:data1\" content=\"Jo\u00ebl Diawa\" \/>\n\t<meta name=\"twitter:label2\" content=\"Dur\u00e9e de lecture estim\u00e9e\" \/>\n\t<meta name=\"twitter:data2\" content=\"2 minutes\" \/>\n<script type=\"application\/ld+json\" class=\"yoast-schema-graph\">{\"@context\":\"https:\\\/\\\/schema.org\",\"@graph\":[{\"@type\":\"Article\",\"@id\":\"https:\\\/\\\/infos-droitshumains.net\\\/?p=7115#article\",\"isPartOf\":{\"@id\":\"https:\\\/\\\/infos-droitshumains.net\\\/?p=7115\"},\"author\":{\"name\":\"Jo\u00ebl Diawa\",\"@id\":\"https:\\\/\\\/infos-droitshumains.net\\\/#\\\/schema\\\/person\\\/3dc5e921c3302172e0ed4362f96faab7\"},\"headline\":\"Libert\u00e9 de la presse en RDC : Le BCNUDH r\u00e9it\u00e8re son soutien pour le respect de la libert\u00e9 d&rsquo;expression\",\"datePublished\":\"2023-05-20T13:58:28+00:00\",\"dateModified\":\"2023-05-20T14:08:54+00:00\",\"mainEntityOfPage\":{\"@id\":\"https:\\\/\\\/infos-droitshumains.net\\\/?p=7115\"},\"wordCount\":350,\"commentCount\":0,\"publisher\":{\"@id\":\"https:\\\/\\\/infos-droitshumains.net\\\/#organization\"},\"image\":{\"@id\":\"https:\\\/\\\/infos-droitshumains.net\\\/?p=7115#primaryimage\"},\"thumbnailUrl\":\"https:\\\/\\\/i0.wp.com\\\/infos-droitshumains.net\\\/wp-content\\\/uploads\\\/2023\\\/05\\\/IMG-20230520-WA0008_1.jpg?fit=780%2C772&ssl=1\",\"articleSection\":[\"Soci\u00e9t\u00e9\"],\"inLanguage\":\"fr-FR\",\"potentialAction\":[{\"@type\":\"CommentAction\",\"name\":\"Comment\",\"target\":[\"https:\\\/\\\/infos-droitshumains.net\\\/?p=7115#respond\"]}]},{\"@type\":\"WebPage\",\"@id\":\"https:\\\/\\\/infos-droitshumains.net\\\/?p=7115\",\"url\":\"https:\\\/\\\/infos-droitshumains.net\\\/?p=7115\",\"name\":\"Libert\u00e9 de la presse en RDC : Le BCNUDH r\u00e9it\u00e8re son soutien pour le respect de la libert\u00e9 d'expression - Infos Droits Humains\",\"isPartOf\":{\"@id\":\"https:\\\/\\\/infos-droitshumains.net\\\/#website\"},\"primaryImageOfPage\":{\"@id\":\"https:\\\/\\\/infos-droitshumains.net\\\/?p=7115#primaryimage\"},\"image\":{\"@id\":\"https:\\\/\\\/infos-droitshumains.net\\\/?p=7115#primaryimage\"},\"thumbnailUrl\":\"https:\\\/\\\/i0.wp.com\\\/infos-droitshumains.net\\\/wp-content\\\/uploads\\\/2023\\\/05\\\/IMG-20230520-WA0008_1.jpg?fit=780%2C772&ssl=1\",\"datePublished\":\"2023-05-20T13:58:28+00:00\",\"dateModified\":\"2023-05-20T14:08:54+00:00\",\"breadcrumb\":{\"@id\":\"https:\\\/\\\/infos-droitshumains.net\\\/?p=7115#breadcrumb\"},\"inLanguage\":\"fr-FR\",\"potentialAction\":[{\"@type\":\"ReadAction\",\"target\":[\"https:\\\/\\\/infos-droitshumains.net\\\/?p=7115\"]}]},{\"@type\":\"ImageObject\",\"inLanguage\":\"fr-FR\",\"@id\":\"https:\\\/\\\/infos-droitshumains.net\\\/?p=7115#primaryimage\",\"url\":\"https:\\\/\\\/i0.wp.com\\\/infos-droitshumains.net\\\/wp-content\\\/uploads\\\/2023\\\/05\\\/IMG-20230520-WA0008_1.jpg?fit=780%2C772&ssl=1\",\"contentUrl\":\"https:\\\/\\\/i0.wp.com\\\/infos-droitshumains.net\\\/wp-content\\\/uploads\\\/2023\\\/05\\\/IMG-20230520-WA0008_1.jpg?fit=780%2C772&ssl=1\",\"width\":780,\"height\":772},{\"@type\":\"BreadcrumbList\",\"@id\":\"https:\\\/\\\/infos-droitshumains.net\\\/?p=7115#breadcrumb\",\"itemListElement\":[{\"@type\":\"ListItem\",\"position\":1,\"name\":\"Accueil\",\"item\":\"https:\\\/\\\/infos-droitshumains.net\\\/\"},{\"@type\":\"ListItem\",\"position\":2,\"name\":\"Libert\u00e9 de la presse en RDC : Le BCNUDH r\u00e9it\u00e8re son soutien pour le respect de la libert\u00e9 d&rsquo;expression\"}]},{\"@type\":\"WebSite\",\"@id\":\"https:\\\/\\\/infos-droitshumains.net\\\/#website\",\"url\":\"https:\\\/\\\/infos-droitshumains.net\\\/\",\"name\":\"Infos Droits Humains\",\"description\":\"S&#039;informer est un droit\",\"publisher\":{\"@id\":\"https:\\\/\\\/infos-droitshumains.net\\\/#organization\"},\"potentialAction\":[{\"@type\":\"SearchAction\",\"target\":{\"@type\":\"EntryPoint\",\"urlTemplate\":\"https:\\\/\\\/infos-droitshumains.net\\\/?s={search_term_string}\"},\"query-input\":{\"@type\":\"PropertyValueSpecification\",\"valueRequired\":true,\"valueName\":\"search_term_string\"}}],\"inLanguage\":\"fr-FR\"},{\"@type\":\"Organization\",\"@id\":\"https:\\\/\\\/infos-droitshumains.net\\\/#organization\",\"name\":\"Infos Droits Humains\",\"url\":\"https:\\\/\\\/infos-droitshumains.net\\\/\",\"logo\":{\"@type\":\"ImageObject\",\"inLanguage\":\"fr-FR\",\"@id\":\"https:\\\/\\\/infos-droitshumains.net\\\/#\\\/schema\\\/logo\\\/image\\\/\",\"url\":\"https:\\\/\\\/i0.wp.com\\\/infos-droitshumains.net\\\/wp-content\\\/uploads\\\/2022\\\/05\\\/Logo.png?fit=333%2C129&ssl=1\",\"contentUrl\":\"https:\\\/\\\/i0.wp.com\\\/infos-droitshumains.net\\\/wp-content\\\/uploads\\\/2022\\\/05\\\/Logo.png?fit=333%2C129&ssl=1\",\"width\":333,\"height\":129,\"caption\":\"Infos Droits Humains\"},\"image\":{\"@id\":\"https:\\\/\\\/infos-droitshumains.net\\\/#\\\/schema\\\/logo\\\/image\\\/\"}},{\"@type\":\"Person\",\"@id\":\"https:\\\/\\\/infos-droitshumains.net\\\/#\\\/schema\\\/person\\\/3dc5e921c3302172e0ed4362f96faab7\",\"name\":\"Jo\u00ebl Diawa\",\"image\":{\"@type\":\"ImageObject\",\"inLanguage\":\"fr-FR\",\"@id\":\"https:\\\/\\\/secure.gravatar.com\\\/avatar\\\/729bea6ff4604c624417803c477363be8e3c7186deaa65713313f9b4b820f41c?s=96&d=mm&r=g\",\"url\":\"https:\\\/\\\/secure.gravatar.com\\\/avatar\\\/729bea6ff4604c624417803c477363be8e3c7186deaa65713313f9b4b820f41c?s=96&d=mm&r=g\",\"contentUrl\":\"https:\\\/\\\/secure.gravatar.com\\\/avatar\\\/729bea6ff4604c624417803c477363be8e3c7186deaa65713313f9b4b820f41c?s=96&d=mm&r=g\",\"caption\":\"Jo\u00ebl Diawa\"},\"sameAs\":[\"https:\\\/\\\/www.infos-droitshumains.net\"],\"url\":\"https:\\\/\\\/infos-droitshumains.net\\\/?author=2\"}]}<\/script>\n<!-- \/ Yoast SEO plugin. -->","yoast_head_json":{"title":"Libert\u00e9 de la presse en RDC : Le BCNUDH r\u00e9it\u00e8re son soutien pour le respect de la libert\u00e9 d'expression - Infos Droits Humains","robots":{"index":"index","follow":"follow","max-snippet":"max-snippet:-1","max-image-preview":"max-image-preview:large","max-video-preview":"max-video-preview:-1"},"canonical":"https:\/\/infos-droitshumains.net\/?p=7115","og_locale":"fr_FR","og_type":"article","og_title":"Libert\u00e9 de la presse en RDC : Le BCNUDH r\u00e9it\u00e8re son soutien pour le respect de la libert\u00e9 d'expression - Infos Droits Humains","og_description":"R\u00e9daction : +243817406088 La question de libert\u00e9 de la presse et le respect de la...","og_url":"https:\/\/infos-droitshumains.net\/?p=7115","og_site_name":"Infos Droits Humains","article_published_time":"2023-05-20T13:58:28+00:00","article_modified_time":"2023-05-20T14:08:54+00:00","og_image":[{"width":780,"height":772,"url":"https:\/\/infos-droitshumains.net\/wp-content\/uploads\/2023\/05\/IMG-20230520-WA0008_1.jpg","type":"image\/jpeg"}],"author":"Jo\u00ebl Diawa","twitter_card":"summary_large_image","twitter_misc":{"\u00c9crit par":"Jo\u00ebl Diawa","Dur\u00e9e de lecture estim\u00e9e":"2 minutes"},"schema":{"@context":"https:\/\/schema.org","@graph":[{"@type":"Article","@id":"https:\/\/infos-droitshumains.net\/?p=7115#article","isPartOf":{"@id":"https:\/\/infos-droitshumains.net\/?p=7115"},"author":{"name":"Jo\u00ebl Diawa","@id":"https:\/\/infos-droitshumains.net\/#\/schema\/person\/3dc5e921c3302172e0ed4362f96faab7"},"headline":"Libert\u00e9 de la presse en RDC : Le BCNUDH r\u00e9it\u00e8re son soutien pour le respect de la libert\u00e9 d&rsquo;expression","datePublished":"2023-05-20T13:58:28+00:00","dateModified":"2023-05-20T14:08:54+00:00","mainEntityOfPage":{"@id":"https:\/\/infos-droitshumains.net\/?p=7115"},"wordCount":350,"commentCount":0,"publisher":{"@id":"https:\/\/infos-droitshumains.net\/#organization"},"image":{"@id":"https:\/\/infos-droitshumains.net\/?p=7115#primaryimage"},"thumbnailUrl":"https:\/\/i0.wp.com\/infos-droitshumains.net\/wp-content\/uploads\/2023\/05\/IMG-20230520-WA0008_1.jpg?fit=780%2C772&ssl=1","articleSection":["Soci\u00e9t\u00e9"],"inLanguage":"fr-FR","potentialAction":[{"@type":"CommentAction","name":"Comment","target":["https:\/\/infos-droitshumains.net\/?p=7115#respond"]}]},{"@type":"WebPage","@id":"https:\/\/infos-droitshumains.net\/?p=7115","url":"https:\/\/infos-droitshumains.net\/?p=7115","name":"Libert\u00e9 de la presse en RDC : Le BCNUDH r\u00e9it\u00e8re son soutien pour le respect de la libert\u00e9 d'expression - Infos Droits Humains","isPartOf":{"@id":"https:\/\/infos-droitshumains.net\/#website"},"primaryImageOfPage":{"@id":"https:\/\/infos-droitshumains.net\/?p=7115#primaryimage"},"image":{"@id":"https:\/\/infos-droitshumains.net\/?p=7115#primaryimage"},"thumbnailUrl":"https:\/\/i0.wp.com\/infos-droitshumains.net\/wp-content\/uploads\/2023\/05\/IMG-20230520-WA0008_1.jpg?fit=780%2C772&ssl=1","datePublished":"2023-05-20T13:58:28+00:00","dateModified":"2023-05-20T14:08:54+00:00","breadcrumb":{"@id":"https:\/\/infos-droitshumains.net\/?p=7115#breadcrumb"},"inLanguage":"fr-FR","potentialAction":[{"@type":"ReadAction","target":["https:\/\/infos-droitshumains.net\/?p=7115"]}]},{"@type":"ImageObject","inLanguage":"fr-FR","@id":"https:\/\/infos-droitshumains.net\/?p=7115#primaryimage","url":"https:\/\/i0.wp.com\/infos-droitshumains.net\/wp-content\/uploads\/2023\/05\/IMG-20230520-WA0008_1.jpg?fit=780%2C772&ssl=1","contentUrl":"https:\/\/i0.wp.com\/infos-droitshumains.net\/wp-content\/uploads\/2023\/05\/IMG-20230520-WA0008_1.jpg?fit=780%2C772&ssl=1","width":780,"height":772},{"@type":"BreadcrumbList","@id":"https:\/\/infos-droitshumains.net\/?p=7115#breadcrumb","itemListElement":[{"@type":"ListItem","position":1,"name":"Accueil","item":"https:\/\/infos-droitshumains.net\/"},{"@type":"ListItem","position":2,"name":"Libert\u00e9 de la presse en RDC : Le BCNUDH r\u00e9it\u00e8re son soutien pour le respect de la libert\u00e9 d&rsquo;expression"}]},{"@type":"WebSite","@id":"https:\/\/infos-droitshumains.net\/#website","url":"https:\/\/infos-droitshumains.net\/","name":"Infos Droits Humains","description":"S&#039;informer est un droit","publisher":{"@id":"https:\/\/infos-droitshumains.net\/#organization"},"potentialAction":[{"@type":"SearchAction","target":{"@type":"EntryPoint","urlTemplate":"https:\/\/infos-droitshumains.net\/?s={search_term_string}"},"query-input":{"@type":"PropertyValueSpecification","valueRequired":true,"valueName":"search_term_string"}}],"inLanguage":"fr-FR"},{"@type":"Organization","@id":"https:\/\/infos-droitshumains.net\/#organization","name":"Infos Droits Humains","url":"https:\/\/infos-droitshumains.net\/","logo":{"@type":"ImageObject","inLanguage":"fr-FR","@id":"https:\/\/infos-droitshumains.net\/#\/schema\/logo\/image\/","url":"https:\/\/i0.wp.com\/infos-droitshumains.net\/wp-content\/uploads\/2022\/05\/Logo.png?fit=333%2C129&ssl=1","contentUrl":"https:\/\/i0.wp.com\/infos-droitshumains.net\/wp-content\/uploads\/2022\/05\/Logo.png?fit=333%2C129&ssl=1","width":333,"height":129,"caption":"Infos Droits Humains"},"image":{"@id":"https:\/\/infos-droitshumains.net\/#\/schema\/logo\/image\/"}},{"@type":"Person","@id":"https:\/\/infos-droitshumains.net\/#\/schema\/person\/3dc5e921c3302172e0ed4362f96faab7","name":"Jo\u00ebl Diawa","image":{"@type":"ImageObject","inLanguage":"fr-FR","@id":"https:\/\/secure.gravatar.com\/avatar\/729bea6ff4604c624417803c477363be8e3c7186deaa65713313f9b4b820f41c?s=96&d=mm&r=g","url":"https:\/\/secure.gravatar.com\/avatar\/729bea6ff4604c624417803c477363be8e3c7186deaa65713313f9b4b820f41c?s=96&d=mm&r=g","contentUrl":"https:\/\/secure.gravatar.com\/avatar\/729bea6ff4604c624417803c477363be8e3c7186deaa65713313f9b4b820f41c?s=96&d=mm&r=g","caption":"Jo\u00ebl Diawa"},"sameAs":["https:\/\/www.infos-droitshumains.net"],"url":"https:\/\/infos-droitshumains.net\/?author=2"}]}},"featured_image_urls":{"full":["https:\/\/i0.wp.com\/infos-droitshumains.net\/wp-content\/uploads\/2023\/05\/IMG-20230520-WA0008_1.jpg?fit=780%2C772&ssl=1",780,772,false],"thumbnail":["https:\/\/i0.wp.com\/infos-droitshumains.net\/wp-content\/uploads\/2023\/05\/IMG-20230520-WA0008_1.jpg?resize=150%2C150&ssl=1",150,150,true],"medium":["https:\/\/i0.wp.com\/infos-droitshumains.net\/wp-content\/uploads\/2023\/05\/IMG-20230520-WA0008_1.jpg?fit=300%2C297&ssl=1",300,297,true],"medium_large":["https:\/\/i0.wp.com\/infos-droitshumains.net\/wp-content\/uploads\/2023\/05\/IMG-20230520-WA0008_1.jpg?fit=640%2C633&ssl=1",640,633,true],"large":["https:\/\/i0.wp.com\/infos-droitshumains.net\/wp-content\/uploads\/2023\/05\/IMG-20230520-WA0008_1.jpg?fit=640%2C633&ssl=1",640,633,true],"1536x1536":["https:\/\/i0.wp.com\/infos-droitshumains.net\/wp-content\/uploads\/2023\/05\/IMG-20230520-WA0008_1.jpg?fit=780%2C772&ssl=1",780,772,true],"2048x2048":["https:\/\/i0.wp.com\/infos-droitshumains.net\/wp-content\/uploads\/2023\/05\/IMG-20230520-WA0008_1.jpg?fit=780%2C772&ssl=1",780,772,true],"covernews-slider-full":["https:\/\/i0.wp.com\/infos-droitshumains.net\/wp-content\/uploads\/2023\/05\/IMG-20230520-WA0008_1.jpg?resize=780%2C715&ssl=1",780,715,true],"covernews-slider-center":["https:\/\/i0.wp.com\/infos-droitshumains.net\/wp-content\/uploads\/2023\/05\/IMG-20230520-WA0008_1.jpg?resize=780%2C500&ssl=1",780,500,true],"covernews-featured":["https:\/\/i0.wp.com\/infos-droitshumains.net\/wp-content\/uploads\/2023\/05\/IMG-20230520-WA0008_1.jpg?fit=780%2C772&ssl=1",780,772,true],"covernews-medium":["https:\/\/i0.wp.com\/infos-droitshumains.net\/wp-content\/uploads\/2023\/05\/IMG-20230520-WA0008_1.jpg?resize=540%2C340&ssl=1",540,340,true],"covernews-medium-square":["https:\/\/i0.wp.com\/infos-droitshumains.net\/wp-content\/uploads\/2023\/05\/IMG-20230520-WA0008_1.jpg?resize=400%2C250&ssl=1",400,250,true]},"author_info":{"display_name":"Jo\u00ebl Diawa","author_link":"https:\/\/infos-droitshumains.net\/?author=2"},"category_info":"<a href=\"https:\/\/infos-droitshumains.net\/?cat=8\" rel=\"category\">Soci\u00e9t\u00e9<\/a>","tag_info":"Soci\u00e9t\u00e9","comment_count":"0","jetpack_featured_media_url":"https:\/\/i0.wp.com\/infos-droitshumains.net\/wp-content\/uploads\/2023\/05\/IMG-20230520-WA0008_1.jpg?fit=780%2C772&ssl=1","jetpack-related-posts":[],"jetpack_sharing_enabled":true,"_links":{"self":[{"href":"https:\/\/infos-droitshumains.net\/index.php?rest_route=\/wp\/v2\/posts\/7115","targetHints":{"allow":["GET"]}}],"collection":[{"href":"https:\/\/infos-droitshumains.net\/index.php?rest_route=\/wp\/v2\/posts"}],"about":[{"href":"https:\/\/infos-droitshumains.net\/index.php?rest_route=\/wp\/v2\/types\/post"}],"author":[{"embeddable":true,"href":"https:\/\/infos-droitshumains.net\/index.php?rest_route=\/wp\/v2\/users\/2"}],"replies":[{"embeddable":true,"href":"https:\/\/infos-droitshumains.net\/index.php?rest_route=%2Fwp%2Fv2%2Fcomments&post=7115"}],"version-history":[{"count":1,"href":"https:\/\/infos-droitshumains.net\/index.php?rest_route=\/wp\/v2\/posts\/7115\/revisions"}],"predecessor-version":[{"id":7117,"href":"https:\/\/infos-droitshumains.net\/index.php?rest_route=\/wp\/v2\/posts\/7115\/revisions\/7117"}],"wp:featuredmedia":[{"embeddable":true,"href":"https:\/\/infos-droitshumains.net\/index.php?rest_route=\/wp\/v2\/media\/7121"}],"wp:attachment":[{"href":"https:\/\/infos-droitshumains.net\/index.php?rest_route=%2Fwp%2Fv2%2Fmedia&parent=7115"}],"wp:term":[{"taxonomy":"category","embeddable":true,"href":"https:\/\/infos-droitshumains.net\/index.php?rest_route=%2Fwp%2Fv2%2Fcategories&post=7115"},{"taxonomy":"post_tag","embeddable":true,"href":"https:\/\/infos-droitshumains.net\/index.php?rest_route=%2Fwp%2Fv2%2Ftags&post=7115"}],"curies":[{"name":"wp","href":"https:\/\/api.w.org\/{rel}","templated":true}]}}