{"id":7114,"date":"2023-05-20T15:58:49","date_gmt":"2023-05-20T13:58:49","guid":{"rendered":"https:\/\/infos-droitshumains.net\/?p=7114"},"modified":"2023-05-20T16:04:52","modified_gmt":"2023-05-20T14:04:52","slug":"rdc-le-cdce-invite-la-ceni-a-replanifier-operation-de-laudit-externe-du-fichier-electoral","status":"publish","type":"post","link":"https:\/\/infos-droitshumains.net\/?p=7114","title":{"rendered":"RDC : Le CDCE invite la CENI \u00e0 replanifier op\u00e9ration de l\u2019audit externe du fichier \u00e9lectoral"},"content":{"rendered":"\n<p><strong>R\u00e9daction : +243817406088<\/strong><\/p>\n\n\n\n<h3 class=\"wp-block-heading has-text-color\" style=\"color:#ed1f1f\">Le Cadre de Concertation de la Soci\u00e9t\u00e9 Civile pour l&rsquo;Observation des \u00c9lections (CDCE) n&rsquo;approuve nullement la mani\u00e8re dont la Commission \u00c9lectorale Nationale Ind\u00e9pendante, (CENI) organise actuellement l&rsquo;audit externe du fichier \u00e9lectoral Cette organisation l\u2019a exprim\u00e9 dans un commentaire de presse publi\u00e9 le jeudi 18 mai.<\/h3>\n\n\n\n<p>Dans l&rsquo;appel \u00e0 candidature de la centrale \u00e9lectorale pour cette op\u00e9ration par exemple, il est bien indiqu\u00e9 qu\u2019un membre qui a \u0153uvr\u00e9 au sein de la CENI ne peut participer ou \u00eatre acteur actif dans le processus d&rsquo;audit externe en cours. <em>\u00ab&nbsp;H\u00e9las, il y a un ancien secr\u00e9taire ex\u00e9cutif national adjoint de la CENI de 2011 qui est choisi dans l&rsquo;\u00e9quipe actuelle&nbsp;\u00bb<\/em>, a d\u00e9nonc\u00e9 Paul Kabeya Mukenge, secr\u00e9taire ex\u00e9cutif du R\u00e9seau d&rsquo;Organisations des Droits Humains et d&rsquo;\u00e9ducation Civique d&rsquo;inspiration Chr\u00e9tienne (RODHECIC), membre du CDCE. Pour lui, cela constitue <em>\u00ab&nbsp;une violation du point 17 de cet appel \u00e0 candidature&nbsp;\u00bb<\/em>.<\/p>\n\n\n\n<p>Paul Kabeya Mukenge \u00e9voque \u00e9galement la question du d\u00e9lai. A l\u2019en croire, <em>\u00ab&nbsp;six jours tels que pr\u00e9vus par la CENI ne semblent pas du tout correct bien qu&rsquo;il n&rsquo;y a pas une loi qui d\u00e9termine la dur\u00e9e de l&rsquo;audit&nbsp;\u00bb<\/em>.<\/p>\n\n\n\n<p>Face \u00e0 ces failles,&nbsp; le secr\u00e9taire ex\u00e9cutif du RODHECIC invite la CENI \u00e0 replanifier l&rsquo;organisation de l&rsquo;audit externe du fichier \u00e9lectoral en lui formulant des propositions concr\u00e8tes.<\/p>\n\n\n\n<p><em>\u00ab&nbsp;Pour le d\u00e9lai de cette op\u00e9ration, nous proposons 15 jours pour permettre \u00e0 l&rsquo;\u00e9quipe d&rsquo;audit d&rsquo;\u0153uvrer en toute s\u00e9r\u00e9nit\u00e9. De ce fait, la CENI peut concomitamment organiser la r\u00e9ception et le traitement des dossiers des candidatures pour l&rsquo;\u00e9lection pr\u00e9sidentielle et autres en 90 jours au lieu de 147 jours comme pr\u00e9vu afin de respecter le calendrier \u00e9lectoral. S&rsquo;agissant de choix des experts, la centrale \u00e9lectorale a pris l&rsquo;option des individualit\u00e9s non pas des cabinets. Je pense que cela ne doit pas d\u00e9ranger si elle voudrait associer d&rsquo;autres acteurs tout en cherchant un cabinet de renom, fiable et cr\u00e9dible. Cela aura un avantage de nous \u00e9viter les tensions&nbsp;\u00bb<\/em>, a sugg\u00e9r\u00e9 Paul Kabeya Mukenge.<\/p>\n\n\n\n<p>Le CDCE estime que les conclusions de l&rsquo;organisation en cours de l&rsquo;audit externe du fichier \u00e9lectoral ne pourront malheureusement pas r\u00e9duire la m\u00e9fiance \u00e0 l&rsquo;\u00e9gard du processus \u00e9lectoral si la centrale \u00e9lectorale ne revoit pas le mode d&rsquo;organisation de cette op\u00e9ration \u00e9lectorale.<\/p>\n\n\n\n<p>AM<\/p>\n","protected":false},"excerpt":{"rendered":"<p>R\u00e9daction : +243817406088 Le Cadre de Concertation de la Soci\u00e9t\u00e9 Civile pour l&rsquo;Observation des \u00c9lections&#8230;<\/p>\n","protected":false},"author":2,"featured_media":7120,"comment_status":"open","ping_status":"open","sticky":false,"template":"","format":"standard","meta":{"_jetpack_memberships_contains_paid_content":false,"footnotes":""},"categories":[3],"tags":[],"class_list":["post-7114","post","type-post","status-publish","format-standard","has-post-thumbnail","hentry","category-politique"],"yoast_head":"<!-- This site is optimized with the Yoast SEO plugin v27.5 - https:\/\/yoast.com\/product\/yoast-seo-wordpress\/ -->\n<title>RDC : Le CDCE invite la CENI \u00e0 replanifier op\u00e9ration de l\u2019audit externe du fichier \u00e9lectoral - Infos Droits Humains<\/title>\n<meta name=\"robots\" content=\"index, follow, max-snippet:-1, max-image-preview:large, max-video-preview:-1\" \/>\n<link rel=\"canonical\" href=\"https:\/\/infos-droitshumains.net\/?p=7114\" \/>\n<meta property=\"og:locale\" content=\"fr_FR\" \/>\n<meta property=\"og:type\" content=\"article\" \/>\n<meta property=\"og:title\" content=\"RDC : Le CDCE invite la CENI \u00e0 replanifier op\u00e9ration de l\u2019audit externe du fichier \u00e9lectoral - Infos Droits Humains\" \/>\n<meta property=\"og:description\" content=\"R\u00e9daction : +243817406088 Le Cadre de Concertation de la Soci\u00e9t\u00e9 Civile pour l&rsquo;Observation des \u00c9lections...\" \/>\n<meta property=\"og:url\" content=\"https:\/\/infos-droitshumains.net\/?p=7114\" \/>\n<meta property=\"og:site_name\" content=\"Infos Droits Humains\" \/>\n<meta property=\"article:published_time\" content=\"2023-05-20T13:58:49+00:00\" \/>\n<meta property=\"article:modified_time\" content=\"2023-05-20T14:04:52+00:00\" \/>\n<meta property=\"og:image\" content=\"https:\/\/infos-droitshumains.net\/wp-content\/uploads\/2023\/05\/images-18_1.jpeg\" \/>\n\t<meta property=\"og:image:width\" content=\"807\" \/>\n\t<meta property=\"og:image:height\" content=\"380\" \/>\n\t<meta property=\"og:image:type\" content=\"image\/jpeg\" \/>\n<meta name=\"author\" content=\"Jo\u00ebl Diawa\" \/>\n<meta name=\"twitter:card\" content=\"summary_large_image\" \/>\n<meta name=\"twitter:label1\" content=\"\u00c9crit par\" \/>\n\t<meta name=\"twitter:data1\" content=\"Jo\u00ebl Diawa\" \/>\n\t<meta name=\"twitter:label2\" content=\"Dur\u00e9e de lecture estim\u00e9e\" \/>\n\t<meta name=\"twitter:data2\" content=\"2 minutes\" \/>\n<script type=\"application\/ld+json\" class=\"yoast-schema-graph\">{\"@context\":\"https:\\\/\\\/schema.org\",\"@graph\":[{\"@type\":\"Article\",\"@id\":\"https:\\\/\\\/infos-droitshumains.net\\\/?p=7114#article\",\"isPartOf\":{\"@id\":\"https:\\\/\\\/infos-droitshumains.net\\\/?p=7114\"},\"author\":{\"name\":\"Jo\u00ebl Diawa\",\"@id\":\"https:\\\/\\\/infos-droitshumains.net\\\/#\\\/schema\\\/person\\\/3dc5e921c3302172e0ed4362f96faab7\"},\"headline\":\"RDC : Le CDCE invite la CENI \u00e0 replanifier op\u00e9ration de l\u2019audit externe du fichier \u00e9lectoral\",\"datePublished\":\"2023-05-20T13:58:49+00:00\",\"dateModified\":\"2023-05-20T14:04:52+00:00\",\"mainEntityOfPage\":{\"@id\":\"https:\\\/\\\/infos-droitshumains.net\\\/?p=7114\"},\"wordCount\":421,\"commentCount\":0,\"publisher\":{\"@id\":\"https:\\\/\\\/infos-droitshumains.net\\\/#organization\"},\"image\":{\"@id\":\"https:\\\/\\\/infos-droitshumains.net\\\/?p=7114#primaryimage\"},\"thumbnailUrl\":\"https:\\\/\\\/i0.wp.com\\\/infos-droitshumains.net\\\/wp-content\\\/uploads\\\/2023\\\/05\\\/images-18_1.jpeg?fit=807%2C380&ssl=1\",\"articleSection\":[\"Politique\"],\"inLanguage\":\"fr-FR\",\"potentialAction\":[{\"@type\":\"CommentAction\",\"name\":\"Comment\",\"target\":[\"https:\\\/\\\/infos-droitshumains.net\\\/?p=7114#respond\"]}]},{\"@type\":\"WebPage\",\"@id\":\"https:\\\/\\\/infos-droitshumains.net\\\/?p=7114\",\"url\":\"https:\\\/\\\/infos-droitshumains.net\\\/?p=7114\",\"name\":\"RDC : Le CDCE invite la CENI \u00e0 replanifier op\u00e9ration de l\u2019audit externe du fichier \u00e9lectoral - Infos Droits Humains\",\"isPartOf\":{\"@id\":\"https:\\\/\\\/infos-droitshumains.net\\\/#website\"},\"primaryImageOfPage\":{\"@id\":\"https:\\\/\\\/infos-droitshumains.net\\\/?p=7114#primaryimage\"},\"image\":{\"@id\":\"https:\\\/\\\/infos-droitshumains.net\\\/?p=7114#primaryimage\"},\"thumbnailUrl\":\"https:\\\/\\\/i0.wp.com\\\/infos-droitshumains.net\\\/wp-content\\\/uploads\\\/2023\\\/05\\\/images-18_1.jpeg?fit=807%2C380&ssl=1\",\"datePublished\":\"2023-05-20T13:58:49+00:00\",\"dateModified\":\"2023-05-20T14:04:52+00:00\",\"breadcrumb\":{\"@id\":\"https:\\\/\\\/infos-droitshumains.net\\\/?p=7114#breadcrumb\"},\"inLanguage\":\"fr-FR\",\"potentialAction\":[{\"@type\":\"ReadAction\",\"target\":[\"https:\\\/\\\/infos-droitshumains.net\\\/?p=7114\"]}]},{\"@type\":\"ImageObject\",\"inLanguage\":\"fr-FR\",\"@id\":\"https:\\\/\\\/infos-droitshumains.net\\\/?p=7114#primaryimage\",\"url\":\"https:\\\/\\\/i0.wp.com\\\/infos-droitshumains.net\\\/wp-content\\\/uploads\\\/2023\\\/05\\\/images-18_1.jpeg?fit=807%2C380&ssl=1\",\"contentUrl\":\"https:\\\/\\\/i0.wp.com\\\/infos-droitshumains.net\\\/wp-content\\\/uploads\\\/2023\\\/05\\\/images-18_1.jpeg?fit=807%2C380&ssl=1\",\"width\":807,\"height\":380},{\"@type\":\"BreadcrumbList\",\"@id\":\"https:\\\/\\\/infos-droitshumains.net\\\/?p=7114#breadcrumb\",\"itemListElement\":[{\"@type\":\"ListItem\",\"position\":1,\"name\":\"Accueil\",\"item\":\"https:\\\/\\\/infos-droitshumains.net\\\/\"},{\"@type\":\"ListItem\",\"position\":2,\"name\":\"RDC : Le CDCE invite la CENI \u00e0 replanifier op\u00e9ration de l\u2019audit externe du fichier \u00e9lectoral\"}]},{\"@type\":\"WebSite\",\"@id\":\"https:\\\/\\\/infos-droitshumains.net\\\/#website\",\"url\":\"https:\\\/\\\/infos-droitshumains.net\\\/\",\"name\":\"Infos Droits Humains\",\"description\":\"S&#039;informer est un droit\",\"publisher\":{\"@id\":\"https:\\\/\\\/infos-droitshumains.net\\\/#organization\"},\"potentialAction\":[{\"@type\":\"SearchAction\",\"target\":{\"@type\":\"EntryPoint\",\"urlTemplate\":\"https:\\\/\\\/infos-droitshumains.net\\\/?s={search_term_string}\"},\"query-input\":{\"@type\":\"PropertyValueSpecification\",\"valueRequired\":true,\"valueName\":\"search_term_string\"}}],\"inLanguage\":\"fr-FR\"},{\"@type\":\"Organization\",\"@id\":\"https:\\\/\\\/infos-droitshumains.net\\\/#organization\",\"name\":\"Infos Droits Humains\",\"url\":\"https:\\\/\\\/infos-droitshumains.net\\\/\",\"logo\":{\"@type\":\"ImageObject\",\"inLanguage\":\"fr-FR\",\"@id\":\"https:\\\/\\\/infos-droitshumains.net\\\/#\\\/schema\\\/logo\\\/image\\\/\",\"url\":\"https:\\\/\\\/i0.wp.com\\\/infos-droitshumains.net\\\/wp-content\\\/uploads\\\/2022\\\/05\\\/Logo.png?fit=333%2C129&ssl=1\",\"contentUrl\":\"https:\\\/\\\/i0.wp.com\\\/infos-droitshumains.net\\\/wp-content\\\/uploads\\\/2022\\\/05\\\/Logo.png?fit=333%2C129&ssl=1\",\"width\":333,\"height\":129,\"caption\":\"Infos Droits Humains\"},\"image\":{\"@id\":\"https:\\\/\\\/infos-droitshumains.net\\\/#\\\/schema\\\/logo\\\/image\\\/\"}},{\"@type\":\"Person\",\"@id\":\"https:\\\/\\\/infos-droitshumains.net\\\/#\\\/schema\\\/person\\\/3dc5e921c3302172e0ed4362f96faab7\",\"name\":\"Jo\u00ebl Diawa\",\"image\":{\"@type\":\"ImageObject\",\"inLanguage\":\"fr-FR\",\"@id\":\"https:\\\/\\\/secure.gravatar.com\\\/avatar\\\/729bea6ff4604c624417803c477363be8e3c7186deaa65713313f9b4b820f41c?s=96&d=mm&r=g\",\"url\":\"https:\\\/\\\/secure.gravatar.com\\\/avatar\\\/729bea6ff4604c624417803c477363be8e3c7186deaa65713313f9b4b820f41c?s=96&d=mm&r=g\",\"contentUrl\":\"https:\\\/\\\/secure.gravatar.com\\\/avatar\\\/729bea6ff4604c624417803c477363be8e3c7186deaa65713313f9b4b820f41c?s=96&d=mm&r=g\",\"caption\":\"Jo\u00ebl Diawa\"},\"sameAs\":[\"https:\\\/\\\/www.infos-droitshumains.net\"],\"url\":\"https:\\\/\\\/infos-droitshumains.net\\\/?author=2\"}]}<\/script>\n<!-- \/ Yoast SEO plugin. -->","yoast_head_json":{"title":"RDC : Le CDCE invite la CENI \u00e0 replanifier op\u00e9ration de l\u2019audit externe du fichier \u00e9lectoral - Infos Droits Humains","robots":{"index":"index","follow":"follow","max-snippet":"max-snippet:-1","max-image-preview":"max-image-preview:large","max-video-preview":"max-video-preview:-1"},"canonical":"https:\/\/infos-droitshumains.net\/?p=7114","og_locale":"fr_FR","og_type":"article","og_title":"RDC : Le CDCE invite la CENI \u00e0 replanifier op\u00e9ration de l\u2019audit externe du fichier \u00e9lectoral - Infos Droits Humains","og_description":"R\u00e9daction : +243817406088 Le Cadre de Concertation de la Soci\u00e9t\u00e9 Civile pour l&rsquo;Observation des \u00c9lections...","og_url":"https:\/\/infos-droitshumains.net\/?p=7114","og_site_name":"Infos Droits Humains","article_published_time":"2023-05-20T13:58:49+00:00","article_modified_time":"2023-05-20T14:04:52+00:00","og_image":[{"width":807,"height":380,"url":"https:\/\/infos-droitshumains.net\/wp-content\/uploads\/2023\/05\/images-18_1.jpeg","type":"image\/jpeg"}],"author":"Jo\u00ebl Diawa","twitter_card":"summary_large_image","twitter_misc":{"\u00c9crit par":"Jo\u00ebl Diawa","Dur\u00e9e de lecture estim\u00e9e":"2 minutes"},"schema":{"@context":"https:\/\/schema.org","@graph":[{"@type":"Article","@id":"https:\/\/infos-droitshumains.net\/?p=7114#article","isPartOf":{"@id":"https:\/\/infos-droitshumains.net\/?p=7114"},"author":{"name":"Jo\u00ebl Diawa","@id":"https:\/\/infos-droitshumains.net\/#\/schema\/person\/3dc5e921c3302172e0ed4362f96faab7"},"headline":"RDC : Le CDCE invite la CENI \u00e0 replanifier op\u00e9ration de l\u2019audit externe du fichier \u00e9lectoral","datePublished":"2023-05-20T13:58:49+00:00","dateModified":"2023-05-20T14:04:52+00:00","mainEntityOfPage":{"@id":"https:\/\/infos-droitshumains.net\/?p=7114"},"wordCount":421,"commentCount":0,"publisher":{"@id":"https:\/\/infos-droitshumains.net\/#organization"},"image":{"@id":"https:\/\/infos-droitshumains.net\/?p=7114#primaryimage"},"thumbnailUrl":"https:\/\/i0.wp.com\/infos-droitshumains.net\/wp-content\/uploads\/2023\/05\/images-18_1.jpeg?fit=807%2C380&ssl=1","articleSection":["Politique"],"inLanguage":"fr-FR","potentialAction":[{"@type":"CommentAction","name":"Comment","target":["https:\/\/infos-droitshumains.net\/?p=7114#respond"]}]},{"@type":"WebPage","@id":"https:\/\/infos-droitshumains.net\/?p=7114","url":"https:\/\/infos-droitshumains.net\/?p=7114","name":"RDC : Le CDCE invite la CENI \u00e0 replanifier op\u00e9ration de l\u2019audit externe du fichier \u00e9lectoral - Infos Droits Humains","isPartOf":{"@id":"https:\/\/infos-droitshumains.net\/#website"},"primaryImageOfPage":{"@id":"https:\/\/infos-droitshumains.net\/?p=7114#primaryimage"},"image":{"@id":"https:\/\/infos-droitshumains.net\/?p=7114#primaryimage"},"thumbnailUrl":"https:\/\/i0.wp.com\/infos-droitshumains.net\/wp-content\/uploads\/2023\/05\/images-18_1.jpeg?fit=807%2C380&ssl=1","datePublished":"2023-05-20T13:58:49+00:00","dateModified":"2023-05-20T14:04:52+00:00","breadcrumb":{"@id":"https:\/\/infos-droitshumains.net\/?p=7114#breadcrumb"},"inLanguage":"fr-FR","potentialAction":[{"@type":"ReadAction","target":["https:\/\/infos-droitshumains.net\/?p=7114"]}]},{"@type":"ImageObject","inLanguage":"fr-FR","@id":"https:\/\/infos-droitshumains.net\/?p=7114#primaryimage","url":"https:\/\/i0.wp.com\/infos-droitshumains.net\/wp-content\/uploads\/2023\/05\/images-18_1.jpeg?fit=807%2C380&ssl=1","contentUrl":"https:\/\/i0.wp.com\/infos-droitshumains.net\/wp-content\/uploads\/2023\/05\/images-18_1.jpeg?fit=807%2C380&ssl=1","width":807,"height":380},{"@type":"BreadcrumbList","@id":"https:\/\/infos-droitshumains.net\/?p=7114#breadcrumb","itemListElement":[{"@type":"ListItem","position":1,"name":"Accueil","item":"https:\/\/infos-droitshumains.net\/"},{"@type":"ListItem","position":2,"name":"RDC : Le CDCE invite la CENI \u00e0 replanifier op\u00e9ration de l\u2019audit externe du fichier \u00e9lectoral"}]},{"@type":"WebSite","@id":"https:\/\/infos-droitshumains.net\/#website","url":"https:\/\/infos-droitshumains.net\/","name":"Infos Droits Humains","description":"S&#039;informer est un droit","publisher":{"@id":"https:\/\/infos-droitshumains.net\/#organization"},"potentialAction":[{"@type":"SearchAction","target":{"@type":"EntryPoint","urlTemplate":"https:\/\/infos-droitshumains.net\/?s={search_term_string}"},"query-input":{"@type":"PropertyValueSpecification","valueRequired":true,"valueName":"search_term_string"}}],"inLanguage":"fr-FR"},{"@type":"Organization","@id":"https:\/\/infos-droitshumains.net\/#organization","name":"Infos Droits Humains","url":"https:\/\/infos-droitshumains.net\/","logo":{"@type":"ImageObject","inLanguage":"fr-FR","@id":"https:\/\/infos-droitshumains.net\/#\/schema\/logo\/image\/","url":"https:\/\/i0.wp.com\/infos-droitshumains.net\/wp-content\/uploads\/2022\/05\/Logo.png?fit=333%2C129&ssl=1","contentUrl":"https:\/\/i0.wp.com\/infos-droitshumains.net\/wp-content\/uploads\/2022\/05\/Logo.png?fit=333%2C129&ssl=1","width":333,"height":129,"caption":"Infos Droits Humains"},"image":{"@id":"https:\/\/infos-droitshumains.net\/#\/schema\/logo\/image\/"}},{"@type":"Person","@id":"https:\/\/infos-droitshumains.net\/#\/schema\/person\/3dc5e921c3302172e0ed4362f96faab7","name":"Jo\u00ebl Diawa","image":{"@type":"ImageObject","inLanguage":"fr-FR","@id":"https:\/\/secure.gravatar.com\/avatar\/729bea6ff4604c624417803c477363be8e3c7186deaa65713313f9b4b820f41c?s=96&d=mm&r=g","url":"https:\/\/secure.gravatar.com\/avatar\/729bea6ff4604c624417803c477363be8e3c7186deaa65713313f9b4b820f41c?s=96&d=mm&r=g","contentUrl":"https:\/\/secure.gravatar.com\/avatar\/729bea6ff4604c624417803c477363be8e3c7186deaa65713313f9b4b820f41c?s=96&d=mm&r=g","caption":"Jo\u00ebl Diawa"},"sameAs":["https:\/\/www.infos-droitshumains.net"],"url":"https:\/\/infos-droitshumains.net\/?author=2"}]}},"featured_image_urls":{"full":["https:\/\/i0.wp.com\/infos-droitshumains.net\/wp-content\/uploads\/2023\/05\/images-18_1.jpeg?fit=807%2C380&ssl=1",807,380,false],"thumbnail":["https:\/\/i0.wp.com\/infos-droitshumains.net\/wp-content\/uploads\/2023\/05\/images-18_1.jpeg?resize=150%2C150&ssl=1",150,150,true],"medium":["https:\/\/i0.wp.com\/infos-droitshumains.net\/wp-content\/uploads\/2023\/05\/images-18_1.jpeg?fit=300%2C141&ssl=1",300,141,true],"medium_large":["https:\/\/i0.wp.com\/infos-droitshumains.net\/wp-content\/uploads\/2023\/05\/images-18_1.jpeg?fit=640%2C302&ssl=1",640,302,true],"large":["https:\/\/i0.wp.com\/infos-droitshumains.net\/wp-content\/uploads\/2023\/05\/images-18_1.jpeg?fit=640%2C301&ssl=1",640,301,true],"1536x1536":["https:\/\/i0.wp.com\/infos-droitshumains.net\/wp-content\/uploads\/2023\/05\/images-18_1.jpeg?fit=807%2C380&ssl=1",807,380,true],"2048x2048":["https:\/\/i0.wp.com\/infos-droitshumains.net\/wp-content\/uploads\/2023\/05\/images-18_1.jpeg?fit=807%2C380&ssl=1",807,380,true],"covernews-slider-full":["https:\/\/i0.wp.com\/infos-droitshumains.net\/wp-content\/uploads\/2023\/05\/images-18_1.jpeg?resize=807%2C380&ssl=1",807,380,true],"covernews-slider-center":["https:\/\/i0.wp.com\/infos-droitshumains.net\/wp-content\/uploads\/2023\/05\/images-18_1.jpeg?resize=800%2C380&ssl=1",800,380,true],"covernews-featured":["https:\/\/i0.wp.com\/infos-droitshumains.net\/wp-content\/uploads\/2023\/05\/images-18_1.jpeg?fit=807%2C380&ssl=1",807,380,true],"covernews-medium":["https:\/\/i0.wp.com\/infos-droitshumains.net\/wp-content\/uploads\/2023\/05\/images-18_1.jpeg?resize=540%2C340&ssl=1",540,340,true],"covernews-medium-square":["https:\/\/i0.wp.com\/infos-droitshumains.net\/wp-content\/uploads\/2023\/05\/images-18_1.jpeg?resize=400%2C250&ssl=1",400,250,true]},"author_info":{"display_name":"Jo\u00ebl Diawa","author_link":"https:\/\/infos-droitshumains.net\/?author=2"},"category_info":"<a href=\"https:\/\/infos-droitshumains.net\/?cat=3\" rel=\"category\">Politique<\/a>","tag_info":"Politique","comment_count":"0","jetpack_featured_media_url":"https:\/\/i0.wp.com\/infos-droitshumains.net\/wp-content\/uploads\/2023\/05\/images-18_1.jpeg?fit=807%2C380&ssl=1","jetpack-related-posts":[],"jetpack_sharing_enabled":true,"_links":{"self":[{"href":"https:\/\/infos-droitshumains.net\/index.php?rest_route=\/wp\/v2\/posts\/7114","targetHints":{"allow":["GET"]}}],"collection":[{"href":"https:\/\/infos-droitshumains.net\/index.php?rest_route=\/wp\/v2\/posts"}],"about":[{"href":"https:\/\/infos-droitshumains.net\/index.php?rest_route=\/wp\/v2\/types\/post"}],"author":[{"embeddable":true,"href":"https:\/\/infos-droitshumains.net\/index.php?rest_route=\/wp\/v2\/users\/2"}],"replies":[{"embeddable":true,"href":"https:\/\/infos-droitshumains.net\/index.php?rest_route=%2Fwp%2Fv2%2Fcomments&post=7114"}],"version-history":[{"count":2,"href":"https:\/\/infos-droitshumains.net\/index.php?rest_route=\/wp\/v2\/posts\/7114\/revisions"}],"predecessor-version":[{"id":7119,"href":"https:\/\/infos-droitshumains.net\/index.php?rest_route=\/wp\/v2\/posts\/7114\/revisions\/7119"}],"wp:featuredmedia":[{"embeddable":true,"href":"https:\/\/infos-droitshumains.net\/index.php?rest_route=\/wp\/v2\/media\/7120"}],"wp:attachment":[{"href":"https:\/\/infos-droitshumains.net\/index.php?rest_route=%2Fwp%2Fv2%2Fmedia&parent=7114"}],"wp:term":[{"taxonomy":"category","embeddable":true,"href":"https:\/\/infos-droitshumains.net\/index.php?rest_route=%2Fwp%2Fv2%2Fcategories&post=7114"},{"taxonomy":"post_tag","embeddable":true,"href":"https:\/\/infos-droitshumains.net\/index.php?rest_route=%2Fwp%2Fv2%2Ftags&post=7114"}],"curies":[{"name":"wp","href":"https:\/\/api.w.org\/{rel}","templated":true}]}}