{"id":704,"date":"2021-08-29T20:19:08","date_gmt":"2021-08-29T18:19:08","guid":{"rendered":"https:\/\/www.infos-droitshumains.net\/?p=704"},"modified":"2023-04-06T12:11:45","modified_gmt":"2023-04-06T10:11:45","slug":"politique-a-cause-de-ses-actions-palpables-sur-terrain-le-senateur-jean-bakomito-sattire-la-foudre-de-ses-detracteurs","status":"publish","type":"post","link":"https:\/\/infos-droitshumains.net\/?p=704","title":{"rendered":"Politique : A cause de ses actions palpables sur terrain, le s\u00e9nateur Jean Bakomito s&rsquo;attire la foudre de ses d\u00e9tracteurs"},"content":{"rendered":"\n<p><\/p>\n\n\n\n<p>En politique tous les coups sont permis dit-on. M\u00eame les plus ridicules possible, juste pour chercher \u00e0 discr\u00e9diter son adversaire, et surtout si sur un terrain d\u00e9mocratique, ce dernier vous ass\u00e8ne les uppercuts les plus Fatals.<\/p>\n\n\n\n<p>Cette situation est similaire \u00e0 celle que vit le s\u00e9nateur Jean Bakomito. Depuis un certain moment, ses d\u00e9tracteurs font circuler un infox selon lesquel, il aurait engross\u00e9 la femme de l&rsquo;un de ses coll\u00e8gues.<\/p>\n\n\n\n<p>De quel coll\u00e8gue s&rsquo;agirait-il?, les auteurs de cette cabale n&rsquo;ont pas p\u00fb r\u00e9pondre \u00e0 interrogation\u00a0\u00bb.<\/p>\n\n\n\n<p>Contact\u00e9 par la r\u00e9daction de infos-droitshumains.net, l&rsquo;\u00e9lu des \u00e9lus de la province de Haut Uele dit ne pas \u00eatre surpris par ce qu&rsquo;il qualifie de campagne de diabolisation qui date de longtemps :<\/p>\n\n\n\n<p>\u00a0\u00bb <em>Lors de la campagne des membres du bureau, j&rsquo;\u00e9tais candidat \u00e0 la questure. Et surpris donc de voir \u00e0 la veille des \u00e9lections cette image et campagne de diabolisation. Et suite aux nombreuses actions que je fais ces jours, je me suis cr\u00e9e un groupe d&rsquo;ennemis qui semble avoir actualis\u00e9 juste cette attaque. Certes , il est encore difficile d&rsquo;identifier de mani\u00e8re plus pr\u00e9cise les personnes derri\u00e8re \u00e7a,  m\u00eame on a d\u00e9j\u00e0 l&rsquo;id\u00e9e, une plainte \u00e0 \u00e9t\u00e9 d\u00e9pos\u00e9e au parquet pour cela\u00a0\u00bb<\/em> .<\/p>\n\n\n\n<p>Plainte confirm\u00e9e par un communiqu\u00e9 de presse sign\u00e9 en date du 24 ao\u00fbt par la fondation Jean Bakomito<\/p>\n\n\n\n<figure class=\"wp-block-image alignfull size-large\"><img data-recalc-dims=\"1\" decoding=\"async\" src=\"https:\/\/i0.wp.com\/www.infos-droitshumains.net\/wp-content\/uploads\/2021\/08\/Screenshot_20210829-193221-1.png?w=640&#038;ssl=1\" alt=\"\" class=\"wp-image-722\" \/><\/figure>\n\n\n\n<p>De son c\u00f4t\u00e9, le s\u00e9nateur Jean Bakomito reste serein et ne compte pas donner de l&rsquo;importance \u00e0 ses d\u00e9tracteurs de mauvais go\u00fbt, il reste concentr\u00e9 \u00e0 l&rsquo;essentiel :<\/p>\n\n\n\n<p>\u00a0\u00bb <em>J&rsquo;ai 108 coll\u00e8gues qui depuis plus au moins six moins ne conaissent  pas lequel de senateur, coll\u00e8gue \u00e0 moi est victime de ce genre de chose. Et donc , je ne veux pas leur donner trop de valeur en essayant de me justifier ou de pleunircher Je continue mon travail\u00a0\u00bb<\/em> .<\/p>\n\n\n\n<p>\u00c0 en croire certains analystes, cette campagne de diabolisation n&rsquo;est qu&rsquo;une fa\u00e7on de vouloir ternir l&rsquo;image de ce s\u00e9nateur qui nourrit beaucoup d&rsquo;ambitions pour sa province de Haut Uel\u00e9; mais cela est per\u00e7u par Jean Bakomito comme un coup d&rsquo;\u00e9p\u00e9e dans l&rsquo;eau.<\/p>\n","protected":false},"excerpt":{"rendered":"<p>En politique tous les coups sont permis dit-on. M\u00eame les plus ridicules possible, juste pour&#8230;<\/p>\n","protected":false},"author":2,"featured_media":0,"comment_status":"open","ping_status":"open","sticky":false,"template":"","format":"standard","meta":{"_jetpack_memberships_contains_paid_content":false,"footnotes":""},"categories":[1],"tags":[],"class_list":["post-704","post","type-post","status-publish","format-standard","hentry","category-non-classe"],"yoast_head":"<!-- This site is optimized with the Yoast SEO plugin v27.5 - https:\/\/yoast.com\/product\/yoast-seo-wordpress\/ -->\n<title>Politique : A cause de ses actions palpables sur terrain, le s\u00e9nateur Jean Bakomito s&#039;attire la foudre de ses d\u00e9tracteurs - Infos Droits Humains<\/title>\n<meta name=\"robots\" content=\"index, follow, max-snippet:-1, max-image-preview:large, max-video-preview:-1\" \/>\n<link rel=\"canonical\" href=\"https:\/\/infos-droitshumains.net\/?p=704\" \/>\n<meta property=\"og:locale\" content=\"fr_FR\" \/>\n<meta property=\"og:type\" content=\"article\" \/>\n<meta property=\"og:title\" content=\"Politique : A cause de ses actions palpables sur terrain, le s\u00e9nateur Jean Bakomito s&#039;attire la foudre de ses d\u00e9tracteurs - Infos Droits Humains\" \/>\n<meta property=\"og:description\" content=\"En politique tous les coups sont permis dit-on. M\u00eame les plus ridicules possible, juste pour...\" \/>\n<meta property=\"og:url\" content=\"https:\/\/infos-droitshumains.net\/?p=704\" \/>\n<meta property=\"og:site_name\" content=\"Infos Droits Humains\" \/>\n<meta property=\"article:published_time\" content=\"2021-08-29T18:19:08+00:00\" \/>\n<meta property=\"article:modified_time\" content=\"2023-04-06T10:11:45+00:00\" \/>\n<meta property=\"og:image\" content=\"https:\/\/www.infos-droitshumains.net\/wp-content\/uploads\/2021\/08\/Screenshot_20210829-193221-1.png\" \/>\n<meta name=\"author\" content=\"Jo\u00ebl Diawa\" \/>\n<meta name=\"twitter:card\" content=\"summary_large_image\" \/>\n<meta name=\"twitter:label1\" content=\"\u00c9crit par\" \/>\n\t<meta name=\"twitter:data1\" content=\"Jo\u00ebl Diawa\" \/>\n\t<meta name=\"twitter:label2\" content=\"Dur\u00e9e de lecture estim\u00e9e\" \/>\n\t<meta name=\"twitter:data2\" content=\"2 minutes\" \/>\n<script type=\"application\/ld+json\" class=\"yoast-schema-graph\">{\"@context\":\"https:\\\/\\\/schema.org\",\"@graph\":[{\"@type\":\"Article\",\"@id\":\"https:\\\/\\\/infos-droitshumains.net\\\/?p=704#article\",\"isPartOf\":{\"@id\":\"https:\\\/\\\/infos-droitshumains.net\\\/?p=704\"},\"author\":{\"name\":\"Jo\u00ebl Diawa\",\"@id\":\"https:\\\/\\\/infos-droitshumains.net\\\/#\\\/schema\\\/person\\\/3dc5e921c3302172e0ed4362f96faab7\"},\"headline\":\"Politique : A cause de ses actions palpables sur terrain, le s\u00e9nateur Jean Bakomito s&rsquo;attire la foudre de ses d\u00e9tracteurs\",\"datePublished\":\"2021-08-29T18:19:08+00:00\",\"dateModified\":\"2023-04-06T10:11:45+00:00\",\"mainEntityOfPage\":{\"@id\":\"https:\\\/\\\/infos-droitshumains.net\\\/?p=704\"},\"wordCount\":378,\"commentCount\":0,\"publisher\":{\"@id\":\"https:\\\/\\\/infos-droitshumains.net\\\/#organization\"},\"image\":{\"@id\":\"https:\\\/\\\/infos-droitshumains.net\\\/?p=704#primaryimage\"},\"thumbnailUrl\":\"https:\\\/\\\/www.infos-droitshumains.net\\\/wp-content\\\/uploads\\\/2021\\\/08\\\/Screenshot_20210829-193221-1.png\",\"inLanguage\":\"fr-FR\",\"potentialAction\":[{\"@type\":\"CommentAction\",\"name\":\"Comment\",\"target\":[\"https:\\\/\\\/infos-droitshumains.net\\\/?p=704#respond\"]}]},{\"@type\":\"WebPage\",\"@id\":\"https:\\\/\\\/infos-droitshumains.net\\\/?p=704\",\"url\":\"https:\\\/\\\/infos-droitshumains.net\\\/?p=704\",\"name\":\"Politique : A cause de ses actions palpables sur terrain, le s\u00e9nateur Jean Bakomito s'attire la foudre de ses d\u00e9tracteurs - Infos Droits Humains\",\"isPartOf\":{\"@id\":\"https:\\\/\\\/infos-droitshumains.net\\\/#website\"},\"primaryImageOfPage\":{\"@id\":\"https:\\\/\\\/infos-droitshumains.net\\\/?p=704#primaryimage\"},\"image\":{\"@id\":\"https:\\\/\\\/infos-droitshumains.net\\\/?p=704#primaryimage\"},\"thumbnailUrl\":\"https:\\\/\\\/www.infos-droitshumains.net\\\/wp-content\\\/uploads\\\/2021\\\/08\\\/Screenshot_20210829-193221-1.png\",\"datePublished\":\"2021-08-29T18:19:08+00:00\",\"dateModified\":\"2023-04-06T10:11:45+00:00\",\"breadcrumb\":{\"@id\":\"https:\\\/\\\/infos-droitshumains.net\\\/?p=704#breadcrumb\"},\"inLanguage\":\"fr-FR\",\"potentialAction\":[{\"@type\":\"ReadAction\",\"target\":[\"https:\\\/\\\/infos-droitshumains.net\\\/?p=704\"]}]},{\"@type\":\"ImageObject\",\"inLanguage\":\"fr-FR\",\"@id\":\"https:\\\/\\\/infos-droitshumains.net\\\/?p=704#primaryimage\",\"url\":\"https:\\\/\\\/www.infos-droitshumains.net\\\/wp-content\\\/uploads\\\/2021\\\/08\\\/Screenshot_20210829-193221-1.png\",\"contentUrl\":\"https:\\\/\\\/www.infos-droitshumains.net\\\/wp-content\\\/uploads\\\/2021\\\/08\\\/Screenshot_20210829-193221-1.png\"},{\"@type\":\"BreadcrumbList\",\"@id\":\"https:\\\/\\\/infos-droitshumains.net\\\/?p=704#breadcrumb\",\"itemListElement\":[{\"@type\":\"ListItem\",\"position\":1,\"name\":\"Accueil\",\"item\":\"https:\\\/\\\/infos-droitshumains.net\\\/\"},{\"@type\":\"ListItem\",\"position\":2,\"name\":\"Politique : A cause de ses actions palpables sur terrain, le s\u00e9nateur Jean Bakomito s&rsquo;attire la foudre de ses d\u00e9tracteurs\"}]},{\"@type\":\"WebSite\",\"@id\":\"https:\\\/\\\/infos-droitshumains.net\\\/#website\",\"url\":\"https:\\\/\\\/infos-droitshumains.net\\\/\",\"name\":\"Infos Droits Humains\",\"description\":\"S&#039;informer est un droit\",\"publisher\":{\"@id\":\"https:\\\/\\\/infos-droitshumains.net\\\/#organization\"},\"potentialAction\":[{\"@type\":\"SearchAction\",\"target\":{\"@type\":\"EntryPoint\",\"urlTemplate\":\"https:\\\/\\\/infos-droitshumains.net\\\/?s={search_term_string}\"},\"query-input\":{\"@type\":\"PropertyValueSpecification\",\"valueRequired\":true,\"valueName\":\"search_term_string\"}}],\"inLanguage\":\"fr-FR\"},{\"@type\":\"Organization\",\"@id\":\"https:\\\/\\\/infos-droitshumains.net\\\/#organization\",\"name\":\"Infos Droits Humains\",\"url\":\"https:\\\/\\\/infos-droitshumains.net\\\/\",\"logo\":{\"@type\":\"ImageObject\",\"inLanguage\":\"fr-FR\",\"@id\":\"https:\\\/\\\/infos-droitshumains.net\\\/#\\\/schema\\\/logo\\\/image\\\/\",\"url\":\"https:\\\/\\\/i0.wp.com\\\/infos-droitshumains.net\\\/wp-content\\\/uploads\\\/2022\\\/05\\\/Logo.png?fit=333%2C129&ssl=1\",\"contentUrl\":\"https:\\\/\\\/i0.wp.com\\\/infos-droitshumains.net\\\/wp-content\\\/uploads\\\/2022\\\/05\\\/Logo.png?fit=333%2C129&ssl=1\",\"width\":333,\"height\":129,\"caption\":\"Infos Droits Humains\"},\"image\":{\"@id\":\"https:\\\/\\\/infos-droitshumains.net\\\/#\\\/schema\\\/logo\\\/image\\\/\"}},{\"@type\":\"Person\",\"@id\":\"https:\\\/\\\/infos-droitshumains.net\\\/#\\\/schema\\\/person\\\/3dc5e921c3302172e0ed4362f96faab7\",\"name\":\"Jo\u00ebl Diawa\",\"image\":{\"@type\":\"ImageObject\",\"inLanguage\":\"fr-FR\",\"@id\":\"https:\\\/\\\/secure.gravatar.com\\\/avatar\\\/729bea6ff4604c624417803c477363be8e3c7186deaa65713313f9b4b820f41c?s=96&d=mm&r=g\",\"url\":\"https:\\\/\\\/secure.gravatar.com\\\/avatar\\\/729bea6ff4604c624417803c477363be8e3c7186deaa65713313f9b4b820f41c?s=96&d=mm&r=g\",\"contentUrl\":\"https:\\\/\\\/secure.gravatar.com\\\/avatar\\\/729bea6ff4604c624417803c477363be8e3c7186deaa65713313f9b4b820f41c?s=96&d=mm&r=g\",\"caption\":\"Jo\u00ebl Diawa\"},\"sameAs\":[\"https:\\\/\\\/www.infos-droitshumains.net\"],\"url\":\"https:\\\/\\\/infos-droitshumains.net\\\/?author=2\"}]}<\/script>\n<!-- \/ Yoast SEO plugin. -->","yoast_head_json":{"title":"Politique : A cause de ses actions palpables sur terrain, le s\u00e9nateur Jean Bakomito s'attire la foudre de ses d\u00e9tracteurs - Infos Droits Humains","robots":{"index":"index","follow":"follow","max-snippet":"max-snippet:-1","max-image-preview":"max-image-preview:large","max-video-preview":"max-video-preview:-1"},"canonical":"https:\/\/infos-droitshumains.net\/?p=704","og_locale":"fr_FR","og_type":"article","og_title":"Politique : A cause de ses actions palpables sur terrain, le s\u00e9nateur Jean Bakomito s'attire la foudre de ses d\u00e9tracteurs - Infos Droits Humains","og_description":"En politique tous les coups sont permis dit-on. M\u00eame les plus ridicules possible, juste pour...","og_url":"https:\/\/infos-droitshumains.net\/?p=704","og_site_name":"Infos Droits Humains","article_published_time":"2021-08-29T18:19:08+00:00","article_modified_time":"2023-04-06T10:11:45+00:00","og_image":[{"url":"https:\/\/www.infos-droitshumains.net\/wp-content\/uploads\/2021\/08\/Screenshot_20210829-193221-1.png","type":"","width":"","height":""}],"author":"Jo\u00ebl Diawa","twitter_card":"summary_large_image","twitter_misc":{"\u00c9crit par":"Jo\u00ebl Diawa","Dur\u00e9e de lecture estim\u00e9e":"2 minutes"},"schema":{"@context":"https:\/\/schema.org","@graph":[{"@type":"Article","@id":"https:\/\/infos-droitshumains.net\/?p=704#article","isPartOf":{"@id":"https:\/\/infos-droitshumains.net\/?p=704"},"author":{"name":"Jo\u00ebl Diawa","@id":"https:\/\/infos-droitshumains.net\/#\/schema\/person\/3dc5e921c3302172e0ed4362f96faab7"},"headline":"Politique : A cause de ses actions palpables sur terrain, le s\u00e9nateur Jean Bakomito s&rsquo;attire la foudre de ses d\u00e9tracteurs","datePublished":"2021-08-29T18:19:08+00:00","dateModified":"2023-04-06T10:11:45+00:00","mainEntityOfPage":{"@id":"https:\/\/infos-droitshumains.net\/?p=704"},"wordCount":378,"commentCount":0,"publisher":{"@id":"https:\/\/infos-droitshumains.net\/#organization"},"image":{"@id":"https:\/\/infos-droitshumains.net\/?p=704#primaryimage"},"thumbnailUrl":"https:\/\/www.infos-droitshumains.net\/wp-content\/uploads\/2021\/08\/Screenshot_20210829-193221-1.png","inLanguage":"fr-FR","potentialAction":[{"@type":"CommentAction","name":"Comment","target":["https:\/\/infos-droitshumains.net\/?p=704#respond"]}]},{"@type":"WebPage","@id":"https:\/\/infos-droitshumains.net\/?p=704","url":"https:\/\/infos-droitshumains.net\/?p=704","name":"Politique : A cause de ses actions palpables sur terrain, le s\u00e9nateur Jean Bakomito s'attire la foudre de ses d\u00e9tracteurs - Infos Droits Humains","isPartOf":{"@id":"https:\/\/infos-droitshumains.net\/#website"},"primaryImageOfPage":{"@id":"https:\/\/infos-droitshumains.net\/?p=704#primaryimage"},"image":{"@id":"https:\/\/infos-droitshumains.net\/?p=704#primaryimage"},"thumbnailUrl":"https:\/\/www.infos-droitshumains.net\/wp-content\/uploads\/2021\/08\/Screenshot_20210829-193221-1.png","datePublished":"2021-08-29T18:19:08+00:00","dateModified":"2023-04-06T10:11:45+00:00","breadcrumb":{"@id":"https:\/\/infos-droitshumains.net\/?p=704#breadcrumb"},"inLanguage":"fr-FR","potentialAction":[{"@type":"ReadAction","target":["https:\/\/infos-droitshumains.net\/?p=704"]}]},{"@type":"ImageObject","inLanguage":"fr-FR","@id":"https:\/\/infos-droitshumains.net\/?p=704#primaryimage","url":"https:\/\/www.infos-droitshumains.net\/wp-content\/uploads\/2021\/08\/Screenshot_20210829-193221-1.png","contentUrl":"https:\/\/www.infos-droitshumains.net\/wp-content\/uploads\/2021\/08\/Screenshot_20210829-193221-1.png"},{"@type":"BreadcrumbList","@id":"https:\/\/infos-droitshumains.net\/?p=704#breadcrumb","itemListElement":[{"@type":"ListItem","position":1,"name":"Accueil","item":"https:\/\/infos-droitshumains.net\/"},{"@type":"ListItem","position":2,"name":"Politique : A cause de ses actions palpables sur terrain, le s\u00e9nateur Jean Bakomito s&rsquo;attire la foudre de ses d\u00e9tracteurs"}]},{"@type":"WebSite","@id":"https:\/\/infos-droitshumains.net\/#website","url":"https:\/\/infos-droitshumains.net\/","name":"Infos Droits Humains","description":"S&#039;informer est un droit","publisher":{"@id":"https:\/\/infos-droitshumains.net\/#organization"},"potentialAction":[{"@type":"SearchAction","target":{"@type":"EntryPoint","urlTemplate":"https:\/\/infos-droitshumains.net\/?s={search_term_string}"},"query-input":{"@type":"PropertyValueSpecification","valueRequired":true,"valueName":"search_term_string"}}],"inLanguage":"fr-FR"},{"@type":"Organization","@id":"https:\/\/infos-droitshumains.net\/#organization","name":"Infos Droits Humains","url":"https:\/\/infos-droitshumains.net\/","logo":{"@type":"ImageObject","inLanguage":"fr-FR","@id":"https:\/\/infos-droitshumains.net\/#\/schema\/logo\/image\/","url":"https:\/\/i0.wp.com\/infos-droitshumains.net\/wp-content\/uploads\/2022\/05\/Logo.png?fit=333%2C129&ssl=1","contentUrl":"https:\/\/i0.wp.com\/infos-droitshumains.net\/wp-content\/uploads\/2022\/05\/Logo.png?fit=333%2C129&ssl=1","width":333,"height":129,"caption":"Infos Droits Humains"},"image":{"@id":"https:\/\/infos-droitshumains.net\/#\/schema\/logo\/image\/"}},{"@type":"Person","@id":"https:\/\/infos-droitshumains.net\/#\/schema\/person\/3dc5e921c3302172e0ed4362f96faab7","name":"Jo\u00ebl Diawa","image":{"@type":"ImageObject","inLanguage":"fr-FR","@id":"https:\/\/secure.gravatar.com\/avatar\/729bea6ff4604c624417803c477363be8e3c7186deaa65713313f9b4b820f41c?s=96&d=mm&r=g","url":"https:\/\/secure.gravatar.com\/avatar\/729bea6ff4604c624417803c477363be8e3c7186deaa65713313f9b4b820f41c?s=96&d=mm&r=g","contentUrl":"https:\/\/secure.gravatar.com\/avatar\/729bea6ff4604c624417803c477363be8e3c7186deaa65713313f9b4b820f41c?s=96&d=mm&r=g","caption":"Jo\u00ebl Diawa"},"sameAs":["https:\/\/www.infos-droitshumains.net"],"url":"https:\/\/infos-droitshumains.net\/?author=2"}]}},"featured_image_urls":{"full":"","thumbnail":"","medium":"","medium_large":"","large":"","1536x1536":"","2048x2048":"","covernews-slider-full":"","covernews-slider-center":"","covernews-featured":"","covernews-medium":"","covernews-medium-square":""},"author_info":{"display_name":"Jo\u00ebl Diawa","author_link":"https:\/\/infos-droitshumains.net\/?author=2"},"category_info":"<a href=\"https:\/\/infos-droitshumains.net\/?cat=1\" rel=\"category\">Non class\u00e9<\/a>","tag_info":"Non class\u00e9","comment_count":"0","jetpack_featured_media_url":"","jetpack-related-posts":[],"jetpack_sharing_enabled":true,"_links":{"self":[{"href":"https:\/\/infos-droitshumains.net\/index.php?rest_route=\/wp\/v2\/posts\/704","targetHints":{"allow":["GET"]}}],"collection":[{"href":"https:\/\/infos-droitshumains.net\/index.php?rest_route=\/wp\/v2\/posts"}],"about":[{"href":"https:\/\/infos-droitshumains.net\/index.php?rest_route=\/wp\/v2\/types\/post"}],"author":[{"embeddable":true,"href":"https:\/\/infos-droitshumains.net\/index.php?rest_route=\/wp\/v2\/users\/2"}],"replies":[{"embeddable":true,"href":"https:\/\/infos-droitshumains.net\/index.php?rest_route=%2Fwp%2Fv2%2Fcomments&post=704"}],"version-history":[{"count":3,"href":"https:\/\/infos-droitshumains.net\/index.php?rest_route=\/wp\/v2\/posts\/704\/revisions"}],"predecessor-version":[{"id":723,"href":"https:\/\/infos-droitshumains.net\/index.php?rest_route=\/wp\/v2\/posts\/704\/revisions\/723"}],"wp:attachment":[{"href":"https:\/\/infos-droitshumains.net\/index.php?rest_route=%2Fwp%2Fv2%2Fmedia&parent=704"}],"wp:term":[{"taxonomy":"category","embeddable":true,"href":"https:\/\/infos-droitshumains.net\/index.php?rest_route=%2Fwp%2Fv2%2Fcategories&post=704"},{"taxonomy":"post_tag","embeddable":true,"href":"https:\/\/infos-droitshumains.net\/index.php?rest_route=%2Fwp%2Fv2%2Ftags&post=704"}],"curies":[{"name":"wp","href":"https:\/\/api.w.org\/{rel}","templated":true}]}}