{"id":6887,"date":"2023-04-06T16:07:23","date_gmt":"2023-04-06T14:07:23","guid":{"rendered":"https:\/\/infos-droitshumains.net\/?p=6887"},"modified":"2023-04-06T16:39:44","modified_gmt":"2023-04-06T14:39:44","slug":"journee-du-combat-de-simon-kimbangu-et-de-la-conscience-africaine-en-rdc-les-avis-se-divergent","status":"publish","type":"post","link":"https:\/\/infos-droitshumains.net\/?p=6887","title":{"rendered":"Journ\u00e9e nationale du combat de Simon Kimbangu et de la conscience africaine: En RDC les avis se divergent"},"content":{"rendered":"\n<p>&nbsp;&nbsp;<strong>R\u00e9daction :+243817406088<\/strong><\/p>\n\n\n\n<p>La R\u00e9publique D\u00e9mocratique du Congo a c\u00e9l\u00e9br\u00e9 ce jeudi 6 avril 2023, la journ\u00e9e du combat de Simon Kimbangu et de la conscience africaine. Une premi\u00e8re c\u00e9l\u00e9bration car la journ\u00e9e a \u00e9t\u00e9 institu\u00e9e par l&rsquo;ordonnance pr\u00e9sidentielle du 3 avril 2023 qui l\u2019a \u00e9galement consacr\u00e9e journ\u00e9e f\u00e9ri\u00e9e. Au sein de l\u2019\u00e9glise kimbaguiste, cette journ\u00e9e marque la naissance de de l\u2019\u00e9glise avec le premier miracle op\u00e9r\u00e9 par le proph\u00e8te Simon Kimbangu en 1921.<\/p>\n\n\n\n<p>Par l&rsquo;occasion, les fid\u00e8les de l&rsquo;\u00e9glise kimbanguiste de Kinshasa ont organis\u00e9 des carnavals dans certaines art\u00e8res, notamment de rond-point des huileries,&nbsp; passant par boulevard triomphal et rond-point victoire pour chuter au centre d&rsquo;accueil. Objectif, c\u00e9l\u00e9brer ce double \u00e9v\u00e9nement historique.<\/p>\n\n\n\n<p>Ces Kimbanguistes pensent que l&rsquo;institution de cette journ\u00e9e est une marque de reconnaissance et de couronnement du combat de celui qu&rsquo;ils appellent affectueusement <strong><em>\u00ab&nbsp;Papa Simon Kimbangu&nbsp;\u00bb.<\/em><\/strong><\/p>\n\n\n\n<p>L&rsquo;instauration de cette journ\u00e9e en m\u00e9moire de Simon Kimbangu ne fait cependant pas l\u2019unanime au sein de la soci\u00e9t\u00e9 congolaise. Du c\u00f4t\u00e9 de l&rsquo;opposition, l&rsquo;on parle de la violation de la constitution dans son article 1 qui consacre le caract\u00e8re la\u00efc de la RDC.<\/p>\n\n\n\n<p>Du c\u00f4t\u00e9 confessions religieuses, la communaut\u00e9 musulmane en RDC parle d\u2019une politique s\u00e9lective car, la f\u00eate de l\u2019Aid al-Adha \u00ab&nbsp;Tabaski&nbsp;\u00bb peine \u00e0 \u00eatre reconnue par les autorit\u00e9s &nbsp;malgr\u00e9 plusieurs plaidoyers men\u00e9s dans ce sens.<\/p>\n\n\n\n<p>Face \u00e0 toutes ces critiques, les autorit\u00e9s parle parlent d&rsquo;un signe de reconnaissance et de souvenir du combat impressionnant et courageux qu&rsquo;a men\u00e9 Simon Kimbangu comme <strong><em>\u00ab&nbsp;individu&nbsp;\u00bb<\/em><\/strong> et&nbsp; non comme <strong><em>\u00ab&nbsp;visionnaire de l&rsquo;\u00e9glise Kimbanguiste&nbsp;\u00bb<\/em><\/strong> en vue d&rsquo;inspirer la g\u00e9n\u00e9ration actuelle dans le m\u00eame combat.<\/p>\n\n\n\n<p>institution de cette journ\u00e9e est la concr\u00e9tisation de la promesse du Chef de l&rsquo;Etat faite \u00e0 la hi\u00e9rarchie de cette \u00e9glise lors de la c\u00e9l\u00e9bration de son centenaire F\u00e9lix Tshisekedi avait promis de r\u00e9pondre \u00e0 la demande de la reconnaissance du combat men\u00e9 \u00e0 l&rsquo;\u00e9poque coloniale par le proph\u00e8te Simon Kimbangu qui est consid\u00e9r\u00e9 par certaines personnes comme l&rsquo;un des pr\u00e9curseurs de l&rsquo;ind\u00e9pendance de la RDC.<\/p>\n\n\n\n<p>AM<\/p>\n","protected":false},"excerpt":{"rendered":"<p>&nbsp;&nbsp;R\u00e9daction :+243817406088 La R\u00e9publique D\u00e9mocratique du Congo a c\u00e9l\u00e9br\u00e9 ce jeudi 6 avril 2023, la&#8230;<\/p>\n","protected":false},"author":2,"featured_media":6895,"comment_status":"open","ping_status":"open","sticky":false,"template":"","format":"standard","meta":{"_jetpack_memberships_contains_paid_content":false,"footnotes":""},"categories":[8],"tags":[],"class_list":["post-6887","post","type-post","status-publish","format-standard","has-post-thumbnail","hentry","category-societe"],"yoast_head":"<!-- This site is optimized with the Yoast SEO plugin v27.5 - https:\/\/yoast.com\/product\/yoast-seo-wordpress\/ -->\n<title>Journ\u00e9e nationale du combat de Simon Kimbangu et de la conscience africaine: En RDC les avis se divergent - Infos Droits Humains<\/title>\n<meta name=\"robots\" content=\"index, follow, max-snippet:-1, max-image-preview:large, max-video-preview:-1\" \/>\n<link rel=\"canonical\" href=\"https:\/\/infos-droitshumains.net\/?p=6887\" \/>\n<meta property=\"og:locale\" content=\"fr_FR\" \/>\n<meta property=\"og:type\" content=\"article\" \/>\n<meta property=\"og:title\" content=\"Journ\u00e9e nationale du combat de Simon Kimbangu et de la conscience africaine: En RDC les avis se divergent - Infos Droits Humains\" \/>\n<meta property=\"og:description\" content=\"&nbsp;&nbsp;R\u00e9daction :+243817406088 La R\u00e9publique D\u00e9mocratique du Congo a c\u00e9l\u00e9br\u00e9 ce jeudi 6 avril 2023, la...\" \/>\n<meta property=\"og:url\" content=\"https:\/\/infos-droitshumains.net\/?p=6887\" \/>\n<meta property=\"og:site_name\" content=\"Infos Droits Humains\" \/>\n<meta property=\"article:published_time\" content=\"2023-04-06T14:07:23+00:00\" \/>\n<meta property=\"article:modified_time\" content=\"2023-04-06T14:39:44+00:00\" \/>\n<meta property=\"og:image\" content=\"https:\/\/i0.wp.com\/infos-droitshumains.net\/wp-content\/uploads\/2023\/04\/images-6_1.jpeg?fit=448%2C391&ssl=1\" \/>\n\t<meta property=\"og:image:width\" content=\"448\" \/>\n\t<meta property=\"og:image:height\" content=\"391\" \/>\n\t<meta property=\"og:image:type\" content=\"image\/jpeg\" \/>\n<meta name=\"author\" content=\"Jo\u00ebl Diawa\" \/>\n<meta name=\"twitter:card\" content=\"summary_large_image\" \/>\n<meta name=\"twitter:label1\" content=\"\u00c9crit par\" \/>\n\t<meta name=\"twitter:data1\" content=\"Jo\u00ebl Diawa\" \/>\n\t<meta name=\"twitter:label2\" content=\"Dur\u00e9e de lecture estim\u00e9e\" \/>\n\t<meta name=\"twitter:data2\" content=\"2 minutes\" \/>\n<script type=\"application\/ld+json\" class=\"yoast-schema-graph\">{\"@context\":\"https:\\\/\\\/schema.org\",\"@graph\":[{\"@type\":\"Article\",\"@id\":\"https:\\\/\\\/infos-droitshumains.net\\\/?p=6887#article\",\"isPartOf\":{\"@id\":\"https:\\\/\\\/infos-droitshumains.net\\\/?p=6887\"},\"author\":{\"name\":\"Jo\u00ebl Diawa\",\"@id\":\"https:\\\/\\\/infos-droitshumains.net\\\/#\\\/schema\\\/person\\\/3dc5e921c3302172e0ed4362f96faab7\"},\"headline\":\"Journ\u00e9e nationale du combat de Simon Kimbangu et de la conscience africaine: En RDC les avis se divergent\",\"datePublished\":\"2023-04-06T14:07:23+00:00\",\"dateModified\":\"2023-04-06T14:39:44+00:00\",\"mainEntityOfPage\":{\"@id\":\"https:\\\/\\\/infos-droitshumains.net\\\/?p=6887\"},\"wordCount\":407,\"commentCount\":0,\"publisher\":{\"@id\":\"https:\\\/\\\/infos-droitshumains.net\\\/#organization\"},\"image\":{\"@id\":\"https:\\\/\\\/infos-droitshumains.net\\\/?p=6887#primaryimage\"},\"thumbnailUrl\":\"https:\\\/\\\/i0.wp.com\\\/infos-droitshumains.net\\\/wp-content\\\/uploads\\\/2023\\\/04\\\/images-6_1.jpeg?fit=448%2C391&ssl=1\",\"articleSection\":[\"Soci\u00e9t\u00e9\"],\"inLanguage\":\"fr-FR\",\"potentialAction\":[{\"@type\":\"CommentAction\",\"name\":\"Comment\",\"target\":[\"https:\\\/\\\/infos-droitshumains.net\\\/?p=6887#respond\"]}]},{\"@type\":\"WebPage\",\"@id\":\"https:\\\/\\\/infos-droitshumains.net\\\/?p=6887\",\"url\":\"https:\\\/\\\/infos-droitshumains.net\\\/?p=6887\",\"name\":\"Journ\u00e9e nationale du combat de Simon Kimbangu et de la conscience africaine: En RDC les avis se divergent - Infos Droits Humains\",\"isPartOf\":{\"@id\":\"https:\\\/\\\/infos-droitshumains.net\\\/#website\"},\"primaryImageOfPage\":{\"@id\":\"https:\\\/\\\/infos-droitshumains.net\\\/?p=6887#primaryimage\"},\"image\":{\"@id\":\"https:\\\/\\\/infos-droitshumains.net\\\/?p=6887#primaryimage\"},\"thumbnailUrl\":\"https:\\\/\\\/i0.wp.com\\\/infos-droitshumains.net\\\/wp-content\\\/uploads\\\/2023\\\/04\\\/images-6_1.jpeg?fit=448%2C391&ssl=1\",\"datePublished\":\"2023-04-06T14:07:23+00:00\",\"dateModified\":\"2023-04-06T14:39:44+00:00\",\"breadcrumb\":{\"@id\":\"https:\\\/\\\/infos-droitshumains.net\\\/?p=6887#breadcrumb\"},\"inLanguage\":\"fr-FR\",\"potentialAction\":[{\"@type\":\"ReadAction\",\"target\":[\"https:\\\/\\\/infos-droitshumains.net\\\/?p=6887\"]}]},{\"@type\":\"ImageObject\",\"inLanguage\":\"fr-FR\",\"@id\":\"https:\\\/\\\/infos-droitshumains.net\\\/?p=6887#primaryimage\",\"url\":\"https:\\\/\\\/i0.wp.com\\\/infos-droitshumains.net\\\/wp-content\\\/uploads\\\/2023\\\/04\\\/images-6_1.jpeg?fit=448%2C391&ssl=1\",\"contentUrl\":\"https:\\\/\\\/i0.wp.com\\\/infos-droitshumains.net\\\/wp-content\\\/uploads\\\/2023\\\/04\\\/images-6_1.jpeg?fit=448%2C391&ssl=1\",\"width\":448,\"height\":391},{\"@type\":\"BreadcrumbList\",\"@id\":\"https:\\\/\\\/infos-droitshumains.net\\\/?p=6887#breadcrumb\",\"itemListElement\":[{\"@type\":\"ListItem\",\"position\":1,\"name\":\"Accueil\",\"item\":\"https:\\\/\\\/infos-droitshumains.net\\\/\"},{\"@type\":\"ListItem\",\"position\":2,\"name\":\"Journ\u00e9e nationale du combat de Simon Kimbangu et de la conscience africaine: En RDC les avis se divergent\"}]},{\"@type\":\"WebSite\",\"@id\":\"https:\\\/\\\/infos-droitshumains.net\\\/#website\",\"url\":\"https:\\\/\\\/infos-droitshumains.net\\\/\",\"name\":\"Infos Droits Humains\",\"description\":\"S&#039;informer est un droit\",\"publisher\":{\"@id\":\"https:\\\/\\\/infos-droitshumains.net\\\/#organization\"},\"potentialAction\":[{\"@type\":\"SearchAction\",\"target\":{\"@type\":\"EntryPoint\",\"urlTemplate\":\"https:\\\/\\\/infos-droitshumains.net\\\/?s={search_term_string}\"},\"query-input\":{\"@type\":\"PropertyValueSpecification\",\"valueRequired\":true,\"valueName\":\"search_term_string\"}}],\"inLanguage\":\"fr-FR\"},{\"@type\":\"Organization\",\"@id\":\"https:\\\/\\\/infos-droitshumains.net\\\/#organization\",\"name\":\"Infos Droits Humains\",\"url\":\"https:\\\/\\\/infos-droitshumains.net\\\/\",\"logo\":{\"@type\":\"ImageObject\",\"inLanguage\":\"fr-FR\",\"@id\":\"https:\\\/\\\/infos-droitshumains.net\\\/#\\\/schema\\\/logo\\\/image\\\/\",\"url\":\"https:\\\/\\\/i0.wp.com\\\/infos-droitshumains.net\\\/wp-content\\\/uploads\\\/2022\\\/05\\\/Logo.png?fit=333%2C129&ssl=1\",\"contentUrl\":\"https:\\\/\\\/i0.wp.com\\\/infos-droitshumains.net\\\/wp-content\\\/uploads\\\/2022\\\/05\\\/Logo.png?fit=333%2C129&ssl=1\",\"width\":333,\"height\":129,\"caption\":\"Infos Droits Humains\"},\"image\":{\"@id\":\"https:\\\/\\\/infos-droitshumains.net\\\/#\\\/schema\\\/logo\\\/image\\\/\"}},{\"@type\":\"Person\",\"@id\":\"https:\\\/\\\/infos-droitshumains.net\\\/#\\\/schema\\\/person\\\/3dc5e921c3302172e0ed4362f96faab7\",\"name\":\"Jo\u00ebl Diawa\",\"image\":{\"@type\":\"ImageObject\",\"inLanguage\":\"fr-FR\",\"@id\":\"https:\\\/\\\/secure.gravatar.com\\\/avatar\\\/729bea6ff4604c624417803c477363be8e3c7186deaa65713313f9b4b820f41c?s=96&d=mm&r=g\",\"url\":\"https:\\\/\\\/secure.gravatar.com\\\/avatar\\\/729bea6ff4604c624417803c477363be8e3c7186deaa65713313f9b4b820f41c?s=96&d=mm&r=g\",\"contentUrl\":\"https:\\\/\\\/secure.gravatar.com\\\/avatar\\\/729bea6ff4604c624417803c477363be8e3c7186deaa65713313f9b4b820f41c?s=96&d=mm&r=g\",\"caption\":\"Jo\u00ebl Diawa\"},\"sameAs\":[\"https:\\\/\\\/www.infos-droitshumains.net\"],\"url\":\"https:\\\/\\\/infos-droitshumains.net\\\/?author=2\"}]}<\/script>\n<!-- \/ Yoast SEO plugin. -->","yoast_head_json":{"title":"Journ\u00e9e nationale du combat de Simon Kimbangu et de la conscience africaine: En RDC les avis se divergent - Infos Droits Humains","robots":{"index":"index","follow":"follow","max-snippet":"max-snippet:-1","max-image-preview":"max-image-preview:large","max-video-preview":"max-video-preview:-1"},"canonical":"https:\/\/infos-droitshumains.net\/?p=6887","og_locale":"fr_FR","og_type":"article","og_title":"Journ\u00e9e nationale du combat de Simon Kimbangu et de la conscience africaine: En RDC les avis se divergent - Infos Droits Humains","og_description":"&nbsp;&nbsp;R\u00e9daction :+243817406088 La R\u00e9publique D\u00e9mocratique du Congo a c\u00e9l\u00e9br\u00e9 ce jeudi 6 avril 2023, la...","og_url":"https:\/\/infos-droitshumains.net\/?p=6887","og_site_name":"Infos Droits Humains","article_published_time":"2023-04-06T14:07:23+00:00","article_modified_time":"2023-04-06T14:39:44+00:00","og_image":[{"width":448,"height":391,"url":"https:\/\/i0.wp.com\/infos-droitshumains.net\/wp-content\/uploads\/2023\/04\/images-6_1.jpeg?fit=448%2C391&ssl=1","type":"image\/jpeg"}],"author":"Jo\u00ebl Diawa","twitter_card":"summary_large_image","twitter_misc":{"\u00c9crit par":"Jo\u00ebl Diawa","Dur\u00e9e de lecture estim\u00e9e":"2 minutes"},"schema":{"@context":"https:\/\/schema.org","@graph":[{"@type":"Article","@id":"https:\/\/infos-droitshumains.net\/?p=6887#article","isPartOf":{"@id":"https:\/\/infos-droitshumains.net\/?p=6887"},"author":{"name":"Jo\u00ebl Diawa","@id":"https:\/\/infos-droitshumains.net\/#\/schema\/person\/3dc5e921c3302172e0ed4362f96faab7"},"headline":"Journ\u00e9e nationale du combat de Simon Kimbangu et de la conscience africaine: En RDC les avis se divergent","datePublished":"2023-04-06T14:07:23+00:00","dateModified":"2023-04-06T14:39:44+00:00","mainEntityOfPage":{"@id":"https:\/\/infos-droitshumains.net\/?p=6887"},"wordCount":407,"commentCount":0,"publisher":{"@id":"https:\/\/infos-droitshumains.net\/#organization"},"image":{"@id":"https:\/\/infos-droitshumains.net\/?p=6887#primaryimage"},"thumbnailUrl":"https:\/\/i0.wp.com\/infos-droitshumains.net\/wp-content\/uploads\/2023\/04\/images-6_1.jpeg?fit=448%2C391&ssl=1","articleSection":["Soci\u00e9t\u00e9"],"inLanguage":"fr-FR","potentialAction":[{"@type":"CommentAction","name":"Comment","target":["https:\/\/infos-droitshumains.net\/?p=6887#respond"]}]},{"@type":"WebPage","@id":"https:\/\/infos-droitshumains.net\/?p=6887","url":"https:\/\/infos-droitshumains.net\/?p=6887","name":"Journ\u00e9e nationale du combat de Simon Kimbangu et de la conscience africaine: En RDC les avis se divergent - Infos Droits Humains","isPartOf":{"@id":"https:\/\/infos-droitshumains.net\/#website"},"primaryImageOfPage":{"@id":"https:\/\/infos-droitshumains.net\/?p=6887#primaryimage"},"image":{"@id":"https:\/\/infos-droitshumains.net\/?p=6887#primaryimage"},"thumbnailUrl":"https:\/\/i0.wp.com\/infos-droitshumains.net\/wp-content\/uploads\/2023\/04\/images-6_1.jpeg?fit=448%2C391&ssl=1","datePublished":"2023-04-06T14:07:23+00:00","dateModified":"2023-04-06T14:39:44+00:00","breadcrumb":{"@id":"https:\/\/infos-droitshumains.net\/?p=6887#breadcrumb"},"inLanguage":"fr-FR","potentialAction":[{"@type":"ReadAction","target":["https:\/\/infos-droitshumains.net\/?p=6887"]}]},{"@type":"ImageObject","inLanguage":"fr-FR","@id":"https:\/\/infos-droitshumains.net\/?p=6887#primaryimage","url":"https:\/\/i0.wp.com\/infos-droitshumains.net\/wp-content\/uploads\/2023\/04\/images-6_1.jpeg?fit=448%2C391&ssl=1","contentUrl":"https:\/\/i0.wp.com\/infos-droitshumains.net\/wp-content\/uploads\/2023\/04\/images-6_1.jpeg?fit=448%2C391&ssl=1","width":448,"height":391},{"@type":"BreadcrumbList","@id":"https:\/\/infos-droitshumains.net\/?p=6887#breadcrumb","itemListElement":[{"@type":"ListItem","position":1,"name":"Accueil","item":"https:\/\/infos-droitshumains.net\/"},{"@type":"ListItem","position":2,"name":"Journ\u00e9e nationale du combat de Simon Kimbangu et de la conscience africaine: En RDC les avis se divergent"}]},{"@type":"WebSite","@id":"https:\/\/infos-droitshumains.net\/#website","url":"https:\/\/infos-droitshumains.net\/","name":"Infos Droits Humains","description":"S&#039;informer est un droit","publisher":{"@id":"https:\/\/infos-droitshumains.net\/#organization"},"potentialAction":[{"@type":"SearchAction","target":{"@type":"EntryPoint","urlTemplate":"https:\/\/infos-droitshumains.net\/?s={search_term_string}"},"query-input":{"@type":"PropertyValueSpecification","valueRequired":true,"valueName":"search_term_string"}}],"inLanguage":"fr-FR"},{"@type":"Organization","@id":"https:\/\/infos-droitshumains.net\/#organization","name":"Infos Droits Humains","url":"https:\/\/infos-droitshumains.net\/","logo":{"@type":"ImageObject","inLanguage":"fr-FR","@id":"https:\/\/infos-droitshumains.net\/#\/schema\/logo\/image\/","url":"https:\/\/i0.wp.com\/infos-droitshumains.net\/wp-content\/uploads\/2022\/05\/Logo.png?fit=333%2C129&ssl=1","contentUrl":"https:\/\/i0.wp.com\/infos-droitshumains.net\/wp-content\/uploads\/2022\/05\/Logo.png?fit=333%2C129&ssl=1","width":333,"height":129,"caption":"Infos Droits Humains"},"image":{"@id":"https:\/\/infos-droitshumains.net\/#\/schema\/logo\/image\/"}},{"@type":"Person","@id":"https:\/\/infos-droitshumains.net\/#\/schema\/person\/3dc5e921c3302172e0ed4362f96faab7","name":"Jo\u00ebl Diawa","image":{"@type":"ImageObject","inLanguage":"fr-FR","@id":"https:\/\/secure.gravatar.com\/avatar\/729bea6ff4604c624417803c477363be8e3c7186deaa65713313f9b4b820f41c?s=96&d=mm&r=g","url":"https:\/\/secure.gravatar.com\/avatar\/729bea6ff4604c624417803c477363be8e3c7186deaa65713313f9b4b820f41c?s=96&d=mm&r=g","contentUrl":"https:\/\/secure.gravatar.com\/avatar\/729bea6ff4604c624417803c477363be8e3c7186deaa65713313f9b4b820f41c?s=96&d=mm&r=g","caption":"Jo\u00ebl Diawa"},"sameAs":["https:\/\/www.infos-droitshumains.net"],"url":"https:\/\/infos-droitshumains.net\/?author=2"}]}},"featured_image_urls":{"full":["https:\/\/i0.wp.com\/infos-droitshumains.net\/wp-content\/uploads\/2023\/04\/images-6_1.jpeg?fit=448%2C391&ssl=1",448,391,false],"thumbnail":["https:\/\/i0.wp.com\/infos-droitshumains.net\/wp-content\/uploads\/2023\/04\/images-6_1.jpeg?resize=150%2C150&ssl=1",150,150,true],"medium":["https:\/\/i0.wp.com\/infos-droitshumains.net\/wp-content\/uploads\/2023\/04\/images-6_1.jpeg?fit=300%2C262&ssl=1",300,262,true],"medium_large":["https:\/\/i0.wp.com\/infos-droitshumains.net\/wp-content\/uploads\/2023\/04\/images-6_1.jpeg?fit=448%2C391&ssl=1",448,391,true],"large":["https:\/\/i0.wp.com\/infos-droitshumains.net\/wp-content\/uploads\/2023\/04\/images-6_1.jpeg?fit=448%2C391&ssl=1",448,391,true],"1536x1536":["https:\/\/i0.wp.com\/infos-droitshumains.net\/wp-content\/uploads\/2023\/04\/images-6_1.jpeg?fit=448%2C391&ssl=1",448,391,true],"2048x2048":["https:\/\/i0.wp.com\/infos-droitshumains.net\/wp-content\/uploads\/2023\/04\/images-6_1.jpeg?fit=448%2C391&ssl=1",448,391,true],"covernews-slider-full":["https:\/\/i0.wp.com\/infos-droitshumains.net\/wp-content\/uploads\/2023\/04\/images-6_1.jpeg?resize=448%2C391&ssl=1",448,391,true],"covernews-slider-center":["https:\/\/i0.wp.com\/infos-droitshumains.net\/wp-content\/uploads\/2023\/04\/images-6_1.jpeg?resize=448%2C391&ssl=1",448,391,true],"covernews-featured":["https:\/\/i0.wp.com\/infos-droitshumains.net\/wp-content\/uploads\/2023\/04\/images-6_1.jpeg?fit=448%2C391&ssl=1",448,391,true],"covernews-medium":["https:\/\/i0.wp.com\/infos-droitshumains.net\/wp-content\/uploads\/2023\/04\/images-6_1.jpeg?resize=448%2C340&ssl=1",448,340,true],"covernews-medium-square":["https:\/\/i0.wp.com\/infos-droitshumains.net\/wp-content\/uploads\/2023\/04\/images-6_1.jpeg?resize=400%2C250&ssl=1",400,250,true]},"author_info":{"display_name":"Jo\u00ebl Diawa","author_link":"https:\/\/infos-droitshumains.net\/?author=2"},"category_info":"<a href=\"https:\/\/infos-droitshumains.net\/?cat=8\" rel=\"category\">Soci\u00e9t\u00e9<\/a>","tag_info":"Soci\u00e9t\u00e9","comment_count":"0","jetpack_featured_media_url":"https:\/\/i0.wp.com\/infos-droitshumains.net\/wp-content\/uploads\/2023\/04\/images-6_1.jpeg?fit=448%2C391&ssl=1","jetpack-related-posts":[],"jetpack_sharing_enabled":true,"_links":{"self":[{"href":"https:\/\/infos-droitshumains.net\/index.php?rest_route=\/wp\/v2\/posts\/6887","targetHints":{"allow":["GET"]}}],"collection":[{"href":"https:\/\/infos-droitshumains.net\/index.php?rest_route=\/wp\/v2\/posts"}],"about":[{"href":"https:\/\/infos-droitshumains.net\/index.php?rest_route=\/wp\/v2\/types\/post"}],"author":[{"embeddable":true,"href":"https:\/\/infos-droitshumains.net\/index.php?rest_route=\/wp\/v2\/users\/2"}],"replies":[{"embeddable":true,"href":"https:\/\/infos-droitshumains.net\/index.php?rest_route=%2Fwp%2Fv2%2Fcomments&post=6887"}],"version-history":[{"count":4,"href":"https:\/\/infos-droitshumains.net\/index.php?rest_route=\/wp\/v2\/posts\/6887\/revisions"}],"predecessor-version":[{"id":6898,"href":"https:\/\/infos-droitshumains.net\/index.php?rest_route=\/wp\/v2\/posts\/6887\/revisions\/6898"}],"wp:featuredmedia":[{"embeddable":true,"href":"https:\/\/infos-droitshumains.net\/index.php?rest_route=\/wp\/v2\/media\/6895"}],"wp:attachment":[{"href":"https:\/\/infos-droitshumains.net\/index.php?rest_route=%2Fwp%2Fv2%2Fmedia&parent=6887"}],"wp:term":[{"taxonomy":"category","embeddable":true,"href":"https:\/\/infos-droitshumains.net\/index.php?rest_route=%2Fwp%2Fv2%2Fcategories&post=6887"},{"taxonomy":"post_tag","embeddable":true,"href":"https:\/\/infos-droitshumains.net\/index.php?rest_route=%2Fwp%2Fv2%2Ftags&post=6887"}],"curies":[{"name":"wp","href":"https:\/\/api.w.org\/{rel}","templated":true}]}}