{"id":6851,"date":"2023-03-30T11:22:53","date_gmt":"2023-03-30T09:22:53","guid":{"rendered":"https:\/\/infos-droitshumains.net\/?p=6851"},"modified":"2023-03-30T11:29:39","modified_gmt":"2023-03-30T09:29:39","slug":"rdc-nous-sommes-la-pour-lamelioration-des-conditions-de-vie-des-congolais-vital-kamerhe-apres-sa-prise-des-fonctions-au-ministere-de-leconomie","status":"publish","type":"post","link":"https:\/\/infos-droitshumains.net\/?p=6851","title":{"rendered":"RDC\u00a0: \u00ab\u00a0Nous sommes l\u00e0 pour l\u2019am\u00e9lioration des conditions de vie des congolais.\u00a0\u00bb\u00a0(Vital Kamerhe apr\u00e8s sa prise des fonctions au minist\u00e8re de l\u2019\u00e9conomie)"},"content":{"rendered":"\n<p>&nbsp;<strong>R\u00e9daction :+243817406088<\/strong><\/p>\n\n\n\n<p>Nomm\u00e9 Vice-Premier Ministre, Ministre de l\u2019Economie Nationale, ce mercredi 29 mars 2023 que Vital Kamerhe a officiellement pris ses fonctions au terme d\u2019une c\u00e9r\u00e9monie de remise et reprise avec Nicolas Kazadi qui assumait l\u2019int\u00e9rim depuis la d\u00e9ch\u00e9ance par l\u2019Assembl\u00e9e Nationale de Jean-Marie Kalumba.<\/p>\n\n\n\n<p>L\u2019ancien Directeur de Cabinet du Chef de l\u2019Etat qui se veut r\u00e9formateur&nbsp; a promis de travailler pour mat\u00e9rialiser la promesse que le pr\u00e9sident F\u00e9lix Tshisekedi a faite aux congolais, celle d\u2019am\u00e9liorer leurs conditions de vie.<\/p>\n\n\n\n<p><em>\u00ab&nbsp;Les r\u00e9formateurs ont toujours \u00e9t\u00e9 d\u00e9test\u00e9s mais apr\u00e8s ils sont applaudis quand ce qu\u2019ils apportent am\u00e8ne le changement positif. Nous allons donc travailler avec tout le monde. Par ce que finalement nous sommes l\u00e0 pour r\u00e9pondre \u00e0 la promesse que le pr\u00e9sident de la R\u00e9publique avait faite au peuple congolais, c\u2019est-\u00e0-dire l\u2019am\u00e9lioration des conditions de vie des congolais\u2026&nbsp;\u00bb<\/em>, a-t-il d\u00e9clar\u00e9.<\/p>\n\n\n\n<p>Vital Kamerhe entre dans un secteur \u00e9conomique caract\u00e9ris\u00e9 par &nbsp;l\u2019instabilit\u00e9 observ\u00e9e sur le march\u00e9 de change, avec ses corollaires, entre autre, la hausse des prix des produits de premi\u00e8re n\u00e9cessit\u00e9. Il devra donc user de ses capacit\u00e9s manag\u00e9riales pour en trouver une solution&nbsp;; des capacit\u00e9s qui devront \u00eatre coupl\u00e9es aux efforts&nbsp; de la population qu\u2019il a sollicit\u00e9.<\/p>\n\n\n\n<p><em>\u00ab&nbsp;J\u2019\u00e9tais encore en Europe o\u00f9 les gens voulaient que le dollar baisse, voulaient que les prix baissent. Mais tout cela ne peut baisser que si nous sommes rigoureux et le peuple doit aussi apporter sa part c\u2019est-\u00e0-dire accepter de faire des sacrifices comme un laboureur et ses enfants. Pour que nous r\u00e9coltions ensemble les fruits des efforts&nbsp;\u00bb<\/em> a-t-il poursuivi.<\/p>\n\n\n\n<p>Cette c\u00e9r\u00e9monie de remise et reprise a eu lieu en pr\u00e9sence des membres sortants du cabinet et de l\u2019administration de ce minist\u00e8re que Nicolas Kazadi, ministre des Finances et ministre int\u00e9rimaire sortant de l\u2019Economie a f\u00e9licit\u00e9 pour la collaboration apr\u00e8s avoir encens\u00e9 son successeur.<\/p>\n\n\n\n<p><em>\u00ab&nbsp;C\u2019est un plaisir et un honneur en m\u00eame temps pour moi de faire cette remise et reprise avec celui que je consid\u00e8re comme un grand fr\u00e8re. Certes nous n\u2019avons pas vraiment eu le temps dans ce court mandat mais le travail a toujours \u00e9t\u00e9 intense et je f\u00e9licite l\u2019\u00e9quipe qui m\u2019a accompagn\u00e9 durant ce mandat&nbsp;\u00bb<\/em>, a dit Nicolas Kazadi.<\/p>\n\n\n\n<p>Condamn\u00e9 \u00e0 vingt et treize ans de prison au premier et second degr\u00e9 dans le cadre du proc\u00e8s 100 jours, le Pr\u00e9sident de l\u2019Union pour la Nation Congolaise avait par la&nbsp; suite &nbsp;acquitt\u00e9 par la Cour d\u2019Appel de Kinshasa\/Gombe apr\u00e8s un pourvoi en cassation. Cette entr\u00e9e au gouvernement marque sans aucun doute le retour aux affaires de celui qui est surnomm\u00e9 <strong>\u00ab&nbsp;le Pacificateur jusqu\u2019au bout&nbsp;\u00bb<\/strong>. Avec sa touche tactique et son savoir-faire, nombreux sont ceux qui estiment que Vital Kamerhe a le costume pour rencontrer les attentes des congolais.<\/p>\n\n\n\n<p>Jo\u00ebl Diawa<\/p>\n","protected":false},"excerpt":{"rendered":"<p>&nbsp;R\u00e9daction :+243817406088 Nomm\u00e9 Vice-Premier Ministre, Ministre de l\u2019Economie Nationale, ce mercredi 29 mars 2023 que&#8230;<\/p>\n","protected":false},"author":2,"featured_media":6853,"comment_status":"open","ping_status":"open","sticky":false,"template":"","format":"standard","meta":{"_jetpack_memberships_contains_paid_content":false,"footnotes":""},"categories":[3],"tags":[],"class_list":["post-6851","post","type-post","status-publish","format-standard","has-post-thumbnail","hentry","category-politique"],"yoast_head":"<!-- This site is optimized with the Yoast SEO plugin v27.5 - https:\/\/yoast.com\/product\/yoast-seo-wordpress\/ -->\n<title>RDC\u00a0: \u00ab\u00a0Nous sommes l\u00e0 pour l\u2019am\u00e9lioration des conditions de vie des congolais.\u00a0\u00bb\u00a0(Vital Kamerhe apr\u00e8s sa prise des fonctions au minist\u00e8re de l\u2019\u00e9conomie) - Infos Droits Humains<\/title>\n<meta name=\"robots\" content=\"index, follow, max-snippet:-1, max-image-preview:large, max-video-preview:-1\" \/>\n<link rel=\"canonical\" href=\"https:\/\/infos-droitshumains.net\/?p=6851\" \/>\n<meta property=\"og:locale\" content=\"fr_FR\" \/>\n<meta property=\"og:type\" content=\"article\" \/>\n<meta property=\"og:title\" content=\"RDC\u00a0: \u00ab\u00a0Nous sommes l\u00e0 pour l\u2019am\u00e9lioration des conditions de vie des congolais.\u00a0\u00bb\u00a0(Vital Kamerhe apr\u00e8s sa prise des fonctions au minist\u00e8re de l\u2019\u00e9conomie) - Infos Droits Humains\" \/>\n<meta property=\"og:description\" content=\"&nbsp;R\u00e9daction :+243817406088 Nomm\u00e9 Vice-Premier Ministre, Ministre de l\u2019Economie Nationale, ce mercredi 29 mars 2023 que...\" \/>\n<meta property=\"og:url\" content=\"https:\/\/infos-droitshumains.net\/?p=6851\" \/>\n<meta property=\"og:site_name\" content=\"Infos Droits Humains\" \/>\n<meta property=\"article:published_time\" content=\"2023-03-30T09:22:53+00:00\" \/>\n<meta property=\"article:modified_time\" content=\"2023-03-30T09:29:39+00:00\" \/>\n<meta property=\"og:image\" content=\"https:\/\/i0.wp.com\/infos-droitshumains.net\/wp-content\/uploads\/2023\/03\/243898138407_status_d3f9cf6b60c34422912b2cc9d4a1ad30_1.jpg?fit=1080%2C721&ssl=1\" \/>\n\t<meta property=\"og:image:width\" content=\"1080\" \/>\n\t<meta property=\"og:image:height\" content=\"721\" \/>\n\t<meta property=\"og:image:type\" content=\"image\/jpeg\" \/>\n<meta name=\"author\" content=\"Jo\u00ebl Diawa\" \/>\n<meta name=\"twitter:card\" content=\"summary_large_image\" \/>\n<meta name=\"twitter:label1\" content=\"\u00c9crit par\" \/>\n\t<meta name=\"twitter:data1\" content=\"Jo\u00ebl Diawa\" \/>\n\t<meta name=\"twitter:label2\" content=\"Dur\u00e9e de lecture estim\u00e9e\" \/>\n\t<meta name=\"twitter:data2\" content=\"3 minutes\" \/>\n<script type=\"application\/ld+json\" class=\"yoast-schema-graph\">{\"@context\":\"https:\\\/\\\/schema.org\",\"@graph\":[{\"@type\":\"Article\",\"@id\":\"https:\\\/\\\/infos-droitshumains.net\\\/?p=6851#article\",\"isPartOf\":{\"@id\":\"https:\\\/\\\/infos-droitshumains.net\\\/?p=6851\"},\"author\":{\"name\":\"Jo\u00ebl Diawa\",\"@id\":\"https:\\\/\\\/infos-droitshumains.net\\\/#\\\/schema\\\/person\\\/3dc5e921c3302172e0ed4362f96faab7\"},\"headline\":\"RDC\u00a0: \u00ab\u00a0Nous sommes l\u00e0 pour l\u2019am\u00e9lioration des conditions de vie des congolais.\u00a0\u00bb\u00a0(Vital Kamerhe apr\u00e8s sa prise des fonctions au minist\u00e8re de l\u2019\u00e9conomie)\",\"datePublished\":\"2023-03-30T09:22:53+00:00\",\"dateModified\":\"2023-03-30T09:29:39+00:00\",\"mainEntityOfPage\":{\"@id\":\"https:\\\/\\\/infos-droitshumains.net\\\/?p=6851\"},\"wordCount\":560,\"commentCount\":0,\"publisher\":{\"@id\":\"https:\\\/\\\/infos-droitshumains.net\\\/#organization\"},\"image\":{\"@id\":\"https:\\\/\\\/infos-droitshumains.net\\\/?p=6851#primaryimage\"},\"thumbnailUrl\":\"https:\\\/\\\/i0.wp.com\\\/infos-droitshumains.net\\\/wp-content\\\/uploads\\\/2023\\\/03\\\/243898138407_status_d3f9cf6b60c34422912b2cc9d4a1ad30_1.jpg?fit=1080%2C721&ssl=1\",\"articleSection\":[\"Politique\"],\"inLanguage\":\"fr-FR\",\"potentialAction\":[{\"@type\":\"CommentAction\",\"name\":\"Comment\",\"target\":[\"https:\\\/\\\/infos-droitshumains.net\\\/?p=6851#respond\"]}]},{\"@type\":\"WebPage\",\"@id\":\"https:\\\/\\\/infos-droitshumains.net\\\/?p=6851\",\"url\":\"https:\\\/\\\/infos-droitshumains.net\\\/?p=6851\",\"name\":\"RDC\u00a0: \u00ab\u00a0Nous sommes l\u00e0 pour l\u2019am\u00e9lioration des conditions de vie des congolais.\u00a0\u00bb\u00a0(Vital Kamerhe apr\u00e8s sa prise des fonctions au minist\u00e8re de l\u2019\u00e9conomie) - Infos Droits Humains\",\"isPartOf\":{\"@id\":\"https:\\\/\\\/infos-droitshumains.net\\\/#website\"},\"primaryImageOfPage\":{\"@id\":\"https:\\\/\\\/infos-droitshumains.net\\\/?p=6851#primaryimage\"},\"image\":{\"@id\":\"https:\\\/\\\/infos-droitshumains.net\\\/?p=6851#primaryimage\"},\"thumbnailUrl\":\"https:\\\/\\\/i0.wp.com\\\/infos-droitshumains.net\\\/wp-content\\\/uploads\\\/2023\\\/03\\\/243898138407_status_d3f9cf6b60c34422912b2cc9d4a1ad30_1.jpg?fit=1080%2C721&ssl=1\",\"datePublished\":\"2023-03-30T09:22:53+00:00\",\"dateModified\":\"2023-03-30T09:29:39+00:00\",\"breadcrumb\":{\"@id\":\"https:\\\/\\\/infos-droitshumains.net\\\/?p=6851#breadcrumb\"},\"inLanguage\":\"fr-FR\",\"potentialAction\":[{\"@type\":\"ReadAction\",\"target\":[\"https:\\\/\\\/infos-droitshumains.net\\\/?p=6851\"]}]},{\"@type\":\"ImageObject\",\"inLanguage\":\"fr-FR\",\"@id\":\"https:\\\/\\\/infos-droitshumains.net\\\/?p=6851#primaryimage\",\"url\":\"https:\\\/\\\/i0.wp.com\\\/infos-droitshumains.net\\\/wp-content\\\/uploads\\\/2023\\\/03\\\/243898138407_status_d3f9cf6b60c34422912b2cc9d4a1ad30_1.jpg?fit=1080%2C721&ssl=1\",\"contentUrl\":\"https:\\\/\\\/i0.wp.com\\\/infos-droitshumains.net\\\/wp-content\\\/uploads\\\/2023\\\/03\\\/243898138407_status_d3f9cf6b60c34422912b2cc9d4a1ad30_1.jpg?fit=1080%2C721&ssl=1\",\"width\":1080,\"height\":721},{\"@type\":\"BreadcrumbList\",\"@id\":\"https:\\\/\\\/infos-droitshumains.net\\\/?p=6851#breadcrumb\",\"itemListElement\":[{\"@type\":\"ListItem\",\"position\":1,\"name\":\"Accueil\",\"item\":\"https:\\\/\\\/infos-droitshumains.net\\\/\"},{\"@type\":\"ListItem\",\"position\":2,\"name\":\"RDC\u00a0: \u00ab\u00a0Nous sommes l\u00e0 pour l\u2019am\u00e9lioration des conditions de vie des congolais.\u00a0\u00bb\u00a0(Vital Kamerhe apr\u00e8s sa prise des fonctions au minist\u00e8re de l\u2019\u00e9conomie)\"}]},{\"@type\":\"WebSite\",\"@id\":\"https:\\\/\\\/infos-droitshumains.net\\\/#website\",\"url\":\"https:\\\/\\\/infos-droitshumains.net\\\/\",\"name\":\"Infos Droits Humains\",\"description\":\"S&#039;informer est un droit\",\"publisher\":{\"@id\":\"https:\\\/\\\/infos-droitshumains.net\\\/#organization\"},\"potentialAction\":[{\"@type\":\"SearchAction\",\"target\":{\"@type\":\"EntryPoint\",\"urlTemplate\":\"https:\\\/\\\/infos-droitshumains.net\\\/?s={search_term_string}\"},\"query-input\":{\"@type\":\"PropertyValueSpecification\",\"valueRequired\":true,\"valueName\":\"search_term_string\"}}],\"inLanguage\":\"fr-FR\"},{\"@type\":\"Organization\",\"@id\":\"https:\\\/\\\/infos-droitshumains.net\\\/#organization\",\"name\":\"Infos Droits Humains\",\"url\":\"https:\\\/\\\/infos-droitshumains.net\\\/\",\"logo\":{\"@type\":\"ImageObject\",\"inLanguage\":\"fr-FR\",\"@id\":\"https:\\\/\\\/infos-droitshumains.net\\\/#\\\/schema\\\/logo\\\/image\\\/\",\"url\":\"https:\\\/\\\/i0.wp.com\\\/infos-droitshumains.net\\\/wp-content\\\/uploads\\\/2022\\\/05\\\/Logo.png?fit=333%2C129&ssl=1\",\"contentUrl\":\"https:\\\/\\\/i0.wp.com\\\/infos-droitshumains.net\\\/wp-content\\\/uploads\\\/2022\\\/05\\\/Logo.png?fit=333%2C129&ssl=1\",\"width\":333,\"height\":129,\"caption\":\"Infos Droits Humains\"},\"image\":{\"@id\":\"https:\\\/\\\/infos-droitshumains.net\\\/#\\\/schema\\\/logo\\\/image\\\/\"}},{\"@type\":\"Person\",\"@id\":\"https:\\\/\\\/infos-droitshumains.net\\\/#\\\/schema\\\/person\\\/3dc5e921c3302172e0ed4362f96faab7\",\"name\":\"Jo\u00ebl Diawa\",\"image\":{\"@type\":\"ImageObject\",\"inLanguage\":\"fr-FR\",\"@id\":\"https:\\\/\\\/secure.gravatar.com\\\/avatar\\\/729bea6ff4604c624417803c477363be8e3c7186deaa65713313f9b4b820f41c?s=96&d=mm&r=g\",\"url\":\"https:\\\/\\\/secure.gravatar.com\\\/avatar\\\/729bea6ff4604c624417803c477363be8e3c7186deaa65713313f9b4b820f41c?s=96&d=mm&r=g\",\"contentUrl\":\"https:\\\/\\\/secure.gravatar.com\\\/avatar\\\/729bea6ff4604c624417803c477363be8e3c7186deaa65713313f9b4b820f41c?s=96&d=mm&r=g\",\"caption\":\"Jo\u00ebl Diawa\"},\"sameAs\":[\"https:\\\/\\\/www.infos-droitshumains.net\"],\"url\":\"https:\\\/\\\/infos-droitshumains.net\\\/?author=2\"}]}<\/script>\n<!-- \/ Yoast SEO plugin. -->","yoast_head_json":{"title":"RDC\u00a0: \u00ab\u00a0Nous sommes l\u00e0 pour l\u2019am\u00e9lioration des conditions de vie des congolais.\u00a0\u00bb\u00a0(Vital Kamerhe apr\u00e8s sa prise des fonctions au minist\u00e8re de l\u2019\u00e9conomie) - Infos Droits Humains","robots":{"index":"index","follow":"follow","max-snippet":"max-snippet:-1","max-image-preview":"max-image-preview:large","max-video-preview":"max-video-preview:-1"},"canonical":"https:\/\/infos-droitshumains.net\/?p=6851","og_locale":"fr_FR","og_type":"article","og_title":"RDC\u00a0: \u00ab\u00a0Nous sommes l\u00e0 pour l\u2019am\u00e9lioration des conditions de vie des congolais.\u00a0\u00bb\u00a0(Vital Kamerhe apr\u00e8s sa prise des fonctions au minist\u00e8re de l\u2019\u00e9conomie) - Infos Droits Humains","og_description":"&nbsp;R\u00e9daction :+243817406088 Nomm\u00e9 Vice-Premier Ministre, Ministre de l\u2019Economie Nationale, ce mercredi 29 mars 2023 que...","og_url":"https:\/\/infos-droitshumains.net\/?p=6851","og_site_name":"Infos Droits Humains","article_published_time":"2023-03-30T09:22:53+00:00","article_modified_time":"2023-03-30T09:29:39+00:00","og_image":[{"width":1080,"height":721,"url":"https:\/\/i0.wp.com\/infos-droitshumains.net\/wp-content\/uploads\/2023\/03\/243898138407_status_d3f9cf6b60c34422912b2cc9d4a1ad30_1.jpg?fit=1080%2C721&ssl=1","type":"image\/jpeg"}],"author":"Jo\u00ebl Diawa","twitter_card":"summary_large_image","twitter_misc":{"\u00c9crit par":"Jo\u00ebl Diawa","Dur\u00e9e de lecture estim\u00e9e":"3 minutes"},"schema":{"@context":"https:\/\/schema.org","@graph":[{"@type":"Article","@id":"https:\/\/infos-droitshumains.net\/?p=6851#article","isPartOf":{"@id":"https:\/\/infos-droitshumains.net\/?p=6851"},"author":{"name":"Jo\u00ebl Diawa","@id":"https:\/\/infos-droitshumains.net\/#\/schema\/person\/3dc5e921c3302172e0ed4362f96faab7"},"headline":"RDC\u00a0: \u00ab\u00a0Nous sommes l\u00e0 pour l\u2019am\u00e9lioration des conditions de vie des congolais.\u00a0\u00bb\u00a0(Vital Kamerhe apr\u00e8s sa prise des fonctions au minist\u00e8re de l\u2019\u00e9conomie)","datePublished":"2023-03-30T09:22:53+00:00","dateModified":"2023-03-30T09:29:39+00:00","mainEntityOfPage":{"@id":"https:\/\/infos-droitshumains.net\/?p=6851"},"wordCount":560,"commentCount":0,"publisher":{"@id":"https:\/\/infos-droitshumains.net\/#organization"},"image":{"@id":"https:\/\/infos-droitshumains.net\/?p=6851#primaryimage"},"thumbnailUrl":"https:\/\/i0.wp.com\/infos-droitshumains.net\/wp-content\/uploads\/2023\/03\/243898138407_status_d3f9cf6b60c34422912b2cc9d4a1ad30_1.jpg?fit=1080%2C721&ssl=1","articleSection":["Politique"],"inLanguage":"fr-FR","potentialAction":[{"@type":"CommentAction","name":"Comment","target":["https:\/\/infos-droitshumains.net\/?p=6851#respond"]}]},{"@type":"WebPage","@id":"https:\/\/infos-droitshumains.net\/?p=6851","url":"https:\/\/infos-droitshumains.net\/?p=6851","name":"RDC\u00a0: \u00ab\u00a0Nous sommes l\u00e0 pour l\u2019am\u00e9lioration des conditions de vie des congolais.\u00a0\u00bb\u00a0(Vital Kamerhe apr\u00e8s sa prise des fonctions au minist\u00e8re de l\u2019\u00e9conomie) - Infos Droits Humains","isPartOf":{"@id":"https:\/\/infos-droitshumains.net\/#website"},"primaryImageOfPage":{"@id":"https:\/\/infos-droitshumains.net\/?p=6851#primaryimage"},"image":{"@id":"https:\/\/infos-droitshumains.net\/?p=6851#primaryimage"},"thumbnailUrl":"https:\/\/i0.wp.com\/infos-droitshumains.net\/wp-content\/uploads\/2023\/03\/243898138407_status_d3f9cf6b60c34422912b2cc9d4a1ad30_1.jpg?fit=1080%2C721&ssl=1","datePublished":"2023-03-30T09:22:53+00:00","dateModified":"2023-03-30T09:29:39+00:00","breadcrumb":{"@id":"https:\/\/infos-droitshumains.net\/?p=6851#breadcrumb"},"inLanguage":"fr-FR","potentialAction":[{"@type":"ReadAction","target":["https:\/\/infos-droitshumains.net\/?p=6851"]}]},{"@type":"ImageObject","inLanguage":"fr-FR","@id":"https:\/\/infos-droitshumains.net\/?p=6851#primaryimage","url":"https:\/\/i0.wp.com\/infos-droitshumains.net\/wp-content\/uploads\/2023\/03\/243898138407_status_d3f9cf6b60c34422912b2cc9d4a1ad30_1.jpg?fit=1080%2C721&ssl=1","contentUrl":"https:\/\/i0.wp.com\/infos-droitshumains.net\/wp-content\/uploads\/2023\/03\/243898138407_status_d3f9cf6b60c34422912b2cc9d4a1ad30_1.jpg?fit=1080%2C721&ssl=1","width":1080,"height":721},{"@type":"BreadcrumbList","@id":"https:\/\/infos-droitshumains.net\/?p=6851#breadcrumb","itemListElement":[{"@type":"ListItem","position":1,"name":"Accueil","item":"https:\/\/infos-droitshumains.net\/"},{"@type":"ListItem","position":2,"name":"RDC\u00a0: \u00ab\u00a0Nous sommes l\u00e0 pour l\u2019am\u00e9lioration des conditions de vie des congolais.\u00a0\u00bb\u00a0(Vital Kamerhe apr\u00e8s sa prise des fonctions au minist\u00e8re de l\u2019\u00e9conomie)"}]},{"@type":"WebSite","@id":"https:\/\/infos-droitshumains.net\/#website","url":"https:\/\/infos-droitshumains.net\/","name":"Infos Droits Humains","description":"S&#039;informer est un droit","publisher":{"@id":"https:\/\/infos-droitshumains.net\/#organization"},"potentialAction":[{"@type":"SearchAction","target":{"@type":"EntryPoint","urlTemplate":"https:\/\/infos-droitshumains.net\/?s={search_term_string}"},"query-input":{"@type":"PropertyValueSpecification","valueRequired":true,"valueName":"search_term_string"}}],"inLanguage":"fr-FR"},{"@type":"Organization","@id":"https:\/\/infos-droitshumains.net\/#organization","name":"Infos Droits Humains","url":"https:\/\/infos-droitshumains.net\/","logo":{"@type":"ImageObject","inLanguage":"fr-FR","@id":"https:\/\/infos-droitshumains.net\/#\/schema\/logo\/image\/","url":"https:\/\/i0.wp.com\/infos-droitshumains.net\/wp-content\/uploads\/2022\/05\/Logo.png?fit=333%2C129&ssl=1","contentUrl":"https:\/\/i0.wp.com\/infos-droitshumains.net\/wp-content\/uploads\/2022\/05\/Logo.png?fit=333%2C129&ssl=1","width":333,"height":129,"caption":"Infos Droits Humains"},"image":{"@id":"https:\/\/infos-droitshumains.net\/#\/schema\/logo\/image\/"}},{"@type":"Person","@id":"https:\/\/infos-droitshumains.net\/#\/schema\/person\/3dc5e921c3302172e0ed4362f96faab7","name":"Jo\u00ebl Diawa","image":{"@type":"ImageObject","inLanguage":"fr-FR","@id":"https:\/\/secure.gravatar.com\/avatar\/729bea6ff4604c624417803c477363be8e3c7186deaa65713313f9b4b820f41c?s=96&d=mm&r=g","url":"https:\/\/secure.gravatar.com\/avatar\/729bea6ff4604c624417803c477363be8e3c7186deaa65713313f9b4b820f41c?s=96&d=mm&r=g","contentUrl":"https:\/\/secure.gravatar.com\/avatar\/729bea6ff4604c624417803c477363be8e3c7186deaa65713313f9b4b820f41c?s=96&d=mm&r=g","caption":"Jo\u00ebl Diawa"},"sameAs":["https:\/\/www.infos-droitshumains.net"],"url":"https:\/\/infos-droitshumains.net\/?author=2"}]}},"featured_image_urls":{"full":["https:\/\/i0.wp.com\/infos-droitshumains.net\/wp-content\/uploads\/2023\/03\/243898138407_status_d3f9cf6b60c34422912b2cc9d4a1ad30_1.jpg?fit=1080%2C721&ssl=1",1080,721,false],"thumbnail":["https:\/\/i0.wp.com\/infos-droitshumains.net\/wp-content\/uploads\/2023\/03\/243898138407_status_d3f9cf6b60c34422912b2cc9d4a1ad30_1.jpg?resize=150%2C150&ssl=1",150,150,true],"medium":["https:\/\/i0.wp.com\/infos-droitshumains.net\/wp-content\/uploads\/2023\/03\/243898138407_status_d3f9cf6b60c34422912b2cc9d4a1ad30_1.jpg?fit=300%2C200&ssl=1",300,200,true],"medium_large":["https:\/\/i0.wp.com\/infos-droitshumains.net\/wp-content\/uploads\/2023\/03\/243898138407_status_d3f9cf6b60c34422912b2cc9d4a1ad30_1.jpg?fit=640%2C428&ssl=1",640,428,true],"large":["https:\/\/i0.wp.com\/infos-droitshumains.net\/wp-content\/uploads\/2023\/03\/243898138407_status_d3f9cf6b60c34422912b2cc9d4a1ad30_1.jpg?fit=640%2C428&ssl=1",640,428,true],"1536x1536":["https:\/\/i0.wp.com\/infos-droitshumains.net\/wp-content\/uploads\/2023\/03\/243898138407_status_d3f9cf6b60c34422912b2cc9d4a1ad30_1.jpg?fit=1080%2C721&ssl=1",1080,721,true],"2048x2048":["https:\/\/i0.wp.com\/infos-droitshumains.net\/wp-content\/uploads\/2023\/03\/243898138407_status_d3f9cf6b60c34422912b2cc9d4a1ad30_1.jpg?fit=1080%2C721&ssl=1",1080,721,true],"covernews-slider-full":["https:\/\/i0.wp.com\/infos-droitshumains.net\/wp-content\/uploads\/2023\/03\/243898138407_status_d3f9cf6b60c34422912b2cc9d4a1ad30_1.jpg?resize=1080%2C715&ssl=1",1080,715,true],"covernews-slider-center":["https:\/\/i0.wp.com\/infos-droitshumains.net\/wp-content\/uploads\/2023\/03\/243898138407_status_d3f9cf6b60c34422912b2cc9d4a1ad30_1.jpg?resize=800%2C500&ssl=1",800,500,true],"covernews-featured":["https:\/\/i0.wp.com\/infos-droitshumains.net\/wp-content\/uploads\/2023\/03\/243898138407_status_d3f9cf6b60c34422912b2cc9d4a1ad30_1.jpg?fit=1024%2C684&ssl=1",1024,684,true],"covernews-medium":["https:\/\/i0.wp.com\/infos-droitshumains.net\/wp-content\/uploads\/2023\/03\/243898138407_status_d3f9cf6b60c34422912b2cc9d4a1ad30_1.jpg?resize=540%2C340&ssl=1",540,340,true],"covernews-medium-square":["https:\/\/i0.wp.com\/infos-droitshumains.net\/wp-content\/uploads\/2023\/03\/243898138407_status_d3f9cf6b60c34422912b2cc9d4a1ad30_1.jpg?resize=400%2C250&ssl=1",400,250,true]},"author_info":{"display_name":"Jo\u00ebl Diawa","author_link":"https:\/\/infos-droitshumains.net\/?author=2"},"category_info":"<a href=\"https:\/\/infos-droitshumains.net\/?cat=3\" rel=\"category\">Politique<\/a>","tag_info":"Politique","comment_count":"0","jetpack_featured_media_url":"https:\/\/i0.wp.com\/infos-droitshumains.net\/wp-content\/uploads\/2023\/03\/243898138407_status_d3f9cf6b60c34422912b2cc9d4a1ad30_1.jpg?fit=1080%2C721&ssl=1","jetpack-related-posts":[],"jetpack_sharing_enabled":true,"_links":{"self":[{"href":"https:\/\/infos-droitshumains.net\/index.php?rest_route=\/wp\/v2\/posts\/6851","targetHints":{"allow":["GET"]}}],"collection":[{"href":"https:\/\/infos-droitshumains.net\/index.php?rest_route=\/wp\/v2\/posts"}],"about":[{"href":"https:\/\/infos-droitshumains.net\/index.php?rest_route=\/wp\/v2\/types\/post"}],"author":[{"embeddable":true,"href":"https:\/\/infos-droitshumains.net\/index.php?rest_route=\/wp\/v2\/users\/2"}],"replies":[{"embeddable":true,"href":"https:\/\/infos-droitshumains.net\/index.php?rest_route=%2Fwp%2Fv2%2Fcomments&post=6851"}],"version-history":[{"count":4,"href":"https:\/\/infos-droitshumains.net\/index.php?rest_route=\/wp\/v2\/posts\/6851\/revisions"}],"predecessor-version":[{"id":6857,"href":"https:\/\/infos-droitshumains.net\/index.php?rest_route=\/wp\/v2\/posts\/6851\/revisions\/6857"}],"wp:featuredmedia":[{"embeddable":true,"href":"https:\/\/infos-droitshumains.net\/index.php?rest_route=\/wp\/v2\/media\/6853"}],"wp:attachment":[{"href":"https:\/\/infos-droitshumains.net\/index.php?rest_route=%2Fwp%2Fv2%2Fmedia&parent=6851"}],"wp:term":[{"taxonomy":"category","embeddable":true,"href":"https:\/\/infos-droitshumains.net\/index.php?rest_route=%2Fwp%2Fv2%2Fcategories&post=6851"},{"taxonomy":"post_tag","embeddable":true,"href":"https:\/\/infos-droitshumains.net\/index.php?rest_route=%2Fwp%2Fv2%2Ftags&post=6851"}],"curies":[{"name":"wp","href":"https:\/\/api.w.org\/{rel}","templated":true}]}}