{"id":6832,"date":"2023-02-28T20:30:00","date_gmt":"2023-02-28T19:30:00","guid":{"rendered":"https:\/\/infos-droitshumains.net\/?p=6832"},"modified":"2023-03-29T17:06:36","modified_gmt":"2023-03-29T15:06:36","slug":"processus-de-ratification-du-protocole-de-malabo-par-la-rdc-lacidh-mene-un-plaidoyer-aupres-des-autorites-de-kinshasa","status":"publish","type":"post","link":"https:\/\/infos-droitshumains.net\/?p=6832","title":{"rendered":"Processus de ratification du protocole de Malabo par la RDC : l\u2019ACIDH m\u00e8ne un plaidoyer aupr\u00e8s des autorit\u00e9s de Kinshasa"},"content":{"rendered":"\n<p>\u00a0<strong>R\u00e9daction :+243817406088<\/strong><\/p>\n\n\n\n<p>Plusieurs ONG de Droits de l\u2019Homme \u0153uvrant en R\u00e9publique D\u00e9mocratique du Congo sont impatientes de voir le pays ratifier le protocole de Malabo le plus rapidement possible. C\u2019est dans ce cadre qu\u2019une d\u00e9l\u00e9gation ces ONG dont <strong><em>\u00ab\u00a0Action Contre l\u2019Impunit\u00e9 pour les Droits Humains\u00a0\u00bb<\/em><\/strong> (ACIDH)\u00a0 ont rencontr\u00e9 ce mardi 28 f\u00e9vrier 2023, le Secr\u00e9taire G\u00e9n\u00e9ral \u00e0 la justice.<\/p>\n\n\n\n<p>Les \u00e9changes entre les deux parties ont essentiellement tourn\u00e9 autour de la pr\u00e9sentation du protocole de Malabo relatif \u00e0 la cr\u00e9ation d\u2019une cour africaine de justice et des droits humains&nbsp;; l\u2019information sur l\u2019existence d\u2019un r\u00e9seau africain de la soci\u00e9t\u00e9 civile plaidant en faveur de la ratification du protocole de Malabo&nbsp;; l\u2019information sur l\u2019existence d\u2019un r\u00e9seau national plaidant pour la signature et la ratification du protocole par la RDC&nbsp;; la n\u00e9cessit\u00e9 pour les acteurs \u00e9tatiques et la soci\u00e9t\u00e9 civile congolais d\u2019\u00e9tudier la question pour permettre \u00e0 la RDC de lever l\u2019option de signature et de ratification de mani\u00e8re \u00e9clair\u00e9e.<\/p>\n\n\n\n<p><em>\u00abNous sommes tr\u00e8s contents de son accueil et de sa r\u00e9ceptivit\u00e9, il nous a rassur\u00e9 que il prend \u00e0 c\u0153ur ce dossier qu\u2019il a d\u00e9j\u00e0 transmis \u00e0 ses services qui sont entrain de l\u2019\u00e9tudier. Nous esp\u00e9rons que dans les tous prochains jours, nous aurons une suite favorable pour qu\u2019ensemble\u00a0; \u00a0les partenaires de la soci\u00e9t\u00e9 civile et les acteurs \u00e9tatiques, nous puissions nous rencontrer dans un format qui nous permettra de suivre le processus\u00a0 de ratification du protocole de Malabo par la RDC\u00a0\u00bb<\/em>, nous a confi\u00e9 Me Olivier Gikomo qui avait conduit cette d\u00e9l\u00e9gation.<\/p>\n\n\n\n<p>King Booto Bo Lolimba, Secr\u00e9taire G\u00e9n\u00e9ral \u00e0 la Justice a pour sa part, \u00e9pous\u00e9 l\u2019id\u00e9e d\u2019une conf\u00e9rence portant sur l\u2019analyse syst\u00e9matique du protocole. Pour lui, <em>\u00ab\u00a0un examen minutieux des accords internationaux ou r\u00e9gionaux est n\u00e9cessaire pour ne pas retomber dans certaines difficult\u00e9s constat\u00e9es avec certaines adh\u00e9sions notamment celle \u00e0 l\u2019OHADA\u00a0\u00bb.<\/em><\/p>\n\n\n\n<p>Pour la d\u00e9l\u00e9gation, l\u2019attitude du Secr\u00e9taire G\u00e9n\u00e9ral et son int\u00e9r\u00eat pour la question sont encourageants pour le cheminement du projet de l\u2019organisation d\u2019une conf\u00e9rence nationale prochaine sur le protocole de Malabo r\u00e9unissant les acteurs \u00e9tatiques et les acteurs de la soci\u00e9t\u00e9 civile.<\/p>\n\n\n\n<p>Le m\u00eame jour, Me Olivier Gikomo s\u2019est rendu au Secr\u00e9tariat aux Droits Humains en vue de faire le suivi de la correspondance introduite aupr\u00e8s des services du Secr\u00e9taire G\u00e9n\u00e9ral au fin de leur fixer une rencontre pour continuer le m\u00eame plaidoyer.<\/p>\n\n\n\n<p>Merlin Kamalandua<\/p>\n","protected":false},"excerpt":{"rendered":"<p>\u00a0R\u00e9daction :+243817406088 Plusieurs ONG de Droits de l\u2019Homme \u0153uvrant en R\u00e9publique D\u00e9mocratique du Congo sont&#8230;<\/p>\n","protected":false},"author":2,"featured_media":6834,"comment_status":"open","ping_status":"open","sticky":false,"template":"","format":"standard","meta":{"_jetpack_memberships_contains_paid_content":false,"footnotes":""},"categories":[7],"tags":[],"class_list":["post-6832","post","type-post","status-publish","format-standard","has-post-thumbnail","hentry","category-droits-humains"],"yoast_head":"<!-- This site is optimized with the Yoast SEO plugin v27.5 - https:\/\/yoast.com\/product\/yoast-seo-wordpress\/ -->\n<title>Processus de ratification du protocole de Malabo par la RDC : l\u2019ACIDH m\u00e8ne un plaidoyer aupr\u00e8s des autorit\u00e9s de Kinshasa - Infos Droits Humains<\/title>\n<meta name=\"robots\" content=\"index, follow, max-snippet:-1, max-image-preview:large, max-video-preview:-1\" \/>\n<link rel=\"canonical\" href=\"https:\/\/infos-droitshumains.net\/?p=6832\" \/>\n<meta property=\"og:locale\" content=\"fr_FR\" \/>\n<meta property=\"og:type\" content=\"article\" \/>\n<meta property=\"og:title\" content=\"Processus de ratification du protocole de Malabo par la RDC : l\u2019ACIDH m\u00e8ne un plaidoyer aupr\u00e8s des autorit\u00e9s de Kinshasa - Infos Droits Humains\" \/>\n<meta property=\"og:description\" content=\"\u00a0R\u00e9daction :+243817406088 Plusieurs ONG de Droits de l\u2019Homme \u0153uvrant en R\u00e9publique D\u00e9mocratique du Congo sont...\" \/>\n<meta property=\"og:url\" content=\"https:\/\/infos-droitshumains.net\/?p=6832\" \/>\n<meta property=\"og:site_name\" content=\"Infos Droits Humains\" \/>\n<meta property=\"article:published_time\" content=\"2023-02-28T19:30:00+00:00\" \/>\n<meta property=\"article:modified_time\" content=\"2023-03-29T15:06:36+00:00\" \/>\n<meta property=\"og:image\" content=\"https:\/\/i0.wp.com\/infos-droitshumains.net\/wp-content\/uploads\/2023\/02\/IMG_1609.jpg?fit=1080%2C606&ssl=1\" \/>\n\t<meta property=\"og:image:width\" content=\"1080\" \/>\n\t<meta property=\"og:image:height\" content=\"606\" \/>\n\t<meta property=\"og:image:type\" content=\"image\/jpeg\" \/>\n<meta name=\"author\" content=\"Jo\u00ebl Diawa\" \/>\n<meta name=\"twitter:card\" content=\"summary_large_image\" \/>\n<meta name=\"twitter:label1\" content=\"\u00c9crit par\" \/>\n\t<meta name=\"twitter:data1\" content=\"Jo\u00ebl Diawa\" \/>\n\t<meta name=\"twitter:label2\" content=\"Dur\u00e9e de lecture estim\u00e9e\" \/>\n\t<meta name=\"twitter:data2\" content=\"2 minutes\" \/>\n<script type=\"application\/ld+json\" class=\"yoast-schema-graph\">{\"@context\":\"https:\\\/\\\/schema.org\",\"@graph\":[{\"@type\":\"Article\",\"@id\":\"https:\\\/\\\/infos-droitshumains.net\\\/?p=6832#article\",\"isPartOf\":{\"@id\":\"https:\\\/\\\/infos-droitshumains.net\\\/?p=6832\"},\"author\":{\"name\":\"Jo\u00ebl Diawa\",\"@id\":\"https:\\\/\\\/infos-droitshumains.net\\\/#\\\/schema\\\/person\\\/3dc5e921c3302172e0ed4362f96faab7\"},\"headline\":\"Processus de ratification du protocole de Malabo par la RDC : l\u2019ACIDH m\u00e8ne un plaidoyer aupr\u00e8s des autorit\u00e9s de Kinshasa\",\"datePublished\":\"2023-02-28T19:30:00+00:00\",\"dateModified\":\"2023-03-29T15:06:36+00:00\",\"mainEntityOfPage\":{\"@id\":\"https:\\\/\\\/infos-droitshumains.net\\\/?p=6832\"},\"wordCount\":479,\"commentCount\":0,\"publisher\":{\"@id\":\"https:\\\/\\\/infos-droitshumains.net\\\/#organization\"},\"image\":{\"@id\":\"https:\\\/\\\/infos-droitshumains.net\\\/?p=6832#primaryimage\"},\"thumbnailUrl\":\"https:\\\/\\\/i0.wp.com\\\/infos-droitshumains.net\\\/wp-content\\\/uploads\\\/2023\\\/02\\\/IMG_1609.jpg?fit=1080%2C606&ssl=1\",\"articleSection\":[\"Droits Humains\"],\"inLanguage\":\"fr-FR\",\"potentialAction\":[{\"@type\":\"CommentAction\",\"name\":\"Comment\",\"target\":[\"https:\\\/\\\/infos-droitshumains.net\\\/?p=6832#respond\"]}]},{\"@type\":\"WebPage\",\"@id\":\"https:\\\/\\\/infos-droitshumains.net\\\/?p=6832\",\"url\":\"https:\\\/\\\/infos-droitshumains.net\\\/?p=6832\",\"name\":\"Processus de ratification du protocole de Malabo par la RDC : l\u2019ACIDH m\u00e8ne un plaidoyer aupr\u00e8s des autorit\u00e9s de Kinshasa - Infos Droits Humains\",\"isPartOf\":{\"@id\":\"https:\\\/\\\/infos-droitshumains.net\\\/#website\"},\"primaryImageOfPage\":{\"@id\":\"https:\\\/\\\/infos-droitshumains.net\\\/?p=6832#primaryimage\"},\"image\":{\"@id\":\"https:\\\/\\\/infos-droitshumains.net\\\/?p=6832#primaryimage\"},\"thumbnailUrl\":\"https:\\\/\\\/i0.wp.com\\\/infos-droitshumains.net\\\/wp-content\\\/uploads\\\/2023\\\/02\\\/IMG_1609.jpg?fit=1080%2C606&ssl=1\",\"datePublished\":\"2023-02-28T19:30:00+00:00\",\"dateModified\":\"2023-03-29T15:06:36+00:00\",\"breadcrumb\":{\"@id\":\"https:\\\/\\\/infos-droitshumains.net\\\/?p=6832#breadcrumb\"},\"inLanguage\":\"fr-FR\",\"potentialAction\":[{\"@type\":\"ReadAction\",\"target\":[\"https:\\\/\\\/infos-droitshumains.net\\\/?p=6832\"]}]},{\"@type\":\"ImageObject\",\"inLanguage\":\"fr-FR\",\"@id\":\"https:\\\/\\\/infos-droitshumains.net\\\/?p=6832#primaryimage\",\"url\":\"https:\\\/\\\/i0.wp.com\\\/infos-droitshumains.net\\\/wp-content\\\/uploads\\\/2023\\\/02\\\/IMG_1609.jpg?fit=1080%2C606&ssl=1\",\"contentUrl\":\"https:\\\/\\\/i0.wp.com\\\/infos-droitshumains.net\\\/wp-content\\\/uploads\\\/2023\\\/02\\\/IMG_1609.jpg?fit=1080%2C606&ssl=1\",\"width\":1080,\"height\":606},{\"@type\":\"BreadcrumbList\",\"@id\":\"https:\\\/\\\/infos-droitshumains.net\\\/?p=6832#breadcrumb\",\"itemListElement\":[{\"@type\":\"ListItem\",\"position\":1,\"name\":\"Accueil\",\"item\":\"https:\\\/\\\/infos-droitshumains.net\\\/\"},{\"@type\":\"ListItem\",\"position\":2,\"name\":\"Processus de ratification du protocole de Malabo par la RDC : l\u2019ACIDH m\u00e8ne un plaidoyer aupr\u00e8s des autorit\u00e9s de Kinshasa\"}]},{\"@type\":\"WebSite\",\"@id\":\"https:\\\/\\\/infos-droitshumains.net\\\/#website\",\"url\":\"https:\\\/\\\/infos-droitshumains.net\\\/\",\"name\":\"Infos Droits Humains\",\"description\":\"S&#039;informer est un droit\",\"publisher\":{\"@id\":\"https:\\\/\\\/infos-droitshumains.net\\\/#organization\"},\"potentialAction\":[{\"@type\":\"SearchAction\",\"target\":{\"@type\":\"EntryPoint\",\"urlTemplate\":\"https:\\\/\\\/infos-droitshumains.net\\\/?s={search_term_string}\"},\"query-input\":{\"@type\":\"PropertyValueSpecification\",\"valueRequired\":true,\"valueName\":\"search_term_string\"}}],\"inLanguage\":\"fr-FR\"},{\"@type\":\"Organization\",\"@id\":\"https:\\\/\\\/infos-droitshumains.net\\\/#organization\",\"name\":\"Infos Droits Humains\",\"url\":\"https:\\\/\\\/infos-droitshumains.net\\\/\",\"logo\":{\"@type\":\"ImageObject\",\"inLanguage\":\"fr-FR\",\"@id\":\"https:\\\/\\\/infos-droitshumains.net\\\/#\\\/schema\\\/logo\\\/image\\\/\",\"url\":\"https:\\\/\\\/i0.wp.com\\\/infos-droitshumains.net\\\/wp-content\\\/uploads\\\/2022\\\/05\\\/Logo.png?fit=333%2C129&ssl=1\",\"contentUrl\":\"https:\\\/\\\/i0.wp.com\\\/infos-droitshumains.net\\\/wp-content\\\/uploads\\\/2022\\\/05\\\/Logo.png?fit=333%2C129&ssl=1\",\"width\":333,\"height\":129,\"caption\":\"Infos Droits Humains\"},\"image\":{\"@id\":\"https:\\\/\\\/infos-droitshumains.net\\\/#\\\/schema\\\/logo\\\/image\\\/\"}},{\"@type\":\"Person\",\"@id\":\"https:\\\/\\\/infos-droitshumains.net\\\/#\\\/schema\\\/person\\\/3dc5e921c3302172e0ed4362f96faab7\",\"name\":\"Jo\u00ebl Diawa\",\"image\":{\"@type\":\"ImageObject\",\"inLanguage\":\"fr-FR\",\"@id\":\"https:\\\/\\\/secure.gravatar.com\\\/avatar\\\/729bea6ff4604c624417803c477363be8e3c7186deaa65713313f9b4b820f41c?s=96&d=mm&r=g\",\"url\":\"https:\\\/\\\/secure.gravatar.com\\\/avatar\\\/729bea6ff4604c624417803c477363be8e3c7186deaa65713313f9b4b820f41c?s=96&d=mm&r=g\",\"contentUrl\":\"https:\\\/\\\/secure.gravatar.com\\\/avatar\\\/729bea6ff4604c624417803c477363be8e3c7186deaa65713313f9b4b820f41c?s=96&d=mm&r=g\",\"caption\":\"Jo\u00ebl Diawa\"},\"sameAs\":[\"https:\\\/\\\/www.infos-droitshumains.net\"],\"url\":\"https:\\\/\\\/infos-droitshumains.net\\\/?author=2\"}]}<\/script>\n<!-- \/ Yoast SEO plugin. -->","yoast_head_json":{"title":"Processus de ratification du protocole de Malabo par la RDC : l\u2019ACIDH m\u00e8ne un plaidoyer aupr\u00e8s des autorit\u00e9s de Kinshasa - Infos Droits Humains","robots":{"index":"index","follow":"follow","max-snippet":"max-snippet:-1","max-image-preview":"max-image-preview:large","max-video-preview":"max-video-preview:-1"},"canonical":"https:\/\/infos-droitshumains.net\/?p=6832","og_locale":"fr_FR","og_type":"article","og_title":"Processus de ratification du protocole de Malabo par la RDC : l\u2019ACIDH m\u00e8ne un plaidoyer aupr\u00e8s des autorit\u00e9s de Kinshasa - Infos Droits Humains","og_description":"\u00a0R\u00e9daction :+243817406088 Plusieurs ONG de Droits de l\u2019Homme \u0153uvrant en R\u00e9publique D\u00e9mocratique du Congo sont...","og_url":"https:\/\/infos-droitshumains.net\/?p=6832","og_site_name":"Infos Droits Humains","article_published_time":"2023-02-28T19:30:00+00:00","article_modified_time":"2023-03-29T15:06:36+00:00","og_image":[{"width":1080,"height":606,"url":"https:\/\/i0.wp.com\/infos-droitshumains.net\/wp-content\/uploads\/2023\/02\/IMG_1609.jpg?fit=1080%2C606&ssl=1","type":"image\/jpeg"}],"author":"Jo\u00ebl Diawa","twitter_card":"summary_large_image","twitter_misc":{"\u00c9crit par":"Jo\u00ebl Diawa","Dur\u00e9e de lecture estim\u00e9e":"2 minutes"},"schema":{"@context":"https:\/\/schema.org","@graph":[{"@type":"Article","@id":"https:\/\/infos-droitshumains.net\/?p=6832#article","isPartOf":{"@id":"https:\/\/infos-droitshumains.net\/?p=6832"},"author":{"name":"Jo\u00ebl Diawa","@id":"https:\/\/infos-droitshumains.net\/#\/schema\/person\/3dc5e921c3302172e0ed4362f96faab7"},"headline":"Processus de ratification du protocole de Malabo par la RDC : l\u2019ACIDH m\u00e8ne un plaidoyer aupr\u00e8s des autorit\u00e9s de Kinshasa","datePublished":"2023-02-28T19:30:00+00:00","dateModified":"2023-03-29T15:06:36+00:00","mainEntityOfPage":{"@id":"https:\/\/infos-droitshumains.net\/?p=6832"},"wordCount":479,"commentCount":0,"publisher":{"@id":"https:\/\/infos-droitshumains.net\/#organization"},"image":{"@id":"https:\/\/infos-droitshumains.net\/?p=6832#primaryimage"},"thumbnailUrl":"https:\/\/i0.wp.com\/infos-droitshumains.net\/wp-content\/uploads\/2023\/02\/IMG_1609.jpg?fit=1080%2C606&ssl=1","articleSection":["Droits Humains"],"inLanguage":"fr-FR","potentialAction":[{"@type":"CommentAction","name":"Comment","target":["https:\/\/infos-droitshumains.net\/?p=6832#respond"]}]},{"@type":"WebPage","@id":"https:\/\/infos-droitshumains.net\/?p=6832","url":"https:\/\/infos-droitshumains.net\/?p=6832","name":"Processus de ratification du protocole de Malabo par la RDC : l\u2019ACIDH m\u00e8ne un plaidoyer aupr\u00e8s des autorit\u00e9s de Kinshasa - Infos Droits Humains","isPartOf":{"@id":"https:\/\/infos-droitshumains.net\/#website"},"primaryImageOfPage":{"@id":"https:\/\/infos-droitshumains.net\/?p=6832#primaryimage"},"image":{"@id":"https:\/\/infos-droitshumains.net\/?p=6832#primaryimage"},"thumbnailUrl":"https:\/\/i0.wp.com\/infos-droitshumains.net\/wp-content\/uploads\/2023\/02\/IMG_1609.jpg?fit=1080%2C606&ssl=1","datePublished":"2023-02-28T19:30:00+00:00","dateModified":"2023-03-29T15:06:36+00:00","breadcrumb":{"@id":"https:\/\/infos-droitshumains.net\/?p=6832#breadcrumb"},"inLanguage":"fr-FR","potentialAction":[{"@type":"ReadAction","target":["https:\/\/infos-droitshumains.net\/?p=6832"]}]},{"@type":"ImageObject","inLanguage":"fr-FR","@id":"https:\/\/infos-droitshumains.net\/?p=6832#primaryimage","url":"https:\/\/i0.wp.com\/infos-droitshumains.net\/wp-content\/uploads\/2023\/02\/IMG_1609.jpg?fit=1080%2C606&ssl=1","contentUrl":"https:\/\/i0.wp.com\/infos-droitshumains.net\/wp-content\/uploads\/2023\/02\/IMG_1609.jpg?fit=1080%2C606&ssl=1","width":1080,"height":606},{"@type":"BreadcrumbList","@id":"https:\/\/infos-droitshumains.net\/?p=6832#breadcrumb","itemListElement":[{"@type":"ListItem","position":1,"name":"Accueil","item":"https:\/\/infos-droitshumains.net\/"},{"@type":"ListItem","position":2,"name":"Processus de ratification du protocole de Malabo par la RDC : l\u2019ACIDH m\u00e8ne un plaidoyer aupr\u00e8s des autorit\u00e9s de Kinshasa"}]},{"@type":"WebSite","@id":"https:\/\/infos-droitshumains.net\/#website","url":"https:\/\/infos-droitshumains.net\/","name":"Infos Droits Humains","description":"S&#039;informer est un droit","publisher":{"@id":"https:\/\/infos-droitshumains.net\/#organization"},"potentialAction":[{"@type":"SearchAction","target":{"@type":"EntryPoint","urlTemplate":"https:\/\/infos-droitshumains.net\/?s={search_term_string}"},"query-input":{"@type":"PropertyValueSpecification","valueRequired":true,"valueName":"search_term_string"}}],"inLanguage":"fr-FR"},{"@type":"Organization","@id":"https:\/\/infos-droitshumains.net\/#organization","name":"Infos Droits Humains","url":"https:\/\/infos-droitshumains.net\/","logo":{"@type":"ImageObject","inLanguage":"fr-FR","@id":"https:\/\/infos-droitshumains.net\/#\/schema\/logo\/image\/","url":"https:\/\/i0.wp.com\/infos-droitshumains.net\/wp-content\/uploads\/2022\/05\/Logo.png?fit=333%2C129&ssl=1","contentUrl":"https:\/\/i0.wp.com\/infos-droitshumains.net\/wp-content\/uploads\/2022\/05\/Logo.png?fit=333%2C129&ssl=1","width":333,"height":129,"caption":"Infos Droits Humains"},"image":{"@id":"https:\/\/infos-droitshumains.net\/#\/schema\/logo\/image\/"}},{"@type":"Person","@id":"https:\/\/infos-droitshumains.net\/#\/schema\/person\/3dc5e921c3302172e0ed4362f96faab7","name":"Jo\u00ebl Diawa","image":{"@type":"ImageObject","inLanguage":"fr-FR","@id":"https:\/\/secure.gravatar.com\/avatar\/729bea6ff4604c624417803c477363be8e3c7186deaa65713313f9b4b820f41c?s=96&d=mm&r=g","url":"https:\/\/secure.gravatar.com\/avatar\/729bea6ff4604c624417803c477363be8e3c7186deaa65713313f9b4b820f41c?s=96&d=mm&r=g","contentUrl":"https:\/\/secure.gravatar.com\/avatar\/729bea6ff4604c624417803c477363be8e3c7186deaa65713313f9b4b820f41c?s=96&d=mm&r=g","caption":"Jo\u00ebl Diawa"},"sameAs":["https:\/\/www.infos-droitshumains.net"],"url":"https:\/\/infos-droitshumains.net\/?author=2"}]}},"featured_image_urls":{"full":["https:\/\/i0.wp.com\/infos-droitshumains.net\/wp-content\/uploads\/2023\/02\/IMG_1609.jpg?fit=1080%2C606&ssl=1",1080,606,false],"thumbnail":["https:\/\/i0.wp.com\/infos-droitshumains.net\/wp-content\/uploads\/2023\/02\/IMG_1609.jpg?resize=150%2C150&ssl=1",150,150,true],"medium":["https:\/\/i0.wp.com\/infos-droitshumains.net\/wp-content\/uploads\/2023\/02\/IMG_1609.jpg?fit=300%2C168&ssl=1",300,168,true],"medium_large":["https:\/\/i0.wp.com\/infos-droitshumains.net\/wp-content\/uploads\/2023\/02\/IMG_1609.jpg?fit=640%2C359&ssl=1",640,359,true],"large":["https:\/\/i0.wp.com\/infos-droitshumains.net\/wp-content\/uploads\/2023\/02\/IMG_1609.jpg?fit=640%2C359&ssl=1",640,359,true],"1536x1536":["https:\/\/i0.wp.com\/infos-droitshumains.net\/wp-content\/uploads\/2023\/02\/IMG_1609.jpg?fit=1080%2C606&ssl=1",1080,606,true],"2048x2048":["https:\/\/i0.wp.com\/infos-droitshumains.net\/wp-content\/uploads\/2023\/02\/IMG_1609.jpg?fit=1080%2C606&ssl=1",1080,606,true],"covernews-slider-full":["https:\/\/i0.wp.com\/infos-droitshumains.net\/wp-content\/uploads\/2023\/02\/IMG_1609.jpg?resize=1080%2C606&ssl=1",1080,606,true],"covernews-slider-center":["https:\/\/i0.wp.com\/infos-droitshumains.net\/wp-content\/uploads\/2023\/02\/IMG_1609.jpg?resize=800%2C500&ssl=1",800,500,true],"covernews-featured":["https:\/\/i0.wp.com\/infos-droitshumains.net\/wp-content\/uploads\/2023\/02\/IMG_1609.jpg?fit=1024%2C575&ssl=1",1024,575,true],"covernews-medium":["https:\/\/i0.wp.com\/infos-droitshumains.net\/wp-content\/uploads\/2023\/02\/IMG_1609.jpg?resize=540%2C340&ssl=1",540,340,true],"covernews-medium-square":["https:\/\/i0.wp.com\/infos-droitshumains.net\/wp-content\/uploads\/2023\/02\/IMG_1609.jpg?resize=400%2C250&ssl=1",400,250,true]},"author_info":{"display_name":"Jo\u00ebl Diawa","author_link":"https:\/\/infos-droitshumains.net\/?author=2"},"category_info":"<a href=\"https:\/\/infos-droitshumains.net\/?cat=7\" rel=\"category\">Droits Humains<\/a>","tag_info":"Droits Humains","comment_count":"0","jetpack_featured_media_url":"https:\/\/i0.wp.com\/infos-droitshumains.net\/wp-content\/uploads\/2023\/02\/IMG_1609.jpg?fit=1080%2C606&ssl=1","jetpack-related-posts":[],"jetpack_sharing_enabled":true,"_links":{"self":[{"href":"https:\/\/infos-droitshumains.net\/index.php?rest_route=\/wp\/v2\/posts\/6832","targetHints":{"allow":["GET"]}}],"collection":[{"href":"https:\/\/infos-droitshumains.net\/index.php?rest_route=\/wp\/v2\/posts"}],"about":[{"href":"https:\/\/infos-droitshumains.net\/index.php?rest_route=\/wp\/v2\/types\/post"}],"author":[{"embeddable":true,"href":"https:\/\/infos-droitshumains.net\/index.php?rest_route=\/wp\/v2\/users\/2"}],"replies":[{"embeddable":true,"href":"https:\/\/infos-droitshumains.net\/index.php?rest_route=%2Fwp%2Fv2%2Fcomments&post=6832"}],"version-history":[{"count":3,"href":"https:\/\/infos-droitshumains.net\/index.php?rest_route=\/wp\/v2\/posts\/6832\/revisions"}],"predecessor-version":[{"id":6840,"href":"https:\/\/infos-droitshumains.net\/index.php?rest_route=\/wp\/v2\/posts\/6832\/revisions\/6840"}],"wp:featuredmedia":[{"embeddable":true,"href":"https:\/\/infos-droitshumains.net\/index.php?rest_route=\/wp\/v2\/media\/6834"}],"wp:attachment":[{"href":"https:\/\/infos-droitshumains.net\/index.php?rest_route=%2Fwp%2Fv2%2Fmedia&parent=6832"}],"wp:term":[{"taxonomy":"category","embeddable":true,"href":"https:\/\/infos-droitshumains.net\/index.php?rest_route=%2Fwp%2Fv2%2Fcategories&post=6832"},{"taxonomy":"post_tag","embeddable":true,"href":"https:\/\/infos-droitshumains.net\/index.php?rest_route=%2Fwp%2Fv2%2Ftags&post=6832"}],"curies":[{"name":"wp","href":"https:\/\/api.w.org\/{rel}","templated":true}]}}