{"id":683,"date":"2021-08-09T23:35:30","date_gmt":"2021-08-09T21:35:30","guid":{"rendered":"https:\/\/www.infos-droitshumains.net\/?p=683"},"modified":"2023-04-06T12:11:45","modified_gmt":"2023-04-06T10:11:45","slug":"evaluation-de-letat-de-siege-a-lassemblee-nationale-rose-mutombo-entendue-par-la-commission-defense-et-securite","status":"publish","type":"post","link":"https:\/\/infos-droitshumains.net\/?p=683","title":{"rendered":"\u00c9valuation de l&rsquo;\u00e9tat de si\u00e8ge \u00e0 l&rsquo;Assembl\u00e9e Nationale: Rose Mutombo entendue par la commission d\u00e9fense et s\u00e9curit\u00e9."},"content":{"rendered":"\n<p><\/p>\n\n\n\n<p>C&rsquo;est ce lundi 9 Ao\u00fbt 2021 que la ministre d&rsquo;Etat, ministre de la justice a \u00e9t\u00e9 entendue par la commission d\u00e9fense et s\u00e9curit\u00e9 de l&rsquo;Assembl\u00e9e Nationale. Histoire pour cette commission de s&rsquo;enqu\u00e9rir de la situation actuelle de l&rsquo;\u00e9tat de si\u00e8ge, trois mois apr\u00e8s son instauration par le chef de l&rsquo;\u00c9tat dans les provinces de l&rsquo;Ituri et du Nord Kivu.<\/p>\n\n\n\n<p>Il est donc question de faire une \u00e9valuation profonde sur ce qui est fait et ce qui reste \u00e0 faire pour atteindre les r\u00e9sultats tels que souhait\u00e9s par le Pr\u00e9sident de la R\u00e9publique et ainsi rencontrer les attentes du peuple tant meurtri .<\/p>\n\n\n\n<p>Selon le d\u00e9put\u00e9 Bertin Mobonzi, pr\u00e9sident de cette commission, \u00ab\u00a0<em>la rencontre avec Rose Mutombo rentre dans le cadre de l&rsquo;audition des membres du gouvernement pour \u00e9valuer \u00e0 mi-parcours l&rsquo;\u00e9tat de si\u00e8ge. Cette d\u00e9marche permet aux d\u00e9put\u00e9s de comprendre, mieux de voir claire ou de soulever les questions pertinentes qui pourront servir les membres du gouvernement de recadrer les tirs et \u00e9ventuellement am\u00e9liorer leurs actions sur terrain\u00a0\u00bb.<\/em><\/p>\n\n\n\n<p>La ministre Rose Mutombo a donc 48 heures pour r\u00e9pondre aux pr\u00e9occupations des \u00e9lus nationaux <\/p>\n\n\n\n<p>Signalons que l&rsquo;assembl\u00e9e nationale a depuis le 3 Ao\u00fbt dernier proc\u00e9d\u00e9 au vote pour la 5 \u00e8me prorogation de l&rsquo;\u00e9tat de si\u00e8ge.<\/p>\n\n\n\n<p>Chantal kabasua<\/p>\n","protected":false},"excerpt":{"rendered":"<p>C&rsquo;est ce lundi 9 Ao\u00fbt 2021 que la ministre d&rsquo;Etat, ministre de la justice a&#8230;<\/p>\n","protected":false},"author":2,"featured_media":0,"comment_status":"open","ping_status":"open","sticky":false,"template":"","format":"standard","meta":{"_jetpack_memberships_contains_paid_content":false,"footnotes":""},"categories":[1],"tags":[],"class_list":["post-683","post","type-post","status-publish","format-standard","hentry","category-non-classe"],"yoast_head":"<!-- This site is optimized with the Yoast SEO plugin v27.5 - https:\/\/yoast.com\/product\/yoast-seo-wordpress\/ -->\n<title>\u00c9valuation de l&#039;\u00e9tat de si\u00e8ge \u00e0 l&#039;Assembl\u00e9e Nationale: Rose Mutombo entendue par la commission d\u00e9fense et s\u00e9curit\u00e9. - Infos Droits Humains<\/title>\n<meta name=\"robots\" content=\"index, follow, max-snippet:-1, max-image-preview:large, max-video-preview:-1\" \/>\n<link rel=\"canonical\" href=\"https:\/\/infos-droitshumains.net\/?p=683\" \/>\n<meta property=\"og:locale\" content=\"fr_FR\" \/>\n<meta property=\"og:type\" content=\"article\" \/>\n<meta property=\"og:title\" content=\"\u00c9valuation de l&#039;\u00e9tat de si\u00e8ge \u00e0 l&#039;Assembl\u00e9e Nationale: Rose Mutombo entendue par la commission d\u00e9fense et s\u00e9curit\u00e9. - Infos Droits Humains\" \/>\n<meta property=\"og:description\" content=\"C&rsquo;est ce lundi 9 Ao\u00fbt 2021 que la ministre d&rsquo;Etat, ministre de la justice a...\" \/>\n<meta property=\"og:url\" content=\"https:\/\/infos-droitshumains.net\/?p=683\" \/>\n<meta property=\"og:site_name\" content=\"Infos Droits Humains\" \/>\n<meta property=\"article:published_time\" content=\"2021-08-09T21:35:30+00:00\" \/>\n<meta property=\"article:modified_time\" content=\"2023-04-06T10:11:45+00:00\" \/>\n<meta name=\"author\" content=\"Jo\u00ebl Diawa\" \/>\n<meta name=\"twitter:card\" content=\"summary_large_image\" \/>\n<meta name=\"twitter:label1\" content=\"\u00c9crit par\" \/>\n\t<meta name=\"twitter:data1\" content=\"Jo\u00ebl Diawa\" \/>\n\t<meta name=\"twitter:label2\" content=\"Dur\u00e9e de lecture estim\u00e9e\" \/>\n\t<meta name=\"twitter:data2\" content=\"1 minute\" \/>\n<script type=\"application\/ld+json\" class=\"yoast-schema-graph\">{\"@context\":\"https:\\\/\\\/schema.org\",\"@graph\":[{\"@type\":\"Article\",\"@id\":\"https:\\\/\\\/infos-droitshumains.net\\\/?p=683#article\",\"isPartOf\":{\"@id\":\"https:\\\/\\\/infos-droitshumains.net\\\/?p=683\"},\"author\":{\"name\":\"Jo\u00ebl Diawa\",\"@id\":\"https:\\\/\\\/infos-droitshumains.net\\\/#\\\/schema\\\/person\\\/3dc5e921c3302172e0ed4362f96faab7\"},\"headline\":\"\u00c9valuation de l&rsquo;\u00e9tat de si\u00e8ge \u00e0 l&rsquo;Assembl\u00e9e Nationale: Rose Mutombo entendue par la commission d\u00e9fense et s\u00e9curit\u00e9.\",\"datePublished\":\"2021-08-09T21:35:30+00:00\",\"dateModified\":\"2023-04-06T10:11:45+00:00\",\"mainEntityOfPage\":{\"@id\":\"https:\\\/\\\/infos-droitshumains.net\\\/?p=683\"},\"wordCount\":248,\"commentCount\":0,\"publisher\":{\"@id\":\"https:\\\/\\\/infos-droitshumains.net\\\/#organization\"},\"inLanguage\":\"fr-FR\",\"potentialAction\":[{\"@type\":\"CommentAction\",\"name\":\"Comment\",\"target\":[\"https:\\\/\\\/infos-droitshumains.net\\\/?p=683#respond\"]}]},{\"@type\":\"WebPage\",\"@id\":\"https:\\\/\\\/infos-droitshumains.net\\\/?p=683\",\"url\":\"https:\\\/\\\/infos-droitshumains.net\\\/?p=683\",\"name\":\"\u00c9valuation de l'\u00e9tat de si\u00e8ge \u00e0 l'Assembl\u00e9e Nationale: Rose Mutombo entendue par la commission d\u00e9fense et s\u00e9curit\u00e9. - Infos Droits Humains\",\"isPartOf\":{\"@id\":\"https:\\\/\\\/infos-droitshumains.net\\\/#website\"},\"datePublished\":\"2021-08-09T21:35:30+00:00\",\"dateModified\":\"2023-04-06T10:11:45+00:00\",\"breadcrumb\":{\"@id\":\"https:\\\/\\\/infos-droitshumains.net\\\/?p=683#breadcrumb\"},\"inLanguage\":\"fr-FR\",\"potentialAction\":[{\"@type\":\"ReadAction\",\"target\":[\"https:\\\/\\\/infos-droitshumains.net\\\/?p=683\"]}]},{\"@type\":\"BreadcrumbList\",\"@id\":\"https:\\\/\\\/infos-droitshumains.net\\\/?p=683#breadcrumb\",\"itemListElement\":[{\"@type\":\"ListItem\",\"position\":1,\"name\":\"Accueil\",\"item\":\"https:\\\/\\\/infos-droitshumains.net\\\/\"},{\"@type\":\"ListItem\",\"position\":2,\"name\":\"\u00c9valuation de l&rsquo;\u00e9tat de si\u00e8ge \u00e0 l&rsquo;Assembl\u00e9e Nationale: Rose Mutombo entendue par la commission d\u00e9fense et s\u00e9curit\u00e9.\"}]},{\"@type\":\"WebSite\",\"@id\":\"https:\\\/\\\/infos-droitshumains.net\\\/#website\",\"url\":\"https:\\\/\\\/infos-droitshumains.net\\\/\",\"name\":\"Infos Droits Humains\",\"description\":\"S&#039;informer est un droit\",\"publisher\":{\"@id\":\"https:\\\/\\\/infos-droitshumains.net\\\/#organization\"},\"potentialAction\":[{\"@type\":\"SearchAction\",\"target\":{\"@type\":\"EntryPoint\",\"urlTemplate\":\"https:\\\/\\\/infos-droitshumains.net\\\/?s={search_term_string}\"},\"query-input\":{\"@type\":\"PropertyValueSpecification\",\"valueRequired\":true,\"valueName\":\"search_term_string\"}}],\"inLanguage\":\"fr-FR\"},{\"@type\":\"Organization\",\"@id\":\"https:\\\/\\\/infos-droitshumains.net\\\/#organization\",\"name\":\"Infos Droits Humains\",\"url\":\"https:\\\/\\\/infos-droitshumains.net\\\/\",\"logo\":{\"@type\":\"ImageObject\",\"inLanguage\":\"fr-FR\",\"@id\":\"https:\\\/\\\/infos-droitshumains.net\\\/#\\\/schema\\\/logo\\\/image\\\/\",\"url\":\"https:\\\/\\\/i0.wp.com\\\/infos-droitshumains.net\\\/wp-content\\\/uploads\\\/2022\\\/05\\\/Logo.png?fit=333%2C129&ssl=1\",\"contentUrl\":\"https:\\\/\\\/i0.wp.com\\\/infos-droitshumains.net\\\/wp-content\\\/uploads\\\/2022\\\/05\\\/Logo.png?fit=333%2C129&ssl=1\",\"width\":333,\"height\":129,\"caption\":\"Infos Droits Humains\"},\"image\":{\"@id\":\"https:\\\/\\\/infos-droitshumains.net\\\/#\\\/schema\\\/logo\\\/image\\\/\"}},{\"@type\":\"Person\",\"@id\":\"https:\\\/\\\/infos-droitshumains.net\\\/#\\\/schema\\\/person\\\/3dc5e921c3302172e0ed4362f96faab7\",\"name\":\"Jo\u00ebl Diawa\",\"image\":{\"@type\":\"ImageObject\",\"inLanguage\":\"fr-FR\",\"@id\":\"https:\\\/\\\/secure.gravatar.com\\\/avatar\\\/729bea6ff4604c624417803c477363be8e3c7186deaa65713313f9b4b820f41c?s=96&d=mm&r=g\",\"url\":\"https:\\\/\\\/secure.gravatar.com\\\/avatar\\\/729bea6ff4604c624417803c477363be8e3c7186deaa65713313f9b4b820f41c?s=96&d=mm&r=g\",\"contentUrl\":\"https:\\\/\\\/secure.gravatar.com\\\/avatar\\\/729bea6ff4604c624417803c477363be8e3c7186deaa65713313f9b4b820f41c?s=96&d=mm&r=g\",\"caption\":\"Jo\u00ebl Diawa\"},\"sameAs\":[\"https:\\\/\\\/www.infos-droitshumains.net\"],\"url\":\"https:\\\/\\\/infos-droitshumains.net\\\/?author=2\"}]}<\/script>\n<!-- \/ Yoast SEO plugin. -->","yoast_head_json":{"title":"\u00c9valuation de l'\u00e9tat de si\u00e8ge \u00e0 l'Assembl\u00e9e Nationale: Rose Mutombo entendue par la commission d\u00e9fense et s\u00e9curit\u00e9. - Infos Droits Humains","robots":{"index":"index","follow":"follow","max-snippet":"max-snippet:-1","max-image-preview":"max-image-preview:large","max-video-preview":"max-video-preview:-1"},"canonical":"https:\/\/infos-droitshumains.net\/?p=683","og_locale":"fr_FR","og_type":"article","og_title":"\u00c9valuation de l'\u00e9tat de si\u00e8ge \u00e0 l'Assembl\u00e9e Nationale: Rose Mutombo entendue par la commission d\u00e9fense et s\u00e9curit\u00e9. - Infos Droits Humains","og_description":"C&rsquo;est ce lundi 9 Ao\u00fbt 2021 que la ministre d&rsquo;Etat, ministre de la justice a...","og_url":"https:\/\/infos-droitshumains.net\/?p=683","og_site_name":"Infos Droits Humains","article_published_time":"2021-08-09T21:35:30+00:00","article_modified_time":"2023-04-06T10:11:45+00:00","author":"Jo\u00ebl Diawa","twitter_card":"summary_large_image","twitter_misc":{"\u00c9crit par":"Jo\u00ebl Diawa","Dur\u00e9e de lecture estim\u00e9e":"1 minute"},"schema":{"@context":"https:\/\/schema.org","@graph":[{"@type":"Article","@id":"https:\/\/infos-droitshumains.net\/?p=683#article","isPartOf":{"@id":"https:\/\/infos-droitshumains.net\/?p=683"},"author":{"name":"Jo\u00ebl Diawa","@id":"https:\/\/infos-droitshumains.net\/#\/schema\/person\/3dc5e921c3302172e0ed4362f96faab7"},"headline":"\u00c9valuation de l&rsquo;\u00e9tat de si\u00e8ge \u00e0 l&rsquo;Assembl\u00e9e Nationale: Rose Mutombo entendue par la commission d\u00e9fense et s\u00e9curit\u00e9.","datePublished":"2021-08-09T21:35:30+00:00","dateModified":"2023-04-06T10:11:45+00:00","mainEntityOfPage":{"@id":"https:\/\/infos-droitshumains.net\/?p=683"},"wordCount":248,"commentCount":0,"publisher":{"@id":"https:\/\/infos-droitshumains.net\/#organization"},"inLanguage":"fr-FR","potentialAction":[{"@type":"CommentAction","name":"Comment","target":["https:\/\/infos-droitshumains.net\/?p=683#respond"]}]},{"@type":"WebPage","@id":"https:\/\/infos-droitshumains.net\/?p=683","url":"https:\/\/infos-droitshumains.net\/?p=683","name":"\u00c9valuation de l'\u00e9tat de si\u00e8ge \u00e0 l'Assembl\u00e9e Nationale: Rose Mutombo entendue par la commission d\u00e9fense et s\u00e9curit\u00e9. - Infos Droits Humains","isPartOf":{"@id":"https:\/\/infos-droitshumains.net\/#website"},"datePublished":"2021-08-09T21:35:30+00:00","dateModified":"2023-04-06T10:11:45+00:00","breadcrumb":{"@id":"https:\/\/infos-droitshumains.net\/?p=683#breadcrumb"},"inLanguage":"fr-FR","potentialAction":[{"@type":"ReadAction","target":["https:\/\/infos-droitshumains.net\/?p=683"]}]},{"@type":"BreadcrumbList","@id":"https:\/\/infos-droitshumains.net\/?p=683#breadcrumb","itemListElement":[{"@type":"ListItem","position":1,"name":"Accueil","item":"https:\/\/infos-droitshumains.net\/"},{"@type":"ListItem","position":2,"name":"\u00c9valuation de l&rsquo;\u00e9tat de si\u00e8ge \u00e0 l&rsquo;Assembl\u00e9e Nationale: Rose Mutombo entendue par la commission d\u00e9fense et s\u00e9curit\u00e9."}]},{"@type":"WebSite","@id":"https:\/\/infos-droitshumains.net\/#website","url":"https:\/\/infos-droitshumains.net\/","name":"Infos Droits Humains","description":"S&#039;informer est un droit","publisher":{"@id":"https:\/\/infos-droitshumains.net\/#organization"},"potentialAction":[{"@type":"SearchAction","target":{"@type":"EntryPoint","urlTemplate":"https:\/\/infos-droitshumains.net\/?s={search_term_string}"},"query-input":{"@type":"PropertyValueSpecification","valueRequired":true,"valueName":"search_term_string"}}],"inLanguage":"fr-FR"},{"@type":"Organization","@id":"https:\/\/infos-droitshumains.net\/#organization","name":"Infos Droits Humains","url":"https:\/\/infos-droitshumains.net\/","logo":{"@type":"ImageObject","inLanguage":"fr-FR","@id":"https:\/\/infos-droitshumains.net\/#\/schema\/logo\/image\/","url":"https:\/\/i0.wp.com\/infos-droitshumains.net\/wp-content\/uploads\/2022\/05\/Logo.png?fit=333%2C129&ssl=1","contentUrl":"https:\/\/i0.wp.com\/infos-droitshumains.net\/wp-content\/uploads\/2022\/05\/Logo.png?fit=333%2C129&ssl=1","width":333,"height":129,"caption":"Infos Droits Humains"},"image":{"@id":"https:\/\/infos-droitshumains.net\/#\/schema\/logo\/image\/"}},{"@type":"Person","@id":"https:\/\/infos-droitshumains.net\/#\/schema\/person\/3dc5e921c3302172e0ed4362f96faab7","name":"Jo\u00ebl Diawa","image":{"@type":"ImageObject","inLanguage":"fr-FR","@id":"https:\/\/secure.gravatar.com\/avatar\/729bea6ff4604c624417803c477363be8e3c7186deaa65713313f9b4b820f41c?s=96&d=mm&r=g","url":"https:\/\/secure.gravatar.com\/avatar\/729bea6ff4604c624417803c477363be8e3c7186deaa65713313f9b4b820f41c?s=96&d=mm&r=g","contentUrl":"https:\/\/secure.gravatar.com\/avatar\/729bea6ff4604c624417803c477363be8e3c7186deaa65713313f9b4b820f41c?s=96&d=mm&r=g","caption":"Jo\u00ebl Diawa"},"sameAs":["https:\/\/www.infos-droitshumains.net"],"url":"https:\/\/infos-droitshumains.net\/?author=2"}]}},"featured_image_urls":{"full":"","thumbnail":"","medium":"","medium_large":"","large":"","1536x1536":"","2048x2048":"","covernews-slider-full":"","covernews-slider-center":"","covernews-featured":"","covernews-medium":"","covernews-medium-square":""},"author_info":{"display_name":"Jo\u00ebl Diawa","author_link":"https:\/\/infos-droitshumains.net\/?author=2"},"category_info":"<a href=\"https:\/\/infos-droitshumains.net\/?cat=1\" rel=\"category\">Non class\u00e9<\/a>","tag_info":"Non class\u00e9","comment_count":"0","jetpack_featured_media_url":"","jetpack-related-posts":[],"jetpack_sharing_enabled":true,"_links":{"self":[{"href":"https:\/\/infos-droitshumains.net\/index.php?rest_route=\/wp\/v2\/posts\/683","targetHints":{"allow":["GET"]}}],"collection":[{"href":"https:\/\/infos-droitshumains.net\/index.php?rest_route=\/wp\/v2\/posts"}],"about":[{"href":"https:\/\/infos-droitshumains.net\/index.php?rest_route=\/wp\/v2\/types\/post"}],"author":[{"embeddable":true,"href":"https:\/\/infos-droitshumains.net\/index.php?rest_route=\/wp\/v2\/users\/2"}],"replies":[{"embeddable":true,"href":"https:\/\/infos-droitshumains.net\/index.php?rest_route=%2Fwp%2Fv2%2Fcomments&post=683"}],"version-history":[{"count":2,"href":"https:\/\/infos-droitshumains.net\/index.php?rest_route=\/wp\/v2\/posts\/683\/revisions"}],"predecessor-version":[{"id":689,"href":"https:\/\/infos-droitshumains.net\/index.php?rest_route=\/wp\/v2\/posts\/683\/revisions\/689"}],"wp:attachment":[{"href":"https:\/\/infos-droitshumains.net\/index.php?rest_route=%2Fwp%2Fv2%2Fmedia&parent=683"}],"wp:term":[{"taxonomy":"category","embeddable":true,"href":"https:\/\/infos-droitshumains.net\/index.php?rest_route=%2Fwp%2Fv2%2Fcategories&post=683"},{"taxonomy":"post_tag","embeddable":true,"href":"https:\/\/infos-droitshumains.net\/index.php?rest_route=%2Fwp%2Fv2%2Ftags&post=683"}],"curies":[{"name":"wp","href":"https:\/\/api.w.org\/{rel}","templated":true}]}}