{"id":677,"date":"2021-08-11T00:08:15","date_gmt":"2021-08-10T22:08:15","guid":{"rendered":"https:\/\/www.infos-droitshumains.net\/?p=677"},"modified":"2023-04-06T12:11:45","modified_gmt":"2023-04-06T10:11:45","slug":"677","status":"publish","type":"post","link":"https:\/\/infos-droitshumains.net\/?p=677","title":{"rendered":"\u00c9valuation de l&rsquo;\u00e9tat de si\u00e8ge : Rose Mutombo r\u00e9pond aux pr\u00e9occupations des \u00e9lus nationaux, et une commission ad hoc mise en place."},"content":{"rendered":"\n<p>48 heure apr\u00e8s son passage \u00e0 la commission d\u00e9fense et s\u00e9curit\u00e9 de l&rsquo;Assembl\u00e9e Nationale, la ministre d&rsquo;\u00c9tat, ministre de la justice est revenue ce mercredi 10 ao\u00fbt devant les \u00e9lus pour r\u00e9pondre \u00e0 leurs pr\u00e9occupations soulev\u00e9es lors de la premi\u00e8re rencontre. Les r\u00e9ponse de Rose Mutombo Kiese \u00e0 la commission d\u00e9fense et s\u00e9curit\u00e9 ont d\u00e9bouch\u00e9 \u00e0 la mise en place d&rsquo;une commission ad hoc.<\/p>\n\n\n\n<p>Cette commission \u00e0 pour mission de faire une \u00e9tude minutieuse sur les r\u00e9ponses des diff\u00e9rents ministres sectoriels  entendus et les gouverneurs des provinces concern\u00e9es par l&rsquo;\u00e9tat de si\u00e8ge \u00e0 savoir l&rsquo;Ituri et le Nord Kivu.<\/p>\n\n\n\n<p>La question de s\u00e9curit\u00e9 \u00e9tant sensible et pour des raisons strat\u00e9giques, cette commission va se pencher au cas par cas partant des diff\u00e9rentes r\u00e9ponses. A l&rsquo;issue des travaux de la commission ad hoc, un rapport final sera fait par la commission d\u00e9fense et s\u00e9curit\u00e9 comme l&rsquo;a affirm\u00e9 le pr\u00e9sident de cette commission Bertin Mobonzi qui se consid\u00e8re  d&#8217;embl\u00e9e optimiste des r\u00e9sultats de la commission ad hoc .<\/p>\n\n\n\n<p>Pour cet \u00e9lu de la Lukunga, \u00ab\u00a0les conclusions vont permettre certainement \u00e0 l&rsquo;arm\u00e9e de faire son travail. Il \u00e9galement appel\u00e9 les congolais \u00e0 croire en la d\u00e9cision du chef de l&rsquo;\u00c9tat laquelle va \u00eatre sans nul doute une solution pour les congolais de l&rsquo;est du pays . <\/p>\n\n\n\n<p>Bertin Mobonzi a par ailleurs salu\u00e9 le travail de la ministre de la justice Rose Mutombo et sa ferme volont\u00e9 de voir la paix et la s\u00e9curit\u00e9 \u00eatre r\u00e9tablies \u00e0 l&rsquo;est du pays.<\/p>\n\n\n\n<p>Chantal Kabasua<\/p>\n","protected":false},"excerpt":{"rendered":"<p>48 heure apr\u00e8s son passage \u00e0 la commission d\u00e9fense et s\u00e9curit\u00e9 de l&rsquo;Assembl\u00e9e Nationale, la&#8230;<\/p>\n","protected":false},"author":2,"featured_media":0,"comment_status":"open","ping_status":"open","sticky":false,"template":"","format":"standard","meta":{"_jetpack_memberships_contains_paid_content":false,"footnotes":""},"categories":[1],"tags":[],"class_list":["post-677","post","type-post","status-publish","format-standard","hentry","category-non-classe"],"yoast_head":"<!-- This site is optimized with the Yoast SEO plugin v27.5 - https:\/\/yoast.com\/product\/yoast-seo-wordpress\/ -->\n<title>\u00c9valuation de l&#039;\u00e9tat de si\u00e8ge : Rose Mutombo r\u00e9pond aux pr\u00e9occupations des \u00e9lus nationaux, et une commission ad hoc mise en place. - Infos Droits Humains<\/title>\n<meta name=\"robots\" content=\"index, follow, max-snippet:-1, max-image-preview:large, max-video-preview:-1\" \/>\n<link rel=\"canonical\" href=\"https:\/\/infos-droitshumains.net\/?p=677\" \/>\n<meta property=\"og:locale\" content=\"fr_FR\" \/>\n<meta property=\"og:type\" content=\"article\" \/>\n<meta property=\"og:title\" content=\"\u00c9valuation de l&#039;\u00e9tat de si\u00e8ge : Rose Mutombo r\u00e9pond aux pr\u00e9occupations des \u00e9lus nationaux, et une commission ad hoc mise en place. - Infos Droits Humains\" \/>\n<meta property=\"og:description\" content=\"48 heure apr\u00e8s son passage \u00e0 la commission d\u00e9fense et s\u00e9curit\u00e9 de l&rsquo;Assembl\u00e9e Nationale, la...\" \/>\n<meta property=\"og:url\" content=\"https:\/\/infos-droitshumains.net\/?p=677\" \/>\n<meta property=\"og:site_name\" content=\"Infos Droits Humains\" \/>\n<meta property=\"article:published_time\" content=\"2021-08-10T22:08:15+00:00\" \/>\n<meta property=\"article:modified_time\" content=\"2023-04-06T10:11:45+00:00\" \/>\n<meta name=\"author\" content=\"Jo\u00ebl Diawa\" \/>\n<meta name=\"twitter:card\" content=\"summary_large_image\" \/>\n<meta name=\"twitter:label1\" content=\"\u00c9crit par\" \/>\n\t<meta name=\"twitter:data1\" content=\"Jo\u00ebl Diawa\" \/>\n\t<meta name=\"twitter:label2\" content=\"Dur\u00e9e de lecture estim\u00e9e\" \/>\n\t<meta name=\"twitter:data2\" content=\"1 minute\" \/>\n<script type=\"application\/ld+json\" class=\"yoast-schema-graph\">{\"@context\":\"https:\\\/\\\/schema.org\",\"@graph\":[{\"@type\":\"Article\",\"@id\":\"https:\\\/\\\/infos-droitshumains.net\\\/?p=677#article\",\"isPartOf\":{\"@id\":\"https:\\\/\\\/infos-droitshumains.net\\\/?p=677\"},\"author\":{\"name\":\"Jo\u00ebl Diawa\",\"@id\":\"https:\\\/\\\/infos-droitshumains.net\\\/#\\\/schema\\\/person\\\/3dc5e921c3302172e0ed4362f96faab7\"},\"headline\":\"\u00c9valuation de l&rsquo;\u00e9tat de si\u00e8ge : Rose Mutombo r\u00e9pond aux pr\u00e9occupations des \u00e9lus nationaux, et une commission ad hoc mise en place.\",\"datePublished\":\"2021-08-10T22:08:15+00:00\",\"dateModified\":\"2023-04-06T10:11:45+00:00\",\"mainEntityOfPage\":{\"@id\":\"https:\\\/\\\/infos-droitshumains.net\\\/?p=677\"},\"wordCount\":294,\"commentCount\":0,\"publisher\":{\"@id\":\"https:\\\/\\\/infos-droitshumains.net\\\/#organization\"},\"inLanguage\":\"fr-FR\",\"potentialAction\":[{\"@type\":\"CommentAction\",\"name\":\"Comment\",\"target\":[\"https:\\\/\\\/infos-droitshumains.net\\\/?p=677#respond\"]}]},{\"@type\":\"WebPage\",\"@id\":\"https:\\\/\\\/infos-droitshumains.net\\\/?p=677\",\"url\":\"https:\\\/\\\/infos-droitshumains.net\\\/?p=677\",\"name\":\"\u00c9valuation de l'\u00e9tat de si\u00e8ge : Rose Mutombo r\u00e9pond aux pr\u00e9occupations des \u00e9lus nationaux, et une commission ad hoc mise en place. - Infos Droits Humains\",\"isPartOf\":{\"@id\":\"https:\\\/\\\/infos-droitshumains.net\\\/#website\"},\"datePublished\":\"2021-08-10T22:08:15+00:00\",\"dateModified\":\"2023-04-06T10:11:45+00:00\",\"breadcrumb\":{\"@id\":\"https:\\\/\\\/infos-droitshumains.net\\\/?p=677#breadcrumb\"},\"inLanguage\":\"fr-FR\",\"potentialAction\":[{\"@type\":\"ReadAction\",\"target\":[\"https:\\\/\\\/infos-droitshumains.net\\\/?p=677\"]}]},{\"@type\":\"BreadcrumbList\",\"@id\":\"https:\\\/\\\/infos-droitshumains.net\\\/?p=677#breadcrumb\",\"itemListElement\":[{\"@type\":\"ListItem\",\"position\":1,\"name\":\"Accueil\",\"item\":\"https:\\\/\\\/infos-droitshumains.net\\\/\"},{\"@type\":\"ListItem\",\"position\":2,\"name\":\"\u00c9valuation de l&rsquo;\u00e9tat de si\u00e8ge : Rose Mutombo r\u00e9pond aux pr\u00e9occupations des \u00e9lus nationaux, et une commission ad hoc mise en place.\"}]},{\"@type\":\"WebSite\",\"@id\":\"https:\\\/\\\/infos-droitshumains.net\\\/#website\",\"url\":\"https:\\\/\\\/infos-droitshumains.net\\\/\",\"name\":\"Infos Droits Humains\",\"description\":\"S&#039;informer est un droit\",\"publisher\":{\"@id\":\"https:\\\/\\\/infos-droitshumains.net\\\/#organization\"},\"potentialAction\":[{\"@type\":\"SearchAction\",\"target\":{\"@type\":\"EntryPoint\",\"urlTemplate\":\"https:\\\/\\\/infos-droitshumains.net\\\/?s={search_term_string}\"},\"query-input\":{\"@type\":\"PropertyValueSpecification\",\"valueRequired\":true,\"valueName\":\"search_term_string\"}}],\"inLanguage\":\"fr-FR\"},{\"@type\":\"Organization\",\"@id\":\"https:\\\/\\\/infos-droitshumains.net\\\/#organization\",\"name\":\"Infos Droits Humains\",\"url\":\"https:\\\/\\\/infos-droitshumains.net\\\/\",\"logo\":{\"@type\":\"ImageObject\",\"inLanguage\":\"fr-FR\",\"@id\":\"https:\\\/\\\/infos-droitshumains.net\\\/#\\\/schema\\\/logo\\\/image\\\/\",\"url\":\"https:\\\/\\\/i0.wp.com\\\/infos-droitshumains.net\\\/wp-content\\\/uploads\\\/2022\\\/05\\\/Logo.png?fit=333%2C129&ssl=1\",\"contentUrl\":\"https:\\\/\\\/i0.wp.com\\\/infos-droitshumains.net\\\/wp-content\\\/uploads\\\/2022\\\/05\\\/Logo.png?fit=333%2C129&ssl=1\",\"width\":333,\"height\":129,\"caption\":\"Infos Droits Humains\"},\"image\":{\"@id\":\"https:\\\/\\\/infos-droitshumains.net\\\/#\\\/schema\\\/logo\\\/image\\\/\"}},{\"@type\":\"Person\",\"@id\":\"https:\\\/\\\/infos-droitshumains.net\\\/#\\\/schema\\\/person\\\/3dc5e921c3302172e0ed4362f96faab7\",\"name\":\"Jo\u00ebl Diawa\",\"image\":{\"@type\":\"ImageObject\",\"inLanguage\":\"fr-FR\",\"@id\":\"https:\\\/\\\/secure.gravatar.com\\\/avatar\\\/729bea6ff4604c624417803c477363be8e3c7186deaa65713313f9b4b820f41c?s=96&d=mm&r=g\",\"url\":\"https:\\\/\\\/secure.gravatar.com\\\/avatar\\\/729bea6ff4604c624417803c477363be8e3c7186deaa65713313f9b4b820f41c?s=96&d=mm&r=g\",\"contentUrl\":\"https:\\\/\\\/secure.gravatar.com\\\/avatar\\\/729bea6ff4604c624417803c477363be8e3c7186deaa65713313f9b4b820f41c?s=96&d=mm&r=g\",\"caption\":\"Jo\u00ebl Diawa\"},\"sameAs\":[\"https:\\\/\\\/www.infos-droitshumains.net\"],\"url\":\"https:\\\/\\\/infos-droitshumains.net\\\/?author=2\"}]}<\/script>\n<!-- \/ Yoast SEO plugin. -->","yoast_head_json":{"title":"\u00c9valuation de l'\u00e9tat de si\u00e8ge : Rose Mutombo r\u00e9pond aux pr\u00e9occupations des \u00e9lus nationaux, et une commission ad hoc mise en place. - Infos Droits Humains","robots":{"index":"index","follow":"follow","max-snippet":"max-snippet:-1","max-image-preview":"max-image-preview:large","max-video-preview":"max-video-preview:-1"},"canonical":"https:\/\/infos-droitshumains.net\/?p=677","og_locale":"fr_FR","og_type":"article","og_title":"\u00c9valuation de l'\u00e9tat de si\u00e8ge : Rose Mutombo r\u00e9pond aux pr\u00e9occupations des \u00e9lus nationaux, et une commission ad hoc mise en place. - Infos Droits Humains","og_description":"48 heure apr\u00e8s son passage \u00e0 la commission d\u00e9fense et s\u00e9curit\u00e9 de l&rsquo;Assembl\u00e9e Nationale, la...","og_url":"https:\/\/infos-droitshumains.net\/?p=677","og_site_name":"Infos Droits Humains","article_published_time":"2021-08-10T22:08:15+00:00","article_modified_time":"2023-04-06T10:11:45+00:00","author":"Jo\u00ebl Diawa","twitter_card":"summary_large_image","twitter_misc":{"\u00c9crit par":"Jo\u00ebl Diawa","Dur\u00e9e de lecture estim\u00e9e":"1 minute"},"schema":{"@context":"https:\/\/schema.org","@graph":[{"@type":"Article","@id":"https:\/\/infos-droitshumains.net\/?p=677#article","isPartOf":{"@id":"https:\/\/infos-droitshumains.net\/?p=677"},"author":{"name":"Jo\u00ebl Diawa","@id":"https:\/\/infos-droitshumains.net\/#\/schema\/person\/3dc5e921c3302172e0ed4362f96faab7"},"headline":"\u00c9valuation de l&rsquo;\u00e9tat de si\u00e8ge : Rose Mutombo r\u00e9pond aux pr\u00e9occupations des \u00e9lus nationaux, et une commission ad hoc mise en place.","datePublished":"2021-08-10T22:08:15+00:00","dateModified":"2023-04-06T10:11:45+00:00","mainEntityOfPage":{"@id":"https:\/\/infos-droitshumains.net\/?p=677"},"wordCount":294,"commentCount":0,"publisher":{"@id":"https:\/\/infos-droitshumains.net\/#organization"},"inLanguage":"fr-FR","potentialAction":[{"@type":"CommentAction","name":"Comment","target":["https:\/\/infos-droitshumains.net\/?p=677#respond"]}]},{"@type":"WebPage","@id":"https:\/\/infos-droitshumains.net\/?p=677","url":"https:\/\/infos-droitshumains.net\/?p=677","name":"\u00c9valuation de l'\u00e9tat de si\u00e8ge : Rose Mutombo r\u00e9pond aux pr\u00e9occupations des \u00e9lus nationaux, et une commission ad hoc mise en place. - Infos Droits Humains","isPartOf":{"@id":"https:\/\/infos-droitshumains.net\/#website"},"datePublished":"2021-08-10T22:08:15+00:00","dateModified":"2023-04-06T10:11:45+00:00","breadcrumb":{"@id":"https:\/\/infos-droitshumains.net\/?p=677#breadcrumb"},"inLanguage":"fr-FR","potentialAction":[{"@type":"ReadAction","target":["https:\/\/infos-droitshumains.net\/?p=677"]}]},{"@type":"BreadcrumbList","@id":"https:\/\/infos-droitshumains.net\/?p=677#breadcrumb","itemListElement":[{"@type":"ListItem","position":1,"name":"Accueil","item":"https:\/\/infos-droitshumains.net\/"},{"@type":"ListItem","position":2,"name":"\u00c9valuation de l&rsquo;\u00e9tat de si\u00e8ge : Rose Mutombo r\u00e9pond aux pr\u00e9occupations des \u00e9lus nationaux, et une commission ad hoc mise en place."}]},{"@type":"WebSite","@id":"https:\/\/infos-droitshumains.net\/#website","url":"https:\/\/infos-droitshumains.net\/","name":"Infos Droits Humains","description":"S&#039;informer est un droit","publisher":{"@id":"https:\/\/infos-droitshumains.net\/#organization"},"potentialAction":[{"@type":"SearchAction","target":{"@type":"EntryPoint","urlTemplate":"https:\/\/infos-droitshumains.net\/?s={search_term_string}"},"query-input":{"@type":"PropertyValueSpecification","valueRequired":true,"valueName":"search_term_string"}}],"inLanguage":"fr-FR"},{"@type":"Organization","@id":"https:\/\/infos-droitshumains.net\/#organization","name":"Infos Droits Humains","url":"https:\/\/infos-droitshumains.net\/","logo":{"@type":"ImageObject","inLanguage":"fr-FR","@id":"https:\/\/infos-droitshumains.net\/#\/schema\/logo\/image\/","url":"https:\/\/i0.wp.com\/infos-droitshumains.net\/wp-content\/uploads\/2022\/05\/Logo.png?fit=333%2C129&ssl=1","contentUrl":"https:\/\/i0.wp.com\/infos-droitshumains.net\/wp-content\/uploads\/2022\/05\/Logo.png?fit=333%2C129&ssl=1","width":333,"height":129,"caption":"Infos Droits Humains"},"image":{"@id":"https:\/\/infos-droitshumains.net\/#\/schema\/logo\/image\/"}},{"@type":"Person","@id":"https:\/\/infos-droitshumains.net\/#\/schema\/person\/3dc5e921c3302172e0ed4362f96faab7","name":"Jo\u00ebl Diawa","image":{"@type":"ImageObject","inLanguage":"fr-FR","@id":"https:\/\/secure.gravatar.com\/avatar\/729bea6ff4604c624417803c477363be8e3c7186deaa65713313f9b4b820f41c?s=96&d=mm&r=g","url":"https:\/\/secure.gravatar.com\/avatar\/729bea6ff4604c624417803c477363be8e3c7186deaa65713313f9b4b820f41c?s=96&d=mm&r=g","contentUrl":"https:\/\/secure.gravatar.com\/avatar\/729bea6ff4604c624417803c477363be8e3c7186deaa65713313f9b4b820f41c?s=96&d=mm&r=g","caption":"Jo\u00ebl Diawa"},"sameAs":["https:\/\/www.infos-droitshumains.net"],"url":"https:\/\/infos-droitshumains.net\/?author=2"}]}},"featured_image_urls":{"full":"","thumbnail":"","medium":"","medium_large":"","large":"","1536x1536":"","2048x2048":"","covernews-slider-full":"","covernews-slider-center":"","covernews-featured":"","covernews-medium":"","covernews-medium-square":""},"author_info":{"display_name":"Jo\u00ebl Diawa","author_link":"https:\/\/infos-droitshumains.net\/?author=2"},"category_info":"<a href=\"https:\/\/infos-droitshumains.net\/?cat=1\" rel=\"category\">Non class\u00e9<\/a>","tag_info":"Non class\u00e9","comment_count":"0","jetpack_featured_media_url":"","jetpack-related-posts":[],"jetpack_sharing_enabled":true,"_links":{"self":[{"href":"https:\/\/infos-droitshumains.net\/index.php?rest_route=\/wp\/v2\/posts\/677","targetHints":{"allow":["GET"]}}],"collection":[{"href":"https:\/\/infos-droitshumains.net\/index.php?rest_route=\/wp\/v2\/posts"}],"about":[{"href":"https:\/\/infos-droitshumains.net\/index.php?rest_route=\/wp\/v2\/types\/post"}],"author":[{"embeddable":true,"href":"https:\/\/infos-droitshumains.net\/index.php?rest_route=\/wp\/v2\/users\/2"}],"replies":[{"embeddable":true,"href":"https:\/\/infos-droitshumains.net\/index.php?rest_route=%2Fwp%2Fv2%2Fcomments&post=677"}],"version-history":[{"count":3,"href":"https:\/\/infos-droitshumains.net\/index.php?rest_route=\/wp\/v2\/posts\/677\/revisions"}],"predecessor-version":[{"id":692,"href":"https:\/\/infos-droitshumains.net\/index.php?rest_route=\/wp\/v2\/posts\/677\/revisions\/692"}],"wp:attachment":[{"href":"https:\/\/infos-droitshumains.net\/index.php?rest_route=%2Fwp%2Fv2%2Fmedia&parent=677"}],"wp:term":[{"taxonomy":"category","embeddable":true,"href":"https:\/\/infos-droitshumains.net\/index.php?rest_route=%2Fwp%2Fv2%2Fcategories&post=677"},{"taxonomy":"post_tag","embeddable":true,"href":"https:\/\/infos-droitshumains.net\/index.php?rest_route=%2Fwp%2Fv2%2Ftags&post=677"}],"curies":[{"name":"wp","href":"https:\/\/api.w.org\/{rel}","templated":true}]}}