{"id":671,"date":"2021-08-07T23:59:58","date_gmt":"2021-08-07T21:59:58","guid":{"rendered":"https:\/\/www.infos-droitshumains.net\/?p=671"},"modified":"2023-04-06T12:11:45","modified_gmt":"2023-04-06T10:11:45","slug":"tgi-gombe-les-justiciables-remercient-le-chef-de-letat-pour-le-choix-de-pierrot-bakenge","status":"publish","type":"post","link":"https:\/\/infos-droitshumains.net\/?p=671","title":{"rendered":"TGI\/Gombe :Les justiciables remercient le chef de l&rsquo;\u00c9tat pour le choix de Pierrot Bakenge."},"content":{"rendered":"\n<p>C&rsquo;est par ordonnance pr\u00e9sidentielle n\u00b020\/107 du 17 juillet 2020 que Pierrot Bakenge Mvita a \u00e9t\u00e9 nomm\u00e9 pr\u00e9sident du Tribunal de Grande Instance de Kinshasa Gombe. Aujourd&rsquo;hui, plus d&rsquo;un an apr\u00e8s, F\u00e9lix Tshisekedi, soucieux d&rsquo;instaurer un v\u00e9ritable \u00c9tat de droit en RDC, ne regrette jamais la confiance plac\u00e9e en cet homme. Plusieurs r\u00e9alisations tant sur le plan mat\u00e9riel que professionnel sont \u00e0 mettre \u00e0 l&rsquo;actif de ce juge \u00e9pris d&rsquo;une bonne administration de la justice.<\/p>\n\n\n\n<p><em><strong>Un f\u00e9ru du syst\u00e8me judiciaire congolais surnomm\u00e9 coach.<\/strong><\/em><\/p>\n\n\n\n<p>Teint\u00e9 d\u2019une bonne int\u00e9grit\u00e9 et d\u2019une grande discipline, Pierrot Bakenge Mvita draine derri\u00e8re lui, une grande et longue exp\u00e9rience. Son sens d\u2019\u00e9coute et sa dext\u00e9rit\u00e9 \u00e0 dire le droit font sa renomm\u00e9e.<\/p>\n\n\n\n<p>\u00ab<em>Pierrot Bakenge est un juge comp\u00e9tent. J\u2019ai eu l\u2019avantage de le c\u00f4toyer depuis 5 ans. Au TGI Gombe, except\u00e9 le chef de juridiction, il comptait parmi les juges que tout le monde consult\u00e9 pour diverses questions complexes li\u00e9es au droit. C\u2019est avec spontan\u00e9it\u00e9 qu\u2019il r\u00e9agit et n\u2019est jamais indisponible pour les siens. C\u2019est d\u2019ailleurs ce qui lui a valu ce surnom de \u00a0\u00bb coach \u00ab\u00a0<\/em> a laiss\u00e9 entendre un juge du TGI\/Gombe sous couvert de l&rsquo;anonymat.<\/p>\n\n\n\n<p><em>\u00ab\u00a0Les jeunes juges trouvent en Pierrot Bakenge, le support id\u00e9al, une source intarissable en mati\u00e8re de droit. Certains le consultent m\u00eame en pleine audience\u00a0\u00bb<\/em> nous a confi\u00e9 un autre <\/p>\n\n\n\n<p><em><strong>Le capital humain avant tout !<\/strong><\/em><\/p>\n\n\n\n<p>Depuis sa nommination comme pr\u00e9sident du TGI Gombe, Pierrot Bakenge s\u2019emploie \u00e0 redorer le blason de cette juridiction, miroir du syst\u00e8me judiciaire Congolais. Depuis que le coach est en t\u00eate de cette juridiction, TGI\/Gombe prend en charge le renforcement des capacit\u00e9s des magistrats dans plusieurs domaines parmi lesquels, le droit OHADA ou encore la fiscalit\u00e9.<\/p>\n\n\n\n<p>Sur le plan relationnel, Pierrot Bakenge tient \u00e0 une bonne collaboration avec la hi\u00e9rarchie et ses collaborateurs.<\/p>\n\n\n\n<p>Insistant sur l\u2019importance du capital humain dans la magistrature, Pierrot Bakenge avait, lors d&rsquo;une interview accord\u00e9e \u00e0 infosdroitshumains.net, soutenait que <em>\u00ab\u00a0ceux qui disent le droit doivent \u00e9voluer dans un espace sain et bien entretenu. Il suffit d\u2019\u00eatre anim\u00e9 d\u2019une bonne volont\u00e9 pour  y parvenir\u00a0\u00bb<\/em>.<\/p>\n\n\n\n<p>C&rsquo;est pour cela qu&rsquo;il a financ\u00e9 les travaux de r\u00e9fection des b\u00e2timents, et la climatisation dans toutes les salles d\u2019audience. Depuis l&rsquo;av\u00e8nement de Pierrot Bakenge, le Tribunal de Grande Instance de Kinshasa\/Gombe marche d\u00e9sormais au rythme de la modernisation.<\/p>\n\n\n\n<p><em><strong>Faire respecter le d\u00e9lai des prononc\u00e9s, un pari gagn\u00e9.<\/strong><\/em><\/p>\n\n\n\n<p>Le respecter des d\u00e9lais des prononc\u00e9s de jugement, fl\u00e9au enracin\u00e9 dans le syst\u00e8me judiciaire congolais. Cette pratique a longtemps ternit l\u2019image de la justice congolaise. Pierrot Bakenge s&rsquo;est investi pour en finir avec cette pratique, du moins dans sa juridiction.<\/p>\n\n\n\n<p>Pour y arriver, il conscientise du mieux possible les magistrats et a pris des \u00ab<em>dispositions pratiques<\/em>\u00bb afin que les jugements soient rendus dans le d\u00e9lai l\u00e9gal.<\/p>\n\n\n\n<p>Les d\u00e9lib\u00e9rations se font d\u00e9sormais objectivement et il n\u2019y a plus des r\u00e9ouvertures de d\u00e9bats intempestives.<\/p>\n\n\n\n<p> Dans un autre chapitre, depuis l&rsquo;av\u00e8nement de Mvita au TGI\/Gombe, aucun juge n\u2019a \u00e9t\u00e9 condamn\u00e9 en pris \u00e0 partie.<\/p>\n\n\n\n<p>\u00ab\u00a0<em>Il rend des d\u00e9cisions sans exiger des sou aux justiciables comme ce fut le cas dans l&rsquo;ancien temps<\/em>\u00a0\u00bb nous a confi\u00e9 un justiciable, \u00ab\u00a0<em>il re\u00e7ois tout le monde sans pr\u00e9f\u00e9rence\u00a0\u00bb explique un autre<\/em>\u00ab\u00a0. C&rsquo;est ainsi que les justiciables ont trouv\u00e9 en Pierrot Bakenge, un juge id\u00e9al dans la mesure o\u00f9 il oriente les personnes d\u00e9munies afin qu&rsquo;ils b\u00e9n\u00e9ficient d&rsquo;une justice \u00e9quitable.<\/p>\n\n\n\n<p>Nul n&rsquo;ignore la fameuse date du 20 juin 2020 o\u00f9 Pierrot Bakenge Mvita a inscrit en lettres d\u2019or,  son nom dans les annales de la R\u00e9publique D\u00e9mocratique du Congo, devenant ainsi le premier juge \u00e0 condamner un directeur de cabinet du Chef de l\u2019Etat dans toute l\u2019histoire de la RDC.<br>\nAutre prouesse \u00e0 mettre \u00e0 l&rsquo;actif du num\u00e9ro un du TGI\/Gombe c&rsquo;est la baisse des frais pour l\u2019abr\u00e9viation des d\u00e9lais on\u00e9reux qui est pass\u00e9 de 100 \u00e0 20 dollars am\u00e9ricains.<\/p>\n\n\n\n<p>En d\u00e9pit de ces prouesses, les d\u00e9tracteurs de Pierrot Bakenge veulent sa t\u00eate \u00e0 n&rsquo;importe quel prix.<\/p>\n\n\n\n<p>Ils viennent de signer une p\u00e9tition pour sa r\u00e9vocation au Tribunal de Grande Instance de Kinshasa\/Gombe.<\/p>\n\n\n\n<p>Des raisons farfelues et fallacieuses motive cette p\u00e9tition selon la quelle,<\/p>\n\n\n\n<p> depuis qu&rsquo;il est \u00e0 la t\u00eate de cette juridiction, la corruption aurait atteint des proportions exponentielles et que les juges de sa juridiction ne cesseraient de d\u00e9noncer qu&rsquo;il leur fait trop d&rsquo;injonctions pour prendre des d\u00e9cisions et en prise \u00e0 partie ils se retrouvent seuls.<\/p>\n\n\n\n<p>Apr\u00e8s nos enqu\u00eates nous sommes parvenus \u00e0 d\u00e9nicher une bande des d\u00e9tracteurs politiques derni\u00e8re cette p\u00e9tition.<\/p>\n\n\n\n<p>Cette derni\u00e8re, avec des app\u00e9tits politiciens \u00e0 la recherche de l&rsquo;instrumentalisation de la justice ont rencontr\u00e9 une r\u00e9sistance farouche de Pierrot Bakenge qui se bat bec et ongles pour instaurer un vrai \u00c9tat de droit comme le veut le Pr\u00e9sident de la R\u00e9publique, F\u00e9lix Tshisekedi.<\/p>\n\n\n\n<p>Ce combat a commenc\u00e9 juste apr\u00e8s le proc\u00e8s 100 jours. Alors qu&rsquo;il assumait l&rsquo;int\u00e9rim \u00e0 la t\u00eate du TGI\/Gombe, ces m\u00eames personnes ont fait circul\u00e9 sur les r\u00e9seaux sociaux, une d\u00e9cision selon laquelle le juge Bakenge serait suspendu.<\/p>\n\n\n\n<p><em>Comme le veut son nom Mvita \u00ab\u00a0Guerrier\u00a0\u00bb, Pierrot Bakenge n&rsquo;est pas pr\u00eat \u00e0 l\u00e2cher prise.<\/em> <\/p>\n\n\n\n<p>Contact de la r\u00e9daction : +243 81740 60 88<\/p>\n","protected":false},"excerpt":{"rendered":"<p>C&rsquo;est par ordonnance pr\u00e9sidentielle n\u00b020\/107 du 17 juillet 2020 que Pierrot Bakenge Mvita a \u00e9t\u00e9&#8230;<\/p>\n","protected":false},"author":2,"featured_media":0,"comment_status":"open","ping_status":"open","sticky":false,"template":"","format":"standard","meta":{"_jetpack_memberships_contains_paid_content":false,"footnotes":""},"categories":[1],"tags":[],"class_list":["post-671","post","type-post","status-publish","format-standard","hentry","category-non-classe"],"yoast_head":"<!-- This site is optimized with the Yoast SEO plugin v27.5 - https:\/\/yoast.com\/product\/yoast-seo-wordpress\/ -->\n<title>TGI\/Gombe :Les justiciables remercient le chef de l&#039;\u00c9tat pour le choix de Pierrot Bakenge. - Infos Droits Humains<\/title>\n<meta name=\"robots\" content=\"index, follow, max-snippet:-1, max-image-preview:large, max-video-preview:-1\" \/>\n<link rel=\"canonical\" href=\"https:\/\/infos-droitshumains.net\/?p=671\" \/>\n<meta property=\"og:locale\" content=\"fr_FR\" \/>\n<meta property=\"og:type\" content=\"article\" \/>\n<meta property=\"og:title\" content=\"TGI\/Gombe :Les justiciables remercient le chef de l&#039;\u00c9tat pour le choix de Pierrot Bakenge. - Infos Droits Humains\" \/>\n<meta property=\"og:description\" content=\"C&rsquo;est par ordonnance pr\u00e9sidentielle n\u00b020\/107 du 17 juillet 2020 que Pierrot Bakenge Mvita a \u00e9t\u00e9...\" \/>\n<meta property=\"og:url\" content=\"https:\/\/infos-droitshumains.net\/?p=671\" \/>\n<meta property=\"og:site_name\" content=\"Infos Droits Humains\" \/>\n<meta property=\"article:published_time\" content=\"2021-08-07T21:59:58+00:00\" \/>\n<meta property=\"article:modified_time\" content=\"2023-04-06T10:11:45+00:00\" \/>\n<meta name=\"author\" content=\"Jo\u00ebl Diawa\" \/>\n<meta name=\"twitter:card\" content=\"summary_large_image\" \/>\n<meta name=\"twitter:label1\" content=\"\u00c9crit par\" \/>\n\t<meta name=\"twitter:data1\" content=\"Jo\u00ebl Diawa\" \/>\n\t<meta name=\"twitter:label2\" content=\"Dur\u00e9e de lecture estim\u00e9e\" \/>\n\t<meta name=\"twitter:data2\" content=\"5 minutes\" \/>\n<script type=\"application\/ld+json\" class=\"yoast-schema-graph\">{\"@context\":\"https:\\\/\\\/schema.org\",\"@graph\":[{\"@type\":\"Article\",\"@id\":\"https:\\\/\\\/infos-droitshumains.net\\\/?p=671#article\",\"isPartOf\":{\"@id\":\"https:\\\/\\\/infos-droitshumains.net\\\/?p=671\"},\"author\":{\"name\":\"Jo\u00ebl Diawa\",\"@id\":\"https:\\\/\\\/infos-droitshumains.net\\\/#\\\/schema\\\/person\\\/3dc5e921c3302172e0ed4362f96faab7\"},\"headline\":\"TGI\\\/Gombe :Les justiciables remercient le chef de l&rsquo;\u00c9tat pour le choix de Pierrot Bakenge.\",\"datePublished\":\"2021-08-07T21:59:58+00:00\",\"dateModified\":\"2023-04-06T10:11:45+00:00\",\"mainEntityOfPage\":{\"@id\":\"https:\\\/\\\/infos-droitshumains.net\\\/?p=671\"},\"wordCount\":948,\"commentCount\":0,\"publisher\":{\"@id\":\"https:\\\/\\\/infos-droitshumains.net\\\/#organization\"},\"inLanguage\":\"fr-FR\",\"potentialAction\":[{\"@type\":\"CommentAction\",\"name\":\"Comment\",\"target\":[\"https:\\\/\\\/infos-droitshumains.net\\\/?p=671#respond\"]}]},{\"@type\":\"WebPage\",\"@id\":\"https:\\\/\\\/infos-droitshumains.net\\\/?p=671\",\"url\":\"https:\\\/\\\/infos-droitshumains.net\\\/?p=671\",\"name\":\"TGI\\\/Gombe :Les justiciables remercient le chef de l'\u00c9tat pour le choix de Pierrot Bakenge. - Infos Droits Humains\",\"isPartOf\":{\"@id\":\"https:\\\/\\\/infos-droitshumains.net\\\/#website\"},\"datePublished\":\"2021-08-07T21:59:58+00:00\",\"dateModified\":\"2023-04-06T10:11:45+00:00\",\"breadcrumb\":{\"@id\":\"https:\\\/\\\/infos-droitshumains.net\\\/?p=671#breadcrumb\"},\"inLanguage\":\"fr-FR\",\"potentialAction\":[{\"@type\":\"ReadAction\",\"target\":[\"https:\\\/\\\/infos-droitshumains.net\\\/?p=671\"]}]},{\"@type\":\"BreadcrumbList\",\"@id\":\"https:\\\/\\\/infos-droitshumains.net\\\/?p=671#breadcrumb\",\"itemListElement\":[{\"@type\":\"ListItem\",\"position\":1,\"name\":\"Accueil\",\"item\":\"https:\\\/\\\/infos-droitshumains.net\\\/\"},{\"@type\":\"ListItem\",\"position\":2,\"name\":\"TGI\\\/Gombe :Les justiciables remercient le chef de l&rsquo;\u00c9tat pour le choix de Pierrot Bakenge.\"}]},{\"@type\":\"WebSite\",\"@id\":\"https:\\\/\\\/infos-droitshumains.net\\\/#website\",\"url\":\"https:\\\/\\\/infos-droitshumains.net\\\/\",\"name\":\"Infos Droits Humains\",\"description\":\"S&#039;informer est un droit\",\"publisher\":{\"@id\":\"https:\\\/\\\/infos-droitshumains.net\\\/#organization\"},\"potentialAction\":[{\"@type\":\"SearchAction\",\"target\":{\"@type\":\"EntryPoint\",\"urlTemplate\":\"https:\\\/\\\/infos-droitshumains.net\\\/?s={search_term_string}\"},\"query-input\":{\"@type\":\"PropertyValueSpecification\",\"valueRequired\":true,\"valueName\":\"search_term_string\"}}],\"inLanguage\":\"fr-FR\"},{\"@type\":\"Organization\",\"@id\":\"https:\\\/\\\/infos-droitshumains.net\\\/#organization\",\"name\":\"Infos Droits Humains\",\"url\":\"https:\\\/\\\/infos-droitshumains.net\\\/\",\"logo\":{\"@type\":\"ImageObject\",\"inLanguage\":\"fr-FR\",\"@id\":\"https:\\\/\\\/infos-droitshumains.net\\\/#\\\/schema\\\/logo\\\/image\\\/\",\"url\":\"https:\\\/\\\/i0.wp.com\\\/infos-droitshumains.net\\\/wp-content\\\/uploads\\\/2022\\\/05\\\/Logo.png?fit=333%2C129&ssl=1\",\"contentUrl\":\"https:\\\/\\\/i0.wp.com\\\/infos-droitshumains.net\\\/wp-content\\\/uploads\\\/2022\\\/05\\\/Logo.png?fit=333%2C129&ssl=1\",\"width\":333,\"height\":129,\"caption\":\"Infos Droits Humains\"},\"image\":{\"@id\":\"https:\\\/\\\/infos-droitshumains.net\\\/#\\\/schema\\\/logo\\\/image\\\/\"}},{\"@type\":\"Person\",\"@id\":\"https:\\\/\\\/infos-droitshumains.net\\\/#\\\/schema\\\/person\\\/3dc5e921c3302172e0ed4362f96faab7\",\"name\":\"Jo\u00ebl Diawa\",\"image\":{\"@type\":\"ImageObject\",\"inLanguage\":\"fr-FR\",\"@id\":\"https:\\\/\\\/secure.gravatar.com\\\/avatar\\\/729bea6ff4604c624417803c477363be8e3c7186deaa65713313f9b4b820f41c?s=96&d=mm&r=g\",\"url\":\"https:\\\/\\\/secure.gravatar.com\\\/avatar\\\/729bea6ff4604c624417803c477363be8e3c7186deaa65713313f9b4b820f41c?s=96&d=mm&r=g\",\"contentUrl\":\"https:\\\/\\\/secure.gravatar.com\\\/avatar\\\/729bea6ff4604c624417803c477363be8e3c7186deaa65713313f9b4b820f41c?s=96&d=mm&r=g\",\"caption\":\"Jo\u00ebl Diawa\"},\"sameAs\":[\"https:\\\/\\\/www.infos-droitshumains.net\"],\"url\":\"https:\\\/\\\/infos-droitshumains.net\\\/?author=2\"}]}<\/script>\n<!-- \/ Yoast SEO plugin. -->","yoast_head_json":{"title":"TGI\/Gombe :Les justiciables remercient le chef de l'\u00c9tat pour le choix de Pierrot Bakenge. - Infos Droits Humains","robots":{"index":"index","follow":"follow","max-snippet":"max-snippet:-1","max-image-preview":"max-image-preview:large","max-video-preview":"max-video-preview:-1"},"canonical":"https:\/\/infos-droitshumains.net\/?p=671","og_locale":"fr_FR","og_type":"article","og_title":"TGI\/Gombe :Les justiciables remercient le chef de l'\u00c9tat pour le choix de Pierrot Bakenge. - Infos Droits Humains","og_description":"C&rsquo;est par ordonnance pr\u00e9sidentielle n\u00b020\/107 du 17 juillet 2020 que Pierrot Bakenge Mvita a \u00e9t\u00e9...","og_url":"https:\/\/infos-droitshumains.net\/?p=671","og_site_name":"Infos Droits Humains","article_published_time":"2021-08-07T21:59:58+00:00","article_modified_time":"2023-04-06T10:11:45+00:00","author":"Jo\u00ebl Diawa","twitter_card":"summary_large_image","twitter_misc":{"\u00c9crit par":"Jo\u00ebl Diawa","Dur\u00e9e de lecture estim\u00e9e":"5 minutes"},"schema":{"@context":"https:\/\/schema.org","@graph":[{"@type":"Article","@id":"https:\/\/infos-droitshumains.net\/?p=671#article","isPartOf":{"@id":"https:\/\/infos-droitshumains.net\/?p=671"},"author":{"name":"Jo\u00ebl Diawa","@id":"https:\/\/infos-droitshumains.net\/#\/schema\/person\/3dc5e921c3302172e0ed4362f96faab7"},"headline":"TGI\/Gombe :Les justiciables remercient le chef de l&rsquo;\u00c9tat pour le choix de Pierrot Bakenge.","datePublished":"2021-08-07T21:59:58+00:00","dateModified":"2023-04-06T10:11:45+00:00","mainEntityOfPage":{"@id":"https:\/\/infos-droitshumains.net\/?p=671"},"wordCount":948,"commentCount":0,"publisher":{"@id":"https:\/\/infos-droitshumains.net\/#organization"},"inLanguage":"fr-FR","potentialAction":[{"@type":"CommentAction","name":"Comment","target":["https:\/\/infos-droitshumains.net\/?p=671#respond"]}]},{"@type":"WebPage","@id":"https:\/\/infos-droitshumains.net\/?p=671","url":"https:\/\/infos-droitshumains.net\/?p=671","name":"TGI\/Gombe :Les justiciables remercient le chef de l'\u00c9tat pour le choix de Pierrot Bakenge. - Infos Droits Humains","isPartOf":{"@id":"https:\/\/infos-droitshumains.net\/#website"},"datePublished":"2021-08-07T21:59:58+00:00","dateModified":"2023-04-06T10:11:45+00:00","breadcrumb":{"@id":"https:\/\/infos-droitshumains.net\/?p=671#breadcrumb"},"inLanguage":"fr-FR","potentialAction":[{"@type":"ReadAction","target":["https:\/\/infos-droitshumains.net\/?p=671"]}]},{"@type":"BreadcrumbList","@id":"https:\/\/infos-droitshumains.net\/?p=671#breadcrumb","itemListElement":[{"@type":"ListItem","position":1,"name":"Accueil","item":"https:\/\/infos-droitshumains.net\/"},{"@type":"ListItem","position":2,"name":"TGI\/Gombe :Les justiciables remercient le chef de l&rsquo;\u00c9tat pour le choix de Pierrot Bakenge."}]},{"@type":"WebSite","@id":"https:\/\/infos-droitshumains.net\/#website","url":"https:\/\/infos-droitshumains.net\/","name":"Infos Droits Humains","description":"S&#039;informer est un droit","publisher":{"@id":"https:\/\/infos-droitshumains.net\/#organization"},"potentialAction":[{"@type":"SearchAction","target":{"@type":"EntryPoint","urlTemplate":"https:\/\/infos-droitshumains.net\/?s={search_term_string}"},"query-input":{"@type":"PropertyValueSpecification","valueRequired":true,"valueName":"search_term_string"}}],"inLanguage":"fr-FR"},{"@type":"Organization","@id":"https:\/\/infos-droitshumains.net\/#organization","name":"Infos Droits Humains","url":"https:\/\/infos-droitshumains.net\/","logo":{"@type":"ImageObject","inLanguage":"fr-FR","@id":"https:\/\/infos-droitshumains.net\/#\/schema\/logo\/image\/","url":"https:\/\/i0.wp.com\/infos-droitshumains.net\/wp-content\/uploads\/2022\/05\/Logo.png?fit=333%2C129&ssl=1","contentUrl":"https:\/\/i0.wp.com\/infos-droitshumains.net\/wp-content\/uploads\/2022\/05\/Logo.png?fit=333%2C129&ssl=1","width":333,"height":129,"caption":"Infos Droits Humains"},"image":{"@id":"https:\/\/infos-droitshumains.net\/#\/schema\/logo\/image\/"}},{"@type":"Person","@id":"https:\/\/infos-droitshumains.net\/#\/schema\/person\/3dc5e921c3302172e0ed4362f96faab7","name":"Jo\u00ebl Diawa","image":{"@type":"ImageObject","inLanguage":"fr-FR","@id":"https:\/\/secure.gravatar.com\/avatar\/729bea6ff4604c624417803c477363be8e3c7186deaa65713313f9b4b820f41c?s=96&d=mm&r=g","url":"https:\/\/secure.gravatar.com\/avatar\/729bea6ff4604c624417803c477363be8e3c7186deaa65713313f9b4b820f41c?s=96&d=mm&r=g","contentUrl":"https:\/\/secure.gravatar.com\/avatar\/729bea6ff4604c624417803c477363be8e3c7186deaa65713313f9b4b820f41c?s=96&d=mm&r=g","caption":"Jo\u00ebl Diawa"},"sameAs":["https:\/\/www.infos-droitshumains.net"],"url":"https:\/\/infos-droitshumains.net\/?author=2"}]}},"featured_image_urls":{"full":"","thumbnail":"","medium":"","medium_large":"","large":"","1536x1536":"","2048x2048":"","covernews-slider-full":"","covernews-slider-center":"","covernews-featured":"","covernews-medium":"","covernews-medium-square":""},"author_info":{"display_name":"Jo\u00ebl Diawa","author_link":"https:\/\/infos-droitshumains.net\/?author=2"},"category_info":"<a href=\"https:\/\/infos-droitshumains.net\/?cat=1\" rel=\"category\">Non class\u00e9<\/a>","tag_info":"Non class\u00e9","comment_count":"0","jetpack_featured_media_url":"","jetpack-related-posts":[],"jetpack_sharing_enabled":true,"_links":{"self":[{"href":"https:\/\/infos-droitshumains.net\/index.php?rest_route=\/wp\/v2\/posts\/671","targetHints":{"allow":["GET"]}}],"collection":[{"href":"https:\/\/infos-droitshumains.net\/index.php?rest_route=\/wp\/v2\/posts"}],"about":[{"href":"https:\/\/infos-droitshumains.net\/index.php?rest_route=\/wp\/v2\/types\/post"}],"author":[{"embeddable":true,"href":"https:\/\/infos-droitshumains.net\/index.php?rest_route=\/wp\/v2\/users\/2"}],"replies":[{"embeddable":true,"href":"https:\/\/infos-droitshumains.net\/index.php?rest_route=%2Fwp%2Fv2%2Fcomments&post=671"}],"version-history":[{"count":2,"href":"https:\/\/infos-droitshumains.net\/index.php?rest_route=\/wp\/v2\/posts\/671\/revisions"}],"predecessor-version":[{"id":675,"href":"https:\/\/infos-droitshumains.net\/index.php?rest_route=\/wp\/v2\/posts\/671\/revisions\/675"}],"wp:attachment":[{"href":"https:\/\/infos-droitshumains.net\/index.php?rest_route=%2Fwp%2Fv2%2Fmedia&parent=671"}],"wp:term":[{"taxonomy":"category","embeddable":true,"href":"https:\/\/infos-droitshumains.net\/index.php?rest_route=%2Fwp%2Fv2%2Fcategories&post=671"},{"taxonomy":"post_tag","embeddable":true,"href":"https:\/\/infos-droitshumains.net\/index.php?rest_route=%2Fwp%2Fv2%2Ftags&post=671"}],"curies":[{"name":"wp","href":"https:\/\/api.w.org\/{rel}","templated":true}]}}