{"id":6696,"date":"2023-03-17T18:53:39","date_gmt":"2023-03-17T17:53:39","guid":{"rendered":"https:\/\/infos-droitshumains.net\/?p=6696"},"modified":"2023-03-17T19:30:56","modified_gmt":"2023-03-17T18:30:56","slug":"election-de-2023-voici-la-formule-magique-de-kadima-pour-contourner-linsecurite-au-nord-kivu","status":"publish","type":"post","link":"https:\/\/infos-droitshumains.net\/?p=6696","title":{"rendered":"Election de 2023: Voici la formule magique de Kadima pour contourner l\u2019ins\u00e9curit\u00e9 au Nord-Kivu"},"content":{"rendered":"\n<p><strong>R\u00e9daction :+243817406088<\/strong><\/p>\n\n\n\n<p>C\u2019est le 20 d\u00e9cembre prochain que doivent se tenir les \u00e9lections g\u00e9n\u00e9rales en R\u00e9publique D\u00e9mocratique du Congo. Mais dans la province du Nord-Kivu, le processus d\u2019enr\u00f4lement prend du retard \u00e0 cause de la guerre injuste impos\u00e9 au pays par le Rwanda \u00e0-travers les rebelles du M23.<\/p>\n\n\n\n<p>Plusieurs observateurs voient en cette situation un motif du report des \u00e9lections. Mais le Pr\u00e9sident de la Commission Electorale Nationale Ind\u00e9pendante, (CENI) ne voit pas les choses dans ce sens. Pour lui, il y a 70% des chances que les scrutins se tiennent dans le d\u00e9lai de la loi.<\/p>\n\n\n\n<p><em>\u00ab&nbsp;Les chances sont intactes, &nbsp;au moins 7 sur 10 pour la tenue des \u00e9lections dans le d\u00e9lai. Tout est mis en place. Si vous regardez notre calendrier vous verrez que nous sommes en train de suivre pas-\u00e0-pas tout le processus et \u00e7a se passe bien&nbsp;\u00bb<\/em>, a dit Denis Kadima sur le plateau de France 24, pour qui, en d\u00e9pit du retard qu\u2019a pris le processus d\u2019enr\u00f4lement dans la zone 1, il n\u2019y aura pas une incidence dans la tenue du scrutin&nbsp;:<\/p>\n\n\n\n<p><em>\u00ab&nbsp;Tout cela a \u00e9t\u00e9 bien pens\u00e9, nous avons un calendrier qui est un document de gestion. Donc il y a une certaine flexibilit\u00e9. Pour le moment, les prolongations que nous avons faites ne vont pas affecter le calendrier d\u2019une fa\u00e7on g\u00e9n\u00e9rale&nbsp;\u00bb<\/em>, a-t-il rench\u00e9rit<\/p>\n\n\n\n<p>Organiser l\u2019enr\u00f4lement et les \u00e9lections dans le contexte de la guerre, plus particuli\u00e8rement au Nord-Kivu, c\u2019est&nbsp; l\u2019un des plus grands d\u00e9fis qui doit \u00eatre relev\u00e9 par l\u2019\u00e9quipe Kadima&nbsp;; mais la Ceni tente d\u2019avancer tant soit peu dans les zones o\u00f9 elle peu. Au cas o\u00f9 cette situation d\u2019ins\u00e9curit\u00e9 persistait, point n\u2019est question d\u2019envisager les \u00e9lections dans les autres provinces du pays sans le Nord-Kivu. Le Pr\u00e9sident de la centrale \u00e9lectorale d\u00e9tient une formule appropri\u00e9e pour parer \u00e0 cette situation.<\/p>\n\n\n\n<p><em>\u00ab&nbsp;Nous ne voulons pas avancer sans nos fr\u00e8res et s\u0153urs de cette province qui est affect\u00e9e. \u00c7a ne serait pas une bonne chose parce que \u00e7a va&nbsp; poser le probl\u00e8me de l\u00e9gitimit\u00e9. Moi je pense plus \u00e0 une autre formule qui consisterait \u00e0 r\u00e9server des si\u00e8ges \u00e0 ces entit\u00e9s-l\u00e0. On peut par exemple voir durant les trois derniers cycles, ce que ces entit\u00e9s ont eu comme si\u00e8ges, on fait une moyenne et on les r\u00e9serves pour eux, le jour o\u00f9 il y aura la paix, ils peuvent maintenant s\u2019enr\u00f4ler&nbsp;\u00bb<\/em>.<\/p>\n\n\n\n<p>Une formule techniquement faisable que Denis Kadima entend par ailleurs en discuter avec <em>\u00ab&nbsp;la pl\u00e9ni\u00e8re&nbsp;\u00bb<\/em> de la Ceni et <em>\u00ab&nbsp;l\u2019Assembl\u00e9e Nationale&nbsp;\u00bb<\/em> pour en l\u2019\u00e9tudier la faisabilit\u00e9 avant d\u2019en trouver un compromis avec la classe politique.<\/p>\n\n\n\n<p>Notons que jusque-l\u00e0, 34 millions d\u2019\u00e9lecteurs sur les 49 millions attendus se sont d\u00e9j\u00e0 enr\u00f4l\u00e9s et la Ceni a p\u00e9cu du gouvernement congolais 480 millions Usd sur les 1&nbsp;114 000 pour l\u2019organisation des \u00e9lections en 2023.<\/p>\n\n\n\n<p>Jo\u00ebl Diawa<\/p>\n","protected":false},"excerpt":{"rendered":"<p>R\u00e9daction :+243817406088 C\u2019est le 20 d\u00e9cembre prochain que doivent se tenir les \u00e9lections g\u00e9n\u00e9rales en&#8230;<\/p>\n","protected":false},"author":2,"featured_media":6699,"comment_status":"open","ping_status":"open","sticky":false,"template":"","format":"standard","meta":{"_jetpack_memberships_contains_paid_content":false,"footnotes":""},"categories":[3],"tags":[],"class_list":["post-6696","post","type-post","status-publish","format-standard","has-post-thumbnail","hentry","category-politique"],"yoast_head":"<!-- This site is optimized with the Yoast SEO plugin v27.5 - https:\/\/yoast.com\/product\/yoast-seo-wordpress\/ -->\n<title>Election de 2023: Voici la formule magique de Kadima pour contourner l\u2019ins\u00e9curit\u00e9 au Nord-Kivu - Infos Droits Humains<\/title>\n<meta name=\"robots\" content=\"index, follow, max-snippet:-1, max-image-preview:large, max-video-preview:-1\" \/>\n<link rel=\"canonical\" href=\"https:\/\/infos-droitshumains.net\/?p=6696\" \/>\n<meta property=\"og:locale\" content=\"fr_FR\" \/>\n<meta property=\"og:type\" content=\"article\" \/>\n<meta property=\"og:title\" content=\"Election de 2023: Voici la formule magique de Kadima pour contourner l\u2019ins\u00e9curit\u00e9 au Nord-Kivu - Infos Droits Humains\" \/>\n<meta property=\"og:description\" content=\"R\u00e9daction :+243817406088 C\u2019est le 20 d\u00e9cembre prochain que doivent se tenir les \u00e9lections g\u00e9n\u00e9rales en...\" \/>\n<meta property=\"og:url\" content=\"https:\/\/infos-droitshumains.net\/?p=6696\" \/>\n<meta property=\"og:site_name\" content=\"Infos Droits Humains\" \/>\n<meta property=\"article:published_time\" content=\"2023-03-17T17:53:39+00:00\" \/>\n<meta property=\"article:modified_time\" content=\"2023-03-17T18:30:56+00:00\" \/>\n<meta property=\"og:image\" content=\"https:\/\/i0.wp.com\/infos-droitshumains.net\/wp-content\/uploads\/2023\/03\/bitmap_500_nocrop_1_1_20211119205111672139_FDHOYrdWEAcvnls_1.jpg?fit=500%2C659&ssl=1\" \/>\n\t<meta property=\"og:image:width\" content=\"500\" \/>\n\t<meta property=\"og:image:height\" content=\"659\" \/>\n\t<meta property=\"og:image:type\" content=\"image\/jpeg\" \/>\n<meta name=\"author\" content=\"Jo\u00ebl Diawa\" \/>\n<meta name=\"twitter:card\" content=\"summary_large_image\" \/>\n<meta name=\"twitter:label1\" content=\"\u00c9crit par\" \/>\n\t<meta name=\"twitter:data1\" content=\"Jo\u00ebl Diawa\" \/>\n\t<meta name=\"twitter:label2\" content=\"Dur\u00e9e de lecture estim\u00e9e\" \/>\n\t<meta name=\"twitter:data2\" content=\"3 minutes\" \/>\n<script type=\"application\/ld+json\" class=\"yoast-schema-graph\">{\"@context\":\"https:\\\/\\\/schema.org\",\"@graph\":[{\"@type\":\"Article\",\"@id\":\"https:\\\/\\\/infos-droitshumains.net\\\/?p=6696#article\",\"isPartOf\":{\"@id\":\"https:\\\/\\\/infos-droitshumains.net\\\/?p=6696\"},\"author\":{\"name\":\"Jo\u00ebl Diawa\",\"@id\":\"https:\\\/\\\/infos-droitshumains.net\\\/#\\\/schema\\\/person\\\/3dc5e921c3302172e0ed4362f96faab7\"},\"headline\":\"Election de 2023: Voici la formule magique de Kadima pour contourner l\u2019ins\u00e9curit\u00e9 au Nord-Kivu\",\"datePublished\":\"2023-03-17T17:53:39+00:00\",\"dateModified\":\"2023-03-17T18:30:56+00:00\",\"mainEntityOfPage\":{\"@id\":\"https:\\\/\\\/infos-droitshumains.net\\\/?p=6696\"},\"wordCount\":540,\"commentCount\":0,\"publisher\":{\"@id\":\"https:\\\/\\\/infos-droitshumains.net\\\/#organization\"},\"image\":{\"@id\":\"https:\\\/\\\/infos-droitshumains.net\\\/?p=6696#primaryimage\"},\"thumbnailUrl\":\"https:\\\/\\\/i0.wp.com\\\/infos-droitshumains.net\\\/wp-content\\\/uploads\\\/2023\\\/03\\\/bitmap_500_nocrop_1_1_20211119205111672139_FDHOYrdWEAcvnls_1.jpg?fit=500%2C659&ssl=1\",\"articleSection\":[\"Politique\"],\"inLanguage\":\"fr-FR\",\"potentialAction\":[{\"@type\":\"CommentAction\",\"name\":\"Comment\",\"target\":[\"https:\\\/\\\/infos-droitshumains.net\\\/?p=6696#respond\"]}]},{\"@type\":\"WebPage\",\"@id\":\"https:\\\/\\\/infos-droitshumains.net\\\/?p=6696\",\"url\":\"https:\\\/\\\/infos-droitshumains.net\\\/?p=6696\",\"name\":\"Election de 2023: Voici la formule magique de Kadima pour contourner l\u2019ins\u00e9curit\u00e9 au Nord-Kivu - Infos Droits Humains\",\"isPartOf\":{\"@id\":\"https:\\\/\\\/infos-droitshumains.net\\\/#website\"},\"primaryImageOfPage\":{\"@id\":\"https:\\\/\\\/infos-droitshumains.net\\\/?p=6696#primaryimage\"},\"image\":{\"@id\":\"https:\\\/\\\/infos-droitshumains.net\\\/?p=6696#primaryimage\"},\"thumbnailUrl\":\"https:\\\/\\\/i0.wp.com\\\/infos-droitshumains.net\\\/wp-content\\\/uploads\\\/2023\\\/03\\\/bitmap_500_nocrop_1_1_20211119205111672139_FDHOYrdWEAcvnls_1.jpg?fit=500%2C659&ssl=1\",\"datePublished\":\"2023-03-17T17:53:39+00:00\",\"dateModified\":\"2023-03-17T18:30:56+00:00\",\"breadcrumb\":{\"@id\":\"https:\\\/\\\/infos-droitshumains.net\\\/?p=6696#breadcrumb\"},\"inLanguage\":\"fr-FR\",\"potentialAction\":[{\"@type\":\"ReadAction\",\"target\":[\"https:\\\/\\\/infos-droitshumains.net\\\/?p=6696\"]}]},{\"@type\":\"ImageObject\",\"inLanguage\":\"fr-FR\",\"@id\":\"https:\\\/\\\/infos-droitshumains.net\\\/?p=6696#primaryimage\",\"url\":\"https:\\\/\\\/i0.wp.com\\\/infos-droitshumains.net\\\/wp-content\\\/uploads\\\/2023\\\/03\\\/bitmap_500_nocrop_1_1_20211119205111672139_FDHOYrdWEAcvnls_1.jpg?fit=500%2C659&ssl=1\",\"contentUrl\":\"https:\\\/\\\/i0.wp.com\\\/infos-droitshumains.net\\\/wp-content\\\/uploads\\\/2023\\\/03\\\/bitmap_500_nocrop_1_1_20211119205111672139_FDHOYrdWEAcvnls_1.jpg?fit=500%2C659&ssl=1\",\"width\":500,\"height\":659},{\"@type\":\"BreadcrumbList\",\"@id\":\"https:\\\/\\\/infos-droitshumains.net\\\/?p=6696#breadcrumb\",\"itemListElement\":[{\"@type\":\"ListItem\",\"position\":1,\"name\":\"Accueil\",\"item\":\"https:\\\/\\\/infos-droitshumains.net\\\/\"},{\"@type\":\"ListItem\",\"position\":2,\"name\":\"Election de 2023: Voici la formule magique de Kadima pour contourner l\u2019ins\u00e9curit\u00e9 au Nord-Kivu\"}]},{\"@type\":\"WebSite\",\"@id\":\"https:\\\/\\\/infos-droitshumains.net\\\/#website\",\"url\":\"https:\\\/\\\/infos-droitshumains.net\\\/\",\"name\":\"Infos Droits Humains\",\"description\":\"S&#039;informer est un droit\",\"publisher\":{\"@id\":\"https:\\\/\\\/infos-droitshumains.net\\\/#organization\"},\"potentialAction\":[{\"@type\":\"SearchAction\",\"target\":{\"@type\":\"EntryPoint\",\"urlTemplate\":\"https:\\\/\\\/infos-droitshumains.net\\\/?s={search_term_string}\"},\"query-input\":{\"@type\":\"PropertyValueSpecification\",\"valueRequired\":true,\"valueName\":\"search_term_string\"}}],\"inLanguage\":\"fr-FR\"},{\"@type\":\"Organization\",\"@id\":\"https:\\\/\\\/infos-droitshumains.net\\\/#organization\",\"name\":\"Infos Droits Humains\",\"url\":\"https:\\\/\\\/infos-droitshumains.net\\\/\",\"logo\":{\"@type\":\"ImageObject\",\"inLanguage\":\"fr-FR\",\"@id\":\"https:\\\/\\\/infos-droitshumains.net\\\/#\\\/schema\\\/logo\\\/image\\\/\",\"url\":\"https:\\\/\\\/i0.wp.com\\\/infos-droitshumains.net\\\/wp-content\\\/uploads\\\/2022\\\/05\\\/Logo.png?fit=333%2C129&ssl=1\",\"contentUrl\":\"https:\\\/\\\/i0.wp.com\\\/infos-droitshumains.net\\\/wp-content\\\/uploads\\\/2022\\\/05\\\/Logo.png?fit=333%2C129&ssl=1\",\"width\":333,\"height\":129,\"caption\":\"Infos Droits Humains\"},\"image\":{\"@id\":\"https:\\\/\\\/infos-droitshumains.net\\\/#\\\/schema\\\/logo\\\/image\\\/\"}},{\"@type\":\"Person\",\"@id\":\"https:\\\/\\\/infos-droitshumains.net\\\/#\\\/schema\\\/person\\\/3dc5e921c3302172e0ed4362f96faab7\",\"name\":\"Jo\u00ebl Diawa\",\"image\":{\"@type\":\"ImageObject\",\"inLanguage\":\"fr-FR\",\"@id\":\"https:\\\/\\\/secure.gravatar.com\\\/avatar\\\/729bea6ff4604c624417803c477363be8e3c7186deaa65713313f9b4b820f41c?s=96&d=mm&r=g\",\"url\":\"https:\\\/\\\/secure.gravatar.com\\\/avatar\\\/729bea6ff4604c624417803c477363be8e3c7186deaa65713313f9b4b820f41c?s=96&d=mm&r=g\",\"contentUrl\":\"https:\\\/\\\/secure.gravatar.com\\\/avatar\\\/729bea6ff4604c624417803c477363be8e3c7186deaa65713313f9b4b820f41c?s=96&d=mm&r=g\",\"caption\":\"Jo\u00ebl Diawa\"},\"sameAs\":[\"https:\\\/\\\/www.infos-droitshumains.net\"],\"url\":\"https:\\\/\\\/infos-droitshumains.net\\\/?author=2\"}]}<\/script>\n<!-- \/ Yoast SEO plugin. -->","yoast_head_json":{"title":"Election de 2023: Voici la formule magique de Kadima pour contourner l\u2019ins\u00e9curit\u00e9 au Nord-Kivu - Infos Droits Humains","robots":{"index":"index","follow":"follow","max-snippet":"max-snippet:-1","max-image-preview":"max-image-preview:large","max-video-preview":"max-video-preview:-1"},"canonical":"https:\/\/infos-droitshumains.net\/?p=6696","og_locale":"fr_FR","og_type":"article","og_title":"Election de 2023: Voici la formule magique de Kadima pour contourner l\u2019ins\u00e9curit\u00e9 au Nord-Kivu - Infos Droits Humains","og_description":"R\u00e9daction :+243817406088 C\u2019est le 20 d\u00e9cembre prochain que doivent se tenir les \u00e9lections g\u00e9n\u00e9rales en...","og_url":"https:\/\/infos-droitshumains.net\/?p=6696","og_site_name":"Infos Droits Humains","article_published_time":"2023-03-17T17:53:39+00:00","article_modified_time":"2023-03-17T18:30:56+00:00","og_image":[{"width":500,"height":659,"url":"https:\/\/i0.wp.com\/infos-droitshumains.net\/wp-content\/uploads\/2023\/03\/bitmap_500_nocrop_1_1_20211119205111672139_FDHOYrdWEAcvnls_1.jpg?fit=500%2C659&ssl=1","type":"image\/jpeg"}],"author":"Jo\u00ebl Diawa","twitter_card":"summary_large_image","twitter_misc":{"\u00c9crit par":"Jo\u00ebl Diawa","Dur\u00e9e de lecture estim\u00e9e":"3 minutes"},"schema":{"@context":"https:\/\/schema.org","@graph":[{"@type":"Article","@id":"https:\/\/infos-droitshumains.net\/?p=6696#article","isPartOf":{"@id":"https:\/\/infos-droitshumains.net\/?p=6696"},"author":{"name":"Jo\u00ebl Diawa","@id":"https:\/\/infos-droitshumains.net\/#\/schema\/person\/3dc5e921c3302172e0ed4362f96faab7"},"headline":"Election de 2023: Voici la formule magique de Kadima pour contourner l\u2019ins\u00e9curit\u00e9 au Nord-Kivu","datePublished":"2023-03-17T17:53:39+00:00","dateModified":"2023-03-17T18:30:56+00:00","mainEntityOfPage":{"@id":"https:\/\/infos-droitshumains.net\/?p=6696"},"wordCount":540,"commentCount":0,"publisher":{"@id":"https:\/\/infos-droitshumains.net\/#organization"},"image":{"@id":"https:\/\/infos-droitshumains.net\/?p=6696#primaryimage"},"thumbnailUrl":"https:\/\/i0.wp.com\/infos-droitshumains.net\/wp-content\/uploads\/2023\/03\/bitmap_500_nocrop_1_1_20211119205111672139_FDHOYrdWEAcvnls_1.jpg?fit=500%2C659&ssl=1","articleSection":["Politique"],"inLanguage":"fr-FR","potentialAction":[{"@type":"CommentAction","name":"Comment","target":["https:\/\/infos-droitshumains.net\/?p=6696#respond"]}]},{"@type":"WebPage","@id":"https:\/\/infos-droitshumains.net\/?p=6696","url":"https:\/\/infos-droitshumains.net\/?p=6696","name":"Election de 2023: Voici la formule magique de Kadima pour contourner l\u2019ins\u00e9curit\u00e9 au Nord-Kivu - Infos Droits Humains","isPartOf":{"@id":"https:\/\/infos-droitshumains.net\/#website"},"primaryImageOfPage":{"@id":"https:\/\/infos-droitshumains.net\/?p=6696#primaryimage"},"image":{"@id":"https:\/\/infos-droitshumains.net\/?p=6696#primaryimage"},"thumbnailUrl":"https:\/\/i0.wp.com\/infos-droitshumains.net\/wp-content\/uploads\/2023\/03\/bitmap_500_nocrop_1_1_20211119205111672139_FDHOYrdWEAcvnls_1.jpg?fit=500%2C659&ssl=1","datePublished":"2023-03-17T17:53:39+00:00","dateModified":"2023-03-17T18:30:56+00:00","breadcrumb":{"@id":"https:\/\/infos-droitshumains.net\/?p=6696#breadcrumb"},"inLanguage":"fr-FR","potentialAction":[{"@type":"ReadAction","target":["https:\/\/infos-droitshumains.net\/?p=6696"]}]},{"@type":"ImageObject","inLanguage":"fr-FR","@id":"https:\/\/infos-droitshumains.net\/?p=6696#primaryimage","url":"https:\/\/i0.wp.com\/infos-droitshumains.net\/wp-content\/uploads\/2023\/03\/bitmap_500_nocrop_1_1_20211119205111672139_FDHOYrdWEAcvnls_1.jpg?fit=500%2C659&ssl=1","contentUrl":"https:\/\/i0.wp.com\/infos-droitshumains.net\/wp-content\/uploads\/2023\/03\/bitmap_500_nocrop_1_1_20211119205111672139_FDHOYrdWEAcvnls_1.jpg?fit=500%2C659&ssl=1","width":500,"height":659},{"@type":"BreadcrumbList","@id":"https:\/\/infos-droitshumains.net\/?p=6696#breadcrumb","itemListElement":[{"@type":"ListItem","position":1,"name":"Accueil","item":"https:\/\/infos-droitshumains.net\/"},{"@type":"ListItem","position":2,"name":"Election de 2023: Voici la formule magique de Kadima pour contourner l\u2019ins\u00e9curit\u00e9 au Nord-Kivu"}]},{"@type":"WebSite","@id":"https:\/\/infos-droitshumains.net\/#website","url":"https:\/\/infos-droitshumains.net\/","name":"Infos Droits Humains","description":"S&#039;informer est un droit","publisher":{"@id":"https:\/\/infos-droitshumains.net\/#organization"},"potentialAction":[{"@type":"SearchAction","target":{"@type":"EntryPoint","urlTemplate":"https:\/\/infos-droitshumains.net\/?s={search_term_string}"},"query-input":{"@type":"PropertyValueSpecification","valueRequired":true,"valueName":"search_term_string"}}],"inLanguage":"fr-FR"},{"@type":"Organization","@id":"https:\/\/infos-droitshumains.net\/#organization","name":"Infos Droits Humains","url":"https:\/\/infos-droitshumains.net\/","logo":{"@type":"ImageObject","inLanguage":"fr-FR","@id":"https:\/\/infos-droitshumains.net\/#\/schema\/logo\/image\/","url":"https:\/\/i0.wp.com\/infos-droitshumains.net\/wp-content\/uploads\/2022\/05\/Logo.png?fit=333%2C129&ssl=1","contentUrl":"https:\/\/i0.wp.com\/infos-droitshumains.net\/wp-content\/uploads\/2022\/05\/Logo.png?fit=333%2C129&ssl=1","width":333,"height":129,"caption":"Infos Droits Humains"},"image":{"@id":"https:\/\/infos-droitshumains.net\/#\/schema\/logo\/image\/"}},{"@type":"Person","@id":"https:\/\/infos-droitshumains.net\/#\/schema\/person\/3dc5e921c3302172e0ed4362f96faab7","name":"Jo\u00ebl Diawa","image":{"@type":"ImageObject","inLanguage":"fr-FR","@id":"https:\/\/secure.gravatar.com\/avatar\/729bea6ff4604c624417803c477363be8e3c7186deaa65713313f9b4b820f41c?s=96&d=mm&r=g","url":"https:\/\/secure.gravatar.com\/avatar\/729bea6ff4604c624417803c477363be8e3c7186deaa65713313f9b4b820f41c?s=96&d=mm&r=g","contentUrl":"https:\/\/secure.gravatar.com\/avatar\/729bea6ff4604c624417803c477363be8e3c7186deaa65713313f9b4b820f41c?s=96&d=mm&r=g","caption":"Jo\u00ebl Diawa"},"sameAs":["https:\/\/www.infos-droitshumains.net"],"url":"https:\/\/infos-droitshumains.net\/?author=2"}]}},"featured_image_urls":{"full":["https:\/\/i0.wp.com\/infos-droitshumains.net\/wp-content\/uploads\/2023\/03\/bitmap_500_nocrop_1_1_20211119205111672139_FDHOYrdWEAcvnls_1.jpg?fit=500%2C659&ssl=1",500,659,false],"thumbnail":["https:\/\/i0.wp.com\/infos-droitshumains.net\/wp-content\/uploads\/2023\/03\/bitmap_500_nocrop_1_1_20211119205111672139_FDHOYrdWEAcvnls_1.jpg?resize=150%2C150&ssl=1",150,150,true],"medium":["https:\/\/i0.wp.com\/infos-droitshumains.net\/wp-content\/uploads\/2023\/03\/bitmap_500_nocrop_1_1_20211119205111672139_FDHOYrdWEAcvnls_1.jpg?fit=228%2C300&ssl=1",228,300,true],"medium_large":["https:\/\/i0.wp.com\/infos-droitshumains.net\/wp-content\/uploads\/2023\/03\/bitmap_500_nocrop_1_1_20211119205111672139_FDHOYrdWEAcvnls_1.jpg?fit=500%2C659&ssl=1",500,659,true],"large":["https:\/\/i0.wp.com\/infos-droitshumains.net\/wp-content\/uploads\/2023\/03\/bitmap_500_nocrop_1_1_20211119205111672139_FDHOYrdWEAcvnls_1.jpg?fit=500%2C659&ssl=1",500,659,true],"1536x1536":["https:\/\/i0.wp.com\/infos-droitshumains.net\/wp-content\/uploads\/2023\/03\/bitmap_500_nocrop_1_1_20211119205111672139_FDHOYrdWEAcvnls_1.jpg?fit=500%2C659&ssl=1",500,659,true],"2048x2048":["https:\/\/i0.wp.com\/infos-droitshumains.net\/wp-content\/uploads\/2023\/03\/bitmap_500_nocrop_1_1_20211119205111672139_FDHOYrdWEAcvnls_1.jpg?fit=500%2C659&ssl=1",500,659,true],"covernews-slider-full":["https:\/\/i0.wp.com\/infos-droitshumains.net\/wp-content\/uploads\/2023\/03\/bitmap_500_nocrop_1_1_20211119205111672139_FDHOYrdWEAcvnls_1.jpg?resize=500%2C659&ssl=1",500,659,true],"covernews-slider-center":["https:\/\/i0.wp.com\/infos-droitshumains.net\/wp-content\/uploads\/2023\/03\/bitmap_500_nocrop_1_1_20211119205111672139_FDHOYrdWEAcvnls_1.jpg?resize=500%2C500&ssl=1",500,500,true],"covernews-featured":["https:\/\/i0.wp.com\/infos-droitshumains.net\/wp-content\/uploads\/2023\/03\/bitmap_500_nocrop_1_1_20211119205111672139_FDHOYrdWEAcvnls_1.jpg?fit=500%2C659&ssl=1",500,659,true],"covernews-medium":["https:\/\/i0.wp.com\/infos-droitshumains.net\/wp-content\/uploads\/2023\/03\/bitmap_500_nocrop_1_1_20211119205111672139_FDHOYrdWEAcvnls_1.jpg?resize=500%2C340&ssl=1",500,340,true],"covernews-medium-square":["https:\/\/i0.wp.com\/infos-droitshumains.net\/wp-content\/uploads\/2023\/03\/bitmap_500_nocrop_1_1_20211119205111672139_FDHOYrdWEAcvnls_1.jpg?resize=400%2C250&ssl=1",400,250,true]},"author_info":{"display_name":"Jo\u00ebl Diawa","author_link":"https:\/\/infos-droitshumains.net\/?author=2"},"category_info":"<a href=\"https:\/\/infos-droitshumains.net\/?cat=3\" rel=\"category\">Politique<\/a>","tag_info":"Politique","comment_count":"0","jetpack_featured_media_url":"https:\/\/i0.wp.com\/infos-droitshumains.net\/wp-content\/uploads\/2023\/03\/bitmap_500_nocrop_1_1_20211119205111672139_FDHOYrdWEAcvnls_1.jpg?fit=500%2C659&ssl=1","jetpack-related-posts":[],"jetpack_sharing_enabled":true,"_links":{"self":[{"href":"https:\/\/infos-droitshumains.net\/index.php?rest_route=\/wp\/v2\/posts\/6696","targetHints":{"allow":["GET"]}}],"collection":[{"href":"https:\/\/infos-droitshumains.net\/index.php?rest_route=\/wp\/v2\/posts"}],"about":[{"href":"https:\/\/infos-droitshumains.net\/index.php?rest_route=\/wp\/v2\/types\/post"}],"author":[{"embeddable":true,"href":"https:\/\/infos-droitshumains.net\/index.php?rest_route=\/wp\/v2\/users\/2"}],"replies":[{"embeddable":true,"href":"https:\/\/infos-droitshumains.net\/index.php?rest_route=%2Fwp%2Fv2%2Fcomments&post=6696"}],"version-history":[{"count":15,"href":"https:\/\/infos-droitshumains.net\/index.php?rest_route=\/wp\/v2\/posts\/6696\/revisions"}],"predecessor-version":[{"id":6718,"href":"https:\/\/infos-droitshumains.net\/index.php?rest_route=\/wp\/v2\/posts\/6696\/revisions\/6718"}],"wp:featuredmedia":[{"embeddable":true,"href":"https:\/\/infos-droitshumains.net\/index.php?rest_route=\/wp\/v2\/media\/6699"}],"wp:attachment":[{"href":"https:\/\/infos-droitshumains.net\/index.php?rest_route=%2Fwp%2Fv2%2Fmedia&parent=6696"}],"wp:term":[{"taxonomy":"category","embeddable":true,"href":"https:\/\/infos-droitshumains.net\/index.php?rest_route=%2Fwp%2Fv2%2Fcategories&post=6696"},{"taxonomy":"post_tag","embeddable":true,"href":"https:\/\/infos-droitshumains.net\/index.php?rest_route=%2Fwp%2Fv2%2Ftags&post=6696"}],"curies":[{"name":"wp","href":"https:\/\/api.w.org\/{rel}","templated":true}]}}