{"id":6680,"date":"2023-03-09T10:48:08","date_gmt":"2023-03-09T09:48:08","guid":{"rendered":"https:\/\/infos-droitshumains.net\/?p=6680"},"modified":"2023-03-09T10:57:59","modified_gmt":"2023-03-09T09:57:59","slug":"journee-internationale-des-droits-des-femmes-aux-affaires-foncieres-le-ministre-sakombi-molendo-sollicite-limplication-des-femmes-pour-la-reussite-du-processus-de-modernisation-de-l","status":"publish","type":"post","link":"https:\/\/infos-droitshumains.net\/?p=6680","title":{"rendered":"Journ\u00e9e internationale des Droits des femmes : Aux affaires fonci\u00e8res, le ministre Sakombi Molendo sollicite l\u2019implication des femmes pour la r\u00e9ussite du processus de modernisation de l\u2019administration fonci\u00e8re"},"content":{"rendered":"\n<p><strong>R\u00e9daction :+243817406088<\/strong><\/p>\n\n\n\n<p>L&rsquo;humanit\u00e9 a c\u00e9l\u00e9br\u00e9 ce mercredi 8 mars, la journ\u00e9e internationale des droits des femmes sous le th\u00e8me&nbsp;: <strong><em>\u00ab&nbsp;Pour un monde digital inclusif : innovation et technologie pour l\u2019\u00e9galit\u00e9 des sexes&nbsp;\u00bb<\/em><\/strong>. En R\u00e9publique D\u00e9mocratique du Congo, les femmes du minist\u00e8re des affaires fonci\u00e8res n&rsquo;ont pas d\u00e9rog\u00e9 \u00e0 la r\u00e8gle. Elles ont c\u00e9l\u00e9br\u00e9 cette journ\u00e9e \u00e0 Kinshasa au tour de leur ministre Aim\u00e9 Sokmbi Molendo.<\/p>\n\n\n\n<p><strong><em>\u00ab&nbsp;Education num\u00e9rique \u00e9galitaire pour la paix et l\u2019autonomisation des femmes et des filles en RDC&nbsp;\u00bb<\/em><\/strong>&nbsp;; c\u2019est le th\u00e8me sous le quel cette journ\u00e9e a \u00e9t\u00e9 c\u00e9l\u00e9br\u00e9e aux affaires fonci\u00e8res. Faisant suite \u00e0 ce th\u00e8me, le ministre Aim\u00e9 Sakombi Molendo a expliqu\u00e9 \u00e0 ces femmes, le bien-fond\u00e9 de la modernisation de l\u2019administration fonci\u00e8re dont le processus est en cours.<\/p>\n\n\n\n<p><em>\u00ab&nbsp;Depuis mon av\u00e8nement \u00e0 la t\u00eate de ce minist\u00e8re des Affaires fonci\u00e8res, je n\u2019ai jamais cess\u00e9 de marteler que la Num\u00e9risation demeure la cl\u00e9 d\u2019or qui permettra \u00e0 notre administration de crever le plafond ; pour s\u2019aligner sur les performances de nos coll\u00e8gues de la sous-r\u00e9gion, et pourquoi pas les d\u00e9passer. A ce sujet, les efforts sont en cours pour que notre minist\u00e8re plonge enfin dans cette \u00e8re du E-FONCIER que nous appelons de tous nos v\u0153ux&nbsp;\u00bb, <\/em>a dit le ministre pour qui, la Nouvelle Loi fonci\u00e8re en \u00e9tude \u00e0 l\u2019Assembl\u00e9e nationale permettra, lorsqu\u2019il sera adopt\u00e9 et promulgu\u00e9, <em>\u00ab&nbsp;d\u2019acc\u00e9der \u00e0 cette phase de modernisation de notre administration&nbsp;\u00bb<\/em>.<\/p>\n\n\n\n<p>Cette transformation engendrera sans aucun doute beaucoup de changements du fait des sp\u00e9cificit\u00e9s li\u00e9es \u00e0 l\u2019informatisation de la gestion. C\u2019est ainsi que le patron des affaires fonci\u00e8res a dit attendre des femmes de son minist\u00e8re, une implication au maximum pour la finalisation de ce processus.<\/p>\n\n\n\n<p><em>\u00ab\u00a0Je compte sur vous, les femmes des Affaires fonci\u00e8res, pour \u00eatre aux premi\u00e8res loges dans la nouvelle configuration qui sera mise en place. Il faudra pour cela que vous vous impliquiez dans les formations, dont certaines tr\u00e8s pointues, qui seront organis\u00e9es pour finaliser cette ouverture vers une administration fonci\u00e8re modernis\u00e9e, et optimalis\u00e9e. La Num\u00e9risation est une transformation technologique qui va ouvrir des nouvelles opportunit\u00e9s de travail, et exiger la reconversion professionnelle d\u2019un certain nombre d\u2019agents, dont les t\u00e2ches seront justement informatis\u00e9es, et n\u00e9cessiteront des nouvelles connaissances.\u00a0 J\u2019incite donc les femmes des Affaires fonci\u00e8res \u00e0 saisir, le moment venu, cette opportunit\u00e9 pour ne pas rater le coche ; et prendre les bonnes places dans ce train de la Num\u00e9risation \u00bb<\/em>, a-t-il insist\u00e9.<\/p>\n\n\n\n<figure class=\"wp-block-image size-full\"><img data-recalc-dims=\"1\" fetchpriority=\"high\" decoding=\"async\" width=\"640\" height=\"427\" src=\"https:\/\/i0.wp.com\/infos-droitshumains.net\/wp-content\/uploads\/2023\/03\/IMG-20230309-WA0008_1.jpg?resize=640%2C427&#038;ssl=1\" alt=\"\" class=\"wp-image-6683\" srcset=\"https:\/\/i0.wp.com\/infos-droitshumains.net\/wp-content\/uploads\/2023\/03\/IMG-20230309-WA0008_1.jpg?w=920&amp;ssl=1 920w, https:\/\/i0.wp.com\/infos-droitshumains.net\/wp-content\/uploads\/2023\/03\/IMG-20230309-WA0008_1.jpg?resize=300%2C200&amp;ssl=1 300w, https:\/\/i0.wp.com\/infos-droitshumains.net\/wp-content\/uploads\/2023\/03\/IMG-20230309-WA0008_1.jpg?resize=768%2C513&amp;ssl=1 768w\" sizes=\"(max-width: 640px) 100vw, 640px\" \/><\/figure>\n\n\n\n<p>Depuis l\u2019av\u00e8nement Sakombi Molendo \u00e0 la t\u00eate du minist\u00e8re des affaires fonci\u00e8res, en d\u00e9pit d\u2019un faible&nbsp; pourcentage, il se constate des avanc\u00e9es significatives en ce qui concerne la repr\u00e9sentativit\u00e9 des femmes a reconnu Marthe Luishi Kotonda, inspectrice divisionnaire aux affaires fonci\u00e8res et pr\u00e9sidente de la solidarit\u00e9 Femme de terre, \u00ab&nbsp;SOFET&nbsp;\u00bb.<\/p>\n\n\n\n<p>Jo\u00ebl Diawa<\/p>\n","protected":false},"excerpt":{"rendered":"<p>R\u00e9daction :+243817406088 L&rsquo;humanit\u00e9 a c\u00e9l\u00e9br\u00e9 ce mercredi 8 mars, la journ\u00e9e internationale des droits des&#8230;<\/p>\n","protected":false},"author":2,"featured_media":6685,"comment_status":"open","ping_status":"open","sticky":false,"template":"","format":"standard","meta":{"_jetpack_memberships_contains_paid_content":false,"footnotes":""},"categories":[8],"tags":[],"class_list":["post-6680","post","type-post","status-publish","format-standard","has-post-thumbnail","hentry","category-societe"],"yoast_head":"<!-- This site is optimized with the Yoast SEO plugin v27.5 - https:\/\/yoast.com\/product\/yoast-seo-wordpress\/ -->\n<title>Journ\u00e9e internationale des Droits des femmes : Aux affaires fonci\u00e8res, le ministre Sakombi Molendo sollicite l\u2019implication des femmes pour la r\u00e9ussite du processus de modernisation de l\u2019administration fonci\u00e8re - Infos Droits Humains<\/title>\n<meta name=\"robots\" content=\"index, follow, max-snippet:-1, max-image-preview:large, max-video-preview:-1\" \/>\n<link rel=\"canonical\" href=\"https:\/\/infos-droitshumains.net\/?p=6680\" \/>\n<meta property=\"og:locale\" content=\"fr_FR\" \/>\n<meta property=\"og:type\" content=\"article\" \/>\n<meta property=\"og:title\" content=\"Journ\u00e9e internationale des Droits des femmes : Aux affaires fonci\u00e8res, le ministre Sakombi Molendo sollicite l\u2019implication des femmes pour la r\u00e9ussite du processus de modernisation de l\u2019administration fonci\u00e8re - Infos Droits Humains\" \/>\n<meta property=\"og:description\" content=\"R\u00e9daction :+243817406088 L&rsquo;humanit\u00e9 a c\u00e9l\u00e9br\u00e9 ce mercredi 8 mars, la journ\u00e9e internationale des droits des...\" \/>\n<meta property=\"og:url\" content=\"https:\/\/infos-droitshumains.net\/?p=6680\" \/>\n<meta property=\"og:site_name\" content=\"Infos Droits Humains\" \/>\n<meta property=\"article:published_time\" content=\"2023-03-09T09:48:08+00:00\" \/>\n<meta property=\"article:modified_time\" content=\"2023-03-09T09:57:59+00:00\" \/>\n<meta property=\"og:image\" content=\"https:\/\/i0.wp.com\/infos-droitshumains.net\/wp-content\/uploads\/2023\/03\/IMG-20230308-WA0047_1.jpg?fit=920%2C614&ssl=1\" \/>\n\t<meta property=\"og:image:width\" content=\"920\" \/>\n\t<meta property=\"og:image:height\" content=\"614\" \/>\n\t<meta property=\"og:image:type\" content=\"image\/jpeg\" \/>\n<meta name=\"author\" content=\"Jo\u00ebl Diawa\" \/>\n<meta name=\"twitter:card\" content=\"summary_large_image\" \/>\n<meta name=\"twitter:label1\" content=\"\u00c9crit par\" \/>\n\t<meta name=\"twitter:data1\" content=\"Jo\u00ebl Diawa\" \/>\n\t<meta name=\"twitter:label2\" content=\"Dur\u00e9e de lecture estim\u00e9e\" \/>\n\t<meta name=\"twitter:data2\" content=\"3 minutes\" \/>\n<script type=\"application\/ld+json\" class=\"yoast-schema-graph\">{\"@context\":\"https:\\\/\\\/schema.org\",\"@graph\":[{\"@type\":\"Article\",\"@id\":\"https:\\\/\\\/infos-droitshumains.net\\\/?p=6680#article\",\"isPartOf\":{\"@id\":\"https:\\\/\\\/infos-droitshumains.net\\\/?p=6680\"},\"author\":{\"name\":\"Jo\u00ebl Diawa\",\"@id\":\"https:\\\/\\\/infos-droitshumains.net\\\/#\\\/schema\\\/person\\\/3dc5e921c3302172e0ed4362f96faab7\"},\"headline\":\"Journ\u00e9e internationale des Droits des femmes : Aux affaires fonci\u00e8res, le ministre Sakombi Molendo sollicite l\u2019implication des femmes pour la r\u00e9ussite du processus de modernisation de l\u2019administration fonci\u00e8re\",\"datePublished\":\"2023-03-09T09:48:08+00:00\",\"dateModified\":\"2023-03-09T09:57:59+00:00\",\"mainEntityOfPage\":{\"@id\":\"https:\\\/\\\/infos-droitshumains.net\\\/?p=6680\"},\"wordCount\":559,\"commentCount\":0,\"publisher\":{\"@id\":\"https:\\\/\\\/infos-droitshumains.net\\\/#organization\"},\"image\":{\"@id\":\"https:\\\/\\\/infos-droitshumains.net\\\/?p=6680#primaryimage\"},\"thumbnailUrl\":\"https:\\\/\\\/i0.wp.com\\\/infos-droitshumains.net\\\/wp-content\\\/uploads\\\/2023\\\/03\\\/IMG-20230308-WA0047_1.jpg?fit=920%2C614&ssl=1\",\"articleSection\":[\"Soci\u00e9t\u00e9\"],\"inLanguage\":\"fr-FR\",\"potentialAction\":[{\"@type\":\"CommentAction\",\"name\":\"Comment\",\"target\":[\"https:\\\/\\\/infos-droitshumains.net\\\/?p=6680#respond\"]}]},{\"@type\":\"WebPage\",\"@id\":\"https:\\\/\\\/infos-droitshumains.net\\\/?p=6680\",\"url\":\"https:\\\/\\\/infos-droitshumains.net\\\/?p=6680\",\"name\":\"Journ\u00e9e internationale des Droits des femmes : Aux affaires fonci\u00e8res, le ministre Sakombi Molendo sollicite l\u2019implication des femmes pour la r\u00e9ussite du processus de modernisation de l\u2019administration fonci\u00e8re - Infos Droits Humains\",\"isPartOf\":{\"@id\":\"https:\\\/\\\/infos-droitshumains.net\\\/#website\"},\"primaryImageOfPage\":{\"@id\":\"https:\\\/\\\/infos-droitshumains.net\\\/?p=6680#primaryimage\"},\"image\":{\"@id\":\"https:\\\/\\\/infos-droitshumains.net\\\/?p=6680#primaryimage\"},\"thumbnailUrl\":\"https:\\\/\\\/i0.wp.com\\\/infos-droitshumains.net\\\/wp-content\\\/uploads\\\/2023\\\/03\\\/IMG-20230308-WA0047_1.jpg?fit=920%2C614&ssl=1\",\"datePublished\":\"2023-03-09T09:48:08+00:00\",\"dateModified\":\"2023-03-09T09:57:59+00:00\",\"breadcrumb\":{\"@id\":\"https:\\\/\\\/infos-droitshumains.net\\\/?p=6680#breadcrumb\"},\"inLanguage\":\"fr-FR\",\"potentialAction\":[{\"@type\":\"ReadAction\",\"target\":[\"https:\\\/\\\/infos-droitshumains.net\\\/?p=6680\"]}]},{\"@type\":\"ImageObject\",\"inLanguage\":\"fr-FR\",\"@id\":\"https:\\\/\\\/infos-droitshumains.net\\\/?p=6680#primaryimage\",\"url\":\"https:\\\/\\\/i0.wp.com\\\/infos-droitshumains.net\\\/wp-content\\\/uploads\\\/2023\\\/03\\\/IMG-20230308-WA0047_1.jpg?fit=920%2C614&ssl=1\",\"contentUrl\":\"https:\\\/\\\/i0.wp.com\\\/infos-droitshumains.net\\\/wp-content\\\/uploads\\\/2023\\\/03\\\/IMG-20230308-WA0047_1.jpg?fit=920%2C614&ssl=1\",\"width\":920,\"height\":614},{\"@type\":\"BreadcrumbList\",\"@id\":\"https:\\\/\\\/infos-droitshumains.net\\\/?p=6680#breadcrumb\",\"itemListElement\":[{\"@type\":\"ListItem\",\"position\":1,\"name\":\"Accueil\",\"item\":\"https:\\\/\\\/infos-droitshumains.net\\\/\"},{\"@type\":\"ListItem\",\"position\":2,\"name\":\"Journ\u00e9e internationale des Droits des femmes : Aux affaires fonci\u00e8res, le ministre Sakombi Molendo sollicite l\u2019implication des femmes pour la r\u00e9ussite du processus de modernisation de l\u2019administration fonci\u00e8re\"}]},{\"@type\":\"WebSite\",\"@id\":\"https:\\\/\\\/infos-droitshumains.net\\\/#website\",\"url\":\"https:\\\/\\\/infos-droitshumains.net\\\/\",\"name\":\"Infos Droits Humains\",\"description\":\"S&#039;informer est un droit\",\"publisher\":{\"@id\":\"https:\\\/\\\/infos-droitshumains.net\\\/#organization\"},\"potentialAction\":[{\"@type\":\"SearchAction\",\"target\":{\"@type\":\"EntryPoint\",\"urlTemplate\":\"https:\\\/\\\/infos-droitshumains.net\\\/?s={search_term_string}\"},\"query-input\":{\"@type\":\"PropertyValueSpecification\",\"valueRequired\":true,\"valueName\":\"search_term_string\"}}],\"inLanguage\":\"fr-FR\"},{\"@type\":\"Organization\",\"@id\":\"https:\\\/\\\/infos-droitshumains.net\\\/#organization\",\"name\":\"Infos Droits Humains\",\"url\":\"https:\\\/\\\/infos-droitshumains.net\\\/\",\"logo\":{\"@type\":\"ImageObject\",\"inLanguage\":\"fr-FR\",\"@id\":\"https:\\\/\\\/infos-droitshumains.net\\\/#\\\/schema\\\/logo\\\/image\\\/\",\"url\":\"https:\\\/\\\/i0.wp.com\\\/infos-droitshumains.net\\\/wp-content\\\/uploads\\\/2022\\\/05\\\/Logo.png?fit=333%2C129&ssl=1\",\"contentUrl\":\"https:\\\/\\\/i0.wp.com\\\/infos-droitshumains.net\\\/wp-content\\\/uploads\\\/2022\\\/05\\\/Logo.png?fit=333%2C129&ssl=1\",\"width\":333,\"height\":129,\"caption\":\"Infos Droits Humains\"},\"image\":{\"@id\":\"https:\\\/\\\/infos-droitshumains.net\\\/#\\\/schema\\\/logo\\\/image\\\/\"}},{\"@type\":\"Person\",\"@id\":\"https:\\\/\\\/infos-droitshumains.net\\\/#\\\/schema\\\/person\\\/3dc5e921c3302172e0ed4362f96faab7\",\"name\":\"Jo\u00ebl Diawa\",\"image\":{\"@type\":\"ImageObject\",\"inLanguage\":\"fr-FR\",\"@id\":\"https:\\\/\\\/secure.gravatar.com\\\/avatar\\\/729bea6ff4604c624417803c477363be8e3c7186deaa65713313f9b4b820f41c?s=96&d=mm&r=g\",\"url\":\"https:\\\/\\\/secure.gravatar.com\\\/avatar\\\/729bea6ff4604c624417803c477363be8e3c7186deaa65713313f9b4b820f41c?s=96&d=mm&r=g\",\"contentUrl\":\"https:\\\/\\\/secure.gravatar.com\\\/avatar\\\/729bea6ff4604c624417803c477363be8e3c7186deaa65713313f9b4b820f41c?s=96&d=mm&r=g\",\"caption\":\"Jo\u00ebl Diawa\"},\"sameAs\":[\"https:\\\/\\\/www.infos-droitshumains.net\"],\"url\":\"https:\\\/\\\/infos-droitshumains.net\\\/?author=2\"}]}<\/script>\n<!-- \/ Yoast SEO plugin. -->","yoast_head_json":{"title":"Journ\u00e9e internationale des Droits des femmes : Aux affaires fonci\u00e8res, le ministre Sakombi Molendo sollicite l\u2019implication des femmes pour la r\u00e9ussite du processus de modernisation de l\u2019administration fonci\u00e8re - Infos Droits Humains","robots":{"index":"index","follow":"follow","max-snippet":"max-snippet:-1","max-image-preview":"max-image-preview:large","max-video-preview":"max-video-preview:-1"},"canonical":"https:\/\/infos-droitshumains.net\/?p=6680","og_locale":"fr_FR","og_type":"article","og_title":"Journ\u00e9e internationale des Droits des femmes : Aux affaires fonci\u00e8res, le ministre Sakombi Molendo sollicite l\u2019implication des femmes pour la r\u00e9ussite du processus de modernisation de l\u2019administration fonci\u00e8re - Infos Droits Humains","og_description":"R\u00e9daction :+243817406088 L&rsquo;humanit\u00e9 a c\u00e9l\u00e9br\u00e9 ce mercredi 8 mars, la journ\u00e9e internationale des droits des...","og_url":"https:\/\/infos-droitshumains.net\/?p=6680","og_site_name":"Infos Droits Humains","article_published_time":"2023-03-09T09:48:08+00:00","article_modified_time":"2023-03-09T09:57:59+00:00","og_image":[{"width":920,"height":614,"url":"https:\/\/i0.wp.com\/infos-droitshumains.net\/wp-content\/uploads\/2023\/03\/IMG-20230308-WA0047_1.jpg?fit=920%2C614&ssl=1","type":"image\/jpeg"}],"author":"Jo\u00ebl Diawa","twitter_card":"summary_large_image","twitter_misc":{"\u00c9crit par":"Jo\u00ebl Diawa","Dur\u00e9e de lecture estim\u00e9e":"3 minutes"},"schema":{"@context":"https:\/\/schema.org","@graph":[{"@type":"Article","@id":"https:\/\/infos-droitshumains.net\/?p=6680#article","isPartOf":{"@id":"https:\/\/infos-droitshumains.net\/?p=6680"},"author":{"name":"Jo\u00ebl Diawa","@id":"https:\/\/infos-droitshumains.net\/#\/schema\/person\/3dc5e921c3302172e0ed4362f96faab7"},"headline":"Journ\u00e9e internationale des Droits des femmes : Aux affaires fonci\u00e8res, le ministre Sakombi Molendo sollicite l\u2019implication des femmes pour la r\u00e9ussite du processus de modernisation de l\u2019administration fonci\u00e8re","datePublished":"2023-03-09T09:48:08+00:00","dateModified":"2023-03-09T09:57:59+00:00","mainEntityOfPage":{"@id":"https:\/\/infos-droitshumains.net\/?p=6680"},"wordCount":559,"commentCount":0,"publisher":{"@id":"https:\/\/infos-droitshumains.net\/#organization"},"image":{"@id":"https:\/\/infos-droitshumains.net\/?p=6680#primaryimage"},"thumbnailUrl":"https:\/\/i0.wp.com\/infos-droitshumains.net\/wp-content\/uploads\/2023\/03\/IMG-20230308-WA0047_1.jpg?fit=920%2C614&ssl=1","articleSection":["Soci\u00e9t\u00e9"],"inLanguage":"fr-FR","potentialAction":[{"@type":"CommentAction","name":"Comment","target":["https:\/\/infos-droitshumains.net\/?p=6680#respond"]}]},{"@type":"WebPage","@id":"https:\/\/infos-droitshumains.net\/?p=6680","url":"https:\/\/infos-droitshumains.net\/?p=6680","name":"Journ\u00e9e internationale des Droits des femmes : Aux affaires fonci\u00e8res, le ministre Sakombi Molendo sollicite l\u2019implication des femmes pour la r\u00e9ussite du processus de modernisation de l\u2019administration fonci\u00e8re - Infos Droits Humains","isPartOf":{"@id":"https:\/\/infos-droitshumains.net\/#website"},"primaryImageOfPage":{"@id":"https:\/\/infos-droitshumains.net\/?p=6680#primaryimage"},"image":{"@id":"https:\/\/infos-droitshumains.net\/?p=6680#primaryimage"},"thumbnailUrl":"https:\/\/i0.wp.com\/infos-droitshumains.net\/wp-content\/uploads\/2023\/03\/IMG-20230308-WA0047_1.jpg?fit=920%2C614&ssl=1","datePublished":"2023-03-09T09:48:08+00:00","dateModified":"2023-03-09T09:57:59+00:00","breadcrumb":{"@id":"https:\/\/infos-droitshumains.net\/?p=6680#breadcrumb"},"inLanguage":"fr-FR","potentialAction":[{"@type":"ReadAction","target":["https:\/\/infos-droitshumains.net\/?p=6680"]}]},{"@type":"ImageObject","inLanguage":"fr-FR","@id":"https:\/\/infos-droitshumains.net\/?p=6680#primaryimage","url":"https:\/\/i0.wp.com\/infos-droitshumains.net\/wp-content\/uploads\/2023\/03\/IMG-20230308-WA0047_1.jpg?fit=920%2C614&ssl=1","contentUrl":"https:\/\/i0.wp.com\/infos-droitshumains.net\/wp-content\/uploads\/2023\/03\/IMG-20230308-WA0047_1.jpg?fit=920%2C614&ssl=1","width":920,"height":614},{"@type":"BreadcrumbList","@id":"https:\/\/infos-droitshumains.net\/?p=6680#breadcrumb","itemListElement":[{"@type":"ListItem","position":1,"name":"Accueil","item":"https:\/\/infos-droitshumains.net\/"},{"@type":"ListItem","position":2,"name":"Journ\u00e9e internationale des Droits des femmes : Aux affaires fonci\u00e8res, le ministre Sakombi Molendo sollicite l\u2019implication des femmes pour la r\u00e9ussite du processus de modernisation de l\u2019administration fonci\u00e8re"}]},{"@type":"WebSite","@id":"https:\/\/infos-droitshumains.net\/#website","url":"https:\/\/infos-droitshumains.net\/","name":"Infos Droits Humains","description":"S&#039;informer est un droit","publisher":{"@id":"https:\/\/infos-droitshumains.net\/#organization"},"potentialAction":[{"@type":"SearchAction","target":{"@type":"EntryPoint","urlTemplate":"https:\/\/infos-droitshumains.net\/?s={search_term_string}"},"query-input":{"@type":"PropertyValueSpecification","valueRequired":true,"valueName":"search_term_string"}}],"inLanguage":"fr-FR"},{"@type":"Organization","@id":"https:\/\/infos-droitshumains.net\/#organization","name":"Infos Droits Humains","url":"https:\/\/infos-droitshumains.net\/","logo":{"@type":"ImageObject","inLanguage":"fr-FR","@id":"https:\/\/infos-droitshumains.net\/#\/schema\/logo\/image\/","url":"https:\/\/i0.wp.com\/infos-droitshumains.net\/wp-content\/uploads\/2022\/05\/Logo.png?fit=333%2C129&ssl=1","contentUrl":"https:\/\/i0.wp.com\/infos-droitshumains.net\/wp-content\/uploads\/2022\/05\/Logo.png?fit=333%2C129&ssl=1","width":333,"height":129,"caption":"Infos Droits Humains"},"image":{"@id":"https:\/\/infos-droitshumains.net\/#\/schema\/logo\/image\/"}},{"@type":"Person","@id":"https:\/\/infos-droitshumains.net\/#\/schema\/person\/3dc5e921c3302172e0ed4362f96faab7","name":"Jo\u00ebl Diawa","image":{"@type":"ImageObject","inLanguage":"fr-FR","@id":"https:\/\/secure.gravatar.com\/avatar\/729bea6ff4604c624417803c477363be8e3c7186deaa65713313f9b4b820f41c?s=96&d=mm&r=g","url":"https:\/\/secure.gravatar.com\/avatar\/729bea6ff4604c624417803c477363be8e3c7186deaa65713313f9b4b820f41c?s=96&d=mm&r=g","contentUrl":"https:\/\/secure.gravatar.com\/avatar\/729bea6ff4604c624417803c477363be8e3c7186deaa65713313f9b4b820f41c?s=96&d=mm&r=g","caption":"Jo\u00ebl Diawa"},"sameAs":["https:\/\/www.infos-droitshumains.net"],"url":"https:\/\/infos-droitshumains.net\/?author=2"}]}},"featured_image_urls":{"full":["https:\/\/i0.wp.com\/infos-droitshumains.net\/wp-content\/uploads\/2023\/03\/IMG-20230308-WA0047_1.jpg?fit=920%2C614&ssl=1",920,614,false],"thumbnail":["https:\/\/i0.wp.com\/infos-droitshumains.net\/wp-content\/uploads\/2023\/03\/IMG-20230308-WA0047_1.jpg?resize=150%2C150&ssl=1",150,150,true],"medium":["https:\/\/i0.wp.com\/infos-droitshumains.net\/wp-content\/uploads\/2023\/03\/IMG-20230308-WA0047_1.jpg?fit=300%2C200&ssl=1",300,200,true],"medium_large":["https:\/\/i0.wp.com\/infos-droitshumains.net\/wp-content\/uploads\/2023\/03\/IMG-20230308-WA0047_1.jpg?fit=640%2C428&ssl=1",640,428,true],"large":["https:\/\/i0.wp.com\/infos-droitshumains.net\/wp-content\/uploads\/2023\/03\/IMG-20230308-WA0047_1.jpg?fit=640%2C427&ssl=1",640,427,true],"1536x1536":["https:\/\/i0.wp.com\/infos-droitshumains.net\/wp-content\/uploads\/2023\/03\/IMG-20230308-WA0047_1.jpg?fit=920%2C614&ssl=1",920,614,true],"2048x2048":["https:\/\/i0.wp.com\/infos-droitshumains.net\/wp-content\/uploads\/2023\/03\/IMG-20230308-WA0047_1.jpg?fit=920%2C614&ssl=1",920,614,true],"covernews-slider-full":["https:\/\/i0.wp.com\/infos-droitshumains.net\/wp-content\/uploads\/2023\/03\/IMG-20230308-WA0047_1.jpg?resize=920%2C614&ssl=1",920,614,true],"covernews-slider-center":["https:\/\/i0.wp.com\/infos-droitshumains.net\/wp-content\/uploads\/2023\/03\/IMG-20230308-WA0047_1.jpg?resize=800%2C500&ssl=1",800,500,true],"covernews-featured":["https:\/\/i0.wp.com\/infos-droitshumains.net\/wp-content\/uploads\/2023\/03\/IMG-20230308-WA0047_1.jpg?fit=920%2C614&ssl=1",920,614,true],"covernews-medium":["https:\/\/i0.wp.com\/infos-droitshumains.net\/wp-content\/uploads\/2023\/03\/IMG-20230308-WA0047_1.jpg?resize=540%2C340&ssl=1",540,340,true],"covernews-medium-square":["https:\/\/i0.wp.com\/infos-droitshumains.net\/wp-content\/uploads\/2023\/03\/IMG-20230308-WA0047_1.jpg?resize=400%2C250&ssl=1",400,250,true]},"author_info":{"display_name":"Jo\u00ebl Diawa","author_link":"https:\/\/infos-droitshumains.net\/?author=2"},"category_info":"<a href=\"https:\/\/infos-droitshumains.net\/?cat=8\" rel=\"category\">Soci\u00e9t\u00e9<\/a>","tag_info":"Soci\u00e9t\u00e9","comment_count":"0","jetpack_featured_media_url":"https:\/\/i0.wp.com\/infos-droitshumains.net\/wp-content\/uploads\/2023\/03\/IMG-20230308-WA0047_1.jpg?fit=920%2C614&ssl=1","jetpack-related-posts":[],"jetpack_sharing_enabled":true,"_links":{"self":[{"href":"https:\/\/infos-droitshumains.net\/index.php?rest_route=\/wp\/v2\/posts\/6680","targetHints":{"allow":["GET"]}}],"collection":[{"href":"https:\/\/infos-droitshumains.net\/index.php?rest_route=\/wp\/v2\/posts"}],"about":[{"href":"https:\/\/infos-droitshumains.net\/index.php?rest_route=\/wp\/v2\/types\/post"}],"author":[{"embeddable":true,"href":"https:\/\/infos-droitshumains.net\/index.php?rest_route=\/wp\/v2\/users\/2"}],"replies":[{"embeddable":true,"href":"https:\/\/infos-droitshumains.net\/index.php?rest_route=%2Fwp%2Fv2%2Fcomments&post=6680"}],"version-history":[{"count":4,"href":"https:\/\/infos-droitshumains.net\/index.php?rest_route=\/wp\/v2\/posts\/6680\/revisions"}],"predecessor-version":[{"id":6688,"href":"https:\/\/infos-droitshumains.net\/index.php?rest_route=\/wp\/v2\/posts\/6680\/revisions\/6688"}],"wp:featuredmedia":[{"embeddable":true,"href":"https:\/\/infos-droitshumains.net\/index.php?rest_route=\/wp\/v2\/media\/6685"}],"wp:attachment":[{"href":"https:\/\/infos-droitshumains.net\/index.php?rest_route=%2Fwp%2Fv2%2Fmedia&parent=6680"}],"wp:term":[{"taxonomy":"category","embeddable":true,"href":"https:\/\/infos-droitshumains.net\/index.php?rest_route=%2Fwp%2Fv2%2Fcategories&post=6680"},{"taxonomy":"post_tag","embeddable":true,"href":"https:\/\/infos-droitshumains.net\/index.php?rest_route=%2Fwp%2Fv2%2Ftags&post=6680"}],"curies":[{"name":"wp","href":"https:\/\/api.w.org\/{rel}","templated":true}]}}