{"id":6676,"date":"2023-03-07T13:10:29","date_gmt":"2023-03-07T12:10:29","guid":{"rendered":"https:\/\/infos-droitshumains.net\/?p=6676"},"modified":"2023-03-07T13:19:39","modified_gmt":"2023-03-07T12:19:39","slug":"rdc-larep-de-guy-loando-lance-la-petition-contre-la-balkanisation","status":"publish","type":"post","link":"https:\/\/infos-droitshumains.net\/?p=6676","title":{"rendered":"<strong>RDC\u00a0: L\u2019AREP de Guy Loando lance la p\u00e9tition contre la balkanisation<\/strong>"},"content":{"rendered":"\n<p><strong>R\u00e9daction :+243817406088<\/strong><\/p>\n\n\n\n<p>Dire non \u00e0 la balkanisation de la R\u00e9publique D\u00e9mocratique du Congo et inviter tous les congolais \u00e0 s\u2019en approprier afin de montrer \u00e0 la face du monde que le Congo est UN, restera UN et indivisible, c\u2019est l\u2019objectif poursuivi par la p\u00e9tition lanc\u00e9 ce &nbsp;mardi 07 mars&nbsp; \u00e0 Kinshasa et dans d\u2019autres provinces du pays par le parti politique Agissons pour la R\u00e9publique (AREP).<\/p>\n\n\n\n<p>A Kinshasa, cette campagne a \u00e9t\u00e9 lanc\u00e9e par Henry Mutombo Mikenyi, Coordonnateur de la cellule de Communication et Porte-Parole de ce parti dont Me Guy Loando Mboyo, ministre d\u2019Etat, ministre de l\u2019Am\u00e9nagement du territoire national est initiateur. Henry Mutombo a, \u00e0 cette occasion, rappeler \u00e0 ses compatriotes que la meilleure arme dissuasive contre la balkanisation reste l\u2019unit\u00e9 des congolais.<\/p>\n\n\n\n<p><em>\u00ab Ici la balkanisation a pour objectif ultime d\u2019abattre le Congo, comme on abat un \u00e9l\u00e9phant et d\u2019appeler tous les charognards de par le monde pour venir se servir sur nos richesses. Un Congolais qui ignore cette menace n\u2019a de Congolais que de nom, toute personnalit\u00e9 politique ou sociale qui consciemment ou inconsciemment, affaiblit l\u2019unit\u00e9 et la d\u00e9termination des Congolais, d\u2019une mani\u00e8re ou d\u2019une autre, donne la force aux ennemis ext\u00e9rieurs qui ne veulent plus du Congo uni, qui redoutent une quelconque menace sur eux d\u2019un Congo virtuellement puissant, une telle personnalit\u00e9 est un traitre \u00e0 la nation \u00bb<\/em>, a martel\u00e9 le porte-parole de l\u2019AREP avant de rench\u00e9rir&nbsp;:<\/p>\n\n\n\n<p><em>\u00ab Le Congo notre patrie achoppe aujourd\u2019hui sur un d\u00e9fi existentiel majeur&nbsp;: La guerre \u00e0 l\u2019Est. Il ne s\u2019agit pas d\u2019une simple guerre civile, ni d\u2019un conflit limit\u00e9 ni encore moins d\u2019un petit bobo dont la nation peut se d\u00e9barrasser ais\u00e9ment. Bien au contraire, il s\u2019agit d\u2019une menace \u00e9minente sur notre existence comme peuple, comme nation et comme culture. Nos ennemis sont aussi nombreux que redoutables, leur armement est diff\u00e9rentiel \u00bb.<\/em><\/p>\n\n\n\n<p>Il a pour se faire, invit\u00e9 les congolais \u00e0 se joindre \u00e0 &nbsp;la lucidit\u00e9 de leurs dirigeants actuels, au courage de leur arm\u00e9e et \u00e0 l\u2019aide des nations v\u00e9ritablement amis du Congo pour crier \u00e0 l\u2019unit\u00e9 de cette nation.<\/p>\n\n\n\n<p><em>\u00ab Congolais et militants du parti Agissons pour la R\u00e9publique AREP, ne soyons pas dupes. Les chanteurs, les tarzans, et les n\u00e9o esclavagistes qui d\u00e9filent devant nous, nous pr\u00eatent volontiers leur r\u00e9flexion et leur sch\u00e9ma, sont g\u00e9n\u00e9ralement nos pires ennemis. Certes nous sommes un peuple ouvert, et hospitalier&nbsp;; mais l\u2019histoire ne nous pardonnera pas d\u2019\u00eatre une nation des na\u00effs, une g\u00e9n\u00e9ration des liquidateurs par la faute de laquelle le Congo aura succomb\u00e9 aux pieds de ses pires ennemis \u00bb.<\/em><\/p>\n\n\n\n<p>Cette campagne lanc\u00e9e par Agissons pour la R\u00e9publique &nbsp;va s\u2019\u00e9tendre jusqu\u2019au 7 avril prochain.<\/p>\n\n\n\n<p>Jo\u00ebl Diawa<\/p>\n","protected":false},"excerpt":{"rendered":"<p>R\u00e9daction :+243817406088 Dire non \u00e0 la balkanisation de la R\u00e9publique D\u00e9mocratique du Congo et inviter&#8230;<\/p>\n","protected":false},"author":2,"featured_media":6679,"comment_status":"open","ping_status":"open","sticky":false,"template":"","format":"standard","meta":{"_jetpack_memberships_contains_paid_content":false,"footnotes":""},"categories":[3],"tags":[],"class_list":["post-6676","post","type-post","status-publish","format-standard","has-post-thumbnail","hentry","category-politique"],"yoast_head":"<!-- This site is optimized with the Yoast SEO plugin v27.5 - https:\/\/yoast.com\/product\/yoast-seo-wordpress\/ -->\n<title>RDC\u00a0: L\u2019AREP de Guy Loando lance la p\u00e9tition contre la balkanisation - Infos Droits Humains<\/title>\n<meta name=\"robots\" content=\"index, follow, max-snippet:-1, max-image-preview:large, max-video-preview:-1\" \/>\n<link rel=\"canonical\" href=\"https:\/\/infos-droitshumains.net\/?p=6676\" \/>\n<meta property=\"og:locale\" content=\"fr_FR\" \/>\n<meta property=\"og:type\" content=\"article\" \/>\n<meta property=\"og:title\" content=\"RDC\u00a0: L\u2019AREP de Guy Loando lance la p\u00e9tition contre la balkanisation - Infos Droits Humains\" \/>\n<meta property=\"og:description\" content=\"R\u00e9daction :+243817406088 Dire non \u00e0 la balkanisation de la R\u00e9publique D\u00e9mocratique du Congo et inviter...\" \/>\n<meta property=\"og:url\" content=\"https:\/\/infos-droitshumains.net\/?p=6676\" \/>\n<meta property=\"og:site_name\" content=\"Infos Droits Humains\" \/>\n<meta property=\"article:published_time\" content=\"2023-03-07T12:10:29+00:00\" \/>\n<meta property=\"article:modified_time\" content=\"2023-03-07T12:19:39+00:00\" \/>\n<meta property=\"og:image\" content=\"https:\/\/i0.wp.com\/infos-droitshumains.net\/wp-content\/uploads\/2023\/03\/images-1_2.jpeg?fit=783%2C391&ssl=1\" \/>\n\t<meta property=\"og:image:width\" content=\"783\" \/>\n\t<meta property=\"og:image:height\" content=\"391\" \/>\n\t<meta property=\"og:image:type\" content=\"image\/jpeg\" \/>\n<meta name=\"author\" content=\"Jo\u00ebl Diawa\" \/>\n<meta name=\"twitter:card\" content=\"summary_large_image\" \/>\n<meta name=\"twitter:label1\" content=\"\u00c9crit par\" \/>\n\t<meta name=\"twitter:data1\" content=\"Jo\u00ebl Diawa\" \/>\n\t<meta name=\"twitter:label2\" content=\"Dur\u00e9e de lecture estim\u00e9e\" \/>\n\t<meta name=\"twitter:data2\" content=\"2 minutes\" \/>\n<script type=\"application\/ld+json\" class=\"yoast-schema-graph\">{\"@context\":\"https:\\\/\\\/schema.org\",\"@graph\":[{\"@type\":\"Article\",\"@id\":\"https:\\\/\\\/infos-droitshumains.net\\\/?p=6676#article\",\"isPartOf\":{\"@id\":\"https:\\\/\\\/infos-droitshumains.net\\\/?p=6676\"},\"author\":{\"name\":\"Jo\u00ebl Diawa\",\"@id\":\"https:\\\/\\\/infos-droitshumains.net\\\/#\\\/schema\\\/person\\\/3dc5e921c3302172e0ed4362f96faab7\"},\"headline\":\"RDC\u00a0: L\u2019AREP de Guy Loando lance la p\u00e9tition contre la balkanisation\",\"datePublished\":\"2023-03-07T12:10:29+00:00\",\"dateModified\":\"2023-03-07T12:19:39+00:00\",\"mainEntityOfPage\":{\"@id\":\"https:\\\/\\\/infos-droitshumains.net\\\/?p=6676\"},\"wordCount\":498,\"commentCount\":0,\"publisher\":{\"@id\":\"https:\\\/\\\/infos-droitshumains.net\\\/#organization\"},\"image\":{\"@id\":\"https:\\\/\\\/infos-droitshumains.net\\\/?p=6676#primaryimage\"},\"thumbnailUrl\":\"https:\\\/\\\/i0.wp.com\\\/infos-droitshumains.net\\\/wp-content\\\/uploads\\\/2023\\\/03\\\/images-1_2.jpeg?fit=783%2C391&ssl=1\",\"articleSection\":[\"Politique\"],\"inLanguage\":\"fr-FR\",\"potentialAction\":[{\"@type\":\"CommentAction\",\"name\":\"Comment\",\"target\":[\"https:\\\/\\\/infos-droitshumains.net\\\/?p=6676#respond\"]}]},{\"@type\":\"WebPage\",\"@id\":\"https:\\\/\\\/infos-droitshumains.net\\\/?p=6676\",\"url\":\"https:\\\/\\\/infos-droitshumains.net\\\/?p=6676\",\"name\":\"RDC\u00a0: L\u2019AREP de Guy Loando lance la p\u00e9tition contre la balkanisation - Infos Droits Humains\",\"isPartOf\":{\"@id\":\"https:\\\/\\\/infos-droitshumains.net\\\/#website\"},\"primaryImageOfPage\":{\"@id\":\"https:\\\/\\\/infos-droitshumains.net\\\/?p=6676#primaryimage\"},\"image\":{\"@id\":\"https:\\\/\\\/infos-droitshumains.net\\\/?p=6676#primaryimage\"},\"thumbnailUrl\":\"https:\\\/\\\/i0.wp.com\\\/infos-droitshumains.net\\\/wp-content\\\/uploads\\\/2023\\\/03\\\/images-1_2.jpeg?fit=783%2C391&ssl=1\",\"datePublished\":\"2023-03-07T12:10:29+00:00\",\"dateModified\":\"2023-03-07T12:19:39+00:00\",\"breadcrumb\":{\"@id\":\"https:\\\/\\\/infos-droitshumains.net\\\/?p=6676#breadcrumb\"},\"inLanguage\":\"fr-FR\",\"potentialAction\":[{\"@type\":\"ReadAction\",\"target\":[\"https:\\\/\\\/infos-droitshumains.net\\\/?p=6676\"]}]},{\"@type\":\"ImageObject\",\"inLanguage\":\"fr-FR\",\"@id\":\"https:\\\/\\\/infos-droitshumains.net\\\/?p=6676#primaryimage\",\"url\":\"https:\\\/\\\/i0.wp.com\\\/infos-droitshumains.net\\\/wp-content\\\/uploads\\\/2023\\\/03\\\/images-1_2.jpeg?fit=783%2C391&ssl=1\",\"contentUrl\":\"https:\\\/\\\/i0.wp.com\\\/infos-droitshumains.net\\\/wp-content\\\/uploads\\\/2023\\\/03\\\/images-1_2.jpeg?fit=783%2C391&ssl=1\",\"width\":783,\"height\":391},{\"@type\":\"BreadcrumbList\",\"@id\":\"https:\\\/\\\/infos-droitshumains.net\\\/?p=6676#breadcrumb\",\"itemListElement\":[{\"@type\":\"ListItem\",\"position\":1,\"name\":\"Accueil\",\"item\":\"https:\\\/\\\/infos-droitshumains.net\\\/\"},{\"@type\":\"ListItem\",\"position\":2,\"name\":\"RDC\u00a0: L\u2019AREP de Guy Loando lance la p\u00e9tition contre la balkanisation\"}]},{\"@type\":\"WebSite\",\"@id\":\"https:\\\/\\\/infos-droitshumains.net\\\/#website\",\"url\":\"https:\\\/\\\/infos-droitshumains.net\\\/\",\"name\":\"Infos Droits Humains\",\"description\":\"S&#039;informer est un droit\",\"publisher\":{\"@id\":\"https:\\\/\\\/infos-droitshumains.net\\\/#organization\"},\"potentialAction\":[{\"@type\":\"SearchAction\",\"target\":{\"@type\":\"EntryPoint\",\"urlTemplate\":\"https:\\\/\\\/infos-droitshumains.net\\\/?s={search_term_string}\"},\"query-input\":{\"@type\":\"PropertyValueSpecification\",\"valueRequired\":true,\"valueName\":\"search_term_string\"}}],\"inLanguage\":\"fr-FR\"},{\"@type\":\"Organization\",\"@id\":\"https:\\\/\\\/infos-droitshumains.net\\\/#organization\",\"name\":\"Infos Droits Humains\",\"url\":\"https:\\\/\\\/infos-droitshumains.net\\\/\",\"logo\":{\"@type\":\"ImageObject\",\"inLanguage\":\"fr-FR\",\"@id\":\"https:\\\/\\\/infos-droitshumains.net\\\/#\\\/schema\\\/logo\\\/image\\\/\",\"url\":\"https:\\\/\\\/i0.wp.com\\\/infos-droitshumains.net\\\/wp-content\\\/uploads\\\/2022\\\/05\\\/Logo.png?fit=333%2C129&ssl=1\",\"contentUrl\":\"https:\\\/\\\/i0.wp.com\\\/infos-droitshumains.net\\\/wp-content\\\/uploads\\\/2022\\\/05\\\/Logo.png?fit=333%2C129&ssl=1\",\"width\":333,\"height\":129,\"caption\":\"Infos Droits Humains\"},\"image\":{\"@id\":\"https:\\\/\\\/infos-droitshumains.net\\\/#\\\/schema\\\/logo\\\/image\\\/\"}},{\"@type\":\"Person\",\"@id\":\"https:\\\/\\\/infos-droitshumains.net\\\/#\\\/schema\\\/person\\\/3dc5e921c3302172e0ed4362f96faab7\",\"name\":\"Jo\u00ebl Diawa\",\"image\":{\"@type\":\"ImageObject\",\"inLanguage\":\"fr-FR\",\"@id\":\"https:\\\/\\\/secure.gravatar.com\\\/avatar\\\/729bea6ff4604c624417803c477363be8e3c7186deaa65713313f9b4b820f41c?s=96&d=mm&r=g\",\"url\":\"https:\\\/\\\/secure.gravatar.com\\\/avatar\\\/729bea6ff4604c624417803c477363be8e3c7186deaa65713313f9b4b820f41c?s=96&d=mm&r=g\",\"contentUrl\":\"https:\\\/\\\/secure.gravatar.com\\\/avatar\\\/729bea6ff4604c624417803c477363be8e3c7186deaa65713313f9b4b820f41c?s=96&d=mm&r=g\",\"caption\":\"Jo\u00ebl Diawa\"},\"sameAs\":[\"https:\\\/\\\/www.infos-droitshumains.net\"],\"url\":\"https:\\\/\\\/infos-droitshumains.net\\\/?author=2\"}]}<\/script>\n<!-- \/ Yoast SEO plugin. -->","yoast_head_json":{"title":"RDC\u00a0: L\u2019AREP de Guy Loando lance la p\u00e9tition contre la balkanisation - Infos Droits Humains","robots":{"index":"index","follow":"follow","max-snippet":"max-snippet:-1","max-image-preview":"max-image-preview:large","max-video-preview":"max-video-preview:-1"},"canonical":"https:\/\/infos-droitshumains.net\/?p=6676","og_locale":"fr_FR","og_type":"article","og_title":"RDC\u00a0: L\u2019AREP de Guy Loando lance la p\u00e9tition contre la balkanisation - Infos Droits Humains","og_description":"R\u00e9daction :+243817406088 Dire non \u00e0 la balkanisation de la R\u00e9publique D\u00e9mocratique du Congo et inviter...","og_url":"https:\/\/infos-droitshumains.net\/?p=6676","og_site_name":"Infos Droits Humains","article_published_time":"2023-03-07T12:10:29+00:00","article_modified_time":"2023-03-07T12:19:39+00:00","og_image":[{"width":783,"height":391,"url":"https:\/\/i0.wp.com\/infos-droitshumains.net\/wp-content\/uploads\/2023\/03\/images-1_2.jpeg?fit=783%2C391&ssl=1","type":"image\/jpeg"}],"author":"Jo\u00ebl Diawa","twitter_card":"summary_large_image","twitter_misc":{"\u00c9crit par":"Jo\u00ebl Diawa","Dur\u00e9e de lecture estim\u00e9e":"2 minutes"},"schema":{"@context":"https:\/\/schema.org","@graph":[{"@type":"Article","@id":"https:\/\/infos-droitshumains.net\/?p=6676#article","isPartOf":{"@id":"https:\/\/infos-droitshumains.net\/?p=6676"},"author":{"name":"Jo\u00ebl Diawa","@id":"https:\/\/infos-droitshumains.net\/#\/schema\/person\/3dc5e921c3302172e0ed4362f96faab7"},"headline":"RDC\u00a0: L\u2019AREP de Guy Loando lance la p\u00e9tition contre la balkanisation","datePublished":"2023-03-07T12:10:29+00:00","dateModified":"2023-03-07T12:19:39+00:00","mainEntityOfPage":{"@id":"https:\/\/infos-droitshumains.net\/?p=6676"},"wordCount":498,"commentCount":0,"publisher":{"@id":"https:\/\/infos-droitshumains.net\/#organization"},"image":{"@id":"https:\/\/infos-droitshumains.net\/?p=6676#primaryimage"},"thumbnailUrl":"https:\/\/i0.wp.com\/infos-droitshumains.net\/wp-content\/uploads\/2023\/03\/images-1_2.jpeg?fit=783%2C391&ssl=1","articleSection":["Politique"],"inLanguage":"fr-FR","potentialAction":[{"@type":"CommentAction","name":"Comment","target":["https:\/\/infos-droitshumains.net\/?p=6676#respond"]}]},{"@type":"WebPage","@id":"https:\/\/infos-droitshumains.net\/?p=6676","url":"https:\/\/infos-droitshumains.net\/?p=6676","name":"RDC\u00a0: L\u2019AREP de Guy Loando lance la p\u00e9tition contre la balkanisation - Infos Droits Humains","isPartOf":{"@id":"https:\/\/infos-droitshumains.net\/#website"},"primaryImageOfPage":{"@id":"https:\/\/infos-droitshumains.net\/?p=6676#primaryimage"},"image":{"@id":"https:\/\/infos-droitshumains.net\/?p=6676#primaryimage"},"thumbnailUrl":"https:\/\/i0.wp.com\/infos-droitshumains.net\/wp-content\/uploads\/2023\/03\/images-1_2.jpeg?fit=783%2C391&ssl=1","datePublished":"2023-03-07T12:10:29+00:00","dateModified":"2023-03-07T12:19:39+00:00","breadcrumb":{"@id":"https:\/\/infos-droitshumains.net\/?p=6676#breadcrumb"},"inLanguage":"fr-FR","potentialAction":[{"@type":"ReadAction","target":["https:\/\/infos-droitshumains.net\/?p=6676"]}]},{"@type":"ImageObject","inLanguage":"fr-FR","@id":"https:\/\/infos-droitshumains.net\/?p=6676#primaryimage","url":"https:\/\/i0.wp.com\/infos-droitshumains.net\/wp-content\/uploads\/2023\/03\/images-1_2.jpeg?fit=783%2C391&ssl=1","contentUrl":"https:\/\/i0.wp.com\/infos-droitshumains.net\/wp-content\/uploads\/2023\/03\/images-1_2.jpeg?fit=783%2C391&ssl=1","width":783,"height":391},{"@type":"BreadcrumbList","@id":"https:\/\/infos-droitshumains.net\/?p=6676#breadcrumb","itemListElement":[{"@type":"ListItem","position":1,"name":"Accueil","item":"https:\/\/infos-droitshumains.net\/"},{"@type":"ListItem","position":2,"name":"RDC\u00a0: L\u2019AREP de Guy Loando lance la p\u00e9tition contre la balkanisation"}]},{"@type":"WebSite","@id":"https:\/\/infos-droitshumains.net\/#website","url":"https:\/\/infos-droitshumains.net\/","name":"Infos Droits Humains","description":"S&#039;informer est un droit","publisher":{"@id":"https:\/\/infos-droitshumains.net\/#organization"},"potentialAction":[{"@type":"SearchAction","target":{"@type":"EntryPoint","urlTemplate":"https:\/\/infos-droitshumains.net\/?s={search_term_string}"},"query-input":{"@type":"PropertyValueSpecification","valueRequired":true,"valueName":"search_term_string"}}],"inLanguage":"fr-FR"},{"@type":"Organization","@id":"https:\/\/infos-droitshumains.net\/#organization","name":"Infos Droits Humains","url":"https:\/\/infos-droitshumains.net\/","logo":{"@type":"ImageObject","inLanguage":"fr-FR","@id":"https:\/\/infos-droitshumains.net\/#\/schema\/logo\/image\/","url":"https:\/\/i0.wp.com\/infos-droitshumains.net\/wp-content\/uploads\/2022\/05\/Logo.png?fit=333%2C129&ssl=1","contentUrl":"https:\/\/i0.wp.com\/infos-droitshumains.net\/wp-content\/uploads\/2022\/05\/Logo.png?fit=333%2C129&ssl=1","width":333,"height":129,"caption":"Infos Droits Humains"},"image":{"@id":"https:\/\/infos-droitshumains.net\/#\/schema\/logo\/image\/"}},{"@type":"Person","@id":"https:\/\/infos-droitshumains.net\/#\/schema\/person\/3dc5e921c3302172e0ed4362f96faab7","name":"Jo\u00ebl Diawa","image":{"@type":"ImageObject","inLanguage":"fr-FR","@id":"https:\/\/secure.gravatar.com\/avatar\/729bea6ff4604c624417803c477363be8e3c7186deaa65713313f9b4b820f41c?s=96&d=mm&r=g","url":"https:\/\/secure.gravatar.com\/avatar\/729bea6ff4604c624417803c477363be8e3c7186deaa65713313f9b4b820f41c?s=96&d=mm&r=g","contentUrl":"https:\/\/secure.gravatar.com\/avatar\/729bea6ff4604c624417803c477363be8e3c7186deaa65713313f9b4b820f41c?s=96&d=mm&r=g","caption":"Jo\u00ebl Diawa"},"sameAs":["https:\/\/www.infos-droitshumains.net"],"url":"https:\/\/infos-droitshumains.net\/?author=2"}]}},"featured_image_urls":{"full":["https:\/\/i0.wp.com\/infos-droitshumains.net\/wp-content\/uploads\/2023\/03\/images-1_2.jpeg?fit=783%2C391&ssl=1",783,391,false],"thumbnail":["https:\/\/i0.wp.com\/infos-droitshumains.net\/wp-content\/uploads\/2023\/03\/images-1_2.jpeg?resize=150%2C150&ssl=1",150,150,true],"medium":["https:\/\/i0.wp.com\/infos-droitshumains.net\/wp-content\/uploads\/2023\/03\/images-1_2.jpeg?fit=300%2C150&ssl=1",300,150,true],"medium_large":["https:\/\/i0.wp.com\/infos-droitshumains.net\/wp-content\/uploads\/2023\/03\/images-1_2.jpeg?fit=640%2C320&ssl=1",640,320,true],"large":["https:\/\/i0.wp.com\/infos-droitshumains.net\/wp-content\/uploads\/2023\/03\/images-1_2.jpeg?fit=640%2C320&ssl=1",640,320,true],"1536x1536":["https:\/\/i0.wp.com\/infos-droitshumains.net\/wp-content\/uploads\/2023\/03\/images-1_2.jpeg?fit=783%2C391&ssl=1",783,391,true],"2048x2048":["https:\/\/i0.wp.com\/infos-droitshumains.net\/wp-content\/uploads\/2023\/03\/images-1_2.jpeg?fit=783%2C391&ssl=1",783,391,true],"covernews-slider-full":["https:\/\/i0.wp.com\/infos-droitshumains.net\/wp-content\/uploads\/2023\/03\/images-1_2.jpeg?resize=783%2C391&ssl=1",783,391,true],"covernews-slider-center":["https:\/\/i0.wp.com\/infos-droitshumains.net\/wp-content\/uploads\/2023\/03\/images-1_2.jpeg?resize=783%2C391&ssl=1",783,391,true],"covernews-featured":["https:\/\/i0.wp.com\/infos-droitshumains.net\/wp-content\/uploads\/2023\/03\/images-1_2.jpeg?fit=783%2C391&ssl=1",783,391,true],"covernews-medium":["https:\/\/i0.wp.com\/infos-droitshumains.net\/wp-content\/uploads\/2023\/03\/images-1_2.jpeg?resize=540%2C340&ssl=1",540,340,true],"covernews-medium-square":["https:\/\/i0.wp.com\/infos-droitshumains.net\/wp-content\/uploads\/2023\/03\/images-1_2.jpeg?resize=400%2C250&ssl=1",400,250,true]},"author_info":{"display_name":"Jo\u00ebl Diawa","author_link":"https:\/\/infos-droitshumains.net\/?author=2"},"category_info":"<a href=\"https:\/\/infos-droitshumains.net\/?cat=3\" rel=\"category\">Politique<\/a>","tag_info":"Politique","comment_count":"0","jetpack_featured_media_url":"https:\/\/i0.wp.com\/infos-droitshumains.net\/wp-content\/uploads\/2023\/03\/images-1_2.jpeg?fit=783%2C391&ssl=1","jetpack-related-posts":[],"jetpack_sharing_enabled":true,"_links":{"self":[{"href":"https:\/\/infos-droitshumains.net\/index.php?rest_route=\/wp\/v2\/posts\/6676","targetHints":{"allow":["GET"]}}],"collection":[{"href":"https:\/\/infos-droitshumains.net\/index.php?rest_route=\/wp\/v2\/posts"}],"about":[{"href":"https:\/\/infos-droitshumains.net\/index.php?rest_route=\/wp\/v2\/types\/post"}],"author":[{"embeddable":true,"href":"https:\/\/infos-droitshumains.net\/index.php?rest_route=\/wp\/v2\/users\/2"}],"replies":[{"embeddable":true,"href":"https:\/\/infos-droitshumains.net\/index.php?rest_route=%2Fwp%2Fv2%2Fcomments&post=6676"}],"version-history":[{"count":2,"href":"https:\/\/infos-droitshumains.net\/index.php?rest_route=\/wp\/v2\/posts\/6676\/revisions"}],"predecessor-version":[{"id":6678,"href":"https:\/\/infos-droitshumains.net\/index.php?rest_route=\/wp\/v2\/posts\/6676\/revisions\/6678"}],"wp:featuredmedia":[{"embeddable":true,"href":"https:\/\/infos-droitshumains.net\/index.php?rest_route=\/wp\/v2\/media\/6679"}],"wp:attachment":[{"href":"https:\/\/infos-droitshumains.net\/index.php?rest_route=%2Fwp%2Fv2%2Fmedia&parent=6676"}],"wp:term":[{"taxonomy":"category","embeddable":true,"href":"https:\/\/infos-droitshumains.net\/index.php?rest_route=%2Fwp%2Fv2%2Fcategories&post=6676"},{"taxonomy":"post_tag","embeddable":true,"href":"https:\/\/infos-droitshumains.net\/index.php?rest_route=%2Fwp%2Fv2%2Ftags&post=6676"}],"curies":[{"name":"wp","href":"https:\/\/api.w.org\/{rel}","templated":true}]}}