{"id":667,"date":"2021-08-06T22:32:06","date_gmt":"2021-08-06T20:32:06","guid":{"rendered":"https:\/\/www.infos-droitshumains.net\/?p=667"},"modified":"2023-04-06T12:11:45","modified_gmt":"2023-04-06T10:11:45","slug":"transco-a-cause-de-sa-capacite-manageriale-le-nouveau-directeur-general-ai-deja-victime-dun-chantage","status":"publish","type":"post","link":"https:\/\/infos-droitshumains.net\/?p=667","title":{"rendered":"Transco : \u00c0 cause de ses capacit\u00e9s manag\u00e9riale, le nouveau Directeur G\u00e9n\u00e9ral ai d\u00e9j\u00e0 victime d&rsquo;un chantage"},"content":{"rendered":"\n<p> <\/p>\n\n\n\n<p>Trois jours seulement apr\u00e8s sa prise des fonctions en qualit\u00e9 de Directeur G\u00e9n\u00e9ral ai de la soci\u00e9t\u00e9 Transport au Congo, TRANSCO,  Chief Tshipamba s&rsquo;attire d\u00e9j\u00e0 la foudre de ennemis de la bonne gouvernance et des personnes qui ne jurent qu&rsquo;\u00e0 l&rsquo;extinction de cette soci\u00e9t\u00e9.<\/p>\n\n\n\n<p>D&rsquo;apr\u00e8s un m\u00e9dia visiblement manipul\u00e9 pour le besoin de la cause, Chief Tshipamba Ngambamalu n\u2019\u00e9tant ni cadre, ni agent \u00e0 Transco avant sa nomination, ne pouvait donc pas \u00eatre d\u00e9sign\u00e9 \u00e0 ce poste.<\/p>\n\n\n\n<p>Sans citer un seul soubassement l\u00e9gal, ce m\u00e9dia pr\u00e9tend que \u00ab\u00a0le ministre sectoriel ne peut d\u00e9signer qu\u2019un Directeur ou un autre cadre sup\u00e9rieur pour occuper les fonctions de PCA, DG ou DGA ai d\u2019un \u00e9tablissement public en cas de suspension des membres du Conseil d\u2019Administration ou de la Direction G\u00e9n\u00e9rale. Seul le Pr\u00e9sident de la R\u00e9publique a la comp\u00e9tence de nommer une personne ext\u00e9rieure par Ordonnance pr\u00e9sidentielle.<\/p>\n\n\n\n<p>Infosdroitshumains.net a interrog\u00e9 la loi pour couper court \u00e0 cette pol\u00e9mique st\u00e9rile et de nature \u00e0 porter atteinte \u00e0 la dignit\u00e9 non seulement de Chief Tshipamba, mais \u00e9galement du chef de l&rsquo;\u00c9tat, le premier ministre et le ministre de transport qui ont plac\u00e9 leurs confiance en lui.<\/p>\n\n\n\n<p>En effet, le d\u00e9cret num\u00e9ro 13\/001 du 10 janvier 2013 portant Statut d&rsquo;un \u00e9tablissement public d\u00e9nomm\u00e9 Transport au Congo est clair en la mati\u00e8re et clos le d\u00e9bat.<\/p>\n\n\n\n<p>Dans l&rsquo;alin\u00e9a premier de son article 12, ce d\u00e9cret stipule : \u00a0\u00bb <em>La Direction G\u00e9n\u00e9rale de TRANSCO est assur\u00e9e par un Directeur G\u00e9n\u00e9ral assist\u00e9 par un Directeur G\u00e9n\u00e9ral adjoint, tous nomm\u00e9s, relev\u00e9s de leurs fonctions et le cas \u00e9ch\u00e9ant, r\u00e9voqu\u00e9s par ordonnance du pr\u00e9sident de la r\u00e9publique, sur proposition du gouvernement d\u00e9lib\u00e9r\u00e9e en conseil de ministre\u00a0\u00bb<\/em> .<\/p>\n\n\n\n<p>L&rsquo;Alin\u00e9a 3 poursuit : <em>\u00ab\u00a0Ils ne peuvent \u00eatre suspendu que par arr\u00eat\u00e9 du ministre de tutelle qui en informe le gouvernement\u00a0\u00bb<\/em> <\/p>\n\n\n\n<p>Nul part cette loi dit que l&rsquo;int\u00e9rim doit \u00eatre assurer par un agent ou un cadre de la soci\u00e9t\u00e9, cela rel\u00e8ve d&rsquo;une imagination st\u00e9rile.<\/p>\n\n\n\n<p>Les pseudos juristes qui ont maniganc\u00e9 cet article invectif cherchent les poux sur la t\u00eate d&rsquo;un chauve.<\/p>\n\n\n\n<p>Le chien aboit, la caravane passe, Chief Tshipamba Pamba a d\u00e9j\u00e0 pos\u00e9 les jalons pour le d\u00e9collage de cet \u00e9tablissement public moribond. Il vient de trouver une solution pour les 9 fois d&rsquo;arri\u00e9r\u00e9s de salaire des agents et il est parvenu \u00e0 instaurer la bancarisation de la paie de ces agents.<\/p>\n\n\n\n<p>La R\u00e9daction : +243 81740 60 88<\/p>\n","protected":false},"excerpt":{"rendered":"<p>Trois jours seulement apr\u00e8s sa prise des fonctions en qualit\u00e9 de Directeur G\u00e9n\u00e9ral ai de&#8230;<\/p>\n","protected":false},"author":2,"featured_media":0,"comment_status":"open","ping_status":"open","sticky":false,"template":"","format":"standard","meta":{"_jetpack_memberships_contains_paid_content":false,"footnotes":""},"categories":[1],"tags":[],"class_list":["post-667","post","type-post","status-publish","format-standard","hentry","category-non-classe"],"yoast_head":"<!-- This site is optimized with the Yoast SEO plugin v27.5 - https:\/\/yoast.com\/product\/yoast-seo-wordpress\/ -->\n<title>Transco : \u00c0 cause de ses capacit\u00e9s manag\u00e9riale, le nouveau Directeur G\u00e9n\u00e9ral ai d\u00e9j\u00e0 victime d&#039;un chantage - Infos Droits Humains<\/title>\n<meta name=\"robots\" content=\"index, follow, max-snippet:-1, max-image-preview:large, max-video-preview:-1\" \/>\n<link rel=\"canonical\" href=\"https:\/\/infos-droitshumains.net\/?p=667\" \/>\n<meta property=\"og:locale\" content=\"fr_FR\" \/>\n<meta property=\"og:type\" content=\"article\" \/>\n<meta property=\"og:title\" content=\"Transco : \u00c0 cause de ses capacit\u00e9s manag\u00e9riale, le nouveau Directeur G\u00e9n\u00e9ral ai d\u00e9j\u00e0 victime d&#039;un chantage - Infos Droits Humains\" \/>\n<meta property=\"og:description\" content=\"Trois jours seulement apr\u00e8s sa prise des fonctions en qualit\u00e9 de Directeur G\u00e9n\u00e9ral ai de...\" \/>\n<meta property=\"og:url\" content=\"https:\/\/infos-droitshumains.net\/?p=667\" \/>\n<meta property=\"og:site_name\" content=\"Infos Droits Humains\" \/>\n<meta property=\"article:published_time\" content=\"2021-08-06T20:32:06+00:00\" \/>\n<meta property=\"article:modified_time\" content=\"2023-04-06T10:11:45+00:00\" \/>\n<meta name=\"author\" content=\"Jo\u00ebl Diawa\" \/>\n<meta name=\"twitter:card\" content=\"summary_large_image\" \/>\n<meta name=\"twitter:label1\" content=\"\u00c9crit par\" \/>\n\t<meta name=\"twitter:data1\" content=\"Jo\u00ebl Diawa\" \/>\n\t<meta name=\"twitter:label2\" content=\"Dur\u00e9e de lecture estim\u00e9e\" \/>\n\t<meta name=\"twitter:data2\" content=\"2 minutes\" \/>\n<script type=\"application\/ld+json\" class=\"yoast-schema-graph\">{\"@context\":\"https:\\\/\\\/schema.org\",\"@graph\":[{\"@type\":\"Article\",\"@id\":\"https:\\\/\\\/infos-droitshumains.net\\\/?p=667#article\",\"isPartOf\":{\"@id\":\"https:\\\/\\\/infos-droitshumains.net\\\/?p=667\"},\"author\":{\"name\":\"Jo\u00ebl Diawa\",\"@id\":\"https:\\\/\\\/infos-droitshumains.net\\\/#\\\/schema\\\/person\\\/3dc5e921c3302172e0ed4362f96faab7\"},\"headline\":\"Transco : \u00c0 cause de ses capacit\u00e9s manag\u00e9riale, le nouveau Directeur G\u00e9n\u00e9ral ai d\u00e9j\u00e0 victime d&rsquo;un chantage\",\"datePublished\":\"2021-08-06T20:32:06+00:00\",\"dateModified\":\"2023-04-06T10:11:45+00:00\",\"mainEntityOfPage\":{\"@id\":\"https:\\\/\\\/infos-droitshumains.net\\\/?p=667\"},\"wordCount\":460,\"commentCount\":0,\"publisher\":{\"@id\":\"https:\\\/\\\/infos-droitshumains.net\\\/#organization\"},\"inLanguage\":\"fr-FR\",\"potentialAction\":[{\"@type\":\"CommentAction\",\"name\":\"Comment\",\"target\":[\"https:\\\/\\\/infos-droitshumains.net\\\/?p=667#respond\"]}]},{\"@type\":\"WebPage\",\"@id\":\"https:\\\/\\\/infos-droitshumains.net\\\/?p=667\",\"url\":\"https:\\\/\\\/infos-droitshumains.net\\\/?p=667\",\"name\":\"Transco : \u00c0 cause de ses capacit\u00e9s manag\u00e9riale, le nouveau Directeur G\u00e9n\u00e9ral ai d\u00e9j\u00e0 victime d'un chantage - Infos Droits Humains\",\"isPartOf\":{\"@id\":\"https:\\\/\\\/infos-droitshumains.net\\\/#website\"},\"datePublished\":\"2021-08-06T20:32:06+00:00\",\"dateModified\":\"2023-04-06T10:11:45+00:00\",\"breadcrumb\":{\"@id\":\"https:\\\/\\\/infos-droitshumains.net\\\/?p=667#breadcrumb\"},\"inLanguage\":\"fr-FR\",\"potentialAction\":[{\"@type\":\"ReadAction\",\"target\":[\"https:\\\/\\\/infos-droitshumains.net\\\/?p=667\"]}]},{\"@type\":\"BreadcrumbList\",\"@id\":\"https:\\\/\\\/infos-droitshumains.net\\\/?p=667#breadcrumb\",\"itemListElement\":[{\"@type\":\"ListItem\",\"position\":1,\"name\":\"Accueil\",\"item\":\"https:\\\/\\\/infos-droitshumains.net\\\/\"},{\"@type\":\"ListItem\",\"position\":2,\"name\":\"Transco : \u00c0 cause de ses capacit\u00e9s manag\u00e9riale, le nouveau Directeur G\u00e9n\u00e9ral ai d\u00e9j\u00e0 victime d&rsquo;un chantage\"}]},{\"@type\":\"WebSite\",\"@id\":\"https:\\\/\\\/infos-droitshumains.net\\\/#website\",\"url\":\"https:\\\/\\\/infos-droitshumains.net\\\/\",\"name\":\"Infos Droits Humains\",\"description\":\"S&#039;informer est un droit\",\"publisher\":{\"@id\":\"https:\\\/\\\/infos-droitshumains.net\\\/#organization\"},\"potentialAction\":[{\"@type\":\"SearchAction\",\"target\":{\"@type\":\"EntryPoint\",\"urlTemplate\":\"https:\\\/\\\/infos-droitshumains.net\\\/?s={search_term_string}\"},\"query-input\":{\"@type\":\"PropertyValueSpecification\",\"valueRequired\":true,\"valueName\":\"search_term_string\"}}],\"inLanguage\":\"fr-FR\"},{\"@type\":\"Organization\",\"@id\":\"https:\\\/\\\/infos-droitshumains.net\\\/#organization\",\"name\":\"Infos Droits Humains\",\"url\":\"https:\\\/\\\/infos-droitshumains.net\\\/\",\"logo\":{\"@type\":\"ImageObject\",\"inLanguage\":\"fr-FR\",\"@id\":\"https:\\\/\\\/infos-droitshumains.net\\\/#\\\/schema\\\/logo\\\/image\\\/\",\"url\":\"https:\\\/\\\/i0.wp.com\\\/infos-droitshumains.net\\\/wp-content\\\/uploads\\\/2022\\\/05\\\/Logo.png?fit=333%2C129&ssl=1\",\"contentUrl\":\"https:\\\/\\\/i0.wp.com\\\/infos-droitshumains.net\\\/wp-content\\\/uploads\\\/2022\\\/05\\\/Logo.png?fit=333%2C129&ssl=1\",\"width\":333,\"height\":129,\"caption\":\"Infos Droits Humains\"},\"image\":{\"@id\":\"https:\\\/\\\/infos-droitshumains.net\\\/#\\\/schema\\\/logo\\\/image\\\/\"}},{\"@type\":\"Person\",\"@id\":\"https:\\\/\\\/infos-droitshumains.net\\\/#\\\/schema\\\/person\\\/3dc5e921c3302172e0ed4362f96faab7\",\"name\":\"Jo\u00ebl Diawa\",\"image\":{\"@type\":\"ImageObject\",\"inLanguage\":\"fr-FR\",\"@id\":\"https:\\\/\\\/secure.gravatar.com\\\/avatar\\\/729bea6ff4604c624417803c477363be8e3c7186deaa65713313f9b4b820f41c?s=96&d=mm&r=g\",\"url\":\"https:\\\/\\\/secure.gravatar.com\\\/avatar\\\/729bea6ff4604c624417803c477363be8e3c7186deaa65713313f9b4b820f41c?s=96&d=mm&r=g\",\"contentUrl\":\"https:\\\/\\\/secure.gravatar.com\\\/avatar\\\/729bea6ff4604c624417803c477363be8e3c7186deaa65713313f9b4b820f41c?s=96&d=mm&r=g\",\"caption\":\"Jo\u00ebl Diawa\"},\"sameAs\":[\"https:\\\/\\\/www.infos-droitshumains.net\"],\"url\":\"https:\\\/\\\/infos-droitshumains.net\\\/?author=2\"}]}<\/script>\n<!-- \/ Yoast SEO plugin. -->","yoast_head_json":{"title":"Transco : \u00c0 cause de ses capacit\u00e9s manag\u00e9riale, le nouveau Directeur G\u00e9n\u00e9ral ai d\u00e9j\u00e0 victime d'un chantage - Infos Droits Humains","robots":{"index":"index","follow":"follow","max-snippet":"max-snippet:-1","max-image-preview":"max-image-preview:large","max-video-preview":"max-video-preview:-1"},"canonical":"https:\/\/infos-droitshumains.net\/?p=667","og_locale":"fr_FR","og_type":"article","og_title":"Transco : \u00c0 cause de ses capacit\u00e9s manag\u00e9riale, le nouveau Directeur G\u00e9n\u00e9ral ai d\u00e9j\u00e0 victime d'un chantage - Infos Droits Humains","og_description":"Trois jours seulement apr\u00e8s sa prise des fonctions en qualit\u00e9 de Directeur G\u00e9n\u00e9ral ai de...","og_url":"https:\/\/infos-droitshumains.net\/?p=667","og_site_name":"Infos Droits Humains","article_published_time":"2021-08-06T20:32:06+00:00","article_modified_time":"2023-04-06T10:11:45+00:00","author":"Jo\u00ebl Diawa","twitter_card":"summary_large_image","twitter_misc":{"\u00c9crit par":"Jo\u00ebl Diawa","Dur\u00e9e de lecture estim\u00e9e":"2 minutes"},"schema":{"@context":"https:\/\/schema.org","@graph":[{"@type":"Article","@id":"https:\/\/infos-droitshumains.net\/?p=667#article","isPartOf":{"@id":"https:\/\/infos-droitshumains.net\/?p=667"},"author":{"name":"Jo\u00ebl Diawa","@id":"https:\/\/infos-droitshumains.net\/#\/schema\/person\/3dc5e921c3302172e0ed4362f96faab7"},"headline":"Transco : \u00c0 cause de ses capacit\u00e9s manag\u00e9riale, le nouveau Directeur G\u00e9n\u00e9ral ai d\u00e9j\u00e0 victime d&rsquo;un chantage","datePublished":"2021-08-06T20:32:06+00:00","dateModified":"2023-04-06T10:11:45+00:00","mainEntityOfPage":{"@id":"https:\/\/infos-droitshumains.net\/?p=667"},"wordCount":460,"commentCount":0,"publisher":{"@id":"https:\/\/infos-droitshumains.net\/#organization"},"inLanguage":"fr-FR","potentialAction":[{"@type":"CommentAction","name":"Comment","target":["https:\/\/infos-droitshumains.net\/?p=667#respond"]}]},{"@type":"WebPage","@id":"https:\/\/infos-droitshumains.net\/?p=667","url":"https:\/\/infos-droitshumains.net\/?p=667","name":"Transco : \u00c0 cause de ses capacit\u00e9s manag\u00e9riale, le nouveau Directeur G\u00e9n\u00e9ral ai d\u00e9j\u00e0 victime d'un chantage - Infos Droits Humains","isPartOf":{"@id":"https:\/\/infos-droitshumains.net\/#website"},"datePublished":"2021-08-06T20:32:06+00:00","dateModified":"2023-04-06T10:11:45+00:00","breadcrumb":{"@id":"https:\/\/infos-droitshumains.net\/?p=667#breadcrumb"},"inLanguage":"fr-FR","potentialAction":[{"@type":"ReadAction","target":["https:\/\/infos-droitshumains.net\/?p=667"]}]},{"@type":"BreadcrumbList","@id":"https:\/\/infos-droitshumains.net\/?p=667#breadcrumb","itemListElement":[{"@type":"ListItem","position":1,"name":"Accueil","item":"https:\/\/infos-droitshumains.net\/"},{"@type":"ListItem","position":2,"name":"Transco : \u00c0 cause de ses capacit\u00e9s manag\u00e9riale, le nouveau Directeur G\u00e9n\u00e9ral ai d\u00e9j\u00e0 victime d&rsquo;un chantage"}]},{"@type":"WebSite","@id":"https:\/\/infos-droitshumains.net\/#website","url":"https:\/\/infos-droitshumains.net\/","name":"Infos Droits Humains","description":"S&#039;informer est un droit","publisher":{"@id":"https:\/\/infos-droitshumains.net\/#organization"},"potentialAction":[{"@type":"SearchAction","target":{"@type":"EntryPoint","urlTemplate":"https:\/\/infos-droitshumains.net\/?s={search_term_string}"},"query-input":{"@type":"PropertyValueSpecification","valueRequired":true,"valueName":"search_term_string"}}],"inLanguage":"fr-FR"},{"@type":"Organization","@id":"https:\/\/infos-droitshumains.net\/#organization","name":"Infos Droits Humains","url":"https:\/\/infos-droitshumains.net\/","logo":{"@type":"ImageObject","inLanguage":"fr-FR","@id":"https:\/\/infos-droitshumains.net\/#\/schema\/logo\/image\/","url":"https:\/\/i0.wp.com\/infos-droitshumains.net\/wp-content\/uploads\/2022\/05\/Logo.png?fit=333%2C129&ssl=1","contentUrl":"https:\/\/i0.wp.com\/infos-droitshumains.net\/wp-content\/uploads\/2022\/05\/Logo.png?fit=333%2C129&ssl=1","width":333,"height":129,"caption":"Infos Droits Humains"},"image":{"@id":"https:\/\/infos-droitshumains.net\/#\/schema\/logo\/image\/"}},{"@type":"Person","@id":"https:\/\/infos-droitshumains.net\/#\/schema\/person\/3dc5e921c3302172e0ed4362f96faab7","name":"Jo\u00ebl Diawa","image":{"@type":"ImageObject","inLanguage":"fr-FR","@id":"https:\/\/secure.gravatar.com\/avatar\/729bea6ff4604c624417803c477363be8e3c7186deaa65713313f9b4b820f41c?s=96&d=mm&r=g","url":"https:\/\/secure.gravatar.com\/avatar\/729bea6ff4604c624417803c477363be8e3c7186deaa65713313f9b4b820f41c?s=96&d=mm&r=g","contentUrl":"https:\/\/secure.gravatar.com\/avatar\/729bea6ff4604c624417803c477363be8e3c7186deaa65713313f9b4b820f41c?s=96&d=mm&r=g","caption":"Jo\u00ebl Diawa"},"sameAs":["https:\/\/www.infos-droitshumains.net"],"url":"https:\/\/infos-droitshumains.net\/?author=2"}]}},"featured_image_urls":{"full":"","thumbnail":"","medium":"","medium_large":"","large":"","1536x1536":"","2048x2048":"","covernews-slider-full":"","covernews-slider-center":"","covernews-featured":"","covernews-medium":"","covernews-medium-square":""},"author_info":{"display_name":"Jo\u00ebl Diawa","author_link":"https:\/\/infos-droitshumains.net\/?author=2"},"category_info":"<a href=\"https:\/\/infos-droitshumains.net\/?cat=1\" rel=\"category\">Non class\u00e9<\/a>","tag_info":"Non class\u00e9","comment_count":"0","jetpack_featured_media_url":"","jetpack-related-posts":[],"jetpack_sharing_enabled":true,"_links":{"self":[{"href":"https:\/\/infos-droitshumains.net\/index.php?rest_route=\/wp\/v2\/posts\/667","targetHints":{"allow":["GET"]}}],"collection":[{"href":"https:\/\/infos-droitshumains.net\/index.php?rest_route=\/wp\/v2\/posts"}],"about":[{"href":"https:\/\/infos-droitshumains.net\/index.php?rest_route=\/wp\/v2\/types\/post"}],"author":[{"embeddable":true,"href":"https:\/\/infos-droitshumains.net\/index.php?rest_route=\/wp\/v2\/users\/2"}],"replies":[{"embeddable":true,"href":"https:\/\/infos-droitshumains.net\/index.php?rest_route=%2Fwp%2Fv2%2Fcomments&post=667"}],"version-history":[{"count":2,"href":"https:\/\/infos-droitshumains.net\/index.php?rest_route=\/wp\/v2\/posts\/667\/revisions"}],"predecessor-version":[{"id":669,"href":"https:\/\/infos-droitshumains.net\/index.php?rest_route=\/wp\/v2\/posts\/667\/revisions\/669"}],"wp:attachment":[{"href":"https:\/\/infos-droitshumains.net\/index.php?rest_route=%2Fwp%2Fv2%2Fmedia&parent=667"}],"wp:term":[{"taxonomy":"category","embeddable":true,"href":"https:\/\/infos-droitshumains.net\/index.php?rest_route=%2Fwp%2Fv2%2Fcategories&post=667"},{"taxonomy":"post_tag","embeddable":true,"href":"https:\/\/infos-droitshumains.net\/index.php?rest_route=%2Fwp%2Fv2%2Ftags&post=667"}],"curies":[{"name":"wp","href":"https:\/\/api.w.org\/{rel}","templated":true}]}}