{"id":6654,"date":"2023-03-02T14:36:37","date_gmt":"2023-03-02T13:36:37","guid":{"rendered":"https:\/\/infos-droitshumains.net\/?p=6654"},"modified":"2023-03-07T13:18:21","modified_gmt":"2023-03-07T12:18:21","slug":"visite-de-macron-en-rdc-cest-une-opportunite-a-ne-pas-gacher-pour-le-president-tshisekedi-sil-veut-maintenir-la-paix-a-lest-du-pays-laurent-tunina","status":"publish","type":"post","link":"https:\/\/infos-droitshumains.net\/?p=6654","title":{"rendered":"Visite de Macron en RDC : <em>\u00ab\u00a0C&rsquo;est une opportunit\u00e9 \u00e0 ne pas g\u00e2cher pour le pr\u00e9sident Tshisekedi s&rsquo;il veut maintenir la paix \u00e0 l&rsquo;Est du pays\u00a0\u00bb<\/em> (Laurent Tunina)"},"content":{"rendered":"\n<p><strong>R\u00e9daction :+243817406088<\/strong><\/p>\n\n\n\n<h3 class=\"wp-block-heading\">Emmanuel Macron est attendu \u00e0 Kinshasa ce vendredi 03 mars 2023, une \u00e9tape importante de sa visite en Afrique centrale selon l\u2019Elys\u00e9e au regard de la situation s\u00e9curitaire \u00e0 l\u2019Est de la R\u00e9publique D\u00e9mocratique du Congo.<\/h3>\n\n\n\n<p>Mais la visite du Pr\u00e9sident fran\u00e7ais au pays de F\u00e9lix Tshisekedi semble diviser l\u2019opinion. Si pour les uns, Macron ne peut&nbsp; pas \u00eatre le bienvenu \u00e0 Kinshasa du fait que <em>la France ne souhaite pas prendre de position claire sur la question de l\u2019agression rwandaise,<\/em>&nbsp;les autres estiment que l&rsquo;arriv\u00e9e d&rsquo;Emmanuel Macron est une opportunit\u00e9 \u00e0 capitaliser par le pr\u00e9sident de la RDC. C\u2019est le cas de Laurent Tunina. Pour le porte-parole du parti politique \u00c9nergie Nouvelle et sp\u00e9cialiste en politique internationale, cette visite vaut sur le sort de la situation s\u00e9curitaire \u00e0 l&rsquo;Est.<\/p>\n\n\n\n<p>Cet internationaliste de formation estime que le pr\u00e9sident de la RDC peut \u00e9galement, au cours de cette rencontre, sommer le pr\u00e9sident fran\u00e7ais d&rsquo;intention d&rsquo;attirer la Russie comme nouveau partenaire comme l&rsquo;ont fait d&rsquo;autres pays africains au cas o\u00f9 la France demeurerait le soutien du rwandais qui suppl\u00e9tive le M23 afin de mener l&rsquo;agression \u00e0 l&rsquo;Est de la RDC.<\/p>\n\n\n\n<p><em>\u00ab&nbsp;C&rsquo;est une opportunit\u00e9 \u00e0 ne pas g\u00e2cher pour le pr\u00e9sident Tshisekedi s&rsquo;il veut maintenir la paix \u00e0 l&rsquo;Est du pays. Le chef de l&rsquo;\u00c9tat congolais doit monter un discours persuasif devant son homologue fran\u00e7ais qui est un partenaire hautement strat\u00e9gique pour Paul Kagame en vue de le convaincre et renverser la tendance. Si nous avons la France qui est membre permanant du Conseil de S\u00e9curit\u00e9 de l&rsquo;ONU derri\u00e8re nous, le paradigme peut changer et \u00e7a va apporter le jus nouveau dans la situation s\u00e9curitaire \u00e0 l&rsquo;Est de la RDC&nbsp;\u00bb<\/em>, a affirm\u00e9 Laurent Tunina.<\/p>\n\n\n\n<p><em>\u00ab&nbsp;Actuellement, certains \u00c9tats africains se sont r\u00e9veill\u00e9s et b\u00e9n\u00e9ficient de l&rsquo;appui militaire de la soci\u00e9t\u00e9 russe Wagner.le pr\u00e9sident Tshisekedi peut aussi saisir ce changement de paradigme sur l&rsquo;\u00e9chiquier international pour traiter \u00e9gal \u00e0 \u00e9gal avec la R\u00e9publique fran\u00e7aise. Pourquoi pas hausser le ton pour lui dire que s&rsquo;il ne fait pas \u00e7a, nous allons prendre le chemin que d&rsquo;autres \u00c9tats africains ont eu \u00e0 prendre&nbsp;\u00bb<\/em>, a propos\u00e9 le porte-parole du parti cher \u00e0 Monsese Ngoya Junior-Mo\u00efse. Qui a en outre martel\u00e9 sur la nature du discours \u00e0 tenir devant le pr\u00e9sident fran\u00e7ais&nbsp;:<\/p>\n\n\n\n<p><em>\u00ab&nbsp;L&rsquo;\u00e9l\u00e9ment d\u00e9clencheur dans cette rencontre est le discours. Si le pr\u00e9sident Tshisekedi n\u00e9gocie mal, la situation s\u00e9curitaire \u00e0 l&rsquo;Est du pays va davantage se d\u00e9t\u00e9riorer&nbsp;\u00bb.<\/em><\/p>\n\n\n\n<p>La visite d\u2019Emmanuel Macron s&rsquo;inscrit dans le cadre du renforcement des relations diplomatiques entre les deux pays, notamment dans les secteurs de l&rsquo;environnement, d\u00e9fense et sant\u00e9.<\/p>\n\n\n\n<p>AM<\/p>\n","protected":false},"excerpt":{"rendered":"<p>R\u00e9daction :+243817406088 Emmanuel Macron est attendu \u00e0 Kinshasa ce vendredi 03 mars 2023, une \u00e9tape&#8230;<\/p>\n","protected":false},"author":2,"featured_media":6661,"comment_status":"open","ping_status":"open","sticky":false,"template":"","format":"standard","meta":{"_jetpack_memberships_contains_paid_content":false,"footnotes":""},"categories":[3],"tags":[],"class_list":["post-6654","post","type-post","status-publish","format-standard","has-post-thumbnail","hentry","category-politique"],"yoast_head":"<!-- This site is optimized with the Yoast SEO plugin v27.5 - https:\/\/yoast.com\/product\/yoast-seo-wordpress\/ -->\n<title>Visite de Macron en RDC : \u00ab\u00a0C&#039;est une opportunit\u00e9 \u00e0 ne pas g\u00e2cher pour le pr\u00e9sident Tshisekedi s&#039;il veut maintenir la paix \u00e0 l&#039;Est du pays\u00a0\u00bb (Laurent Tunina) - Infos Droits Humains<\/title>\n<meta name=\"robots\" content=\"index, follow, max-snippet:-1, max-image-preview:large, max-video-preview:-1\" \/>\n<link rel=\"canonical\" href=\"https:\/\/infos-droitshumains.net\/?p=6654\" \/>\n<meta property=\"og:locale\" content=\"fr_FR\" \/>\n<meta property=\"og:type\" content=\"article\" \/>\n<meta property=\"og:title\" content=\"Visite de Macron en RDC : \u00ab\u00a0C&#039;est une opportunit\u00e9 \u00e0 ne pas g\u00e2cher pour le pr\u00e9sident Tshisekedi s&#039;il veut maintenir la paix \u00e0 l&#039;Est du pays\u00a0\u00bb (Laurent Tunina) - Infos Droits Humains\" \/>\n<meta property=\"og:description\" content=\"R\u00e9daction :+243817406088 Emmanuel Macron est attendu \u00e0 Kinshasa ce vendredi 03 mars 2023, une \u00e9tape...\" \/>\n<meta property=\"og:url\" content=\"https:\/\/infos-droitshumains.net\/?p=6654\" \/>\n<meta property=\"og:site_name\" content=\"Infos Droits Humains\" \/>\n<meta property=\"article:published_time\" content=\"2023-03-02T13:36:37+00:00\" \/>\n<meta property=\"article:modified_time\" content=\"2023-03-07T12:18:21+00:00\" \/>\n<meta property=\"og:image\" content=\"https:\/\/i0.wp.com\/infos-droitshumains.net\/wp-content\/uploads\/2023\/03\/IMG-20230302-WA0034_1.jpg?fit=997%2C765&ssl=1\" \/>\n\t<meta property=\"og:image:width\" content=\"997\" \/>\n\t<meta property=\"og:image:height\" content=\"765\" \/>\n\t<meta property=\"og:image:type\" content=\"image\/jpeg\" \/>\n<meta name=\"author\" content=\"Jo\u00ebl Diawa\" \/>\n<meta name=\"twitter:card\" content=\"summary_large_image\" \/>\n<meta name=\"twitter:label1\" content=\"\u00c9crit par\" \/>\n\t<meta name=\"twitter:data1\" content=\"Jo\u00ebl Diawa\" \/>\n\t<meta name=\"twitter:label2\" content=\"Dur\u00e9e de lecture estim\u00e9e\" \/>\n\t<meta name=\"twitter:data2\" content=\"2 minutes\" \/>\n<script type=\"application\/ld+json\" class=\"yoast-schema-graph\">{\"@context\":\"https:\\\/\\\/schema.org\",\"@graph\":[{\"@type\":\"Article\",\"@id\":\"https:\\\/\\\/infos-droitshumains.net\\\/?p=6654#article\",\"isPartOf\":{\"@id\":\"https:\\\/\\\/infos-droitshumains.net\\\/?p=6654\"},\"author\":{\"name\":\"Jo\u00ebl Diawa\",\"@id\":\"https:\\\/\\\/infos-droitshumains.net\\\/#\\\/schema\\\/person\\\/3dc5e921c3302172e0ed4362f96faab7\"},\"headline\":\"Visite de Macron en RDC : \u00ab\u00a0C&rsquo;est une opportunit\u00e9 \u00e0 ne pas g\u00e2cher pour le pr\u00e9sident Tshisekedi s&rsquo;il veut maintenir la paix \u00e0 l&rsquo;Est du pays\u00a0\u00bb (Laurent Tunina)\",\"datePublished\":\"2023-03-02T13:36:37+00:00\",\"dateModified\":\"2023-03-07T12:18:21+00:00\",\"mainEntityOfPage\":{\"@id\":\"https:\\\/\\\/infos-droitshumains.net\\\/?p=6654\"},\"wordCount\":498,\"commentCount\":0,\"publisher\":{\"@id\":\"https:\\\/\\\/infos-droitshumains.net\\\/#organization\"},\"image\":{\"@id\":\"https:\\\/\\\/infos-droitshumains.net\\\/?p=6654#primaryimage\"},\"thumbnailUrl\":\"https:\\\/\\\/i0.wp.com\\\/infos-droitshumains.net\\\/wp-content\\\/uploads\\\/2023\\\/03\\\/IMG-20230302-WA0034_1.jpg?fit=997%2C765&ssl=1\",\"articleSection\":[\"Politique\"],\"inLanguage\":\"fr-FR\",\"potentialAction\":[{\"@type\":\"CommentAction\",\"name\":\"Comment\",\"target\":[\"https:\\\/\\\/infos-droitshumains.net\\\/?p=6654#respond\"]}]},{\"@type\":\"WebPage\",\"@id\":\"https:\\\/\\\/infos-droitshumains.net\\\/?p=6654\",\"url\":\"https:\\\/\\\/infos-droitshumains.net\\\/?p=6654\",\"name\":\"Visite de Macron en RDC : \u00ab\u00a0C'est une opportunit\u00e9 \u00e0 ne pas g\u00e2cher pour le pr\u00e9sident Tshisekedi s'il veut maintenir la paix \u00e0 l'Est du pays\u00a0\u00bb (Laurent Tunina) - Infos Droits Humains\",\"isPartOf\":{\"@id\":\"https:\\\/\\\/infos-droitshumains.net\\\/#website\"},\"primaryImageOfPage\":{\"@id\":\"https:\\\/\\\/infos-droitshumains.net\\\/?p=6654#primaryimage\"},\"image\":{\"@id\":\"https:\\\/\\\/infos-droitshumains.net\\\/?p=6654#primaryimage\"},\"thumbnailUrl\":\"https:\\\/\\\/i0.wp.com\\\/infos-droitshumains.net\\\/wp-content\\\/uploads\\\/2023\\\/03\\\/IMG-20230302-WA0034_1.jpg?fit=997%2C765&ssl=1\",\"datePublished\":\"2023-03-02T13:36:37+00:00\",\"dateModified\":\"2023-03-07T12:18:21+00:00\",\"breadcrumb\":{\"@id\":\"https:\\\/\\\/infos-droitshumains.net\\\/?p=6654#breadcrumb\"},\"inLanguage\":\"fr-FR\",\"potentialAction\":[{\"@type\":\"ReadAction\",\"target\":[\"https:\\\/\\\/infos-droitshumains.net\\\/?p=6654\"]}]},{\"@type\":\"ImageObject\",\"inLanguage\":\"fr-FR\",\"@id\":\"https:\\\/\\\/infos-droitshumains.net\\\/?p=6654#primaryimage\",\"url\":\"https:\\\/\\\/i0.wp.com\\\/infos-droitshumains.net\\\/wp-content\\\/uploads\\\/2023\\\/03\\\/IMG-20230302-WA0034_1.jpg?fit=997%2C765&ssl=1\",\"contentUrl\":\"https:\\\/\\\/i0.wp.com\\\/infos-droitshumains.net\\\/wp-content\\\/uploads\\\/2023\\\/03\\\/IMG-20230302-WA0034_1.jpg?fit=997%2C765&ssl=1\",\"width\":997,\"height\":765},{\"@type\":\"BreadcrumbList\",\"@id\":\"https:\\\/\\\/infos-droitshumains.net\\\/?p=6654#breadcrumb\",\"itemListElement\":[{\"@type\":\"ListItem\",\"position\":1,\"name\":\"Accueil\",\"item\":\"https:\\\/\\\/infos-droitshumains.net\\\/\"},{\"@type\":\"ListItem\",\"position\":2,\"name\":\"Visite de Macron en RDC : \u00ab\u00a0C&rsquo;est une opportunit\u00e9 \u00e0 ne pas g\u00e2cher pour le pr\u00e9sident Tshisekedi s&rsquo;il veut maintenir la paix \u00e0 l&rsquo;Est du pays\u00a0\u00bb (Laurent Tunina)\"}]},{\"@type\":\"WebSite\",\"@id\":\"https:\\\/\\\/infos-droitshumains.net\\\/#website\",\"url\":\"https:\\\/\\\/infos-droitshumains.net\\\/\",\"name\":\"Infos Droits Humains\",\"description\":\"S&#039;informer est un droit\",\"publisher\":{\"@id\":\"https:\\\/\\\/infos-droitshumains.net\\\/#organization\"},\"potentialAction\":[{\"@type\":\"SearchAction\",\"target\":{\"@type\":\"EntryPoint\",\"urlTemplate\":\"https:\\\/\\\/infos-droitshumains.net\\\/?s={search_term_string}\"},\"query-input\":{\"@type\":\"PropertyValueSpecification\",\"valueRequired\":true,\"valueName\":\"search_term_string\"}}],\"inLanguage\":\"fr-FR\"},{\"@type\":\"Organization\",\"@id\":\"https:\\\/\\\/infos-droitshumains.net\\\/#organization\",\"name\":\"Infos Droits Humains\",\"url\":\"https:\\\/\\\/infos-droitshumains.net\\\/\",\"logo\":{\"@type\":\"ImageObject\",\"inLanguage\":\"fr-FR\",\"@id\":\"https:\\\/\\\/infos-droitshumains.net\\\/#\\\/schema\\\/logo\\\/image\\\/\",\"url\":\"https:\\\/\\\/i0.wp.com\\\/infos-droitshumains.net\\\/wp-content\\\/uploads\\\/2022\\\/05\\\/Logo.png?fit=333%2C129&ssl=1\",\"contentUrl\":\"https:\\\/\\\/i0.wp.com\\\/infos-droitshumains.net\\\/wp-content\\\/uploads\\\/2022\\\/05\\\/Logo.png?fit=333%2C129&ssl=1\",\"width\":333,\"height\":129,\"caption\":\"Infos Droits Humains\"},\"image\":{\"@id\":\"https:\\\/\\\/infos-droitshumains.net\\\/#\\\/schema\\\/logo\\\/image\\\/\"}},{\"@type\":\"Person\",\"@id\":\"https:\\\/\\\/infos-droitshumains.net\\\/#\\\/schema\\\/person\\\/3dc5e921c3302172e0ed4362f96faab7\",\"name\":\"Jo\u00ebl Diawa\",\"image\":{\"@type\":\"ImageObject\",\"inLanguage\":\"fr-FR\",\"@id\":\"https:\\\/\\\/secure.gravatar.com\\\/avatar\\\/729bea6ff4604c624417803c477363be8e3c7186deaa65713313f9b4b820f41c?s=96&d=mm&r=g\",\"url\":\"https:\\\/\\\/secure.gravatar.com\\\/avatar\\\/729bea6ff4604c624417803c477363be8e3c7186deaa65713313f9b4b820f41c?s=96&d=mm&r=g\",\"contentUrl\":\"https:\\\/\\\/secure.gravatar.com\\\/avatar\\\/729bea6ff4604c624417803c477363be8e3c7186deaa65713313f9b4b820f41c?s=96&d=mm&r=g\",\"caption\":\"Jo\u00ebl Diawa\"},\"sameAs\":[\"https:\\\/\\\/www.infos-droitshumains.net\"],\"url\":\"https:\\\/\\\/infos-droitshumains.net\\\/?author=2\"}]}<\/script>\n<!-- \/ Yoast SEO plugin. -->","yoast_head_json":{"title":"Visite de Macron en RDC : \u00ab\u00a0C'est une opportunit\u00e9 \u00e0 ne pas g\u00e2cher pour le pr\u00e9sident Tshisekedi s'il veut maintenir la paix \u00e0 l'Est du pays\u00a0\u00bb (Laurent Tunina) - Infos Droits Humains","robots":{"index":"index","follow":"follow","max-snippet":"max-snippet:-1","max-image-preview":"max-image-preview:large","max-video-preview":"max-video-preview:-1"},"canonical":"https:\/\/infos-droitshumains.net\/?p=6654","og_locale":"fr_FR","og_type":"article","og_title":"Visite de Macron en RDC : \u00ab\u00a0C'est une opportunit\u00e9 \u00e0 ne pas g\u00e2cher pour le pr\u00e9sident Tshisekedi s'il veut maintenir la paix \u00e0 l'Est du pays\u00a0\u00bb (Laurent Tunina) - Infos Droits Humains","og_description":"R\u00e9daction :+243817406088 Emmanuel Macron est attendu \u00e0 Kinshasa ce vendredi 03 mars 2023, une \u00e9tape...","og_url":"https:\/\/infos-droitshumains.net\/?p=6654","og_site_name":"Infos Droits Humains","article_published_time":"2023-03-02T13:36:37+00:00","article_modified_time":"2023-03-07T12:18:21+00:00","og_image":[{"width":997,"height":765,"url":"https:\/\/i0.wp.com\/infos-droitshumains.net\/wp-content\/uploads\/2023\/03\/IMG-20230302-WA0034_1.jpg?fit=997%2C765&ssl=1","type":"image\/jpeg"}],"author":"Jo\u00ebl Diawa","twitter_card":"summary_large_image","twitter_misc":{"\u00c9crit par":"Jo\u00ebl Diawa","Dur\u00e9e de lecture estim\u00e9e":"2 minutes"},"schema":{"@context":"https:\/\/schema.org","@graph":[{"@type":"Article","@id":"https:\/\/infos-droitshumains.net\/?p=6654#article","isPartOf":{"@id":"https:\/\/infos-droitshumains.net\/?p=6654"},"author":{"name":"Jo\u00ebl Diawa","@id":"https:\/\/infos-droitshumains.net\/#\/schema\/person\/3dc5e921c3302172e0ed4362f96faab7"},"headline":"Visite de Macron en RDC : \u00ab\u00a0C&rsquo;est une opportunit\u00e9 \u00e0 ne pas g\u00e2cher pour le pr\u00e9sident Tshisekedi s&rsquo;il veut maintenir la paix \u00e0 l&rsquo;Est du pays\u00a0\u00bb (Laurent Tunina)","datePublished":"2023-03-02T13:36:37+00:00","dateModified":"2023-03-07T12:18:21+00:00","mainEntityOfPage":{"@id":"https:\/\/infos-droitshumains.net\/?p=6654"},"wordCount":498,"commentCount":0,"publisher":{"@id":"https:\/\/infos-droitshumains.net\/#organization"},"image":{"@id":"https:\/\/infos-droitshumains.net\/?p=6654#primaryimage"},"thumbnailUrl":"https:\/\/i0.wp.com\/infos-droitshumains.net\/wp-content\/uploads\/2023\/03\/IMG-20230302-WA0034_1.jpg?fit=997%2C765&ssl=1","articleSection":["Politique"],"inLanguage":"fr-FR","potentialAction":[{"@type":"CommentAction","name":"Comment","target":["https:\/\/infos-droitshumains.net\/?p=6654#respond"]}]},{"@type":"WebPage","@id":"https:\/\/infos-droitshumains.net\/?p=6654","url":"https:\/\/infos-droitshumains.net\/?p=6654","name":"Visite de Macron en RDC : \u00ab\u00a0C'est une opportunit\u00e9 \u00e0 ne pas g\u00e2cher pour le pr\u00e9sident Tshisekedi s'il veut maintenir la paix \u00e0 l'Est du pays\u00a0\u00bb (Laurent Tunina) - Infos Droits Humains","isPartOf":{"@id":"https:\/\/infos-droitshumains.net\/#website"},"primaryImageOfPage":{"@id":"https:\/\/infos-droitshumains.net\/?p=6654#primaryimage"},"image":{"@id":"https:\/\/infos-droitshumains.net\/?p=6654#primaryimage"},"thumbnailUrl":"https:\/\/i0.wp.com\/infos-droitshumains.net\/wp-content\/uploads\/2023\/03\/IMG-20230302-WA0034_1.jpg?fit=997%2C765&ssl=1","datePublished":"2023-03-02T13:36:37+00:00","dateModified":"2023-03-07T12:18:21+00:00","breadcrumb":{"@id":"https:\/\/infos-droitshumains.net\/?p=6654#breadcrumb"},"inLanguage":"fr-FR","potentialAction":[{"@type":"ReadAction","target":["https:\/\/infos-droitshumains.net\/?p=6654"]}]},{"@type":"ImageObject","inLanguage":"fr-FR","@id":"https:\/\/infos-droitshumains.net\/?p=6654#primaryimage","url":"https:\/\/i0.wp.com\/infos-droitshumains.net\/wp-content\/uploads\/2023\/03\/IMG-20230302-WA0034_1.jpg?fit=997%2C765&ssl=1","contentUrl":"https:\/\/i0.wp.com\/infos-droitshumains.net\/wp-content\/uploads\/2023\/03\/IMG-20230302-WA0034_1.jpg?fit=997%2C765&ssl=1","width":997,"height":765},{"@type":"BreadcrumbList","@id":"https:\/\/infos-droitshumains.net\/?p=6654#breadcrumb","itemListElement":[{"@type":"ListItem","position":1,"name":"Accueil","item":"https:\/\/infos-droitshumains.net\/"},{"@type":"ListItem","position":2,"name":"Visite de Macron en RDC : \u00ab\u00a0C&rsquo;est une opportunit\u00e9 \u00e0 ne pas g\u00e2cher pour le pr\u00e9sident Tshisekedi s&rsquo;il veut maintenir la paix \u00e0 l&rsquo;Est du pays\u00a0\u00bb (Laurent Tunina)"}]},{"@type":"WebSite","@id":"https:\/\/infos-droitshumains.net\/#website","url":"https:\/\/infos-droitshumains.net\/","name":"Infos Droits Humains","description":"S&#039;informer est un droit","publisher":{"@id":"https:\/\/infos-droitshumains.net\/#organization"},"potentialAction":[{"@type":"SearchAction","target":{"@type":"EntryPoint","urlTemplate":"https:\/\/infos-droitshumains.net\/?s={search_term_string}"},"query-input":{"@type":"PropertyValueSpecification","valueRequired":true,"valueName":"search_term_string"}}],"inLanguage":"fr-FR"},{"@type":"Organization","@id":"https:\/\/infos-droitshumains.net\/#organization","name":"Infos Droits Humains","url":"https:\/\/infos-droitshumains.net\/","logo":{"@type":"ImageObject","inLanguage":"fr-FR","@id":"https:\/\/infos-droitshumains.net\/#\/schema\/logo\/image\/","url":"https:\/\/i0.wp.com\/infos-droitshumains.net\/wp-content\/uploads\/2022\/05\/Logo.png?fit=333%2C129&ssl=1","contentUrl":"https:\/\/i0.wp.com\/infos-droitshumains.net\/wp-content\/uploads\/2022\/05\/Logo.png?fit=333%2C129&ssl=1","width":333,"height":129,"caption":"Infos Droits Humains"},"image":{"@id":"https:\/\/infos-droitshumains.net\/#\/schema\/logo\/image\/"}},{"@type":"Person","@id":"https:\/\/infos-droitshumains.net\/#\/schema\/person\/3dc5e921c3302172e0ed4362f96faab7","name":"Jo\u00ebl Diawa","image":{"@type":"ImageObject","inLanguage":"fr-FR","@id":"https:\/\/secure.gravatar.com\/avatar\/729bea6ff4604c624417803c477363be8e3c7186deaa65713313f9b4b820f41c?s=96&d=mm&r=g","url":"https:\/\/secure.gravatar.com\/avatar\/729bea6ff4604c624417803c477363be8e3c7186deaa65713313f9b4b820f41c?s=96&d=mm&r=g","contentUrl":"https:\/\/secure.gravatar.com\/avatar\/729bea6ff4604c624417803c477363be8e3c7186deaa65713313f9b4b820f41c?s=96&d=mm&r=g","caption":"Jo\u00ebl Diawa"},"sameAs":["https:\/\/www.infos-droitshumains.net"],"url":"https:\/\/infos-droitshumains.net\/?author=2"}]}},"featured_image_urls":{"full":["https:\/\/i0.wp.com\/infos-droitshumains.net\/wp-content\/uploads\/2023\/03\/IMG-20230302-WA0034_1.jpg?fit=997%2C765&ssl=1",997,765,false],"thumbnail":["https:\/\/i0.wp.com\/infos-droitshumains.net\/wp-content\/uploads\/2023\/03\/IMG-20230302-WA0034_1.jpg?resize=150%2C150&ssl=1",150,150,true],"medium":["https:\/\/i0.wp.com\/infos-droitshumains.net\/wp-content\/uploads\/2023\/03\/IMG-20230302-WA0034_1.jpg?fit=300%2C230&ssl=1",300,230,true],"medium_large":["https:\/\/i0.wp.com\/infos-droitshumains.net\/wp-content\/uploads\/2023\/03\/IMG-20230302-WA0034_1.jpg?fit=640%2C491&ssl=1",640,491,true],"large":["https:\/\/i0.wp.com\/infos-droitshumains.net\/wp-content\/uploads\/2023\/03\/IMG-20230302-WA0034_1.jpg?fit=640%2C491&ssl=1",640,491,true],"1536x1536":["https:\/\/i0.wp.com\/infos-droitshumains.net\/wp-content\/uploads\/2023\/03\/IMG-20230302-WA0034_1.jpg?fit=997%2C765&ssl=1",997,765,true],"2048x2048":["https:\/\/i0.wp.com\/infos-droitshumains.net\/wp-content\/uploads\/2023\/03\/IMG-20230302-WA0034_1.jpg?fit=997%2C765&ssl=1",997,765,true],"covernews-slider-full":["https:\/\/i0.wp.com\/infos-droitshumains.net\/wp-content\/uploads\/2023\/03\/IMG-20230302-WA0034_1.jpg?resize=997%2C715&ssl=1",997,715,true],"covernews-slider-center":["https:\/\/i0.wp.com\/infos-droitshumains.net\/wp-content\/uploads\/2023\/03\/IMG-20230302-WA0034_1.jpg?resize=800%2C500&ssl=1",800,500,true],"covernews-featured":["https:\/\/i0.wp.com\/infos-droitshumains.net\/wp-content\/uploads\/2023\/03\/IMG-20230302-WA0034_1.jpg?fit=997%2C765&ssl=1",997,765,true],"covernews-medium":["https:\/\/i0.wp.com\/infos-droitshumains.net\/wp-content\/uploads\/2023\/03\/IMG-20230302-WA0034_1.jpg?resize=540%2C340&ssl=1",540,340,true],"covernews-medium-square":["https:\/\/i0.wp.com\/infos-droitshumains.net\/wp-content\/uploads\/2023\/03\/IMG-20230302-WA0034_1.jpg?resize=400%2C250&ssl=1",400,250,true]},"author_info":{"display_name":"Jo\u00ebl Diawa","author_link":"https:\/\/infos-droitshumains.net\/?author=2"},"category_info":"<a href=\"https:\/\/infos-droitshumains.net\/?cat=3\" rel=\"category\">Politique<\/a>","tag_info":"Politique","comment_count":"0","jetpack_featured_media_url":"https:\/\/i0.wp.com\/infos-droitshumains.net\/wp-content\/uploads\/2023\/03\/IMG-20230302-WA0034_1.jpg?fit=997%2C765&ssl=1","jetpack-related-posts":[],"jetpack_sharing_enabled":true,"_links":{"self":[{"href":"https:\/\/infos-droitshumains.net\/index.php?rest_route=\/wp\/v2\/posts\/6654","targetHints":{"allow":["GET"]}}],"collection":[{"href":"https:\/\/infos-droitshumains.net\/index.php?rest_route=\/wp\/v2\/posts"}],"about":[{"href":"https:\/\/infos-droitshumains.net\/index.php?rest_route=\/wp\/v2\/types\/post"}],"author":[{"embeddable":true,"href":"https:\/\/infos-droitshumains.net\/index.php?rest_route=\/wp\/v2\/users\/2"}],"replies":[{"embeddable":true,"href":"https:\/\/infos-droitshumains.net\/index.php?rest_route=%2Fwp%2Fv2%2Fcomments&post=6654"}],"version-history":[{"count":5,"href":"https:\/\/infos-droitshumains.net\/index.php?rest_route=\/wp\/v2\/posts\/6654\/revisions"}],"predecessor-version":[{"id":6663,"href":"https:\/\/infos-droitshumains.net\/index.php?rest_route=\/wp\/v2\/posts\/6654\/revisions\/6663"}],"wp:featuredmedia":[{"embeddable":true,"href":"https:\/\/infos-droitshumains.net\/index.php?rest_route=\/wp\/v2\/media\/6661"}],"wp:attachment":[{"href":"https:\/\/infos-droitshumains.net\/index.php?rest_route=%2Fwp%2Fv2%2Fmedia&parent=6654"}],"wp:term":[{"taxonomy":"category","embeddable":true,"href":"https:\/\/infos-droitshumains.net\/index.php?rest_route=%2Fwp%2Fv2%2Fcategories&post=6654"},{"taxonomy":"post_tag","embeddable":true,"href":"https:\/\/infos-droitshumains.net\/index.php?rest_route=%2Fwp%2Fv2%2Ftags&post=6654"}],"curies":[{"name":"wp","href":"https:\/\/api.w.org\/{rel}","templated":true}]}}