{"id":6645,"date":"2023-03-02T12:06:11","date_gmt":"2023-03-02T11:06:11","guid":{"rendered":"https:\/\/infos-droitshumains.net\/?p=6645"},"modified":"2023-03-02T15:56:00","modified_gmt":"2023-03-02T14:56:00","slug":"kinshasa-deux-filles-mineures-violees-par-un-adjudant-au-cause-500-fc","status":"publish","type":"post","link":"https:\/\/infos-droitshumains.net\/?p=6645","title":{"rendered":"Kinshasa : Un adjudant accus\u00e9 de viol sur deux filles mineures \u00e0 cause 500 FC"},"content":{"rendered":"\n<p><strong>R\u00e9daction :+243817406088<\/strong><\/p>\n\n\n\n<p>C\u2019est une affaire qui s\u2019est produite dans la commune de Matete. Le nomm\u00e9 Kanasuko Funa Fran\u00e7ois \u00e2g\u00e9 de 67 ans, l\u2019adjudant aux Forces arm\u00e9es de la R\u00e9publique D\u00e9mocratique du Congo est poursuivi par l\u2019auditeur militaire de garnison pr\u00e8s le Tribunal Militaire de Garnison de Kinshasa\/Matete et la partie civile Ngalula pour viol sur deux filles mineures \u00e2g\u00e9es respectivement de 8 et 13 ans.<\/p>\n\n\n\n<p>Les faits remontent au mois de juillet 2021. Selon l\u2019organe poursuivant, le pr\u00e9venu Kanasuko Fran\u00e7ois a commis le viol sur ses deux &nbsp;filles en les enfermant dans sa maison alors qu\u2019elles avaient \u00e9t\u00e9 envoy\u00e9es par leur grand-m\u00e8re pour r\u00e9cup\u00e9rer la cr\u00e9ance de la boisson consomm\u00e9e par le pr\u00e9venu.<\/p>\n\n\n\n<p>Le tribunal militaire de garnison de Kinshasa\/Matete si\u00e9geant en foraine \u00e0 la prison militaire de Ndolo d\u00e9bute l\u2019instruction en posant quelques questions au pr\u00e9venu qui nie les accusations mises \u00e0 sa charge.<\/p>\n\n\n\n<p>Kanasuko Funa Fran\u00e7ois fait savoir au tribunal que les deux filles mineures n\u2019ont jamais \u00e9t\u00e9 chez lui pour r\u00e9cup\u00e9rer une quelconque cr\u00e9ance. Il soutient par contre que par moment, elles venaient solliciter de l\u2019aide financi\u00e8re quand elles n\u2019avaient pas de quoi manger.<\/p>\n\n\n\n<p>Le tribunal par l\u2019entremise de son pr\u00e9sident, le Colonel Alexis Luku Lukunku qui dirige les d\u00e9bats en toute s\u00e9r\u00e9nit\u00e9, fait venir la premi\u00e8re victime devant la barre, celle \u00e2g\u00e9e de 13 ans et la pose quelques questions sur les faits pour la confronter au pr\u00e9venu.<\/p>\n\n\n\n<figure class=\"wp-block-image alignfull size-full\"><img data-recalc-dims=\"1\" fetchpriority=\"high\" decoding=\"async\" width=\"640\" height=\"369\" src=\"https:\/\/i0.wp.com\/infos-droitshumains.net\/wp-content\/uploads\/2023\/03\/IMG-20230302-WA0012_1.jpg?resize=640%2C369&#038;ssl=1\" alt=\"\" class=\"wp-image-6669\" srcset=\"https:\/\/i0.wp.com\/infos-droitshumains.net\/wp-content\/uploads\/2023\/03\/IMG-20230302-WA0012_1.jpg?w=1000&amp;ssl=1 1000w, https:\/\/i0.wp.com\/infos-droitshumains.net\/wp-content\/uploads\/2023\/03\/IMG-20230302-WA0012_1.jpg?resize=300%2C173&amp;ssl=1 300w, https:\/\/i0.wp.com\/infos-droitshumains.net\/wp-content\/uploads\/2023\/03\/IMG-20230302-WA0012_1.jpg?resize=768%2C443&amp;ssl=1 768w\" sizes=\"(max-width: 640px) 100vw, 640px\" \/><\/figure>\n\n\n\n<p>Dans sa d\u00e9position, la victime soutient que le pr\u00e9venu \u00e9tait venu chez elles avec la tenue militaire pour acheter de la boisson pendant que elle, elle \u00e9tait commise \u00e0 la vente. Arriv\u00e9 sur le lieu, le pr\u00e9venu avait sollicit\u00e9 au responsable (la grand-m\u00e8re des victimes) de pouvoir lui faire suivre la boisson avec les deux filles. Chose qui fut fait \u00e0 en croire la victime&nbsp;; et c\u2019est plus tard que qu\u2019elle ira d\u00e9poser la boisson \u00e0 la maison de Fran\u00e7ois Kamasuka qui a par la suite, a abus\u00e9 d\u2019elles d\u2019abord sur la chaise et en suite, sur son lit.<\/p>\n\n\n\n<p>La victime poursuit sa d\u00e9position en affirmant que Fran\u00e7ois Kamasuka l\u2019avait pr\u00e9venus arme \u00e0 la main de ne dire \u00e0 personne sous peine de mort. C\u2019\u00e9tait la premi\u00e8re des quatre actes sexuels commis par le pr\u00e9venu. C\u2019est lors du dernier acte que la victime a constat\u00e9 le saignement a-t-elle affirm\u00e9 avant d\u2019en faire part \u00e0 ses s\u0153urs.<\/p>\n\n\n\n<p>Le tribunal confronte les d\u00e9clarations de la victime \u00e0 celles du pr\u00e9venu. Ce dernier rejette toutes les accusations mises \u00e0 sa charge. Le tribunal a toutefois constat\u00e9 la conformit\u00e9 de quelques d\u00e9postions des deux parties notamment concernant l\u2019emplacement et la disposition de la maison du pr\u00e9venu et les circonstances de son arrestation.<\/p>\n\n\n\n<p>Le tribunal va par suite confronter&nbsp; le pr\u00e9venu&nbsp; au proc\u00e8s-verbal de la&nbsp; phase pr\u00e9juridictionnelle o\u00f9 \u00e0 la question de savoir s\u2019il avait entretenu des relations sexuelles avec les victimes \u00e0 quatre reprises, il n\u2019aurait accept\u00e9 que deux fois. Mais en ce jour, Il reconnait sa signature mais nie les d\u00e9clarations y aff\u00e9rentes et d\u00e9clare qu\u2019il serait sous l\u2019\u00e9tat d\u2019ivresse au moment de la d\u00e9position pendant la phase pr\u00e9juridictionnelle.<\/p>\n\n\n\n<p>Son conseil rench\u00e9rit en \u00e9voquant les incoh\u00e9rences dans les d\u00e9clarations de la victime notamment sur le proc\u00e8s-verbal&nbsp; selon lesquelles, elle \u00e9tait menac\u00e9e avec une arme.<\/p>\n\n\n\n<p>Le tribunal a donc d\u00e9cid\u00e9 de renvoyer l\u2019affaire \u00e0 la huitaine pour la poursuite de l\u2019instruction.<\/p>\n\n\n\n<p>Merlin Kamalandua<\/p>\n","protected":false},"excerpt":{"rendered":"<p>R\u00e9daction :+243817406088 C\u2019est une affaire qui s\u2019est produite dans la commune de Matete. Le nomm\u00e9&#8230;<\/p>\n","protected":false},"author":2,"featured_media":6664,"comment_status":"open","ping_status":"open","sticky":false,"template":"","format":"standard","meta":{"_jetpack_memberships_contains_paid_content":false,"footnotes":""},"categories":[6],"tags":[],"class_list":["post-6645","post","type-post","status-publish","format-standard","has-post-thumbnail","hentry","category-justice"],"yoast_head":"<!-- This site is optimized with the Yoast SEO plugin v27.5 - https:\/\/yoast.com\/product\/yoast-seo-wordpress\/ -->\n<title>Kinshasa : Un adjudant accus\u00e9 de viol sur deux filles mineures \u00e0 cause 500 FC - Infos Droits Humains<\/title>\n<meta name=\"robots\" content=\"index, follow, max-snippet:-1, max-image-preview:large, max-video-preview:-1\" \/>\n<link rel=\"canonical\" href=\"https:\/\/infos-droitshumains.net\/?p=6645\" \/>\n<meta property=\"og:locale\" content=\"fr_FR\" \/>\n<meta property=\"og:type\" content=\"article\" \/>\n<meta property=\"og:title\" content=\"Kinshasa : Un adjudant accus\u00e9 de viol sur deux filles mineures \u00e0 cause 500 FC - Infos Droits Humains\" \/>\n<meta property=\"og:description\" content=\"R\u00e9daction :+243817406088 C\u2019est une affaire qui s\u2019est produite dans la commune de Matete. Le nomm\u00e9...\" \/>\n<meta property=\"og:url\" content=\"https:\/\/infos-droitshumains.net\/?p=6645\" \/>\n<meta property=\"og:site_name\" content=\"Infos Droits Humains\" \/>\n<meta property=\"article:published_time\" content=\"2023-03-02T11:06:11+00:00\" \/>\n<meta property=\"article:modified_time\" content=\"2023-03-02T14:56:00+00:00\" \/>\n<meta property=\"og:image\" content=\"https:\/\/i0.wp.com\/infos-droitshumains.net\/wp-content\/uploads\/2023\/03\/IMG-20230302-WA0010_1.jpg?fit=1000%2C577&ssl=1\" \/>\n\t<meta property=\"og:image:width\" content=\"1000\" \/>\n\t<meta property=\"og:image:height\" content=\"577\" \/>\n\t<meta property=\"og:image:type\" content=\"image\/jpeg\" \/>\n<meta name=\"author\" content=\"Jo\u00ebl Diawa\" \/>\n<meta name=\"twitter:card\" content=\"summary_large_image\" \/>\n<meta name=\"twitter:label1\" content=\"\u00c9crit par\" \/>\n\t<meta name=\"twitter:data1\" content=\"Jo\u00ebl Diawa\" \/>\n\t<meta name=\"twitter:label2\" content=\"Dur\u00e9e de lecture estim\u00e9e\" \/>\n\t<meta name=\"twitter:data2\" content=\"3 minutes\" \/>\n<script type=\"application\/ld+json\" class=\"yoast-schema-graph\">{\"@context\":\"https:\\\/\\\/schema.org\",\"@graph\":[{\"@type\":\"Article\",\"@id\":\"https:\\\/\\\/infos-droitshumains.net\\\/?p=6645#article\",\"isPartOf\":{\"@id\":\"https:\\\/\\\/infos-droitshumains.net\\\/?p=6645\"},\"author\":{\"name\":\"Jo\u00ebl Diawa\",\"@id\":\"https:\\\/\\\/infos-droitshumains.net\\\/#\\\/schema\\\/person\\\/3dc5e921c3302172e0ed4362f96faab7\"},\"headline\":\"Kinshasa : Un adjudant accus\u00e9 de viol sur deux filles mineures \u00e0 cause 500 FC\",\"datePublished\":\"2023-03-02T11:06:11+00:00\",\"dateModified\":\"2023-03-02T14:56:00+00:00\",\"mainEntityOfPage\":{\"@id\":\"https:\\\/\\\/infos-droitshumains.net\\\/?p=6645\"},\"wordCount\":640,\"commentCount\":0,\"publisher\":{\"@id\":\"https:\\\/\\\/infos-droitshumains.net\\\/#organization\"},\"image\":{\"@id\":\"https:\\\/\\\/infos-droitshumains.net\\\/?p=6645#primaryimage\"},\"thumbnailUrl\":\"https:\\\/\\\/i0.wp.com\\\/infos-droitshumains.net\\\/wp-content\\\/uploads\\\/2023\\\/03\\\/IMG-20230302-WA0010_1.jpg?fit=1000%2C577&ssl=1\",\"articleSection\":[\"Justice\"],\"inLanguage\":\"fr-FR\",\"potentialAction\":[{\"@type\":\"CommentAction\",\"name\":\"Comment\",\"target\":[\"https:\\\/\\\/infos-droitshumains.net\\\/?p=6645#respond\"]}]},{\"@type\":\"WebPage\",\"@id\":\"https:\\\/\\\/infos-droitshumains.net\\\/?p=6645\",\"url\":\"https:\\\/\\\/infos-droitshumains.net\\\/?p=6645\",\"name\":\"Kinshasa : Un adjudant accus\u00e9 de viol sur deux filles mineures \u00e0 cause 500 FC - Infos Droits Humains\",\"isPartOf\":{\"@id\":\"https:\\\/\\\/infos-droitshumains.net\\\/#website\"},\"primaryImageOfPage\":{\"@id\":\"https:\\\/\\\/infos-droitshumains.net\\\/?p=6645#primaryimage\"},\"image\":{\"@id\":\"https:\\\/\\\/infos-droitshumains.net\\\/?p=6645#primaryimage\"},\"thumbnailUrl\":\"https:\\\/\\\/i0.wp.com\\\/infos-droitshumains.net\\\/wp-content\\\/uploads\\\/2023\\\/03\\\/IMG-20230302-WA0010_1.jpg?fit=1000%2C577&ssl=1\",\"datePublished\":\"2023-03-02T11:06:11+00:00\",\"dateModified\":\"2023-03-02T14:56:00+00:00\",\"breadcrumb\":{\"@id\":\"https:\\\/\\\/infos-droitshumains.net\\\/?p=6645#breadcrumb\"},\"inLanguage\":\"fr-FR\",\"potentialAction\":[{\"@type\":\"ReadAction\",\"target\":[\"https:\\\/\\\/infos-droitshumains.net\\\/?p=6645\"]}]},{\"@type\":\"ImageObject\",\"inLanguage\":\"fr-FR\",\"@id\":\"https:\\\/\\\/infos-droitshumains.net\\\/?p=6645#primaryimage\",\"url\":\"https:\\\/\\\/i0.wp.com\\\/infos-droitshumains.net\\\/wp-content\\\/uploads\\\/2023\\\/03\\\/IMG-20230302-WA0010_1.jpg?fit=1000%2C577&ssl=1\",\"contentUrl\":\"https:\\\/\\\/i0.wp.com\\\/infos-droitshumains.net\\\/wp-content\\\/uploads\\\/2023\\\/03\\\/IMG-20230302-WA0010_1.jpg?fit=1000%2C577&ssl=1\",\"width\":1000,\"height\":577},{\"@type\":\"BreadcrumbList\",\"@id\":\"https:\\\/\\\/infos-droitshumains.net\\\/?p=6645#breadcrumb\",\"itemListElement\":[{\"@type\":\"ListItem\",\"position\":1,\"name\":\"Accueil\",\"item\":\"https:\\\/\\\/infos-droitshumains.net\\\/\"},{\"@type\":\"ListItem\",\"position\":2,\"name\":\"Kinshasa : Un adjudant accus\u00e9 de viol sur deux filles mineures \u00e0 cause 500 FC\"}]},{\"@type\":\"WebSite\",\"@id\":\"https:\\\/\\\/infos-droitshumains.net\\\/#website\",\"url\":\"https:\\\/\\\/infos-droitshumains.net\\\/\",\"name\":\"Infos Droits Humains\",\"description\":\"S&#039;informer est un droit\",\"publisher\":{\"@id\":\"https:\\\/\\\/infos-droitshumains.net\\\/#organization\"},\"potentialAction\":[{\"@type\":\"SearchAction\",\"target\":{\"@type\":\"EntryPoint\",\"urlTemplate\":\"https:\\\/\\\/infos-droitshumains.net\\\/?s={search_term_string}\"},\"query-input\":{\"@type\":\"PropertyValueSpecification\",\"valueRequired\":true,\"valueName\":\"search_term_string\"}}],\"inLanguage\":\"fr-FR\"},{\"@type\":\"Organization\",\"@id\":\"https:\\\/\\\/infos-droitshumains.net\\\/#organization\",\"name\":\"Infos Droits Humains\",\"url\":\"https:\\\/\\\/infos-droitshumains.net\\\/\",\"logo\":{\"@type\":\"ImageObject\",\"inLanguage\":\"fr-FR\",\"@id\":\"https:\\\/\\\/infos-droitshumains.net\\\/#\\\/schema\\\/logo\\\/image\\\/\",\"url\":\"https:\\\/\\\/i0.wp.com\\\/infos-droitshumains.net\\\/wp-content\\\/uploads\\\/2022\\\/05\\\/Logo.png?fit=333%2C129&ssl=1\",\"contentUrl\":\"https:\\\/\\\/i0.wp.com\\\/infos-droitshumains.net\\\/wp-content\\\/uploads\\\/2022\\\/05\\\/Logo.png?fit=333%2C129&ssl=1\",\"width\":333,\"height\":129,\"caption\":\"Infos Droits Humains\"},\"image\":{\"@id\":\"https:\\\/\\\/infos-droitshumains.net\\\/#\\\/schema\\\/logo\\\/image\\\/\"}},{\"@type\":\"Person\",\"@id\":\"https:\\\/\\\/infos-droitshumains.net\\\/#\\\/schema\\\/person\\\/3dc5e921c3302172e0ed4362f96faab7\",\"name\":\"Jo\u00ebl Diawa\",\"image\":{\"@type\":\"ImageObject\",\"inLanguage\":\"fr-FR\",\"@id\":\"https:\\\/\\\/secure.gravatar.com\\\/avatar\\\/729bea6ff4604c624417803c477363be8e3c7186deaa65713313f9b4b820f41c?s=96&d=mm&r=g\",\"url\":\"https:\\\/\\\/secure.gravatar.com\\\/avatar\\\/729bea6ff4604c624417803c477363be8e3c7186deaa65713313f9b4b820f41c?s=96&d=mm&r=g\",\"contentUrl\":\"https:\\\/\\\/secure.gravatar.com\\\/avatar\\\/729bea6ff4604c624417803c477363be8e3c7186deaa65713313f9b4b820f41c?s=96&d=mm&r=g\",\"caption\":\"Jo\u00ebl Diawa\"},\"sameAs\":[\"https:\\\/\\\/www.infos-droitshumains.net\"],\"url\":\"https:\\\/\\\/infos-droitshumains.net\\\/?author=2\"}]}<\/script>\n<!-- \/ Yoast SEO plugin. -->","yoast_head_json":{"title":"Kinshasa : Un adjudant accus\u00e9 de viol sur deux filles mineures \u00e0 cause 500 FC - Infos Droits Humains","robots":{"index":"index","follow":"follow","max-snippet":"max-snippet:-1","max-image-preview":"max-image-preview:large","max-video-preview":"max-video-preview:-1"},"canonical":"https:\/\/infos-droitshumains.net\/?p=6645","og_locale":"fr_FR","og_type":"article","og_title":"Kinshasa : Un adjudant accus\u00e9 de viol sur deux filles mineures \u00e0 cause 500 FC - Infos Droits Humains","og_description":"R\u00e9daction :+243817406088 C\u2019est une affaire qui s\u2019est produite dans la commune de Matete. Le nomm\u00e9...","og_url":"https:\/\/infos-droitshumains.net\/?p=6645","og_site_name":"Infos Droits Humains","article_published_time":"2023-03-02T11:06:11+00:00","article_modified_time":"2023-03-02T14:56:00+00:00","og_image":[{"width":1000,"height":577,"url":"https:\/\/i0.wp.com\/infos-droitshumains.net\/wp-content\/uploads\/2023\/03\/IMG-20230302-WA0010_1.jpg?fit=1000%2C577&ssl=1","type":"image\/jpeg"}],"author":"Jo\u00ebl Diawa","twitter_card":"summary_large_image","twitter_misc":{"\u00c9crit par":"Jo\u00ebl Diawa","Dur\u00e9e de lecture estim\u00e9e":"3 minutes"},"schema":{"@context":"https:\/\/schema.org","@graph":[{"@type":"Article","@id":"https:\/\/infos-droitshumains.net\/?p=6645#article","isPartOf":{"@id":"https:\/\/infos-droitshumains.net\/?p=6645"},"author":{"name":"Jo\u00ebl Diawa","@id":"https:\/\/infos-droitshumains.net\/#\/schema\/person\/3dc5e921c3302172e0ed4362f96faab7"},"headline":"Kinshasa : Un adjudant accus\u00e9 de viol sur deux filles mineures \u00e0 cause 500 FC","datePublished":"2023-03-02T11:06:11+00:00","dateModified":"2023-03-02T14:56:00+00:00","mainEntityOfPage":{"@id":"https:\/\/infos-droitshumains.net\/?p=6645"},"wordCount":640,"commentCount":0,"publisher":{"@id":"https:\/\/infos-droitshumains.net\/#organization"},"image":{"@id":"https:\/\/infos-droitshumains.net\/?p=6645#primaryimage"},"thumbnailUrl":"https:\/\/i0.wp.com\/infos-droitshumains.net\/wp-content\/uploads\/2023\/03\/IMG-20230302-WA0010_1.jpg?fit=1000%2C577&ssl=1","articleSection":["Justice"],"inLanguage":"fr-FR","potentialAction":[{"@type":"CommentAction","name":"Comment","target":["https:\/\/infos-droitshumains.net\/?p=6645#respond"]}]},{"@type":"WebPage","@id":"https:\/\/infos-droitshumains.net\/?p=6645","url":"https:\/\/infos-droitshumains.net\/?p=6645","name":"Kinshasa : Un adjudant accus\u00e9 de viol sur deux filles mineures \u00e0 cause 500 FC - Infos Droits Humains","isPartOf":{"@id":"https:\/\/infos-droitshumains.net\/#website"},"primaryImageOfPage":{"@id":"https:\/\/infos-droitshumains.net\/?p=6645#primaryimage"},"image":{"@id":"https:\/\/infos-droitshumains.net\/?p=6645#primaryimage"},"thumbnailUrl":"https:\/\/i0.wp.com\/infos-droitshumains.net\/wp-content\/uploads\/2023\/03\/IMG-20230302-WA0010_1.jpg?fit=1000%2C577&ssl=1","datePublished":"2023-03-02T11:06:11+00:00","dateModified":"2023-03-02T14:56:00+00:00","breadcrumb":{"@id":"https:\/\/infos-droitshumains.net\/?p=6645#breadcrumb"},"inLanguage":"fr-FR","potentialAction":[{"@type":"ReadAction","target":["https:\/\/infos-droitshumains.net\/?p=6645"]}]},{"@type":"ImageObject","inLanguage":"fr-FR","@id":"https:\/\/infos-droitshumains.net\/?p=6645#primaryimage","url":"https:\/\/i0.wp.com\/infos-droitshumains.net\/wp-content\/uploads\/2023\/03\/IMG-20230302-WA0010_1.jpg?fit=1000%2C577&ssl=1","contentUrl":"https:\/\/i0.wp.com\/infos-droitshumains.net\/wp-content\/uploads\/2023\/03\/IMG-20230302-WA0010_1.jpg?fit=1000%2C577&ssl=1","width":1000,"height":577},{"@type":"BreadcrumbList","@id":"https:\/\/infos-droitshumains.net\/?p=6645#breadcrumb","itemListElement":[{"@type":"ListItem","position":1,"name":"Accueil","item":"https:\/\/infos-droitshumains.net\/"},{"@type":"ListItem","position":2,"name":"Kinshasa : Un adjudant accus\u00e9 de viol sur deux filles mineures \u00e0 cause 500 FC"}]},{"@type":"WebSite","@id":"https:\/\/infos-droitshumains.net\/#website","url":"https:\/\/infos-droitshumains.net\/","name":"Infos Droits Humains","description":"S&#039;informer est un droit","publisher":{"@id":"https:\/\/infos-droitshumains.net\/#organization"},"potentialAction":[{"@type":"SearchAction","target":{"@type":"EntryPoint","urlTemplate":"https:\/\/infos-droitshumains.net\/?s={search_term_string}"},"query-input":{"@type":"PropertyValueSpecification","valueRequired":true,"valueName":"search_term_string"}}],"inLanguage":"fr-FR"},{"@type":"Organization","@id":"https:\/\/infos-droitshumains.net\/#organization","name":"Infos Droits Humains","url":"https:\/\/infos-droitshumains.net\/","logo":{"@type":"ImageObject","inLanguage":"fr-FR","@id":"https:\/\/infos-droitshumains.net\/#\/schema\/logo\/image\/","url":"https:\/\/i0.wp.com\/infos-droitshumains.net\/wp-content\/uploads\/2022\/05\/Logo.png?fit=333%2C129&ssl=1","contentUrl":"https:\/\/i0.wp.com\/infos-droitshumains.net\/wp-content\/uploads\/2022\/05\/Logo.png?fit=333%2C129&ssl=1","width":333,"height":129,"caption":"Infos Droits Humains"},"image":{"@id":"https:\/\/infos-droitshumains.net\/#\/schema\/logo\/image\/"}},{"@type":"Person","@id":"https:\/\/infos-droitshumains.net\/#\/schema\/person\/3dc5e921c3302172e0ed4362f96faab7","name":"Jo\u00ebl Diawa","image":{"@type":"ImageObject","inLanguage":"fr-FR","@id":"https:\/\/secure.gravatar.com\/avatar\/729bea6ff4604c624417803c477363be8e3c7186deaa65713313f9b4b820f41c?s=96&d=mm&r=g","url":"https:\/\/secure.gravatar.com\/avatar\/729bea6ff4604c624417803c477363be8e3c7186deaa65713313f9b4b820f41c?s=96&d=mm&r=g","contentUrl":"https:\/\/secure.gravatar.com\/avatar\/729bea6ff4604c624417803c477363be8e3c7186deaa65713313f9b4b820f41c?s=96&d=mm&r=g","caption":"Jo\u00ebl Diawa"},"sameAs":["https:\/\/www.infos-droitshumains.net"],"url":"https:\/\/infos-droitshumains.net\/?author=2"}]}},"featured_image_urls":{"full":["https:\/\/i0.wp.com\/infos-droitshumains.net\/wp-content\/uploads\/2023\/03\/IMG-20230302-WA0010_1.jpg?fit=1000%2C577&ssl=1",1000,577,false],"thumbnail":["https:\/\/i0.wp.com\/infos-droitshumains.net\/wp-content\/uploads\/2023\/03\/IMG-20230302-WA0010_1.jpg?resize=150%2C150&ssl=1",150,150,true],"medium":["https:\/\/i0.wp.com\/infos-droitshumains.net\/wp-content\/uploads\/2023\/03\/IMG-20230302-WA0010_1.jpg?fit=300%2C173&ssl=1",300,173,true],"medium_large":["https:\/\/i0.wp.com\/infos-droitshumains.net\/wp-content\/uploads\/2023\/03\/IMG-20230302-WA0010_1.jpg?fit=640%2C369&ssl=1",640,369,true],"large":["https:\/\/i0.wp.com\/infos-droitshumains.net\/wp-content\/uploads\/2023\/03\/IMG-20230302-WA0010_1.jpg?fit=640%2C369&ssl=1",640,369,true],"1536x1536":["https:\/\/i0.wp.com\/infos-droitshumains.net\/wp-content\/uploads\/2023\/03\/IMG-20230302-WA0010_1.jpg?fit=1000%2C577&ssl=1",1000,577,true],"2048x2048":["https:\/\/i0.wp.com\/infos-droitshumains.net\/wp-content\/uploads\/2023\/03\/IMG-20230302-WA0010_1.jpg?fit=1000%2C577&ssl=1",1000,577,true],"covernews-slider-full":["https:\/\/i0.wp.com\/infos-droitshumains.net\/wp-content\/uploads\/2023\/03\/IMG-20230302-WA0010_1.jpg?resize=1000%2C577&ssl=1",1000,577,true],"covernews-slider-center":["https:\/\/i0.wp.com\/infos-droitshumains.net\/wp-content\/uploads\/2023\/03\/IMG-20230302-WA0010_1.jpg?resize=800%2C500&ssl=1",800,500,true],"covernews-featured":["https:\/\/i0.wp.com\/infos-droitshumains.net\/wp-content\/uploads\/2023\/03\/IMG-20230302-WA0010_1.jpg?fit=1000%2C577&ssl=1",1000,577,true],"covernews-medium":["https:\/\/i0.wp.com\/infos-droitshumains.net\/wp-content\/uploads\/2023\/03\/IMG-20230302-WA0010_1.jpg?resize=540%2C340&ssl=1",540,340,true],"covernews-medium-square":["https:\/\/i0.wp.com\/infos-droitshumains.net\/wp-content\/uploads\/2023\/03\/IMG-20230302-WA0010_1.jpg?resize=400%2C250&ssl=1",400,250,true]},"author_info":{"display_name":"Jo\u00ebl Diawa","author_link":"https:\/\/infos-droitshumains.net\/?author=2"},"category_info":"<a href=\"https:\/\/infos-droitshumains.net\/?cat=6\" rel=\"category\">Justice<\/a>","tag_info":"Justice","comment_count":"0","jetpack_featured_media_url":"https:\/\/i0.wp.com\/infos-droitshumains.net\/wp-content\/uploads\/2023\/03\/IMG-20230302-WA0010_1.jpg?fit=1000%2C577&ssl=1","jetpack-related-posts":[],"jetpack_sharing_enabled":true,"_links":{"self":[{"href":"https:\/\/infos-droitshumains.net\/index.php?rest_route=\/wp\/v2\/posts\/6645","targetHints":{"allow":["GET"]}}],"collection":[{"href":"https:\/\/infos-droitshumains.net\/index.php?rest_route=\/wp\/v2\/posts"}],"about":[{"href":"https:\/\/infos-droitshumains.net\/index.php?rest_route=\/wp\/v2\/types\/post"}],"author":[{"embeddable":true,"href":"https:\/\/infos-droitshumains.net\/index.php?rest_route=\/wp\/v2\/users\/2"}],"replies":[{"embeddable":true,"href":"https:\/\/infos-droitshumains.net\/index.php?rest_route=%2Fwp%2Fv2%2Fcomments&post=6645"}],"version-history":[{"count":7,"href":"https:\/\/infos-droitshumains.net\/index.php?rest_route=\/wp\/v2\/posts\/6645\/revisions"}],"predecessor-version":[{"id":6673,"href":"https:\/\/infos-droitshumains.net\/index.php?rest_route=\/wp\/v2\/posts\/6645\/revisions\/6673"}],"wp:featuredmedia":[{"embeddable":true,"href":"https:\/\/infos-droitshumains.net\/index.php?rest_route=\/wp\/v2\/media\/6664"}],"wp:attachment":[{"href":"https:\/\/infos-droitshumains.net\/index.php?rest_route=%2Fwp%2Fv2%2Fmedia&parent=6645"}],"wp:term":[{"taxonomy":"category","embeddable":true,"href":"https:\/\/infos-droitshumains.net\/index.php?rest_route=%2Fwp%2Fv2%2Fcategories&post=6645"},{"taxonomy":"post_tag","embeddable":true,"href":"https:\/\/infos-droitshumains.net\/index.php?rest_route=%2Fwp%2Fv2%2Ftags&post=6645"}],"curies":[{"name":"wp","href":"https:\/\/api.w.org\/{rel}","templated":true}]}}