{"id":6639,"date":"2023-02-28T14:09:25","date_gmt":"2023-02-28T13:09:25","guid":{"rendered":"https:\/\/infos-droitshumains.net\/?p=6639"},"modified":"2023-02-28T14:41:20","modified_gmt":"2023-02-28T13:41:20","slug":"rdc-quelles-procedures-et-mecanismes-de-saisine-de-la-cour-constitutionnelle-en-cas-de-violation-des-droits-economiques-sociaux-et-culturels-le-bcnudh-offre-une-comprehension-partagee-aux-particip","status":"publish","type":"post","link":"https:\/\/infos-droitshumains.net\/?p=6639","title":{"rendered":"RDC : Quelles proc\u00e9dures et m\u00e9canismes de saisine de la Cour constitutionnelle en cas de violation des Droits \u00e9conomiques sociaux et culturels ? Le BCNUDH offre une compr\u00e9hension partag\u00e9e au cours d&rsquo;un atelier"},"content":{"rendered":"\n<p><strong>R\u00e9daction :+243817406088<\/strong><\/p>\n\n\n\n<p>Le rapport d\u2019\u00e9tude sur la justiciabilit\u00e9 des droits \u00e9conomiques, sociaux et culturels en R\u00e9publique D\u00e9mocratique du Congo a fait l\u2019objet d\u2019un atelier organis\u00e9 ce mardi, 28 f\u00e9vrier 2023 \u00e0 Kinshasa par le Bureau Conjoint des Nations Unies aux Droits de l\u2019Homme (BCNUDH).<\/p>\n\n\n\n<p>A en croire Erica Bussey, Directrice Adjointe du BCNUDH, les droits \u00e9conomiques, sociaux et culturels sont n\u00e9cessaires dans la mesure o\u00f9 ils sont <em>\u00ab\u00a0l\u2019expression juridique de ceux dont l\u2019\u00eatre humain a besoin pour mener une vie digne, pleinement humaine\u00a0\u00bb.<\/em> Leur r\u00e9alisation progressive contribuera \u00e0 la paix, mais Erica Bussey regrette le fait de constater que ces droits ne soient pas respect\u00e9s en RDC.<\/p>\n\n\n\n<p><em>\u00ab&nbsp;Dans le contexte de la RDC, les indicateurs du d\u00e9veloppement humain sont pendants, s\u2019agissant de la n\u00e9cessit\u00e9 d\u2019am\u00e9liorer les conditions de vie des populations. Aussi, la stabilisation et la consolidation de la paix passent n\u00e9cessairement par la satisfaction progressive des droits \u00e9conomiques, sociaux et culturels&nbsp;\u00bb,<\/em> a-t-elle dit.<\/p>\n\n\n\n<p>Auteur de cette \u00e9tude, le professeur Jean-Louis Esambo Kangashe a, \u00e0 travers cette d\u00e9marche, voulu offrir aux citoyens congolais les possibilit\u00e9s du droit \u00e0 un recours effectif en cas de violations des droits \u00e9conomiques sociaux et culturels et d\u2019accompagner les institutions nationales de promotion et de protection des droits de l\u2019homme dans l\u2019accomplissement de leurs obligations relatives \u00e0 cette cat\u00e9gorie de droits.<\/p>\n\n\n\n<p><em>\u00ab&nbsp;Au-del\u00e0 du contr\u00f4le de constitutionnalit\u00e9, n\u2019y a-t-il pas possibilit\u00e9 de frapper \u00e0 la porte du Procureur G\u00e9n\u00e9ral pr\u00e8s la Cour Constitutionnelle pour que cette autorit\u00e9 puisse mettre en mouvement l\u2019action publique en cas des violations de ces droits&nbsp;\u00bb<\/em>, s\u2019est interrog\u00e9 le professeur Jean-Louis Esambo.<\/p>\n\n\n\n<p>Cet atelier a vis\u00e9 \u00e0 \u00e9changer sur les dispositions constitutionnelles et l\u00e9gales relatives \u00e0 la justiciabilit\u00e9 des droits \u00e9conomiques, sociaux et culturels, d\u00e9gager une compr\u00e9hension partag\u00e9e de la proc\u00e9dure et des m\u00e9canismes de saisine de la Cour constitutionnelle en cas de violation des droits \u00e9conomiques, sociaux et culturels&nbsp;et susciter une jurisprudence fructueuse de la Cour Constitutionnelle.<\/p>\n\n\n\n<p>AM<\/p>\n","protected":false},"excerpt":{"rendered":"<p>R\u00e9daction :+243817406088 Le rapport d\u2019\u00e9tude sur la justiciabilit\u00e9 des droits \u00e9conomiques, sociaux et culturels en&#8230;<\/p>\n","protected":false},"author":2,"featured_media":6642,"comment_status":"open","ping_status":"open","sticky":false,"template":"","format":"standard","meta":{"_jetpack_memberships_contains_paid_content":false,"footnotes":""},"categories":[7],"tags":[],"class_list":["post-6639","post","type-post","status-publish","format-standard","has-post-thumbnail","hentry","category-droits-humains"],"yoast_head":"<!-- This site is optimized with the Yoast SEO plugin v27.5 - https:\/\/yoast.com\/product\/yoast-seo-wordpress\/ -->\n<title>RDC : Quelles proc\u00e9dures et m\u00e9canismes de saisine de la Cour constitutionnelle en cas de violation des Droits \u00e9conomiques sociaux et culturels ? Le BCNUDH offre une compr\u00e9hension partag\u00e9e au cours d&#039;un atelier - Infos Droits Humains<\/title>\n<meta name=\"robots\" content=\"index, follow, max-snippet:-1, max-image-preview:large, max-video-preview:-1\" \/>\n<link rel=\"canonical\" href=\"https:\/\/infos-droitshumains.net\/?p=6639\" \/>\n<meta property=\"og:locale\" content=\"fr_FR\" \/>\n<meta property=\"og:type\" content=\"article\" \/>\n<meta property=\"og:title\" content=\"RDC : Quelles proc\u00e9dures et m\u00e9canismes de saisine de la Cour constitutionnelle en cas de violation des Droits \u00e9conomiques sociaux et culturels ? Le BCNUDH offre une compr\u00e9hension partag\u00e9e au cours d&#039;un atelier - Infos Droits Humains\" \/>\n<meta property=\"og:description\" content=\"R\u00e9daction :+243817406088 Le rapport d\u2019\u00e9tude sur la justiciabilit\u00e9 des droits \u00e9conomiques, sociaux et culturels en...\" \/>\n<meta property=\"og:url\" content=\"https:\/\/infos-droitshumains.net\/?p=6639\" \/>\n<meta property=\"og:site_name\" content=\"Infos Droits Humains\" \/>\n<meta property=\"article:published_time\" content=\"2023-02-28T13:09:25+00:00\" \/>\n<meta property=\"article:modified_time\" content=\"2023-02-28T13:41:20+00:00\" \/>\n<meta property=\"og:image\" content=\"https:\/\/i0.wp.com\/infos-droitshumains.net\/wp-content\/uploads\/2023\/02\/IMG-20230228-WA0012_1.jpg?fit=1040%2C780&ssl=1\" \/>\n\t<meta property=\"og:image:width\" content=\"1040\" \/>\n\t<meta property=\"og:image:height\" content=\"780\" \/>\n\t<meta property=\"og:image:type\" content=\"image\/jpeg\" \/>\n<meta name=\"author\" content=\"Jo\u00ebl Diawa\" \/>\n<meta name=\"twitter:card\" content=\"summary_large_image\" \/>\n<meta name=\"twitter:label1\" content=\"\u00c9crit par\" \/>\n\t<meta name=\"twitter:data1\" content=\"Jo\u00ebl Diawa\" \/>\n\t<meta name=\"twitter:label2\" content=\"Dur\u00e9e de lecture estim\u00e9e\" \/>\n\t<meta name=\"twitter:data2\" content=\"2 minutes\" \/>\n<script type=\"application\/ld+json\" class=\"yoast-schema-graph\">{\"@context\":\"https:\\\/\\\/schema.org\",\"@graph\":[{\"@type\":\"Article\",\"@id\":\"https:\\\/\\\/infos-droitshumains.net\\\/?p=6639#article\",\"isPartOf\":{\"@id\":\"https:\\\/\\\/infos-droitshumains.net\\\/?p=6639\"},\"author\":{\"name\":\"Jo\u00ebl Diawa\",\"@id\":\"https:\\\/\\\/infos-droitshumains.net\\\/#\\\/schema\\\/person\\\/3dc5e921c3302172e0ed4362f96faab7\"},\"headline\":\"RDC : Quelles proc\u00e9dures et m\u00e9canismes de saisine de la Cour constitutionnelle en cas de violation des Droits \u00e9conomiques sociaux et culturels ? Le BCNUDH offre une compr\u00e9hension partag\u00e9e au cours d&rsquo;un atelier\",\"datePublished\":\"2023-02-28T13:09:25+00:00\",\"dateModified\":\"2023-02-28T13:41:20+00:00\",\"mainEntityOfPage\":{\"@id\":\"https:\\\/\\\/infos-droitshumains.net\\\/?p=6639\"},\"wordCount\":385,\"commentCount\":0,\"publisher\":{\"@id\":\"https:\\\/\\\/infos-droitshumains.net\\\/#organization\"},\"image\":{\"@id\":\"https:\\\/\\\/infos-droitshumains.net\\\/?p=6639#primaryimage\"},\"thumbnailUrl\":\"https:\\\/\\\/i0.wp.com\\\/infos-droitshumains.net\\\/wp-content\\\/uploads\\\/2023\\\/02\\\/IMG-20230228-WA0012_1.jpg?fit=1040%2C780&ssl=1\",\"articleSection\":[\"Droits Humains\"],\"inLanguage\":\"fr-FR\",\"potentialAction\":[{\"@type\":\"CommentAction\",\"name\":\"Comment\",\"target\":[\"https:\\\/\\\/infos-droitshumains.net\\\/?p=6639#respond\"]}]},{\"@type\":\"WebPage\",\"@id\":\"https:\\\/\\\/infos-droitshumains.net\\\/?p=6639\",\"url\":\"https:\\\/\\\/infos-droitshumains.net\\\/?p=6639\",\"name\":\"RDC : Quelles proc\u00e9dures et m\u00e9canismes de saisine de la Cour constitutionnelle en cas de violation des Droits \u00e9conomiques sociaux et culturels ? Le BCNUDH offre une compr\u00e9hension partag\u00e9e au cours d'un atelier - Infos Droits Humains\",\"isPartOf\":{\"@id\":\"https:\\\/\\\/infos-droitshumains.net\\\/#website\"},\"primaryImageOfPage\":{\"@id\":\"https:\\\/\\\/infos-droitshumains.net\\\/?p=6639#primaryimage\"},\"image\":{\"@id\":\"https:\\\/\\\/infos-droitshumains.net\\\/?p=6639#primaryimage\"},\"thumbnailUrl\":\"https:\\\/\\\/i0.wp.com\\\/infos-droitshumains.net\\\/wp-content\\\/uploads\\\/2023\\\/02\\\/IMG-20230228-WA0012_1.jpg?fit=1040%2C780&ssl=1\",\"datePublished\":\"2023-02-28T13:09:25+00:00\",\"dateModified\":\"2023-02-28T13:41:20+00:00\",\"breadcrumb\":{\"@id\":\"https:\\\/\\\/infos-droitshumains.net\\\/?p=6639#breadcrumb\"},\"inLanguage\":\"fr-FR\",\"potentialAction\":[{\"@type\":\"ReadAction\",\"target\":[\"https:\\\/\\\/infos-droitshumains.net\\\/?p=6639\"]}]},{\"@type\":\"ImageObject\",\"inLanguage\":\"fr-FR\",\"@id\":\"https:\\\/\\\/infos-droitshumains.net\\\/?p=6639#primaryimage\",\"url\":\"https:\\\/\\\/i0.wp.com\\\/infos-droitshumains.net\\\/wp-content\\\/uploads\\\/2023\\\/02\\\/IMG-20230228-WA0012_1.jpg?fit=1040%2C780&ssl=1\",\"contentUrl\":\"https:\\\/\\\/i0.wp.com\\\/infos-droitshumains.net\\\/wp-content\\\/uploads\\\/2023\\\/02\\\/IMG-20230228-WA0012_1.jpg?fit=1040%2C780&ssl=1\",\"width\":1040,\"height\":780},{\"@type\":\"BreadcrumbList\",\"@id\":\"https:\\\/\\\/infos-droitshumains.net\\\/?p=6639#breadcrumb\",\"itemListElement\":[{\"@type\":\"ListItem\",\"position\":1,\"name\":\"Accueil\",\"item\":\"https:\\\/\\\/infos-droitshumains.net\\\/\"},{\"@type\":\"ListItem\",\"position\":2,\"name\":\"RDC : Quelles proc\u00e9dures et m\u00e9canismes de saisine de la Cour constitutionnelle en cas de violation des Droits \u00e9conomiques sociaux et culturels ? Le BCNUDH offre une compr\u00e9hension partag\u00e9e au cours d&rsquo;un atelier\"}]},{\"@type\":\"WebSite\",\"@id\":\"https:\\\/\\\/infos-droitshumains.net\\\/#website\",\"url\":\"https:\\\/\\\/infos-droitshumains.net\\\/\",\"name\":\"Infos Droits Humains\",\"description\":\"S&#039;informer est un droit\",\"publisher\":{\"@id\":\"https:\\\/\\\/infos-droitshumains.net\\\/#organization\"},\"potentialAction\":[{\"@type\":\"SearchAction\",\"target\":{\"@type\":\"EntryPoint\",\"urlTemplate\":\"https:\\\/\\\/infos-droitshumains.net\\\/?s={search_term_string}\"},\"query-input\":{\"@type\":\"PropertyValueSpecification\",\"valueRequired\":true,\"valueName\":\"search_term_string\"}}],\"inLanguage\":\"fr-FR\"},{\"@type\":\"Organization\",\"@id\":\"https:\\\/\\\/infos-droitshumains.net\\\/#organization\",\"name\":\"Infos Droits Humains\",\"url\":\"https:\\\/\\\/infos-droitshumains.net\\\/\",\"logo\":{\"@type\":\"ImageObject\",\"inLanguage\":\"fr-FR\",\"@id\":\"https:\\\/\\\/infos-droitshumains.net\\\/#\\\/schema\\\/logo\\\/image\\\/\",\"url\":\"https:\\\/\\\/i0.wp.com\\\/infos-droitshumains.net\\\/wp-content\\\/uploads\\\/2022\\\/05\\\/Logo.png?fit=333%2C129&ssl=1\",\"contentUrl\":\"https:\\\/\\\/i0.wp.com\\\/infos-droitshumains.net\\\/wp-content\\\/uploads\\\/2022\\\/05\\\/Logo.png?fit=333%2C129&ssl=1\",\"width\":333,\"height\":129,\"caption\":\"Infos Droits Humains\"},\"image\":{\"@id\":\"https:\\\/\\\/infos-droitshumains.net\\\/#\\\/schema\\\/logo\\\/image\\\/\"}},{\"@type\":\"Person\",\"@id\":\"https:\\\/\\\/infos-droitshumains.net\\\/#\\\/schema\\\/person\\\/3dc5e921c3302172e0ed4362f96faab7\",\"name\":\"Jo\u00ebl Diawa\",\"image\":{\"@type\":\"ImageObject\",\"inLanguage\":\"fr-FR\",\"@id\":\"https:\\\/\\\/secure.gravatar.com\\\/avatar\\\/729bea6ff4604c624417803c477363be8e3c7186deaa65713313f9b4b820f41c?s=96&d=mm&r=g\",\"url\":\"https:\\\/\\\/secure.gravatar.com\\\/avatar\\\/729bea6ff4604c624417803c477363be8e3c7186deaa65713313f9b4b820f41c?s=96&d=mm&r=g\",\"contentUrl\":\"https:\\\/\\\/secure.gravatar.com\\\/avatar\\\/729bea6ff4604c624417803c477363be8e3c7186deaa65713313f9b4b820f41c?s=96&d=mm&r=g\",\"caption\":\"Jo\u00ebl Diawa\"},\"sameAs\":[\"https:\\\/\\\/www.infos-droitshumains.net\"],\"url\":\"https:\\\/\\\/infos-droitshumains.net\\\/?author=2\"}]}<\/script>\n<!-- \/ Yoast SEO plugin. -->","yoast_head_json":{"title":"RDC : Quelles proc\u00e9dures et m\u00e9canismes de saisine de la Cour constitutionnelle en cas de violation des Droits \u00e9conomiques sociaux et culturels ? Le BCNUDH offre une compr\u00e9hension partag\u00e9e au cours d'un atelier - Infos Droits Humains","robots":{"index":"index","follow":"follow","max-snippet":"max-snippet:-1","max-image-preview":"max-image-preview:large","max-video-preview":"max-video-preview:-1"},"canonical":"https:\/\/infos-droitshumains.net\/?p=6639","og_locale":"fr_FR","og_type":"article","og_title":"RDC : Quelles proc\u00e9dures et m\u00e9canismes de saisine de la Cour constitutionnelle en cas de violation des Droits \u00e9conomiques sociaux et culturels ? Le BCNUDH offre une compr\u00e9hension partag\u00e9e au cours d'un atelier - Infos Droits Humains","og_description":"R\u00e9daction :+243817406088 Le rapport d\u2019\u00e9tude sur la justiciabilit\u00e9 des droits \u00e9conomiques, sociaux et culturels en...","og_url":"https:\/\/infos-droitshumains.net\/?p=6639","og_site_name":"Infos Droits Humains","article_published_time":"2023-02-28T13:09:25+00:00","article_modified_time":"2023-02-28T13:41:20+00:00","og_image":[{"width":1040,"height":780,"url":"https:\/\/i0.wp.com\/infos-droitshumains.net\/wp-content\/uploads\/2023\/02\/IMG-20230228-WA0012_1.jpg?fit=1040%2C780&ssl=1","type":"image\/jpeg"}],"author":"Jo\u00ebl Diawa","twitter_card":"summary_large_image","twitter_misc":{"\u00c9crit par":"Jo\u00ebl Diawa","Dur\u00e9e de lecture estim\u00e9e":"2 minutes"},"schema":{"@context":"https:\/\/schema.org","@graph":[{"@type":"Article","@id":"https:\/\/infos-droitshumains.net\/?p=6639#article","isPartOf":{"@id":"https:\/\/infos-droitshumains.net\/?p=6639"},"author":{"name":"Jo\u00ebl Diawa","@id":"https:\/\/infos-droitshumains.net\/#\/schema\/person\/3dc5e921c3302172e0ed4362f96faab7"},"headline":"RDC : Quelles proc\u00e9dures et m\u00e9canismes de saisine de la Cour constitutionnelle en cas de violation des Droits \u00e9conomiques sociaux et culturels ? Le BCNUDH offre une compr\u00e9hension partag\u00e9e au cours d&rsquo;un atelier","datePublished":"2023-02-28T13:09:25+00:00","dateModified":"2023-02-28T13:41:20+00:00","mainEntityOfPage":{"@id":"https:\/\/infos-droitshumains.net\/?p=6639"},"wordCount":385,"commentCount":0,"publisher":{"@id":"https:\/\/infos-droitshumains.net\/#organization"},"image":{"@id":"https:\/\/infos-droitshumains.net\/?p=6639#primaryimage"},"thumbnailUrl":"https:\/\/i0.wp.com\/infos-droitshumains.net\/wp-content\/uploads\/2023\/02\/IMG-20230228-WA0012_1.jpg?fit=1040%2C780&ssl=1","articleSection":["Droits Humains"],"inLanguage":"fr-FR","potentialAction":[{"@type":"CommentAction","name":"Comment","target":["https:\/\/infos-droitshumains.net\/?p=6639#respond"]}]},{"@type":"WebPage","@id":"https:\/\/infos-droitshumains.net\/?p=6639","url":"https:\/\/infos-droitshumains.net\/?p=6639","name":"RDC : Quelles proc\u00e9dures et m\u00e9canismes de saisine de la Cour constitutionnelle en cas de violation des Droits \u00e9conomiques sociaux et culturels ? Le BCNUDH offre une compr\u00e9hension partag\u00e9e au cours d'un atelier - Infos Droits Humains","isPartOf":{"@id":"https:\/\/infos-droitshumains.net\/#website"},"primaryImageOfPage":{"@id":"https:\/\/infos-droitshumains.net\/?p=6639#primaryimage"},"image":{"@id":"https:\/\/infos-droitshumains.net\/?p=6639#primaryimage"},"thumbnailUrl":"https:\/\/i0.wp.com\/infos-droitshumains.net\/wp-content\/uploads\/2023\/02\/IMG-20230228-WA0012_1.jpg?fit=1040%2C780&ssl=1","datePublished":"2023-02-28T13:09:25+00:00","dateModified":"2023-02-28T13:41:20+00:00","breadcrumb":{"@id":"https:\/\/infos-droitshumains.net\/?p=6639#breadcrumb"},"inLanguage":"fr-FR","potentialAction":[{"@type":"ReadAction","target":["https:\/\/infos-droitshumains.net\/?p=6639"]}]},{"@type":"ImageObject","inLanguage":"fr-FR","@id":"https:\/\/infos-droitshumains.net\/?p=6639#primaryimage","url":"https:\/\/i0.wp.com\/infos-droitshumains.net\/wp-content\/uploads\/2023\/02\/IMG-20230228-WA0012_1.jpg?fit=1040%2C780&ssl=1","contentUrl":"https:\/\/i0.wp.com\/infos-droitshumains.net\/wp-content\/uploads\/2023\/02\/IMG-20230228-WA0012_1.jpg?fit=1040%2C780&ssl=1","width":1040,"height":780},{"@type":"BreadcrumbList","@id":"https:\/\/infos-droitshumains.net\/?p=6639#breadcrumb","itemListElement":[{"@type":"ListItem","position":1,"name":"Accueil","item":"https:\/\/infos-droitshumains.net\/"},{"@type":"ListItem","position":2,"name":"RDC : Quelles proc\u00e9dures et m\u00e9canismes de saisine de la Cour constitutionnelle en cas de violation des Droits \u00e9conomiques sociaux et culturels ? Le BCNUDH offre une compr\u00e9hension partag\u00e9e au cours d&rsquo;un atelier"}]},{"@type":"WebSite","@id":"https:\/\/infos-droitshumains.net\/#website","url":"https:\/\/infos-droitshumains.net\/","name":"Infos Droits Humains","description":"S&#039;informer est un droit","publisher":{"@id":"https:\/\/infos-droitshumains.net\/#organization"},"potentialAction":[{"@type":"SearchAction","target":{"@type":"EntryPoint","urlTemplate":"https:\/\/infos-droitshumains.net\/?s={search_term_string}"},"query-input":{"@type":"PropertyValueSpecification","valueRequired":true,"valueName":"search_term_string"}}],"inLanguage":"fr-FR"},{"@type":"Organization","@id":"https:\/\/infos-droitshumains.net\/#organization","name":"Infos Droits Humains","url":"https:\/\/infos-droitshumains.net\/","logo":{"@type":"ImageObject","inLanguage":"fr-FR","@id":"https:\/\/infos-droitshumains.net\/#\/schema\/logo\/image\/","url":"https:\/\/i0.wp.com\/infos-droitshumains.net\/wp-content\/uploads\/2022\/05\/Logo.png?fit=333%2C129&ssl=1","contentUrl":"https:\/\/i0.wp.com\/infos-droitshumains.net\/wp-content\/uploads\/2022\/05\/Logo.png?fit=333%2C129&ssl=1","width":333,"height":129,"caption":"Infos Droits Humains"},"image":{"@id":"https:\/\/infos-droitshumains.net\/#\/schema\/logo\/image\/"}},{"@type":"Person","@id":"https:\/\/infos-droitshumains.net\/#\/schema\/person\/3dc5e921c3302172e0ed4362f96faab7","name":"Jo\u00ebl Diawa","image":{"@type":"ImageObject","inLanguage":"fr-FR","@id":"https:\/\/secure.gravatar.com\/avatar\/729bea6ff4604c624417803c477363be8e3c7186deaa65713313f9b4b820f41c?s=96&d=mm&r=g","url":"https:\/\/secure.gravatar.com\/avatar\/729bea6ff4604c624417803c477363be8e3c7186deaa65713313f9b4b820f41c?s=96&d=mm&r=g","contentUrl":"https:\/\/secure.gravatar.com\/avatar\/729bea6ff4604c624417803c477363be8e3c7186deaa65713313f9b4b820f41c?s=96&d=mm&r=g","caption":"Jo\u00ebl Diawa"},"sameAs":["https:\/\/www.infos-droitshumains.net"],"url":"https:\/\/infos-droitshumains.net\/?author=2"}]}},"featured_image_urls":{"full":["https:\/\/i0.wp.com\/infos-droitshumains.net\/wp-content\/uploads\/2023\/02\/IMG-20230228-WA0012_1.jpg?fit=1040%2C780&ssl=1",1040,780,false],"thumbnail":["https:\/\/i0.wp.com\/infos-droitshumains.net\/wp-content\/uploads\/2023\/02\/IMG-20230228-WA0012_1.jpg?resize=150%2C150&ssl=1",150,150,true],"medium":["https:\/\/i0.wp.com\/infos-droitshumains.net\/wp-content\/uploads\/2023\/02\/IMG-20230228-WA0012_1.jpg?fit=300%2C225&ssl=1",300,225,true],"medium_large":["https:\/\/i0.wp.com\/infos-droitshumains.net\/wp-content\/uploads\/2023\/02\/IMG-20230228-WA0012_1.jpg?fit=640%2C480&ssl=1",640,480,true],"large":["https:\/\/i0.wp.com\/infos-droitshumains.net\/wp-content\/uploads\/2023\/02\/IMG-20230228-WA0012_1.jpg?fit=640%2C480&ssl=1",640,480,true],"1536x1536":["https:\/\/i0.wp.com\/infos-droitshumains.net\/wp-content\/uploads\/2023\/02\/IMG-20230228-WA0012_1.jpg?fit=1040%2C780&ssl=1",1040,780,true],"2048x2048":["https:\/\/i0.wp.com\/infos-droitshumains.net\/wp-content\/uploads\/2023\/02\/IMG-20230228-WA0012_1.jpg?fit=1040%2C780&ssl=1",1040,780,true],"covernews-slider-full":["https:\/\/i0.wp.com\/infos-droitshumains.net\/wp-content\/uploads\/2023\/02\/IMG-20230228-WA0012_1.jpg?resize=1040%2C715&ssl=1",1040,715,true],"covernews-slider-center":["https:\/\/i0.wp.com\/infos-droitshumains.net\/wp-content\/uploads\/2023\/02\/IMG-20230228-WA0012_1.jpg?resize=800%2C500&ssl=1",800,500,true],"covernews-featured":["https:\/\/i0.wp.com\/infos-droitshumains.net\/wp-content\/uploads\/2023\/02\/IMG-20230228-WA0012_1.jpg?fit=1024%2C768&ssl=1",1024,768,true],"covernews-medium":["https:\/\/i0.wp.com\/infos-droitshumains.net\/wp-content\/uploads\/2023\/02\/IMG-20230228-WA0012_1.jpg?resize=540%2C340&ssl=1",540,340,true],"covernews-medium-square":["https:\/\/i0.wp.com\/infos-droitshumains.net\/wp-content\/uploads\/2023\/02\/IMG-20230228-WA0012_1.jpg?resize=400%2C250&ssl=1",400,250,true]},"author_info":{"display_name":"Jo\u00ebl Diawa","author_link":"https:\/\/infos-droitshumains.net\/?author=2"},"category_info":"<a href=\"https:\/\/infos-droitshumains.net\/?cat=7\" rel=\"category\">Droits Humains<\/a>","tag_info":"Droits Humains","comment_count":"0","jetpack_featured_media_url":"https:\/\/i0.wp.com\/infos-droitshumains.net\/wp-content\/uploads\/2023\/02\/IMG-20230228-WA0012_1.jpg?fit=1040%2C780&ssl=1","jetpack-related-posts":[],"jetpack_sharing_enabled":true,"_links":{"self":[{"href":"https:\/\/infos-droitshumains.net\/index.php?rest_route=\/wp\/v2\/posts\/6639","targetHints":{"allow":["GET"]}}],"collection":[{"href":"https:\/\/infos-droitshumains.net\/index.php?rest_route=\/wp\/v2\/posts"}],"about":[{"href":"https:\/\/infos-droitshumains.net\/index.php?rest_route=\/wp\/v2\/types\/post"}],"author":[{"embeddable":true,"href":"https:\/\/infos-droitshumains.net\/index.php?rest_route=\/wp\/v2\/users\/2"}],"replies":[{"embeddable":true,"href":"https:\/\/infos-droitshumains.net\/index.php?rest_route=%2Fwp%2Fv2%2Fcomments&post=6639"}],"version-history":[{"count":3,"href":"https:\/\/infos-droitshumains.net\/index.php?rest_route=\/wp\/v2\/posts\/6639\/revisions"}],"predecessor-version":[{"id":6644,"href":"https:\/\/infos-droitshumains.net\/index.php?rest_route=\/wp\/v2\/posts\/6639\/revisions\/6644"}],"wp:featuredmedia":[{"embeddable":true,"href":"https:\/\/infos-droitshumains.net\/index.php?rest_route=\/wp\/v2\/media\/6642"}],"wp:attachment":[{"href":"https:\/\/infos-droitshumains.net\/index.php?rest_route=%2Fwp%2Fv2%2Fmedia&parent=6639"}],"wp:term":[{"taxonomy":"category","embeddable":true,"href":"https:\/\/infos-droitshumains.net\/index.php?rest_route=%2Fwp%2Fv2%2Fcategories&post=6639"},{"taxonomy":"post_tag","embeddable":true,"href":"https:\/\/infos-droitshumains.net\/index.php?rest_route=%2Fwp%2Fv2%2Ftags&post=6639"}],"curies":[{"name":"wp","href":"https:\/\/api.w.org\/{rel}","templated":true}]}}