{"id":6623,"date":"2023-02-25T09:01:02","date_gmt":"2023-02-25T08:01:02","guid":{"rendered":"https:\/\/infos-droitshumains.net\/?p=6623"},"modified":"2023-02-25T09:23:11","modified_gmt":"2023-02-25T08:23:11","slug":"proces-jean-bosco-kayombo-et-consorts-le-mdr-reste-confiant-et-appelle-a-la-vigilance","status":"publish","type":"post","link":"https:\/\/infos-droitshumains.net\/?p=6623","title":{"rendered":"<strong>Proc\u00e8s Jean-Bosco Kayombo et consorts\u00a0: Le MDR reste confiant et appelle \u00e0 la vigilance<\/strong>"},"content":{"rendered":"\n<p><strong>R\u00e9daction :+243817406088<\/strong><\/p>\n\n\n\n<p>Le proc\u00e8s de pr\u00e9sum\u00e9 d\u00e9tournement \u00e0\u00a0 la soci\u00e9t\u00e9 nationale d\u2019Electricit\u00e9, (Snel SA) entre dans sa phase d\u00e9cisive. Apr\u00e8s la plaidoirie et la r\u00e9quisition du minist\u00e8re public, il ne reste que l\u2019arr\u00eat de la Cour attendu dans les jours avenirs. L\u2019organe de la loi a requis 6 ans de servitude p\u00e9nale pour l\u2019ancien Directeur G\u00e9n\u00e9ral Jean-Bosco Kayombo.<\/p>\n\n\n\n<p><strong><em>Un aveu d\u2019innocences<\/em><\/strong>&#8230;<\/p>\n\n\n\n<p>Le Mouvement des D\u00e9fenseurs de la R\u00e9publique qui suit de pr\u00e8s cette affaire qualifie d\u2019une vaste blague cette r\u00e9quisition qui selon lui, d\u00e9montre&nbsp; que le minist\u00e8re public n\u2019a aucune preuve de d\u00e9tournement.<\/p>\n\n\n\n<p><em>\u00ab&nbsp;Il se fait que le magistrat accusateur a soutenu devant la Cour que Monsieur Jean-Bosco Kayombo Ex DG de la Snel a d\u00e9tourn\u00e9e notez&nbsp;: 7. 753&nbsp;532 $ destin\u00e9s \u00e0 l\u2019achat&nbsp; des&nbsp; compteurs, 207, 18 $ pay\u00e9 \u00e0 la soci\u00e9t\u00e9 petro africa qui avait livr\u00e9e d\u2019huiles impropres. Notez bien, il a d\u00e9tourn\u00e9 l\u2019argent qui a pay\u00e9 \u00e0 la soci\u00e9t\u00e9 qui avait livr\u00e9 des huiles, comprenez l\u2019incoh\u00e9rence, 15&nbsp;000.000 des rands destin\u00e9s \u00e0 l\u2019achat des ambulances, 247&nbsp;356 $ le 18 juillet 2019, 128&nbsp;330 $ le 27 novembre 2020, 1&nbsp;999, 33 $ de l\u2019assurance maladie et couverture des soins de sant\u00e9. Le Mouvement&nbsp; des D\u00e9fenseurs de la R\u00e9publique MDR s\u2019est livr\u00e9 au calcul de savoir l\u2019addition de toutes ces sommes donnerait quel montant. Tenez que nous sommes \u00e0 plus de 11 millions $ de d\u00e9tourn\u00e9s. Combien&nbsp; d\u2019\u00e9coles, combiens d\u2019h\u00f4pitaux, combien des routes construites. Et pour tous ces d\u00e9tournements, le minist\u00e8re public n\u2019a demand\u00e9 \u00e0 la Cour de condamn\u00e9 Monsieur Jean-Bosco Kayombo qu\u2019\u00e0 6 ans alors que le l\u00e9gislateur lui donne la possibilit\u00e9 d\u2019aller jusqu\u2019\u00e0 20 ans&nbsp;\u00bb<\/em>, nous confi\u00e9 Mutombo Baji, porte-parole du MDR.<\/p>\n\n\n\n<p><em>\u00ab&nbsp;Le MDR consid\u00e8re que c\u2019est sa fa\u00e7on \u00e0 lui d\u2019exprimer sa repentance parce qu\u2019il y a eu conscience chez lui qui a travaill\u00e9 lui disant, pourquoi vous allez demander autant de peine pour des gens que vous connaissez innocents. L\u2019innocence de Monsieur&nbsp; Jean-Bosco Kayombo a parl\u00e9 au minist\u00e8re public&nbsp;\u00bb<\/em>, a-t-il poursuivi.<\/p>\n\n\n\n<p><strong><em>De l\u2019insuffisance des preuves du minist\u00e8re public \u00e0 l\u2019obscurit\u00e9 de la d\u00e9position de l\u2019IGF<\/em><\/strong><\/p>\n\n\n\n<p>Cette innocence de Kayombo est renforc\u00e9e par deux faits relev\u00e9s au cours du proc\u00e8s par cette structure \u00e0 savoir&nbsp;: la d\u00e9position incoh\u00e9rente de l\u2019Inspecteur G\u00e9n\u00e9ral des Finance Chef des services et la difficult\u00e9 pour le minist\u00e8re public \u00e0 prouver le d\u00e9tournement qu\u2019il soutient.<\/p>\n\n\n\n<p><em>\u00ab&nbsp;Ce que les avocats de Jean-Bosco Kayombo ont pr\u00e9sent\u00e9 devant les juges est infiniment \u00e9mouvant. Me Dodo avait jur\u00e9 le premier jour du proc\u00e8s que si le minist\u00e8re public produisait seulement une<\/em> <em>seule preuve \u00e9crite&nbsp; sur la table de la Cour, il hotterait sa propre toge. Mais le MDR constate que jusqu\u2019\u00e0 la fin de ce proc\u00e8s, le minist\u00e8re public n\u2019a produit aucune preuve \u00e9crite. Et d\u2019ailleurs, face aux preuves imbattables de Monsieur Kayombo, il a chang\u00e9 son accusation sur la question des ambulances en disant qu\u2019il ne s\u2019agissait pas d\u2019un d\u00e9tournement, les 15 millions des rands n\u2019\u00e9taient pas sortis, mais qu\u2019il s\u2019agissait plut\u00f4t d\u2019une tentative de d\u00e9tournement se basant sur le veto \u00e9voqu\u00e9 par Monsieur Alingete lorsqu\u2019il \u00e9tait pass\u00e9 pour d\u00e9poser devant la Cour. Mais les avocats de la d\u00e9fense ont poursuivi en demandant \u00e0 ce monsieur que le veto de l\u2019IGF soit pr\u00e9sent\u00e9 devant la Cour, mais l\u2019IGF, comment avait-elle mis ce veto&nbsp;? Par un appel t\u00e9l\u00e9phonique, est-ce \u00e9tait par un sms, c\u2019\u00e9tait verbalement&nbsp;? Mais malheureusement nous avons constat\u00e9 que ni le minist\u00e8re public, ni l\u2019IGF n\u2019a pu produire la preuve \u00e9crite du veto&nbsp;\u00bb<\/em>.<\/p>\n\n\n\n<p><strong><em>Kayombo victime de son exp\u00e9rience\u00a0<\/em><\/strong><\/p>\n\n\n\n<p>Le Mouvement des D\u00e9fenseurs de la R\u00e9publique dont l\u2019enqu\u00eate avait pr\u00e9sente Jean-Bosco Kayombo comme bon gestionnaire lors de son passage \u00e0\u00a0 la Snel s\u2019\u00e9tonne et constate ce qu\u2019il qualifie d\u2019un acharnement contre celui dont le CV parle \u00e0 sa place.<\/p>\n\n\n\n<p><em>\u00ab&nbsp;Paradoxalement, \u00e9tonnement, ce qui explique le malheur de Monsieur Jean-Bosco Kayombo aujourd\u2019hui c\u2019est le poids de son CV. Tenez que Monsieur Jean-Bosco Kayombo est \u00e0 la Snel depuis 1985, c\u2019est-\u00e0-dire \u00e0 peu pr\u00e8s 40 ans. Il est all\u00e9 \u00e9tudier en C\u00f4te d\u2019Ivoire avec la bourse de la Snel apr\u00e8s avoir gagn\u00e9 le concours. A son retour, il sera engag\u00e9 \u00e0 la Snel. Et lui-m\u00eame l\u2019a dit. C\u2019est depuis que les autorit\u00e9s du pays ont d\u00e9cid\u00e9 d\u2019ouvrir l\u2019appel \u00e0 candidature pour devenir DG Snel, Regisdeso etc\u2026 que mon malheur a commenc\u00e9. On a voulu au regard de mon CV m\u2019\u00e9liminer. Son CV fait 8 pages, alors, les fossoyeurs de la R\u00e9publique ont tent\u00e9 plusieurs fois de l\u2019\u00e9liminer, ils n\u2019ont pas r\u00e9ussi, c\u2019est ainsi qu\u2019ils ont pi\u00e9g\u00e9 la justice pour que cette derni\u00e8re les aide \u00e0 conclure leur sale besogne&nbsp;\u00bb,<\/em> rench\u00e9rit le porte-parole du MDR qui en d\u00e9fit de ce fait, reste confiant et crois en une justice \u00e9quitable en faveur de Kayombo&nbsp;:<\/p>\n\n\n\n<p><em>\u00ab&nbsp;Nous au niveau de MDR, nous restons confiant, nous disons que la Cour a tout compris et qu\u2019elle va rendre son arr\u00eat dans le sens d\u2019acquitter Monsieur Kayombo et ses collaborateurs. Nous en appelons \u00e0 la vigilance. Il ne faut pas que la Cour ne tombe dans les pi\u00e8ges et qu\u2019elle serve les int\u00e9r\u00eats mesquins des fossoyeurs de la R\u00e9publique qui sans exp\u00e9rience ni m\u00e9rite, ont des ambitions grosses comme le ciel&nbsp;\u00bb.<\/em><\/p>\n\n\n\n<p>Au regard de l\u2019absence des preuves tangibles de d\u00e9tournement, tout porte \u00e0 croire que Jean-Bosco Kayombo devrait \u00eatre acquitt\u00e9.<\/p>\n\n\n\n<p>AM<\/p>\n","protected":false},"excerpt":{"rendered":"<p>R\u00e9daction :+243817406088 Le proc\u00e8s de pr\u00e9sum\u00e9 d\u00e9tournement \u00e0\u00a0 la soci\u00e9t\u00e9 nationale d\u2019Electricit\u00e9, (Snel SA) entre&#8230;<\/p>\n","protected":false},"author":2,"featured_media":6626,"comment_status":"open","ping_status":"open","sticky":false,"template":"","format":"standard","meta":{"_jetpack_memberships_contains_paid_content":false,"footnotes":""},"categories":[6],"tags":[],"class_list":["post-6623","post","type-post","status-publish","format-standard","has-post-thumbnail","hentry","category-justice"],"yoast_head":"<!-- This site is optimized with the Yoast SEO plugin v27.5 - https:\/\/yoast.com\/product\/yoast-seo-wordpress\/ -->\n<title>Proc\u00e8s Jean-Bosco Kayombo et consorts\u00a0: Le MDR reste confiant et appelle \u00e0 la vigilance - Infos Droits Humains<\/title>\n<meta name=\"robots\" content=\"index, follow, max-snippet:-1, max-image-preview:large, max-video-preview:-1\" \/>\n<link rel=\"canonical\" href=\"https:\/\/infos-droitshumains.net\/?p=6623\" \/>\n<meta property=\"og:locale\" content=\"fr_FR\" \/>\n<meta property=\"og:type\" content=\"article\" \/>\n<meta property=\"og:title\" content=\"Proc\u00e8s Jean-Bosco Kayombo et consorts\u00a0: Le MDR reste confiant et appelle \u00e0 la vigilance - Infos Droits Humains\" \/>\n<meta property=\"og:description\" content=\"R\u00e9daction :+243817406088 Le proc\u00e8s de pr\u00e9sum\u00e9 d\u00e9tournement \u00e0\u00a0 la soci\u00e9t\u00e9 nationale d\u2019Electricit\u00e9, (Snel SA) entre...\" \/>\n<meta property=\"og:url\" content=\"https:\/\/infos-droitshumains.net\/?p=6623\" \/>\n<meta property=\"og:site_name\" content=\"Infos Droits Humains\" \/>\n<meta property=\"article:published_time\" content=\"2023-02-25T08:01:02+00:00\" \/>\n<meta property=\"article:modified_time\" content=\"2023-02-25T08:23:11+00:00\" \/>\n<meta property=\"og:image\" content=\"https:\/\/i0.wp.com\/infos-droitshumains.net\/wp-content\/uploads\/2023\/02\/IMG_1252.jpg?fit=1080%2C606&ssl=1\" \/>\n\t<meta property=\"og:image:width\" content=\"1080\" \/>\n\t<meta property=\"og:image:height\" content=\"606\" \/>\n\t<meta property=\"og:image:type\" content=\"image\/jpeg\" \/>\n<meta name=\"author\" content=\"Jo\u00ebl Diawa\" \/>\n<meta name=\"twitter:card\" content=\"summary_large_image\" \/>\n<meta name=\"twitter:label1\" content=\"\u00c9crit par\" \/>\n\t<meta name=\"twitter:data1\" content=\"Jo\u00ebl Diawa\" \/>\n\t<meta name=\"twitter:label2\" content=\"Dur\u00e9e de lecture estim\u00e9e\" \/>\n\t<meta name=\"twitter:data2\" content=\"5 minutes\" \/>\n<script type=\"application\/ld+json\" class=\"yoast-schema-graph\">{\"@context\":\"https:\\\/\\\/schema.org\",\"@graph\":[{\"@type\":\"Article\",\"@id\":\"https:\\\/\\\/infos-droitshumains.net\\\/?p=6623#article\",\"isPartOf\":{\"@id\":\"https:\\\/\\\/infos-droitshumains.net\\\/?p=6623\"},\"author\":{\"name\":\"Jo\u00ebl Diawa\",\"@id\":\"https:\\\/\\\/infos-droitshumains.net\\\/#\\\/schema\\\/person\\\/3dc5e921c3302172e0ed4362f96faab7\"},\"headline\":\"Proc\u00e8s Jean-Bosco Kayombo et consorts\u00a0: Le MDR reste confiant et appelle \u00e0 la vigilance\",\"datePublished\":\"2023-02-25T08:01:02+00:00\",\"dateModified\":\"2023-02-25T08:23:11+00:00\",\"mainEntityOfPage\":{\"@id\":\"https:\\\/\\\/infos-droitshumains.net\\\/?p=6623\"},\"wordCount\":1011,\"commentCount\":0,\"publisher\":{\"@id\":\"https:\\\/\\\/infos-droitshumains.net\\\/#organization\"},\"image\":{\"@id\":\"https:\\\/\\\/infos-droitshumains.net\\\/?p=6623#primaryimage\"},\"thumbnailUrl\":\"https:\\\/\\\/i0.wp.com\\\/infos-droitshumains.net\\\/wp-content\\\/uploads\\\/2023\\\/02\\\/IMG_1252.jpg?fit=1080%2C606&ssl=1\",\"articleSection\":[\"Justice\"],\"inLanguage\":\"fr-FR\",\"potentialAction\":[{\"@type\":\"CommentAction\",\"name\":\"Comment\",\"target\":[\"https:\\\/\\\/infos-droitshumains.net\\\/?p=6623#respond\"]}]},{\"@type\":\"WebPage\",\"@id\":\"https:\\\/\\\/infos-droitshumains.net\\\/?p=6623\",\"url\":\"https:\\\/\\\/infos-droitshumains.net\\\/?p=6623\",\"name\":\"Proc\u00e8s Jean-Bosco Kayombo et consorts\u00a0: Le MDR reste confiant et appelle \u00e0 la vigilance - Infos Droits Humains\",\"isPartOf\":{\"@id\":\"https:\\\/\\\/infos-droitshumains.net\\\/#website\"},\"primaryImageOfPage\":{\"@id\":\"https:\\\/\\\/infos-droitshumains.net\\\/?p=6623#primaryimage\"},\"image\":{\"@id\":\"https:\\\/\\\/infos-droitshumains.net\\\/?p=6623#primaryimage\"},\"thumbnailUrl\":\"https:\\\/\\\/i0.wp.com\\\/infos-droitshumains.net\\\/wp-content\\\/uploads\\\/2023\\\/02\\\/IMG_1252.jpg?fit=1080%2C606&ssl=1\",\"datePublished\":\"2023-02-25T08:01:02+00:00\",\"dateModified\":\"2023-02-25T08:23:11+00:00\",\"breadcrumb\":{\"@id\":\"https:\\\/\\\/infos-droitshumains.net\\\/?p=6623#breadcrumb\"},\"inLanguage\":\"fr-FR\",\"potentialAction\":[{\"@type\":\"ReadAction\",\"target\":[\"https:\\\/\\\/infos-droitshumains.net\\\/?p=6623\"]}]},{\"@type\":\"ImageObject\",\"inLanguage\":\"fr-FR\",\"@id\":\"https:\\\/\\\/infos-droitshumains.net\\\/?p=6623#primaryimage\",\"url\":\"https:\\\/\\\/i0.wp.com\\\/infos-droitshumains.net\\\/wp-content\\\/uploads\\\/2023\\\/02\\\/IMG_1252.jpg?fit=1080%2C606&ssl=1\",\"contentUrl\":\"https:\\\/\\\/i0.wp.com\\\/infos-droitshumains.net\\\/wp-content\\\/uploads\\\/2023\\\/02\\\/IMG_1252.jpg?fit=1080%2C606&ssl=1\",\"width\":1080,\"height\":606},{\"@type\":\"BreadcrumbList\",\"@id\":\"https:\\\/\\\/infos-droitshumains.net\\\/?p=6623#breadcrumb\",\"itemListElement\":[{\"@type\":\"ListItem\",\"position\":1,\"name\":\"Accueil\",\"item\":\"https:\\\/\\\/infos-droitshumains.net\\\/\"},{\"@type\":\"ListItem\",\"position\":2,\"name\":\"Proc\u00e8s Jean-Bosco Kayombo et consorts\u00a0: Le MDR reste confiant et appelle \u00e0 la vigilance\"}]},{\"@type\":\"WebSite\",\"@id\":\"https:\\\/\\\/infos-droitshumains.net\\\/#website\",\"url\":\"https:\\\/\\\/infos-droitshumains.net\\\/\",\"name\":\"Infos Droits Humains\",\"description\":\"S&#039;informer est un droit\",\"publisher\":{\"@id\":\"https:\\\/\\\/infos-droitshumains.net\\\/#organization\"},\"potentialAction\":[{\"@type\":\"SearchAction\",\"target\":{\"@type\":\"EntryPoint\",\"urlTemplate\":\"https:\\\/\\\/infos-droitshumains.net\\\/?s={search_term_string}\"},\"query-input\":{\"@type\":\"PropertyValueSpecification\",\"valueRequired\":true,\"valueName\":\"search_term_string\"}}],\"inLanguage\":\"fr-FR\"},{\"@type\":\"Organization\",\"@id\":\"https:\\\/\\\/infos-droitshumains.net\\\/#organization\",\"name\":\"Infos Droits Humains\",\"url\":\"https:\\\/\\\/infos-droitshumains.net\\\/\",\"logo\":{\"@type\":\"ImageObject\",\"inLanguage\":\"fr-FR\",\"@id\":\"https:\\\/\\\/infos-droitshumains.net\\\/#\\\/schema\\\/logo\\\/image\\\/\",\"url\":\"https:\\\/\\\/i0.wp.com\\\/infos-droitshumains.net\\\/wp-content\\\/uploads\\\/2022\\\/05\\\/Logo.png?fit=333%2C129&ssl=1\",\"contentUrl\":\"https:\\\/\\\/i0.wp.com\\\/infos-droitshumains.net\\\/wp-content\\\/uploads\\\/2022\\\/05\\\/Logo.png?fit=333%2C129&ssl=1\",\"width\":333,\"height\":129,\"caption\":\"Infos Droits Humains\"},\"image\":{\"@id\":\"https:\\\/\\\/infos-droitshumains.net\\\/#\\\/schema\\\/logo\\\/image\\\/\"}},{\"@type\":\"Person\",\"@id\":\"https:\\\/\\\/infos-droitshumains.net\\\/#\\\/schema\\\/person\\\/3dc5e921c3302172e0ed4362f96faab7\",\"name\":\"Jo\u00ebl Diawa\",\"image\":{\"@type\":\"ImageObject\",\"inLanguage\":\"fr-FR\",\"@id\":\"https:\\\/\\\/secure.gravatar.com\\\/avatar\\\/729bea6ff4604c624417803c477363be8e3c7186deaa65713313f9b4b820f41c?s=96&d=mm&r=g\",\"url\":\"https:\\\/\\\/secure.gravatar.com\\\/avatar\\\/729bea6ff4604c624417803c477363be8e3c7186deaa65713313f9b4b820f41c?s=96&d=mm&r=g\",\"contentUrl\":\"https:\\\/\\\/secure.gravatar.com\\\/avatar\\\/729bea6ff4604c624417803c477363be8e3c7186deaa65713313f9b4b820f41c?s=96&d=mm&r=g\",\"caption\":\"Jo\u00ebl Diawa\"},\"sameAs\":[\"https:\\\/\\\/www.infos-droitshumains.net\"],\"url\":\"https:\\\/\\\/infos-droitshumains.net\\\/?author=2\"}]}<\/script>\n<!-- \/ Yoast SEO plugin. -->","yoast_head_json":{"title":"Proc\u00e8s Jean-Bosco Kayombo et consorts\u00a0: Le MDR reste confiant et appelle \u00e0 la vigilance - Infos Droits Humains","robots":{"index":"index","follow":"follow","max-snippet":"max-snippet:-1","max-image-preview":"max-image-preview:large","max-video-preview":"max-video-preview:-1"},"canonical":"https:\/\/infos-droitshumains.net\/?p=6623","og_locale":"fr_FR","og_type":"article","og_title":"Proc\u00e8s Jean-Bosco Kayombo et consorts\u00a0: Le MDR reste confiant et appelle \u00e0 la vigilance - Infos Droits Humains","og_description":"R\u00e9daction :+243817406088 Le proc\u00e8s de pr\u00e9sum\u00e9 d\u00e9tournement \u00e0\u00a0 la soci\u00e9t\u00e9 nationale d\u2019Electricit\u00e9, (Snel SA) entre...","og_url":"https:\/\/infos-droitshumains.net\/?p=6623","og_site_name":"Infos Droits Humains","article_published_time":"2023-02-25T08:01:02+00:00","article_modified_time":"2023-02-25T08:23:11+00:00","og_image":[{"width":1080,"height":606,"url":"https:\/\/i0.wp.com\/infos-droitshumains.net\/wp-content\/uploads\/2023\/02\/IMG_1252.jpg?fit=1080%2C606&ssl=1","type":"image\/jpeg"}],"author":"Jo\u00ebl Diawa","twitter_card":"summary_large_image","twitter_misc":{"\u00c9crit par":"Jo\u00ebl Diawa","Dur\u00e9e de lecture estim\u00e9e":"5 minutes"},"schema":{"@context":"https:\/\/schema.org","@graph":[{"@type":"Article","@id":"https:\/\/infos-droitshumains.net\/?p=6623#article","isPartOf":{"@id":"https:\/\/infos-droitshumains.net\/?p=6623"},"author":{"name":"Jo\u00ebl Diawa","@id":"https:\/\/infos-droitshumains.net\/#\/schema\/person\/3dc5e921c3302172e0ed4362f96faab7"},"headline":"Proc\u00e8s Jean-Bosco Kayombo et consorts\u00a0: Le MDR reste confiant et appelle \u00e0 la vigilance","datePublished":"2023-02-25T08:01:02+00:00","dateModified":"2023-02-25T08:23:11+00:00","mainEntityOfPage":{"@id":"https:\/\/infos-droitshumains.net\/?p=6623"},"wordCount":1011,"commentCount":0,"publisher":{"@id":"https:\/\/infos-droitshumains.net\/#organization"},"image":{"@id":"https:\/\/infos-droitshumains.net\/?p=6623#primaryimage"},"thumbnailUrl":"https:\/\/i0.wp.com\/infos-droitshumains.net\/wp-content\/uploads\/2023\/02\/IMG_1252.jpg?fit=1080%2C606&ssl=1","articleSection":["Justice"],"inLanguage":"fr-FR","potentialAction":[{"@type":"CommentAction","name":"Comment","target":["https:\/\/infos-droitshumains.net\/?p=6623#respond"]}]},{"@type":"WebPage","@id":"https:\/\/infos-droitshumains.net\/?p=6623","url":"https:\/\/infos-droitshumains.net\/?p=6623","name":"Proc\u00e8s Jean-Bosco Kayombo et consorts\u00a0: Le MDR reste confiant et appelle \u00e0 la vigilance - Infos Droits Humains","isPartOf":{"@id":"https:\/\/infos-droitshumains.net\/#website"},"primaryImageOfPage":{"@id":"https:\/\/infos-droitshumains.net\/?p=6623#primaryimage"},"image":{"@id":"https:\/\/infos-droitshumains.net\/?p=6623#primaryimage"},"thumbnailUrl":"https:\/\/i0.wp.com\/infos-droitshumains.net\/wp-content\/uploads\/2023\/02\/IMG_1252.jpg?fit=1080%2C606&ssl=1","datePublished":"2023-02-25T08:01:02+00:00","dateModified":"2023-02-25T08:23:11+00:00","breadcrumb":{"@id":"https:\/\/infos-droitshumains.net\/?p=6623#breadcrumb"},"inLanguage":"fr-FR","potentialAction":[{"@type":"ReadAction","target":["https:\/\/infos-droitshumains.net\/?p=6623"]}]},{"@type":"ImageObject","inLanguage":"fr-FR","@id":"https:\/\/infos-droitshumains.net\/?p=6623#primaryimage","url":"https:\/\/i0.wp.com\/infos-droitshumains.net\/wp-content\/uploads\/2023\/02\/IMG_1252.jpg?fit=1080%2C606&ssl=1","contentUrl":"https:\/\/i0.wp.com\/infos-droitshumains.net\/wp-content\/uploads\/2023\/02\/IMG_1252.jpg?fit=1080%2C606&ssl=1","width":1080,"height":606},{"@type":"BreadcrumbList","@id":"https:\/\/infos-droitshumains.net\/?p=6623#breadcrumb","itemListElement":[{"@type":"ListItem","position":1,"name":"Accueil","item":"https:\/\/infos-droitshumains.net\/"},{"@type":"ListItem","position":2,"name":"Proc\u00e8s Jean-Bosco Kayombo et consorts\u00a0: Le MDR reste confiant et appelle \u00e0 la vigilance"}]},{"@type":"WebSite","@id":"https:\/\/infos-droitshumains.net\/#website","url":"https:\/\/infos-droitshumains.net\/","name":"Infos Droits Humains","description":"S&#039;informer est un droit","publisher":{"@id":"https:\/\/infos-droitshumains.net\/#organization"},"potentialAction":[{"@type":"SearchAction","target":{"@type":"EntryPoint","urlTemplate":"https:\/\/infos-droitshumains.net\/?s={search_term_string}"},"query-input":{"@type":"PropertyValueSpecification","valueRequired":true,"valueName":"search_term_string"}}],"inLanguage":"fr-FR"},{"@type":"Organization","@id":"https:\/\/infos-droitshumains.net\/#organization","name":"Infos Droits Humains","url":"https:\/\/infos-droitshumains.net\/","logo":{"@type":"ImageObject","inLanguage":"fr-FR","@id":"https:\/\/infos-droitshumains.net\/#\/schema\/logo\/image\/","url":"https:\/\/i0.wp.com\/infos-droitshumains.net\/wp-content\/uploads\/2022\/05\/Logo.png?fit=333%2C129&ssl=1","contentUrl":"https:\/\/i0.wp.com\/infos-droitshumains.net\/wp-content\/uploads\/2022\/05\/Logo.png?fit=333%2C129&ssl=1","width":333,"height":129,"caption":"Infos Droits Humains"},"image":{"@id":"https:\/\/infos-droitshumains.net\/#\/schema\/logo\/image\/"}},{"@type":"Person","@id":"https:\/\/infos-droitshumains.net\/#\/schema\/person\/3dc5e921c3302172e0ed4362f96faab7","name":"Jo\u00ebl Diawa","image":{"@type":"ImageObject","inLanguage":"fr-FR","@id":"https:\/\/secure.gravatar.com\/avatar\/729bea6ff4604c624417803c477363be8e3c7186deaa65713313f9b4b820f41c?s=96&d=mm&r=g","url":"https:\/\/secure.gravatar.com\/avatar\/729bea6ff4604c624417803c477363be8e3c7186deaa65713313f9b4b820f41c?s=96&d=mm&r=g","contentUrl":"https:\/\/secure.gravatar.com\/avatar\/729bea6ff4604c624417803c477363be8e3c7186deaa65713313f9b4b820f41c?s=96&d=mm&r=g","caption":"Jo\u00ebl Diawa"},"sameAs":["https:\/\/www.infos-droitshumains.net"],"url":"https:\/\/infos-droitshumains.net\/?author=2"}]}},"featured_image_urls":{"full":["https:\/\/i0.wp.com\/infos-droitshumains.net\/wp-content\/uploads\/2023\/02\/IMG_1252.jpg?fit=1080%2C606&ssl=1",1080,606,false],"thumbnail":["https:\/\/i0.wp.com\/infos-droitshumains.net\/wp-content\/uploads\/2023\/02\/IMG_1252.jpg?resize=150%2C150&ssl=1",150,150,true],"medium":["https:\/\/i0.wp.com\/infos-droitshumains.net\/wp-content\/uploads\/2023\/02\/IMG_1252.jpg?fit=300%2C168&ssl=1",300,168,true],"medium_large":["https:\/\/i0.wp.com\/infos-droitshumains.net\/wp-content\/uploads\/2023\/02\/IMG_1252.jpg?fit=640%2C359&ssl=1",640,359,true],"large":["https:\/\/i0.wp.com\/infos-droitshumains.net\/wp-content\/uploads\/2023\/02\/IMG_1252.jpg?fit=640%2C359&ssl=1",640,359,true],"1536x1536":["https:\/\/i0.wp.com\/infos-droitshumains.net\/wp-content\/uploads\/2023\/02\/IMG_1252.jpg?fit=1080%2C606&ssl=1",1080,606,true],"2048x2048":["https:\/\/i0.wp.com\/infos-droitshumains.net\/wp-content\/uploads\/2023\/02\/IMG_1252.jpg?fit=1080%2C606&ssl=1",1080,606,true],"covernews-slider-full":["https:\/\/i0.wp.com\/infos-droitshumains.net\/wp-content\/uploads\/2023\/02\/IMG_1252.jpg?resize=1080%2C606&ssl=1",1080,606,true],"covernews-slider-center":["https:\/\/i0.wp.com\/infos-droitshumains.net\/wp-content\/uploads\/2023\/02\/IMG_1252.jpg?resize=800%2C500&ssl=1",800,500,true],"covernews-featured":["https:\/\/i0.wp.com\/infos-droitshumains.net\/wp-content\/uploads\/2023\/02\/IMG_1252.jpg?fit=1024%2C575&ssl=1",1024,575,true],"covernews-medium":["https:\/\/i0.wp.com\/infos-droitshumains.net\/wp-content\/uploads\/2023\/02\/IMG_1252.jpg?resize=540%2C340&ssl=1",540,340,true],"covernews-medium-square":["https:\/\/i0.wp.com\/infos-droitshumains.net\/wp-content\/uploads\/2023\/02\/IMG_1252.jpg?resize=400%2C250&ssl=1",400,250,true]},"author_info":{"display_name":"Jo\u00ebl Diawa","author_link":"https:\/\/infos-droitshumains.net\/?author=2"},"category_info":"<a href=\"https:\/\/infos-droitshumains.net\/?cat=6\" rel=\"category\">Justice<\/a>","tag_info":"Justice","comment_count":"0","jetpack_featured_media_url":"https:\/\/i0.wp.com\/infos-droitshumains.net\/wp-content\/uploads\/2023\/02\/IMG_1252.jpg?fit=1080%2C606&ssl=1","jetpack-related-posts":[],"jetpack_sharing_enabled":true,"_links":{"self":[{"href":"https:\/\/infos-droitshumains.net\/index.php?rest_route=\/wp\/v2\/posts\/6623","targetHints":{"allow":["GET"]}}],"collection":[{"href":"https:\/\/infos-droitshumains.net\/index.php?rest_route=\/wp\/v2\/posts"}],"about":[{"href":"https:\/\/infos-droitshumains.net\/index.php?rest_route=\/wp\/v2\/types\/post"}],"author":[{"embeddable":true,"href":"https:\/\/infos-droitshumains.net\/index.php?rest_route=\/wp\/v2\/users\/2"}],"replies":[{"embeddable":true,"href":"https:\/\/infos-droitshumains.net\/index.php?rest_route=%2Fwp%2Fv2%2Fcomments&post=6623"}],"version-history":[{"count":4,"href":"https:\/\/infos-droitshumains.net\/index.php?rest_route=\/wp\/v2\/posts\/6623\/revisions"}],"predecessor-version":[{"id":6630,"href":"https:\/\/infos-droitshumains.net\/index.php?rest_route=\/wp\/v2\/posts\/6623\/revisions\/6630"}],"wp:featuredmedia":[{"embeddable":true,"href":"https:\/\/infos-droitshumains.net\/index.php?rest_route=\/wp\/v2\/media\/6626"}],"wp:attachment":[{"href":"https:\/\/infos-droitshumains.net\/index.php?rest_route=%2Fwp%2Fv2%2Fmedia&parent=6623"}],"wp:term":[{"taxonomy":"category","embeddable":true,"href":"https:\/\/infos-droitshumains.net\/index.php?rest_route=%2Fwp%2Fv2%2Fcategories&post=6623"},{"taxonomy":"post_tag","embeddable":true,"href":"https:\/\/infos-droitshumains.net\/index.php?rest_route=%2Fwp%2Fv2%2Ftags&post=6623"}],"curies":[{"name":"wp","href":"https:\/\/api.w.org\/{rel}","templated":true}]}}