{"id":6618,"date":"2023-02-24T13:52:37","date_gmt":"2023-02-24T12:52:37","guid":{"rendered":"https:\/\/infos-droitshumains.net\/?p=6618"},"modified":"2023-02-24T13:55:41","modified_gmt":"2023-02-24T12:55:41","slug":"apres-sa-participation-a-un-atelier-de-renforcement-des-capacites-des-leaders-des-jeunes-de-kinshasa-sur-la-cohesion-sociale-lacldh-reitere-son-engagement-a-lutter-contre-les-discours-de-haine","status":"publish","type":"post","link":"https:\/\/infos-droitshumains.net\/?p=6618","title":{"rendered":"Apr\u00e8s sa participation \u00e0 un atelier de renforcement des capacit\u00e9s des leaders des jeunes de Kinshasa sur la coh\u00e9sion sociale, L&rsquo;ACLDH r\u00e9it\u00e8re son engagement \u00e0 lutter contre les discours de haine"},"content":{"rendered":"\n<p><strong>R\u00e9daction :+243817406088<\/strong><\/p>\n\n\n\n<p>Le conseil provincial de la jeunesse de Kinshasa a, en collaboration avec le bureau des affaires civiles de la MONUSCO, organis\u00e9 le 23 f\u00e9vrier 2023 un atelier de renforcement des capacit\u00e9s des leaders des jeunes sur la coh\u00e9sion sociale.<\/p>\n\n\n\n<p>Une rencontre qui a donn\u00e9 l\u2019occasion \u00e0 l&rsquo;\u00e9lite congolaise <em>\u00ab&nbsp;d&rsquo;apporter une pierre dans la d\u00e9marche que le pr\u00e9sident de la R\u00e9publique avait entam\u00e9e pour restaurer l&rsquo;autorit\u00e9 de l&rsquo;\u00c9tat, abolir tout caract\u00e8re tribal qui nous retient encore au sous-d\u00e9veloppement&nbsp;\u00bb<\/em>, a d\u00e9clar\u00e9 Tr\u00e9sor Mayamba, pr\u00e9sident du conseil provincial de la jeunesse de Kinshasa.<\/p>\n\n\n\n<p>Le repr\u00e9sentant de la bourgmestre de la commune de Limete &nbsp;a lou\u00e9 cette initiative&nbsp;; il &nbsp;&nbsp;&nbsp;&nbsp;&nbsp;&nbsp;&nbsp;&nbsp;&nbsp;&nbsp;&nbsp;&nbsp; a par ailleurs rappel\u00e9 aux jeunes qu&rsquo;ils sont la cl\u00e9 ou le&nbsp; socle de la coh\u00e9sion sociale sans laquelle la RDC ne se d\u00e9veloppera point.<\/p>\n\n\n\n<p>Plusieurs interventions ont ponctu\u00e9 cette s\u00e9ance p\u00e9dagogique au nombre desquelles celle de maitre Gloire Manesa qui est revenu sur le r\u00f4le des leaders des associations des jeunes dans la lutte contre la d\u00e9sinformation. Le coordonnateur national de l&rsquo;Action Citoyenne de Lutte contre les Discours de Haine (ACLDH) a exhort\u00e9 les participants \u00e0 toujours v\u00e9rifier la source et la fiabilit\u00e9 de l&rsquo;information afin de ne pas tomber \u00e0 la d\u00e9sinformation qui constitue l&rsquo;une des menaces de la coh\u00e9sion sociale.<\/p>\n\n\n\n<p><em>\u00ab&nbsp;Il est prudent d\u2019\u00e9veiller la conscience des jeunes sur les techniques de d\u00e9tection de la d\u00e9sinformation, conna\u00eetre comment d\u00e9tecter une fausse information et comment stopper sa propagation. Parce qu&rsquo;il est r\u00e9v\u00e9l\u00e9 que la d\u00e9sinformation est une source des violences&nbsp;\u00bb<\/em>, a fait savoir maitre Gloire Manesa.<\/p>\n\n\n\n<p>Au vu de la n\u00e9cessit\u00e9 de la coh\u00e9sion sociale qui est consid\u00e9r\u00e9e comme \u00e9l\u00e9ment propulseur du d\u00e9veloppement d&rsquo;un pays, l&rsquo;ACLDH compte capitaliser les mati\u00e8res apprises et poursuivre la sensibilisation sur cette mati\u00e8re.<\/p>\n\n\n\n<p><em>\u00ab&nbsp;C&rsquo;\u00e9tait une occasion importante pour nos membres qui ont particip\u00e9 \u00e0 cet atelier, ils vont la capitaliser pour qu&rsquo;ils soient \u00e0 leur tour des porte- \u00e9tendards dans la communaut\u00e9 en vue de sensibiliser \u00e0 l&rsquo;abandon des discours de haine et \u00e0 la promotion de la paix et la coh\u00e9sion sociale&nbsp;\u00bb<\/em>, a promis le coordonnateur national de l&rsquo;ACLDH.<\/p>\n\n\n\n<p>Cette s\u00e9ance de coaching et de sensibilisation sur la coh\u00e9sion sociale va se poursuivre dans les quatre districts de la ville de Kinshasa.<\/p>\n\n\n\n<p>AM<\/p>\n","protected":false},"excerpt":{"rendered":"<p>R\u00e9daction :+243817406088 Le conseil provincial de la jeunesse de Kinshasa a, en collaboration avec le&#8230;<\/p>\n","protected":false},"author":2,"featured_media":6620,"comment_status":"open","ping_status":"open","sticky":false,"template":"","format":"standard","meta":{"_jetpack_memberships_contains_paid_content":false,"footnotes":""},"categories":[7],"tags":[],"class_list":["post-6618","post","type-post","status-publish","format-standard","has-post-thumbnail","hentry","category-droits-humains"],"yoast_head":"<!-- This site is optimized with the Yoast SEO plugin v27.5 - https:\/\/yoast.com\/product\/yoast-seo-wordpress\/ -->\n<title>Apr\u00e8s sa participation \u00e0 un atelier de renforcement des capacit\u00e9s des leaders des jeunes de Kinshasa sur la coh\u00e9sion sociale, L&#039;ACLDH r\u00e9it\u00e8re son engagement \u00e0 lutter contre les discours de haine - Infos Droits Humains<\/title>\n<meta name=\"robots\" content=\"index, follow, max-snippet:-1, max-image-preview:large, max-video-preview:-1\" \/>\n<link rel=\"canonical\" href=\"https:\/\/infos-droitshumains.net\/?p=6618\" \/>\n<meta property=\"og:locale\" content=\"fr_FR\" \/>\n<meta property=\"og:type\" content=\"article\" \/>\n<meta property=\"og:title\" content=\"Apr\u00e8s sa participation \u00e0 un atelier de renforcement des capacit\u00e9s des leaders des jeunes de Kinshasa sur la coh\u00e9sion sociale, L&#039;ACLDH r\u00e9it\u00e8re son engagement \u00e0 lutter contre les discours de haine - Infos Droits Humains\" \/>\n<meta property=\"og:description\" content=\"R\u00e9daction :+243817406088 Le conseil provincial de la jeunesse de Kinshasa a, en collaboration avec le...\" \/>\n<meta property=\"og:url\" content=\"https:\/\/infos-droitshumains.net\/?p=6618\" \/>\n<meta property=\"og:site_name\" content=\"Infos Droits Humains\" \/>\n<meta property=\"article:published_time\" content=\"2023-02-24T12:52:37+00:00\" \/>\n<meta property=\"article:modified_time\" content=\"2023-02-24T12:55:41+00:00\" \/>\n<meta property=\"og:image\" content=\"https:\/\/i0.wp.com\/infos-droitshumains.net\/wp-content\/uploads\/2023\/02\/IMG-20230224-WA0005_1.jpg?fit=1040%2C623&ssl=1\" \/>\n\t<meta property=\"og:image:width\" content=\"1040\" \/>\n\t<meta property=\"og:image:height\" content=\"623\" \/>\n\t<meta property=\"og:image:type\" content=\"image\/jpeg\" \/>\n<meta name=\"author\" content=\"Jo\u00ebl Diawa\" \/>\n<meta name=\"twitter:card\" content=\"summary_large_image\" \/>\n<meta name=\"twitter:label1\" content=\"\u00c9crit par\" \/>\n\t<meta name=\"twitter:data1\" content=\"Jo\u00ebl Diawa\" \/>\n\t<meta name=\"twitter:label2\" content=\"Dur\u00e9e de lecture estim\u00e9e\" \/>\n\t<meta name=\"twitter:data2\" content=\"2 minutes\" \/>\n<script type=\"application\/ld+json\" class=\"yoast-schema-graph\">{\"@context\":\"https:\\\/\\\/schema.org\",\"@graph\":[{\"@type\":\"Article\",\"@id\":\"https:\\\/\\\/infos-droitshumains.net\\\/?p=6618#article\",\"isPartOf\":{\"@id\":\"https:\\\/\\\/infos-droitshumains.net\\\/?p=6618\"},\"author\":{\"name\":\"Jo\u00ebl Diawa\",\"@id\":\"https:\\\/\\\/infos-droitshumains.net\\\/#\\\/schema\\\/person\\\/3dc5e921c3302172e0ed4362f96faab7\"},\"headline\":\"Apr\u00e8s sa participation \u00e0 un atelier de renforcement des capacit\u00e9s des leaders des jeunes de Kinshasa sur la coh\u00e9sion sociale, L&rsquo;ACLDH r\u00e9it\u00e8re son engagement \u00e0 lutter contre les discours de haine\",\"datePublished\":\"2023-02-24T12:52:37+00:00\",\"dateModified\":\"2023-02-24T12:55:41+00:00\",\"mainEntityOfPage\":{\"@id\":\"https:\\\/\\\/infos-droitshumains.net\\\/?p=6618\"},\"wordCount\":459,\"commentCount\":0,\"publisher\":{\"@id\":\"https:\\\/\\\/infos-droitshumains.net\\\/#organization\"},\"image\":{\"@id\":\"https:\\\/\\\/infos-droitshumains.net\\\/?p=6618#primaryimage\"},\"thumbnailUrl\":\"https:\\\/\\\/i0.wp.com\\\/infos-droitshumains.net\\\/wp-content\\\/uploads\\\/2023\\\/02\\\/IMG-20230224-WA0005_1.jpg?fit=1040%2C623&ssl=1\",\"articleSection\":[\"Droits Humains\"],\"inLanguage\":\"fr-FR\",\"potentialAction\":[{\"@type\":\"CommentAction\",\"name\":\"Comment\",\"target\":[\"https:\\\/\\\/infos-droitshumains.net\\\/?p=6618#respond\"]}]},{\"@type\":\"WebPage\",\"@id\":\"https:\\\/\\\/infos-droitshumains.net\\\/?p=6618\",\"url\":\"https:\\\/\\\/infos-droitshumains.net\\\/?p=6618\",\"name\":\"Apr\u00e8s sa participation \u00e0 un atelier de renforcement des capacit\u00e9s des leaders des jeunes de Kinshasa sur la coh\u00e9sion sociale, L'ACLDH r\u00e9it\u00e8re son engagement \u00e0 lutter contre les discours de haine - Infos Droits Humains\",\"isPartOf\":{\"@id\":\"https:\\\/\\\/infos-droitshumains.net\\\/#website\"},\"primaryImageOfPage\":{\"@id\":\"https:\\\/\\\/infos-droitshumains.net\\\/?p=6618#primaryimage\"},\"image\":{\"@id\":\"https:\\\/\\\/infos-droitshumains.net\\\/?p=6618#primaryimage\"},\"thumbnailUrl\":\"https:\\\/\\\/i0.wp.com\\\/infos-droitshumains.net\\\/wp-content\\\/uploads\\\/2023\\\/02\\\/IMG-20230224-WA0005_1.jpg?fit=1040%2C623&ssl=1\",\"datePublished\":\"2023-02-24T12:52:37+00:00\",\"dateModified\":\"2023-02-24T12:55:41+00:00\",\"breadcrumb\":{\"@id\":\"https:\\\/\\\/infos-droitshumains.net\\\/?p=6618#breadcrumb\"},\"inLanguage\":\"fr-FR\",\"potentialAction\":[{\"@type\":\"ReadAction\",\"target\":[\"https:\\\/\\\/infos-droitshumains.net\\\/?p=6618\"]}]},{\"@type\":\"ImageObject\",\"inLanguage\":\"fr-FR\",\"@id\":\"https:\\\/\\\/infos-droitshumains.net\\\/?p=6618#primaryimage\",\"url\":\"https:\\\/\\\/i0.wp.com\\\/infos-droitshumains.net\\\/wp-content\\\/uploads\\\/2023\\\/02\\\/IMG-20230224-WA0005_1.jpg?fit=1040%2C623&ssl=1\",\"contentUrl\":\"https:\\\/\\\/i0.wp.com\\\/infos-droitshumains.net\\\/wp-content\\\/uploads\\\/2023\\\/02\\\/IMG-20230224-WA0005_1.jpg?fit=1040%2C623&ssl=1\",\"width\":1040,\"height\":623},{\"@type\":\"BreadcrumbList\",\"@id\":\"https:\\\/\\\/infos-droitshumains.net\\\/?p=6618#breadcrumb\",\"itemListElement\":[{\"@type\":\"ListItem\",\"position\":1,\"name\":\"Accueil\",\"item\":\"https:\\\/\\\/infos-droitshumains.net\\\/\"},{\"@type\":\"ListItem\",\"position\":2,\"name\":\"Apr\u00e8s sa participation \u00e0 un atelier de renforcement des capacit\u00e9s des leaders des jeunes de Kinshasa sur la coh\u00e9sion sociale, L&rsquo;ACLDH r\u00e9it\u00e8re son engagement \u00e0 lutter contre les discours de haine\"}]},{\"@type\":\"WebSite\",\"@id\":\"https:\\\/\\\/infos-droitshumains.net\\\/#website\",\"url\":\"https:\\\/\\\/infos-droitshumains.net\\\/\",\"name\":\"Infos Droits Humains\",\"description\":\"S&#039;informer est un droit\",\"publisher\":{\"@id\":\"https:\\\/\\\/infos-droitshumains.net\\\/#organization\"},\"potentialAction\":[{\"@type\":\"SearchAction\",\"target\":{\"@type\":\"EntryPoint\",\"urlTemplate\":\"https:\\\/\\\/infos-droitshumains.net\\\/?s={search_term_string}\"},\"query-input\":{\"@type\":\"PropertyValueSpecification\",\"valueRequired\":true,\"valueName\":\"search_term_string\"}}],\"inLanguage\":\"fr-FR\"},{\"@type\":\"Organization\",\"@id\":\"https:\\\/\\\/infos-droitshumains.net\\\/#organization\",\"name\":\"Infos Droits Humains\",\"url\":\"https:\\\/\\\/infos-droitshumains.net\\\/\",\"logo\":{\"@type\":\"ImageObject\",\"inLanguage\":\"fr-FR\",\"@id\":\"https:\\\/\\\/infos-droitshumains.net\\\/#\\\/schema\\\/logo\\\/image\\\/\",\"url\":\"https:\\\/\\\/i0.wp.com\\\/infos-droitshumains.net\\\/wp-content\\\/uploads\\\/2022\\\/05\\\/Logo.png?fit=333%2C129&ssl=1\",\"contentUrl\":\"https:\\\/\\\/i0.wp.com\\\/infos-droitshumains.net\\\/wp-content\\\/uploads\\\/2022\\\/05\\\/Logo.png?fit=333%2C129&ssl=1\",\"width\":333,\"height\":129,\"caption\":\"Infos Droits Humains\"},\"image\":{\"@id\":\"https:\\\/\\\/infos-droitshumains.net\\\/#\\\/schema\\\/logo\\\/image\\\/\"}},{\"@type\":\"Person\",\"@id\":\"https:\\\/\\\/infos-droitshumains.net\\\/#\\\/schema\\\/person\\\/3dc5e921c3302172e0ed4362f96faab7\",\"name\":\"Jo\u00ebl Diawa\",\"image\":{\"@type\":\"ImageObject\",\"inLanguage\":\"fr-FR\",\"@id\":\"https:\\\/\\\/secure.gravatar.com\\\/avatar\\\/729bea6ff4604c624417803c477363be8e3c7186deaa65713313f9b4b820f41c?s=96&d=mm&r=g\",\"url\":\"https:\\\/\\\/secure.gravatar.com\\\/avatar\\\/729bea6ff4604c624417803c477363be8e3c7186deaa65713313f9b4b820f41c?s=96&d=mm&r=g\",\"contentUrl\":\"https:\\\/\\\/secure.gravatar.com\\\/avatar\\\/729bea6ff4604c624417803c477363be8e3c7186deaa65713313f9b4b820f41c?s=96&d=mm&r=g\",\"caption\":\"Jo\u00ebl Diawa\"},\"sameAs\":[\"https:\\\/\\\/www.infos-droitshumains.net\"],\"url\":\"https:\\\/\\\/infos-droitshumains.net\\\/?author=2\"}]}<\/script>\n<!-- \/ Yoast SEO plugin. -->","yoast_head_json":{"title":"Apr\u00e8s sa participation \u00e0 un atelier de renforcement des capacit\u00e9s des leaders des jeunes de Kinshasa sur la coh\u00e9sion sociale, L'ACLDH r\u00e9it\u00e8re son engagement \u00e0 lutter contre les discours de haine - Infos Droits Humains","robots":{"index":"index","follow":"follow","max-snippet":"max-snippet:-1","max-image-preview":"max-image-preview:large","max-video-preview":"max-video-preview:-1"},"canonical":"https:\/\/infos-droitshumains.net\/?p=6618","og_locale":"fr_FR","og_type":"article","og_title":"Apr\u00e8s sa participation \u00e0 un atelier de renforcement des capacit\u00e9s des leaders des jeunes de Kinshasa sur la coh\u00e9sion sociale, L'ACLDH r\u00e9it\u00e8re son engagement \u00e0 lutter contre les discours de haine - Infos Droits Humains","og_description":"R\u00e9daction :+243817406088 Le conseil provincial de la jeunesse de Kinshasa a, en collaboration avec le...","og_url":"https:\/\/infos-droitshumains.net\/?p=6618","og_site_name":"Infos Droits Humains","article_published_time":"2023-02-24T12:52:37+00:00","article_modified_time":"2023-02-24T12:55:41+00:00","og_image":[{"width":1040,"height":623,"url":"https:\/\/i0.wp.com\/infos-droitshumains.net\/wp-content\/uploads\/2023\/02\/IMG-20230224-WA0005_1.jpg?fit=1040%2C623&ssl=1","type":"image\/jpeg"}],"author":"Jo\u00ebl Diawa","twitter_card":"summary_large_image","twitter_misc":{"\u00c9crit par":"Jo\u00ebl Diawa","Dur\u00e9e de lecture estim\u00e9e":"2 minutes"},"schema":{"@context":"https:\/\/schema.org","@graph":[{"@type":"Article","@id":"https:\/\/infos-droitshumains.net\/?p=6618#article","isPartOf":{"@id":"https:\/\/infos-droitshumains.net\/?p=6618"},"author":{"name":"Jo\u00ebl Diawa","@id":"https:\/\/infos-droitshumains.net\/#\/schema\/person\/3dc5e921c3302172e0ed4362f96faab7"},"headline":"Apr\u00e8s sa participation \u00e0 un atelier de renforcement des capacit\u00e9s des leaders des jeunes de Kinshasa sur la coh\u00e9sion sociale, L&rsquo;ACLDH r\u00e9it\u00e8re son engagement \u00e0 lutter contre les discours de haine","datePublished":"2023-02-24T12:52:37+00:00","dateModified":"2023-02-24T12:55:41+00:00","mainEntityOfPage":{"@id":"https:\/\/infos-droitshumains.net\/?p=6618"},"wordCount":459,"commentCount":0,"publisher":{"@id":"https:\/\/infos-droitshumains.net\/#organization"},"image":{"@id":"https:\/\/infos-droitshumains.net\/?p=6618#primaryimage"},"thumbnailUrl":"https:\/\/i0.wp.com\/infos-droitshumains.net\/wp-content\/uploads\/2023\/02\/IMG-20230224-WA0005_1.jpg?fit=1040%2C623&ssl=1","articleSection":["Droits Humains"],"inLanguage":"fr-FR","potentialAction":[{"@type":"CommentAction","name":"Comment","target":["https:\/\/infos-droitshumains.net\/?p=6618#respond"]}]},{"@type":"WebPage","@id":"https:\/\/infos-droitshumains.net\/?p=6618","url":"https:\/\/infos-droitshumains.net\/?p=6618","name":"Apr\u00e8s sa participation \u00e0 un atelier de renforcement des capacit\u00e9s des leaders des jeunes de Kinshasa sur la coh\u00e9sion sociale, L'ACLDH r\u00e9it\u00e8re son engagement \u00e0 lutter contre les discours de haine - Infos Droits Humains","isPartOf":{"@id":"https:\/\/infos-droitshumains.net\/#website"},"primaryImageOfPage":{"@id":"https:\/\/infos-droitshumains.net\/?p=6618#primaryimage"},"image":{"@id":"https:\/\/infos-droitshumains.net\/?p=6618#primaryimage"},"thumbnailUrl":"https:\/\/i0.wp.com\/infos-droitshumains.net\/wp-content\/uploads\/2023\/02\/IMG-20230224-WA0005_1.jpg?fit=1040%2C623&ssl=1","datePublished":"2023-02-24T12:52:37+00:00","dateModified":"2023-02-24T12:55:41+00:00","breadcrumb":{"@id":"https:\/\/infos-droitshumains.net\/?p=6618#breadcrumb"},"inLanguage":"fr-FR","potentialAction":[{"@type":"ReadAction","target":["https:\/\/infos-droitshumains.net\/?p=6618"]}]},{"@type":"ImageObject","inLanguage":"fr-FR","@id":"https:\/\/infos-droitshumains.net\/?p=6618#primaryimage","url":"https:\/\/i0.wp.com\/infos-droitshumains.net\/wp-content\/uploads\/2023\/02\/IMG-20230224-WA0005_1.jpg?fit=1040%2C623&ssl=1","contentUrl":"https:\/\/i0.wp.com\/infos-droitshumains.net\/wp-content\/uploads\/2023\/02\/IMG-20230224-WA0005_1.jpg?fit=1040%2C623&ssl=1","width":1040,"height":623},{"@type":"BreadcrumbList","@id":"https:\/\/infos-droitshumains.net\/?p=6618#breadcrumb","itemListElement":[{"@type":"ListItem","position":1,"name":"Accueil","item":"https:\/\/infos-droitshumains.net\/"},{"@type":"ListItem","position":2,"name":"Apr\u00e8s sa participation \u00e0 un atelier de renforcement des capacit\u00e9s des leaders des jeunes de Kinshasa sur la coh\u00e9sion sociale, L&rsquo;ACLDH r\u00e9it\u00e8re son engagement \u00e0 lutter contre les discours de haine"}]},{"@type":"WebSite","@id":"https:\/\/infos-droitshumains.net\/#website","url":"https:\/\/infos-droitshumains.net\/","name":"Infos Droits Humains","description":"S&#039;informer est un droit","publisher":{"@id":"https:\/\/infos-droitshumains.net\/#organization"},"potentialAction":[{"@type":"SearchAction","target":{"@type":"EntryPoint","urlTemplate":"https:\/\/infos-droitshumains.net\/?s={search_term_string}"},"query-input":{"@type":"PropertyValueSpecification","valueRequired":true,"valueName":"search_term_string"}}],"inLanguage":"fr-FR"},{"@type":"Organization","@id":"https:\/\/infos-droitshumains.net\/#organization","name":"Infos Droits Humains","url":"https:\/\/infos-droitshumains.net\/","logo":{"@type":"ImageObject","inLanguage":"fr-FR","@id":"https:\/\/infos-droitshumains.net\/#\/schema\/logo\/image\/","url":"https:\/\/i0.wp.com\/infos-droitshumains.net\/wp-content\/uploads\/2022\/05\/Logo.png?fit=333%2C129&ssl=1","contentUrl":"https:\/\/i0.wp.com\/infos-droitshumains.net\/wp-content\/uploads\/2022\/05\/Logo.png?fit=333%2C129&ssl=1","width":333,"height":129,"caption":"Infos Droits Humains"},"image":{"@id":"https:\/\/infos-droitshumains.net\/#\/schema\/logo\/image\/"}},{"@type":"Person","@id":"https:\/\/infos-droitshumains.net\/#\/schema\/person\/3dc5e921c3302172e0ed4362f96faab7","name":"Jo\u00ebl Diawa","image":{"@type":"ImageObject","inLanguage":"fr-FR","@id":"https:\/\/secure.gravatar.com\/avatar\/729bea6ff4604c624417803c477363be8e3c7186deaa65713313f9b4b820f41c?s=96&d=mm&r=g","url":"https:\/\/secure.gravatar.com\/avatar\/729bea6ff4604c624417803c477363be8e3c7186deaa65713313f9b4b820f41c?s=96&d=mm&r=g","contentUrl":"https:\/\/secure.gravatar.com\/avatar\/729bea6ff4604c624417803c477363be8e3c7186deaa65713313f9b4b820f41c?s=96&d=mm&r=g","caption":"Jo\u00ebl Diawa"},"sameAs":["https:\/\/www.infos-droitshumains.net"],"url":"https:\/\/infos-droitshumains.net\/?author=2"}]}},"featured_image_urls":{"full":["https:\/\/i0.wp.com\/infos-droitshumains.net\/wp-content\/uploads\/2023\/02\/IMG-20230224-WA0005_1.jpg?fit=1040%2C623&ssl=1",1040,623,false],"thumbnail":["https:\/\/i0.wp.com\/infos-droitshumains.net\/wp-content\/uploads\/2023\/02\/IMG-20230224-WA0005_1.jpg?resize=150%2C150&ssl=1",150,150,true],"medium":["https:\/\/i0.wp.com\/infos-droitshumains.net\/wp-content\/uploads\/2023\/02\/IMG-20230224-WA0005_1.jpg?fit=300%2C180&ssl=1",300,180,true],"medium_large":["https:\/\/i0.wp.com\/infos-droitshumains.net\/wp-content\/uploads\/2023\/02\/IMG-20230224-WA0005_1.jpg?fit=640%2C383&ssl=1",640,383,true],"large":["https:\/\/i0.wp.com\/infos-droitshumains.net\/wp-content\/uploads\/2023\/02\/IMG-20230224-WA0005_1.jpg?fit=640%2C383&ssl=1",640,383,true],"1536x1536":["https:\/\/i0.wp.com\/infos-droitshumains.net\/wp-content\/uploads\/2023\/02\/IMG-20230224-WA0005_1.jpg?fit=1040%2C623&ssl=1",1040,623,true],"2048x2048":["https:\/\/i0.wp.com\/infos-droitshumains.net\/wp-content\/uploads\/2023\/02\/IMG-20230224-WA0005_1.jpg?fit=1040%2C623&ssl=1",1040,623,true],"covernews-slider-full":["https:\/\/i0.wp.com\/infos-droitshumains.net\/wp-content\/uploads\/2023\/02\/IMG-20230224-WA0005_1.jpg?resize=1040%2C623&ssl=1",1040,623,true],"covernews-slider-center":["https:\/\/i0.wp.com\/infos-droitshumains.net\/wp-content\/uploads\/2023\/02\/IMG-20230224-WA0005_1.jpg?resize=800%2C500&ssl=1",800,500,true],"covernews-featured":["https:\/\/i0.wp.com\/infos-droitshumains.net\/wp-content\/uploads\/2023\/02\/IMG-20230224-WA0005_1.jpg?fit=1024%2C613&ssl=1",1024,613,true],"covernews-medium":["https:\/\/i0.wp.com\/infos-droitshumains.net\/wp-content\/uploads\/2023\/02\/IMG-20230224-WA0005_1.jpg?resize=540%2C340&ssl=1",540,340,true],"covernews-medium-square":["https:\/\/i0.wp.com\/infos-droitshumains.net\/wp-content\/uploads\/2023\/02\/IMG-20230224-WA0005_1.jpg?resize=400%2C250&ssl=1",400,250,true]},"author_info":{"display_name":"Jo\u00ebl Diawa","author_link":"https:\/\/infos-droitshumains.net\/?author=2"},"category_info":"<a href=\"https:\/\/infos-droitshumains.net\/?cat=7\" rel=\"category\">Droits Humains<\/a>","tag_info":"Droits Humains","comment_count":"0","jetpack_featured_media_url":"https:\/\/i0.wp.com\/infos-droitshumains.net\/wp-content\/uploads\/2023\/02\/IMG-20230224-WA0005_1.jpg?fit=1040%2C623&ssl=1","jetpack-related-posts":[],"jetpack_sharing_enabled":true,"_links":{"self":[{"href":"https:\/\/infos-droitshumains.net\/index.php?rest_route=\/wp\/v2\/posts\/6618","targetHints":{"allow":["GET"]}}],"collection":[{"href":"https:\/\/infos-droitshumains.net\/index.php?rest_route=\/wp\/v2\/posts"}],"about":[{"href":"https:\/\/infos-droitshumains.net\/index.php?rest_route=\/wp\/v2\/types\/post"}],"author":[{"embeddable":true,"href":"https:\/\/infos-droitshumains.net\/index.php?rest_route=\/wp\/v2\/users\/2"}],"replies":[{"embeddable":true,"href":"https:\/\/infos-droitshumains.net\/index.php?rest_route=%2Fwp%2Fv2%2Fcomments&post=6618"}],"version-history":[{"count":1,"href":"https:\/\/infos-droitshumains.net\/index.php?rest_route=\/wp\/v2\/posts\/6618\/revisions"}],"predecessor-version":[{"id":6619,"href":"https:\/\/infos-droitshumains.net\/index.php?rest_route=\/wp\/v2\/posts\/6618\/revisions\/6619"}],"wp:featuredmedia":[{"embeddable":true,"href":"https:\/\/infos-droitshumains.net\/index.php?rest_route=\/wp\/v2\/media\/6620"}],"wp:attachment":[{"href":"https:\/\/infos-droitshumains.net\/index.php?rest_route=%2Fwp%2Fv2%2Fmedia&parent=6618"}],"wp:term":[{"taxonomy":"category","embeddable":true,"href":"https:\/\/infos-droitshumains.net\/index.php?rest_route=%2Fwp%2Fv2%2Fcategories&post=6618"},{"taxonomy":"post_tag","embeddable":true,"href":"https:\/\/infos-droitshumains.net\/index.php?rest_route=%2Fwp%2Fv2%2Ftags&post=6618"}],"curies":[{"name":"wp","href":"https:\/\/api.w.org\/{rel}","templated":true}]}}