{"id":6594,"date":"2023-02-24T10:00:18","date_gmt":"2023-02-24T09:00:18","guid":{"rendered":"https:\/\/infos-droitshumains.net\/?p=6594"},"modified":"2023-02-24T10:11:41","modified_gmt":"2023-02-24T09:11:41","slug":"rdc-la-traite-des-personnes-sera-desormais-condamnee-a-20-ans-de-servitude-penale-assortie-dune-amande-allant-jusqua-60-millions","status":"publish","type":"post","link":"https:\/\/infos-droitshumains.net\/?p=6594","title":{"rendered":"RDC : La traite des personnes sera d\u00e9sormais condamn\u00e9e \u00e0 20 ans de servitude p\u00e9nale assortie d\u2019une amande allant jusqu\u2019\u00e0 60 millions CDF"},"content":{"rendered":"\n<p><strong>R\u00e9daction :+243817406088<\/strong><\/p>\n\n\n\n<p>C\u2019est depuis le 26 d\u00e9cembre 2022 que la loi n\u00b0 22\/067 modifiant et compl\u00e9tant le d\u00e9cret du 30 janvier 1940 portant code p\u00e9nal congolais en mati\u00e8re de la pr\u00e9vention et de la r\u00e9pression de la traite des personnes a \u00e9t\u00e9 promulgu\u00e9 par le Chef de l\u2019Etat. Cette loi qui \u00e9rige la traite des personnes \u00e0 une infraction a \u00e9t\u00e9 pr\u00e9sent\u00e9e ce mercredi 22 f\u00e9vrier aux acteurs de premi\u00e8re ligne dans la lutte contre la traite des personnes en R\u00e9publique D\u00e9mocratique du Congo.<\/p>\n\n\n\n<p>Le ministre des Droits Humains qui avait port\u00e9 cette loi \u00e0 la commission des lois du gouvernement, \u00e0 l\u2019Assembl\u00e9e Nationale et au S\u00e9nat de pouvoir voir enfin les criminelles de la traite des personnes \u00eatre poursuivi.<\/p>\n\n\n\n<p><em>\u00ab&nbsp;La c\u00e9r\u00e9monie d\u2019aujourd\u2019hui rev\u00eat une importance capitale dans la mesure o\u00f9, la R\u00e9publique D\u00e9mocratique du Congo a connu et connait&nbsp; encore plusieurs textes de lois, des r\u00e8glements qui remplissent les tiroirs. La loi tant qu\u2019elle n\u2019est pas vulgaris\u00e9e, elle n\u2019est pas appliqu\u00e9e, elle ne sert \u00e0 rien. Nous avons un outil important dans l\u2019arsenal juridique de notre pays&nbsp;; la loi portant criminalisation et r\u00e9pression de la traite des personnes, une premi\u00e8re. Il est important que les diff\u00e9rents acteurs puissent la connaitre. Ceux qui s\u2019adonnent \u00e0 ces activit\u00e9s-l\u00e0 passaient dans l\u2019\u00e9mail du grand filet juridique, mais d\u00e9sormais, avec cette loi qui est promulgu\u00e9, tous tomberons sous le coup de la loi&nbsp;\u00bb<\/em>, a dit Albert-Fabrice Puela \u00e0 l\u2019assistance.<\/p>\n\n\n\n<p><em>\u00ab&nbsp;Nous au niveau du gouvernement avec l\u2019implication de nos partenaires, nous devons mener une lutte acharn\u00e9e contre le trafic des \u00eatres humains&nbsp;\u00bb<\/em>, a poursuivi le ministre qui a par ailleurs exprim\u00e9 la volont\u00e9 de son portefeuille \u00e0 <em>\u00ab&nbsp;appuyer&nbsp;\u00bb<\/em> la volont\u00e9 exprim\u00e9e par le Pr\u00e9sident de la R\u00e9publique \u00e0-travers la nouvelle coordination.<\/p>\n\n\n\n<p>Cette nouvelle coordination est en effet, la fusion de la coordination de la jeunesse, lutte contre les violences faites aux femmes et l\u2019Agence pour la Pr\u00e9vention et la Lutte contre la Traite des Personnes sera dor\u00e9navant chapeaut\u00e9e par Chantal Mulop Yelu. Pour elle, la lutte contre la traite des personnes ne peut \u00eatre efficace que si elle est consid\u00e9r\u00e9e dans une trilogie.<\/p>\n\n\n\n<p><em>\u00ab&nbsp;\u2026 La jeunesse, la violence faite bas\u00e9e sur le genre et la traite des personnes cohabitent. On se rend compte que quand il y a la traite des personnes, la majorit\u00e9&nbsp; des victimes c\u2019est souvent les jeunes filles et les jeunes&nbsp; gar\u00e7ons&nbsp;; on parle de la violence faite \u00e0 la femme quand ces personnes sont vendues comme des esclaves, souvent il y a la violence sexuelle qui est mise en place. Alors c\u2019est tr\u00e8s important qu\u2019un plan soit mis en place au tour de la traite \u00e0 partir de cette trilogie, mais aussi, il faudra que cette nouvelle loi soit mise en pratique. Il faudra non seulement la vulgariser, mais il faudra&nbsp; aussi profiter de cet outil qui est mis en place qui est le num\u00e9ro vert qui va permettre aux victimes de pouvoir appeler et de pouvoir d\u00e9noncer. Avec cette d\u00e9clinaison de la loi\u2026 les victimes sont prot\u00e9g\u00e9es, mais les bourreaux sont poursuivis&nbsp;\u00bb<\/em>, a d\u00e9clar\u00e9 Chantal Mulop Yelu.<\/p>\n\n\n\n<p>L\u2019organisation Internationale pour les Migrations, un partenaire inconditionn\u00e9 de la RDC dans la lutte contre la traite des personnes a accompagn\u00e9 tout le processus ayant conduit \u00e0 la promulgation de cette nouvelle loi. Fabien Sambussy, chef de mission de l\u2019OIM rassure partenaire quant \u00e0 son accompagnement pour les prochaines \u00e9tapes.<\/p>\n\n\n\n<p><em>\u00ab&nbsp;Aujourd\u2019hui, cette loi va permettre aux victimes de ne pas \u00eatre victimes deux fois. Elles ont \u00e9t\u00e9 victimes de leurs bourreaux et elles ont \u00e9t\u00e9 victimes de l\u2019absence de la justice. Le travail qui nous reste aujourd\u2019hui, c\u2019est le travail de sensibilisation, de pr\u00e9vention, de protection de ces jeunes hommes et femmes. La loi est l\u00e0, on s\u2019en r\u00e9jouit, je pense que je serai encore heureux le jour o\u00f9 on commencera \u00e0 voir le premier bourreau traduit en justice. On a besoin de voir les criminels en justice&nbsp;\u00bb.<\/em><\/p>\n\n\n\n<p>L\u2019OIM appui ce processus gr\u00e2ce au financement du gouvernement am\u00e9ricain \u00e0-travers l\u2019USAID, qui pour sa part, promet \u00e9galement \u00e0 la R\u00e9publique D\u00e9mocratique du Congo un accompagnement sans faille.<\/p>\n\n\n\n<p><em>\u00ab&nbsp;Je voudrai remercier tous ceux qui ont travaill\u00e9 pour assurer le passage de la loi. C\u2019est un grand accomplissement. Avec cette loi maintenant, nous avons le cadre juridique qu\u2019il faut, mais il faut aller plus loin. Il a beaucoup des choses \u00e0 faire dans tous les trois domaines \u00e0 savoir, la protection, la pr\u00e9vention et la poursuite. Donc je vous encourage de continuer le bon travail, de continuer avec tous vos efforts. Sachez que nous les USA, nous sommes avec vous, vous pouvez compter sur nous&nbsp;\u00bb<\/em>, a laiss\u00e9&nbsp; entendre Lucy Tamlyn, ambassadrice des Etats Unies en&nbsp; RDC.<\/p>\n\n\n\n<p>Cette nouvelle loi sur la traite des personnes inflige des lourdes peines et amandes aux bourreaux. Les peines vont de 8 \u00e0 20 ans de servitude p\u00e9nale et les amandes de 15 \u00e0 60 millions CDF. Pour C\u00e9cile Meta, ancienne coordonnatrice de ces amandes permettront \u00e0 l\u2019Etat de <em>\u00ab&nbsp;d\u00e9dommager les victimes&nbsp;\u00bb.<\/em><\/p>\n\n\n\n<p>Jo\u00ebl Diawa<\/p>\n","protected":false},"excerpt":{"rendered":"<p>R\u00e9daction :+243817406088 C\u2019est depuis le 26 d\u00e9cembre 2022 que la loi n\u00b0 22\/067 modifiant et&#8230;<\/p>\n","protected":false},"author":2,"featured_media":6598,"comment_status":"open","ping_status":"open","sticky":false,"template":"","format":"standard","meta":{"_jetpack_memberships_contains_paid_content":false,"footnotes":""},"categories":[7],"tags":[],"class_list":["post-6594","post","type-post","status-publish","format-standard","has-post-thumbnail","hentry","category-droits-humains"],"yoast_head":"<!-- This site is optimized with the Yoast SEO plugin v27.5 - https:\/\/yoast.com\/product\/yoast-seo-wordpress\/ -->\n<title>RDC : La traite des personnes sera d\u00e9sormais condamn\u00e9e \u00e0 20 ans de servitude p\u00e9nale assortie d\u2019une amande allant jusqu\u2019\u00e0 60 millions CDF - Infos Droits Humains<\/title>\n<meta name=\"robots\" content=\"index, follow, max-snippet:-1, max-image-preview:large, max-video-preview:-1\" \/>\n<link rel=\"canonical\" href=\"https:\/\/infos-droitshumains.net\/?p=6594\" \/>\n<meta property=\"og:locale\" content=\"fr_FR\" \/>\n<meta property=\"og:type\" content=\"article\" \/>\n<meta property=\"og:title\" content=\"RDC : La traite des personnes sera d\u00e9sormais condamn\u00e9e \u00e0 20 ans de servitude p\u00e9nale assortie d\u2019une amande allant jusqu\u2019\u00e0 60 millions CDF - Infos Droits Humains\" \/>\n<meta property=\"og:description\" content=\"R\u00e9daction :+243817406088 C\u2019est depuis le 26 d\u00e9cembre 2022 que la loi n\u00b0 22\/067 modifiant et...\" \/>\n<meta property=\"og:url\" content=\"https:\/\/infos-droitshumains.net\/?p=6594\" \/>\n<meta property=\"og:site_name\" content=\"Infos Droits Humains\" \/>\n<meta property=\"article:published_time\" content=\"2023-02-24T09:00:18+00:00\" \/>\n<meta property=\"article:modified_time\" content=\"2023-02-24T09:11:41+00:00\" \/>\n<meta property=\"og:image\" content=\"https:\/\/i0.wp.com\/infos-droitshumains.net\/wp-content\/uploads\/2023\/02\/IMG-20230223-WA0020.jpg?fit=1600%2C1066&ssl=1\" \/>\n\t<meta property=\"og:image:width\" content=\"1600\" \/>\n\t<meta property=\"og:image:height\" content=\"1066\" \/>\n\t<meta property=\"og:image:type\" content=\"image\/jpeg\" \/>\n<meta name=\"author\" content=\"Jo\u00ebl Diawa\" \/>\n<meta name=\"twitter:card\" content=\"summary_large_image\" \/>\n<meta name=\"twitter:label1\" content=\"\u00c9crit par\" \/>\n\t<meta name=\"twitter:data1\" content=\"Jo\u00ebl Diawa\" \/>\n\t<meta name=\"twitter:label2\" content=\"Dur\u00e9e de lecture estim\u00e9e\" \/>\n\t<meta name=\"twitter:data2\" content=\"5 minutes\" \/>\n<script type=\"application\/ld+json\" class=\"yoast-schema-graph\">{\"@context\":\"https:\\\/\\\/schema.org\",\"@graph\":[{\"@type\":\"Article\",\"@id\":\"https:\\\/\\\/infos-droitshumains.net\\\/?p=6594#article\",\"isPartOf\":{\"@id\":\"https:\\\/\\\/infos-droitshumains.net\\\/?p=6594\"},\"author\":{\"name\":\"Jo\u00ebl Diawa\",\"@id\":\"https:\\\/\\\/infos-droitshumains.net\\\/#\\\/schema\\\/person\\\/3dc5e921c3302172e0ed4362f96faab7\"},\"headline\":\"RDC : La traite des personnes sera d\u00e9sormais condamn\u00e9e \u00e0 20 ans de servitude p\u00e9nale assortie d\u2019une amande allant jusqu\u2019\u00e0 60 millions CDF\",\"datePublished\":\"2023-02-24T09:00:18+00:00\",\"dateModified\":\"2023-02-24T09:11:41+00:00\",\"mainEntityOfPage\":{\"@id\":\"https:\\\/\\\/infos-droitshumains.net\\\/?p=6594\"},\"wordCount\":926,\"commentCount\":0,\"publisher\":{\"@id\":\"https:\\\/\\\/infos-droitshumains.net\\\/#organization\"},\"image\":{\"@id\":\"https:\\\/\\\/infos-droitshumains.net\\\/?p=6594#primaryimage\"},\"thumbnailUrl\":\"https:\\\/\\\/i0.wp.com\\\/infos-droitshumains.net\\\/wp-content\\\/uploads\\\/2023\\\/02\\\/IMG-20230223-WA0020.jpg?fit=1600%2C1066&ssl=1\",\"articleSection\":[\"Droits Humains\"],\"inLanguage\":\"fr-FR\",\"potentialAction\":[{\"@type\":\"CommentAction\",\"name\":\"Comment\",\"target\":[\"https:\\\/\\\/infos-droitshumains.net\\\/?p=6594#respond\"]}]},{\"@type\":\"WebPage\",\"@id\":\"https:\\\/\\\/infos-droitshumains.net\\\/?p=6594\",\"url\":\"https:\\\/\\\/infos-droitshumains.net\\\/?p=6594\",\"name\":\"RDC : La traite des personnes sera d\u00e9sormais condamn\u00e9e \u00e0 20 ans de servitude p\u00e9nale assortie d\u2019une amande allant jusqu\u2019\u00e0 60 millions CDF - Infos Droits Humains\",\"isPartOf\":{\"@id\":\"https:\\\/\\\/infos-droitshumains.net\\\/#website\"},\"primaryImageOfPage\":{\"@id\":\"https:\\\/\\\/infos-droitshumains.net\\\/?p=6594#primaryimage\"},\"image\":{\"@id\":\"https:\\\/\\\/infos-droitshumains.net\\\/?p=6594#primaryimage\"},\"thumbnailUrl\":\"https:\\\/\\\/i0.wp.com\\\/infos-droitshumains.net\\\/wp-content\\\/uploads\\\/2023\\\/02\\\/IMG-20230223-WA0020.jpg?fit=1600%2C1066&ssl=1\",\"datePublished\":\"2023-02-24T09:00:18+00:00\",\"dateModified\":\"2023-02-24T09:11:41+00:00\",\"breadcrumb\":{\"@id\":\"https:\\\/\\\/infos-droitshumains.net\\\/?p=6594#breadcrumb\"},\"inLanguage\":\"fr-FR\",\"potentialAction\":[{\"@type\":\"ReadAction\",\"target\":[\"https:\\\/\\\/infos-droitshumains.net\\\/?p=6594\"]}]},{\"@type\":\"ImageObject\",\"inLanguage\":\"fr-FR\",\"@id\":\"https:\\\/\\\/infos-droitshumains.net\\\/?p=6594#primaryimage\",\"url\":\"https:\\\/\\\/i0.wp.com\\\/infos-droitshumains.net\\\/wp-content\\\/uploads\\\/2023\\\/02\\\/IMG-20230223-WA0020.jpg?fit=1600%2C1066&ssl=1\",\"contentUrl\":\"https:\\\/\\\/i0.wp.com\\\/infos-droitshumains.net\\\/wp-content\\\/uploads\\\/2023\\\/02\\\/IMG-20230223-WA0020.jpg?fit=1600%2C1066&ssl=1\",\"width\":1600,\"height\":1066},{\"@type\":\"BreadcrumbList\",\"@id\":\"https:\\\/\\\/infos-droitshumains.net\\\/?p=6594#breadcrumb\",\"itemListElement\":[{\"@type\":\"ListItem\",\"position\":1,\"name\":\"Accueil\",\"item\":\"https:\\\/\\\/infos-droitshumains.net\\\/\"},{\"@type\":\"ListItem\",\"position\":2,\"name\":\"RDC : La traite des personnes sera d\u00e9sormais condamn\u00e9e \u00e0 20 ans de servitude p\u00e9nale assortie d\u2019une amande allant jusqu\u2019\u00e0 60 millions CDF\"}]},{\"@type\":\"WebSite\",\"@id\":\"https:\\\/\\\/infos-droitshumains.net\\\/#website\",\"url\":\"https:\\\/\\\/infos-droitshumains.net\\\/\",\"name\":\"Infos Droits Humains\",\"description\":\"S&#039;informer est un droit\",\"publisher\":{\"@id\":\"https:\\\/\\\/infos-droitshumains.net\\\/#organization\"},\"potentialAction\":[{\"@type\":\"SearchAction\",\"target\":{\"@type\":\"EntryPoint\",\"urlTemplate\":\"https:\\\/\\\/infos-droitshumains.net\\\/?s={search_term_string}\"},\"query-input\":{\"@type\":\"PropertyValueSpecification\",\"valueRequired\":true,\"valueName\":\"search_term_string\"}}],\"inLanguage\":\"fr-FR\"},{\"@type\":\"Organization\",\"@id\":\"https:\\\/\\\/infos-droitshumains.net\\\/#organization\",\"name\":\"Infos Droits Humains\",\"url\":\"https:\\\/\\\/infos-droitshumains.net\\\/\",\"logo\":{\"@type\":\"ImageObject\",\"inLanguage\":\"fr-FR\",\"@id\":\"https:\\\/\\\/infos-droitshumains.net\\\/#\\\/schema\\\/logo\\\/image\\\/\",\"url\":\"https:\\\/\\\/i0.wp.com\\\/infos-droitshumains.net\\\/wp-content\\\/uploads\\\/2022\\\/05\\\/Logo.png?fit=333%2C129&ssl=1\",\"contentUrl\":\"https:\\\/\\\/i0.wp.com\\\/infos-droitshumains.net\\\/wp-content\\\/uploads\\\/2022\\\/05\\\/Logo.png?fit=333%2C129&ssl=1\",\"width\":333,\"height\":129,\"caption\":\"Infos Droits Humains\"},\"image\":{\"@id\":\"https:\\\/\\\/infos-droitshumains.net\\\/#\\\/schema\\\/logo\\\/image\\\/\"}},{\"@type\":\"Person\",\"@id\":\"https:\\\/\\\/infos-droitshumains.net\\\/#\\\/schema\\\/person\\\/3dc5e921c3302172e0ed4362f96faab7\",\"name\":\"Jo\u00ebl Diawa\",\"image\":{\"@type\":\"ImageObject\",\"inLanguage\":\"fr-FR\",\"@id\":\"https:\\\/\\\/secure.gravatar.com\\\/avatar\\\/729bea6ff4604c624417803c477363be8e3c7186deaa65713313f9b4b820f41c?s=96&d=mm&r=g\",\"url\":\"https:\\\/\\\/secure.gravatar.com\\\/avatar\\\/729bea6ff4604c624417803c477363be8e3c7186deaa65713313f9b4b820f41c?s=96&d=mm&r=g\",\"contentUrl\":\"https:\\\/\\\/secure.gravatar.com\\\/avatar\\\/729bea6ff4604c624417803c477363be8e3c7186deaa65713313f9b4b820f41c?s=96&d=mm&r=g\",\"caption\":\"Jo\u00ebl Diawa\"},\"sameAs\":[\"https:\\\/\\\/www.infos-droitshumains.net\"],\"url\":\"https:\\\/\\\/infos-droitshumains.net\\\/?author=2\"}]}<\/script>\n<!-- \/ Yoast SEO plugin. -->","yoast_head_json":{"title":"RDC : La traite des personnes sera d\u00e9sormais condamn\u00e9e \u00e0 20 ans de servitude p\u00e9nale assortie d\u2019une amande allant jusqu\u2019\u00e0 60 millions CDF - Infos Droits Humains","robots":{"index":"index","follow":"follow","max-snippet":"max-snippet:-1","max-image-preview":"max-image-preview:large","max-video-preview":"max-video-preview:-1"},"canonical":"https:\/\/infos-droitshumains.net\/?p=6594","og_locale":"fr_FR","og_type":"article","og_title":"RDC : La traite des personnes sera d\u00e9sormais condamn\u00e9e \u00e0 20 ans de servitude p\u00e9nale assortie d\u2019une amande allant jusqu\u2019\u00e0 60 millions CDF - Infos Droits Humains","og_description":"R\u00e9daction :+243817406088 C\u2019est depuis le 26 d\u00e9cembre 2022 que la loi n\u00b0 22\/067 modifiant et...","og_url":"https:\/\/infos-droitshumains.net\/?p=6594","og_site_name":"Infos Droits Humains","article_published_time":"2023-02-24T09:00:18+00:00","article_modified_time":"2023-02-24T09:11:41+00:00","og_image":[{"width":1600,"height":1066,"url":"https:\/\/i0.wp.com\/infos-droitshumains.net\/wp-content\/uploads\/2023\/02\/IMG-20230223-WA0020.jpg?fit=1600%2C1066&ssl=1","type":"image\/jpeg"}],"author":"Jo\u00ebl Diawa","twitter_card":"summary_large_image","twitter_misc":{"\u00c9crit par":"Jo\u00ebl Diawa","Dur\u00e9e de lecture estim\u00e9e":"5 minutes"},"schema":{"@context":"https:\/\/schema.org","@graph":[{"@type":"Article","@id":"https:\/\/infos-droitshumains.net\/?p=6594#article","isPartOf":{"@id":"https:\/\/infos-droitshumains.net\/?p=6594"},"author":{"name":"Jo\u00ebl Diawa","@id":"https:\/\/infos-droitshumains.net\/#\/schema\/person\/3dc5e921c3302172e0ed4362f96faab7"},"headline":"RDC : La traite des personnes sera d\u00e9sormais condamn\u00e9e \u00e0 20 ans de servitude p\u00e9nale assortie d\u2019une amande allant jusqu\u2019\u00e0 60 millions CDF","datePublished":"2023-02-24T09:00:18+00:00","dateModified":"2023-02-24T09:11:41+00:00","mainEntityOfPage":{"@id":"https:\/\/infos-droitshumains.net\/?p=6594"},"wordCount":926,"commentCount":0,"publisher":{"@id":"https:\/\/infos-droitshumains.net\/#organization"},"image":{"@id":"https:\/\/infos-droitshumains.net\/?p=6594#primaryimage"},"thumbnailUrl":"https:\/\/i0.wp.com\/infos-droitshumains.net\/wp-content\/uploads\/2023\/02\/IMG-20230223-WA0020.jpg?fit=1600%2C1066&ssl=1","articleSection":["Droits Humains"],"inLanguage":"fr-FR","potentialAction":[{"@type":"CommentAction","name":"Comment","target":["https:\/\/infos-droitshumains.net\/?p=6594#respond"]}]},{"@type":"WebPage","@id":"https:\/\/infos-droitshumains.net\/?p=6594","url":"https:\/\/infos-droitshumains.net\/?p=6594","name":"RDC : La traite des personnes sera d\u00e9sormais condamn\u00e9e \u00e0 20 ans de servitude p\u00e9nale assortie d\u2019une amande allant jusqu\u2019\u00e0 60 millions CDF - Infos Droits Humains","isPartOf":{"@id":"https:\/\/infos-droitshumains.net\/#website"},"primaryImageOfPage":{"@id":"https:\/\/infos-droitshumains.net\/?p=6594#primaryimage"},"image":{"@id":"https:\/\/infos-droitshumains.net\/?p=6594#primaryimage"},"thumbnailUrl":"https:\/\/i0.wp.com\/infos-droitshumains.net\/wp-content\/uploads\/2023\/02\/IMG-20230223-WA0020.jpg?fit=1600%2C1066&ssl=1","datePublished":"2023-02-24T09:00:18+00:00","dateModified":"2023-02-24T09:11:41+00:00","breadcrumb":{"@id":"https:\/\/infos-droitshumains.net\/?p=6594#breadcrumb"},"inLanguage":"fr-FR","potentialAction":[{"@type":"ReadAction","target":["https:\/\/infos-droitshumains.net\/?p=6594"]}]},{"@type":"ImageObject","inLanguage":"fr-FR","@id":"https:\/\/infos-droitshumains.net\/?p=6594#primaryimage","url":"https:\/\/i0.wp.com\/infos-droitshumains.net\/wp-content\/uploads\/2023\/02\/IMG-20230223-WA0020.jpg?fit=1600%2C1066&ssl=1","contentUrl":"https:\/\/i0.wp.com\/infos-droitshumains.net\/wp-content\/uploads\/2023\/02\/IMG-20230223-WA0020.jpg?fit=1600%2C1066&ssl=1","width":1600,"height":1066},{"@type":"BreadcrumbList","@id":"https:\/\/infos-droitshumains.net\/?p=6594#breadcrumb","itemListElement":[{"@type":"ListItem","position":1,"name":"Accueil","item":"https:\/\/infos-droitshumains.net\/"},{"@type":"ListItem","position":2,"name":"RDC : La traite des personnes sera d\u00e9sormais condamn\u00e9e \u00e0 20 ans de servitude p\u00e9nale assortie d\u2019une amande allant jusqu\u2019\u00e0 60 millions CDF"}]},{"@type":"WebSite","@id":"https:\/\/infos-droitshumains.net\/#website","url":"https:\/\/infos-droitshumains.net\/","name":"Infos Droits Humains","description":"S&#039;informer est un droit","publisher":{"@id":"https:\/\/infos-droitshumains.net\/#organization"},"potentialAction":[{"@type":"SearchAction","target":{"@type":"EntryPoint","urlTemplate":"https:\/\/infos-droitshumains.net\/?s={search_term_string}"},"query-input":{"@type":"PropertyValueSpecification","valueRequired":true,"valueName":"search_term_string"}}],"inLanguage":"fr-FR"},{"@type":"Organization","@id":"https:\/\/infos-droitshumains.net\/#organization","name":"Infos Droits Humains","url":"https:\/\/infos-droitshumains.net\/","logo":{"@type":"ImageObject","inLanguage":"fr-FR","@id":"https:\/\/infos-droitshumains.net\/#\/schema\/logo\/image\/","url":"https:\/\/i0.wp.com\/infos-droitshumains.net\/wp-content\/uploads\/2022\/05\/Logo.png?fit=333%2C129&ssl=1","contentUrl":"https:\/\/i0.wp.com\/infos-droitshumains.net\/wp-content\/uploads\/2022\/05\/Logo.png?fit=333%2C129&ssl=1","width":333,"height":129,"caption":"Infos Droits Humains"},"image":{"@id":"https:\/\/infos-droitshumains.net\/#\/schema\/logo\/image\/"}},{"@type":"Person","@id":"https:\/\/infos-droitshumains.net\/#\/schema\/person\/3dc5e921c3302172e0ed4362f96faab7","name":"Jo\u00ebl Diawa","image":{"@type":"ImageObject","inLanguage":"fr-FR","@id":"https:\/\/secure.gravatar.com\/avatar\/729bea6ff4604c624417803c477363be8e3c7186deaa65713313f9b4b820f41c?s=96&d=mm&r=g","url":"https:\/\/secure.gravatar.com\/avatar\/729bea6ff4604c624417803c477363be8e3c7186deaa65713313f9b4b820f41c?s=96&d=mm&r=g","contentUrl":"https:\/\/secure.gravatar.com\/avatar\/729bea6ff4604c624417803c477363be8e3c7186deaa65713313f9b4b820f41c?s=96&d=mm&r=g","caption":"Jo\u00ebl Diawa"},"sameAs":["https:\/\/www.infos-droitshumains.net"],"url":"https:\/\/infos-droitshumains.net\/?author=2"}]}},"featured_image_urls":{"full":["https:\/\/i0.wp.com\/infos-droitshumains.net\/wp-content\/uploads\/2023\/02\/IMG-20230223-WA0020.jpg?fit=1600%2C1066&ssl=1",1600,1066,false],"thumbnail":["https:\/\/i0.wp.com\/infos-droitshumains.net\/wp-content\/uploads\/2023\/02\/IMG-20230223-WA0020.jpg?resize=150%2C150&ssl=1",150,150,true],"medium":["https:\/\/i0.wp.com\/infos-droitshumains.net\/wp-content\/uploads\/2023\/02\/IMG-20230223-WA0020.jpg?fit=300%2C200&ssl=1",300,200,true],"medium_large":["https:\/\/i0.wp.com\/infos-droitshumains.net\/wp-content\/uploads\/2023\/02\/IMG-20230223-WA0020.jpg?fit=640%2C427&ssl=1",640,427,true],"large":["https:\/\/i0.wp.com\/infos-droitshumains.net\/wp-content\/uploads\/2023\/02\/IMG-20230223-WA0020.jpg?fit=640%2C426&ssl=1",640,426,true],"1536x1536":["https:\/\/i0.wp.com\/infos-droitshumains.net\/wp-content\/uploads\/2023\/02\/IMG-20230223-WA0020.jpg?fit=1536%2C1023&ssl=1",1536,1023,true],"2048x2048":["https:\/\/i0.wp.com\/infos-droitshumains.net\/wp-content\/uploads\/2023\/02\/IMG-20230223-WA0020.jpg?fit=1600%2C1066&ssl=1",1600,1066,true],"covernews-slider-full":["https:\/\/i0.wp.com\/infos-droitshumains.net\/wp-content\/uploads\/2023\/02\/IMG-20230223-WA0020.jpg?resize=1115%2C715&ssl=1",1115,715,true],"covernews-slider-center":["https:\/\/i0.wp.com\/infos-droitshumains.net\/wp-content\/uploads\/2023\/02\/IMG-20230223-WA0020.jpg?resize=800%2C500&ssl=1",800,500,true],"covernews-featured":["https:\/\/i0.wp.com\/infos-droitshumains.net\/wp-content\/uploads\/2023\/02\/IMG-20230223-WA0020.jpg?fit=1024%2C682&ssl=1",1024,682,true],"covernews-medium":["https:\/\/i0.wp.com\/infos-droitshumains.net\/wp-content\/uploads\/2023\/02\/IMG-20230223-WA0020.jpg?resize=540%2C340&ssl=1",540,340,true],"covernews-medium-square":["https:\/\/i0.wp.com\/infos-droitshumains.net\/wp-content\/uploads\/2023\/02\/IMG-20230223-WA0020.jpg?resize=400%2C250&ssl=1",400,250,true]},"author_info":{"display_name":"Jo\u00ebl Diawa","author_link":"https:\/\/infos-droitshumains.net\/?author=2"},"category_info":"<a href=\"https:\/\/infos-droitshumains.net\/?cat=7\" rel=\"category\">Droits Humains<\/a>","tag_info":"Droits Humains","comment_count":"0","jetpack_featured_media_url":"https:\/\/i0.wp.com\/infos-droitshumains.net\/wp-content\/uploads\/2023\/02\/IMG-20230223-WA0020.jpg?fit=1600%2C1066&ssl=1","jetpack-related-posts":[],"jetpack_sharing_enabled":true,"_links":{"self":[{"href":"https:\/\/infos-droitshumains.net\/index.php?rest_route=\/wp\/v2\/posts\/6594","targetHints":{"allow":["GET"]}}],"collection":[{"href":"https:\/\/infos-droitshumains.net\/index.php?rest_route=\/wp\/v2\/posts"}],"about":[{"href":"https:\/\/infos-droitshumains.net\/index.php?rest_route=\/wp\/v2\/types\/post"}],"author":[{"embeddable":true,"href":"https:\/\/infos-droitshumains.net\/index.php?rest_route=\/wp\/v2\/users\/2"}],"replies":[{"embeddable":true,"href":"https:\/\/infos-droitshumains.net\/index.php?rest_route=%2Fwp%2Fv2%2Fcomments&post=6594"}],"version-history":[{"count":12,"href":"https:\/\/infos-droitshumains.net\/index.php?rest_route=\/wp\/v2\/posts\/6594\/revisions"}],"predecessor-version":[{"id":6617,"href":"https:\/\/infos-droitshumains.net\/index.php?rest_route=\/wp\/v2\/posts\/6594\/revisions\/6617"}],"wp:featuredmedia":[{"embeddable":true,"href":"https:\/\/infos-droitshumains.net\/index.php?rest_route=\/wp\/v2\/media\/6598"}],"wp:attachment":[{"href":"https:\/\/infos-droitshumains.net\/index.php?rest_route=%2Fwp%2Fv2%2Fmedia&parent=6594"}],"wp:term":[{"taxonomy":"category","embeddable":true,"href":"https:\/\/infos-droitshumains.net\/index.php?rest_route=%2Fwp%2Fv2%2Fcategories&post=6594"},{"taxonomy":"post_tag","embeddable":true,"href":"https:\/\/infos-droitshumains.net\/index.php?rest_route=%2Fwp%2Fv2%2Ftags&post=6594"}],"curies":[{"name":"wp","href":"https:\/\/api.w.org\/{rel}","templated":true}]}}