{"id":6586,"date":"2023-02-19T18:48:58","date_gmt":"2023-02-19T17:48:58","guid":{"rendered":"https:\/\/infos-droitshumains.net\/?p=6586"},"modified":"2023-02-19T19:08:19","modified_gmt":"2023-02-19T18:08:19","slug":"echange-des-voeux-au-barreau-de-kinshasa-gombe-le-batonnier-jean-claude-mbaki-proclame-2023-comme-une-annee-scientifique","status":"publish","type":"post","link":"https:\/\/infos-droitshumains.net\/?p=6586","title":{"rendered":"Echange des v\u0153ux au barreau de Kinshasa\/Gombe : Le b\u00e2tonnier Jean-Claude Mbaki proclame 2023 ann\u00e9e scientifique"},"content":{"rendered":"\n<p><strong>R\u00e9daction :+243817406088<\/strong><\/p>\n\n\n\n<p>Les avocats du Barreau pr\u00e8s la Cour d\u2019Appel de Kinshasa\/Gombe ce sont donn\u00e9s rendez-vous ce vendredi 17 f\u00e9vrier au kimpinski fleuve Congo H\u00f4tel pour la c\u00e9r\u00e9monie d\u2019\u00e9change des v\u0153ux. Occasion pour Jean-Claude Mbaki Siluzaku de poser les jalons pour l\u2019ann\u00e9e 2023. Une ann\u00e9e tr\u00e8s ambitieuse que le b\u00e2tonnier de l\u2019ordre de ce barreau veut plus scientifique que les pr\u00e9c\u00e9dentes. Il a annonc\u00e9 que plusieurs formations seront organis\u00e9es \u00e0 cette occasion.<\/p>\n\n\n\n<p><em>\u00ab&nbsp;Au-del\u00e0 des pr\u00e9rogatives traditionnelles d\u2019un barreau \u00e0 savoir, r\u00e9guler l\u2019ordre, assurer la discipline, le barreau de la Gombe veut marquer cette ann\u00e9e d\u2019un cachet sp\u00e9cial&nbsp;; celui li\u00e9 fondamentalement \u00e0 la science. Nous allons organiser \u00e9norm\u00e9ment des formations\u2026Nous avons lev\u00e9e l\u2019option au sein du conseil de l\u2019ordre de faire de la formation continue de l\u2019avocat une obligation. Tout avocat du barreau de la Gombe doit au moins faire 40 heures d\u2019une formation certifiante pour qu\u2019il puisse continuer \u00e0 \u00eatre&nbsp; maintenu au tableau. Nous nous allons donner le go en organisant les formations sur place&nbsp;; d\u2019autres seront gratuites d\u2019autres payantes et obligatoires. Nous ferons aussi en sorte que d\u2019autres formations puissent se tenir dans certains pays africains pourquoi pas dans certains pays europ\u00e9ens&nbsp;\u00bb<\/em>, a annonc\u00e9 le b\u00e2tonnier Mbaki \u00e0 l\u2019assistance.<\/p>\n\n\n\n<p>L\u2019objectif \u00e0 l\u2019en croire est de mettre les avocats de la Gombe plus particuli\u00e8rement au m\u00eame diapason que ceux du monde entier.<\/p>\n\n\n\n<p><em>\u00ab&nbsp;La concurrence elle est aujourd\u2019hui rude. Nous risquons si nous ne nous mettons pas \u00e0 jour, d\u2019\u00eatre compl\u00e9ment scl\u00e9ros\u00e9 et voir demain notre march\u00e9 pratiquement r\u00e9cup\u00e9r\u00e9 par des personnes venant d\u2019autres pays. Nous n\u2019avons pas peur de la concurrence parce que nous avons des valeurs, mais la&nbsp; mise \u00e0 jour est un imp\u00e9ratif ce jour&nbsp;\u00bb<\/em>, a-t-il poursuivi.<\/p>\n\n\n\n<p>Pour mat\u00e9rialiser cet ambitieux projet, Jean-Claude Mbaki entend exhumer et mettre en \u0153uvre l\u2019accord de partenariat sign\u00e9 avec l\u2019Ecole R\u00e9gionale Sup\u00e9rieur de la Magistrature, ERSUMA. Ce qui fait qu\u2019une formation des formateurs en droit OHADA sera organis\u00e9e au mois de mars au profit\u00e9 des avocats de ce barreau m\u00e9tropolitain.<\/p>\n\n\n\n<p>Jean-Claude Mbaki les membres du conseil de l\u2019ordre veulent aussi relancer un autre accord de jumelage sign\u00e9 en 2015 entre le barreau de Kinshasa\/Gombe et ce qui \u00e9tait \u00e0 l\u2019\u00e9poque le barreau de Li\u00e8ge. Cet accord n\u2019avait pas \u00e9t\u00e9 mis en \u0153uvre \u00e0 cause de plusieurs <em>\u00ab&nbsp;impond\u00e9rables&nbsp;\u00bb<\/em>. Cet accord tourne autour principalement de trois axes.<\/p>\n\n\n\n<p>Le premier axe consiste \u00e0 la formation entre les avocats des deux barreaux&nbsp;<em>\u00ab&nbsp;ce qui fait qu\u2019au mois de mai, nous aurons une formation principalement sur la protection des donn\u00e9es&nbsp;\u00bb<\/em>. Le deuxi\u00e8me axe c\u2019est l\u2019\u00e9change des stagiaires.<\/p>\n\n\n\n<p><em>\u00ab&nbsp;Nous allons recevoir au plus tard au mois de juin, plus de 100 stagiaires belges, principalement li\u00e9geois qui viendront ici et en contrepartie, nous allons aussi envoyer 100 avocats&nbsp; de notre barreau \u00e0 li\u00e8ge. Cet accord est finalis\u00e9, les contacts sont en train d\u2019\u00eatre \u00e9labor\u00e9s au&nbsp; niveau des ambassades pour que le visa ne constitue pas un obstacle \u00e0 la mise \u0153uvre de ce partenariat&nbsp;\u00bb<\/em>, a rassur\u00e9 le b\u00e2tonnier Mbaki.<\/p>\n\n\n\n<p>Le troisi\u00e8me axe de cet accord c\u2019est la construction d\u2019une biblioth\u00e8que. Le barreau de Kinsshasa\/Gombe ambitionne en effet de se doter d\u2019une grande biblioth\u00e8que num\u00e9rique et physique qui sera connect\u00e9 \u00e0 plusieurs biblioth\u00e8ques du monde.<\/p>\n\n\n\n<p><em>\u00ab&nbsp;Cette biblioth\u00e8que sera baptis\u00e9 biblioth\u00e8que Me. Kwebe Lyris. Elle portera le nom de ce monument, de ce brillant avocat qui est parti mais qui est rest\u00e9 au sein de notre barreau par le fait qu\u2019il nous a l\u00e9gu\u00e9 toute sa biblioth\u00e8que et&nbsp; j\u2019ai estim\u00e9&nbsp; ensemble avec les membres du conseil e l\u2019ordre que la&nbsp; biblioth\u00e8que que nous allons mettre en place porte le nom de Maitre Kwebe Lyris. Elle sera connect\u00e9e avec plusieurs biblioth\u00e8ques du monde notamment la biblioth\u00e8que du barreau du barreau de Li\u00e8ge, celle de la CCJA et de l\u2019ERSUMA. Cela permettra \u00e0 l\u2019avocat congolais en g\u00e9n\u00e9ral et particuli\u00e8rement celui du barreau de Kinshasa\/Gombe d\u2019avoir les derni\u00e8res informations sur l\u2019\u00e9volution du droit&nbsp;\u00bb<\/em>, a promis Jean-Claude Mbaki pour qui, cette biblioth\u00e8que sera aussi un cadre pour le barreau de renforcer la solidarit\u00e9 entre avocats.<\/p>\n\n\n\n<p><em>\u00ab&nbsp;Dans cette biblioth\u00e8que-l\u00e0, il y aura une partie qui sera r\u00e9serv\u00e9e aux avocats en difficult\u00e9 de cabinet o\u00f9 ils vont valablement \u00e9lire domicile et aussi recevoir de la client\u00e8le jusqu\u2019\u00e0 ce qu\u2019ils vont se relancer et ouvrir ou reprendre leurs propres cabinets&nbsp;\u00bb<\/em>.<\/p>\n\n\n\n<p>Notez par ailleurs que cette c\u00e9r\u00e9monie d\u2019\u00e9change des v\u0153ux qui a connu la participation des avocats d&rsquo;autres barreaux est la toute premi\u00e8re au barreau de Kinshasa\/Gombe depuis 2020.<\/p>\n\n\n\n<p>Merlin Kamalandua<\/p>\n","protected":false},"excerpt":{"rendered":"<p>R\u00e9daction :+243817406088 Les avocats du Barreau pr\u00e8s la Cour d\u2019Appel de Kinshasa\/Gombe ce sont donn\u00e9s&#8230;<\/p>\n","protected":false},"author":2,"featured_media":6588,"comment_status":"open","ping_status":"open","sticky":false,"template":"","format":"standard","meta":{"_jetpack_memberships_contains_paid_content":false,"footnotes":""},"categories":[6],"tags":[],"class_list":["post-6586","post","type-post","status-publish","format-standard","has-post-thumbnail","hentry","category-justice"],"yoast_head":"<!-- This site is optimized with the Yoast SEO plugin v27.5 - https:\/\/yoast.com\/product\/yoast-seo-wordpress\/ -->\n<title>Echange des v\u0153ux au barreau de Kinshasa\/Gombe : Le b\u00e2tonnier Jean-Claude Mbaki proclame 2023 ann\u00e9e scientifique - Infos Droits Humains<\/title>\n<meta name=\"robots\" content=\"index, follow, max-snippet:-1, max-image-preview:large, max-video-preview:-1\" \/>\n<link rel=\"canonical\" href=\"https:\/\/infos-droitshumains.net\/?p=6586\" \/>\n<meta property=\"og:locale\" content=\"fr_FR\" \/>\n<meta property=\"og:type\" content=\"article\" \/>\n<meta property=\"og:title\" content=\"Echange des v\u0153ux au barreau de Kinshasa\/Gombe : Le b\u00e2tonnier Jean-Claude Mbaki proclame 2023 ann\u00e9e scientifique - Infos Droits Humains\" \/>\n<meta property=\"og:description\" content=\"R\u00e9daction :+243817406088 Les avocats du Barreau pr\u00e8s la Cour d\u2019Appel de Kinshasa\/Gombe ce sont donn\u00e9s...\" \/>\n<meta property=\"og:url\" content=\"https:\/\/infos-droitshumains.net\/?p=6586\" \/>\n<meta property=\"og:site_name\" content=\"Infos Droits Humains\" \/>\n<meta property=\"article:published_time\" content=\"2023-02-19T17:48:58+00:00\" \/>\n<meta property=\"article:modified_time\" content=\"2023-02-19T18:08:19+00:00\" \/>\n<meta property=\"og:image\" content=\"https:\/\/i0.wp.com\/infos-droitshumains.net\/wp-content\/uploads\/2023\/02\/IMG-20230219-WA0024_1.jpg?fit=1000%2C577&ssl=1\" \/>\n\t<meta property=\"og:image:width\" content=\"1000\" \/>\n\t<meta property=\"og:image:height\" content=\"577\" \/>\n\t<meta property=\"og:image:type\" content=\"image\/jpeg\" \/>\n<meta name=\"author\" content=\"Jo\u00ebl Diawa\" \/>\n<meta name=\"twitter:card\" content=\"summary_large_image\" \/>\n<meta name=\"twitter:label1\" content=\"\u00c9crit par\" \/>\n\t<meta name=\"twitter:data1\" content=\"Jo\u00ebl Diawa\" \/>\n\t<meta name=\"twitter:label2\" content=\"Dur\u00e9e de lecture estim\u00e9e\" \/>\n\t<meta name=\"twitter:data2\" content=\"4 minutes\" \/>\n<script type=\"application\/ld+json\" class=\"yoast-schema-graph\">{\"@context\":\"https:\\\/\\\/schema.org\",\"@graph\":[{\"@type\":\"Article\",\"@id\":\"https:\\\/\\\/infos-droitshumains.net\\\/?p=6586#article\",\"isPartOf\":{\"@id\":\"https:\\\/\\\/infos-droitshumains.net\\\/?p=6586\"},\"author\":{\"name\":\"Jo\u00ebl Diawa\",\"@id\":\"https:\\\/\\\/infos-droitshumains.net\\\/#\\\/schema\\\/person\\\/3dc5e921c3302172e0ed4362f96faab7\"},\"headline\":\"Echange des v\u0153ux au barreau de Kinshasa\\\/Gombe : Le b\u00e2tonnier Jean-Claude Mbaki proclame 2023 ann\u00e9e scientifique\",\"datePublished\":\"2023-02-19T17:48:58+00:00\",\"dateModified\":\"2023-02-19T18:08:19+00:00\",\"mainEntityOfPage\":{\"@id\":\"https:\\\/\\\/infos-droitshumains.net\\\/?p=6586\"},\"wordCount\":871,\"commentCount\":0,\"publisher\":{\"@id\":\"https:\\\/\\\/infos-droitshumains.net\\\/#organization\"},\"image\":{\"@id\":\"https:\\\/\\\/infos-droitshumains.net\\\/?p=6586#primaryimage\"},\"thumbnailUrl\":\"https:\\\/\\\/i0.wp.com\\\/infos-droitshumains.net\\\/wp-content\\\/uploads\\\/2023\\\/02\\\/IMG-20230219-WA0024_1.jpg?fit=1000%2C577&ssl=1\",\"articleSection\":[\"Justice\"],\"inLanguage\":\"fr-FR\",\"potentialAction\":[{\"@type\":\"CommentAction\",\"name\":\"Comment\",\"target\":[\"https:\\\/\\\/infos-droitshumains.net\\\/?p=6586#respond\"]}]},{\"@type\":\"WebPage\",\"@id\":\"https:\\\/\\\/infos-droitshumains.net\\\/?p=6586\",\"url\":\"https:\\\/\\\/infos-droitshumains.net\\\/?p=6586\",\"name\":\"Echange des v\u0153ux au barreau de Kinshasa\\\/Gombe : Le b\u00e2tonnier Jean-Claude Mbaki proclame 2023 ann\u00e9e scientifique - Infos Droits Humains\",\"isPartOf\":{\"@id\":\"https:\\\/\\\/infos-droitshumains.net\\\/#website\"},\"primaryImageOfPage\":{\"@id\":\"https:\\\/\\\/infos-droitshumains.net\\\/?p=6586#primaryimage\"},\"image\":{\"@id\":\"https:\\\/\\\/infos-droitshumains.net\\\/?p=6586#primaryimage\"},\"thumbnailUrl\":\"https:\\\/\\\/i0.wp.com\\\/infos-droitshumains.net\\\/wp-content\\\/uploads\\\/2023\\\/02\\\/IMG-20230219-WA0024_1.jpg?fit=1000%2C577&ssl=1\",\"datePublished\":\"2023-02-19T17:48:58+00:00\",\"dateModified\":\"2023-02-19T18:08:19+00:00\",\"breadcrumb\":{\"@id\":\"https:\\\/\\\/infos-droitshumains.net\\\/?p=6586#breadcrumb\"},\"inLanguage\":\"fr-FR\",\"potentialAction\":[{\"@type\":\"ReadAction\",\"target\":[\"https:\\\/\\\/infos-droitshumains.net\\\/?p=6586\"]}]},{\"@type\":\"ImageObject\",\"inLanguage\":\"fr-FR\",\"@id\":\"https:\\\/\\\/infos-droitshumains.net\\\/?p=6586#primaryimage\",\"url\":\"https:\\\/\\\/i0.wp.com\\\/infos-droitshumains.net\\\/wp-content\\\/uploads\\\/2023\\\/02\\\/IMG-20230219-WA0024_1.jpg?fit=1000%2C577&ssl=1\",\"contentUrl\":\"https:\\\/\\\/i0.wp.com\\\/infos-droitshumains.net\\\/wp-content\\\/uploads\\\/2023\\\/02\\\/IMG-20230219-WA0024_1.jpg?fit=1000%2C577&ssl=1\",\"width\":1000,\"height\":577},{\"@type\":\"BreadcrumbList\",\"@id\":\"https:\\\/\\\/infos-droitshumains.net\\\/?p=6586#breadcrumb\",\"itemListElement\":[{\"@type\":\"ListItem\",\"position\":1,\"name\":\"Accueil\",\"item\":\"https:\\\/\\\/infos-droitshumains.net\\\/\"},{\"@type\":\"ListItem\",\"position\":2,\"name\":\"Echange des v\u0153ux au barreau de Kinshasa\\\/Gombe : Le b\u00e2tonnier Jean-Claude Mbaki proclame 2023 ann\u00e9e scientifique\"}]},{\"@type\":\"WebSite\",\"@id\":\"https:\\\/\\\/infos-droitshumains.net\\\/#website\",\"url\":\"https:\\\/\\\/infos-droitshumains.net\\\/\",\"name\":\"Infos Droits Humains\",\"description\":\"S&#039;informer est un droit\",\"publisher\":{\"@id\":\"https:\\\/\\\/infos-droitshumains.net\\\/#organization\"},\"potentialAction\":[{\"@type\":\"SearchAction\",\"target\":{\"@type\":\"EntryPoint\",\"urlTemplate\":\"https:\\\/\\\/infos-droitshumains.net\\\/?s={search_term_string}\"},\"query-input\":{\"@type\":\"PropertyValueSpecification\",\"valueRequired\":true,\"valueName\":\"search_term_string\"}}],\"inLanguage\":\"fr-FR\"},{\"@type\":\"Organization\",\"@id\":\"https:\\\/\\\/infos-droitshumains.net\\\/#organization\",\"name\":\"Infos Droits Humains\",\"url\":\"https:\\\/\\\/infos-droitshumains.net\\\/\",\"logo\":{\"@type\":\"ImageObject\",\"inLanguage\":\"fr-FR\",\"@id\":\"https:\\\/\\\/infos-droitshumains.net\\\/#\\\/schema\\\/logo\\\/image\\\/\",\"url\":\"https:\\\/\\\/i0.wp.com\\\/infos-droitshumains.net\\\/wp-content\\\/uploads\\\/2022\\\/05\\\/Logo.png?fit=333%2C129&ssl=1\",\"contentUrl\":\"https:\\\/\\\/i0.wp.com\\\/infos-droitshumains.net\\\/wp-content\\\/uploads\\\/2022\\\/05\\\/Logo.png?fit=333%2C129&ssl=1\",\"width\":333,\"height\":129,\"caption\":\"Infos Droits Humains\"},\"image\":{\"@id\":\"https:\\\/\\\/infos-droitshumains.net\\\/#\\\/schema\\\/logo\\\/image\\\/\"}},{\"@type\":\"Person\",\"@id\":\"https:\\\/\\\/infos-droitshumains.net\\\/#\\\/schema\\\/person\\\/3dc5e921c3302172e0ed4362f96faab7\",\"name\":\"Jo\u00ebl Diawa\",\"image\":{\"@type\":\"ImageObject\",\"inLanguage\":\"fr-FR\",\"@id\":\"https:\\\/\\\/secure.gravatar.com\\\/avatar\\\/729bea6ff4604c624417803c477363be8e3c7186deaa65713313f9b4b820f41c?s=96&d=mm&r=g\",\"url\":\"https:\\\/\\\/secure.gravatar.com\\\/avatar\\\/729bea6ff4604c624417803c477363be8e3c7186deaa65713313f9b4b820f41c?s=96&d=mm&r=g\",\"contentUrl\":\"https:\\\/\\\/secure.gravatar.com\\\/avatar\\\/729bea6ff4604c624417803c477363be8e3c7186deaa65713313f9b4b820f41c?s=96&d=mm&r=g\",\"caption\":\"Jo\u00ebl Diawa\"},\"sameAs\":[\"https:\\\/\\\/www.infos-droitshumains.net\"],\"url\":\"https:\\\/\\\/infos-droitshumains.net\\\/?author=2\"}]}<\/script>\n<!-- \/ Yoast SEO plugin. -->","yoast_head_json":{"title":"Echange des v\u0153ux au barreau de Kinshasa\/Gombe : Le b\u00e2tonnier Jean-Claude Mbaki proclame 2023 ann\u00e9e scientifique - Infos Droits Humains","robots":{"index":"index","follow":"follow","max-snippet":"max-snippet:-1","max-image-preview":"max-image-preview:large","max-video-preview":"max-video-preview:-1"},"canonical":"https:\/\/infos-droitshumains.net\/?p=6586","og_locale":"fr_FR","og_type":"article","og_title":"Echange des v\u0153ux au barreau de Kinshasa\/Gombe : Le b\u00e2tonnier Jean-Claude Mbaki proclame 2023 ann\u00e9e scientifique - Infos Droits Humains","og_description":"R\u00e9daction :+243817406088 Les avocats du Barreau pr\u00e8s la Cour d\u2019Appel de Kinshasa\/Gombe ce sont donn\u00e9s...","og_url":"https:\/\/infos-droitshumains.net\/?p=6586","og_site_name":"Infos Droits Humains","article_published_time":"2023-02-19T17:48:58+00:00","article_modified_time":"2023-02-19T18:08:19+00:00","og_image":[{"width":1000,"height":577,"url":"https:\/\/i0.wp.com\/infos-droitshumains.net\/wp-content\/uploads\/2023\/02\/IMG-20230219-WA0024_1.jpg?fit=1000%2C577&ssl=1","type":"image\/jpeg"}],"author":"Jo\u00ebl Diawa","twitter_card":"summary_large_image","twitter_misc":{"\u00c9crit par":"Jo\u00ebl Diawa","Dur\u00e9e de lecture estim\u00e9e":"4 minutes"},"schema":{"@context":"https:\/\/schema.org","@graph":[{"@type":"Article","@id":"https:\/\/infos-droitshumains.net\/?p=6586#article","isPartOf":{"@id":"https:\/\/infos-droitshumains.net\/?p=6586"},"author":{"name":"Jo\u00ebl Diawa","@id":"https:\/\/infos-droitshumains.net\/#\/schema\/person\/3dc5e921c3302172e0ed4362f96faab7"},"headline":"Echange des v\u0153ux au barreau de Kinshasa\/Gombe : Le b\u00e2tonnier Jean-Claude Mbaki proclame 2023 ann\u00e9e scientifique","datePublished":"2023-02-19T17:48:58+00:00","dateModified":"2023-02-19T18:08:19+00:00","mainEntityOfPage":{"@id":"https:\/\/infos-droitshumains.net\/?p=6586"},"wordCount":871,"commentCount":0,"publisher":{"@id":"https:\/\/infos-droitshumains.net\/#organization"},"image":{"@id":"https:\/\/infos-droitshumains.net\/?p=6586#primaryimage"},"thumbnailUrl":"https:\/\/i0.wp.com\/infos-droitshumains.net\/wp-content\/uploads\/2023\/02\/IMG-20230219-WA0024_1.jpg?fit=1000%2C577&ssl=1","articleSection":["Justice"],"inLanguage":"fr-FR","potentialAction":[{"@type":"CommentAction","name":"Comment","target":["https:\/\/infos-droitshumains.net\/?p=6586#respond"]}]},{"@type":"WebPage","@id":"https:\/\/infos-droitshumains.net\/?p=6586","url":"https:\/\/infos-droitshumains.net\/?p=6586","name":"Echange des v\u0153ux au barreau de Kinshasa\/Gombe : Le b\u00e2tonnier Jean-Claude Mbaki proclame 2023 ann\u00e9e scientifique - Infos Droits Humains","isPartOf":{"@id":"https:\/\/infos-droitshumains.net\/#website"},"primaryImageOfPage":{"@id":"https:\/\/infos-droitshumains.net\/?p=6586#primaryimage"},"image":{"@id":"https:\/\/infos-droitshumains.net\/?p=6586#primaryimage"},"thumbnailUrl":"https:\/\/i0.wp.com\/infos-droitshumains.net\/wp-content\/uploads\/2023\/02\/IMG-20230219-WA0024_1.jpg?fit=1000%2C577&ssl=1","datePublished":"2023-02-19T17:48:58+00:00","dateModified":"2023-02-19T18:08:19+00:00","breadcrumb":{"@id":"https:\/\/infos-droitshumains.net\/?p=6586#breadcrumb"},"inLanguage":"fr-FR","potentialAction":[{"@type":"ReadAction","target":["https:\/\/infos-droitshumains.net\/?p=6586"]}]},{"@type":"ImageObject","inLanguage":"fr-FR","@id":"https:\/\/infos-droitshumains.net\/?p=6586#primaryimage","url":"https:\/\/i0.wp.com\/infos-droitshumains.net\/wp-content\/uploads\/2023\/02\/IMG-20230219-WA0024_1.jpg?fit=1000%2C577&ssl=1","contentUrl":"https:\/\/i0.wp.com\/infos-droitshumains.net\/wp-content\/uploads\/2023\/02\/IMG-20230219-WA0024_1.jpg?fit=1000%2C577&ssl=1","width":1000,"height":577},{"@type":"BreadcrumbList","@id":"https:\/\/infos-droitshumains.net\/?p=6586#breadcrumb","itemListElement":[{"@type":"ListItem","position":1,"name":"Accueil","item":"https:\/\/infos-droitshumains.net\/"},{"@type":"ListItem","position":2,"name":"Echange des v\u0153ux au barreau de Kinshasa\/Gombe : Le b\u00e2tonnier Jean-Claude Mbaki proclame 2023 ann\u00e9e scientifique"}]},{"@type":"WebSite","@id":"https:\/\/infos-droitshumains.net\/#website","url":"https:\/\/infos-droitshumains.net\/","name":"Infos Droits Humains","description":"S&#039;informer est un droit","publisher":{"@id":"https:\/\/infos-droitshumains.net\/#organization"},"potentialAction":[{"@type":"SearchAction","target":{"@type":"EntryPoint","urlTemplate":"https:\/\/infos-droitshumains.net\/?s={search_term_string}"},"query-input":{"@type":"PropertyValueSpecification","valueRequired":true,"valueName":"search_term_string"}}],"inLanguage":"fr-FR"},{"@type":"Organization","@id":"https:\/\/infos-droitshumains.net\/#organization","name":"Infos Droits Humains","url":"https:\/\/infos-droitshumains.net\/","logo":{"@type":"ImageObject","inLanguage":"fr-FR","@id":"https:\/\/infos-droitshumains.net\/#\/schema\/logo\/image\/","url":"https:\/\/i0.wp.com\/infos-droitshumains.net\/wp-content\/uploads\/2022\/05\/Logo.png?fit=333%2C129&ssl=1","contentUrl":"https:\/\/i0.wp.com\/infos-droitshumains.net\/wp-content\/uploads\/2022\/05\/Logo.png?fit=333%2C129&ssl=1","width":333,"height":129,"caption":"Infos Droits Humains"},"image":{"@id":"https:\/\/infos-droitshumains.net\/#\/schema\/logo\/image\/"}},{"@type":"Person","@id":"https:\/\/infos-droitshumains.net\/#\/schema\/person\/3dc5e921c3302172e0ed4362f96faab7","name":"Jo\u00ebl Diawa","image":{"@type":"ImageObject","inLanguage":"fr-FR","@id":"https:\/\/secure.gravatar.com\/avatar\/729bea6ff4604c624417803c477363be8e3c7186deaa65713313f9b4b820f41c?s=96&d=mm&r=g","url":"https:\/\/secure.gravatar.com\/avatar\/729bea6ff4604c624417803c477363be8e3c7186deaa65713313f9b4b820f41c?s=96&d=mm&r=g","contentUrl":"https:\/\/secure.gravatar.com\/avatar\/729bea6ff4604c624417803c477363be8e3c7186deaa65713313f9b4b820f41c?s=96&d=mm&r=g","caption":"Jo\u00ebl Diawa"},"sameAs":["https:\/\/www.infos-droitshumains.net"],"url":"https:\/\/infos-droitshumains.net\/?author=2"}]}},"featured_image_urls":{"full":["https:\/\/i0.wp.com\/infos-droitshumains.net\/wp-content\/uploads\/2023\/02\/IMG-20230219-WA0024_1.jpg?fit=1000%2C577&ssl=1",1000,577,false],"thumbnail":["https:\/\/i0.wp.com\/infos-droitshumains.net\/wp-content\/uploads\/2023\/02\/IMG-20230219-WA0024_1.jpg?resize=150%2C150&ssl=1",150,150,true],"medium":["https:\/\/i0.wp.com\/infos-droitshumains.net\/wp-content\/uploads\/2023\/02\/IMG-20230219-WA0024_1.jpg?fit=300%2C173&ssl=1",300,173,true],"medium_large":["https:\/\/i0.wp.com\/infos-droitshumains.net\/wp-content\/uploads\/2023\/02\/IMG-20230219-WA0024_1.jpg?fit=640%2C369&ssl=1",640,369,true],"large":["https:\/\/i0.wp.com\/infos-droitshumains.net\/wp-content\/uploads\/2023\/02\/IMG-20230219-WA0024_1.jpg?fit=640%2C369&ssl=1",640,369,true],"1536x1536":["https:\/\/i0.wp.com\/infos-droitshumains.net\/wp-content\/uploads\/2023\/02\/IMG-20230219-WA0024_1.jpg?fit=1000%2C577&ssl=1",1000,577,true],"2048x2048":["https:\/\/i0.wp.com\/infos-droitshumains.net\/wp-content\/uploads\/2023\/02\/IMG-20230219-WA0024_1.jpg?fit=1000%2C577&ssl=1",1000,577,true],"covernews-slider-full":["https:\/\/i0.wp.com\/infos-droitshumains.net\/wp-content\/uploads\/2023\/02\/IMG-20230219-WA0024_1.jpg?resize=1000%2C577&ssl=1",1000,577,true],"covernews-slider-center":["https:\/\/i0.wp.com\/infos-droitshumains.net\/wp-content\/uploads\/2023\/02\/IMG-20230219-WA0024_1.jpg?resize=800%2C500&ssl=1",800,500,true],"covernews-featured":["https:\/\/i0.wp.com\/infos-droitshumains.net\/wp-content\/uploads\/2023\/02\/IMG-20230219-WA0024_1.jpg?fit=1000%2C577&ssl=1",1000,577,true],"covernews-medium":["https:\/\/i0.wp.com\/infos-droitshumains.net\/wp-content\/uploads\/2023\/02\/IMG-20230219-WA0024_1.jpg?resize=540%2C340&ssl=1",540,340,true],"covernews-medium-square":["https:\/\/i0.wp.com\/infos-droitshumains.net\/wp-content\/uploads\/2023\/02\/IMG-20230219-WA0024_1.jpg?resize=400%2C250&ssl=1",400,250,true]},"author_info":{"display_name":"Jo\u00ebl Diawa","author_link":"https:\/\/infos-droitshumains.net\/?author=2"},"category_info":"<a href=\"https:\/\/infos-droitshumains.net\/?cat=6\" rel=\"category\">Justice<\/a>","tag_info":"Justice","comment_count":"0","jetpack_featured_media_url":"https:\/\/i0.wp.com\/infos-droitshumains.net\/wp-content\/uploads\/2023\/02\/IMG-20230219-WA0024_1.jpg?fit=1000%2C577&ssl=1","jetpack-related-posts":[],"jetpack_sharing_enabled":true,"_links":{"self":[{"href":"https:\/\/infos-droitshumains.net\/index.php?rest_route=\/wp\/v2\/posts\/6586","targetHints":{"allow":["GET"]}}],"collection":[{"href":"https:\/\/infos-droitshumains.net\/index.php?rest_route=\/wp\/v2\/posts"}],"about":[{"href":"https:\/\/infos-droitshumains.net\/index.php?rest_route=\/wp\/v2\/types\/post"}],"author":[{"embeddable":true,"href":"https:\/\/infos-droitshumains.net\/index.php?rest_route=\/wp\/v2\/users\/2"}],"replies":[{"embeddable":true,"href":"https:\/\/infos-droitshumains.net\/index.php?rest_route=%2Fwp%2Fv2%2Fcomments&post=6586"}],"version-history":[{"count":4,"href":"https:\/\/infos-droitshumains.net\/index.php?rest_route=\/wp\/v2\/posts\/6586\/revisions"}],"predecessor-version":[{"id":6592,"href":"https:\/\/infos-droitshumains.net\/index.php?rest_route=\/wp\/v2\/posts\/6586\/revisions\/6592"}],"wp:featuredmedia":[{"embeddable":true,"href":"https:\/\/infos-droitshumains.net\/index.php?rest_route=\/wp\/v2\/media\/6588"}],"wp:attachment":[{"href":"https:\/\/infos-droitshumains.net\/index.php?rest_route=%2Fwp%2Fv2%2Fmedia&parent=6586"}],"wp:term":[{"taxonomy":"category","embeddable":true,"href":"https:\/\/infos-droitshumains.net\/index.php?rest_route=%2Fwp%2Fv2%2Fcategories&post=6586"},{"taxonomy":"post_tag","embeddable":true,"href":"https:\/\/infos-droitshumains.net\/index.php?rest_route=%2Fwp%2Fv2%2Ftags&post=6586"}],"curies":[{"name":"wp","href":"https:\/\/api.w.org\/{rel}","templated":true}]}}