{"id":6495,"date":"2023-02-01T10:01:33","date_gmt":"2023-02-01T09:01:33","guid":{"rendered":"https:\/\/infos-droitshumains.net\/?p=6495"},"modified":"2023-02-01T10:08:16","modified_gmt":"2023-02-01T09:08:16","slug":"conflit-parcellaire-en-rdc-la-succession-de-jean-yves-santos-denonce-linfluences-politiques-et-lusage-des-faux-documents-orchestrpart-la-succession-williams-damseaux-dans-le-conflit-qui-o","status":"publish","type":"post","link":"https:\/\/infos-droitshumains.net\/?p=6495","title":{"rendered":"Conflit parcellaire en RDC : La succession de Jean Yves Santos d\u00e9nonce l&rsquo;influences politiques et l\u2019usage des faux documents de la part de la succession Williams Damseaux dans l&rsquo;affaire qui oppose les deux parties"},"content":{"rendered":"\n<p><strong>R\u00e9daction :+243817406088<\/strong><\/p>\n\n\n\n<p>C\u2019est une affaire qui tire ses origines vers la fin des ann\u00e9es 50 qui n\u2019a \u00e9t\u00e9 port\u00e9 devant les instances judiciaires qu\u2019en 2016. En effet, Jean Yves Santos, un sujet de nationalit\u00e9 portugaise et sa femme Marie-C\u00e9cile Ngatshie furent propri\u00e9taires des parcelles au n\u00b01062 et n\u00b0 4807 du plan cadastral de la commune de la Gombe. Depuis 1956, la soci\u00e9t\u00e9 AVIPOR repr\u00e9sent\u00e9e par son administrateur g\u00e9rant le &nbsp;Williams Damseaux &nbsp;de nationalit\u00e9 belge avait sollicit\u00e9e et obtenu ces deux parcelles en location aupr\u00e8s du couple pr\u00e9cit\u00e9.<\/p>\n\n\n\n<p>Arriv\u00e9 \u00e0 une certaine p\u00e9riode, ladite soci\u00e9t\u00e9 ne payait plus son loyer locatif et ne voulait plus lib\u00e9rer les deux parcelles. Arriv\u00e9 en 2016, la d\u00e9funte Marie-C\u00e9cile Ngatshie avait r\u00e9ussi \u00e0 obtenir la condamnation de Damseaux et consorts dans un jugement rendu sous RC. 113383 par le Tribunal de Grande Instance de Kinshasa-Gombe. Assuncao Dos Santos Alexandra, fille du couple Jean Yves Santos et Marie-C\u00e9cile Ngatshie a finalement r\u00e9ussi \u00e0 acc\u00e9der dans les deux parcelles gr\u00e2ce \u00e0 ce jugement.<\/p>\n\n\n\n<p>Chose \u00e9tonnante, la succession Jean Yves Santos renseigne qu\u2019apr\u00e8s ce jugement, la famille de Damseaux aurait <em>\u00abill\u00e9galement et par fraude&nbsp;\u00bb<\/em> obtenu les certificats d\u2019enr\u00e9gitrement&nbsp;de ces deux parcelles <em>\u00ab&nbsp;en utilisant les influences politiques&nbsp;\u00bb<\/em>.<\/p>\n\n\n\n<p>Comme le crime n\u2019a jamais \u00e9t\u00e9 parfait, des faux certificats datent malheureusement de 2022 et portent d\u2019autres num\u00e9ros cadastraux contraires aux parcelles concern\u00e9es.<\/p>\n\n\n\n<p>Assuncao Dos Santos Alexandra a attaqu\u00e9 ces documents devant le Tribunal de Paix de Kinshasa-Gombe, et l\u2019affaire est encore pendante devant le Tribunal. Curieusement <em>\u00ab&nbsp;la succession Damseaux ne cesse d\u2019user des trafics d\u2019influence avec les autorit\u00e9s politiques et l\u00e9gislatives en violation des articles 149 \u00e0 151 de la constitution cr\u00e9ant ainsi l\u2019ins\u00e9curit\u00e9 total autour d\u2019Assuncao Dos Santos Alexandra&nbsp;\u00bb<\/em> a d\u00e9nonc\u00e9 son avocat dans une lettre adress\u00e9e \u00e0 l\u2019ambassadeur du Portugal accr\u00e9dit\u00e9 en RDC.<\/p>\n\n\n\n<p>Au-del\u00e0 de ce qui pr\u00e9c\u00e8de, la succession Damseaux &nbsp;\u00ab&nbsp;utiliserait&nbsp;\u00bb&nbsp; aussi des menaces de mort et \u00ab&nbsp;tenterait d\u2019enlever Assuncao Dos Santos Alexandra avec les militaires non autrement identifi\u00e9s qui ne cessent de lui promettre de la violer et la torturer au cas o\u00f9 elle n\u2019abandonne pas ce dossier&nbsp;\u00bb, a en substance d\u00e9nonc\u00e9 l\u2019avocat conseil de l\u2019h\u00e9riti\u00e8re de la succession Jean Yves Santos.<\/p>\n\n\n\n<p>Cette partie sollicite en outre, <em>\u00ab&nbsp;l\u2019implication&nbsp; personnelle&nbsp;\u00bb<\/em> de l\u2019ambassadeur lusitanien en RDC en sa faveur pour sa <em>\u00ab&nbsp;protection physique&nbsp;\u00bb<\/em> conform\u00e9ment \u00e0 la convention de Vienne en mati\u00e8re diplomatiques et consulaire, et la facilit\u00e9 de rencontrer le Chef de l\u2019Etat avec tous les documents pour que justice soit faite.<\/p>\n\n\n\n<p>Jo\u00ebl Diawa<\/p>\n","protected":false},"excerpt":{"rendered":"<p>R\u00e9daction :+243817406088 C\u2019est une affaire qui tire ses origines vers la fin des ann\u00e9es 50&#8230;<\/p>\n","protected":false},"author":2,"featured_media":6497,"comment_status":"open","ping_status":"open","sticky":false,"template":"","format":"standard","meta":{"_jetpack_memberships_contains_paid_content":false,"footnotes":""},"categories":[8],"tags":[],"class_list":["post-6495","post","type-post","status-publish","format-standard","has-post-thumbnail","hentry","category-societe"],"yoast_head":"<!-- This site is optimized with the Yoast SEO plugin v27.5 - https:\/\/yoast.com\/product\/yoast-seo-wordpress\/ -->\n<title>Conflit parcellaire en RDC : La succession de Jean Yves Santos d\u00e9nonce l&#039;influences politiques et l\u2019usage des faux documents de la part de la succession Williams Damseaux dans l&#039;affaire qui oppose les deux parties - Infos Droits Humains<\/title>\n<meta name=\"robots\" content=\"index, follow, max-snippet:-1, max-image-preview:large, max-video-preview:-1\" \/>\n<link rel=\"canonical\" href=\"https:\/\/infos-droitshumains.net\/?p=6495\" \/>\n<meta property=\"og:locale\" content=\"fr_FR\" \/>\n<meta property=\"og:type\" content=\"article\" \/>\n<meta property=\"og:title\" content=\"Conflit parcellaire en RDC : La succession de Jean Yves Santos d\u00e9nonce l&#039;influences politiques et l\u2019usage des faux documents de la part de la succession Williams Damseaux dans l&#039;affaire qui oppose les deux parties - Infos Droits Humains\" \/>\n<meta property=\"og:description\" content=\"R\u00e9daction :+243817406088 C\u2019est une affaire qui tire ses origines vers la fin des ann\u00e9es 50...\" \/>\n<meta property=\"og:url\" content=\"https:\/\/infos-droitshumains.net\/?p=6495\" \/>\n<meta property=\"og:site_name\" content=\"Infos Droits Humains\" \/>\n<meta property=\"article:published_time\" content=\"2023-02-01T09:01:33+00:00\" \/>\n<meta property=\"article:modified_time\" content=\"2023-02-01T09:08:16+00:00\" \/>\n<meta property=\"og:image\" content=\"https:\/\/i0.wp.com\/infos-droitshumains.net\/wp-content\/uploads\/2023\/02\/Capture-decran-2023-02-01-094218_1.jpg?fit=1080%2C542&ssl=1\" \/>\n\t<meta property=\"og:image:width\" content=\"1080\" \/>\n\t<meta property=\"og:image:height\" content=\"542\" \/>\n\t<meta property=\"og:image:type\" content=\"image\/jpeg\" \/>\n<meta name=\"author\" content=\"Jo\u00ebl Diawa\" \/>\n<meta name=\"twitter:card\" content=\"summary_large_image\" \/>\n<meta name=\"twitter:label1\" content=\"\u00c9crit par\" \/>\n\t<meta name=\"twitter:data1\" content=\"Jo\u00ebl Diawa\" \/>\n\t<meta name=\"twitter:label2\" content=\"Dur\u00e9e de lecture estim\u00e9e\" \/>\n\t<meta name=\"twitter:data2\" content=\"2 minutes\" \/>\n<script type=\"application\/ld+json\" class=\"yoast-schema-graph\">{\"@context\":\"https:\\\/\\\/schema.org\",\"@graph\":[{\"@type\":\"Article\",\"@id\":\"https:\\\/\\\/infos-droitshumains.net\\\/?p=6495#article\",\"isPartOf\":{\"@id\":\"https:\\\/\\\/infos-droitshumains.net\\\/?p=6495\"},\"author\":{\"name\":\"Jo\u00ebl Diawa\",\"@id\":\"https:\\\/\\\/infos-droitshumains.net\\\/#\\\/schema\\\/person\\\/3dc5e921c3302172e0ed4362f96faab7\"},\"headline\":\"Conflit parcellaire en RDC : La succession de Jean Yves Santos d\u00e9nonce l&rsquo;influences politiques et l\u2019usage des faux documents de la part de la succession Williams Damseaux dans l&rsquo;affaire qui oppose les deux parties\",\"datePublished\":\"2023-02-01T09:01:33+00:00\",\"dateModified\":\"2023-02-01T09:08:16+00:00\",\"mainEntityOfPage\":{\"@id\":\"https:\\\/\\\/infos-droitshumains.net\\\/?p=6495\"},\"wordCount\":505,\"commentCount\":0,\"publisher\":{\"@id\":\"https:\\\/\\\/infos-droitshumains.net\\\/#organization\"},\"image\":{\"@id\":\"https:\\\/\\\/infos-droitshumains.net\\\/?p=6495#primaryimage\"},\"thumbnailUrl\":\"https:\\\/\\\/i0.wp.com\\\/infos-droitshumains.net\\\/wp-content\\\/uploads\\\/2023\\\/02\\\/Capture-decran-2023-02-01-094218_1.jpg?fit=1080%2C542&ssl=1\",\"articleSection\":[\"Soci\u00e9t\u00e9\"],\"inLanguage\":\"fr-FR\",\"potentialAction\":[{\"@type\":\"CommentAction\",\"name\":\"Comment\",\"target\":[\"https:\\\/\\\/infos-droitshumains.net\\\/?p=6495#respond\"]}]},{\"@type\":\"WebPage\",\"@id\":\"https:\\\/\\\/infos-droitshumains.net\\\/?p=6495\",\"url\":\"https:\\\/\\\/infos-droitshumains.net\\\/?p=6495\",\"name\":\"Conflit parcellaire en RDC : La succession de Jean Yves Santos d\u00e9nonce l'influences politiques et l\u2019usage des faux documents de la part de la succession Williams Damseaux dans l'affaire qui oppose les deux parties - Infos Droits Humains\",\"isPartOf\":{\"@id\":\"https:\\\/\\\/infos-droitshumains.net\\\/#website\"},\"primaryImageOfPage\":{\"@id\":\"https:\\\/\\\/infos-droitshumains.net\\\/?p=6495#primaryimage\"},\"image\":{\"@id\":\"https:\\\/\\\/infos-droitshumains.net\\\/?p=6495#primaryimage\"},\"thumbnailUrl\":\"https:\\\/\\\/i0.wp.com\\\/infos-droitshumains.net\\\/wp-content\\\/uploads\\\/2023\\\/02\\\/Capture-decran-2023-02-01-094218_1.jpg?fit=1080%2C542&ssl=1\",\"datePublished\":\"2023-02-01T09:01:33+00:00\",\"dateModified\":\"2023-02-01T09:08:16+00:00\",\"breadcrumb\":{\"@id\":\"https:\\\/\\\/infos-droitshumains.net\\\/?p=6495#breadcrumb\"},\"inLanguage\":\"fr-FR\",\"potentialAction\":[{\"@type\":\"ReadAction\",\"target\":[\"https:\\\/\\\/infos-droitshumains.net\\\/?p=6495\"]}]},{\"@type\":\"ImageObject\",\"inLanguage\":\"fr-FR\",\"@id\":\"https:\\\/\\\/infos-droitshumains.net\\\/?p=6495#primaryimage\",\"url\":\"https:\\\/\\\/i0.wp.com\\\/infos-droitshumains.net\\\/wp-content\\\/uploads\\\/2023\\\/02\\\/Capture-decran-2023-02-01-094218_1.jpg?fit=1080%2C542&ssl=1\",\"contentUrl\":\"https:\\\/\\\/i0.wp.com\\\/infos-droitshumains.net\\\/wp-content\\\/uploads\\\/2023\\\/02\\\/Capture-decran-2023-02-01-094218_1.jpg?fit=1080%2C542&ssl=1\",\"width\":1080,\"height\":542},{\"@type\":\"BreadcrumbList\",\"@id\":\"https:\\\/\\\/infos-droitshumains.net\\\/?p=6495#breadcrumb\",\"itemListElement\":[{\"@type\":\"ListItem\",\"position\":1,\"name\":\"Accueil\",\"item\":\"https:\\\/\\\/infos-droitshumains.net\\\/\"},{\"@type\":\"ListItem\",\"position\":2,\"name\":\"Conflit parcellaire en RDC : La succession de Jean Yves Santos d\u00e9nonce l&rsquo;influences politiques et l\u2019usage des faux documents de la part de la succession Williams Damseaux dans l&rsquo;affaire qui oppose les deux parties\"}]},{\"@type\":\"WebSite\",\"@id\":\"https:\\\/\\\/infos-droitshumains.net\\\/#website\",\"url\":\"https:\\\/\\\/infos-droitshumains.net\\\/\",\"name\":\"Infos Droits Humains\",\"description\":\"S&#039;informer est un droit\",\"publisher\":{\"@id\":\"https:\\\/\\\/infos-droitshumains.net\\\/#organization\"},\"potentialAction\":[{\"@type\":\"SearchAction\",\"target\":{\"@type\":\"EntryPoint\",\"urlTemplate\":\"https:\\\/\\\/infos-droitshumains.net\\\/?s={search_term_string}\"},\"query-input\":{\"@type\":\"PropertyValueSpecification\",\"valueRequired\":true,\"valueName\":\"search_term_string\"}}],\"inLanguage\":\"fr-FR\"},{\"@type\":\"Organization\",\"@id\":\"https:\\\/\\\/infos-droitshumains.net\\\/#organization\",\"name\":\"Infos Droits Humains\",\"url\":\"https:\\\/\\\/infos-droitshumains.net\\\/\",\"logo\":{\"@type\":\"ImageObject\",\"inLanguage\":\"fr-FR\",\"@id\":\"https:\\\/\\\/infos-droitshumains.net\\\/#\\\/schema\\\/logo\\\/image\\\/\",\"url\":\"https:\\\/\\\/i0.wp.com\\\/infos-droitshumains.net\\\/wp-content\\\/uploads\\\/2022\\\/05\\\/Logo.png?fit=333%2C129&ssl=1\",\"contentUrl\":\"https:\\\/\\\/i0.wp.com\\\/infos-droitshumains.net\\\/wp-content\\\/uploads\\\/2022\\\/05\\\/Logo.png?fit=333%2C129&ssl=1\",\"width\":333,\"height\":129,\"caption\":\"Infos Droits Humains\"},\"image\":{\"@id\":\"https:\\\/\\\/infos-droitshumains.net\\\/#\\\/schema\\\/logo\\\/image\\\/\"}},{\"@type\":\"Person\",\"@id\":\"https:\\\/\\\/infos-droitshumains.net\\\/#\\\/schema\\\/person\\\/3dc5e921c3302172e0ed4362f96faab7\",\"name\":\"Jo\u00ebl Diawa\",\"image\":{\"@type\":\"ImageObject\",\"inLanguage\":\"fr-FR\",\"@id\":\"https:\\\/\\\/secure.gravatar.com\\\/avatar\\\/729bea6ff4604c624417803c477363be8e3c7186deaa65713313f9b4b820f41c?s=96&d=mm&r=g\",\"url\":\"https:\\\/\\\/secure.gravatar.com\\\/avatar\\\/729bea6ff4604c624417803c477363be8e3c7186deaa65713313f9b4b820f41c?s=96&d=mm&r=g\",\"contentUrl\":\"https:\\\/\\\/secure.gravatar.com\\\/avatar\\\/729bea6ff4604c624417803c477363be8e3c7186deaa65713313f9b4b820f41c?s=96&d=mm&r=g\",\"caption\":\"Jo\u00ebl Diawa\"},\"sameAs\":[\"https:\\\/\\\/www.infos-droitshumains.net\"],\"url\":\"https:\\\/\\\/infos-droitshumains.net\\\/?author=2\"}]}<\/script>\n<!-- \/ Yoast SEO plugin. -->","yoast_head_json":{"title":"Conflit parcellaire en RDC : La succession de Jean Yves Santos d\u00e9nonce l'influences politiques et l\u2019usage des faux documents de la part de la succession Williams Damseaux dans l'affaire qui oppose les deux parties - Infos Droits Humains","robots":{"index":"index","follow":"follow","max-snippet":"max-snippet:-1","max-image-preview":"max-image-preview:large","max-video-preview":"max-video-preview:-1"},"canonical":"https:\/\/infos-droitshumains.net\/?p=6495","og_locale":"fr_FR","og_type":"article","og_title":"Conflit parcellaire en RDC : La succession de Jean Yves Santos d\u00e9nonce l'influences politiques et l\u2019usage des faux documents de la part de la succession Williams Damseaux dans l'affaire qui oppose les deux parties - Infos Droits Humains","og_description":"R\u00e9daction :+243817406088 C\u2019est une affaire qui tire ses origines vers la fin des ann\u00e9es 50...","og_url":"https:\/\/infos-droitshumains.net\/?p=6495","og_site_name":"Infos Droits Humains","article_published_time":"2023-02-01T09:01:33+00:00","article_modified_time":"2023-02-01T09:08:16+00:00","og_image":[{"width":1080,"height":542,"url":"https:\/\/i0.wp.com\/infos-droitshumains.net\/wp-content\/uploads\/2023\/02\/Capture-decran-2023-02-01-094218_1.jpg?fit=1080%2C542&ssl=1","type":"image\/jpeg"}],"author":"Jo\u00ebl Diawa","twitter_card":"summary_large_image","twitter_misc":{"\u00c9crit par":"Jo\u00ebl Diawa","Dur\u00e9e de lecture estim\u00e9e":"2 minutes"},"schema":{"@context":"https:\/\/schema.org","@graph":[{"@type":"Article","@id":"https:\/\/infos-droitshumains.net\/?p=6495#article","isPartOf":{"@id":"https:\/\/infos-droitshumains.net\/?p=6495"},"author":{"name":"Jo\u00ebl Diawa","@id":"https:\/\/infos-droitshumains.net\/#\/schema\/person\/3dc5e921c3302172e0ed4362f96faab7"},"headline":"Conflit parcellaire en RDC : La succession de Jean Yves Santos d\u00e9nonce l&rsquo;influences politiques et l\u2019usage des faux documents de la part de la succession Williams Damseaux dans l&rsquo;affaire qui oppose les deux parties","datePublished":"2023-02-01T09:01:33+00:00","dateModified":"2023-02-01T09:08:16+00:00","mainEntityOfPage":{"@id":"https:\/\/infos-droitshumains.net\/?p=6495"},"wordCount":505,"commentCount":0,"publisher":{"@id":"https:\/\/infos-droitshumains.net\/#organization"},"image":{"@id":"https:\/\/infos-droitshumains.net\/?p=6495#primaryimage"},"thumbnailUrl":"https:\/\/i0.wp.com\/infos-droitshumains.net\/wp-content\/uploads\/2023\/02\/Capture-decran-2023-02-01-094218_1.jpg?fit=1080%2C542&ssl=1","articleSection":["Soci\u00e9t\u00e9"],"inLanguage":"fr-FR","potentialAction":[{"@type":"CommentAction","name":"Comment","target":["https:\/\/infos-droitshumains.net\/?p=6495#respond"]}]},{"@type":"WebPage","@id":"https:\/\/infos-droitshumains.net\/?p=6495","url":"https:\/\/infos-droitshumains.net\/?p=6495","name":"Conflit parcellaire en RDC : La succession de Jean Yves Santos d\u00e9nonce l'influences politiques et l\u2019usage des faux documents de la part de la succession Williams Damseaux dans l'affaire qui oppose les deux parties - Infos Droits Humains","isPartOf":{"@id":"https:\/\/infos-droitshumains.net\/#website"},"primaryImageOfPage":{"@id":"https:\/\/infos-droitshumains.net\/?p=6495#primaryimage"},"image":{"@id":"https:\/\/infos-droitshumains.net\/?p=6495#primaryimage"},"thumbnailUrl":"https:\/\/i0.wp.com\/infos-droitshumains.net\/wp-content\/uploads\/2023\/02\/Capture-decran-2023-02-01-094218_1.jpg?fit=1080%2C542&ssl=1","datePublished":"2023-02-01T09:01:33+00:00","dateModified":"2023-02-01T09:08:16+00:00","breadcrumb":{"@id":"https:\/\/infos-droitshumains.net\/?p=6495#breadcrumb"},"inLanguage":"fr-FR","potentialAction":[{"@type":"ReadAction","target":["https:\/\/infos-droitshumains.net\/?p=6495"]}]},{"@type":"ImageObject","inLanguage":"fr-FR","@id":"https:\/\/infos-droitshumains.net\/?p=6495#primaryimage","url":"https:\/\/i0.wp.com\/infos-droitshumains.net\/wp-content\/uploads\/2023\/02\/Capture-decran-2023-02-01-094218_1.jpg?fit=1080%2C542&ssl=1","contentUrl":"https:\/\/i0.wp.com\/infos-droitshumains.net\/wp-content\/uploads\/2023\/02\/Capture-decran-2023-02-01-094218_1.jpg?fit=1080%2C542&ssl=1","width":1080,"height":542},{"@type":"BreadcrumbList","@id":"https:\/\/infos-droitshumains.net\/?p=6495#breadcrumb","itemListElement":[{"@type":"ListItem","position":1,"name":"Accueil","item":"https:\/\/infos-droitshumains.net\/"},{"@type":"ListItem","position":2,"name":"Conflit parcellaire en RDC : La succession de Jean Yves Santos d\u00e9nonce l&rsquo;influences politiques et l\u2019usage des faux documents de la part de la succession Williams Damseaux dans l&rsquo;affaire qui oppose les deux parties"}]},{"@type":"WebSite","@id":"https:\/\/infos-droitshumains.net\/#website","url":"https:\/\/infos-droitshumains.net\/","name":"Infos Droits Humains","description":"S&#039;informer est un droit","publisher":{"@id":"https:\/\/infos-droitshumains.net\/#organization"},"potentialAction":[{"@type":"SearchAction","target":{"@type":"EntryPoint","urlTemplate":"https:\/\/infos-droitshumains.net\/?s={search_term_string}"},"query-input":{"@type":"PropertyValueSpecification","valueRequired":true,"valueName":"search_term_string"}}],"inLanguage":"fr-FR"},{"@type":"Organization","@id":"https:\/\/infos-droitshumains.net\/#organization","name":"Infos Droits Humains","url":"https:\/\/infos-droitshumains.net\/","logo":{"@type":"ImageObject","inLanguage":"fr-FR","@id":"https:\/\/infos-droitshumains.net\/#\/schema\/logo\/image\/","url":"https:\/\/i0.wp.com\/infos-droitshumains.net\/wp-content\/uploads\/2022\/05\/Logo.png?fit=333%2C129&ssl=1","contentUrl":"https:\/\/i0.wp.com\/infos-droitshumains.net\/wp-content\/uploads\/2022\/05\/Logo.png?fit=333%2C129&ssl=1","width":333,"height":129,"caption":"Infos Droits Humains"},"image":{"@id":"https:\/\/infos-droitshumains.net\/#\/schema\/logo\/image\/"}},{"@type":"Person","@id":"https:\/\/infos-droitshumains.net\/#\/schema\/person\/3dc5e921c3302172e0ed4362f96faab7","name":"Jo\u00ebl Diawa","image":{"@type":"ImageObject","inLanguage":"fr-FR","@id":"https:\/\/secure.gravatar.com\/avatar\/729bea6ff4604c624417803c477363be8e3c7186deaa65713313f9b4b820f41c?s=96&d=mm&r=g","url":"https:\/\/secure.gravatar.com\/avatar\/729bea6ff4604c624417803c477363be8e3c7186deaa65713313f9b4b820f41c?s=96&d=mm&r=g","contentUrl":"https:\/\/secure.gravatar.com\/avatar\/729bea6ff4604c624417803c477363be8e3c7186deaa65713313f9b4b820f41c?s=96&d=mm&r=g","caption":"Jo\u00ebl Diawa"},"sameAs":["https:\/\/www.infos-droitshumains.net"],"url":"https:\/\/infos-droitshumains.net\/?author=2"}]}},"featured_image_urls":{"full":["https:\/\/i0.wp.com\/infos-droitshumains.net\/wp-content\/uploads\/2023\/02\/Capture-decran-2023-02-01-094218_1.jpg?fit=1080%2C542&ssl=1",1080,542,false],"thumbnail":["https:\/\/i0.wp.com\/infos-droitshumains.net\/wp-content\/uploads\/2023\/02\/Capture-decran-2023-02-01-094218_1.jpg?resize=150%2C150&ssl=1",150,150,true],"medium":["https:\/\/i0.wp.com\/infos-droitshumains.net\/wp-content\/uploads\/2023\/02\/Capture-decran-2023-02-01-094218_1.jpg?fit=300%2C151&ssl=1",300,151,true],"medium_large":["https:\/\/i0.wp.com\/infos-droitshumains.net\/wp-content\/uploads\/2023\/02\/Capture-decran-2023-02-01-094218_1.jpg?fit=640%2C321&ssl=1",640,321,true],"large":["https:\/\/i0.wp.com\/infos-droitshumains.net\/wp-content\/uploads\/2023\/02\/Capture-decran-2023-02-01-094218_1.jpg?fit=640%2C321&ssl=1",640,321,true],"1536x1536":["https:\/\/i0.wp.com\/infos-droitshumains.net\/wp-content\/uploads\/2023\/02\/Capture-decran-2023-02-01-094218_1.jpg?fit=1080%2C542&ssl=1",1080,542,true],"2048x2048":["https:\/\/i0.wp.com\/infos-droitshumains.net\/wp-content\/uploads\/2023\/02\/Capture-decran-2023-02-01-094218_1.jpg?fit=1080%2C542&ssl=1",1080,542,true],"covernews-slider-full":["https:\/\/i0.wp.com\/infos-droitshumains.net\/wp-content\/uploads\/2023\/02\/Capture-decran-2023-02-01-094218_1.jpg?resize=1080%2C542&ssl=1",1080,542,true],"covernews-slider-center":["https:\/\/i0.wp.com\/infos-droitshumains.net\/wp-content\/uploads\/2023\/02\/Capture-decran-2023-02-01-094218_1.jpg?resize=800%2C500&ssl=1",800,500,true],"covernews-featured":["https:\/\/i0.wp.com\/infos-droitshumains.net\/wp-content\/uploads\/2023\/02\/Capture-decran-2023-02-01-094218_1.jpg?fit=1024%2C514&ssl=1",1024,514,true],"covernews-medium":["https:\/\/i0.wp.com\/infos-droitshumains.net\/wp-content\/uploads\/2023\/02\/Capture-decran-2023-02-01-094218_1.jpg?resize=540%2C340&ssl=1",540,340,true],"covernews-medium-square":["https:\/\/i0.wp.com\/infos-droitshumains.net\/wp-content\/uploads\/2023\/02\/Capture-decran-2023-02-01-094218_1.jpg?resize=400%2C250&ssl=1",400,250,true]},"author_info":{"display_name":"Jo\u00ebl Diawa","author_link":"https:\/\/infos-droitshumains.net\/?author=2"},"category_info":"<a href=\"https:\/\/infos-droitshumains.net\/?cat=8\" rel=\"category\">Soci\u00e9t\u00e9<\/a>","tag_info":"Soci\u00e9t\u00e9","comment_count":"0","jetpack_featured_media_url":"https:\/\/i0.wp.com\/infos-droitshumains.net\/wp-content\/uploads\/2023\/02\/Capture-decran-2023-02-01-094218_1.jpg?fit=1080%2C542&ssl=1","jetpack-related-posts":[],"jetpack_sharing_enabled":true,"_links":{"self":[{"href":"https:\/\/infos-droitshumains.net\/index.php?rest_route=\/wp\/v2\/posts\/6495","targetHints":{"allow":["GET"]}}],"collection":[{"href":"https:\/\/infos-droitshumains.net\/index.php?rest_route=\/wp\/v2\/posts"}],"about":[{"href":"https:\/\/infos-droitshumains.net\/index.php?rest_route=\/wp\/v2\/types\/post"}],"author":[{"embeddable":true,"href":"https:\/\/infos-droitshumains.net\/index.php?rest_route=\/wp\/v2\/users\/2"}],"replies":[{"embeddable":true,"href":"https:\/\/infos-droitshumains.net\/index.php?rest_route=%2Fwp%2Fv2%2Fcomments&post=6495"}],"version-history":[{"count":2,"href":"https:\/\/infos-droitshumains.net\/index.php?rest_route=\/wp\/v2\/posts\/6495\/revisions"}],"predecessor-version":[{"id":6499,"href":"https:\/\/infos-droitshumains.net\/index.php?rest_route=\/wp\/v2\/posts\/6495\/revisions\/6499"}],"wp:featuredmedia":[{"embeddable":true,"href":"https:\/\/infos-droitshumains.net\/index.php?rest_route=\/wp\/v2\/media\/6497"}],"wp:attachment":[{"href":"https:\/\/infos-droitshumains.net\/index.php?rest_route=%2Fwp%2Fv2%2Fmedia&parent=6495"}],"wp:term":[{"taxonomy":"category","embeddable":true,"href":"https:\/\/infos-droitshumains.net\/index.php?rest_route=%2Fwp%2Fv2%2Fcategories&post=6495"},{"taxonomy":"post_tag","embeddable":true,"href":"https:\/\/infos-droitshumains.net\/index.php?rest_route=%2Fwp%2Fv2%2Ftags&post=6495"}],"curies":[{"name":"wp","href":"https:\/\/api.w.org\/{rel}","templated":true}]}}