{"id":6473,"date":"2023-01-30T15:38:28","date_gmt":"2023-01-30T14:38:28","guid":{"rendered":"https:\/\/infos-droitshumains.net\/?p=6473"},"modified":"2023-01-30T15:41:44","modified_gmt":"2023-01-30T14:41:44","slug":"rdc-justice-transitionnelle-apres-cinq-jours-de-formation-la-commission-verite-justice-et-reconciliation-du-kasai-central-prete-a-executer-sa-mission","status":"publish","type":"post","link":"https:\/\/infos-droitshumains.net\/?p=6473","title":{"rendered":"RDC-Justice transitionnelle: Apr\u00e8s cinq jours de formation, la commission v\u00e9rit\u00e9, justice et r\u00e9conciliation du Kasa\u00ef-Central pr\u00eate \u00e0 ex\u00e9cuter sa mission"},"content":{"rendered":"\n<p><strong>R\u00e9daction :+243817406088<\/strong><\/p>\n\n\n\n<p>C\u2019est ce vendredi 27 janvier 2023 que s\u2019est cl\u00f4tur\u00e9 l\u2019atelier de formation initiale organis\u00e9 par le Bureau Conjoint des Nations Unies aux Droits de l&rsquo;Homme (BCNUDH) en collaboration avec le minist\u00e8re des droits humains. Ces travaux de cinq jours avaient pour objectif de renforcer les capacit\u00e9s des membres de la Commission Provinciale V\u00e9rit\u00e9, Justice et R\u00e9conciliation (CPVJ) du Kasa\u00ef-Central en vue de bien accomplir leurs missions dans le cadre de la mise en \u0153uvre de la justice transitionnelle<\/p>\n\n\n\n<p>Lors de la cl\u00f4ture de ces travaux, la Directrice ad int\u00e9rim du BCNUDH, a salu\u00e9 l&rsquo;engagement des participants qui, selon elle, d\u00e9montre l&rsquo;importance qu&rsquo;ils accordent aux questions des Droits de l&rsquo;Homme. A en croire Erica Bussey, la pr\u00e9sence et l\u2019assiduit\u00e9 des participants <em>\u00ab&nbsp;t\u00e9moignent d&rsquo;une fa\u00e7on unique&nbsp;\u00bb<\/em> leur <em>\u00ab&nbsp;engagement dans le processus de justice transitionnelle au Kasa\u00ef-Central&nbsp;\u00bb et &nbsp;dans la promotion &nbsp;des Droits de l&rsquo;Homme en RDC&nbsp;\u00bb.<\/em><\/p>\n\n\n\n<p>La Commission Provinciale V\u00e9rit\u00e9, Justice et R\u00e9conciliation du Kasa\u00ef-Central a principalement pour mission d\u2019identifier les auteurs et les victimes des crimes et violations des Droits de l&rsquo;Homme commis pendant le ph\u00e9nom\u00e8ne Kamwena Nsapu, en suite, mettre en place des m\u00e9canismes de r\u00e9paration et des poursuites judiciaires. Le gouvernement provincial du Kasa\u00ef-Central repr\u00e9sent\u00e9 par son ministre en charge de la justice et garde des sceaux, m\u00e9dias et communication tient \u00e0 l&rsquo;ex\u00e9cution de la mission assign\u00e9e \u00e0 cette commission.<\/p>\n\n\n\n<p><em>\u00ab&nbsp;Cette commission est un outil tr\u00e8s essentiel, vu les missions lui confi\u00e9es, qui dans les jours avenirs, va stabiliser le Kasa\u00ef-Central&nbsp;\u00bb<\/em>, a indiqu\u00e9 Emmanuel Muela.<\/p>\n\n\n\n<p>Kasa\u00ef-Central constitue la province pilote pour la mise en \u0153uvre de la justice transitionnelle en RDC&nbsp;; l\u2019accomplissement de la mission de la CPVJ n\u00e9cessite l&rsquo;apport de tous. Conscient de cette r\u00e9alit\u00e9, le Vice-Pr\u00e9sident de l&rsquo;Assembl\u00e9e Provinciale du Kasa\u00ef-Central a promis l&rsquo;accompagnement de son bureau en outils de travail.<\/p>\n\n\n\n<p><em>\u00ab&nbsp;L&rsquo;Assembl\u00e9e Provinciale du Kasa\u00ef-Central reste dispos\u00e9e pour accompagner la commission et ses partenaires pour des \u00e9ventuels outils qui pourront l&rsquo;aider \u00e0 bien travailler, m\u00eame pour la modification des outils existants&nbsp;\u00bb<\/em>, a rassur\u00e9 Marcel Tshipepele.<\/p>\n\n\n\n<p>Appuy\u00e9 techniquement et financi\u00e8rement par UNJHRO et TRIAL International, cet atelier de formation initiale a \u00e9galement constitu\u00e9 un moment de partage d&rsquo;exp\u00e9rience dans le cadre de l&rsquo;op\u00e9rationnalisation des commissions v\u00e9rit\u00e9.<\/p>\n\n\n\n<p>AM<\/p>\n","protected":false},"excerpt":{"rendered":"<p>R\u00e9daction :+243817406088 C\u2019est ce vendredi 27 janvier 2023 que s\u2019est cl\u00f4tur\u00e9 l\u2019atelier de formation initiale&#8230;<\/p>\n","protected":false},"author":2,"featured_media":6476,"comment_status":"open","ping_status":"open","sticky":false,"template":"","format":"standard","meta":{"_jetpack_memberships_contains_paid_content":false,"footnotes":""},"categories":[7],"tags":[],"class_list":["post-6473","post","type-post","status-publish","format-standard","has-post-thumbnail","hentry","category-droits-humains"],"yoast_head":"<!-- This site is optimized with the Yoast SEO plugin v27.5 - https:\/\/yoast.com\/product\/yoast-seo-wordpress\/ -->\n<title>RDC-Justice transitionnelle: Apr\u00e8s cinq jours de formation, la commission v\u00e9rit\u00e9, justice et r\u00e9conciliation du Kasa\u00ef-Central pr\u00eate \u00e0 ex\u00e9cuter sa mission - Infos Droits Humains<\/title>\n<meta name=\"robots\" content=\"index, follow, max-snippet:-1, max-image-preview:large, max-video-preview:-1\" \/>\n<link rel=\"canonical\" href=\"https:\/\/infos-droitshumains.net\/?p=6473\" \/>\n<meta property=\"og:locale\" content=\"fr_FR\" \/>\n<meta property=\"og:type\" content=\"article\" \/>\n<meta property=\"og:title\" content=\"RDC-Justice transitionnelle: Apr\u00e8s cinq jours de formation, la commission v\u00e9rit\u00e9, justice et r\u00e9conciliation du Kasa\u00ef-Central pr\u00eate \u00e0 ex\u00e9cuter sa mission - Infos Droits Humains\" \/>\n<meta property=\"og:description\" content=\"R\u00e9daction :+243817406088 C\u2019est ce vendredi 27 janvier 2023 que s\u2019est cl\u00f4tur\u00e9 l\u2019atelier de formation initiale...\" \/>\n<meta property=\"og:url\" content=\"https:\/\/infos-droitshumains.net\/?p=6473\" \/>\n<meta property=\"og:site_name\" content=\"Infos Droits Humains\" \/>\n<meta property=\"article:published_time\" content=\"2023-01-30T14:38:28+00:00\" \/>\n<meta property=\"article:modified_time\" content=\"2023-01-30T14:41:44+00:00\" \/>\n<meta property=\"og:image\" content=\"https:\/\/i0.wp.com\/infos-droitshumains.net\/wp-content\/uploads\/2023\/01\/IMG-20230130-WA0025_1.jpg?fit=1024%2C683&ssl=1\" \/>\n\t<meta property=\"og:image:width\" content=\"1024\" \/>\n\t<meta property=\"og:image:height\" content=\"683\" \/>\n\t<meta property=\"og:image:type\" content=\"image\/jpeg\" \/>\n<meta name=\"author\" content=\"Jo\u00ebl Diawa\" \/>\n<meta name=\"twitter:card\" content=\"summary_large_image\" \/>\n<meta name=\"twitter:label1\" content=\"\u00c9crit par\" \/>\n\t<meta name=\"twitter:data1\" content=\"Jo\u00ebl Diawa\" \/>\n\t<meta name=\"twitter:label2\" content=\"Dur\u00e9e de lecture estim\u00e9e\" \/>\n\t<meta name=\"twitter:data2\" content=\"2 minutes\" \/>\n<script type=\"application\/ld+json\" class=\"yoast-schema-graph\">{\"@context\":\"https:\\\/\\\/schema.org\",\"@graph\":[{\"@type\":\"Article\",\"@id\":\"https:\\\/\\\/infos-droitshumains.net\\\/?p=6473#article\",\"isPartOf\":{\"@id\":\"https:\\\/\\\/infos-droitshumains.net\\\/?p=6473\"},\"author\":{\"name\":\"Jo\u00ebl Diawa\",\"@id\":\"https:\\\/\\\/infos-droitshumains.net\\\/#\\\/schema\\\/person\\\/3dc5e921c3302172e0ed4362f96faab7\"},\"headline\":\"RDC-Justice transitionnelle: Apr\u00e8s cinq jours de formation, la commission v\u00e9rit\u00e9, justice et r\u00e9conciliation du Kasa\u00ef-Central pr\u00eate \u00e0 ex\u00e9cuter sa mission\",\"datePublished\":\"2023-01-30T14:38:28+00:00\",\"dateModified\":\"2023-01-30T14:41:44+00:00\",\"mainEntityOfPage\":{\"@id\":\"https:\\\/\\\/infos-droitshumains.net\\\/?p=6473\"},\"wordCount\":441,\"commentCount\":0,\"publisher\":{\"@id\":\"https:\\\/\\\/infos-droitshumains.net\\\/#organization\"},\"image\":{\"@id\":\"https:\\\/\\\/infos-droitshumains.net\\\/?p=6473#primaryimage\"},\"thumbnailUrl\":\"https:\\\/\\\/i0.wp.com\\\/infos-droitshumains.net\\\/wp-content\\\/uploads\\\/2023\\\/01\\\/IMG-20230130-WA0025_1.jpg?fit=1024%2C683&ssl=1\",\"articleSection\":[\"Droits Humains\"],\"inLanguage\":\"fr-FR\",\"potentialAction\":[{\"@type\":\"CommentAction\",\"name\":\"Comment\",\"target\":[\"https:\\\/\\\/infos-droitshumains.net\\\/?p=6473#respond\"]}]},{\"@type\":\"WebPage\",\"@id\":\"https:\\\/\\\/infos-droitshumains.net\\\/?p=6473\",\"url\":\"https:\\\/\\\/infos-droitshumains.net\\\/?p=6473\",\"name\":\"RDC-Justice transitionnelle: Apr\u00e8s cinq jours de formation, la commission v\u00e9rit\u00e9, justice et r\u00e9conciliation du Kasa\u00ef-Central pr\u00eate \u00e0 ex\u00e9cuter sa mission - Infos Droits Humains\",\"isPartOf\":{\"@id\":\"https:\\\/\\\/infos-droitshumains.net\\\/#website\"},\"primaryImageOfPage\":{\"@id\":\"https:\\\/\\\/infos-droitshumains.net\\\/?p=6473#primaryimage\"},\"image\":{\"@id\":\"https:\\\/\\\/infos-droitshumains.net\\\/?p=6473#primaryimage\"},\"thumbnailUrl\":\"https:\\\/\\\/i0.wp.com\\\/infos-droitshumains.net\\\/wp-content\\\/uploads\\\/2023\\\/01\\\/IMG-20230130-WA0025_1.jpg?fit=1024%2C683&ssl=1\",\"datePublished\":\"2023-01-30T14:38:28+00:00\",\"dateModified\":\"2023-01-30T14:41:44+00:00\",\"breadcrumb\":{\"@id\":\"https:\\\/\\\/infos-droitshumains.net\\\/?p=6473#breadcrumb\"},\"inLanguage\":\"fr-FR\",\"potentialAction\":[{\"@type\":\"ReadAction\",\"target\":[\"https:\\\/\\\/infos-droitshumains.net\\\/?p=6473\"]}]},{\"@type\":\"ImageObject\",\"inLanguage\":\"fr-FR\",\"@id\":\"https:\\\/\\\/infos-droitshumains.net\\\/?p=6473#primaryimage\",\"url\":\"https:\\\/\\\/i0.wp.com\\\/infos-droitshumains.net\\\/wp-content\\\/uploads\\\/2023\\\/01\\\/IMG-20230130-WA0025_1.jpg?fit=1024%2C683&ssl=1\",\"contentUrl\":\"https:\\\/\\\/i0.wp.com\\\/infos-droitshumains.net\\\/wp-content\\\/uploads\\\/2023\\\/01\\\/IMG-20230130-WA0025_1.jpg?fit=1024%2C683&ssl=1\",\"width\":1024,\"height\":683},{\"@type\":\"BreadcrumbList\",\"@id\":\"https:\\\/\\\/infos-droitshumains.net\\\/?p=6473#breadcrumb\",\"itemListElement\":[{\"@type\":\"ListItem\",\"position\":1,\"name\":\"Accueil\",\"item\":\"https:\\\/\\\/infos-droitshumains.net\\\/\"},{\"@type\":\"ListItem\",\"position\":2,\"name\":\"RDC-Justice transitionnelle: Apr\u00e8s cinq jours de formation, la commission v\u00e9rit\u00e9, justice et r\u00e9conciliation du Kasa\u00ef-Central pr\u00eate \u00e0 ex\u00e9cuter sa mission\"}]},{\"@type\":\"WebSite\",\"@id\":\"https:\\\/\\\/infos-droitshumains.net\\\/#website\",\"url\":\"https:\\\/\\\/infos-droitshumains.net\\\/\",\"name\":\"Infos Droits Humains\",\"description\":\"S&#039;informer est un droit\",\"publisher\":{\"@id\":\"https:\\\/\\\/infos-droitshumains.net\\\/#organization\"},\"potentialAction\":[{\"@type\":\"SearchAction\",\"target\":{\"@type\":\"EntryPoint\",\"urlTemplate\":\"https:\\\/\\\/infos-droitshumains.net\\\/?s={search_term_string}\"},\"query-input\":{\"@type\":\"PropertyValueSpecification\",\"valueRequired\":true,\"valueName\":\"search_term_string\"}}],\"inLanguage\":\"fr-FR\"},{\"@type\":\"Organization\",\"@id\":\"https:\\\/\\\/infos-droitshumains.net\\\/#organization\",\"name\":\"Infos Droits Humains\",\"url\":\"https:\\\/\\\/infos-droitshumains.net\\\/\",\"logo\":{\"@type\":\"ImageObject\",\"inLanguage\":\"fr-FR\",\"@id\":\"https:\\\/\\\/infos-droitshumains.net\\\/#\\\/schema\\\/logo\\\/image\\\/\",\"url\":\"https:\\\/\\\/i0.wp.com\\\/infos-droitshumains.net\\\/wp-content\\\/uploads\\\/2022\\\/05\\\/Logo.png?fit=333%2C129&ssl=1\",\"contentUrl\":\"https:\\\/\\\/i0.wp.com\\\/infos-droitshumains.net\\\/wp-content\\\/uploads\\\/2022\\\/05\\\/Logo.png?fit=333%2C129&ssl=1\",\"width\":333,\"height\":129,\"caption\":\"Infos Droits Humains\"},\"image\":{\"@id\":\"https:\\\/\\\/infos-droitshumains.net\\\/#\\\/schema\\\/logo\\\/image\\\/\"}},{\"@type\":\"Person\",\"@id\":\"https:\\\/\\\/infos-droitshumains.net\\\/#\\\/schema\\\/person\\\/3dc5e921c3302172e0ed4362f96faab7\",\"name\":\"Jo\u00ebl Diawa\",\"image\":{\"@type\":\"ImageObject\",\"inLanguage\":\"fr-FR\",\"@id\":\"https:\\\/\\\/secure.gravatar.com\\\/avatar\\\/729bea6ff4604c624417803c477363be8e3c7186deaa65713313f9b4b820f41c?s=96&d=mm&r=g\",\"url\":\"https:\\\/\\\/secure.gravatar.com\\\/avatar\\\/729bea6ff4604c624417803c477363be8e3c7186deaa65713313f9b4b820f41c?s=96&d=mm&r=g\",\"contentUrl\":\"https:\\\/\\\/secure.gravatar.com\\\/avatar\\\/729bea6ff4604c624417803c477363be8e3c7186deaa65713313f9b4b820f41c?s=96&d=mm&r=g\",\"caption\":\"Jo\u00ebl Diawa\"},\"sameAs\":[\"https:\\\/\\\/www.infos-droitshumains.net\"],\"url\":\"https:\\\/\\\/infos-droitshumains.net\\\/?author=2\"}]}<\/script>\n<!-- \/ Yoast SEO plugin. -->","yoast_head_json":{"title":"RDC-Justice transitionnelle: Apr\u00e8s cinq jours de formation, la commission v\u00e9rit\u00e9, justice et r\u00e9conciliation du Kasa\u00ef-Central pr\u00eate \u00e0 ex\u00e9cuter sa mission - Infos Droits Humains","robots":{"index":"index","follow":"follow","max-snippet":"max-snippet:-1","max-image-preview":"max-image-preview:large","max-video-preview":"max-video-preview:-1"},"canonical":"https:\/\/infos-droitshumains.net\/?p=6473","og_locale":"fr_FR","og_type":"article","og_title":"RDC-Justice transitionnelle: Apr\u00e8s cinq jours de formation, la commission v\u00e9rit\u00e9, justice et r\u00e9conciliation du Kasa\u00ef-Central pr\u00eate \u00e0 ex\u00e9cuter sa mission - Infos Droits Humains","og_description":"R\u00e9daction :+243817406088 C\u2019est ce vendredi 27 janvier 2023 que s\u2019est cl\u00f4tur\u00e9 l\u2019atelier de formation initiale...","og_url":"https:\/\/infos-droitshumains.net\/?p=6473","og_site_name":"Infos Droits Humains","article_published_time":"2023-01-30T14:38:28+00:00","article_modified_time":"2023-01-30T14:41:44+00:00","og_image":[{"width":1024,"height":683,"url":"https:\/\/i0.wp.com\/infos-droitshumains.net\/wp-content\/uploads\/2023\/01\/IMG-20230130-WA0025_1.jpg?fit=1024%2C683&ssl=1","type":"image\/jpeg"}],"author":"Jo\u00ebl Diawa","twitter_card":"summary_large_image","twitter_misc":{"\u00c9crit par":"Jo\u00ebl Diawa","Dur\u00e9e de lecture estim\u00e9e":"2 minutes"},"schema":{"@context":"https:\/\/schema.org","@graph":[{"@type":"Article","@id":"https:\/\/infos-droitshumains.net\/?p=6473#article","isPartOf":{"@id":"https:\/\/infos-droitshumains.net\/?p=6473"},"author":{"name":"Jo\u00ebl Diawa","@id":"https:\/\/infos-droitshumains.net\/#\/schema\/person\/3dc5e921c3302172e0ed4362f96faab7"},"headline":"RDC-Justice transitionnelle: Apr\u00e8s cinq jours de formation, la commission v\u00e9rit\u00e9, justice et r\u00e9conciliation du Kasa\u00ef-Central pr\u00eate \u00e0 ex\u00e9cuter sa mission","datePublished":"2023-01-30T14:38:28+00:00","dateModified":"2023-01-30T14:41:44+00:00","mainEntityOfPage":{"@id":"https:\/\/infos-droitshumains.net\/?p=6473"},"wordCount":441,"commentCount":0,"publisher":{"@id":"https:\/\/infos-droitshumains.net\/#organization"},"image":{"@id":"https:\/\/infos-droitshumains.net\/?p=6473#primaryimage"},"thumbnailUrl":"https:\/\/i0.wp.com\/infos-droitshumains.net\/wp-content\/uploads\/2023\/01\/IMG-20230130-WA0025_1.jpg?fit=1024%2C683&ssl=1","articleSection":["Droits Humains"],"inLanguage":"fr-FR","potentialAction":[{"@type":"CommentAction","name":"Comment","target":["https:\/\/infos-droitshumains.net\/?p=6473#respond"]}]},{"@type":"WebPage","@id":"https:\/\/infos-droitshumains.net\/?p=6473","url":"https:\/\/infos-droitshumains.net\/?p=6473","name":"RDC-Justice transitionnelle: Apr\u00e8s cinq jours de formation, la commission v\u00e9rit\u00e9, justice et r\u00e9conciliation du Kasa\u00ef-Central pr\u00eate \u00e0 ex\u00e9cuter sa mission - Infos Droits Humains","isPartOf":{"@id":"https:\/\/infos-droitshumains.net\/#website"},"primaryImageOfPage":{"@id":"https:\/\/infos-droitshumains.net\/?p=6473#primaryimage"},"image":{"@id":"https:\/\/infos-droitshumains.net\/?p=6473#primaryimage"},"thumbnailUrl":"https:\/\/i0.wp.com\/infos-droitshumains.net\/wp-content\/uploads\/2023\/01\/IMG-20230130-WA0025_1.jpg?fit=1024%2C683&ssl=1","datePublished":"2023-01-30T14:38:28+00:00","dateModified":"2023-01-30T14:41:44+00:00","breadcrumb":{"@id":"https:\/\/infos-droitshumains.net\/?p=6473#breadcrumb"},"inLanguage":"fr-FR","potentialAction":[{"@type":"ReadAction","target":["https:\/\/infos-droitshumains.net\/?p=6473"]}]},{"@type":"ImageObject","inLanguage":"fr-FR","@id":"https:\/\/infos-droitshumains.net\/?p=6473#primaryimage","url":"https:\/\/i0.wp.com\/infos-droitshumains.net\/wp-content\/uploads\/2023\/01\/IMG-20230130-WA0025_1.jpg?fit=1024%2C683&ssl=1","contentUrl":"https:\/\/i0.wp.com\/infos-droitshumains.net\/wp-content\/uploads\/2023\/01\/IMG-20230130-WA0025_1.jpg?fit=1024%2C683&ssl=1","width":1024,"height":683},{"@type":"BreadcrumbList","@id":"https:\/\/infos-droitshumains.net\/?p=6473#breadcrumb","itemListElement":[{"@type":"ListItem","position":1,"name":"Accueil","item":"https:\/\/infos-droitshumains.net\/"},{"@type":"ListItem","position":2,"name":"RDC-Justice transitionnelle: Apr\u00e8s cinq jours de formation, la commission v\u00e9rit\u00e9, justice et r\u00e9conciliation du Kasa\u00ef-Central pr\u00eate \u00e0 ex\u00e9cuter sa mission"}]},{"@type":"WebSite","@id":"https:\/\/infos-droitshumains.net\/#website","url":"https:\/\/infos-droitshumains.net\/","name":"Infos Droits Humains","description":"S&#039;informer est un droit","publisher":{"@id":"https:\/\/infos-droitshumains.net\/#organization"},"potentialAction":[{"@type":"SearchAction","target":{"@type":"EntryPoint","urlTemplate":"https:\/\/infos-droitshumains.net\/?s={search_term_string}"},"query-input":{"@type":"PropertyValueSpecification","valueRequired":true,"valueName":"search_term_string"}}],"inLanguage":"fr-FR"},{"@type":"Organization","@id":"https:\/\/infos-droitshumains.net\/#organization","name":"Infos Droits Humains","url":"https:\/\/infos-droitshumains.net\/","logo":{"@type":"ImageObject","inLanguage":"fr-FR","@id":"https:\/\/infos-droitshumains.net\/#\/schema\/logo\/image\/","url":"https:\/\/i0.wp.com\/infos-droitshumains.net\/wp-content\/uploads\/2022\/05\/Logo.png?fit=333%2C129&ssl=1","contentUrl":"https:\/\/i0.wp.com\/infos-droitshumains.net\/wp-content\/uploads\/2022\/05\/Logo.png?fit=333%2C129&ssl=1","width":333,"height":129,"caption":"Infos Droits Humains"},"image":{"@id":"https:\/\/infos-droitshumains.net\/#\/schema\/logo\/image\/"}},{"@type":"Person","@id":"https:\/\/infos-droitshumains.net\/#\/schema\/person\/3dc5e921c3302172e0ed4362f96faab7","name":"Jo\u00ebl Diawa","image":{"@type":"ImageObject","inLanguage":"fr-FR","@id":"https:\/\/secure.gravatar.com\/avatar\/729bea6ff4604c624417803c477363be8e3c7186deaa65713313f9b4b820f41c?s=96&d=mm&r=g","url":"https:\/\/secure.gravatar.com\/avatar\/729bea6ff4604c624417803c477363be8e3c7186deaa65713313f9b4b820f41c?s=96&d=mm&r=g","contentUrl":"https:\/\/secure.gravatar.com\/avatar\/729bea6ff4604c624417803c477363be8e3c7186deaa65713313f9b4b820f41c?s=96&d=mm&r=g","caption":"Jo\u00ebl Diawa"},"sameAs":["https:\/\/www.infos-droitshumains.net"],"url":"https:\/\/infos-droitshumains.net\/?author=2"}]}},"featured_image_urls":{"full":["https:\/\/i0.wp.com\/infos-droitshumains.net\/wp-content\/uploads\/2023\/01\/IMG-20230130-WA0025_1.jpg?fit=1024%2C683&ssl=1",1024,683,false],"thumbnail":["https:\/\/i0.wp.com\/infos-droitshumains.net\/wp-content\/uploads\/2023\/01\/IMG-20230130-WA0025_1.jpg?resize=150%2C150&ssl=1",150,150,true],"medium":["https:\/\/i0.wp.com\/infos-droitshumains.net\/wp-content\/uploads\/2023\/01\/IMG-20230130-WA0025_1.jpg?fit=300%2C200&ssl=1",300,200,true],"medium_large":["https:\/\/i0.wp.com\/infos-droitshumains.net\/wp-content\/uploads\/2023\/01\/IMG-20230130-WA0025_1.jpg?fit=640%2C427&ssl=1",640,427,true],"large":["https:\/\/i0.wp.com\/infos-droitshumains.net\/wp-content\/uploads\/2023\/01\/IMG-20230130-WA0025_1.jpg?fit=640%2C427&ssl=1",640,427,true],"1536x1536":["https:\/\/i0.wp.com\/infos-droitshumains.net\/wp-content\/uploads\/2023\/01\/IMG-20230130-WA0025_1.jpg?fit=1024%2C683&ssl=1",1024,683,true],"2048x2048":["https:\/\/i0.wp.com\/infos-droitshumains.net\/wp-content\/uploads\/2023\/01\/IMG-20230130-WA0025_1.jpg?fit=1024%2C683&ssl=1",1024,683,true],"covernews-slider-full":["https:\/\/i0.wp.com\/infos-droitshumains.net\/wp-content\/uploads\/2023\/01\/IMG-20230130-WA0025_1.jpg?resize=1024%2C683&ssl=1",1024,683,true],"covernews-slider-center":["https:\/\/i0.wp.com\/infos-droitshumains.net\/wp-content\/uploads\/2023\/01\/IMG-20230130-WA0025_1.jpg?resize=800%2C500&ssl=1",800,500,true],"covernews-featured":["https:\/\/i0.wp.com\/infos-droitshumains.net\/wp-content\/uploads\/2023\/01\/IMG-20230130-WA0025_1.jpg?fit=1024%2C683&ssl=1",1024,683,true],"covernews-medium":["https:\/\/i0.wp.com\/infos-droitshumains.net\/wp-content\/uploads\/2023\/01\/IMG-20230130-WA0025_1.jpg?resize=540%2C340&ssl=1",540,340,true],"covernews-medium-square":["https:\/\/i0.wp.com\/infos-droitshumains.net\/wp-content\/uploads\/2023\/01\/IMG-20230130-WA0025_1.jpg?resize=400%2C250&ssl=1",400,250,true]},"author_info":{"display_name":"Jo\u00ebl Diawa","author_link":"https:\/\/infos-droitshumains.net\/?author=2"},"category_info":"<a href=\"https:\/\/infos-droitshumains.net\/?cat=7\" rel=\"category\">Droits Humains<\/a>","tag_info":"Droits Humains","comment_count":"0","jetpack_featured_media_url":"https:\/\/i0.wp.com\/infos-droitshumains.net\/wp-content\/uploads\/2023\/01\/IMG-20230130-WA0025_1.jpg?fit=1024%2C683&ssl=1","jetpack-related-posts":[],"jetpack_sharing_enabled":true,"_links":{"self":[{"href":"https:\/\/infos-droitshumains.net\/index.php?rest_route=\/wp\/v2\/posts\/6473","targetHints":{"allow":["GET"]}}],"collection":[{"href":"https:\/\/infos-droitshumains.net\/index.php?rest_route=\/wp\/v2\/posts"}],"about":[{"href":"https:\/\/infos-droitshumains.net\/index.php?rest_route=\/wp\/v2\/types\/post"}],"author":[{"embeddable":true,"href":"https:\/\/infos-droitshumains.net\/index.php?rest_route=\/wp\/v2\/users\/2"}],"replies":[{"embeddable":true,"href":"https:\/\/infos-droitshumains.net\/index.php?rest_route=%2Fwp%2Fv2%2Fcomments&post=6473"}],"version-history":[{"count":2,"href":"https:\/\/infos-droitshumains.net\/index.php?rest_route=\/wp\/v2\/posts\/6473\/revisions"}],"predecessor-version":[{"id":6475,"href":"https:\/\/infos-droitshumains.net\/index.php?rest_route=\/wp\/v2\/posts\/6473\/revisions\/6475"}],"wp:featuredmedia":[{"embeddable":true,"href":"https:\/\/infos-droitshumains.net\/index.php?rest_route=\/wp\/v2\/media\/6476"}],"wp:attachment":[{"href":"https:\/\/infos-droitshumains.net\/index.php?rest_route=%2Fwp%2Fv2%2Fmedia&parent=6473"}],"wp:term":[{"taxonomy":"category","embeddable":true,"href":"https:\/\/infos-droitshumains.net\/index.php?rest_route=%2Fwp%2Fv2%2Fcategories&post=6473"},{"taxonomy":"post_tag","embeddable":true,"href":"https:\/\/infos-droitshumains.net\/index.php?rest_route=%2Fwp%2Fv2%2Ftags&post=6473"}],"curies":[{"name":"wp","href":"https:\/\/api.w.org\/{rel}","templated":true}]}}