{"id":6464,"date":"2023-01-27T14:45:50","date_gmt":"2023-01-27T13:45:50","guid":{"rendered":"https:\/\/infos-droitshumains.net\/?p=6464"},"modified":"2023-01-27T15:07:18","modified_gmt":"2023-01-27T14:07:18","slug":"election-de-2023-plebiscite-porte-etendard-de-lopposition-moise-katumbi-vient-de-clore-le-debat-sur-sa-nationalite","status":"publish","type":"post","link":"https:\/\/infos-droitshumains.net\/?p=6464","title":{"rendered":"\u00c9lection de 2023 : Pl\u00e9biscit\u00e9 porte \u00e9tendard de l\u2019opposition, Mo\u00efse Katumbi vient de clore le d\u00e9bat sur sa nationalit\u00e9"},"content":{"rendered":"\n<p><strong>R\u00e9daction :+243817406088<\/strong><\/p>\n\n\n\n<p>Investi candidat de Ensemble pour la R\u00e9publique \u00e0 la pr\u00e9sidentielle de d\u00e9cembre 2023, Mo\u00efse Katumbi caracole en t\u00eate dans les sondages. Les \u00abJeunes patriotes congolais\u00bb ont men\u00e9 un sondage en ligne pour savoir <strong><em>\u00ab&nbsp;Quel candidat parmi les acteurs de l\u2019Opposition pourrait battre F\u00e9lix Tshisekedi en 2023?\u00bb<\/em><\/strong>. Plus de 4.000 internautes ont r\u00e9pondu \u00e0 la question&nbsp;; le score est sans \u00e9quivoque, Mo\u00efse Katumbi devance tous les autres pr\u00e9tendants avec une majorit\u00e9 absolue soit, 51,3% des suffrages exprim\u00e9s.<\/p>\n\n\n\n<p>Le Chairman talonne de loin le prix Nobel de la paix. Bien qu\u2019il ne se soit jamais d\u00e9clar\u00e9 candidat, le Docteur Denis Mukwege rafle la deuxi\u00e8me place avec 20,4% des suffrages. La marche est compl\u00e9t\u00e9e par Martin Fayulu et Augustin Matata Ponyo qui obtiennent respectivement 14,7% et 13,7%.<\/p>\n\n\n\n<p>Avec ce score \u00e9crasant, Mo\u00efse Katumbi a sans aucun doute \u00e9t\u00e9 pl\u00e9biscit\u00e9 porte \u00e9tendard de l\u2019opposition aux joutes \u00e9lectorales avenirs.<\/p>\n\n\n\n<p><strong><em>Moise Katumbi remplit son devoir civique, fini le d\u00e9bat sur la nationalit\u00e9<\/em><\/strong><\/p>\n\n\n\n<p>Depuis l\u2019annonce de Ensemble pour la R\u00e9publique de quitter l\u2019Union Sacr\u00e9e coupl\u00e9e \u00e0 la d\u00e9claration de la candidature du chairman \u00e0 la pr\u00e9sidentielle de 2023, plusieurs officines ont entrepris des campagnes tendant \u00e0 remettre en cause nationalit\u00e9 de Katumbi. On lui attribue tant\u00f4t la nationalit\u00e9 zambienne, tant\u00f4t italienne, tant\u00f4t juive.<\/p>\n\n\n\n<p>Certains ont m\u00eame pondu des propositions de lois totalement s\u00e9paratistes et discriminatoires pour essayer d\u2019\u00e9carter le fils de Kashobwe de la course. Un coup d\u2019\u00e9p\u00e9e dans l\u2019eau car ce dernier s\u2019est bel et bien enr\u00f4l\u00e9 \u00a0ce jeudi 26 janvier dans la commune de la Ruashi \u00e0 Lubumbashi.<\/p>\n\n\n\n<figure class=\"wp-block-image alignfull size-full\"><img data-recalc-dims=\"1\" fetchpriority=\"high\" decoding=\"async\" width=\"640\" height=\"480\" src=\"https:\/\/i0.wp.com\/infos-droitshumains.net\/wp-content\/uploads\/2023\/01\/20230126_174540.jpg?resize=640%2C480&#038;ssl=1\" alt=\"\" class=\"wp-image-6470\" srcset=\"https:\/\/i0.wp.com\/infos-droitshumains.net\/wp-content\/uploads\/2023\/01\/20230126_174540.jpg?w=680&amp;ssl=1 680w, https:\/\/i0.wp.com\/infos-droitshumains.net\/wp-content\/uploads\/2023\/01\/20230126_174540.jpg?resize=300%2C225&amp;ssl=1 300w\" sizes=\"(max-width: 640px) 100vw, 640px\" \/><\/figure>\n\n\n\n<p>En remplissant ce devoir citoyen, l\u2019ex-Gouverneur du Katanga vient de couper court aux rumeurs sur sa pr\u00e9tendue nationalit\u00e9 \u00e9trang\u00e8re&nbsp;dans la mesure o\u00f9 la loi ne permet qu\u2019aux seuls congolais de nationalit\u00e9 d\u2019obtenir la carte d\u2019\u00e9lecteur.<\/p>\n\n\n\n<p>Fini donc le d\u00e9bat de la rue&nbsp;; les d\u00e9tracteur et potentiels challengers de Mo\u00efse Katumbi ne peuvent maintenant qu\u2019affuter leurs armes pour monter au starting-block.<\/p>\n\n\n\n<p>Jo\u00ebl Diawa<\/p>\n","protected":false},"excerpt":{"rendered":"<p>R\u00e9daction :+243817406088 Investi candidat de Ensemble pour la R\u00e9publique \u00e0 la pr\u00e9sidentielle de d\u00e9cembre 2023,&#8230;<\/p>\n","protected":false},"author":2,"featured_media":6469,"comment_status":"open","ping_status":"open","sticky":false,"template":"","format":"standard","meta":{"_jetpack_memberships_contains_paid_content":false,"footnotes":""},"categories":[3],"tags":[],"class_list":["post-6464","post","type-post","status-publish","format-standard","has-post-thumbnail","hentry","category-politique"],"yoast_head":"<!-- This site is optimized with the Yoast SEO plugin v27.5 - https:\/\/yoast.com\/product\/yoast-seo-wordpress\/ -->\n<title>\u00c9lection de 2023 : Pl\u00e9biscit\u00e9 porte \u00e9tendard de l\u2019opposition, Mo\u00efse Katumbi vient de clore le d\u00e9bat sur sa nationalit\u00e9 - Infos Droits Humains<\/title>\n<meta name=\"robots\" content=\"index, follow, max-snippet:-1, max-image-preview:large, max-video-preview:-1\" \/>\n<link rel=\"canonical\" href=\"https:\/\/infos-droitshumains.net\/?p=6464\" \/>\n<meta property=\"og:locale\" content=\"fr_FR\" \/>\n<meta property=\"og:type\" content=\"article\" \/>\n<meta property=\"og:title\" content=\"\u00c9lection de 2023 : Pl\u00e9biscit\u00e9 porte \u00e9tendard de l\u2019opposition, Mo\u00efse Katumbi vient de clore le d\u00e9bat sur sa nationalit\u00e9 - Infos Droits Humains\" \/>\n<meta property=\"og:description\" content=\"R\u00e9daction :+243817406088 Investi candidat de Ensemble pour la R\u00e9publique \u00e0 la pr\u00e9sidentielle de d\u00e9cembre 2023,...\" \/>\n<meta property=\"og:url\" content=\"https:\/\/infos-droitshumains.net\/?p=6464\" \/>\n<meta property=\"og:site_name\" content=\"Infos Droits Humains\" \/>\n<meta property=\"article:published_time\" content=\"2023-01-27T13:45:50+00:00\" \/>\n<meta property=\"article:modified_time\" content=\"2023-01-27T14:07:18+00:00\" \/>\n<meta property=\"og:image\" content=\"https:\/\/i0.wp.com\/infos-droitshumains.net\/wp-content\/uploads\/2023\/01\/20230109_175533.jpg?fit=1000%2C714&ssl=1\" \/>\n\t<meta property=\"og:image:width\" content=\"1000\" \/>\n\t<meta property=\"og:image:height\" content=\"714\" \/>\n\t<meta property=\"og:image:type\" content=\"image\/jpeg\" \/>\n<meta name=\"author\" content=\"Jo\u00ebl Diawa\" \/>\n<meta name=\"twitter:card\" content=\"summary_large_image\" \/>\n<meta name=\"twitter:label1\" content=\"\u00c9crit par\" \/>\n\t<meta name=\"twitter:data1\" content=\"Jo\u00ebl Diawa\" \/>\n\t<meta name=\"twitter:label2\" content=\"Dur\u00e9e de lecture estim\u00e9e\" \/>\n\t<meta name=\"twitter:data2\" content=\"2 minutes\" \/>\n<script type=\"application\/ld+json\" class=\"yoast-schema-graph\">{\"@context\":\"https:\\\/\\\/schema.org\",\"@graph\":[{\"@type\":\"Article\",\"@id\":\"https:\\\/\\\/infos-droitshumains.net\\\/?p=6464#article\",\"isPartOf\":{\"@id\":\"https:\\\/\\\/infos-droitshumains.net\\\/?p=6464\"},\"author\":{\"name\":\"Jo\u00ebl Diawa\",\"@id\":\"https:\\\/\\\/infos-droitshumains.net\\\/#\\\/schema\\\/person\\\/3dc5e921c3302172e0ed4362f96faab7\"},\"headline\":\"\u00c9lection de 2023 : Pl\u00e9biscit\u00e9 porte \u00e9tendard de l\u2019opposition, Mo\u00efse Katumbi vient de clore le d\u00e9bat sur sa nationalit\u00e9\",\"datePublished\":\"2023-01-27T13:45:50+00:00\",\"dateModified\":\"2023-01-27T14:07:18+00:00\",\"mainEntityOfPage\":{\"@id\":\"https:\\\/\\\/infos-droitshumains.net\\\/?p=6464\"},\"wordCount\":377,\"commentCount\":0,\"publisher\":{\"@id\":\"https:\\\/\\\/infos-droitshumains.net\\\/#organization\"},\"image\":{\"@id\":\"https:\\\/\\\/infos-droitshumains.net\\\/?p=6464#primaryimage\"},\"thumbnailUrl\":\"https:\\\/\\\/i0.wp.com\\\/infos-droitshumains.net\\\/wp-content\\\/uploads\\\/2023\\\/01\\\/20230109_175533.jpg?fit=1000%2C714&ssl=1\",\"articleSection\":[\"Politique\"],\"inLanguage\":\"fr-FR\",\"potentialAction\":[{\"@type\":\"CommentAction\",\"name\":\"Comment\",\"target\":[\"https:\\\/\\\/infos-droitshumains.net\\\/?p=6464#respond\"]}]},{\"@type\":\"WebPage\",\"@id\":\"https:\\\/\\\/infos-droitshumains.net\\\/?p=6464\",\"url\":\"https:\\\/\\\/infos-droitshumains.net\\\/?p=6464\",\"name\":\"\u00c9lection de 2023 : Pl\u00e9biscit\u00e9 porte \u00e9tendard de l\u2019opposition, Mo\u00efse Katumbi vient de clore le d\u00e9bat sur sa nationalit\u00e9 - Infos Droits Humains\",\"isPartOf\":{\"@id\":\"https:\\\/\\\/infos-droitshumains.net\\\/#website\"},\"primaryImageOfPage\":{\"@id\":\"https:\\\/\\\/infos-droitshumains.net\\\/?p=6464#primaryimage\"},\"image\":{\"@id\":\"https:\\\/\\\/infos-droitshumains.net\\\/?p=6464#primaryimage\"},\"thumbnailUrl\":\"https:\\\/\\\/i0.wp.com\\\/infos-droitshumains.net\\\/wp-content\\\/uploads\\\/2023\\\/01\\\/20230109_175533.jpg?fit=1000%2C714&ssl=1\",\"datePublished\":\"2023-01-27T13:45:50+00:00\",\"dateModified\":\"2023-01-27T14:07:18+00:00\",\"breadcrumb\":{\"@id\":\"https:\\\/\\\/infos-droitshumains.net\\\/?p=6464#breadcrumb\"},\"inLanguage\":\"fr-FR\",\"potentialAction\":[{\"@type\":\"ReadAction\",\"target\":[\"https:\\\/\\\/infos-droitshumains.net\\\/?p=6464\"]}]},{\"@type\":\"ImageObject\",\"inLanguage\":\"fr-FR\",\"@id\":\"https:\\\/\\\/infos-droitshumains.net\\\/?p=6464#primaryimage\",\"url\":\"https:\\\/\\\/i0.wp.com\\\/infos-droitshumains.net\\\/wp-content\\\/uploads\\\/2023\\\/01\\\/20230109_175533.jpg?fit=1000%2C714&ssl=1\",\"contentUrl\":\"https:\\\/\\\/i0.wp.com\\\/infos-droitshumains.net\\\/wp-content\\\/uploads\\\/2023\\\/01\\\/20230109_175533.jpg?fit=1000%2C714&ssl=1\",\"width\":1000,\"height\":714},{\"@type\":\"BreadcrumbList\",\"@id\":\"https:\\\/\\\/infos-droitshumains.net\\\/?p=6464#breadcrumb\",\"itemListElement\":[{\"@type\":\"ListItem\",\"position\":1,\"name\":\"Accueil\",\"item\":\"https:\\\/\\\/infos-droitshumains.net\\\/\"},{\"@type\":\"ListItem\",\"position\":2,\"name\":\"\u00c9lection de 2023 : Pl\u00e9biscit\u00e9 porte \u00e9tendard de l\u2019opposition, Mo\u00efse Katumbi vient de clore le d\u00e9bat sur sa nationalit\u00e9\"}]},{\"@type\":\"WebSite\",\"@id\":\"https:\\\/\\\/infos-droitshumains.net\\\/#website\",\"url\":\"https:\\\/\\\/infos-droitshumains.net\\\/\",\"name\":\"Infos Droits Humains\",\"description\":\"S&#039;informer est un droit\",\"publisher\":{\"@id\":\"https:\\\/\\\/infos-droitshumains.net\\\/#organization\"},\"potentialAction\":[{\"@type\":\"SearchAction\",\"target\":{\"@type\":\"EntryPoint\",\"urlTemplate\":\"https:\\\/\\\/infos-droitshumains.net\\\/?s={search_term_string}\"},\"query-input\":{\"@type\":\"PropertyValueSpecification\",\"valueRequired\":true,\"valueName\":\"search_term_string\"}}],\"inLanguage\":\"fr-FR\"},{\"@type\":\"Organization\",\"@id\":\"https:\\\/\\\/infos-droitshumains.net\\\/#organization\",\"name\":\"Infos Droits Humains\",\"url\":\"https:\\\/\\\/infos-droitshumains.net\\\/\",\"logo\":{\"@type\":\"ImageObject\",\"inLanguage\":\"fr-FR\",\"@id\":\"https:\\\/\\\/infos-droitshumains.net\\\/#\\\/schema\\\/logo\\\/image\\\/\",\"url\":\"https:\\\/\\\/i0.wp.com\\\/infos-droitshumains.net\\\/wp-content\\\/uploads\\\/2022\\\/05\\\/Logo.png?fit=333%2C129&ssl=1\",\"contentUrl\":\"https:\\\/\\\/i0.wp.com\\\/infos-droitshumains.net\\\/wp-content\\\/uploads\\\/2022\\\/05\\\/Logo.png?fit=333%2C129&ssl=1\",\"width\":333,\"height\":129,\"caption\":\"Infos Droits Humains\"},\"image\":{\"@id\":\"https:\\\/\\\/infos-droitshumains.net\\\/#\\\/schema\\\/logo\\\/image\\\/\"}},{\"@type\":\"Person\",\"@id\":\"https:\\\/\\\/infos-droitshumains.net\\\/#\\\/schema\\\/person\\\/3dc5e921c3302172e0ed4362f96faab7\",\"name\":\"Jo\u00ebl Diawa\",\"image\":{\"@type\":\"ImageObject\",\"inLanguage\":\"fr-FR\",\"@id\":\"https:\\\/\\\/secure.gravatar.com\\\/avatar\\\/729bea6ff4604c624417803c477363be8e3c7186deaa65713313f9b4b820f41c?s=96&d=mm&r=g\",\"url\":\"https:\\\/\\\/secure.gravatar.com\\\/avatar\\\/729bea6ff4604c624417803c477363be8e3c7186deaa65713313f9b4b820f41c?s=96&d=mm&r=g\",\"contentUrl\":\"https:\\\/\\\/secure.gravatar.com\\\/avatar\\\/729bea6ff4604c624417803c477363be8e3c7186deaa65713313f9b4b820f41c?s=96&d=mm&r=g\",\"caption\":\"Jo\u00ebl Diawa\"},\"sameAs\":[\"https:\\\/\\\/www.infos-droitshumains.net\"],\"url\":\"https:\\\/\\\/infos-droitshumains.net\\\/?author=2\"}]}<\/script>\n<!-- \/ Yoast SEO plugin. -->","yoast_head_json":{"title":"\u00c9lection de 2023 : Pl\u00e9biscit\u00e9 porte \u00e9tendard de l\u2019opposition, Mo\u00efse Katumbi vient de clore le d\u00e9bat sur sa nationalit\u00e9 - Infos Droits Humains","robots":{"index":"index","follow":"follow","max-snippet":"max-snippet:-1","max-image-preview":"max-image-preview:large","max-video-preview":"max-video-preview:-1"},"canonical":"https:\/\/infos-droitshumains.net\/?p=6464","og_locale":"fr_FR","og_type":"article","og_title":"\u00c9lection de 2023 : Pl\u00e9biscit\u00e9 porte \u00e9tendard de l\u2019opposition, Mo\u00efse Katumbi vient de clore le d\u00e9bat sur sa nationalit\u00e9 - Infos Droits Humains","og_description":"R\u00e9daction :+243817406088 Investi candidat de Ensemble pour la R\u00e9publique \u00e0 la pr\u00e9sidentielle de d\u00e9cembre 2023,...","og_url":"https:\/\/infos-droitshumains.net\/?p=6464","og_site_name":"Infos Droits Humains","article_published_time":"2023-01-27T13:45:50+00:00","article_modified_time":"2023-01-27T14:07:18+00:00","og_image":[{"width":1000,"height":714,"url":"https:\/\/i0.wp.com\/infos-droitshumains.net\/wp-content\/uploads\/2023\/01\/20230109_175533.jpg?fit=1000%2C714&ssl=1","type":"image\/jpeg"}],"author":"Jo\u00ebl Diawa","twitter_card":"summary_large_image","twitter_misc":{"\u00c9crit par":"Jo\u00ebl Diawa","Dur\u00e9e de lecture estim\u00e9e":"2 minutes"},"schema":{"@context":"https:\/\/schema.org","@graph":[{"@type":"Article","@id":"https:\/\/infos-droitshumains.net\/?p=6464#article","isPartOf":{"@id":"https:\/\/infos-droitshumains.net\/?p=6464"},"author":{"name":"Jo\u00ebl Diawa","@id":"https:\/\/infos-droitshumains.net\/#\/schema\/person\/3dc5e921c3302172e0ed4362f96faab7"},"headline":"\u00c9lection de 2023 : Pl\u00e9biscit\u00e9 porte \u00e9tendard de l\u2019opposition, Mo\u00efse Katumbi vient de clore le d\u00e9bat sur sa nationalit\u00e9","datePublished":"2023-01-27T13:45:50+00:00","dateModified":"2023-01-27T14:07:18+00:00","mainEntityOfPage":{"@id":"https:\/\/infos-droitshumains.net\/?p=6464"},"wordCount":377,"commentCount":0,"publisher":{"@id":"https:\/\/infos-droitshumains.net\/#organization"},"image":{"@id":"https:\/\/infos-droitshumains.net\/?p=6464#primaryimage"},"thumbnailUrl":"https:\/\/i0.wp.com\/infos-droitshumains.net\/wp-content\/uploads\/2023\/01\/20230109_175533.jpg?fit=1000%2C714&ssl=1","articleSection":["Politique"],"inLanguage":"fr-FR","potentialAction":[{"@type":"CommentAction","name":"Comment","target":["https:\/\/infos-droitshumains.net\/?p=6464#respond"]}]},{"@type":"WebPage","@id":"https:\/\/infos-droitshumains.net\/?p=6464","url":"https:\/\/infos-droitshumains.net\/?p=6464","name":"\u00c9lection de 2023 : Pl\u00e9biscit\u00e9 porte \u00e9tendard de l\u2019opposition, Mo\u00efse Katumbi vient de clore le d\u00e9bat sur sa nationalit\u00e9 - Infos Droits Humains","isPartOf":{"@id":"https:\/\/infos-droitshumains.net\/#website"},"primaryImageOfPage":{"@id":"https:\/\/infos-droitshumains.net\/?p=6464#primaryimage"},"image":{"@id":"https:\/\/infos-droitshumains.net\/?p=6464#primaryimage"},"thumbnailUrl":"https:\/\/i0.wp.com\/infos-droitshumains.net\/wp-content\/uploads\/2023\/01\/20230109_175533.jpg?fit=1000%2C714&ssl=1","datePublished":"2023-01-27T13:45:50+00:00","dateModified":"2023-01-27T14:07:18+00:00","breadcrumb":{"@id":"https:\/\/infos-droitshumains.net\/?p=6464#breadcrumb"},"inLanguage":"fr-FR","potentialAction":[{"@type":"ReadAction","target":["https:\/\/infos-droitshumains.net\/?p=6464"]}]},{"@type":"ImageObject","inLanguage":"fr-FR","@id":"https:\/\/infos-droitshumains.net\/?p=6464#primaryimage","url":"https:\/\/i0.wp.com\/infos-droitshumains.net\/wp-content\/uploads\/2023\/01\/20230109_175533.jpg?fit=1000%2C714&ssl=1","contentUrl":"https:\/\/i0.wp.com\/infos-droitshumains.net\/wp-content\/uploads\/2023\/01\/20230109_175533.jpg?fit=1000%2C714&ssl=1","width":1000,"height":714},{"@type":"BreadcrumbList","@id":"https:\/\/infos-droitshumains.net\/?p=6464#breadcrumb","itemListElement":[{"@type":"ListItem","position":1,"name":"Accueil","item":"https:\/\/infos-droitshumains.net\/"},{"@type":"ListItem","position":2,"name":"\u00c9lection de 2023 : Pl\u00e9biscit\u00e9 porte \u00e9tendard de l\u2019opposition, Mo\u00efse Katumbi vient de clore le d\u00e9bat sur sa nationalit\u00e9"}]},{"@type":"WebSite","@id":"https:\/\/infos-droitshumains.net\/#website","url":"https:\/\/infos-droitshumains.net\/","name":"Infos Droits Humains","description":"S&#039;informer est un droit","publisher":{"@id":"https:\/\/infos-droitshumains.net\/#organization"},"potentialAction":[{"@type":"SearchAction","target":{"@type":"EntryPoint","urlTemplate":"https:\/\/infos-droitshumains.net\/?s={search_term_string}"},"query-input":{"@type":"PropertyValueSpecification","valueRequired":true,"valueName":"search_term_string"}}],"inLanguage":"fr-FR"},{"@type":"Organization","@id":"https:\/\/infos-droitshumains.net\/#organization","name":"Infos Droits Humains","url":"https:\/\/infos-droitshumains.net\/","logo":{"@type":"ImageObject","inLanguage":"fr-FR","@id":"https:\/\/infos-droitshumains.net\/#\/schema\/logo\/image\/","url":"https:\/\/i0.wp.com\/infos-droitshumains.net\/wp-content\/uploads\/2022\/05\/Logo.png?fit=333%2C129&ssl=1","contentUrl":"https:\/\/i0.wp.com\/infos-droitshumains.net\/wp-content\/uploads\/2022\/05\/Logo.png?fit=333%2C129&ssl=1","width":333,"height":129,"caption":"Infos Droits Humains"},"image":{"@id":"https:\/\/infos-droitshumains.net\/#\/schema\/logo\/image\/"}},{"@type":"Person","@id":"https:\/\/infos-droitshumains.net\/#\/schema\/person\/3dc5e921c3302172e0ed4362f96faab7","name":"Jo\u00ebl Diawa","image":{"@type":"ImageObject","inLanguage":"fr-FR","@id":"https:\/\/secure.gravatar.com\/avatar\/729bea6ff4604c624417803c477363be8e3c7186deaa65713313f9b4b820f41c?s=96&d=mm&r=g","url":"https:\/\/secure.gravatar.com\/avatar\/729bea6ff4604c624417803c477363be8e3c7186deaa65713313f9b4b820f41c?s=96&d=mm&r=g","contentUrl":"https:\/\/secure.gravatar.com\/avatar\/729bea6ff4604c624417803c477363be8e3c7186deaa65713313f9b4b820f41c?s=96&d=mm&r=g","caption":"Jo\u00ebl Diawa"},"sameAs":["https:\/\/www.infos-droitshumains.net"],"url":"https:\/\/infos-droitshumains.net\/?author=2"}]}},"featured_image_urls":{"full":["https:\/\/i0.wp.com\/infos-droitshumains.net\/wp-content\/uploads\/2023\/01\/20230109_175533.jpg?fit=1000%2C714&ssl=1",1000,714,false],"thumbnail":["https:\/\/i0.wp.com\/infos-droitshumains.net\/wp-content\/uploads\/2023\/01\/20230109_175533.jpg?resize=150%2C150&ssl=1",150,150,true],"medium":["https:\/\/i0.wp.com\/infos-droitshumains.net\/wp-content\/uploads\/2023\/01\/20230109_175533.jpg?fit=300%2C214&ssl=1",300,214,true],"medium_large":["https:\/\/i0.wp.com\/infos-droitshumains.net\/wp-content\/uploads\/2023\/01\/20230109_175533.jpg?fit=640%2C457&ssl=1",640,457,true],"large":["https:\/\/i0.wp.com\/infos-droitshumains.net\/wp-content\/uploads\/2023\/01\/20230109_175533.jpg?fit=640%2C457&ssl=1",640,457,true],"1536x1536":["https:\/\/i0.wp.com\/infos-droitshumains.net\/wp-content\/uploads\/2023\/01\/20230109_175533.jpg?fit=1000%2C714&ssl=1",1000,714,true],"2048x2048":["https:\/\/i0.wp.com\/infos-droitshumains.net\/wp-content\/uploads\/2023\/01\/20230109_175533.jpg?fit=1000%2C714&ssl=1",1000,714,true],"covernews-slider-full":["https:\/\/i0.wp.com\/infos-droitshumains.net\/wp-content\/uploads\/2023\/01\/20230109_175533.jpg?resize=1000%2C714&ssl=1",1000,714,true],"covernews-slider-center":["https:\/\/i0.wp.com\/infos-droitshumains.net\/wp-content\/uploads\/2023\/01\/20230109_175533.jpg?resize=800%2C500&ssl=1",800,500,true],"covernews-featured":["https:\/\/i0.wp.com\/infos-droitshumains.net\/wp-content\/uploads\/2023\/01\/20230109_175533.jpg?fit=1000%2C714&ssl=1",1000,714,true],"covernews-medium":["https:\/\/i0.wp.com\/infos-droitshumains.net\/wp-content\/uploads\/2023\/01\/20230109_175533.jpg?resize=540%2C340&ssl=1",540,340,true],"covernews-medium-square":["https:\/\/i0.wp.com\/infos-droitshumains.net\/wp-content\/uploads\/2023\/01\/20230109_175533.jpg?resize=400%2C250&ssl=1",400,250,true]},"author_info":{"display_name":"Jo\u00ebl Diawa","author_link":"https:\/\/infos-droitshumains.net\/?author=2"},"category_info":"<a href=\"https:\/\/infos-droitshumains.net\/?cat=3\" rel=\"category\">Politique<\/a>","tag_info":"Politique","comment_count":"0","jetpack_featured_media_url":"https:\/\/i0.wp.com\/infos-droitshumains.net\/wp-content\/uploads\/2023\/01\/20230109_175533.jpg?fit=1000%2C714&ssl=1","jetpack-related-posts":[],"jetpack_sharing_enabled":true,"_links":{"self":[{"href":"https:\/\/infos-droitshumains.net\/index.php?rest_route=\/wp\/v2\/posts\/6464","targetHints":{"allow":["GET"]}}],"collection":[{"href":"https:\/\/infos-droitshumains.net\/index.php?rest_route=\/wp\/v2\/posts"}],"about":[{"href":"https:\/\/infos-droitshumains.net\/index.php?rest_route=\/wp\/v2\/types\/post"}],"author":[{"embeddable":true,"href":"https:\/\/infos-droitshumains.net\/index.php?rest_route=\/wp\/v2\/users\/2"}],"replies":[{"embeddable":true,"href":"https:\/\/infos-droitshumains.net\/index.php?rest_route=%2Fwp%2Fv2%2Fcomments&post=6464"}],"version-history":[{"count":2,"href":"https:\/\/infos-droitshumains.net\/index.php?rest_route=\/wp\/v2\/posts\/6464\/revisions"}],"predecessor-version":[{"id":6472,"href":"https:\/\/infos-droitshumains.net\/index.php?rest_route=\/wp\/v2\/posts\/6464\/revisions\/6472"}],"wp:featuredmedia":[{"embeddable":true,"href":"https:\/\/infos-droitshumains.net\/index.php?rest_route=\/wp\/v2\/media\/6469"}],"wp:attachment":[{"href":"https:\/\/infos-droitshumains.net\/index.php?rest_route=%2Fwp%2Fv2%2Fmedia&parent=6464"}],"wp:term":[{"taxonomy":"category","embeddable":true,"href":"https:\/\/infos-droitshumains.net\/index.php?rest_route=%2Fwp%2Fv2%2Fcategories&post=6464"},{"taxonomy":"post_tag","embeddable":true,"href":"https:\/\/infos-droitshumains.net\/index.php?rest_route=%2Fwp%2Fv2%2Ftags&post=6464"}],"curies":[{"name":"wp","href":"https:\/\/api.w.org\/{rel}","templated":true}]}}