{"id":6459,"date":"2023-01-27T14:38:26","date_gmt":"2023-01-27T13:38:26","guid":{"rendered":"https:\/\/infos-droitshumains.net\/?p=6459"},"modified":"2023-01-27T15:02:53","modified_gmt":"2023-01-27T14:02:53","slug":"justice-transitionnelle-en-rdc-le-gouvernement-congolais-sengage-a-collaborer-avec-toutes-les-parties-prenantes-pour-une-mise-en-oeuvre-efficiente","status":"publish","type":"post","link":"https:\/\/infos-droitshumains.net\/?p=6459","title":{"rendered":"Justice transitionnelle en RDC : le gouvernement congolais s\u2019engage \u00e0 collaborer avec toutes les parties prenantes pour une mise en \u0153uvre efficiente"},"content":{"rendered":"\n<p><strong>R\u00e9daction :+243817406088<\/strong><\/p>\n\n\n\n<p>Ouvert le mercredi 25 janvier&nbsp; \u00e0 Kinshasa, l&rsquo;atelier d&rsquo;\u00e9valuation de la mise en \u0153uvre des recommandations de l&rsquo;\u00e9quipe d&rsquo;experts internationaux formul\u00e9es \u00e0 la RDC sur les crimes et violations des droits de l&rsquo;homme commis au Kasa\u00ef pendant le ph\u00e9nom\u00e8ne Kamwena Nsapu s\u2019est cl\u00f4tur\u00e9 le 26 janvier.<\/p>\n\n\n\n<p>Au cours de cet atelier, les participants ont mis en relief les efforts d\u00e9j\u00e0 fournis par la RDC. Les parties prenantes dans ce processus ont \u00e9galement \u00e9voqu\u00e9 les difficult\u00e9s qui ont fait que certaines recommandations n\u2019aboutissent pas. Mais au-del\u00e0 de ces difficult\u00e9s, les participants ont <em>\u00ab&nbsp;identifi\u00e9 des pistes des solutions pour l&rsquo;avenir&nbsp;\u00bb<\/em>, a fait savoir&nbsp; Koffi Kounte, coordonnateur du secr\u00e9tariat de l&rsquo;\u00e9quipe d&rsquo;experts internationaux en RDC.<\/p>\n\n\n\n<p>Le pr\u00e9sident de l&rsquo;\u00e9quipe d&rsquo;experts internationaux en RDC s\u2019est f\u00e9licit\u00e9 des avanc\u00e9es d\u00e9j\u00e0 enregistr\u00e9es dans la mise en \u0153uvre de ces recommandations parmi lesquelles, les poursuites judiciaires contre certains adeptes de Kamwena Nsapu, la mise en place de la commission v\u00e9rit\u00e9, justice et r\u00e9conciliation au Kasa\u00ef central, les consultations populaires et l&rsquo;adoption de la loi sur la r\u00e9paration des victimes des violences sexuelles et de lutte contre l&rsquo;impunit\u00e9. Bacre Waly Ndiaye a estim\u00e9 que la RDC est <em>\u00ab&nbsp;dans une bonne direction&nbsp;\u00bb.<\/em><\/p>\n\n\n\n<p>En d\u00e9pit de cette \u00e9volution, Coulibaly Souleymane Kafana estime que <em>\u00ab&nbsp;beaucoup reste \u00e0 faire&nbsp;\u00bb<\/em>. Pour se faire, le repr\u00e9sentant de la Directrice Adjointe et coordonnateur de l&rsquo;unit\u00e9 justice transitionnelle et lutte contre l&rsquo;impunit\u00e9 du BCNUDH invite les uns et les autres \u00e0 <em>\u00ab&nbsp;continuer \u00e0 travailler pour cette cause noble&nbsp;\u00bb<\/em>.<\/p>\n\n\n\n<p>De son c\u00f4t\u00e9, le Ministre des Droits Humains a r\u00e9it\u00e9r\u00e9 l\u2019engagement du gouvernement congolais \u00e0-travers son minist\u00e8re, \u00e0 travail avec tous les partenaires impliqu\u00e9s dans ce processus.<\/p>\n\n\n\n<p><em>\u00ab&nbsp;Nous vous rassurons de collaborer avec toutes les parties prenantes en vue d&rsquo;une mise en \u0153uvre efficiente de la justice transitionnelle en RDC&nbsp;\u00bb<\/em> a dit Albert-Fabrice Puela.<\/p>\n\n\n\n<p>Cinquante participants venus de diff\u00e9rents minist\u00e8res et structures impliqu\u00e9s dans la mise en \u0153uvre des recommandations de l&rsquo;\u00e9quipe d&rsquo;experts internationaux en RDC ont pris part \u00e0 ces assises organis\u00e9es par le minist\u00e8re des Droits Humains en collaboration avec l&rsquo;\u00e9quipe d&rsquo;experts internationaux en RDC et le Bureau Conjoint des Nations Unies aux Droits de l&rsquo;Homme.<\/p>\n\n\n\n<p>AM<\/p>\n","protected":false},"excerpt":{"rendered":"<p>R\u00e9daction :+243817406088 Ouvert le mercredi 25 janvier&nbsp; \u00e0 Kinshasa, l&rsquo;atelier d&rsquo;\u00e9valuation de la mise en&#8230;<\/p>\n","protected":false},"author":2,"featured_media":6468,"comment_status":"open","ping_status":"open","sticky":false,"template":"","format":"standard","meta":{"_jetpack_memberships_contains_paid_content":false,"footnotes":""},"categories":[7],"tags":[],"class_list":["post-6459","post","type-post","status-publish","format-standard","has-post-thumbnail","hentry","category-droits-humains"],"yoast_head":"<!-- This site is optimized with the Yoast SEO plugin v27.5 - https:\/\/yoast.com\/product\/yoast-seo-wordpress\/ -->\n<title>Justice transitionnelle en RDC : le gouvernement congolais s\u2019engage \u00e0 collaborer avec toutes les parties prenantes pour une mise en \u0153uvre efficiente - Infos Droits Humains<\/title>\n<meta name=\"robots\" content=\"index, follow, max-snippet:-1, max-image-preview:large, max-video-preview:-1\" \/>\n<link rel=\"canonical\" href=\"https:\/\/infos-droitshumains.net\/?p=6459\" \/>\n<meta property=\"og:locale\" content=\"fr_FR\" \/>\n<meta property=\"og:type\" content=\"article\" \/>\n<meta property=\"og:title\" content=\"Justice transitionnelle en RDC : le gouvernement congolais s\u2019engage \u00e0 collaborer avec toutes les parties prenantes pour une mise en \u0153uvre efficiente - Infos Droits Humains\" \/>\n<meta property=\"og:description\" content=\"R\u00e9daction :+243817406088 Ouvert le mercredi 25 janvier&nbsp; \u00e0 Kinshasa, l&rsquo;atelier d&rsquo;\u00e9valuation de la mise en...\" \/>\n<meta property=\"og:url\" content=\"https:\/\/infos-droitshumains.net\/?p=6459\" \/>\n<meta property=\"og:site_name\" content=\"Infos Droits Humains\" \/>\n<meta property=\"article:published_time\" content=\"2023-01-27T13:38:26+00:00\" \/>\n<meta property=\"article:modified_time\" content=\"2023-01-27T14:02:53+00:00\" \/>\n<meta property=\"og:image\" content=\"https:\/\/i0.wp.com\/infos-droitshumains.net\/wp-content\/uploads\/2023\/01\/IMG-20230127-WA0019_1.jpg?fit=1040%2C780&ssl=1\" \/>\n\t<meta property=\"og:image:width\" content=\"1040\" \/>\n\t<meta property=\"og:image:height\" content=\"780\" \/>\n\t<meta property=\"og:image:type\" content=\"image\/jpeg\" \/>\n<meta name=\"author\" content=\"Jo\u00ebl Diawa\" \/>\n<meta name=\"twitter:card\" content=\"summary_large_image\" \/>\n<meta name=\"twitter:label1\" content=\"\u00c9crit par\" \/>\n\t<meta name=\"twitter:data1\" content=\"Jo\u00ebl Diawa\" \/>\n\t<meta name=\"twitter:label2\" content=\"Dur\u00e9e de lecture estim\u00e9e\" \/>\n\t<meta name=\"twitter:data2\" content=\"2 minutes\" \/>\n<script type=\"application\/ld+json\" class=\"yoast-schema-graph\">{\"@context\":\"https:\\\/\\\/schema.org\",\"@graph\":[{\"@type\":\"Article\",\"@id\":\"https:\\\/\\\/infos-droitshumains.net\\\/?p=6459#article\",\"isPartOf\":{\"@id\":\"https:\\\/\\\/infos-droitshumains.net\\\/?p=6459\"},\"author\":{\"name\":\"Jo\u00ebl Diawa\",\"@id\":\"https:\\\/\\\/infos-droitshumains.net\\\/#\\\/schema\\\/person\\\/3dc5e921c3302172e0ed4362f96faab7\"},\"headline\":\"Justice transitionnelle en RDC : le gouvernement congolais s\u2019engage \u00e0 collaborer avec toutes les parties prenantes pour une mise en \u0153uvre efficiente\",\"datePublished\":\"2023-01-27T13:38:26+00:00\",\"dateModified\":\"2023-01-27T14:02:53+00:00\",\"mainEntityOfPage\":{\"@id\":\"https:\\\/\\\/infos-droitshumains.net\\\/?p=6459\"},\"wordCount\":415,\"commentCount\":0,\"publisher\":{\"@id\":\"https:\\\/\\\/infos-droitshumains.net\\\/#organization\"},\"image\":{\"@id\":\"https:\\\/\\\/infos-droitshumains.net\\\/?p=6459#primaryimage\"},\"thumbnailUrl\":\"https:\\\/\\\/i0.wp.com\\\/infos-droitshumains.net\\\/wp-content\\\/uploads\\\/2023\\\/01\\\/IMG-20230127-WA0019_1.jpg?fit=1040%2C780&ssl=1\",\"articleSection\":[\"Droits Humains\"],\"inLanguage\":\"fr-FR\",\"potentialAction\":[{\"@type\":\"CommentAction\",\"name\":\"Comment\",\"target\":[\"https:\\\/\\\/infos-droitshumains.net\\\/?p=6459#respond\"]}]},{\"@type\":\"WebPage\",\"@id\":\"https:\\\/\\\/infos-droitshumains.net\\\/?p=6459\",\"url\":\"https:\\\/\\\/infos-droitshumains.net\\\/?p=6459\",\"name\":\"Justice transitionnelle en RDC : le gouvernement congolais s\u2019engage \u00e0 collaborer avec toutes les parties prenantes pour une mise en \u0153uvre efficiente - Infos Droits Humains\",\"isPartOf\":{\"@id\":\"https:\\\/\\\/infos-droitshumains.net\\\/#website\"},\"primaryImageOfPage\":{\"@id\":\"https:\\\/\\\/infos-droitshumains.net\\\/?p=6459#primaryimage\"},\"image\":{\"@id\":\"https:\\\/\\\/infos-droitshumains.net\\\/?p=6459#primaryimage\"},\"thumbnailUrl\":\"https:\\\/\\\/i0.wp.com\\\/infos-droitshumains.net\\\/wp-content\\\/uploads\\\/2023\\\/01\\\/IMG-20230127-WA0019_1.jpg?fit=1040%2C780&ssl=1\",\"datePublished\":\"2023-01-27T13:38:26+00:00\",\"dateModified\":\"2023-01-27T14:02:53+00:00\",\"breadcrumb\":{\"@id\":\"https:\\\/\\\/infos-droitshumains.net\\\/?p=6459#breadcrumb\"},\"inLanguage\":\"fr-FR\",\"potentialAction\":[{\"@type\":\"ReadAction\",\"target\":[\"https:\\\/\\\/infos-droitshumains.net\\\/?p=6459\"]}]},{\"@type\":\"ImageObject\",\"inLanguage\":\"fr-FR\",\"@id\":\"https:\\\/\\\/infos-droitshumains.net\\\/?p=6459#primaryimage\",\"url\":\"https:\\\/\\\/i0.wp.com\\\/infos-droitshumains.net\\\/wp-content\\\/uploads\\\/2023\\\/01\\\/IMG-20230127-WA0019_1.jpg?fit=1040%2C780&ssl=1\",\"contentUrl\":\"https:\\\/\\\/i0.wp.com\\\/infos-droitshumains.net\\\/wp-content\\\/uploads\\\/2023\\\/01\\\/IMG-20230127-WA0019_1.jpg?fit=1040%2C780&ssl=1\",\"width\":1040,\"height\":780},{\"@type\":\"BreadcrumbList\",\"@id\":\"https:\\\/\\\/infos-droitshumains.net\\\/?p=6459#breadcrumb\",\"itemListElement\":[{\"@type\":\"ListItem\",\"position\":1,\"name\":\"Accueil\",\"item\":\"https:\\\/\\\/infos-droitshumains.net\\\/\"},{\"@type\":\"ListItem\",\"position\":2,\"name\":\"Justice transitionnelle en RDC : le gouvernement congolais s\u2019engage \u00e0 collaborer avec toutes les parties prenantes pour une mise en \u0153uvre efficiente\"}]},{\"@type\":\"WebSite\",\"@id\":\"https:\\\/\\\/infos-droitshumains.net\\\/#website\",\"url\":\"https:\\\/\\\/infos-droitshumains.net\\\/\",\"name\":\"Infos Droits Humains\",\"description\":\"S&#039;informer est un droit\",\"publisher\":{\"@id\":\"https:\\\/\\\/infos-droitshumains.net\\\/#organization\"},\"potentialAction\":[{\"@type\":\"SearchAction\",\"target\":{\"@type\":\"EntryPoint\",\"urlTemplate\":\"https:\\\/\\\/infos-droitshumains.net\\\/?s={search_term_string}\"},\"query-input\":{\"@type\":\"PropertyValueSpecification\",\"valueRequired\":true,\"valueName\":\"search_term_string\"}}],\"inLanguage\":\"fr-FR\"},{\"@type\":\"Organization\",\"@id\":\"https:\\\/\\\/infos-droitshumains.net\\\/#organization\",\"name\":\"Infos Droits Humains\",\"url\":\"https:\\\/\\\/infos-droitshumains.net\\\/\",\"logo\":{\"@type\":\"ImageObject\",\"inLanguage\":\"fr-FR\",\"@id\":\"https:\\\/\\\/infos-droitshumains.net\\\/#\\\/schema\\\/logo\\\/image\\\/\",\"url\":\"https:\\\/\\\/i0.wp.com\\\/infos-droitshumains.net\\\/wp-content\\\/uploads\\\/2022\\\/05\\\/Logo.png?fit=333%2C129&ssl=1\",\"contentUrl\":\"https:\\\/\\\/i0.wp.com\\\/infos-droitshumains.net\\\/wp-content\\\/uploads\\\/2022\\\/05\\\/Logo.png?fit=333%2C129&ssl=1\",\"width\":333,\"height\":129,\"caption\":\"Infos Droits Humains\"},\"image\":{\"@id\":\"https:\\\/\\\/infos-droitshumains.net\\\/#\\\/schema\\\/logo\\\/image\\\/\"}},{\"@type\":\"Person\",\"@id\":\"https:\\\/\\\/infos-droitshumains.net\\\/#\\\/schema\\\/person\\\/3dc5e921c3302172e0ed4362f96faab7\",\"name\":\"Jo\u00ebl Diawa\",\"image\":{\"@type\":\"ImageObject\",\"inLanguage\":\"fr-FR\",\"@id\":\"https:\\\/\\\/secure.gravatar.com\\\/avatar\\\/729bea6ff4604c624417803c477363be8e3c7186deaa65713313f9b4b820f41c?s=96&d=mm&r=g\",\"url\":\"https:\\\/\\\/secure.gravatar.com\\\/avatar\\\/729bea6ff4604c624417803c477363be8e3c7186deaa65713313f9b4b820f41c?s=96&d=mm&r=g\",\"contentUrl\":\"https:\\\/\\\/secure.gravatar.com\\\/avatar\\\/729bea6ff4604c624417803c477363be8e3c7186deaa65713313f9b4b820f41c?s=96&d=mm&r=g\",\"caption\":\"Jo\u00ebl Diawa\"},\"sameAs\":[\"https:\\\/\\\/www.infos-droitshumains.net\"],\"url\":\"https:\\\/\\\/infos-droitshumains.net\\\/?author=2\"}]}<\/script>\n<!-- \/ Yoast SEO plugin. -->","yoast_head_json":{"title":"Justice transitionnelle en RDC : le gouvernement congolais s\u2019engage \u00e0 collaborer avec toutes les parties prenantes pour une mise en \u0153uvre efficiente - Infos Droits Humains","robots":{"index":"index","follow":"follow","max-snippet":"max-snippet:-1","max-image-preview":"max-image-preview:large","max-video-preview":"max-video-preview:-1"},"canonical":"https:\/\/infos-droitshumains.net\/?p=6459","og_locale":"fr_FR","og_type":"article","og_title":"Justice transitionnelle en RDC : le gouvernement congolais s\u2019engage \u00e0 collaborer avec toutes les parties prenantes pour une mise en \u0153uvre efficiente - Infos Droits Humains","og_description":"R\u00e9daction :+243817406088 Ouvert le mercredi 25 janvier&nbsp; \u00e0 Kinshasa, l&rsquo;atelier d&rsquo;\u00e9valuation de la mise en...","og_url":"https:\/\/infos-droitshumains.net\/?p=6459","og_site_name":"Infos Droits Humains","article_published_time":"2023-01-27T13:38:26+00:00","article_modified_time":"2023-01-27T14:02:53+00:00","og_image":[{"width":1040,"height":780,"url":"https:\/\/i0.wp.com\/infos-droitshumains.net\/wp-content\/uploads\/2023\/01\/IMG-20230127-WA0019_1.jpg?fit=1040%2C780&ssl=1","type":"image\/jpeg"}],"author":"Jo\u00ebl Diawa","twitter_card":"summary_large_image","twitter_misc":{"\u00c9crit par":"Jo\u00ebl Diawa","Dur\u00e9e de lecture estim\u00e9e":"2 minutes"},"schema":{"@context":"https:\/\/schema.org","@graph":[{"@type":"Article","@id":"https:\/\/infos-droitshumains.net\/?p=6459#article","isPartOf":{"@id":"https:\/\/infos-droitshumains.net\/?p=6459"},"author":{"name":"Jo\u00ebl Diawa","@id":"https:\/\/infos-droitshumains.net\/#\/schema\/person\/3dc5e921c3302172e0ed4362f96faab7"},"headline":"Justice transitionnelle en RDC : le gouvernement congolais s\u2019engage \u00e0 collaborer avec toutes les parties prenantes pour une mise en \u0153uvre efficiente","datePublished":"2023-01-27T13:38:26+00:00","dateModified":"2023-01-27T14:02:53+00:00","mainEntityOfPage":{"@id":"https:\/\/infos-droitshumains.net\/?p=6459"},"wordCount":415,"commentCount":0,"publisher":{"@id":"https:\/\/infos-droitshumains.net\/#organization"},"image":{"@id":"https:\/\/infos-droitshumains.net\/?p=6459#primaryimage"},"thumbnailUrl":"https:\/\/i0.wp.com\/infos-droitshumains.net\/wp-content\/uploads\/2023\/01\/IMG-20230127-WA0019_1.jpg?fit=1040%2C780&ssl=1","articleSection":["Droits Humains"],"inLanguage":"fr-FR","potentialAction":[{"@type":"CommentAction","name":"Comment","target":["https:\/\/infos-droitshumains.net\/?p=6459#respond"]}]},{"@type":"WebPage","@id":"https:\/\/infos-droitshumains.net\/?p=6459","url":"https:\/\/infos-droitshumains.net\/?p=6459","name":"Justice transitionnelle en RDC : le gouvernement congolais s\u2019engage \u00e0 collaborer avec toutes les parties prenantes pour une mise en \u0153uvre efficiente - Infos Droits Humains","isPartOf":{"@id":"https:\/\/infos-droitshumains.net\/#website"},"primaryImageOfPage":{"@id":"https:\/\/infos-droitshumains.net\/?p=6459#primaryimage"},"image":{"@id":"https:\/\/infos-droitshumains.net\/?p=6459#primaryimage"},"thumbnailUrl":"https:\/\/i0.wp.com\/infos-droitshumains.net\/wp-content\/uploads\/2023\/01\/IMG-20230127-WA0019_1.jpg?fit=1040%2C780&ssl=1","datePublished":"2023-01-27T13:38:26+00:00","dateModified":"2023-01-27T14:02:53+00:00","breadcrumb":{"@id":"https:\/\/infos-droitshumains.net\/?p=6459#breadcrumb"},"inLanguage":"fr-FR","potentialAction":[{"@type":"ReadAction","target":["https:\/\/infos-droitshumains.net\/?p=6459"]}]},{"@type":"ImageObject","inLanguage":"fr-FR","@id":"https:\/\/infos-droitshumains.net\/?p=6459#primaryimage","url":"https:\/\/i0.wp.com\/infos-droitshumains.net\/wp-content\/uploads\/2023\/01\/IMG-20230127-WA0019_1.jpg?fit=1040%2C780&ssl=1","contentUrl":"https:\/\/i0.wp.com\/infos-droitshumains.net\/wp-content\/uploads\/2023\/01\/IMG-20230127-WA0019_1.jpg?fit=1040%2C780&ssl=1","width":1040,"height":780},{"@type":"BreadcrumbList","@id":"https:\/\/infos-droitshumains.net\/?p=6459#breadcrumb","itemListElement":[{"@type":"ListItem","position":1,"name":"Accueil","item":"https:\/\/infos-droitshumains.net\/"},{"@type":"ListItem","position":2,"name":"Justice transitionnelle en RDC : le gouvernement congolais s\u2019engage \u00e0 collaborer avec toutes les parties prenantes pour une mise en \u0153uvre efficiente"}]},{"@type":"WebSite","@id":"https:\/\/infos-droitshumains.net\/#website","url":"https:\/\/infos-droitshumains.net\/","name":"Infos Droits Humains","description":"S&#039;informer est un droit","publisher":{"@id":"https:\/\/infos-droitshumains.net\/#organization"},"potentialAction":[{"@type":"SearchAction","target":{"@type":"EntryPoint","urlTemplate":"https:\/\/infos-droitshumains.net\/?s={search_term_string}"},"query-input":{"@type":"PropertyValueSpecification","valueRequired":true,"valueName":"search_term_string"}}],"inLanguage":"fr-FR"},{"@type":"Organization","@id":"https:\/\/infos-droitshumains.net\/#organization","name":"Infos Droits Humains","url":"https:\/\/infos-droitshumains.net\/","logo":{"@type":"ImageObject","inLanguage":"fr-FR","@id":"https:\/\/infos-droitshumains.net\/#\/schema\/logo\/image\/","url":"https:\/\/i0.wp.com\/infos-droitshumains.net\/wp-content\/uploads\/2022\/05\/Logo.png?fit=333%2C129&ssl=1","contentUrl":"https:\/\/i0.wp.com\/infos-droitshumains.net\/wp-content\/uploads\/2022\/05\/Logo.png?fit=333%2C129&ssl=1","width":333,"height":129,"caption":"Infos Droits Humains"},"image":{"@id":"https:\/\/infos-droitshumains.net\/#\/schema\/logo\/image\/"}},{"@type":"Person","@id":"https:\/\/infos-droitshumains.net\/#\/schema\/person\/3dc5e921c3302172e0ed4362f96faab7","name":"Jo\u00ebl Diawa","image":{"@type":"ImageObject","inLanguage":"fr-FR","@id":"https:\/\/secure.gravatar.com\/avatar\/729bea6ff4604c624417803c477363be8e3c7186deaa65713313f9b4b820f41c?s=96&d=mm&r=g","url":"https:\/\/secure.gravatar.com\/avatar\/729bea6ff4604c624417803c477363be8e3c7186deaa65713313f9b4b820f41c?s=96&d=mm&r=g","contentUrl":"https:\/\/secure.gravatar.com\/avatar\/729bea6ff4604c624417803c477363be8e3c7186deaa65713313f9b4b820f41c?s=96&d=mm&r=g","caption":"Jo\u00ebl Diawa"},"sameAs":["https:\/\/www.infos-droitshumains.net"],"url":"https:\/\/infos-droitshumains.net\/?author=2"}]}},"featured_image_urls":{"full":["https:\/\/i0.wp.com\/infos-droitshumains.net\/wp-content\/uploads\/2023\/01\/IMG-20230127-WA0019_1.jpg?fit=1040%2C780&ssl=1",1040,780,false],"thumbnail":["https:\/\/i0.wp.com\/infos-droitshumains.net\/wp-content\/uploads\/2023\/01\/IMG-20230127-WA0019_1.jpg?resize=150%2C150&ssl=1",150,150,true],"medium":["https:\/\/i0.wp.com\/infos-droitshumains.net\/wp-content\/uploads\/2023\/01\/IMG-20230127-WA0019_1.jpg?fit=300%2C225&ssl=1",300,225,true],"medium_large":["https:\/\/i0.wp.com\/infos-droitshumains.net\/wp-content\/uploads\/2023\/01\/IMG-20230127-WA0019_1.jpg?fit=640%2C480&ssl=1",640,480,true],"large":["https:\/\/i0.wp.com\/infos-droitshumains.net\/wp-content\/uploads\/2023\/01\/IMG-20230127-WA0019_1.jpg?fit=640%2C480&ssl=1",640,480,true],"1536x1536":["https:\/\/i0.wp.com\/infos-droitshumains.net\/wp-content\/uploads\/2023\/01\/IMG-20230127-WA0019_1.jpg?fit=1040%2C780&ssl=1",1040,780,true],"2048x2048":["https:\/\/i0.wp.com\/infos-droitshumains.net\/wp-content\/uploads\/2023\/01\/IMG-20230127-WA0019_1.jpg?fit=1040%2C780&ssl=1",1040,780,true],"covernews-slider-full":["https:\/\/i0.wp.com\/infos-droitshumains.net\/wp-content\/uploads\/2023\/01\/IMG-20230127-WA0019_1.jpg?resize=1040%2C715&ssl=1",1040,715,true],"covernews-slider-center":["https:\/\/i0.wp.com\/infos-droitshumains.net\/wp-content\/uploads\/2023\/01\/IMG-20230127-WA0019_1.jpg?resize=800%2C500&ssl=1",800,500,true],"covernews-featured":["https:\/\/i0.wp.com\/infos-droitshumains.net\/wp-content\/uploads\/2023\/01\/IMG-20230127-WA0019_1.jpg?fit=1024%2C768&ssl=1",1024,768,true],"covernews-medium":["https:\/\/i0.wp.com\/infos-droitshumains.net\/wp-content\/uploads\/2023\/01\/IMG-20230127-WA0019_1.jpg?resize=540%2C340&ssl=1",540,340,true],"covernews-medium-square":["https:\/\/i0.wp.com\/infos-droitshumains.net\/wp-content\/uploads\/2023\/01\/IMG-20230127-WA0019_1.jpg?resize=400%2C250&ssl=1",400,250,true]},"author_info":{"display_name":"Jo\u00ebl Diawa","author_link":"https:\/\/infos-droitshumains.net\/?author=2"},"category_info":"<a href=\"https:\/\/infos-droitshumains.net\/?cat=7\" rel=\"category\">Droits Humains<\/a>","tag_info":"Droits Humains","comment_count":"0","jetpack_featured_media_url":"https:\/\/i0.wp.com\/infos-droitshumains.net\/wp-content\/uploads\/2023\/01\/IMG-20230127-WA0019_1.jpg?fit=1040%2C780&ssl=1","jetpack-related-posts":[],"jetpack_sharing_enabled":true,"_links":{"self":[{"href":"https:\/\/infos-droitshumains.net\/index.php?rest_route=\/wp\/v2\/posts\/6459","targetHints":{"allow":["GET"]}}],"collection":[{"href":"https:\/\/infos-droitshumains.net\/index.php?rest_route=\/wp\/v2\/posts"}],"about":[{"href":"https:\/\/infos-droitshumains.net\/index.php?rest_route=\/wp\/v2\/types\/post"}],"author":[{"embeddable":true,"href":"https:\/\/infos-droitshumains.net\/index.php?rest_route=\/wp\/v2\/users\/2"}],"replies":[{"embeddable":true,"href":"https:\/\/infos-droitshumains.net\/index.php?rest_route=%2Fwp%2Fv2%2Fcomments&post=6459"}],"version-history":[{"count":1,"href":"https:\/\/infos-droitshumains.net\/index.php?rest_route=\/wp\/v2\/posts\/6459\/revisions"}],"predecessor-version":[{"id":6460,"href":"https:\/\/infos-droitshumains.net\/index.php?rest_route=\/wp\/v2\/posts\/6459\/revisions\/6460"}],"wp:featuredmedia":[{"embeddable":true,"href":"https:\/\/infos-droitshumains.net\/index.php?rest_route=\/wp\/v2\/media\/6468"}],"wp:attachment":[{"href":"https:\/\/infos-droitshumains.net\/index.php?rest_route=%2Fwp%2Fv2%2Fmedia&parent=6459"}],"wp:term":[{"taxonomy":"category","embeddable":true,"href":"https:\/\/infos-droitshumains.net\/index.php?rest_route=%2Fwp%2Fv2%2Fcategories&post=6459"},{"taxonomy":"post_tag","embeddable":true,"href":"https:\/\/infos-droitshumains.net\/index.php?rest_route=%2Fwp%2Fv2%2Ftags&post=6459"}],"curies":[{"name":"wp","href":"https:\/\/api.w.org\/{rel}","templated":true}]}}