{"id":6442,"date":"2023-01-26T20:57:58","date_gmt":"2023-01-26T19:57:58","guid":{"rendered":"https:\/\/infos-droitshumains.net\/?p=6442"},"modified":"2023-01-26T21:06:47","modified_gmt":"2023-01-26T20:06:47","slug":"retour-de-paix-a-lest-de-la-rdc-amason-jeffah-kingi-rassure-christophe-mboso-quant-a-la-mise-en-oeuvre-des-resolutions-de-la-conference-international-dans-les-grands-lacs-sur-la-paix-et-la","status":"publish","type":"post","link":"https:\/\/infos-droitshumains.net\/?p=6442","title":{"rendered":"Retour de paix \u00e0 l\u2019Est de la RDC : Amason Jeffah Kingi rassure Christophe Mboso quant \u00e0 la mise en \u0153uvre des r\u00e9solutions de la conf\u00e9rence international dans les Grands lacs sur la paix et la stabilit\u00e9"},"content":{"rendered":"\n<p><strong>R\u00e9daction :+243817406088<\/strong><\/p>\n\n\n\n<p>R\u00e9cemment port\u00e9 \u00e0 la t\u00eate du forum des parlementaires de la conf\u00e9rence internationale sur la r\u00e9gion des Grands lacs, Amason Jeffah Kingi a visit\u00e9 Kinshasa, si\u00e8ge de cette institution r\u00e9gionale ce jeudi 26 janvier. Le Kenyan est venu rencontrer les services techniques et prendre connaissance de tous les dossiers ainsi que des d\u00e9fis de l\u2019institution parlementaire sous r\u00e9gionale cr\u00e9\u00e9e pour accompagner la mise en \u0153uvre des r\u00e9solutions de la conf\u00e9rence international dans les Grands lacs sur la paix et la stabilit\u00e9 dans la r\u00e9gion.<\/p>\n\n\n\n<p>A Kinshasa, Amason Jeffah Kingi a \u00e9t\u00e9 re\u00e7u par Christophe Mboso, Pr\u00e9sident de l\u2019Assembl\u00e9e nationale congolaise.<\/p>\n\n\n\n<figure class=\"wp-block-image alignfull size-large\"><img data-recalc-dims=\"1\" fetchpriority=\"high\" decoding=\"async\" width=\"640\" height=\"603\" src=\"https:\/\/i0.wp.com\/infos-droitshumains.net\/wp-content\/uploads\/2023\/01\/IMG-20230126-WA0039.jpg?resize=640%2C603&#038;ssl=1\" alt=\"\" class=\"wp-image-6450\" srcset=\"https:\/\/i0.wp.com\/infos-droitshumains.net\/wp-content\/uploads\/2023\/01\/IMG-20230126-WA0039.jpg?resize=1024%2C964&amp;ssl=1 1024w, https:\/\/i0.wp.com\/infos-droitshumains.net\/wp-content\/uploads\/2023\/01\/IMG-20230126-WA0039.jpg?resize=300%2C282&amp;ssl=1 300w, https:\/\/i0.wp.com\/infos-droitshumains.net\/wp-content\/uploads\/2023\/01\/IMG-20230126-WA0039.jpg?resize=768%2C723&amp;ssl=1 768w, https:\/\/i0.wp.com\/infos-droitshumains.net\/wp-content\/uploads\/2023\/01\/IMG-20230126-WA0039.jpg?w=1280&amp;ssl=1 1280w\" sizes=\"(max-width: 640px) 100vw, 640px\" \/><\/figure>\n\n\n\n<p>Lors de leur t\u00eate-\u00e0-t\u00eate au palais du peuple, les deux personnalit\u00e9s ont \u00e9voqu\u00e9 singuli\u00e8rement les questions de paix, de stabilit\u00e9 et de s\u00e9curit\u00e9 de la partie Est de la RDC et celles de toute la r\u00e9gion des Grands Lacs de mani\u00e8re g\u00e9n\u00e9rale.<\/p>\n\n\n\n<figure class=\"wp-block-image alignfull size-large\"><img data-recalc-dims=\"1\" decoding=\"async\" width=\"640\" height=\"426\" src=\"https:\/\/i0.wp.com\/infos-droitshumains.net\/wp-content\/uploads\/2023\/01\/IMG-20230126-WA0037.jpg?resize=640%2C426&#038;ssl=1\" alt=\"\" class=\"wp-image-6457\" srcset=\"https:\/\/i0.wp.com\/infos-droitshumains.net\/wp-content\/uploads\/2023\/01\/IMG-20230126-WA0037.jpg?resize=1024%2C682&amp;ssl=1 1024w, https:\/\/i0.wp.com\/infos-droitshumains.net\/wp-content\/uploads\/2023\/01\/IMG-20230126-WA0037.jpg?resize=300%2C200&amp;ssl=1 300w, https:\/\/i0.wp.com\/infos-droitshumains.net\/wp-content\/uploads\/2023\/01\/IMG-20230126-WA0037.jpg?resize=768%2C512&amp;ssl=1 768w, https:\/\/i0.wp.com\/infos-droitshumains.net\/wp-content\/uploads\/2023\/01\/IMG-20230126-WA0037.jpg?w=1280&amp;ssl=1 1280w\" sizes=\"(max-width: 640px) 100vw, 640px\" \/><\/figure>\n\n\n\n<p><em>\u00ab En visitant le si\u00e8ge du forum, j\u2019ai profit\u00e9 de visiter mon coll\u00e8gue pr\u00e9sident de l\u2019Assembl\u00e9e Nationale de la RDC afin que nous parlions de la paix, de la stabilit\u00e9 en RDC et dans la r\u00e9gion. Nous sommes convenus en tant que parlement ; nous devons nous assoir et parler pendant que la r\u00e9gion brule. En ce qui concerne les conflits dans la partie Est de la RDC, en tant que parlement, nous devons jouer un r\u00f4le pour nous assurer que la paix est restaur\u00e9e non seulement dans la partie de la RDC mais dans la r\u00e9gion tout enti\u00e8re. C\u2019est pour cela qu&rsquo;au mois de Mars, tous les speakers des parlements nous allons nous rencontrer \u00e0 Juba pour d\u00e9lib\u00e9rer de la paix et la stabilit\u00e9 de la r\u00e9gion particuli\u00e8rement la partie orientale de la RDC. C\u2019est l\u2019une des raison pour lesquelles je suis venu voir mon coll\u00e8gue \u00bb,<\/em> a d\u00e9clar\u00e9 Amason Jeffah Kingi.<\/p>\n\n\n\n<figure class=\"wp-block-image alignfull size-large\"><img data-recalc-dims=\"1\" decoding=\"async\" width=\"640\" height=\"426\" src=\"https:\/\/i0.wp.com\/infos-droitshumains.net\/wp-content\/uploads\/2023\/01\/IMG-20230126-WA0038.jpg?resize=640%2C426&#038;ssl=1\" alt=\"\" class=\"wp-image-6454\" srcset=\"https:\/\/i0.wp.com\/infos-droitshumains.net\/wp-content\/uploads\/2023\/01\/IMG-20230126-WA0038.jpg?resize=1024%2C682&amp;ssl=1 1024w, https:\/\/i0.wp.com\/infos-droitshumains.net\/wp-content\/uploads\/2023\/01\/IMG-20230126-WA0038.jpg?resize=300%2C200&amp;ssl=1 300w, https:\/\/i0.wp.com\/infos-droitshumains.net\/wp-content\/uploads\/2023\/01\/IMG-20230126-WA0038.jpg?resize=768%2C512&amp;ssl=1 768w, https:\/\/i0.wp.com\/infos-droitshumains.net\/wp-content\/uploads\/2023\/01\/IMG-20230126-WA0038.jpg?w=1280&amp;ssl=1 1280w\" sizes=\"(max-width: 640px) 100vw, 640px\" \/><\/figure>\n\n\n\n<p>Le pr\u00e9sident Mboso, a pour sa part, salu\u00e9 l\u2019implication manifeste de la R\u00e9publique du Kenya dont les troupes sont d\u00e9j\u00e0 sur les th\u00e9\u00e2tres des op\u00e9rations \u00e0 Goma et ses environs pour le r\u00e9tablissement de la paix ; une d\u00e9cision ayant n\u00e9cessit\u00e9 l\u2019autorisation expresse de la repr\u00e9sentation nationale k\u00e9nyane.<\/p>\n\n\n\n<p>Merlin Kamalandua<\/p>\n","protected":false},"excerpt":{"rendered":"<p>R\u00e9daction :+243817406088 R\u00e9cemment port\u00e9 \u00e0 la t\u00eate du forum des parlementaires de la conf\u00e9rence internationale&#8230;<\/p>\n","protected":false},"author":2,"featured_media":6446,"comment_status":"open","ping_status":"open","sticky":false,"template":"","format":"standard","meta":{"_jetpack_memberships_contains_paid_content":false,"footnotes":""},"categories":[3],"tags":[],"class_list":["post-6442","post","type-post","status-publish","format-standard","has-post-thumbnail","hentry","category-politique"],"yoast_head":"<!-- This site is optimized with the Yoast SEO plugin v27.5 - https:\/\/yoast.com\/product\/yoast-seo-wordpress\/ -->\n<title>Retour de paix \u00e0 l\u2019Est de la RDC : Amason Jeffah Kingi rassure Christophe Mboso quant \u00e0 la mise en \u0153uvre des r\u00e9solutions de la conf\u00e9rence international dans les Grands lacs sur la paix et la stabilit\u00e9 - Infos Droits Humains<\/title>\n<meta name=\"robots\" content=\"index, follow, max-snippet:-1, max-image-preview:large, max-video-preview:-1\" \/>\n<link rel=\"canonical\" href=\"https:\/\/infos-droitshumains.net\/?p=6442\" \/>\n<meta property=\"og:locale\" content=\"fr_FR\" \/>\n<meta property=\"og:type\" content=\"article\" \/>\n<meta property=\"og:title\" content=\"Retour de paix \u00e0 l\u2019Est de la RDC : Amason Jeffah Kingi rassure Christophe Mboso quant \u00e0 la mise en \u0153uvre des r\u00e9solutions de la conf\u00e9rence international dans les Grands lacs sur la paix et la stabilit\u00e9 - Infos Droits Humains\" \/>\n<meta property=\"og:description\" content=\"R\u00e9daction :+243817406088 R\u00e9cemment port\u00e9 \u00e0 la t\u00eate du forum des parlementaires de la conf\u00e9rence internationale...\" \/>\n<meta property=\"og:url\" content=\"https:\/\/infos-droitshumains.net\/?p=6442\" \/>\n<meta property=\"og:site_name\" content=\"Infos Droits Humains\" \/>\n<meta property=\"article:published_time\" content=\"2023-01-26T19:57:58+00:00\" \/>\n<meta property=\"article:modified_time\" content=\"2023-01-26T20:06:47+00:00\" \/>\n<meta property=\"og:image\" content=\"https:\/\/i0.wp.com\/infos-droitshumains.net\/wp-content\/uploads\/2023\/01\/IMG-20230126-WA0043_1.jpg?fit=1080%2C1087&ssl=1\" \/>\n\t<meta property=\"og:image:width\" content=\"1080\" \/>\n\t<meta property=\"og:image:height\" content=\"1087\" \/>\n\t<meta property=\"og:image:type\" content=\"image\/jpeg\" \/>\n<meta name=\"author\" content=\"Jo\u00ebl Diawa\" \/>\n<meta name=\"twitter:card\" content=\"summary_large_image\" \/>\n<meta name=\"twitter:label1\" content=\"\u00c9crit par\" \/>\n\t<meta name=\"twitter:data1\" content=\"Jo\u00ebl Diawa\" \/>\n\t<meta name=\"twitter:label2\" content=\"Dur\u00e9e de lecture estim\u00e9e\" \/>\n\t<meta name=\"twitter:data2\" content=\"2 minutes\" \/>\n<script type=\"application\/ld+json\" class=\"yoast-schema-graph\">{\"@context\":\"https:\\\/\\\/schema.org\",\"@graph\":[{\"@type\":\"Article\",\"@id\":\"https:\\\/\\\/infos-droitshumains.net\\\/?p=6442#article\",\"isPartOf\":{\"@id\":\"https:\\\/\\\/infos-droitshumains.net\\\/?p=6442\"},\"author\":{\"name\":\"Jo\u00ebl Diawa\",\"@id\":\"https:\\\/\\\/infos-droitshumains.net\\\/#\\\/schema\\\/person\\\/3dc5e921c3302172e0ed4362f96faab7\"},\"headline\":\"Retour de paix \u00e0 l\u2019Est de la RDC : Amason Jeffah Kingi rassure Christophe Mboso quant \u00e0 la mise en \u0153uvre des r\u00e9solutions de la conf\u00e9rence international dans les Grands lacs sur la paix et la stabilit\u00e9\",\"datePublished\":\"2023-01-26T19:57:58+00:00\",\"dateModified\":\"2023-01-26T20:06:47+00:00\",\"mainEntityOfPage\":{\"@id\":\"https:\\\/\\\/infos-droitshumains.net\\\/?p=6442\"},\"wordCount\":436,\"commentCount\":0,\"publisher\":{\"@id\":\"https:\\\/\\\/infos-droitshumains.net\\\/#organization\"},\"image\":{\"@id\":\"https:\\\/\\\/infos-droitshumains.net\\\/?p=6442#primaryimage\"},\"thumbnailUrl\":\"https:\\\/\\\/i0.wp.com\\\/infos-droitshumains.net\\\/wp-content\\\/uploads\\\/2023\\\/01\\\/IMG-20230126-WA0043_1.jpg?fit=1080%2C1087&ssl=1\",\"articleSection\":[\"Politique\"],\"inLanguage\":\"fr-FR\",\"potentialAction\":[{\"@type\":\"CommentAction\",\"name\":\"Comment\",\"target\":[\"https:\\\/\\\/infos-droitshumains.net\\\/?p=6442#respond\"]}]},{\"@type\":\"WebPage\",\"@id\":\"https:\\\/\\\/infos-droitshumains.net\\\/?p=6442\",\"url\":\"https:\\\/\\\/infos-droitshumains.net\\\/?p=6442\",\"name\":\"Retour de paix \u00e0 l\u2019Est de la RDC : Amason Jeffah Kingi rassure Christophe Mboso quant \u00e0 la mise en \u0153uvre des r\u00e9solutions de la conf\u00e9rence international dans les Grands lacs sur la paix et la stabilit\u00e9 - Infos Droits Humains\",\"isPartOf\":{\"@id\":\"https:\\\/\\\/infos-droitshumains.net\\\/#website\"},\"primaryImageOfPage\":{\"@id\":\"https:\\\/\\\/infos-droitshumains.net\\\/?p=6442#primaryimage\"},\"image\":{\"@id\":\"https:\\\/\\\/infos-droitshumains.net\\\/?p=6442#primaryimage\"},\"thumbnailUrl\":\"https:\\\/\\\/i0.wp.com\\\/infos-droitshumains.net\\\/wp-content\\\/uploads\\\/2023\\\/01\\\/IMG-20230126-WA0043_1.jpg?fit=1080%2C1087&ssl=1\",\"datePublished\":\"2023-01-26T19:57:58+00:00\",\"dateModified\":\"2023-01-26T20:06:47+00:00\",\"breadcrumb\":{\"@id\":\"https:\\\/\\\/infos-droitshumains.net\\\/?p=6442#breadcrumb\"},\"inLanguage\":\"fr-FR\",\"potentialAction\":[{\"@type\":\"ReadAction\",\"target\":[\"https:\\\/\\\/infos-droitshumains.net\\\/?p=6442\"]}]},{\"@type\":\"ImageObject\",\"inLanguage\":\"fr-FR\",\"@id\":\"https:\\\/\\\/infos-droitshumains.net\\\/?p=6442#primaryimage\",\"url\":\"https:\\\/\\\/i0.wp.com\\\/infos-droitshumains.net\\\/wp-content\\\/uploads\\\/2023\\\/01\\\/IMG-20230126-WA0043_1.jpg?fit=1080%2C1087&ssl=1\",\"contentUrl\":\"https:\\\/\\\/i0.wp.com\\\/infos-droitshumains.net\\\/wp-content\\\/uploads\\\/2023\\\/01\\\/IMG-20230126-WA0043_1.jpg?fit=1080%2C1087&ssl=1\",\"width\":1080,\"height\":1087},{\"@type\":\"BreadcrumbList\",\"@id\":\"https:\\\/\\\/infos-droitshumains.net\\\/?p=6442#breadcrumb\",\"itemListElement\":[{\"@type\":\"ListItem\",\"position\":1,\"name\":\"Accueil\",\"item\":\"https:\\\/\\\/infos-droitshumains.net\\\/\"},{\"@type\":\"ListItem\",\"position\":2,\"name\":\"Retour de paix \u00e0 l\u2019Est de la RDC : Amason Jeffah Kingi rassure Christophe Mboso quant \u00e0 la mise en \u0153uvre des r\u00e9solutions de la conf\u00e9rence international dans les Grands lacs sur la paix et la stabilit\u00e9\"}]},{\"@type\":\"WebSite\",\"@id\":\"https:\\\/\\\/infos-droitshumains.net\\\/#website\",\"url\":\"https:\\\/\\\/infos-droitshumains.net\\\/\",\"name\":\"Infos Droits Humains\",\"description\":\"S&#039;informer est un droit\",\"publisher\":{\"@id\":\"https:\\\/\\\/infos-droitshumains.net\\\/#organization\"},\"potentialAction\":[{\"@type\":\"SearchAction\",\"target\":{\"@type\":\"EntryPoint\",\"urlTemplate\":\"https:\\\/\\\/infos-droitshumains.net\\\/?s={search_term_string}\"},\"query-input\":{\"@type\":\"PropertyValueSpecification\",\"valueRequired\":true,\"valueName\":\"search_term_string\"}}],\"inLanguage\":\"fr-FR\"},{\"@type\":\"Organization\",\"@id\":\"https:\\\/\\\/infos-droitshumains.net\\\/#organization\",\"name\":\"Infos Droits Humains\",\"url\":\"https:\\\/\\\/infos-droitshumains.net\\\/\",\"logo\":{\"@type\":\"ImageObject\",\"inLanguage\":\"fr-FR\",\"@id\":\"https:\\\/\\\/infos-droitshumains.net\\\/#\\\/schema\\\/logo\\\/image\\\/\",\"url\":\"https:\\\/\\\/i0.wp.com\\\/infos-droitshumains.net\\\/wp-content\\\/uploads\\\/2022\\\/05\\\/Logo.png?fit=333%2C129&ssl=1\",\"contentUrl\":\"https:\\\/\\\/i0.wp.com\\\/infos-droitshumains.net\\\/wp-content\\\/uploads\\\/2022\\\/05\\\/Logo.png?fit=333%2C129&ssl=1\",\"width\":333,\"height\":129,\"caption\":\"Infos Droits Humains\"},\"image\":{\"@id\":\"https:\\\/\\\/infos-droitshumains.net\\\/#\\\/schema\\\/logo\\\/image\\\/\"}},{\"@type\":\"Person\",\"@id\":\"https:\\\/\\\/infos-droitshumains.net\\\/#\\\/schema\\\/person\\\/3dc5e921c3302172e0ed4362f96faab7\",\"name\":\"Jo\u00ebl Diawa\",\"image\":{\"@type\":\"ImageObject\",\"inLanguage\":\"fr-FR\",\"@id\":\"https:\\\/\\\/secure.gravatar.com\\\/avatar\\\/729bea6ff4604c624417803c477363be8e3c7186deaa65713313f9b4b820f41c?s=96&d=mm&r=g\",\"url\":\"https:\\\/\\\/secure.gravatar.com\\\/avatar\\\/729bea6ff4604c624417803c477363be8e3c7186deaa65713313f9b4b820f41c?s=96&d=mm&r=g\",\"contentUrl\":\"https:\\\/\\\/secure.gravatar.com\\\/avatar\\\/729bea6ff4604c624417803c477363be8e3c7186deaa65713313f9b4b820f41c?s=96&d=mm&r=g\",\"caption\":\"Jo\u00ebl Diawa\"},\"sameAs\":[\"https:\\\/\\\/www.infos-droitshumains.net\"],\"url\":\"https:\\\/\\\/infos-droitshumains.net\\\/?author=2\"}]}<\/script>\n<!-- \/ Yoast SEO plugin. -->","yoast_head_json":{"title":"Retour de paix \u00e0 l\u2019Est de la RDC : Amason Jeffah Kingi rassure Christophe Mboso quant \u00e0 la mise en \u0153uvre des r\u00e9solutions de la conf\u00e9rence international dans les Grands lacs sur la paix et la stabilit\u00e9 - Infos Droits Humains","robots":{"index":"index","follow":"follow","max-snippet":"max-snippet:-1","max-image-preview":"max-image-preview:large","max-video-preview":"max-video-preview:-1"},"canonical":"https:\/\/infos-droitshumains.net\/?p=6442","og_locale":"fr_FR","og_type":"article","og_title":"Retour de paix \u00e0 l\u2019Est de la RDC : Amason Jeffah Kingi rassure Christophe Mboso quant \u00e0 la mise en \u0153uvre des r\u00e9solutions de la conf\u00e9rence international dans les Grands lacs sur la paix et la stabilit\u00e9 - Infos Droits Humains","og_description":"R\u00e9daction :+243817406088 R\u00e9cemment port\u00e9 \u00e0 la t\u00eate du forum des parlementaires de la conf\u00e9rence internationale...","og_url":"https:\/\/infos-droitshumains.net\/?p=6442","og_site_name":"Infos Droits Humains","article_published_time":"2023-01-26T19:57:58+00:00","article_modified_time":"2023-01-26T20:06:47+00:00","og_image":[{"width":1080,"height":1087,"url":"https:\/\/i0.wp.com\/infos-droitshumains.net\/wp-content\/uploads\/2023\/01\/IMG-20230126-WA0043_1.jpg?fit=1080%2C1087&ssl=1","type":"image\/jpeg"}],"author":"Jo\u00ebl Diawa","twitter_card":"summary_large_image","twitter_misc":{"\u00c9crit par":"Jo\u00ebl Diawa","Dur\u00e9e de lecture estim\u00e9e":"2 minutes"},"schema":{"@context":"https:\/\/schema.org","@graph":[{"@type":"Article","@id":"https:\/\/infos-droitshumains.net\/?p=6442#article","isPartOf":{"@id":"https:\/\/infos-droitshumains.net\/?p=6442"},"author":{"name":"Jo\u00ebl Diawa","@id":"https:\/\/infos-droitshumains.net\/#\/schema\/person\/3dc5e921c3302172e0ed4362f96faab7"},"headline":"Retour de paix \u00e0 l\u2019Est de la RDC : Amason Jeffah Kingi rassure Christophe Mboso quant \u00e0 la mise en \u0153uvre des r\u00e9solutions de la conf\u00e9rence international dans les Grands lacs sur la paix et la stabilit\u00e9","datePublished":"2023-01-26T19:57:58+00:00","dateModified":"2023-01-26T20:06:47+00:00","mainEntityOfPage":{"@id":"https:\/\/infos-droitshumains.net\/?p=6442"},"wordCount":436,"commentCount":0,"publisher":{"@id":"https:\/\/infos-droitshumains.net\/#organization"},"image":{"@id":"https:\/\/infos-droitshumains.net\/?p=6442#primaryimage"},"thumbnailUrl":"https:\/\/i0.wp.com\/infos-droitshumains.net\/wp-content\/uploads\/2023\/01\/IMG-20230126-WA0043_1.jpg?fit=1080%2C1087&ssl=1","articleSection":["Politique"],"inLanguage":"fr-FR","potentialAction":[{"@type":"CommentAction","name":"Comment","target":["https:\/\/infos-droitshumains.net\/?p=6442#respond"]}]},{"@type":"WebPage","@id":"https:\/\/infos-droitshumains.net\/?p=6442","url":"https:\/\/infos-droitshumains.net\/?p=6442","name":"Retour de paix \u00e0 l\u2019Est de la RDC : Amason Jeffah Kingi rassure Christophe Mboso quant \u00e0 la mise en \u0153uvre des r\u00e9solutions de la conf\u00e9rence international dans les Grands lacs sur la paix et la stabilit\u00e9 - Infos Droits Humains","isPartOf":{"@id":"https:\/\/infos-droitshumains.net\/#website"},"primaryImageOfPage":{"@id":"https:\/\/infos-droitshumains.net\/?p=6442#primaryimage"},"image":{"@id":"https:\/\/infos-droitshumains.net\/?p=6442#primaryimage"},"thumbnailUrl":"https:\/\/i0.wp.com\/infos-droitshumains.net\/wp-content\/uploads\/2023\/01\/IMG-20230126-WA0043_1.jpg?fit=1080%2C1087&ssl=1","datePublished":"2023-01-26T19:57:58+00:00","dateModified":"2023-01-26T20:06:47+00:00","breadcrumb":{"@id":"https:\/\/infos-droitshumains.net\/?p=6442#breadcrumb"},"inLanguage":"fr-FR","potentialAction":[{"@type":"ReadAction","target":["https:\/\/infos-droitshumains.net\/?p=6442"]}]},{"@type":"ImageObject","inLanguage":"fr-FR","@id":"https:\/\/infos-droitshumains.net\/?p=6442#primaryimage","url":"https:\/\/i0.wp.com\/infos-droitshumains.net\/wp-content\/uploads\/2023\/01\/IMG-20230126-WA0043_1.jpg?fit=1080%2C1087&ssl=1","contentUrl":"https:\/\/i0.wp.com\/infos-droitshumains.net\/wp-content\/uploads\/2023\/01\/IMG-20230126-WA0043_1.jpg?fit=1080%2C1087&ssl=1","width":1080,"height":1087},{"@type":"BreadcrumbList","@id":"https:\/\/infos-droitshumains.net\/?p=6442#breadcrumb","itemListElement":[{"@type":"ListItem","position":1,"name":"Accueil","item":"https:\/\/infos-droitshumains.net\/"},{"@type":"ListItem","position":2,"name":"Retour de paix \u00e0 l\u2019Est de la RDC : Amason Jeffah Kingi rassure Christophe Mboso quant \u00e0 la mise en \u0153uvre des r\u00e9solutions de la conf\u00e9rence international dans les Grands lacs sur la paix et la stabilit\u00e9"}]},{"@type":"WebSite","@id":"https:\/\/infos-droitshumains.net\/#website","url":"https:\/\/infos-droitshumains.net\/","name":"Infos Droits Humains","description":"S&#039;informer est un droit","publisher":{"@id":"https:\/\/infos-droitshumains.net\/#organization"},"potentialAction":[{"@type":"SearchAction","target":{"@type":"EntryPoint","urlTemplate":"https:\/\/infos-droitshumains.net\/?s={search_term_string}"},"query-input":{"@type":"PropertyValueSpecification","valueRequired":true,"valueName":"search_term_string"}}],"inLanguage":"fr-FR"},{"@type":"Organization","@id":"https:\/\/infos-droitshumains.net\/#organization","name":"Infos Droits Humains","url":"https:\/\/infos-droitshumains.net\/","logo":{"@type":"ImageObject","inLanguage":"fr-FR","@id":"https:\/\/infos-droitshumains.net\/#\/schema\/logo\/image\/","url":"https:\/\/i0.wp.com\/infos-droitshumains.net\/wp-content\/uploads\/2022\/05\/Logo.png?fit=333%2C129&ssl=1","contentUrl":"https:\/\/i0.wp.com\/infos-droitshumains.net\/wp-content\/uploads\/2022\/05\/Logo.png?fit=333%2C129&ssl=1","width":333,"height":129,"caption":"Infos Droits Humains"},"image":{"@id":"https:\/\/infos-droitshumains.net\/#\/schema\/logo\/image\/"}},{"@type":"Person","@id":"https:\/\/infos-droitshumains.net\/#\/schema\/person\/3dc5e921c3302172e0ed4362f96faab7","name":"Jo\u00ebl Diawa","image":{"@type":"ImageObject","inLanguage":"fr-FR","@id":"https:\/\/secure.gravatar.com\/avatar\/729bea6ff4604c624417803c477363be8e3c7186deaa65713313f9b4b820f41c?s=96&d=mm&r=g","url":"https:\/\/secure.gravatar.com\/avatar\/729bea6ff4604c624417803c477363be8e3c7186deaa65713313f9b4b820f41c?s=96&d=mm&r=g","contentUrl":"https:\/\/secure.gravatar.com\/avatar\/729bea6ff4604c624417803c477363be8e3c7186deaa65713313f9b4b820f41c?s=96&d=mm&r=g","caption":"Jo\u00ebl Diawa"},"sameAs":["https:\/\/www.infos-droitshumains.net"],"url":"https:\/\/infos-droitshumains.net\/?author=2"}]}},"featured_image_urls":{"full":["https:\/\/i0.wp.com\/infos-droitshumains.net\/wp-content\/uploads\/2023\/01\/IMG-20230126-WA0043_1.jpg?fit=1080%2C1087&ssl=1",1080,1087,false],"thumbnail":["https:\/\/i0.wp.com\/infos-droitshumains.net\/wp-content\/uploads\/2023\/01\/IMG-20230126-WA0043_1.jpg?resize=150%2C150&ssl=1",150,150,true],"medium":["https:\/\/i0.wp.com\/infos-droitshumains.net\/wp-content\/uploads\/2023\/01\/IMG-20230126-WA0043_1.jpg?fit=298%2C300&ssl=1",298,300,true],"medium_large":["https:\/\/i0.wp.com\/infos-droitshumains.net\/wp-content\/uploads\/2023\/01\/IMG-20230126-WA0043_1.jpg?fit=640%2C644&ssl=1",640,644,true],"large":["https:\/\/i0.wp.com\/infos-droitshumains.net\/wp-content\/uploads\/2023\/01\/IMG-20230126-WA0043_1.jpg?fit=640%2C644&ssl=1",640,644,true],"1536x1536":["https:\/\/i0.wp.com\/infos-droitshumains.net\/wp-content\/uploads\/2023\/01\/IMG-20230126-WA0043_1.jpg?fit=1080%2C1087&ssl=1",1080,1087,true],"2048x2048":["https:\/\/i0.wp.com\/infos-droitshumains.net\/wp-content\/uploads\/2023\/01\/IMG-20230126-WA0043_1.jpg?fit=1080%2C1087&ssl=1",1080,1087,true],"covernews-slider-full":["https:\/\/i0.wp.com\/infos-droitshumains.net\/wp-content\/uploads\/2023\/01\/IMG-20230126-WA0043_1.jpg?resize=1080%2C715&ssl=1",1080,715,true],"covernews-slider-center":["https:\/\/i0.wp.com\/infos-droitshumains.net\/wp-content\/uploads\/2023\/01\/IMG-20230126-WA0043_1.jpg?resize=800%2C500&ssl=1",800,500,true],"covernews-featured":["https:\/\/i0.wp.com\/infos-droitshumains.net\/wp-content\/uploads\/2023\/01\/IMG-20230126-WA0043_1.jpg?fit=1024%2C1031&ssl=1",1024,1031,true],"covernews-medium":["https:\/\/i0.wp.com\/infos-droitshumains.net\/wp-content\/uploads\/2023\/01\/IMG-20230126-WA0043_1.jpg?resize=540%2C340&ssl=1",540,340,true],"covernews-medium-square":["https:\/\/i0.wp.com\/infos-droitshumains.net\/wp-content\/uploads\/2023\/01\/IMG-20230126-WA0043_1.jpg?resize=400%2C250&ssl=1",400,250,true]},"author_info":{"display_name":"Jo\u00ebl Diawa","author_link":"https:\/\/infos-droitshumains.net\/?author=2"},"category_info":"<a href=\"https:\/\/infos-droitshumains.net\/?cat=3\" rel=\"category\">Politique<\/a>","tag_info":"Politique","comment_count":"0","jetpack_featured_media_url":"https:\/\/i0.wp.com\/infos-droitshumains.net\/wp-content\/uploads\/2023\/01\/IMG-20230126-WA0043_1.jpg?fit=1080%2C1087&ssl=1","jetpack-related-posts":[],"jetpack_sharing_enabled":true,"_links":{"self":[{"href":"https:\/\/infos-droitshumains.net\/index.php?rest_route=\/wp\/v2\/posts\/6442","targetHints":{"allow":["GET"]}}],"collection":[{"href":"https:\/\/infos-droitshumains.net\/index.php?rest_route=\/wp\/v2\/posts"}],"about":[{"href":"https:\/\/infos-droitshumains.net\/index.php?rest_route=\/wp\/v2\/types\/post"}],"author":[{"embeddable":true,"href":"https:\/\/infos-droitshumains.net\/index.php?rest_route=\/wp\/v2\/users\/2"}],"replies":[{"embeddable":true,"href":"https:\/\/infos-droitshumains.net\/index.php?rest_route=%2Fwp%2Fv2%2Fcomments&post=6442"}],"version-history":[{"count":8,"href":"https:\/\/infos-droitshumains.net\/index.php?rest_route=\/wp\/v2\/posts\/6442\/revisions"}],"predecessor-version":[{"id":6458,"href":"https:\/\/infos-droitshumains.net\/index.php?rest_route=\/wp\/v2\/posts\/6442\/revisions\/6458"}],"wp:featuredmedia":[{"embeddable":true,"href":"https:\/\/infos-droitshumains.net\/index.php?rest_route=\/wp\/v2\/media\/6446"}],"wp:attachment":[{"href":"https:\/\/infos-droitshumains.net\/index.php?rest_route=%2Fwp%2Fv2%2Fmedia&parent=6442"}],"wp:term":[{"taxonomy":"category","embeddable":true,"href":"https:\/\/infos-droitshumains.net\/index.php?rest_route=%2Fwp%2Fv2%2Fcategories&post=6442"},{"taxonomy":"post_tag","embeddable":true,"href":"https:\/\/infos-droitshumains.net\/index.php?rest_route=%2Fwp%2Fv2%2Ftags&post=6442"}],"curies":[{"name":"wp","href":"https:\/\/api.w.org\/{rel}","templated":true}]}}