{"id":6437,"date":"2023-01-25T17:59:34","date_gmt":"2023-01-25T16:59:34","guid":{"rendered":"https:\/\/infos-droitshumains.net\/?p=6437"},"modified":"2023-01-25T18:06:47","modified_gmt":"2023-01-25T17:06:47","slug":"rdc-justice-transitionnelle-lequipe-dexperts-internationaux-en-rdc-invite-le-gouvernement-a-accelerer-la-mise-en-oeuvre-des-recommandations-formulees","status":"publish","type":"post","link":"https:\/\/infos-droitshumains.net\/?p=6437","title":{"rendered":"RDC-Justice Transitionnelle : L&rsquo;\u00e9quipe d&rsquo;experts internationaux en RDC invite le gouvernement \u00e0 acc\u00e9l\u00e9rer la mise en \u0153uvre des recommandations formul\u00e9es."},"content":{"rendered":"\n<p><strong>R\u00e9daction :+243817406088<\/strong><\/p>\n\n\n\n<p>\u00c9valuer la mise en \u0153uvre des recommandations formul\u00e9es par l&rsquo;\u00e9quipe d&rsquo;experts internationaux en RDC sur le ph\u00e9nom\u00e8ne Kamwena Nsapu, c\u2019est l\u2019objectif poursuivi par cet atelier de deux jours ouvert ce mercredi 25 janvier \u00e0 Kinshasa par le minist\u00e8re des Droits Humains en collaboration avec le Bureau Conjoint des Nations Unies aux Droits de l&rsquo;Homme et l&rsquo;\u00e9quipe d&rsquo;experts internationaux en RDC.<\/p>\n\n\n\n<p>L&rsquo;organisation de ces assises intervient apr\u00e8s que cette derni\u00e8re ait constat\u00e9 la lenteur dans la mise en \u0153uvre de ses recommandations formul\u00e9es au gouvernement congolais. Bacre Waly Ndiaye, pr\u00e9sident de cette \u00e9quipe a indiqu\u00e9 que <em>\u00ab&nbsp;les travaux de cet atelier ont pour objectif principal d&rsquo;aider le gouvernement \u00e0 consolider ce qui a \u00e9t\u00e9 fait et acc\u00e9l\u00e9rer le processus de la mise en \u0153uvre de ces recommandations par des perspectives plus renforc\u00e9es&nbsp;\u00bb.<\/em><\/p>\n\n\n\n<p>Pour le repr\u00e9sentant de la Directrice Adjointe et coordonnateur de l&rsquo;Unit\u00e9 Justice Transitionnelle et lutte contre l&rsquo;impunit\u00e9 du BCNUDH, ces assises t\u00e9moignent combien les questions des Droits de l&rsquo;Homme occupent une place pr\u00e9pond\u00e9rante en RDC.<\/p>\n\n\n\n<p><em>\u00ab&nbsp;Ces deux jours de discussion que nous aurons d\u00e9montrent que les Droits de l&rsquo;Homme est une valeur au sein de la communaut\u00e9 nationale et internationale et aideront \u00e0 peaufiner les strat\u00e9gies pour la mise en \u0153uvre de ces recommandations&nbsp;\u00bb,<\/em> a d\u00e9clar\u00e9 Coulibaly Soulemayne Kafana.<\/p>\n\n\n\n<p>Le gouvernement congolais qui tient \u00e0 la mise en application de ces recommandations&nbsp; a \u00e9t\u00e9 repr\u00e9sent\u00e9 par le Vice-Ministre de la justice et garde des sceaux. Amato Bayubasire s&rsquo;est montr\u00e9 reconnaissant vis-\u00e0-vis du BCNUDH, l&rsquo;ensemble des partenaires, les missions diplomatiques et organisations de la soci\u00e9t\u00e9 civile pour leur <em>\u00ab&nbsp;accompagnement&nbsp;\u00bb<\/em> \u00e0 ce processus qui contribue \u00e0 la promotion de la r\u00e9conciliation et \u00e0 la lutte contre l&rsquo;impunit\u00e9.<\/p>\n\n\n\n<p>Pour ces crimes et violations des Droits de l&rsquo;Homme commis entre 2016 et 2017 au Kasa\u00ef, plusieurs recommandations ont \u00e9t\u00e9 formul\u00e9es \u00e0 la RDC par l&rsquo;\u00e9quipe d&rsquo;experts internationaux entre 2018 et 2022 dont certaines sont d\u00e9j\u00e0 mises en \u0153uvre notamment, des consultations populaires, des poursuites judiciaires contre certains membres de Kamwena Nsapu, la promulgation de la loi sur la r\u00e9paration des victimes des violations des droits de l&rsquo;homme et la mise en place du programme DDRC-S ( D\u00e9sarmement, D\u00e9mobilisation, Rel\u00e8vement Communautaire et Stabilisation).<\/p>\n\n\n\n<p>AM<\/p>\n","protected":false},"excerpt":{"rendered":"<p>R\u00e9daction :+243817406088 \u00c9valuer la mise en \u0153uvre des recommandations formul\u00e9es par l&rsquo;\u00e9quipe d&rsquo;experts internationaux en&#8230;<\/p>\n","protected":false},"author":2,"featured_media":6440,"comment_status":"open","ping_status":"open","sticky":false,"template":"","format":"standard","meta":{"_jetpack_memberships_contains_paid_content":false,"footnotes":""},"categories":[7],"tags":[],"class_list":["post-6437","post","type-post","status-publish","format-standard","has-post-thumbnail","hentry","category-droits-humains"],"yoast_head":"<!-- This site is optimized with the Yoast SEO plugin v27.5 - https:\/\/yoast.com\/product\/yoast-seo-wordpress\/ -->\n<title>RDC-Justice Transitionnelle : L&#039;\u00e9quipe d&#039;experts internationaux en RDC invite le gouvernement \u00e0 acc\u00e9l\u00e9rer la mise en \u0153uvre des recommandations formul\u00e9es. - Infos Droits Humains<\/title>\n<meta name=\"robots\" content=\"index, follow, max-snippet:-1, max-image-preview:large, max-video-preview:-1\" \/>\n<link rel=\"canonical\" href=\"https:\/\/infos-droitshumains.net\/?p=6437\" \/>\n<meta property=\"og:locale\" content=\"fr_FR\" \/>\n<meta property=\"og:type\" content=\"article\" \/>\n<meta property=\"og:title\" content=\"RDC-Justice Transitionnelle : L&#039;\u00e9quipe d&#039;experts internationaux en RDC invite le gouvernement \u00e0 acc\u00e9l\u00e9rer la mise en \u0153uvre des recommandations formul\u00e9es. - Infos Droits Humains\" \/>\n<meta property=\"og:description\" content=\"R\u00e9daction :+243817406088 \u00c9valuer la mise en \u0153uvre des recommandations formul\u00e9es par l&rsquo;\u00e9quipe d&rsquo;experts internationaux en...\" \/>\n<meta property=\"og:url\" content=\"https:\/\/infos-droitshumains.net\/?p=6437\" \/>\n<meta property=\"og:site_name\" content=\"Infos Droits Humains\" \/>\n<meta property=\"article:published_time\" content=\"2023-01-25T16:59:34+00:00\" \/>\n<meta property=\"article:modified_time\" content=\"2023-01-25T17:06:47+00:00\" \/>\n<meta property=\"og:image\" content=\"https:\/\/i0.wp.com\/infos-droitshumains.net\/wp-content\/uploads\/2023\/01\/IMG-20230125-WA0038_2.jpg?fit=1040%2C693&ssl=1\" \/>\n\t<meta property=\"og:image:width\" content=\"1040\" \/>\n\t<meta property=\"og:image:height\" content=\"693\" \/>\n\t<meta property=\"og:image:type\" content=\"image\/jpeg\" \/>\n<meta name=\"author\" content=\"Jo\u00ebl Diawa\" \/>\n<meta name=\"twitter:card\" content=\"summary_large_image\" \/>\n<meta name=\"twitter:label1\" content=\"\u00c9crit par\" \/>\n\t<meta name=\"twitter:data1\" content=\"Jo\u00ebl Diawa\" \/>\n\t<meta name=\"twitter:label2\" content=\"Dur\u00e9e de lecture estim\u00e9e\" \/>\n\t<meta name=\"twitter:data2\" content=\"2 minutes\" \/>\n<script type=\"application\/ld+json\" class=\"yoast-schema-graph\">{\"@context\":\"https:\\\/\\\/schema.org\",\"@graph\":[{\"@type\":\"Article\",\"@id\":\"https:\\\/\\\/infos-droitshumains.net\\\/?p=6437#article\",\"isPartOf\":{\"@id\":\"https:\\\/\\\/infos-droitshumains.net\\\/?p=6437\"},\"author\":{\"name\":\"Jo\u00ebl Diawa\",\"@id\":\"https:\\\/\\\/infos-droitshumains.net\\\/#\\\/schema\\\/person\\\/3dc5e921c3302172e0ed4362f96faab7\"},\"headline\":\"RDC-Justice Transitionnelle : L&rsquo;\u00e9quipe d&rsquo;experts internationaux en RDC invite le gouvernement \u00e0 acc\u00e9l\u00e9rer la mise en \u0153uvre des recommandations formul\u00e9es.\",\"datePublished\":\"2023-01-25T16:59:34+00:00\",\"dateModified\":\"2023-01-25T17:06:47+00:00\",\"mainEntityOfPage\":{\"@id\":\"https:\\\/\\\/infos-droitshumains.net\\\/?p=6437\"},\"wordCount\":410,\"commentCount\":0,\"publisher\":{\"@id\":\"https:\\\/\\\/infos-droitshumains.net\\\/#organization\"},\"image\":{\"@id\":\"https:\\\/\\\/infos-droitshumains.net\\\/?p=6437#primaryimage\"},\"thumbnailUrl\":\"https:\\\/\\\/i0.wp.com\\\/infos-droitshumains.net\\\/wp-content\\\/uploads\\\/2023\\\/01\\\/IMG-20230125-WA0038_2.jpg?fit=1040%2C693&ssl=1\",\"articleSection\":[\"Droits Humains\"],\"inLanguage\":\"fr-FR\",\"potentialAction\":[{\"@type\":\"CommentAction\",\"name\":\"Comment\",\"target\":[\"https:\\\/\\\/infos-droitshumains.net\\\/?p=6437#respond\"]}]},{\"@type\":\"WebPage\",\"@id\":\"https:\\\/\\\/infos-droitshumains.net\\\/?p=6437\",\"url\":\"https:\\\/\\\/infos-droitshumains.net\\\/?p=6437\",\"name\":\"RDC-Justice Transitionnelle : L'\u00e9quipe d'experts internationaux en RDC invite le gouvernement \u00e0 acc\u00e9l\u00e9rer la mise en \u0153uvre des recommandations formul\u00e9es. - Infos Droits Humains\",\"isPartOf\":{\"@id\":\"https:\\\/\\\/infos-droitshumains.net\\\/#website\"},\"primaryImageOfPage\":{\"@id\":\"https:\\\/\\\/infos-droitshumains.net\\\/?p=6437#primaryimage\"},\"image\":{\"@id\":\"https:\\\/\\\/infos-droitshumains.net\\\/?p=6437#primaryimage\"},\"thumbnailUrl\":\"https:\\\/\\\/i0.wp.com\\\/infos-droitshumains.net\\\/wp-content\\\/uploads\\\/2023\\\/01\\\/IMG-20230125-WA0038_2.jpg?fit=1040%2C693&ssl=1\",\"datePublished\":\"2023-01-25T16:59:34+00:00\",\"dateModified\":\"2023-01-25T17:06:47+00:00\",\"breadcrumb\":{\"@id\":\"https:\\\/\\\/infos-droitshumains.net\\\/?p=6437#breadcrumb\"},\"inLanguage\":\"fr-FR\",\"potentialAction\":[{\"@type\":\"ReadAction\",\"target\":[\"https:\\\/\\\/infos-droitshumains.net\\\/?p=6437\"]}]},{\"@type\":\"ImageObject\",\"inLanguage\":\"fr-FR\",\"@id\":\"https:\\\/\\\/infos-droitshumains.net\\\/?p=6437#primaryimage\",\"url\":\"https:\\\/\\\/i0.wp.com\\\/infos-droitshumains.net\\\/wp-content\\\/uploads\\\/2023\\\/01\\\/IMG-20230125-WA0038_2.jpg?fit=1040%2C693&ssl=1\",\"contentUrl\":\"https:\\\/\\\/i0.wp.com\\\/infos-droitshumains.net\\\/wp-content\\\/uploads\\\/2023\\\/01\\\/IMG-20230125-WA0038_2.jpg?fit=1040%2C693&ssl=1\",\"width\":1040,\"height\":693},{\"@type\":\"BreadcrumbList\",\"@id\":\"https:\\\/\\\/infos-droitshumains.net\\\/?p=6437#breadcrumb\",\"itemListElement\":[{\"@type\":\"ListItem\",\"position\":1,\"name\":\"Accueil\",\"item\":\"https:\\\/\\\/infos-droitshumains.net\\\/\"},{\"@type\":\"ListItem\",\"position\":2,\"name\":\"RDC-Justice Transitionnelle : L&rsquo;\u00e9quipe d&rsquo;experts internationaux en RDC invite le gouvernement \u00e0 acc\u00e9l\u00e9rer la mise en \u0153uvre des recommandations formul\u00e9es.\"}]},{\"@type\":\"WebSite\",\"@id\":\"https:\\\/\\\/infos-droitshumains.net\\\/#website\",\"url\":\"https:\\\/\\\/infos-droitshumains.net\\\/\",\"name\":\"Infos Droits Humains\",\"description\":\"S&#039;informer est un droit\",\"publisher\":{\"@id\":\"https:\\\/\\\/infos-droitshumains.net\\\/#organization\"},\"potentialAction\":[{\"@type\":\"SearchAction\",\"target\":{\"@type\":\"EntryPoint\",\"urlTemplate\":\"https:\\\/\\\/infos-droitshumains.net\\\/?s={search_term_string}\"},\"query-input\":{\"@type\":\"PropertyValueSpecification\",\"valueRequired\":true,\"valueName\":\"search_term_string\"}}],\"inLanguage\":\"fr-FR\"},{\"@type\":\"Organization\",\"@id\":\"https:\\\/\\\/infos-droitshumains.net\\\/#organization\",\"name\":\"Infos Droits Humains\",\"url\":\"https:\\\/\\\/infos-droitshumains.net\\\/\",\"logo\":{\"@type\":\"ImageObject\",\"inLanguage\":\"fr-FR\",\"@id\":\"https:\\\/\\\/infos-droitshumains.net\\\/#\\\/schema\\\/logo\\\/image\\\/\",\"url\":\"https:\\\/\\\/i0.wp.com\\\/infos-droitshumains.net\\\/wp-content\\\/uploads\\\/2022\\\/05\\\/Logo.png?fit=333%2C129&ssl=1\",\"contentUrl\":\"https:\\\/\\\/i0.wp.com\\\/infos-droitshumains.net\\\/wp-content\\\/uploads\\\/2022\\\/05\\\/Logo.png?fit=333%2C129&ssl=1\",\"width\":333,\"height\":129,\"caption\":\"Infos Droits Humains\"},\"image\":{\"@id\":\"https:\\\/\\\/infos-droitshumains.net\\\/#\\\/schema\\\/logo\\\/image\\\/\"}},{\"@type\":\"Person\",\"@id\":\"https:\\\/\\\/infos-droitshumains.net\\\/#\\\/schema\\\/person\\\/3dc5e921c3302172e0ed4362f96faab7\",\"name\":\"Jo\u00ebl Diawa\",\"image\":{\"@type\":\"ImageObject\",\"inLanguage\":\"fr-FR\",\"@id\":\"https:\\\/\\\/secure.gravatar.com\\\/avatar\\\/729bea6ff4604c624417803c477363be8e3c7186deaa65713313f9b4b820f41c?s=96&d=mm&r=g\",\"url\":\"https:\\\/\\\/secure.gravatar.com\\\/avatar\\\/729bea6ff4604c624417803c477363be8e3c7186deaa65713313f9b4b820f41c?s=96&d=mm&r=g\",\"contentUrl\":\"https:\\\/\\\/secure.gravatar.com\\\/avatar\\\/729bea6ff4604c624417803c477363be8e3c7186deaa65713313f9b4b820f41c?s=96&d=mm&r=g\",\"caption\":\"Jo\u00ebl Diawa\"},\"sameAs\":[\"https:\\\/\\\/www.infos-droitshumains.net\"],\"url\":\"https:\\\/\\\/infos-droitshumains.net\\\/?author=2\"}]}<\/script>\n<!-- \/ Yoast SEO plugin. -->","yoast_head_json":{"title":"RDC-Justice Transitionnelle : L'\u00e9quipe d'experts internationaux en RDC invite le gouvernement \u00e0 acc\u00e9l\u00e9rer la mise en \u0153uvre des recommandations formul\u00e9es. - Infos Droits Humains","robots":{"index":"index","follow":"follow","max-snippet":"max-snippet:-1","max-image-preview":"max-image-preview:large","max-video-preview":"max-video-preview:-1"},"canonical":"https:\/\/infos-droitshumains.net\/?p=6437","og_locale":"fr_FR","og_type":"article","og_title":"RDC-Justice Transitionnelle : L'\u00e9quipe d'experts internationaux en RDC invite le gouvernement \u00e0 acc\u00e9l\u00e9rer la mise en \u0153uvre des recommandations formul\u00e9es. - Infos Droits Humains","og_description":"R\u00e9daction :+243817406088 \u00c9valuer la mise en \u0153uvre des recommandations formul\u00e9es par l&rsquo;\u00e9quipe d&rsquo;experts internationaux en...","og_url":"https:\/\/infos-droitshumains.net\/?p=6437","og_site_name":"Infos Droits Humains","article_published_time":"2023-01-25T16:59:34+00:00","article_modified_time":"2023-01-25T17:06:47+00:00","og_image":[{"width":1040,"height":693,"url":"https:\/\/i0.wp.com\/infos-droitshumains.net\/wp-content\/uploads\/2023\/01\/IMG-20230125-WA0038_2.jpg?fit=1040%2C693&ssl=1","type":"image\/jpeg"}],"author":"Jo\u00ebl Diawa","twitter_card":"summary_large_image","twitter_misc":{"\u00c9crit par":"Jo\u00ebl Diawa","Dur\u00e9e de lecture estim\u00e9e":"2 minutes"},"schema":{"@context":"https:\/\/schema.org","@graph":[{"@type":"Article","@id":"https:\/\/infos-droitshumains.net\/?p=6437#article","isPartOf":{"@id":"https:\/\/infos-droitshumains.net\/?p=6437"},"author":{"name":"Jo\u00ebl Diawa","@id":"https:\/\/infos-droitshumains.net\/#\/schema\/person\/3dc5e921c3302172e0ed4362f96faab7"},"headline":"RDC-Justice Transitionnelle : L&rsquo;\u00e9quipe d&rsquo;experts internationaux en RDC invite le gouvernement \u00e0 acc\u00e9l\u00e9rer la mise en \u0153uvre des recommandations formul\u00e9es.","datePublished":"2023-01-25T16:59:34+00:00","dateModified":"2023-01-25T17:06:47+00:00","mainEntityOfPage":{"@id":"https:\/\/infos-droitshumains.net\/?p=6437"},"wordCount":410,"commentCount":0,"publisher":{"@id":"https:\/\/infos-droitshumains.net\/#organization"},"image":{"@id":"https:\/\/infos-droitshumains.net\/?p=6437#primaryimage"},"thumbnailUrl":"https:\/\/i0.wp.com\/infos-droitshumains.net\/wp-content\/uploads\/2023\/01\/IMG-20230125-WA0038_2.jpg?fit=1040%2C693&ssl=1","articleSection":["Droits Humains"],"inLanguage":"fr-FR","potentialAction":[{"@type":"CommentAction","name":"Comment","target":["https:\/\/infos-droitshumains.net\/?p=6437#respond"]}]},{"@type":"WebPage","@id":"https:\/\/infos-droitshumains.net\/?p=6437","url":"https:\/\/infos-droitshumains.net\/?p=6437","name":"RDC-Justice Transitionnelle : L'\u00e9quipe d'experts internationaux en RDC invite le gouvernement \u00e0 acc\u00e9l\u00e9rer la mise en \u0153uvre des recommandations formul\u00e9es. - Infos Droits Humains","isPartOf":{"@id":"https:\/\/infos-droitshumains.net\/#website"},"primaryImageOfPage":{"@id":"https:\/\/infos-droitshumains.net\/?p=6437#primaryimage"},"image":{"@id":"https:\/\/infos-droitshumains.net\/?p=6437#primaryimage"},"thumbnailUrl":"https:\/\/i0.wp.com\/infos-droitshumains.net\/wp-content\/uploads\/2023\/01\/IMG-20230125-WA0038_2.jpg?fit=1040%2C693&ssl=1","datePublished":"2023-01-25T16:59:34+00:00","dateModified":"2023-01-25T17:06:47+00:00","breadcrumb":{"@id":"https:\/\/infos-droitshumains.net\/?p=6437#breadcrumb"},"inLanguage":"fr-FR","potentialAction":[{"@type":"ReadAction","target":["https:\/\/infos-droitshumains.net\/?p=6437"]}]},{"@type":"ImageObject","inLanguage":"fr-FR","@id":"https:\/\/infos-droitshumains.net\/?p=6437#primaryimage","url":"https:\/\/i0.wp.com\/infos-droitshumains.net\/wp-content\/uploads\/2023\/01\/IMG-20230125-WA0038_2.jpg?fit=1040%2C693&ssl=1","contentUrl":"https:\/\/i0.wp.com\/infos-droitshumains.net\/wp-content\/uploads\/2023\/01\/IMG-20230125-WA0038_2.jpg?fit=1040%2C693&ssl=1","width":1040,"height":693},{"@type":"BreadcrumbList","@id":"https:\/\/infos-droitshumains.net\/?p=6437#breadcrumb","itemListElement":[{"@type":"ListItem","position":1,"name":"Accueil","item":"https:\/\/infos-droitshumains.net\/"},{"@type":"ListItem","position":2,"name":"RDC-Justice Transitionnelle : L&rsquo;\u00e9quipe d&rsquo;experts internationaux en RDC invite le gouvernement \u00e0 acc\u00e9l\u00e9rer la mise en \u0153uvre des recommandations formul\u00e9es."}]},{"@type":"WebSite","@id":"https:\/\/infos-droitshumains.net\/#website","url":"https:\/\/infos-droitshumains.net\/","name":"Infos Droits Humains","description":"S&#039;informer est un droit","publisher":{"@id":"https:\/\/infos-droitshumains.net\/#organization"},"potentialAction":[{"@type":"SearchAction","target":{"@type":"EntryPoint","urlTemplate":"https:\/\/infos-droitshumains.net\/?s={search_term_string}"},"query-input":{"@type":"PropertyValueSpecification","valueRequired":true,"valueName":"search_term_string"}}],"inLanguage":"fr-FR"},{"@type":"Organization","@id":"https:\/\/infos-droitshumains.net\/#organization","name":"Infos Droits Humains","url":"https:\/\/infos-droitshumains.net\/","logo":{"@type":"ImageObject","inLanguage":"fr-FR","@id":"https:\/\/infos-droitshumains.net\/#\/schema\/logo\/image\/","url":"https:\/\/i0.wp.com\/infos-droitshumains.net\/wp-content\/uploads\/2022\/05\/Logo.png?fit=333%2C129&ssl=1","contentUrl":"https:\/\/i0.wp.com\/infos-droitshumains.net\/wp-content\/uploads\/2022\/05\/Logo.png?fit=333%2C129&ssl=1","width":333,"height":129,"caption":"Infos Droits Humains"},"image":{"@id":"https:\/\/infos-droitshumains.net\/#\/schema\/logo\/image\/"}},{"@type":"Person","@id":"https:\/\/infos-droitshumains.net\/#\/schema\/person\/3dc5e921c3302172e0ed4362f96faab7","name":"Jo\u00ebl Diawa","image":{"@type":"ImageObject","inLanguage":"fr-FR","@id":"https:\/\/secure.gravatar.com\/avatar\/729bea6ff4604c624417803c477363be8e3c7186deaa65713313f9b4b820f41c?s=96&d=mm&r=g","url":"https:\/\/secure.gravatar.com\/avatar\/729bea6ff4604c624417803c477363be8e3c7186deaa65713313f9b4b820f41c?s=96&d=mm&r=g","contentUrl":"https:\/\/secure.gravatar.com\/avatar\/729bea6ff4604c624417803c477363be8e3c7186deaa65713313f9b4b820f41c?s=96&d=mm&r=g","caption":"Jo\u00ebl Diawa"},"sameAs":["https:\/\/www.infos-droitshumains.net"],"url":"https:\/\/infos-droitshumains.net\/?author=2"}]}},"featured_image_urls":{"full":["https:\/\/i0.wp.com\/infos-droitshumains.net\/wp-content\/uploads\/2023\/01\/IMG-20230125-WA0038_2.jpg?fit=1040%2C693&ssl=1",1040,693,false],"thumbnail":["https:\/\/i0.wp.com\/infos-droitshumains.net\/wp-content\/uploads\/2023\/01\/IMG-20230125-WA0038_2.jpg?resize=150%2C150&ssl=1",150,150,true],"medium":["https:\/\/i0.wp.com\/infos-droitshumains.net\/wp-content\/uploads\/2023\/01\/IMG-20230125-WA0038_2.jpg?fit=300%2C200&ssl=1",300,200,true],"medium_large":["https:\/\/i0.wp.com\/infos-droitshumains.net\/wp-content\/uploads\/2023\/01\/IMG-20230125-WA0038_2.jpg?fit=640%2C427&ssl=1",640,427,true],"large":["https:\/\/i0.wp.com\/infos-droitshumains.net\/wp-content\/uploads\/2023\/01\/IMG-20230125-WA0038_2.jpg?fit=640%2C426&ssl=1",640,426,true],"1536x1536":["https:\/\/i0.wp.com\/infos-droitshumains.net\/wp-content\/uploads\/2023\/01\/IMG-20230125-WA0038_2.jpg?fit=1040%2C693&ssl=1",1040,693,true],"2048x2048":["https:\/\/i0.wp.com\/infos-droitshumains.net\/wp-content\/uploads\/2023\/01\/IMG-20230125-WA0038_2.jpg?fit=1040%2C693&ssl=1",1040,693,true],"covernews-slider-full":["https:\/\/i0.wp.com\/infos-droitshumains.net\/wp-content\/uploads\/2023\/01\/IMG-20230125-WA0038_2.jpg?resize=1040%2C693&ssl=1",1040,693,true],"covernews-slider-center":["https:\/\/i0.wp.com\/infos-droitshumains.net\/wp-content\/uploads\/2023\/01\/IMG-20230125-WA0038_2.jpg?resize=800%2C500&ssl=1",800,500,true],"covernews-featured":["https:\/\/i0.wp.com\/infos-droitshumains.net\/wp-content\/uploads\/2023\/01\/IMG-20230125-WA0038_2.jpg?fit=1024%2C682&ssl=1",1024,682,true],"covernews-medium":["https:\/\/i0.wp.com\/infos-droitshumains.net\/wp-content\/uploads\/2023\/01\/IMG-20230125-WA0038_2.jpg?resize=540%2C340&ssl=1",540,340,true],"covernews-medium-square":["https:\/\/i0.wp.com\/infos-droitshumains.net\/wp-content\/uploads\/2023\/01\/IMG-20230125-WA0038_2.jpg?resize=400%2C250&ssl=1",400,250,true]},"author_info":{"display_name":"Jo\u00ebl Diawa","author_link":"https:\/\/infos-droitshumains.net\/?author=2"},"category_info":"<a href=\"https:\/\/infos-droitshumains.net\/?cat=7\" rel=\"category\">Droits Humains<\/a>","tag_info":"Droits Humains","comment_count":"0","jetpack_featured_media_url":"https:\/\/i0.wp.com\/infos-droitshumains.net\/wp-content\/uploads\/2023\/01\/IMG-20230125-WA0038_2.jpg?fit=1040%2C693&ssl=1","jetpack-related-posts":[],"jetpack_sharing_enabled":true,"_links":{"self":[{"href":"https:\/\/infos-droitshumains.net\/index.php?rest_route=\/wp\/v2\/posts\/6437","targetHints":{"allow":["GET"]}}],"collection":[{"href":"https:\/\/infos-droitshumains.net\/index.php?rest_route=\/wp\/v2\/posts"}],"about":[{"href":"https:\/\/infos-droitshumains.net\/index.php?rest_route=\/wp\/v2\/types\/post"}],"author":[{"embeddable":true,"href":"https:\/\/infos-droitshumains.net\/index.php?rest_route=\/wp\/v2\/users\/2"}],"replies":[{"embeddable":true,"href":"https:\/\/infos-droitshumains.net\/index.php?rest_route=%2Fwp%2Fv2%2Fcomments&post=6437"}],"version-history":[{"count":2,"href":"https:\/\/infos-droitshumains.net\/index.php?rest_route=\/wp\/v2\/posts\/6437\/revisions"}],"predecessor-version":[{"id":6439,"href":"https:\/\/infos-droitshumains.net\/index.php?rest_route=\/wp\/v2\/posts\/6437\/revisions\/6439"}],"wp:featuredmedia":[{"embeddable":true,"href":"https:\/\/infos-droitshumains.net\/index.php?rest_route=\/wp\/v2\/media\/6440"}],"wp:attachment":[{"href":"https:\/\/infos-droitshumains.net\/index.php?rest_route=%2Fwp%2Fv2%2Fmedia&parent=6437"}],"wp:term":[{"taxonomy":"category","embeddable":true,"href":"https:\/\/infos-droitshumains.net\/index.php?rest_route=%2Fwp%2Fv2%2Fcategories&post=6437"},{"taxonomy":"post_tag","embeddable":true,"href":"https:\/\/infos-droitshumains.net\/index.php?rest_route=%2Fwp%2Fv2%2Ftags&post=6437"}],"curies":[{"name":"wp","href":"https:\/\/api.w.org\/{rel}","templated":true}]}}