{"id":6428,"date":"2023-01-24T15:08:03","date_gmt":"2023-01-24T14:08:03","guid":{"rendered":"https:\/\/infos-droitshumains.net\/?p=6428"},"modified":"2023-01-24T15:29:31","modified_gmt":"2023-01-24T14:29:31","slug":"processus-de-la-mise-en-place-de-justice-transitionnelle-en-rdc-le-bcnudh-accompagne-les-commissaires-de-la-commission-verite-justice-et-reconciliation-du-kasai-central-a-mieux-comprendre-leur-missi","status":"publish","type":"post","link":"https:\/\/infos-droitshumains.net\/?p=6428","title":{"rendered":"Processus de la mise en place de justice transitionnelle en RDC: Le BCNUDH accompagne la commission v\u00e9rit\u00e9, justice et r\u00e9conciliation du Kasa\u00ef central \u00e0 mieux appr\u00e9hender sa mission avant actes"},"content":{"rendered":"\n<p><strong>R\u00e9daction :+243817406088<\/strong><\/p>\n\n\n\n<p>Le Bureau Conjoint des Nations Unies aux Droits de l&rsquo;Homme (BCNUDH) organise depuis ce lundi 23 Janvier \u00e0 Kinshasa un atelier de formation initiale dans le cadre du processus de la mise en place de justice transitionnelle. Prennent part \u00e0 cette formation, les Commissaires de la Commission Provinciale V\u00e9rit\u00e9, Justice et R\u00e9conciliation du Kasa\u00ef Central qui sont appel\u00e9s \u00e0 s&rsquo;impr\u00e9gner de leur mission.<\/p>\n\n\n\n<p>Cette formation r\u00e9pond \u00e0 un double imp\u00e9ratif dont celui <em>\u00ab&nbsp;d\u2019outiller les commissaires dans la perspective de la connaissance des activit\u00e9s pr\u00e9paratoires n\u00e9cessaires \u00e0 la r\u00e9alisation de leurs missions&nbsp;\u00bb<\/em> d\u2019une part&nbsp;et <em>\u00ab&nbsp;maitriser&nbsp;\u00bb \u00ab&nbsp;diff\u00e9rentes s\u00e9quences en rapport avec la mise en place et l\u2019op\u00e9rationnalisation de ses organes de gouvernance, ainsi que ses sous-commissions th\u00e9matiques&nbsp;\u00bb<\/em> d\u2019autre part a indiqu\u00e9 Coulibaly Souleymane Kafana qui repr\u00e9sentait \u00e0 cet atelier, la directrice adjointe et coordonnateur de l&rsquo;Unit\u00e9 Justice Transitionnelle et Lutte contre l&rsquo;Impunit\u00e9 du BCNUDH.<\/p>\n\n\n\n<p>Le pr\u00e9sident de l&rsquo;\u00e9quipe d&rsquo;experts internationaux en RDC pour la justice transitionnelle, Bacre Waly Ndiaye a quant \u00e0 lui, qualifi\u00e9 cette commission provinciale <em>\u00ab&nbsp;d&rsquo;une exp\u00e9rience exceptionnelle d&rsquo;originalit\u00e9 congolaise&nbsp;\u00bb<\/em> du fait qu&rsquo;elle soit la premi\u00e8re et constitue le point pilote du processus de la justice transitionnelle en RDC.<\/p>\n\n\n\n<p>\u00c9tant donn\u00e9 qu&rsquo;il s&rsquo;agit d&rsquo;une commission provinciale, <em>\u00ab&nbsp;le gouvernement central devrait la doter des moyens logistiques et surtout de locomotion tout terrain pour acc\u00e9der aux diff\u00e9rents territoires o\u00f9 se sont perp\u00e9tr\u00e9es les violations des droits humains&nbsp;\u00bb<\/em>, a pour sa part plaid\u00e9 Augustin Loko, pr\u00e9sident de la Commission Provinciale V\u00e9rit\u00e9, Justice et R\u00e9conciliation du Kasa\u00ef Central.<\/p>\n\n\n\n<p>Le ministre des Droits humains qui a \u00e9cout\u00e9 cette plaidoirie\u00a0 a invit\u00e9 la commission \u00e0\u00a0 <em>\u00ab\u00a0une obligation des r\u00e9sultats\u00a0\u00bb<\/em> et non <em>\u00ab\u00a0des moyens\u00a0\u00bb<\/em>. A en croire Albert-Fabrice Puela si le Kasa\u00ef \u00e9choue, <em>\u00ab\u00a0c&rsquo;est tout le processus qui \u00e9chouerait\u00a0\u00bb<\/em>.<\/p>\n\n\n\n<p>Mise en place en 2021 sous demande de la population kasa\u00efene, La Commission Provinciale V\u00e9rit\u00e9, Justice et R\u00e9conciliation du Kasa\u00ef Central a pour mission d&rsquo;\u00e9tablir la lumi\u00e8re sur les violences ayant d\u00e9coul\u00e9e du ph\u00e9nom\u00e8ne Kamuina Nsapu survenues entre 2016 et 2017. Cette situation avait cr\u00e9\u00e9 une d\u00e9flagration sociale qui a provoqu\u00e9 une crise humanitaire sans pr\u00e9c\u00e9dent et infligeant une blessure soci\u00e9tale tr\u00e8s profonde \u00e0 toute la soci\u00e9t\u00e9 kasa\u00efenne.<\/p>\n\n\n\n<p>AM<\/p>\n","protected":false},"excerpt":{"rendered":"<p>R\u00e9daction :+243817406088 Le Bureau Conjoint des Nations Unies aux Droits de l&rsquo;Homme (BCNUDH) organise depuis&#8230;<\/p>\n","protected":false},"author":2,"featured_media":6431,"comment_status":"open","ping_status":"open","sticky":false,"template":"","format":"standard","meta":{"_jetpack_memberships_contains_paid_content":false,"footnotes":""},"categories":[7],"tags":[],"class_list":["post-6428","post","type-post","status-publish","format-standard","has-post-thumbnail","hentry","category-droits-humains"],"yoast_head":"<!-- This site is optimized with the Yoast SEO plugin v27.5 - https:\/\/yoast.com\/product\/yoast-seo-wordpress\/ -->\n<title>Processus de la mise en place de justice transitionnelle en RDC: Le BCNUDH accompagne la commission v\u00e9rit\u00e9, justice et r\u00e9conciliation du Kasa\u00ef central \u00e0 mieux appr\u00e9hender sa mission avant actes - Infos Droits Humains<\/title>\n<meta name=\"robots\" content=\"index, follow, max-snippet:-1, max-image-preview:large, max-video-preview:-1\" \/>\n<link rel=\"canonical\" href=\"https:\/\/infos-droitshumains.net\/?p=6428\" \/>\n<meta property=\"og:locale\" content=\"fr_FR\" \/>\n<meta property=\"og:type\" content=\"article\" \/>\n<meta property=\"og:title\" content=\"Processus de la mise en place de justice transitionnelle en RDC: Le BCNUDH accompagne la commission v\u00e9rit\u00e9, justice et r\u00e9conciliation du Kasa\u00ef central \u00e0 mieux appr\u00e9hender sa mission avant actes - Infos Droits Humains\" \/>\n<meta property=\"og:description\" content=\"R\u00e9daction :+243817406088 Le Bureau Conjoint des Nations Unies aux Droits de l&rsquo;Homme (BCNUDH) organise depuis...\" \/>\n<meta property=\"og:url\" content=\"https:\/\/infos-droitshumains.net\/?p=6428\" \/>\n<meta property=\"og:site_name\" content=\"Infos Droits Humains\" \/>\n<meta property=\"article:published_time\" content=\"2023-01-24T14:08:03+00:00\" \/>\n<meta property=\"article:modified_time\" content=\"2023-01-24T14:29:31+00:00\" \/>\n<meta property=\"og:image\" content=\"https:\/\/i0.wp.com\/infos-droitshumains.net\/wp-content\/uploads\/2023\/01\/IMG-20230124-WA0043_1.jpg?fit=1040%2C605&ssl=1\" \/>\n\t<meta property=\"og:image:width\" content=\"1040\" \/>\n\t<meta property=\"og:image:height\" content=\"605\" \/>\n\t<meta property=\"og:image:type\" content=\"image\/jpeg\" \/>\n<meta name=\"author\" content=\"Jo\u00ebl Diawa\" \/>\n<meta name=\"twitter:card\" content=\"summary_large_image\" \/>\n<meta name=\"twitter:label1\" content=\"\u00c9crit par\" \/>\n\t<meta name=\"twitter:data1\" content=\"Jo\u00ebl Diawa\" \/>\n\t<meta name=\"twitter:label2\" content=\"Dur\u00e9e de lecture estim\u00e9e\" \/>\n\t<meta name=\"twitter:data2\" content=\"2 minutes\" \/>\n<script type=\"application\/ld+json\" class=\"yoast-schema-graph\">{\"@context\":\"https:\\\/\\\/schema.org\",\"@graph\":[{\"@type\":\"Article\",\"@id\":\"https:\\\/\\\/infos-droitshumains.net\\\/?p=6428#article\",\"isPartOf\":{\"@id\":\"https:\\\/\\\/infos-droitshumains.net\\\/?p=6428\"},\"author\":{\"name\":\"Jo\u00ebl Diawa\",\"@id\":\"https:\\\/\\\/infos-droitshumains.net\\\/#\\\/schema\\\/person\\\/3dc5e921c3302172e0ed4362f96faab7\"},\"headline\":\"Processus de la mise en place de justice transitionnelle en RDC: Le BCNUDH accompagne la commission v\u00e9rit\u00e9, justice et r\u00e9conciliation du Kasa\u00ef central \u00e0 mieux appr\u00e9hender sa mission avant actes\",\"datePublished\":\"2023-01-24T14:08:03+00:00\",\"dateModified\":\"2023-01-24T14:29:31+00:00\",\"mainEntityOfPage\":{\"@id\":\"https:\\\/\\\/infos-droitshumains.net\\\/?p=6428\"},\"wordCount\":431,\"commentCount\":0,\"publisher\":{\"@id\":\"https:\\\/\\\/infos-droitshumains.net\\\/#organization\"},\"image\":{\"@id\":\"https:\\\/\\\/infos-droitshumains.net\\\/?p=6428#primaryimage\"},\"thumbnailUrl\":\"https:\\\/\\\/i0.wp.com\\\/infos-droitshumains.net\\\/wp-content\\\/uploads\\\/2023\\\/01\\\/IMG-20230124-WA0043_1.jpg?fit=1040%2C605&ssl=1\",\"articleSection\":[\"Droits Humains\"],\"inLanguage\":\"fr-FR\",\"potentialAction\":[{\"@type\":\"CommentAction\",\"name\":\"Comment\",\"target\":[\"https:\\\/\\\/infos-droitshumains.net\\\/?p=6428#respond\"]}]},{\"@type\":\"WebPage\",\"@id\":\"https:\\\/\\\/infos-droitshumains.net\\\/?p=6428\",\"url\":\"https:\\\/\\\/infos-droitshumains.net\\\/?p=6428\",\"name\":\"Processus de la mise en place de justice transitionnelle en RDC: Le BCNUDH accompagne la commission v\u00e9rit\u00e9, justice et r\u00e9conciliation du Kasa\u00ef central \u00e0 mieux appr\u00e9hender sa mission avant actes - Infos Droits Humains\",\"isPartOf\":{\"@id\":\"https:\\\/\\\/infos-droitshumains.net\\\/#website\"},\"primaryImageOfPage\":{\"@id\":\"https:\\\/\\\/infos-droitshumains.net\\\/?p=6428#primaryimage\"},\"image\":{\"@id\":\"https:\\\/\\\/infos-droitshumains.net\\\/?p=6428#primaryimage\"},\"thumbnailUrl\":\"https:\\\/\\\/i0.wp.com\\\/infos-droitshumains.net\\\/wp-content\\\/uploads\\\/2023\\\/01\\\/IMG-20230124-WA0043_1.jpg?fit=1040%2C605&ssl=1\",\"datePublished\":\"2023-01-24T14:08:03+00:00\",\"dateModified\":\"2023-01-24T14:29:31+00:00\",\"breadcrumb\":{\"@id\":\"https:\\\/\\\/infos-droitshumains.net\\\/?p=6428#breadcrumb\"},\"inLanguage\":\"fr-FR\",\"potentialAction\":[{\"@type\":\"ReadAction\",\"target\":[\"https:\\\/\\\/infos-droitshumains.net\\\/?p=6428\"]}]},{\"@type\":\"ImageObject\",\"inLanguage\":\"fr-FR\",\"@id\":\"https:\\\/\\\/infos-droitshumains.net\\\/?p=6428#primaryimage\",\"url\":\"https:\\\/\\\/i0.wp.com\\\/infos-droitshumains.net\\\/wp-content\\\/uploads\\\/2023\\\/01\\\/IMG-20230124-WA0043_1.jpg?fit=1040%2C605&ssl=1\",\"contentUrl\":\"https:\\\/\\\/i0.wp.com\\\/infos-droitshumains.net\\\/wp-content\\\/uploads\\\/2023\\\/01\\\/IMG-20230124-WA0043_1.jpg?fit=1040%2C605&ssl=1\",\"width\":1040,\"height\":605},{\"@type\":\"BreadcrumbList\",\"@id\":\"https:\\\/\\\/infos-droitshumains.net\\\/?p=6428#breadcrumb\",\"itemListElement\":[{\"@type\":\"ListItem\",\"position\":1,\"name\":\"Accueil\",\"item\":\"https:\\\/\\\/infos-droitshumains.net\\\/\"},{\"@type\":\"ListItem\",\"position\":2,\"name\":\"Processus de la mise en place de justice transitionnelle en RDC: Le BCNUDH accompagne la commission v\u00e9rit\u00e9, justice et r\u00e9conciliation du Kasa\u00ef central \u00e0 mieux appr\u00e9hender sa mission avant actes\"}]},{\"@type\":\"WebSite\",\"@id\":\"https:\\\/\\\/infos-droitshumains.net\\\/#website\",\"url\":\"https:\\\/\\\/infos-droitshumains.net\\\/\",\"name\":\"Infos Droits Humains\",\"description\":\"S&#039;informer est un droit\",\"publisher\":{\"@id\":\"https:\\\/\\\/infos-droitshumains.net\\\/#organization\"},\"potentialAction\":[{\"@type\":\"SearchAction\",\"target\":{\"@type\":\"EntryPoint\",\"urlTemplate\":\"https:\\\/\\\/infos-droitshumains.net\\\/?s={search_term_string}\"},\"query-input\":{\"@type\":\"PropertyValueSpecification\",\"valueRequired\":true,\"valueName\":\"search_term_string\"}}],\"inLanguage\":\"fr-FR\"},{\"@type\":\"Organization\",\"@id\":\"https:\\\/\\\/infos-droitshumains.net\\\/#organization\",\"name\":\"Infos Droits Humains\",\"url\":\"https:\\\/\\\/infos-droitshumains.net\\\/\",\"logo\":{\"@type\":\"ImageObject\",\"inLanguage\":\"fr-FR\",\"@id\":\"https:\\\/\\\/infos-droitshumains.net\\\/#\\\/schema\\\/logo\\\/image\\\/\",\"url\":\"https:\\\/\\\/i0.wp.com\\\/infos-droitshumains.net\\\/wp-content\\\/uploads\\\/2022\\\/05\\\/Logo.png?fit=333%2C129&ssl=1\",\"contentUrl\":\"https:\\\/\\\/i0.wp.com\\\/infos-droitshumains.net\\\/wp-content\\\/uploads\\\/2022\\\/05\\\/Logo.png?fit=333%2C129&ssl=1\",\"width\":333,\"height\":129,\"caption\":\"Infos Droits Humains\"},\"image\":{\"@id\":\"https:\\\/\\\/infos-droitshumains.net\\\/#\\\/schema\\\/logo\\\/image\\\/\"}},{\"@type\":\"Person\",\"@id\":\"https:\\\/\\\/infos-droitshumains.net\\\/#\\\/schema\\\/person\\\/3dc5e921c3302172e0ed4362f96faab7\",\"name\":\"Jo\u00ebl Diawa\",\"image\":{\"@type\":\"ImageObject\",\"inLanguage\":\"fr-FR\",\"@id\":\"https:\\\/\\\/secure.gravatar.com\\\/avatar\\\/729bea6ff4604c624417803c477363be8e3c7186deaa65713313f9b4b820f41c?s=96&d=mm&r=g\",\"url\":\"https:\\\/\\\/secure.gravatar.com\\\/avatar\\\/729bea6ff4604c624417803c477363be8e3c7186deaa65713313f9b4b820f41c?s=96&d=mm&r=g\",\"contentUrl\":\"https:\\\/\\\/secure.gravatar.com\\\/avatar\\\/729bea6ff4604c624417803c477363be8e3c7186deaa65713313f9b4b820f41c?s=96&d=mm&r=g\",\"caption\":\"Jo\u00ebl Diawa\"},\"sameAs\":[\"https:\\\/\\\/www.infos-droitshumains.net\"],\"url\":\"https:\\\/\\\/infos-droitshumains.net\\\/?author=2\"}]}<\/script>\n<!-- \/ Yoast SEO plugin. -->","yoast_head_json":{"title":"Processus de la mise en place de justice transitionnelle en RDC: Le BCNUDH accompagne la commission v\u00e9rit\u00e9, justice et r\u00e9conciliation du Kasa\u00ef central \u00e0 mieux appr\u00e9hender sa mission avant actes - Infos Droits Humains","robots":{"index":"index","follow":"follow","max-snippet":"max-snippet:-1","max-image-preview":"max-image-preview:large","max-video-preview":"max-video-preview:-1"},"canonical":"https:\/\/infos-droitshumains.net\/?p=6428","og_locale":"fr_FR","og_type":"article","og_title":"Processus de la mise en place de justice transitionnelle en RDC: Le BCNUDH accompagne la commission v\u00e9rit\u00e9, justice et r\u00e9conciliation du Kasa\u00ef central \u00e0 mieux appr\u00e9hender sa mission avant actes - Infos Droits Humains","og_description":"R\u00e9daction :+243817406088 Le Bureau Conjoint des Nations Unies aux Droits de l&rsquo;Homme (BCNUDH) organise depuis...","og_url":"https:\/\/infos-droitshumains.net\/?p=6428","og_site_name":"Infos Droits Humains","article_published_time":"2023-01-24T14:08:03+00:00","article_modified_time":"2023-01-24T14:29:31+00:00","og_image":[{"width":1040,"height":605,"url":"https:\/\/i0.wp.com\/infos-droitshumains.net\/wp-content\/uploads\/2023\/01\/IMG-20230124-WA0043_1.jpg?fit=1040%2C605&ssl=1","type":"image\/jpeg"}],"author":"Jo\u00ebl Diawa","twitter_card":"summary_large_image","twitter_misc":{"\u00c9crit par":"Jo\u00ebl Diawa","Dur\u00e9e de lecture estim\u00e9e":"2 minutes"},"schema":{"@context":"https:\/\/schema.org","@graph":[{"@type":"Article","@id":"https:\/\/infos-droitshumains.net\/?p=6428#article","isPartOf":{"@id":"https:\/\/infos-droitshumains.net\/?p=6428"},"author":{"name":"Jo\u00ebl Diawa","@id":"https:\/\/infos-droitshumains.net\/#\/schema\/person\/3dc5e921c3302172e0ed4362f96faab7"},"headline":"Processus de la mise en place de justice transitionnelle en RDC: Le BCNUDH accompagne la commission v\u00e9rit\u00e9, justice et r\u00e9conciliation du Kasa\u00ef central \u00e0 mieux appr\u00e9hender sa mission avant actes","datePublished":"2023-01-24T14:08:03+00:00","dateModified":"2023-01-24T14:29:31+00:00","mainEntityOfPage":{"@id":"https:\/\/infos-droitshumains.net\/?p=6428"},"wordCount":431,"commentCount":0,"publisher":{"@id":"https:\/\/infos-droitshumains.net\/#organization"},"image":{"@id":"https:\/\/infos-droitshumains.net\/?p=6428#primaryimage"},"thumbnailUrl":"https:\/\/i0.wp.com\/infos-droitshumains.net\/wp-content\/uploads\/2023\/01\/IMG-20230124-WA0043_1.jpg?fit=1040%2C605&ssl=1","articleSection":["Droits Humains"],"inLanguage":"fr-FR","potentialAction":[{"@type":"CommentAction","name":"Comment","target":["https:\/\/infos-droitshumains.net\/?p=6428#respond"]}]},{"@type":"WebPage","@id":"https:\/\/infos-droitshumains.net\/?p=6428","url":"https:\/\/infos-droitshumains.net\/?p=6428","name":"Processus de la mise en place de justice transitionnelle en RDC: Le BCNUDH accompagne la commission v\u00e9rit\u00e9, justice et r\u00e9conciliation du Kasa\u00ef central \u00e0 mieux appr\u00e9hender sa mission avant actes - Infos Droits Humains","isPartOf":{"@id":"https:\/\/infos-droitshumains.net\/#website"},"primaryImageOfPage":{"@id":"https:\/\/infos-droitshumains.net\/?p=6428#primaryimage"},"image":{"@id":"https:\/\/infos-droitshumains.net\/?p=6428#primaryimage"},"thumbnailUrl":"https:\/\/i0.wp.com\/infos-droitshumains.net\/wp-content\/uploads\/2023\/01\/IMG-20230124-WA0043_1.jpg?fit=1040%2C605&ssl=1","datePublished":"2023-01-24T14:08:03+00:00","dateModified":"2023-01-24T14:29:31+00:00","breadcrumb":{"@id":"https:\/\/infos-droitshumains.net\/?p=6428#breadcrumb"},"inLanguage":"fr-FR","potentialAction":[{"@type":"ReadAction","target":["https:\/\/infos-droitshumains.net\/?p=6428"]}]},{"@type":"ImageObject","inLanguage":"fr-FR","@id":"https:\/\/infos-droitshumains.net\/?p=6428#primaryimage","url":"https:\/\/i0.wp.com\/infos-droitshumains.net\/wp-content\/uploads\/2023\/01\/IMG-20230124-WA0043_1.jpg?fit=1040%2C605&ssl=1","contentUrl":"https:\/\/i0.wp.com\/infos-droitshumains.net\/wp-content\/uploads\/2023\/01\/IMG-20230124-WA0043_1.jpg?fit=1040%2C605&ssl=1","width":1040,"height":605},{"@type":"BreadcrumbList","@id":"https:\/\/infos-droitshumains.net\/?p=6428#breadcrumb","itemListElement":[{"@type":"ListItem","position":1,"name":"Accueil","item":"https:\/\/infos-droitshumains.net\/"},{"@type":"ListItem","position":2,"name":"Processus de la mise en place de justice transitionnelle en RDC: Le BCNUDH accompagne la commission v\u00e9rit\u00e9, justice et r\u00e9conciliation du Kasa\u00ef central \u00e0 mieux appr\u00e9hender sa mission avant actes"}]},{"@type":"WebSite","@id":"https:\/\/infos-droitshumains.net\/#website","url":"https:\/\/infos-droitshumains.net\/","name":"Infos Droits Humains","description":"S&#039;informer est un droit","publisher":{"@id":"https:\/\/infos-droitshumains.net\/#organization"},"potentialAction":[{"@type":"SearchAction","target":{"@type":"EntryPoint","urlTemplate":"https:\/\/infos-droitshumains.net\/?s={search_term_string}"},"query-input":{"@type":"PropertyValueSpecification","valueRequired":true,"valueName":"search_term_string"}}],"inLanguage":"fr-FR"},{"@type":"Organization","@id":"https:\/\/infos-droitshumains.net\/#organization","name":"Infos Droits Humains","url":"https:\/\/infos-droitshumains.net\/","logo":{"@type":"ImageObject","inLanguage":"fr-FR","@id":"https:\/\/infos-droitshumains.net\/#\/schema\/logo\/image\/","url":"https:\/\/i0.wp.com\/infos-droitshumains.net\/wp-content\/uploads\/2022\/05\/Logo.png?fit=333%2C129&ssl=1","contentUrl":"https:\/\/i0.wp.com\/infos-droitshumains.net\/wp-content\/uploads\/2022\/05\/Logo.png?fit=333%2C129&ssl=1","width":333,"height":129,"caption":"Infos Droits Humains"},"image":{"@id":"https:\/\/infos-droitshumains.net\/#\/schema\/logo\/image\/"}},{"@type":"Person","@id":"https:\/\/infos-droitshumains.net\/#\/schema\/person\/3dc5e921c3302172e0ed4362f96faab7","name":"Jo\u00ebl Diawa","image":{"@type":"ImageObject","inLanguage":"fr-FR","@id":"https:\/\/secure.gravatar.com\/avatar\/729bea6ff4604c624417803c477363be8e3c7186deaa65713313f9b4b820f41c?s=96&d=mm&r=g","url":"https:\/\/secure.gravatar.com\/avatar\/729bea6ff4604c624417803c477363be8e3c7186deaa65713313f9b4b820f41c?s=96&d=mm&r=g","contentUrl":"https:\/\/secure.gravatar.com\/avatar\/729bea6ff4604c624417803c477363be8e3c7186deaa65713313f9b4b820f41c?s=96&d=mm&r=g","caption":"Jo\u00ebl Diawa"},"sameAs":["https:\/\/www.infos-droitshumains.net"],"url":"https:\/\/infos-droitshumains.net\/?author=2"}]}},"featured_image_urls":{"full":["https:\/\/i0.wp.com\/infos-droitshumains.net\/wp-content\/uploads\/2023\/01\/IMG-20230124-WA0043_1.jpg?fit=1040%2C605&ssl=1",1040,605,false],"thumbnail":["https:\/\/i0.wp.com\/infos-droitshumains.net\/wp-content\/uploads\/2023\/01\/IMG-20230124-WA0043_1.jpg?resize=150%2C150&ssl=1",150,150,true],"medium":["https:\/\/i0.wp.com\/infos-droitshumains.net\/wp-content\/uploads\/2023\/01\/IMG-20230124-WA0043_1.jpg?fit=300%2C175&ssl=1",300,175,true],"medium_large":["https:\/\/i0.wp.com\/infos-droitshumains.net\/wp-content\/uploads\/2023\/01\/IMG-20230124-WA0043_1.jpg?fit=640%2C373&ssl=1",640,373,true],"large":["https:\/\/i0.wp.com\/infos-droitshumains.net\/wp-content\/uploads\/2023\/01\/IMG-20230124-WA0043_1.jpg?fit=640%2C373&ssl=1",640,373,true],"1536x1536":["https:\/\/i0.wp.com\/infos-droitshumains.net\/wp-content\/uploads\/2023\/01\/IMG-20230124-WA0043_1.jpg?fit=1040%2C605&ssl=1",1040,605,true],"2048x2048":["https:\/\/i0.wp.com\/infos-droitshumains.net\/wp-content\/uploads\/2023\/01\/IMG-20230124-WA0043_1.jpg?fit=1040%2C605&ssl=1",1040,605,true],"covernews-slider-full":["https:\/\/i0.wp.com\/infos-droitshumains.net\/wp-content\/uploads\/2023\/01\/IMG-20230124-WA0043_1.jpg?resize=1040%2C605&ssl=1",1040,605,true],"covernews-slider-center":["https:\/\/i0.wp.com\/infos-droitshumains.net\/wp-content\/uploads\/2023\/01\/IMG-20230124-WA0043_1.jpg?resize=800%2C500&ssl=1",800,500,true],"covernews-featured":["https:\/\/i0.wp.com\/infos-droitshumains.net\/wp-content\/uploads\/2023\/01\/IMG-20230124-WA0043_1.jpg?fit=1024%2C596&ssl=1",1024,596,true],"covernews-medium":["https:\/\/i0.wp.com\/infos-droitshumains.net\/wp-content\/uploads\/2023\/01\/IMG-20230124-WA0043_1.jpg?resize=540%2C340&ssl=1",540,340,true],"covernews-medium-square":["https:\/\/i0.wp.com\/infos-droitshumains.net\/wp-content\/uploads\/2023\/01\/IMG-20230124-WA0043_1.jpg?resize=400%2C250&ssl=1",400,250,true]},"author_info":{"display_name":"Jo\u00ebl Diawa","author_link":"https:\/\/infos-droitshumains.net\/?author=2"},"category_info":"<a href=\"https:\/\/infos-droitshumains.net\/?cat=7\" rel=\"category\">Droits Humains<\/a>","tag_info":"Droits Humains","comment_count":"0","jetpack_featured_media_url":"https:\/\/i0.wp.com\/infos-droitshumains.net\/wp-content\/uploads\/2023\/01\/IMG-20230124-WA0043_1.jpg?fit=1040%2C605&ssl=1","jetpack-related-posts":[],"jetpack_sharing_enabled":true,"_links":{"self":[{"href":"https:\/\/infos-droitshumains.net\/index.php?rest_route=\/wp\/v2\/posts\/6428","targetHints":{"allow":["GET"]}}],"collection":[{"href":"https:\/\/infos-droitshumains.net\/index.php?rest_route=\/wp\/v2\/posts"}],"about":[{"href":"https:\/\/infos-droitshumains.net\/index.php?rest_route=\/wp\/v2\/types\/post"}],"author":[{"embeddable":true,"href":"https:\/\/infos-droitshumains.net\/index.php?rest_route=\/wp\/v2\/users\/2"}],"replies":[{"embeddable":true,"href":"https:\/\/infos-droitshumains.net\/index.php?rest_route=%2Fwp%2Fv2%2Fcomments&post=6428"}],"version-history":[{"count":6,"href":"https:\/\/infos-droitshumains.net\/index.php?rest_route=\/wp\/v2\/posts\/6428\/revisions"}],"predecessor-version":[{"id":6436,"href":"https:\/\/infos-droitshumains.net\/index.php?rest_route=\/wp\/v2\/posts\/6428\/revisions\/6436"}],"wp:featuredmedia":[{"embeddable":true,"href":"https:\/\/infos-droitshumains.net\/index.php?rest_route=\/wp\/v2\/media\/6431"}],"wp:attachment":[{"href":"https:\/\/infos-droitshumains.net\/index.php?rest_route=%2Fwp%2Fv2%2Fmedia&parent=6428"}],"wp:term":[{"taxonomy":"category","embeddable":true,"href":"https:\/\/infos-droitshumains.net\/index.php?rest_route=%2Fwp%2Fv2%2Fcategories&post=6428"},{"taxonomy":"post_tag","embeddable":true,"href":"https:\/\/infos-droitshumains.net\/index.php?rest_route=%2Fwp%2Fv2%2Ftags&post=6428"}],"curies":[{"name":"wp","href":"https:\/\/api.w.org\/{rel}","templated":true}]}}