{"id":6422,"date":"2023-01-23T19:25:02","date_gmt":"2023-01-23T18:25:02","guid":{"rendered":"https:\/\/infos-droitshumains.net\/?p=6422"},"modified":"2023-01-23T19:29:29","modified_gmt":"2023-01-23T18:29:29","slug":"situation-securitaire-et-humanitaire-a-kabambare-une-forte-delegation-de-la-province-du-maniema-chez-puela-pour-des-solutions-idoines","status":"publish","type":"post","link":"https:\/\/infos-droitshumains.net\/?p=6422","title":{"rendered":"Situation s\u00e9curitaire et humanitaire \u00e0 Kabambare: Une forte d\u00e9l\u00e9gation de la province du Maniema chez Puela pour des solutions idoines"},"content":{"rendered":"\n<p><strong>R\u00e9daction :+243817406088<\/strong><\/p>\n\n\n\n<p>Chaque jour qui passe, la situation s\u00e9curitaire et humanitaire dans le territoire de Kabambare dans la province du Maniema se d\u00e9t\u00e9riore d\u2019avantage. En vue d\u2019en trouver des solutions idoines, le ministre des Droits Humains, Albert-Fabrice Puela a re\u00e7u ce lundi 23 janvier, une forte d\u00e9l\u00e9gation compos\u00e9e des d\u00e9put\u00e9s nationaux, provinciaux et des s\u00e9nateurs de ce coin du pays conduite par l&rsquo;ancien premier ministre&nbsp; et s\u00e9nateur Augustin Matata Mponyo Mapon.<\/p>\n\n\n\n<p>Devant ses invit\u00e9s, le Ministre des Droits Humains dit \u00eatre pr\u00e9occup\u00e9 au plus haut point des violences caus\u00e9es par le groupe Ma\u00ef-Ma\u00ef contre la population.&nbsp;<\/p>\n\n\n\n<p>Juste apr\u00e8s, Albert-Fabrice Puela s&rsquo;est \u00e9galement entretenu sur le m\u00eame sujet avec David Muzizi&nbsp; et Mireille Safalani respectivement notable de Kabambare et&nbsp; pr\u00e9sidente nationale de l&rsquo;association <em>\u00ab&nbsp;Avant tout, le Congo&nbsp;\u00bb<\/em> et femme leader du Maniema.<\/p>\n\n\n\n<p>Ces deux leaders de la province du Maniema ont, \u00e0 l&rsquo;occasion, recommand\u00e9 \u00e0 l&rsquo;Etat congolais d&rsquo;imposer la paix dans cette contr\u00e9e de la RDC sans toute n\u00e9gociation avec ce groupe n\u00e9gatif. Ils ont en outre encourag\u00e9 le Vice-Premier Ministre, Ministre de l&rsquo;int\u00e9rieur, le ministre des Droits Humains ainsi que celui de la d\u00e9fense \u00e0 se rendre sur terrain pour rassurer la population de ce territoire qui se sent abandonn\u00e9e \u00e0 son triste sort.<\/p>\n\n\n\n<p>Rappelons qu&rsquo;aussit\u00f4t inform\u00e9,&nbsp; le Ministre des Droits humains a publi\u00e9 un communiqu\u00e9 dans lequel il a condamn\u00e9 avec fermet\u00e9 les actes de torture et des violences perp\u00e9tr\u00e9s par des groupes non autrement identifi\u00e9s \u00e0 Salamabila dans le territoire de Kabambare contre des paisibles citoyens,&nbsp; sans d\u00e9fense.<\/p>\n\n\n\n<p>Chantal Kabasua<\/p>\n","protected":false},"excerpt":{"rendered":"<p>R\u00e9daction :+243817406088 Chaque jour qui passe, la situation s\u00e9curitaire et humanitaire dans le territoire de&#8230;<\/p>\n","protected":false},"author":2,"featured_media":6425,"comment_status":"open","ping_status":"open","sticky":false,"template":"","format":"standard","meta":{"_jetpack_memberships_contains_paid_content":false,"footnotes":""},"categories":[7],"tags":[],"class_list":["post-6422","post","type-post","status-publish","format-standard","has-post-thumbnail","hentry","category-droits-humains"],"yoast_head":"<!-- This site is optimized with the Yoast SEO plugin v27.5 - https:\/\/yoast.com\/product\/yoast-seo-wordpress\/ -->\n<title>Situation s\u00e9curitaire et humanitaire \u00e0 Kabambare: Une forte d\u00e9l\u00e9gation de la province du Maniema chez Puela pour des solutions idoines - Infos Droits Humains<\/title>\n<meta name=\"robots\" content=\"index, follow, max-snippet:-1, max-image-preview:large, max-video-preview:-1\" \/>\n<link rel=\"canonical\" href=\"https:\/\/infos-droitshumains.net\/?p=6422\" \/>\n<meta property=\"og:locale\" content=\"fr_FR\" \/>\n<meta property=\"og:type\" content=\"article\" \/>\n<meta property=\"og:title\" content=\"Situation s\u00e9curitaire et humanitaire \u00e0 Kabambare: Une forte d\u00e9l\u00e9gation de la province du Maniema chez Puela pour des solutions idoines - Infos Droits Humains\" \/>\n<meta property=\"og:description\" content=\"R\u00e9daction :+243817406088 Chaque jour qui passe, la situation s\u00e9curitaire et humanitaire dans le territoire de...\" \/>\n<meta property=\"og:url\" content=\"https:\/\/infos-droitshumains.net\/?p=6422\" \/>\n<meta property=\"og:site_name\" content=\"Infos Droits Humains\" \/>\n<meta property=\"article:published_time\" content=\"2023-01-23T18:25:02+00:00\" \/>\n<meta property=\"article:modified_time\" content=\"2023-01-23T18:29:29+00:00\" \/>\n<meta property=\"og:image\" content=\"https:\/\/i0.wp.com\/infos-droitshumains.net\/wp-content\/uploads\/2023\/01\/IMG-20230123-WA0036_1.jpg?fit=1080%2C720&ssl=1\" \/>\n\t<meta property=\"og:image:width\" content=\"1080\" \/>\n\t<meta property=\"og:image:height\" content=\"720\" \/>\n\t<meta property=\"og:image:type\" content=\"image\/jpeg\" \/>\n<meta name=\"author\" content=\"Jo\u00ebl Diawa\" \/>\n<meta name=\"twitter:card\" content=\"summary_large_image\" \/>\n<meta name=\"twitter:label1\" content=\"\u00c9crit par\" \/>\n\t<meta name=\"twitter:data1\" content=\"Jo\u00ebl Diawa\" \/>\n\t<meta name=\"twitter:label2\" content=\"Dur\u00e9e de lecture estim\u00e9e\" \/>\n\t<meta name=\"twitter:data2\" content=\"1 minute\" \/>\n<script type=\"application\/ld+json\" class=\"yoast-schema-graph\">{\"@context\":\"https:\\\/\\\/schema.org\",\"@graph\":[{\"@type\":\"Article\",\"@id\":\"https:\\\/\\\/infos-droitshumains.net\\\/?p=6422#article\",\"isPartOf\":{\"@id\":\"https:\\\/\\\/infos-droitshumains.net\\\/?p=6422\"},\"author\":{\"name\":\"Jo\u00ebl Diawa\",\"@id\":\"https:\\\/\\\/infos-droitshumains.net\\\/#\\\/schema\\\/person\\\/3dc5e921c3302172e0ed4362f96faab7\"},\"headline\":\"Situation s\u00e9curitaire et humanitaire \u00e0 Kabambare: Une forte d\u00e9l\u00e9gation de la province du Maniema chez Puela pour des solutions idoines\",\"datePublished\":\"2023-01-23T18:25:02+00:00\",\"dateModified\":\"2023-01-23T18:29:29+00:00\",\"mainEntityOfPage\":{\"@id\":\"https:\\\/\\\/infos-droitshumains.net\\\/?p=6422\"},\"wordCount\":307,\"commentCount\":0,\"publisher\":{\"@id\":\"https:\\\/\\\/infos-droitshumains.net\\\/#organization\"},\"image\":{\"@id\":\"https:\\\/\\\/infos-droitshumains.net\\\/?p=6422#primaryimage\"},\"thumbnailUrl\":\"https:\\\/\\\/i0.wp.com\\\/infos-droitshumains.net\\\/wp-content\\\/uploads\\\/2023\\\/01\\\/IMG-20230123-WA0036_1.jpg?fit=1080%2C720&ssl=1\",\"articleSection\":[\"Droits Humains\"],\"inLanguage\":\"fr-FR\",\"potentialAction\":[{\"@type\":\"CommentAction\",\"name\":\"Comment\",\"target\":[\"https:\\\/\\\/infos-droitshumains.net\\\/?p=6422#respond\"]}]},{\"@type\":\"WebPage\",\"@id\":\"https:\\\/\\\/infos-droitshumains.net\\\/?p=6422\",\"url\":\"https:\\\/\\\/infos-droitshumains.net\\\/?p=6422\",\"name\":\"Situation s\u00e9curitaire et humanitaire \u00e0 Kabambare: Une forte d\u00e9l\u00e9gation de la province du Maniema chez Puela pour des solutions idoines - Infos Droits Humains\",\"isPartOf\":{\"@id\":\"https:\\\/\\\/infos-droitshumains.net\\\/#website\"},\"primaryImageOfPage\":{\"@id\":\"https:\\\/\\\/infos-droitshumains.net\\\/?p=6422#primaryimage\"},\"image\":{\"@id\":\"https:\\\/\\\/infos-droitshumains.net\\\/?p=6422#primaryimage\"},\"thumbnailUrl\":\"https:\\\/\\\/i0.wp.com\\\/infos-droitshumains.net\\\/wp-content\\\/uploads\\\/2023\\\/01\\\/IMG-20230123-WA0036_1.jpg?fit=1080%2C720&ssl=1\",\"datePublished\":\"2023-01-23T18:25:02+00:00\",\"dateModified\":\"2023-01-23T18:29:29+00:00\",\"breadcrumb\":{\"@id\":\"https:\\\/\\\/infos-droitshumains.net\\\/?p=6422#breadcrumb\"},\"inLanguage\":\"fr-FR\",\"potentialAction\":[{\"@type\":\"ReadAction\",\"target\":[\"https:\\\/\\\/infos-droitshumains.net\\\/?p=6422\"]}]},{\"@type\":\"ImageObject\",\"inLanguage\":\"fr-FR\",\"@id\":\"https:\\\/\\\/infos-droitshumains.net\\\/?p=6422#primaryimage\",\"url\":\"https:\\\/\\\/i0.wp.com\\\/infos-droitshumains.net\\\/wp-content\\\/uploads\\\/2023\\\/01\\\/IMG-20230123-WA0036_1.jpg?fit=1080%2C720&ssl=1\",\"contentUrl\":\"https:\\\/\\\/i0.wp.com\\\/infos-droitshumains.net\\\/wp-content\\\/uploads\\\/2023\\\/01\\\/IMG-20230123-WA0036_1.jpg?fit=1080%2C720&ssl=1\",\"width\":1080,\"height\":720},{\"@type\":\"BreadcrumbList\",\"@id\":\"https:\\\/\\\/infos-droitshumains.net\\\/?p=6422#breadcrumb\",\"itemListElement\":[{\"@type\":\"ListItem\",\"position\":1,\"name\":\"Accueil\",\"item\":\"https:\\\/\\\/infos-droitshumains.net\\\/\"},{\"@type\":\"ListItem\",\"position\":2,\"name\":\"Situation s\u00e9curitaire et humanitaire \u00e0 Kabambare: Une forte d\u00e9l\u00e9gation de la province du Maniema chez Puela pour des solutions idoines\"}]},{\"@type\":\"WebSite\",\"@id\":\"https:\\\/\\\/infos-droitshumains.net\\\/#website\",\"url\":\"https:\\\/\\\/infos-droitshumains.net\\\/\",\"name\":\"Infos Droits Humains\",\"description\":\"S&#039;informer est un droit\",\"publisher\":{\"@id\":\"https:\\\/\\\/infos-droitshumains.net\\\/#organization\"},\"potentialAction\":[{\"@type\":\"SearchAction\",\"target\":{\"@type\":\"EntryPoint\",\"urlTemplate\":\"https:\\\/\\\/infos-droitshumains.net\\\/?s={search_term_string}\"},\"query-input\":{\"@type\":\"PropertyValueSpecification\",\"valueRequired\":true,\"valueName\":\"search_term_string\"}}],\"inLanguage\":\"fr-FR\"},{\"@type\":\"Organization\",\"@id\":\"https:\\\/\\\/infos-droitshumains.net\\\/#organization\",\"name\":\"Infos Droits Humains\",\"url\":\"https:\\\/\\\/infos-droitshumains.net\\\/\",\"logo\":{\"@type\":\"ImageObject\",\"inLanguage\":\"fr-FR\",\"@id\":\"https:\\\/\\\/infos-droitshumains.net\\\/#\\\/schema\\\/logo\\\/image\\\/\",\"url\":\"https:\\\/\\\/i0.wp.com\\\/infos-droitshumains.net\\\/wp-content\\\/uploads\\\/2022\\\/05\\\/Logo.png?fit=333%2C129&ssl=1\",\"contentUrl\":\"https:\\\/\\\/i0.wp.com\\\/infos-droitshumains.net\\\/wp-content\\\/uploads\\\/2022\\\/05\\\/Logo.png?fit=333%2C129&ssl=1\",\"width\":333,\"height\":129,\"caption\":\"Infos Droits Humains\"},\"image\":{\"@id\":\"https:\\\/\\\/infos-droitshumains.net\\\/#\\\/schema\\\/logo\\\/image\\\/\"}},{\"@type\":\"Person\",\"@id\":\"https:\\\/\\\/infos-droitshumains.net\\\/#\\\/schema\\\/person\\\/3dc5e921c3302172e0ed4362f96faab7\",\"name\":\"Jo\u00ebl Diawa\",\"image\":{\"@type\":\"ImageObject\",\"inLanguage\":\"fr-FR\",\"@id\":\"https:\\\/\\\/secure.gravatar.com\\\/avatar\\\/729bea6ff4604c624417803c477363be8e3c7186deaa65713313f9b4b820f41c?s=96&d=mm&r=g\",\"url\":\"https:\\\/\\\/secure.gravatar.com\\\/avatar\\\/729bea6ff4604c624417803c477363be8e3c7186deaa65713313f9b4b820f41c?s=96&d=mm&r=g\",\"contentUrl\":\"https:\\\/\\\/secure.gravatar.com\\\/avatar\\\/729bea6ff4604c624417803c477363be8e3c7186deaa65713313f9b4b820f41c?s=96&d=mm&r=g\",\"caption\":\"Jo\u00ebl Diawa\"},\"sameAs\":[\"https:\\\/\\\/www.infos-droitshumains.net\"],\"url\":\"https:\\\/\\\/infos-droitshumains.net\\\/?author=2\"}]}<\/script>\n<!-- \/ Yoast SEO plugin. -->","yoast_head_json":{"title":"Situation s\u00e9curitaire et humanitaire \u00e0 Kabambare: Une forte d\u00e9l\u00e9gation de la province du Maniema chez Puela pour des solutions idoines - Infos Droits Humains","robots":{"index":"index","follow":"follow","max-snippet":"max-snippet:-1","max-image-preview":"max-image-preview:large","max-video-preview":"max-video-preview:-1"},"canonical":"https:\/\/infos-droitshumains.net\/?p=6422","og_locale":"fr_FR","og_type":"article","og_title":"Situation s\u00e9curitaire et humanitaire \u00e0 Kabambare: Une forte d\u00e9l\u00e9gation de la province du Maniema chez Puela pour des solutions idoines - Infos Droits Humains","og_description":"R\u00e9daction :+243817406088 Chaque jour qui passe, la situation s\u00e9curitaire et humanitaire dans le territoire de...","og_url":"https:\/\/infos-droitshumains.net\/?p=6422","og_site_name":"Infos Droits Humains","article_published_time":"2023-01-23T18:25:02+00:00","article_modified_time":"2023-01-23T18:29:29+00:00","og_image":[{"width":1080,"height":720,"url":"https:\/\/i0.wp.com\/infos-droitshumains.net\/wp-content\/uploads\/2023\/01\/IMG-20230123-WA0036_1.jpg?fit=1080%2C720&ssl=1","type":"image\/jpeg"}],"author":"Jo\u00ebl Diawa","twitter_card":"summary_large_image","twitter_misc":{"\u00c9crit par":"Jo\u00ebl Diawa","Dur\u00e9e de lecture estim\u00e9e":"1 minute"},"schema":{"@context":"https:\/\/schema.org","@graph":[{"@type":"Article","@id":"https:\/\/infos-droitshumains.net\/?p=6422#article","isPartOf":{"@id":"https:\/\/infos-droitshumains.net\/?p=6422"},"author":{"name":"Jo\u00ebl Diawa","@id":"https:\/\/infos-droitshumains.net\/#\/schema\/person\/3dc5e921c3302172e0ed4362f96faab7"},"headline":"Situation s\u00e9curitaire et humanitaire \u00e0 Kabambare: Une forte d\u00e9l\u00e9gation de la province du Maniema chez Puela pour des solutions idoines","datePublished":"2023-01-23T18:25:02+00:00","dateModified":"2023-01-23T18:29:29+00:00","mainEntityOfPage":{"@id":"https:\/\/infos-droitshumains.net\/?p=6422"},"wordCount":307,"commentCount":0,"publisher":{"@id":"https:\/\/infos-droitshumains.net\/#organization"},"image":{"@id":"https:\/\/infos-droitshumains.net\/?p=6422#primaryimage"},"thumbnailUrl":"https:\/\/i0.wp.com\/infos-droitshumains.net\/wp-content\/uploads\/2023\/01\/IMG-20230123-WA0036_1.jpg?fit=1080%2C720&ssl=1","articleSection":["Droits Humains"],"inLanguage":"fr-FR","potentialAction":[{"@type":"CommentAction","name":"Comment","target":["https:\/\/infos-droitshumains.net\/?p=6422#respond"]}]},{"@type":"WebPage","@id":"https:\/\/infos-droitshumains.net\/?p=6422","url":"https:\/\/infos-droitshumains.net\/?p=6422","name":"Situation s\u00e9curitaire et humanitaire \u00e0 Kabambare: Une forte d\u00e9l\u00e9gation de la province du Maniema chez Puela pour des solutions idoines - Infos Droits Humains","isPartOf":{"@id":"https:\/\/infos-droitshumains.net\/#website"},"primaryImageOfPage":{"@id":"https:\/\/infos-droitshumains.net\/?p=6422#primaryimage"},"image":{"@id":"https:\/\/infos-droitshumains.net\/?p=6422#primaryimage"},"thumbnailUrl":"https:\/\/i0.wp.com\/infos-droitshumains.net\/wp-content\/uploads\/2023\/01\/IMG-20230123-WA0036_1.jpg?fit=1080%2C720&ssl=1","datePublished":"2023-01-23T18:25:02+00:00","dateModified":"2023-01-23T18:29:29+00:00","breadcrumb":{"@id":"https:\/\/infos-droitshumains.net\/?p=6422#breadcrumb"},"inLanguage":"fr-FR","potentialAction":[{"@type":"ReadAction","target":["https:\/\/infos-droitshumains.net\/?p=6422"]}]},{"@type":"ImageObject","inLanguage":"fr-FR","@id":"https:\/\/infos-droitshumains.net\/?p=6422#primaryimage","url":"https:\/\/i0.wp.com\/infos-droitshumains.net\/wp-content\/uploads\/2023\/01\/IMG-20230123-WA0036_1.jpg?fit=1080%2C720&ssl=1","contentUrl":"https:\/\/i0.wp.com\/infos-droitshumains.net\/wp-content\/uploads\/2023\/01\/IMG-20230123-WA0036_1.jpg?fit=1080%2C720&ssl=1","width":1080,"height":720},{"@type":"BreadcrumbList","@id":"https:\/\/infos-droitshumains.net\/?p=6422#breadcrumb","itemListElement":[{"@type":"ListItem","position":1,"name":"Accueil","item":"https:\/\/infos-droitshumains.net\/"},{"@type":"ListItem","position":2,"name":"Situation s\u00e9curitaire et humanitaire \u00e0 Kabambare: Une forte d\u00e9l\u00e9gation de la province du Maniema chez Puela pour des solutions idoines"}]},{"@type":"WebSite","@id":"https:\/\/infos-droitshumains.net\/#website","url":"https:\/\/infos-droitshumains.net\/","name":"Infos Droits Humains","description":"S&#039;informer est un droit","publisher":{"@id":"https:\/\/infos-droitshumains.net\/#organization"},"potentialAction":[{"@type":"SearchAction","target":{"@type":"EntryPoint","urlTemplate":"https:\/\/infos-droitshumains.net\/?s={search_term_string}"},"query-input":{"@type":"PropertyValueSpecification","valueRequired":true,"valueName":"search_term_string"}}],"inLanguage":"fr-FR"},{"@type":"Organization","@id":"https:\/\/infos-droitshumains.net\/#organization","name":"Infos Droits Humains","url":"https:\/\/infos-droitshumains.net\/","logo":{"@type":"ImageObject","inLanguage":"fr-FR","@id":"https:\/\/infos-droitshumains.net\/#\/schema\/logo\/image\/","url":"https:\/\/i0.wp.com\/infos-droitshumains.net\/wp-content\/uploads\/2022\/05\/Logo.png?fit=333%2C129&ssl=1","contentUrl":"https:\/\/i0.wp.com\/infos-droitshumains.net\/wp-content\/uploads\/2022\/05\/Logo.png?fit=333%2C129&ssl=1","width":333,"height":129,"caption":"Infos Droits Humains"},"image":{"@id":"https:\/\/infos-droitshumains.net\/#\/schema\/logo\/image\/"}},{"@type":"Person","@id":"https:\/\/infos-droitshumains.net\/#\/schema\/person\/3dc5e921c3302172e0ed4362f96faab7","name":"Jo\u00ebl Diawa","image":{"@type":"ImageObject","inLanguage":"fr-FR","@id":"https:\/\/secure.gravatar.com\/avatar\/729bea6ff4604c624417803c477363be8e3c7186deaa65713313f9b4b820f41c?s=96&d=mm&r=g","url":"https:\/\/secure.gravatar.com\/avatar\/729bea6ff4604c624417803c477363be8e3c7186deaa65713313f9b4b820f41c?s=96&d=mm&r=g","contentUrl":"https:\/\/secure.gravatar.com\/avatar\/729bea6ff4604c624417803c477363be8e3c7186deaa65713313f9b4b820f41c?s=96&d=mm&r=g","caption":"Jo\u00ebl Diawa"},"sameAs":["https:\/\/www.infos-droitshumains.net"],"url":"https:\/\/infos-droitshumains.net\/?author=2"}]}},"featured_image_urls":{"full":["https:\/\/i0.wp.com\/infos-droitshumains.net\/wp-content\/uploads\/2023\/01\/IMG-20230123-WA0036_1.jpg?fit=1080%2C720&ssl=1",1080,720,false],"thumbnail":["https:\/\/i0.wp.com\/infos-droitshumains.net\/wp-content\/uploads\/2023\/01\/IMG-20230123-WA0036_1.jpg?resize=150%2C150&ssl=1",150,150,true],"medium":["https:\/\/i0.wp.com\/infos-droitshumains.net\/wp-content\/uploads\/2023\/01\/IMG-20230123-WA0036_1.jpg?fit=300%2C200&ssl=1",300,200,true],"medium_large":["https:\/\/i0.wp.com\/infos-droitshumains.net\/wp-content\/uploads\/2023\/01\/IMG-20230123-WA0036_1.jpg?fit=640%2C427&ssl=1",640,427,true],"large":["https:\/\/i0.wp.com\/infos-droitshumains.net\/wp-content\/uploads\/2023\/01\/IMG-20230123-WA0036_1.jpg?fit=640%2C427&ssl=1",640,427,true],"1536x1536":["https:\/\/i0.wp.com\/infos-droitshumains.net\/wp-content\/uploads\/2023\/01\/IMG-20230123-WA0036_1.jpg?fit=1080%2C720&ssl=1",1080,720,true],"2048x2048":["https:\/\/i0.wp.com\/infos-droitshumains.net\/wp-content\/uploads\/2023\/01\/IMG-20230123-WA0036_1.jpg?fit=1080%2C720&ssl=1",1080,720,true],"covernews-slider-full":["https:\/\/i0.wp.com\/infos-droitshumains.net\/wp-content\/uploads\/2023\/01\/IMG-20230123-WA0036_1.jpg?resize=1080%2C715&ssl=1",1080,715,true],"covernews-slider-center":["https:\/\/i0.wp.com\/infos-droitshumains.net\/wp-content\/uploads\/2023\/01\/IMG-20230123-WA0036_1.jpg?resize=800%2C500&ssl=1",800,500,true],"covernews-featured":["https:\/\/i0.wp.com\/infos-droitshumains.net\/wp-content\/uploads\/2023\/01\/IMG-20230123-WA0036_1.jpg?fit=1024%2C683&ssl=1",1024,683,true],"covernews-medium":["https:\/\/i0.wp.com\/infos-droitshumains.net\/wp-content\/uploads\/2023\/01\/IMG-20230123-WA0036_1.jpg?resize=540%2C340&ssl=1",540,340,true],"covernews-medium-square":["https:\/\/i0.wp.com\/infos-droitshumains.net\/wp-content\/uploads\/2023\/01\/IMG-20230123-WA0036_1.jpg?resize=400%2C250&ssl=1",400,250,true]},"author_info":{"display_name":"Jo\u00ebl Diawa","author_link":"https:\/\/infos-droitshumains.net\/?author=2"},"category_info":"<a href=\"https:\/\/infos-droitshumains.net\/?cat=7\" rel=\"category\">Droits Humains<\/a>","tag_info":"Droits Humains","comment_count":"0","jetpack_featured_media_url":"https:\/\/i0.wp.com\/infos-droitshumains.net\/wp-content\/uploads\/2023\/01\/IMG-20230123-WA0036_1.jpg?fit=1080%2C720&ssl=1","jetpack-related-posts":[],"jetpack_sharing_enabled":true,"_links":{"self":[{"href":"https:\/\/infos-droitshumains.net\/index.php?rest_route=\/wp\/v2\/posts\/6422","targetHints":{"allow":["GET"]}}],"collection":[{"href":"https:\/\/infos-droitshumains.net\/index.php?rest_route=\/wp\/v2\/posts"}],"about":[{"href":"https:\/\/infos-droitshumains.net\/index.php?rest_route=\/wp\/v2\/types\/post"}],"author":[{"embeddable":true,"href":"https:\/\/infos-droitshumains.net\/index.php?rest_route=\/wp\/v2\/users\/2"}],"replies":[{"embeddable":true,"href":"https:\/\/infos-droitshumains.net\/index.php?rest_route=%2Fwp%2Fv2%2Fcomments&post=6422"}],"version-history":[{"count":3,"href":"https:\/\/infos-droitshumains.net\/index.php?rest_route=\/wp\/v2\/posts\/6422\/revisions"}],"predecessor-version":[{"id":6426,"href":"https:\/\/infos-droitshumains.net\/index.php?rest_route=\/wp\/v2\/posts\/6422\/revisions\/6426"}],"wp:featuredmedia":[{"embeddable":true,"href":"https:\/\/infos-droitshumains.net\/index.php?rest_route=\/wp\/v2\/media\/6425"}],"wp:attachment":[{"href":"https:\/\/infos-droitshumains.net\/index.php?rest_route=%2Fwp%2Fv2%2Fmedia&parent=6422"}],"wp:term":[{"taxonomy":"category","embeddable":true,"href":"https:\/\/infos-droitshumains.net\/index.php?rest_route=%2Fwp%2Fv2%2Fcategories&post=6422"},{"taxonomy":"post_tag","embeddable":true,"href":"https:\/\/infos-droitshumains.net\/index.php?rest_route=%2Fwp%2Fv2%2Ftags&post=6422"}],"curies":[{"name":"wp","href":"https:\/\/api.w.org\/{rel}","templated":true}]}}