{"id":6394,"date":"2023-01-22T13:41:19","date_gmt":"2023-01-22T12:41:19","guid":{"rendered":"https:\/\/infos-droitshumains.net\/?p=6394"},"modified":"2023-01-22T14:06:29","modified_gmt":"2023-01-22T13:06:29","slug":"rdc-le-ministere-des-affaires-foncieres-a-enregistre-un-accroissement-de-lordre-de-60-des-recettes-mobilisees-au-premier-semestre-2022-aime-sakombi-molendo","status":"publish","type":"post","link":"https:\/\/infos-droitshumains.net\/?p=6394","title":{"rendered":"RDC\u00a0: Le minist\u00e8re des affaires fonci\u00e8res a enregistr\u00e9 un accroissement de l\u2019ordre de 60% des recettes mobilis\u00e9es au premier semestre 2022. (Aim\u00e9 Sakombi Molendo)"},"content":{"rendered":"\n<p><strong>R\u00e9daction :+243817406088<\/strong><\/p>\n\n\n\n<p>Cette annonce a \u00e9t\u00e9 faite par le ministre des affaires fonci\u00e8res en pr\u00e9sences des agents et cadres de l\u2019administration fonci\u00e8re venus de toutes les 26 provinces et les membres de son cabinet \u00e0 l\u2019occasion de la c\u00e9r\u00e9monie d\u2019\u00e9change des v\u0153ux organis\u00e9 le samedi 21 janvier2023 \u00e0 Kinshasa.<\/p>\n\n\n\n<figure class=\"wp-block-image alignfull size-full\"><img data-recalc-dims=\"1\" fetchpriority=\"high\" decoding=\"async\" width=\"640\" height=\"427\" src=\"https:\/\/i0.wp.com\/infos-droitshumains.net\/wp-content\/uploads\/2023\/01\/IMG-20230122-WA0006_1.jpg?resize=640%2C427&#038;ssl=1\" alt=\"\" class=\"wp-image-6398\" srcset=\"https:\/\/i0.wp.com\/infos-droitshumains.net\/wp-content\/uploads\/2023\/01\/IMG-20230122-WA0006_1.jpg?w=920&amp;ssl=1 920w, https:\/\/i0.wp.com\/infos-droitshumains.net\/wp-content\/uploads\/2023\/01\/IMG-20230122-WA0006_1.jpg?resize=300%2C200&amp;ssl=1 300w, https:\/\/i0.wp.com\/infos-droitshumains.net\/wp-content\/uploads\/2023\/01\/IMG-20230122-WA0006_1.jpg?resize=768%2C513&amp;ssl=1 768w\" sizes=\"(max-width: 640px) 100vw, 640px\" \/><\/figure>\n\n\n\n<figure class=\"wp-block-image alignfull size-full\"><img data-recalc-dims=\"1\" decoding=\"async\" width=\"640\" height=\"427\" src=\"https:\/\/i0.wp.com\/infos-droitshumains.net\/wp-content\/uploads\/2023\/01\/IMG-20230122-WA0027_2.jpg?resize=640%2C427&#038;ssl=1\" alt=\"\" class=\"wp-image-6414\" srcset=\"https:\/\/i0.wp.com\/infos-droitshumains.net\/wp-content\/uploads\/2023\/01\/IMG-20230122-WA0027_2.jpg?w=920&amp;ssl=1 920w, https:\/\/i0.wp.com\/infos-droitshumains.net\/wp-content\/uploads\/2023\/01\/IMG-20230122-WA0027_2.jpg?resize=300%2C200&amp;ssl=1 300w, https:\/\/i0.wp.com\/infos-droitshumains.net\/wp-content\/uploads\/2023\/01\/IMG-20230122-WA0027_2.jpg?resize=768%2C513&amp;ssl=1 768w\" sizes=\"(max-width: 640px) 100vw, 640px\" \/><\/figure>\n\n\n\n<p><em>\u00ab\u00a0Apr\u00e8s 2021 qui avait \u00e9t\u00e9 marqu\u00e9e par la validation du Document de Politique fonci\u00e8re nationale, la post\u00e9rit\u00e9 retiendra que 2022 a \u00e9t\u00e9 l\u2019ann\u00e9e de la Nouvelle Loi fonci\u00e8re qui a pass\u00e9 tous les caps pour sa validation, avant d\u2019\u00eatre d\u00e9fendu devant la repr\u00e9sentation nationale qui l\u2019a re\u00e7u avec acclamation. C\u2019est pour moi, \u00e0 titre personnel, une joie immense d\u2019avoir tir\u00e9, sous l\u2019impulsion du Pr\u00e9sident de la R\u00e9publique, Chef de l\u2019\u00c9tat, Son Excellence Monsieur F\u00e9lix Antoine Tshisekedi Tshilombo, et l\u2019accompagnement du Premier ministre Son\u00a0 Excellence Monsieur Jean-Michel Sama Lukonde la R\u00e9forme de la Loi fonci\u00e8re 73-021 du 20 juillet 1973, de la torpeur dans laquelle elle gisait. Nous l\u2019avons port\u00e9e jusqu\u2019\u00e0 son pinacle \u00e0 l\u2019Assembl\u00e9e Nationale, qui a r\u00e9v\u00e9l\u00e9 l\u2019immense int\u00e9r\u00eat du peuple congolais pour cette Nouvelle Loi, et ses nombreuses attentes\u00a0\u00bb<\/em>, a dit Aim\u00e9 Sakombi Molendo.<\/p>\n\n\n\n<p>Parmi les innovations contenues dans cette nouvelle loi, il y a une disposition qui \u00e9tablit &nbsp;la responsabilit\u00e9 civile et p\u00e9nale des Conservateurs des Titres Immobiliers, des Chefs de Division Cadastre et autres agents de l\u2019administration fonci\u00e8re. Pour le ministre, cette disposition &nbsp;est un <em>\u00ab&nbsp;verrou&nbsp;<\/em> <em>important<\/em>&nbsp;\u00bb au coulage des recettes est aussi un <em>\u00ab&nbsp;vecteur essentiel&nbsp;\u00bb<\/em> de <em>\u00ab&nbsp;paix sociale&nbsp;\u00bb<\/em>. Il a \u00e0 cet effet, invit\u00e9 les agents de l\u2019administration fonci\u00e8re \u00e0 <em>\u00ab reconna\u00eetre&nbsp;\u00bb<\/em> leur <em>\u00ab&nbsp;part de responsabilit\u00e9 dans l\u2019explosion des conflits fonciers qui engorgent aujourd\u2019hui encore, les Cours et Tribunaux&nbsp;\u00bb<\/em>.<\/p>\n\n\n\n<p><em>\u00ab&nbsp;Mettre fin aux conflits fonciers et r\u00e9tablir la paix sociale est une instruction expresse du Chef de l\u2019Etat que je dois faire respecter. Critiquer cette disposition, consisterait en un aveu de culpabilit\u00e9&nbsp;\u00bb<\/em>, a-t-il rench\u00e9ri.<\/p>\n\n\n\n<p>Le patron des affaires fonci\u00e8res s\u2019est aussi f\u00e9licit\u00e9 des performances r\u00e9alis\u00e9es par son minist\u00e8re dans la&nbsp; mobilisation des recettes durant l\u2019exercice 2022&nbsp;; plus particuli\u00e8rement au premier semestre o\u00f9 les recettes mobilis\u00e9es ont d\u00e9pass\u00e9es celles des ann\u00e9es 2018, 2019 et 2020 cumul\u00e9es.<\/p>\n\n\n\n<figure class=\"wp-block-image size-full\"><img data-recalc-dims=\"1\" decoding=\"async\" width=\"640\" height=\"427\" src=\"https:\/\/i0.wp.com\/infos-droitshumains.net\/wp-content\/uploads\/2023\/01\/IMG-20230122-WA0021_1.jpg?resize=640%2C427&#038;ssl=1\" alt=\"\" class=\"wp-image-6405\" srcset=\"https:\/\/i0.wp.com\/infos-droitshumains.net\/wp-content\/uploads\/2023\/01\/IMG-20230122-WA0021_1.jpg?w=920&amp;ssl=1 920w, https:\/\/i0.wp.com\/infos-droitshumains.net\/wp-content\/uploads\/2023\/01\/IMG-20230122-WA0021_1.jpg?resize=300%2C200&amp;ssl=1 300w, https:\/\/i0.wp.com\/infos-droitshumains.net\/wp-content\/uploads\/2023\/01\/IMG-20230122-WA0021_1.jpg?resize=768%2C513&amp;ssl=1 768w\" sizes=\"(max-width: 640px) 100vw, 640px\" \/><\/figure>\n\n\n\n<p><em>\u00ab&nbsp;Depuis mon av\u00e8nement \u00e0 la t\u00eate de ce Minist\u00e8re des Affaires fonci\u00e8res, la maximisation des recettes a \u00e9t\u00e9 consacr\u00e9e comme l\u2019objectif prioritaire. C\u2019est ainsi que nous avons sensiblement am\u00e9lior\u00e9 nos capacit\u00e9s de mobilisation des recettes. De 2019 au 30 juin 2022, les recettes mobilis\u00e9es par les affaires fonci\u00e8res sont pass\u00e9es de 13 633 890,97USD en 2019 \u00e0 21 790 682, 58 USD au premier semestre 2022 ; soit un accroissement de l\u2019ordre de 60%. Il sied de noter que les recettes mobilis\u00e9es au premier semestre 2022, sont sup\u00e9rieures \u00e0 celles mobilis\u00e9es sur l\u2019ensemble de l\u2019ann\u00e9e 2021, et surpassent celles cumul\u00e9es des ann\u00e9es 2018, 2019 et 2020&nbsp;\u00bb<\/em>, a-t-il relev\u00e9.&nbsp; Une progression qui a l\u2019en croire, repose essentiellement sur <em>\u00ab&nbsp;la Bancarisation des op\u00e9rations fonci\u00e8res et immobili\u00e8res&nbsp;\u00bb.<\/em><\/p>\n\n\n\n<p>En d\u00e9pit de ces performances r\u00e9alis\u00e9es, Aim\u00e9 Sakombi Molendo estime qu\u2019il faudra faire encore plus. E pour y parvenir, la mise en \u0153uvre de la num\u00e9risation du cadastre est un verrou.<\/p>\n\n\n\n<p><em>\u00ab&nbsp;La mise en \u0153uvre pratique de la Num\u00e9risation du cadastre et de la s\u00e9curisation des titres fonciers et immobiliers contenue dans la nouvelle loi fonci\u00e8re sera le levier qui propulsera les recettes de notre administration au diapason de celles de nos voisins les plus performants. En effet, notre objectif est d\u2019atteindre, et pourquoi pas d\u00e9passer les 5% ou 10% de r\u00e9alisation qu\u2019affichent les pays de la sous-r\u00e9gion. La num\u00e9risation du cadastre est une donne incontournable. C\u2019est le moteur qui va r\u00e9volutionner notre administration et la moderniser. C\u2019est aussi un processus qui appelle la r\u00e9habilitation de toutes les circonscriptions et la construction des b\u00e2timents pour celles qui en sont d\u00e9pourvues, la modernisation de l\u2019outil de travail, la construction d\u2019une Tour du foncier et enfin le grand plongeon dans l\u2019e-foncier qui renforcera la s\u00e9curit\u00e9 fonci\u00e8re, et n\u00e9cessitera des nouvelles mises \u00e0 jour des capacit\u00e9s des agents, et la reconversion de beaucoup d\u2019autres. La Num\u00e9risation aura \u00e9galement un impact important sur le Doing business, car elle simplifiera toutes les op\u00e9rations, avec \u00e0 la cl\u00e9 une r\u00e9duction sensible des d\u00e9lais de traitement des documents et l\u2019\u00e9limination des maladresses actuelles li\u00e9es \u00e0 la manipulation et aux \u00e9changes humains&nbsp;\u00bb<\/em>, a-t-il soulign\u00e9.<\/p>\n\n\n\n<p>Le ministre a \u00e0 cette m\u00eame occasion d\u00e9cern\u00e9 la&nbsp; seconde \u00e9dition du Prix Mabele. Un qui stimulus destin\u00e9 \u00e0 booster les performances des circonscriptions fonci\u00e8res en mati\u00e8re de mobilisation des recettes. Les laur\u00e9ats de l\u2019ann\u00e9e2022 sont&nbsp;: la Circonscriptions de Kipushi sud, celle de Mbanza-Ngungu&nbsp;et de Songololo avec respectivement le taux de maximisation de 652%, 215% &nbsp;et 203% des assignations.<\/p>\n\n\n\n<figure class=\"wp-block-image alignfull size-full\"><img data-recalc-dims=\"1\" loading=\"lazy\" decoding=\"async\" width=\"640\" height=\"427\" src=\"https:\/\/i0.wp.com\/infos-droitshumains.net\/wp-content\/uploads\/2023\/01\/IMG-20230122-WA0020_1.jpg?resize=640%2C427&#038;ssl=1\" alt=\"\" class=\"wp-image-6408\" srcset=\"https:\/\/i0.wp.com\/infos-droitshumains.net\/wp-content\/uploads\/2023\/01\/IMG-20230122-WA0020_1.jpg?w=920&amp;ssl=1 920w, https:\/\/i0.wp.com\/infos-droitshumains.net\/wp-content\/uploads\/2023\/01\/IMG-20230122-WA0020_1.jpg?resize=300%2C200&amp;ssl=1 300w, https:\/\/i0.wp.com\/infos-droitshumains.net\/wp-content\/uploads\/2023\/01\/IMG-20230122-WA0020_1.jpg?resize=768%2C513&amp;ssl=1 768w\" sizes=\"(max-width: 640px) 100vw, 640px\" \/><\/figure>\n\n\n\n<figure class=\"wp-block-image alignfull size-full\"><img data-recalc-dims=\"1\" loading=\"lazy\" decoding=\"async\" width=\"640\" height=\"427\" src=\"https:\/\/i0.wp.com\/infos-droitshumains.net\/wp-content\/uploads\/2023\/01\/IMG-20230121-WA0049_1.jpg?resize=640%2C427&#038;ssl=1\" alt=\"\" class=\"wp-image-6401\" srcset=\"https:\/\/i0.wp.com\/infos-droitshumains.net\/wp-content\/uploads\/2023\/01\/IMG-20230121-WA0049_1.jpg?w=920&amp;ssl=1 920w, https:\/\/i0.wp.com\/infos-droitshumains.net\/wp-content\/uploads\/2023\/01\/IMG-20230121-WA0049_1.jpg?resize=300%2C200&amp;ssl=1 300w, https:\/\/i0.wp.com\/infos-droitshumains.net\/wp-content\/uploads\/2023\/01\/IMG-20230121-WA0049_1.jpg?resize=768%2C513&amp;ssl=1 768w\" sizes=\"(max-width: 640px) 100vw, 640px\" \/><\/figure>\n\n\n\n<p>Jo\u00ebl Diawa<\/p>\n","protected":false},"excerpt":{"rendered":"<p>R\u00e9daction :+243817406088 Cette annonce a \u00e9t\u00e9 faite par le ministre des affaires fonci\u00e8res en pr\u00e9sences&#8230;<\/p>\n","protected":false},"author":2,"featured_media":6396,"comment_status":"open","ping_status":"open","sticky":false,"template":"","format":"standard","meta":{"_jetpack_memberships_contains_paid_content":false,"footnotes":""},"categories":[3],"tags":[],"class_list":["post-6394","post","type-post","status-publish","format-standard","has-post-thumbnail","hentry","category-politique"],"yoast_head":"<!-- This site is optimized with the Yoast SEO plugin v27.5 - https:\/\/yoast.com\/product\/yoast-seo-wordpress\/ -->\n<title>RDC\u00a0: Le minist\u00e8re des affaires fonci\u00e8res a enregistr\u00e9 un accroissement de l\u2019ordre de 60% des recettes mobilis\u00e9es au premier semestre 2022. (Aim\u00e9 Sakombi Molendo) - Infos Droits Humains<\/title>\n<meta name=\"robots\" content=\"index, follow, max-snippet:-1, max-image-preview:large, max-video-preview:-1\" \/>\n<link rel=\"canonical\" href=\"https:\/\/infos-droitshumains.net\/?p=6394\" \/>\n<meta property=\"og:locale\" content=\"fr_FR\" \/>\n<meta property=\"og:type\" content=\"article\" \/>\n<meta property=\"og:title\" content=\"RDC\u00a0: Le minist\u00e8re des affaires fonci\u00e8res a enregistr\u00e9 un accroissement de l\u2019ordre de 60% des recettes mobilis\u00e9es au premier semestre 2022. (Aim\u00e9 Sakombi Molendo) - Infos Droits Humains\" \/>\n<meta property=\"og:description\" content=\"R\u00e9daction :+243817406088 Cette annonce a \u00e9t\u00e9 faite par le ministre des affaires fonci\u00e8res en pr\u00e9sences...\" \/>\n<meta property=\"og:url\" content=\"https:\/\/infos-droitshumains.net\/?p=6394\" \/>\n<meta property=\"og:site_name\" content=\"Infos Droits Humains\" \/>\n<meta property=\"article:published_time\" content=\"2023-01-22T12:41:19+00:00\" \/>\n<meta property=\"article:modified_time\" content=\"2023-01-22T13:06:29+00:00\" \/>\n<meta property=\"og:image\" content=\"https:\/\/i0.wp.com\/infos-droitshumains.net\/wp-content\/uploads\/2023\/01\/IMG-20230122-WA0007_1.jpg?fit=920%2C614&ssl=1\" \/>\n\t<meta property=\"og:image:width\" content=\"920\" \/>\n\t<meta property=\"og:image:height\" content=\"614\" \/>\n\t<meta property=\"og:image:type\" content=\"image\/jpeg\" \/>\n<meta name=\"author\" content=\"Jo\u00ebl Diawa\" \/>\n<meta name=\"twitter:card\" content=\"summary_large_image\" \/>\n<meta name=\"twitter:label1\" content=\"\u00c9crit par\" \/>\n\t<meta name=\"twitter:data1\" content=\"Jo\u00ebl Diawa\" \/>\n\t<meta name=\"twitter:label2\" content=\"Dur\u00e9e de lecture estim\u00e9e\" \/>\n\t<meta name=\"twitter:data2\" content=\"4 minutes\" \/>\n<script type=\"application\/ld+json\" class=\"yoast-schema-graph\">{\"@context\":\"https:\\\/\\\/schema.org\",\"@graph\":[{\"@type\":\"Article\",\"@id\":\"https:\\\/\\\/infos-droitshumains.net\\\/?p=6394#article\",\"isPartOf\":{\"@id\":\"https:\\\/\\\/infos-droitshumains.net\\\/?p=6394\"},\"author\":{\"name\":\"Jo\u00ebl Diawa\",\"@id\":\"https:\\\/\\\/infos-droitshumains.net\\\/#\\\/schema\\\/person\\\/3dc5e921c3302172e0ed4362f96faab7\"},\"headline\":\"RDC\u00a0: Le minist\u00e8re des affaires fonci\u00e8res a enregistr\u00e9 un accroissement de l\u2019ordre de 60% des recettes mobilis\u00e9es au premier semestre 2022. (Aim\u00e9 Sakombi Molendo)\",\"datePublished\":\"2023-01-22T12:41:19+00:00\",\"dateModified\":\"2023-01-22T13:06:29+00:00\",\"mainEntityOfPage\":{\"@id\":\"https:\\\/\\\/infos-droitshumains.net\\\/?p=6394\"},\"wordCount\":896,\"commentCount\":0,\"publisher\":{\"@id\":\"https:\\\/\\\/infos-droitshumains.net\\\/#organization\"},\"image\":{\"@id\":\"https:\\\/\\\/infos-droitshumains.net\\\/?p=6394#primaryimage\"},\"thumbnailUrl\":\"https:\\\/\\\/i0.wp.com\\\/infos-droitshumains.net\\\/wp-content\\\/uploads\\\/2023\\\/01\\\/IMG-20230122-WA0007_1.jpg?fit=920%2C614&ssl=1\",\"articleSection\":[\"Politique\"],\"inLanguage\":\"fr-FR\",\"potentialAction\":[{\"@type\":\"CommentAction\",\"name\":\"Comment\",\"target\":[\"https:\\\/\\\/infos-droitshumains.net\\\/?p=6394#respond\"]}]},{\"@type\":\"WebPage\",\"@id\":\"https:\\\/\\\/infos-droitshumains.net\\\/?p=6394\",\"url\":\"https:\\\/\\\/infos-droitshumains.net\\\/?p=6394\",\"name\":\"RDC\u00a0: Le minist\u00e8re des affaires fonci\u00e8res a enregistr\u00e9 un accroissement de l\u2019ordre de 60% des recettes mobilis\u00e9es au premier semestre 2022. (Aim\u00e9 Sakombi Molendo) - Infos Droits Humains\",\"isPartOf\":{\"@id\":\"https:\\\/\\\/infos-droitshumains.net\\\/#website\"},\"primaryImageOfPage\":{\"@id\":\"https:\\\/\\\/infos-droitshumains.net\\\/?p=6394#primaryimage\"},\"image\":{\"@id\":\"https:\\\/\\\/infos-droitshumains.net\\\/?p=6394#primaryimage\"},\"thumbnailUrl\":\"https:\\\/\\\/i0.wp.com\\\/infos-droitshumains.net\\\/wp-content\\\/uploads\\\/2023\\\/01\\\/IMG-20230122-WA0007_1.jpg?fit=920%2C614&ssl=1\",\"datePublished\":\"2023-01-22T12:41:19+00:00\",\"dateModified\":\"2023-01-22T13:06:29+00:00\",\"breadcrumb\":{\"@id\":\"https:\\\/\\\/infos-droitshumains.net\\\/?p=6394#breadcrumb\"},\"inLanguage\":\"fr-FR\",\"potentialAction\":[{\"@type\":\"ReadAction\",\"target\":[\"https:\\\/\\\/infos-droitshumains.net\\\/?p=6394\"]}]},{\"@type\":\"ImageObject\",\"inLanguage\":\"fr-FR\",\"@id\":\"https:\\\/\\\/infos-droitshumains.net\\\/?p=6394#primaryimage\",\"url\":\"https:\\\/\\\/i0.wp.com\\\/infos-droitshumains.net\\\/wp-content\\\/uploads\\\/2023\\\/01\\\/IMG-20230122-WA0007_1.jpg?fit=920%2C614&ssl=1\",\"contentUrl\":\"https:\\\/\\\/i0.wp.com\\\/infos-droitshumains.net\\\/wp-content\\\/uploads\\\/2023\\\/01\\\/IMG-20230122-WA0007_1.jpg?fit=920%2C614&ssl=1\",\"width\":920,\"height\":614},{\"@type\":\"BreadcrumbList\",\"@id\":\"https:\\\/\\\/infos-droitshumains.net\\\/?p=6394#breadcrumb\",\"itemListElement\":[{\"@type\":\"ListItem\",\"position\":1,\"name\":\"Accueil\",\"item\":\"https:\\\/\\\/infos-droitshumains.net\\\/\"},{\"@type\":\"ListItem\",\"position\":2,\"name\":\"RDC\u00a0: Le minist\u00e8re des affaires fonci\u00e8res a enregistr\u00e9 un accroissement de l\u2019ordre de 60% des recettes mobilis\u00e9es au premier semestre 2022. (Aim\u00e9 Sakombi Molendo)\"}]},{\"@type\":\"WebSite\",\"@id\":\"https:\\\/\\\/infos-droitshumains.net\\\/#website\",\"url\":\"https:\\\/\\\/infos-droitshumains.net\\\/\",\"name\":\"Infos Droits Humains\",\"description\":\"S&#039;informer est un droit\",\"publisher\":{\"@id\":\"https:\\\/\\\/infos-droitshumains.net\\\/#organization\"},\"potentialAction\":[{\"@type\":\"SearchAction\",\"target\":{\"@type\":\"EntryPoint\",\"urlTemplate\":\"https:\\\/\\\/infos-droitshumains.net\\\/?s={search_term_string}\"},\"query-input\":{\"@type\":\"PropertyValueSpecification\",\"valueRequired\":true,\"valueName\":\"search_term_string\"}}],\"inLanguage\":\"fr-FR\"},{\"@type\":\"Organization\",\"@id\":\"https:\\\/\\\/infos-droitshumains.net\\\/#organization\",\"name\":\"Infos Droits Humains\",\"url\":\"https:\\\/\\\/infos-droitshumains.net\\\/\",\"logo\":{\"@type\":\"ImageObject\",\"inLanguage\":\"fr-FR\",\"@id\":\"https:\\\/\\\/infos-droitshumains.net\\\/#\\\/schema\\\/logo\\\/image\\\/\",\"url\":\"https:\\\/\\\/i0.wp.com\\\/infos-droitshumains.net\\\/wp-content\\\/uploads\\\/2022\\\/05\\\/Logo.png?fit=333%2C129&ssl=1\",\"contentUrl\":\"https:\\\/\\\/i0.wp.com\\\/infos-droitshumains.net\\\/wp-content\\\/uploads\\\/2022\\\/05\\\/Logo.png?fit=333%2C129&ssl=1\",\"width\":333,\"height\":129,\"caption\":\"Infos Droits Humains\"},\"image\":{\"@id\":\"https:\\\/\\\/infos-droitshumains.net\\\/#\\\/schema\\\/logo\\\/image\\\/\"}},{\"@type\":\"Person\",\"@id\":\"https:\\\/\\\/infos-droitshumains.net\\\/#\\\/schema\\\/person\\\/3dc5e921c3302172e0ed4362f96faab7\",\"name\":\"Jo\u00ebl Diawa\",\"image\":{\"@type\":\"ImageObject\",\"inLanguage\":\"fr-FR\",\"@id\":\"https:\\\/\\\/secure.gravatar.com\\\/avatar\\\/729bea6ff4604c624417803c477363be8e3c7186deaa65713313f9b4b820f41c?s=96&d=mm&r=g\",\"url\":\"https:\\\/\\\/secure.gravatar.com\\\/avatar\\\/729bea6ff4604c624417803c477363be8e3c7186deaa65713313f9b4b820f41c?s=96&d=mm&r=g\",\"contentUrl\":\"https:\\\/\\\/secure.gravatar.com\\\/avatar\\\/729bea6ff4604c624417803c477363be8e3c7186deaa65713313f9b4b820f41c?s=96&d=mm&r=g\",\"caption\":\"Jo\u00ebl Diawa\"},\"sameAs\":[\"https:\\\/\\\/www.infos-droitshumains.net\"],\"url\":\"https:\\\/\\\/infos-droitshumains.net\\\/?author=2\"}]}<\/script>\n<!-- \/ Yoast SEO plugin. -->","yoast_head_json":{"title":"RDC\u00a0: Le minist\u00e8re des affaires fonci\u00e8res a enregistr\u00e9 un accroissement de l\u2019ordre de 60% des recettes mobilis\u00e9es au premier semestre 2022. (Aim\u00e9 Sakombi Molendo) - Infos Droits Humains","robots":{"index":"index","follow":"follow","max-snippet":"max-snippet:-1","max-image-preview":"max-image-preview:large","max-video-preview":"max-video-preview:-1"},"canonical":"https:\/\/infos-droitshumains.net\/?p=6394","og_locale":"fr_FR","og_type":"article","og_title":"RDC\u00a0: Le minist\u00e8re des affaires fonci\u00e8res a enregistr\u00e9 un accroissement de l\u2019ordre de 60% des recettes mobilis\u00e9es au premier semestre 2022. (Aim\u00e9 Sakombi Molendo) - Infos Droits Humains","og_description":"R\u00e9daction :+243817406088 Cette annonce a \u00e9t\u00e9 faite par le ministre des affaires fonci\u00e8res en pr\u00e9sences...","og_url":"https:\/\/infos-droitshumains.net\/?p=6394","og_site_name":"Infos Droits Humains","article_published_time":"2023-01-22T12:41:19+00:00","article_modified_time":"2023-01-22T13:06:29+00:00","og_image":[{"width":920,"height":614,"url":"https:\/\/i0.wp.com\/infos-droitshumains.net\/wp-content\/uploads\/2023\/01\/IMG-20230122-WA0007_1.jpg?fit=920%2C614&ssl=1","type":"image\/jpeg"}],"author":"Jo\u00ebl Diawa","twitter_card":"summary_large_image","twitter_misc":{"\u00c9crit par":"Jo\u00ebl Diawa","Dur\u00e9e de lecture estim\u00e9e":"4 minutes"},"schema":{"@context":"https:\/\/schema.org","@graph":[{"@type":"Article","@id":"https:\/\/infos-droitshumains.net\/?p=6394#article","isPartOf":{"@id":"https:\/\/infos-droitshumains.net\/?p=6394"},"author":{"name":"Jo\u00ebl Diawa","@id":"https:\/\/infos-droitshumains.net\/#\/schema\/person\/3dc5e921c3302172e0ed4362f96faab7"},"headline":"RDC\u00a0: Le minist\u00e8re des affaires fonci\u00e8res a enregistr\u00e9 un accroissement de l\u2019ordre de 60% des recettes mobilis\u00e9es au premier semestre 2022. (Aim\u00e9 Sakombi Molendo)","datePublished":"2023-01-22T12:41:19+00:00","dateModified":"2023-01-22T13:06:29+00:00","mainEntityOfPage":{"@id":"https:\/\/infos-droitshumains.net\/?p=6394"},"wordCount":896,"commentCount":0,"publisher":{"@id":"https:\/\/infos-droitshumains.net\/#organization"},"image":{"@id":"https:\/\/infos-droitshumains.net\/?p=6394#primaryimage"},"thumbnailUrl":"https:\/\/i0.wp.com\/infos-droitshumains.net\/wp-content\/uploads\/2023\/01\/IMG-20230122-WA0007_1.jpg?fit=920%2C614&ssl=1","articleSection":["Politique"],"inLanguage":"fr-FR","potentialAction":[{"@type":"CommentAction","name":"Comment","target":["https:\/\/infos-droitshumains.net\/?p=6394#respond"]}]},{"@type":"WebPage","@id":"https:\/\/infos-droitshumains.net\/?p=6394","url":"https:\/\/infos-droitshumains.net\/?p=6394","name":"RDC\u00a0: Le minist\u00e8re des affaires fonci\u00e8res a enregistr\u00e9 un accroissement de l\u2019ordre de 60% des recettes mobilis\u00e9es au premier semestre 2022. (Aim\u00e9 Sakombi Molendo) - Infos Droits Humains","isPartOf":{"@id":"https:\/\/infos-droitshumains.net\/#website"},"primaryImageOfPage":{"@id":"https:\/\/infos-droitshumains.net\/?p=6394#primaryimage"},"image":{"@id":"https:\/\/infos-droitshumains.net\/?p=6394#primaryimage"},"thumbnailUrl":"https:\/\/i0.wp.com\/infos-droitshumains.net\/wp-content\/uploads\/2023\/01\/IMG-20230122-WA0007_1.jpg?fit=920%2C614&ssl=1","datePublished":"2023-01-22T12:41:19+00:00","dateModified":"2023-01-22T13:06:29+00:00","breadcrumb":{"@id":"https:\/\/infos-droitshumains.net\/?p=6394#breadcrumb"},"inLanguage":"fr-FR","potentialAction":[{"@type":"ReadAction","target":["https:\/\/infos-droitshumains.net\/?p=6394"]}]},{"@type":"ImageObject","inLanguage":"fr-FR","@id":"https:\/\/infos-droitshumains.net\/?p=6394#primaryimage","url":"https:\/\/i0.wp.com\/infos-droitshumains.net\/wp-content\/uploads\/2023\/01\/IMG-20230122-WA0007_1.jpg?fit=920%2C614&ssl=1","contentUrl":"https:\/\/i0.wp.com\/infos-droitshumains.net\/wp-content\/uploads\/2023\/01\/IMG-20230122-WA0007_1.jpg?fit=920%2C614&ssl=1","width":920,"height":614},{"@type":"BreadcrumbList","@id":"https:\/\/infos-droitshumains.net\/?p=6394#breadcrumb","itemListElement":[{"@type":"ListItem","position":1,"name":"Accueil","item":"https:\/\/infos-droitshumains.net\/"},{"@type":"ListItem","position":2,"name":"RDC\u00a0: Le minist\u00e8re des affaires fonci\u00e8res a enregistr\u00e9 un accroissement de l\u2019ordre de 60% des recettes mobilis\u00e9es au premier semestre 2022. (Aim\u00e9 Sakombi Molendo)"}]},{"@type":"WebSite","@id":"https:\/\/infos-droitshumains.net\/#website","url":"https:\/\/infos-droitshumains.net\/","name":"Infos Droits Humains","description":"S&#039;informer est un droit","publisher":{"@id":"https:\/\/infos-droitshumains.net\/#organization"},"potentialAction":[{"@type":"SearchAction","target":{"@type":"EntryPoint","urlTemplate":"https:\/\/infos-droitshumains.net\/?s={search_term_string}"},"query-input":{"@type":"PropertyValueSpecification","valueRequired":true,"valueName":"search_term_string"}}],"inLanguage":"fr-FR"},{"@type":"Organization","@id":"https:\/\/infos-droitshumains.net\/#organization","name":"Infos Droits Humains","url":"https:\/\/infos-droitshumains.net\/","logo":{"@type":"ImageObject","inLanguage":"fr-FR","@id":"https:\/\/infos-droitshumains.net\/#\/schema\/logo\/image\/","url":"https:\/\/i0.wp.com\/infos-droitshumains.net\/wp-content\/uploads\/2022\/05\/Logo.png?fit=333%2C129&ssl=1","contentUrl":"https:\/\/i0.wp.com\/infos-droitshumains.net\/wp-content\/uploads\/2022\/05\/Logo.png?fit=333%2C129&ssl=1","width":333,"height":129,"caption":"Infos Droits Humains"},"image":{"@id":"https:\/\/infos-droitshumains.net\/#\/schema\/logo\/image\/"}},{"@type":"Person","@id":"https:\/\/infos-droitshumains.net\/#\/schema\/person\/3dc5e921c3302172e0ed4362f96faab7","name":"Jo\u00ebl Diawa","image":{"@type":"ImageObject","inLanguage":"fr-FR","@id":"https:\/\/secure.gravatar.com\/avatar\/729bea6ff4604c624417803c477363be8e3c7186deaa65713313f9b4b820f41c?s=96&d=mm&r=g","url":"https:\/\/secure.gravatar.com\/avatar\/729bea6ff4604c624417803c477363be8e3c7186deaa65713313f9b4b820f41c?s=96&d=mm&r=g","contentUrl":"https:\/\/secure.gravatar.com\/avatar\/729bea6ff4604c624417803c477363be8e3c7186deaa65713313f9b4b820f41c?s=96&d=mm&r=g","caption":"Jo\u00ebl Diawa"},"sameAs":["https:\/\/www.infos-droitshumains.net"],"url":"https:\/\/infos-droitshumains.net\/?author=2"}]}},"featured_image_urls":{"full":["https:\/\/i0.wp.com\/infos-droitshumains.net\/wp-content\/uploads\/2023\/01\/IMG-20230122-WA0007_1.jpg?fit=920%2C614&ssl=1",920,614,false],"thumbnail":["https:\/\/i0.wp.com\/infos-droitshumains.net\/wp-content\/uploads\/2023\/01\/IMG-20230122-WA0007_1.jpg?resize=150%2C150&ssl=1",150,150,true],"medium":["https:\/\/i0.wp.com\/infos-droitshumains.net\/wp-content\/uploads\/2023\/01\/IMG-20230122-WA0007_1.jpg?fit=300%2C200&ssl=1",300,200,true],"medium_large":["https:\/\/i0.wp.com\/infos-droitshumains.net\/wp-content\/uploads\/2023\/01\/IMG-20230122-WA0007_1.jpg?fit=640%2C428&ssl=1",640,428,true],"large":["https:\/\/i0.wp.com\/infos-droitshumains.net\/wp-content\/uploads\/2023\/01\/IMG-20230122-WA0007_1.jpg?fit=640%2C427&ssl=1",640,427,true],"1536x1536":["https:\/\/i0.wp.com\/infos-droitshumains.net\/wp-content\/uploads\/2023\/01\/IMG-20230122-WA0007_1.jpg?fit=920%2C614&ssl=1",920,614,true],"2048x2048":["https:\/\/i0.wp.com\/infos-droitshumains.net\/wp-content\/uploads\/2023\/01\/IMG-20230122-WA0007_1.jpg?fit=920%2C614&ssl=1",920,614,true],"covernews-slider-full":["https:\/\/i0.wp.com\/infos-droitshumains.net\/wp-content\/uploads\/2023\/01\/IMG-20230122-WA0007_1.jpg?resize=920%2C614&ssl=1",920,614,true],"covernews-slider-center":["https:\/\/i0.wp.com\/infos-droitshumains.net\/wp-content\/uploads\/2023\/01\/IMG-20230122-WA0007_1.jpg?resize=800%2C500&ssl=1",800,500,true],"covernews-featured":["https:\/\/i0.wp.com\/infos-droitshumains.net\/wp-content\/uploads\/2023\/01\/IMG-20230122-WA0007_1.jpg?fit=920%2C614&ssl=1",920,614,true],"covernews-medium":["https:\/\/i0.wp.com\/infos-droitshumains.net\/wp-content\/uploads\/2023\/01\/IMG-20230122-WA0007_1.jpg?resize=540%2C340&ssl=1",540,340,true],"covernews-medium-square":["https:\/\/i0.wp.com\/infos-droitshumains.net\/wp-content\/uploads\/2023\/01\/IMG-20230122-WA0007_1.jpg?resize=400%2C250&ssl=1",400,250,true]},"author_info":{"display_name":"Jo\u00ebl Diawa","author_link":"https:\/\/infos-droitshumains.net\/?author=2"},"category_info":"<a href=\"https:\/\/infos-droitshumains.net\/?cat=3\" rel=\"category\">Politique<\/a>","tag_info":"Politique","comment_count":"0","jetpack_featured_media_url":"https:\/\/i0.wp.com\/infos-droitshumains.net\/wp-content\/uploads\/2023\/01\/IMG-20230122-WA0007_1.jpg?fit=920%2C614&ssl=1","jetpack-related-posts":[],"jetpack_sharing_enabled":true,"_links":{"self":[{"href":"https:\/\/infos-droitshumains.net\/index.php?rest_route=\/wp\/v2\/posts\/6394","targetHints":{"allow":["GET"]}}],"collection":[{"href":"https:\/\/infos-droitshumains.net\/index.php?rest_route=\/wp\/v2\/posts"}],"about":[{"href":"https:\/\/infos-droitshumains.net\/index.php?rest_route=\/wp\/v2\/types\/post"}],"author":[{"embeddable":true,"href":"https:\/\/infos-droitshumains.net\/index.php?rest_route=\/wp\/v2\/users\/2"}],"replies":[{"embeddable":true,"href":"https:\/\/infos-droitshumains.net\/index.php?rest_route=%2Fwp%2Fv2%2Fcomments&post=6394"}],"version-history":[{"count":10,"href":"https:\/\/infos-droitshumains.net\/index.php?rest_route=\/wp\/v2\/posts\/6394\/revisions"}],"predecessor-version":[{"id":6415,"href":"https:\/\/infos-droitshumains.net\/index.php?rest_route=\/wp\/v2\/posts\/6394\/revisions\/6415"}],"wp:featuredmedia":[{"embeddable":true,"href":"https:\/\/infos-droitshumains.net\/index.php?rest_route=\/wp\/v2\/media\/6396"}],"wp:attachment":[{"href":"https:\/\/infos-droitshumains.net\/index.php?rest_route=%2Fwp%2Fv2%2Fmedia&parent=6394"}],"wp:term":[{"taxonomy":"category","embeddable":true,"href":"https:\/\/infos-droitshumains.net\/index.php?rest_route=%2Fwp%2Fv2%2Fcategories&post=6394"},{"taxonomy":"post_tag","embeddable":true,"href":"https:\/\/infos-droitshumains.net\/index.php?rest_route=%2Fwp%2Fv2%2Ftags&post=6394"}],"curies":[{"name":"wp","href":"https:\/\/api.w.org\/{rel}","templated":true}]}}