{"id":635,"date":"2021-07-01T01:20:23","date_gmt":"2021-06-30T23:20:23","guid":{"rendered":"https:\/\/www.infos-droitshumains.net\/?p=635"},"modified":"2023-04-06T12:11:45","modified_gmt":"2023-04-06T10:11:45","slug":"vodacom-limited-international-va-t-en-guerre-contre-namemco-et-soppose-a-la-vente-aux-encheres-des-actions-de-vodacom-congo-sa-dossier-de-la-redaction-2","status":"publish","type":"post","link":"https:\/\/infos-droitshumains.net\/?p=635","title":{"rendered":"Vodacom Limited International va-t-en guerre contre NAMEMCO et s&rsquo;oppose \u00e0 la vente aux ench\u00e8res des actions de Vodacom Congo SA (Dossier de la r\u00e9daction)"},"content":{"rendered":"\n<p><\/p>\n\n\n\n<p>Nous sommes le 24 janvier 2012, le tribunal de commerce de Kinshasa\/Gombe rendit un jugement sous RCE 1819\/1846, dans un litige qui opposait l&rsquo;op\u00e9rateur t\u00e9l\u00e9phonique Vodacom International Limited et NAMEMCO ENERGY Pty Ltd. Un jugement au terme duquel Vodacom fut condamn\u00e9 \u00e0 payer l&rsquo;autre partie la somme de USD 20 millions au titre se cr\u00e9ance principale et la somme de USD 10 millions \u00e0 titre de dommages-int\u00e9r\u00eats.<\/p>\n\n\n\n<p>Etant donn\u00e9 que ce jugement \u00e9tait assorti de la clause d&rsquo;ex\u00e9cution provisoire ; NAMEMCO a directement entam\u00e9 une proc\u00e9dure d&rsquo;ex\u00e9cution forc\u00e9e, notamment, par la saisie-ex\u00e9cution des parts sociales de VIL dans Vodacom Congo.<\/p>\n\n\n\n<p><em><strong>Une transaction pour se s\u00e9parer \u00e0 l&rsquo;amiable<\/strong><\/em> <\/p>\n\n\n\n<p>Ayant constat\u00e9 que cette mesure provisoire mena\u00e7ait leur investissement en RDC, en date du 26 f\u00e9vrier 2013, Vodacom Congo et Vodacom International, qui sont filiales de Vodacom Group, ce sont r\u00e9solues de conclure un protocole transactionnel avec NAMEMCO et son actionnaire unique, monsieur Moto Matiko Mabanga.<\/p>\n\n\n\n<p>Ce protocole qui a l&rsquo;autorit\u00e9 de la chose jug\u00e9 s&rsquo;\u00e9tait articul\u00e9 sur quatre points essentiels \u00e0 savoir:<br>\n\u2022 Les parties mettent d\u00e9finitivement un terme \u00e0 tous leurs litiges;<br>\n\u2022 NAMEMCO renonce \u00e0 l&rsquo;ex\u00e9cution du jugement rendu au tribunal de commerce de Kinshasa\/Gombe dans la cause inscrite sous RCE 1819\/1846;<br>\n\u2022 La transaction conclue par les parties est r\u00e9gie par les articles 583 \u00e0 597 du code civil congolais Livre III;<br>\n\u2022 Toute contestation relevant de cette convention sera exclusivement tranch\u00e9e par un tribunal arbitral.<\/p>\n\n\n\n<p>En d\u00e9pit de ce Protocole Transactionnel, NAMECO a repris l&rsquo;ex\u00e9cution forc\u00e9e du jugement et tentera de saisir des actions sociales de Vodacom Congo SA. VIL pour calmer les ardeurs a \u00e9lev\u00e9 une contestation au pr\u00e8s du Tricom de Kinshasa\/Gombe. Le magistrat d\u00e9l\u00e9gu\u00e9 qui a statu\u00e9 sur ce dossier a alors d\u00e9cr\u00e9t\u00e9 l&rsquo;irrecevabilit\u00e9 de l&rsquo;action de VIL pour d\u00e9faut de qualit\u00e9. Le groupe Vodacom est alors all\u00e9 en appel o\u00f9 il a obtenu en date du 22 d\u00e9cembre 2015, un arr\u00eat sous RCA 32670, pronon\u00e7ant d\u00e9fense \u00e0 ex\u00e9cution.<\/p>\n\n\n\n<p>NAMEMCO n&rsquo;a malheureusement pas tenu compte de cet arr\u00eat et a saisi le greffe du Tripaix\/Gombe qui a alors fix\u00e9 la vente aux ench\u00e8res des droits d&rsquo;associ\u00e9s et valeurs mobili\u00e8res de Vodacom Congo.<\/p>\n\n\n\n<p><em><strong>Le pourvoi en cassation renforce NAMEMCO.<\/strong><\/em> <\/p>\n\n\n\n<p>Dans la foul\u00e9, la Cour Commune de Justice et d&rsquo;Arbitrage, CCJA, a rendu son arr\u00eat en date du 27 juin 2019, dans la proc\u00e9dure de pourvoi en cassation initi\u00e9e par NAMEMCO contre l&rsquo;arr\u00eat de la Cour d&rsquo;Appel de Kinshasa\/Gombe sous RCA 32670. Aux termes de cet arr\u00eat, la CCJA a cass\u00e9 sans renvoi l&rsquo;arr\u00eat rendu par la cour d&rsquo;Appel de Kinshasa\/Gombe.<\/p>\n\n\n\n<p><strong><em>Affaire relanc\u00e9e par le TGI Limassol et la mainlev\u00e9e sollicit\u00e9e.<\/em> <\/strong><\/p>\n\n\n\n<p>En date du 28 f\u00e9vrier 2018, le Tribunal de Grande Instance de Limassol (capitale du Chypre) a rendu un jugement n\u2022 394\/2016 pronon\u00e7ant la liquidation judiciaire de NAMEMCO; de surcro\u00eet, un liquidateur judiciaire fut d\u00e9sign\u00e9. Cons\u00e9quence, monsieur Matiko Mabanga n&rsquo;est plus actionnaire de NAMEMCO.<\/p>\n\n\n\n<p>Ce jugement du TGI Limassol fut rendu ex\u00e9cutoire en RDC par l&rsquo;ordonnance n\u00b0 0464\/2019 du 13 juillet 2019 et le greffe du Tricom de Kinshasa\/Gombe a sollicit\u00e9 et obtenu d&rsquo;huissier de justice du ressort de la Cour d&rsquo;Appel de Kinshasa\/Gombe, la mainlev\u00e9e des saisies.<\/p>\n\n\n\n<p><strong><em>Cacophonie orchestr\u00e9e par l&rsquo;Inspecteur G\u00e9n\u00e9ral des Services Judiciaires et P\u00e9nitentiaires et confusion install\u00e9e.<\/em> <\/strong><\/p>\n\n\n\n<p>Inform\u00e9 de la d\u00e9cision de la CCJA, l&rsquo;Inspecteur G\u00e9n\u00e9ral des Services Judiciaires et P\u00e9nitentiaires, sans convoquer les parties pour s&rsquo;assurer de l&rsquo;\u00e9tat des la proc\u00e9dure,  d\u00e9cide de retourner le dossier d&rsquo;ex\u00e9cution au greffier divisionnaire du Tricom\/Gombe. Ce dernier va \u00e0 son tour, notifier Vodacom International Limited que la vente aux ench\u00e8res de ses actions dans Vodacom Congo qui avait \u00e9t\u00e9 saisies le 25 mars 2015, est pr\u00e9vue pour le 2 juillet 2021.<\/p>\n\n\n\n<p><strong><em>Contre-attaque spectaculaire et victorieuse de VIL<\/em> <\/strong><\/p>\n\n\n\n<p>Pour Vodacom International Limited, la poursuite de cette proc\u00e9dure d&rsquo;ex\u00e9cution est irr\u00e9guli\u00e8re et sans fondement et ne peut intervenir. Elle se fonde sur des bases purement juridiques.<\/p>\n\n\n\n<p>La vente aux ench\u00e8res de valeurs mobili\u00e8res saisies est strictement encadr\u00e9e par l&rsquo;Acte Uniforme portant organisation des Proc\u00e9dures Simplifi\u00e9es de Recouvrement et des Voies de l&rsquo;Ex\u00e9cution, AUPSRVE et les conseils de Vodacom font constat\u00e9 qu&rsquo;il y a eu violation de plusieurs dispositions de, AUPSRVE.<\/p>\n\n\n\n<p>Une autre irr\u00e9gularit\u00e9 constat\u00e9e par VIL est que l&rsquo;huissier de justice agissait \u00e0 la requ\u00eate de Matiko Mabanga qui agissait pour NAMEMCO, alors que cette derni\u00e8re ne pouvait \u00eatre engag\u00e9e que par son liquidateur judiciaire, conform\u00e9ment au jugement n\u00b0 394\/2016 du Tribunal de Grande Instance de Limassol.<\/p>\n\n\n\n<p>Au regard des faits tels que \u00e9num\u00e9r\u00e9s, Vodacom International Limited a saisie le Tribunal de Commerce de Kinshasa\/Gombe pour:<\/p>\n\n\n\n<p>\u2022 Solliciter que soit prononc\u00e9e la nullit\u00e9 de la vente aux ench\u00e8res des actions de Vodacom International Limited pr\u00e9vue le 2 juillet \u00e0 9h;<\/p>\n\n\n\n<p>\u2022 Constater l&rsquo;irr\u00e9gularit\u00e9 de la proc\u00e9dure d&rsquo;ex\u00e9cution forc\u00e9e poursuivie par FAMECO;<\/p>\n\n\n\n<p>\u2022 Dire qu&rsquo;aucune vente aux ench\u00e8res des actions de Vodacom International Limited ne peut valablement se tenir.<\/p>\n\n\n\n<p>Le jugement qui sera prononc\u00e9 sera sans aucun doute un ouf de soulagement pour Vodacom International Limited qui pr\u00e8s de  8 ans, a vu ses biens \u00eatre injustement saisis.<\/p>\n\n\n\n<p>Dossier \u00e0 suivre\u2026<\/p>\n","protected":false},"excerpt":{"rendered":"<p>Nous sommes le 24 janvier 2012, le tribunal de commerce de Kinshasa\/Gombe rendit un jugement&#8230;<\/p>\n","protected":false},"author":2,"featured_media":0,"comment_status":"open","ping_status":"open","sticky":false,"template":"","format":"standard","meta":{"_jetpack_memberships_contains_paid_content":false,"footnotes":""},"categories":[1],"tags":[],"class_list":["post-635","post","type-post","status-publish","format-standard","hentry","category-non-classe"],"yoast_head":"<!-- This site is optimized with the Yoast SEO plugin v27.5 - https:\/\/yoast.com\/product\/yoast-seo-wordpress\/ -->\n<title>Vodacom Limited International va-t-en guerre contre NAMEMCO et s&#039;oppose \u00e0 la vente aux ench\u00e8res des actions de Vodacom Congo SA (Dossier de la r\u00e9daction) - Infos Droits Humains<\/title>\n<meta name=\"robots\" content=\"index, follow, max-snippet:-1, max-image-preview:large, max-video-preview:-1\" \/>\n<link rel=\"canonical\" href=\"https:\/\/infos-droitshumains.net\/?p=635\" \/>\n<meta property=\"og:locale\" content=\"fr_FR\" \/>\n<meta property=\"og:type\" content=\"article\" \/>\n<meta property=\"og:title\" content=\"Vodacom Limited International va-t-en guerre contre NAMEMCO et s&#039;oppose \u00e0 la vente aux ench\u00e8res des actions de Vodacom Congo SA (Dossier de la r\u00e9daction) - Infos Droits Humains\" \/>\n<meta property=\"og:description\" content=\"Nous sommes le 24 janvier 2012, le tribunal de commerce de Kinshasa\/Gombe rendit un jugement...\" \/>\n<meta property=\"og:url\" content=\"https:\/\/infos-droitshumains.net\/?p=635\" \/>\n<meta property=\"og:site_name\" content=\"Infos Droits Humains\" \/>\n<meta property=\"article:published_time\" content=\"2021-06-30T23:20:23+00:00\" \/>\n<meta property=\"article:modified_time\" content=\"2023-04-06T10:11:45+00:00\" \/>\n<meta name=\"author\" content=\"Jo\u00ebl Diawa\" \/>\n<meta name=\"twitter:card\" content=\"summary_large_image\" \/>\n<meta name=\"twitter:label1\" content=\"\u00c9crit par\" \/>\n\t<meta name=\"twitter:data1\" content=\"Jo\u00ebl Diawa\" \/>\n\t<meta name=\"twitter:label2\" content=\"Dur\u00e9e de lecture estim\u00e9e\" \/>\n\t<meta name=\"twitter:data2\" content=\"4 minutes\" \/>\n<script type=\"application\/ld+json\" class=\"yoast-schema-graph\">{\"@context\":\"https:\\\/\\\/schema.org\",\"@graph\":[{\"@type\":\"Article\",\"@id\":\"https:\\\/\\\/infos-droitshumains.net\\\/?p=635#article\",\"isPartOf\":{\"@id\":\"https:\\\/\\\/infos-droitshumains.net\\\/?p=635\"},\"author\":{\"name\":\"Jo\u00ebl Diawa\",\"@id\":\"https:\\\/\\\/infos-droitshumains.net\\\/#\\\/schema\\\/person\\\/3dc5e921c3302172e0ed4362f96faab7\"},\"headline\":\"Vodacom Limited International va-t-en guerre contre NAMEMCO et s&rsquo;oppose \u00e0 la vente aux ench\u00e8res des actions de Vodacom Congo SA (Dossier de la r\u00e9daction)\",\"datePublished\":\"2021-06-30T23:20:23+00:00\",\"dateModified\":\"2023-04-06T10:11:45+00:00\",\"mainEntityOfPage\":{\"@id\":\"https:\\\/\\\/infos-droitshumains.net\\\/?p=635\"},\"wordCount\":916,\"commentCount\":0,\"publisher\":{\"@id\":\"https:\\\/\\\/infos-droitshumains.net\\\/#organization\"},\"inLanguage\":\"fr-FR\",\"potentialAction\":[{\"@type\":\"CommentAction\",\"name\":\"Comment\",\"target\":[\"https:\\\/\\\/infos-droitshumains.net\\\/?p=635#respond\"]}]},{\"@type\":\"WebPage\",\"@id\":\"https:\\\/\\\/infos-droitshumains.net\\\/?p=635\",\"url\":\"https:\\\/\\\/infos-droitshumains.net\\\/?p=635\",\"name\":\"Vodacom Limited International va-t-en guerre contre NAMEMCO et s'oppose \u00e0 la vente aux ench\u00e8res des actions de Vodacom Congo SA (Dossier de la r\u00e9daction) - Infos Droits Humains\",\"isPartOf\":{\"@id\":\"https:\\\/\\\/infos-droitshumains.net\\\/#website\"},\"datePublished\":\"2021-06-30T23:20:23+00:00\",\"dateModified\":\"2023-04-06T10:11:45+00:00\",\"breadcrumb\":{\"@id\":\"https:\\\/\\\/infos-droitshumains.net\\\/?p=635#breadcrumb\"},\"inLanguage\":\"fr-FR\",\"potentialAction\":[{\"@type\":\"ReadAction\",\"target\":[\"https:\\\/\\\/infos-droitshumains.net\\\/?p=635\"]}]},{\"@type\":\"BreadcrumbList\",\"@id\":\"https:\\\/\\\/infos-droitshumains.net\\\/?p=635#breadcrumb\",\"itemListElement\":[{\"@type\":\"ListItem\",\"position\":1,\"name\":\"Accueil\",\"item\":\"https:\\\/\\\/infos-droitshumains.net\\\/\"},{\"@type\":\"ListItem\",\"position\":2,\"name\":\"Vodacom Limited International va-t-en guerre contre NAMEMCO et s&rsquo;oppose \u00e0 la vente aux ench\u00e8res des actions de Vodacom Congo SA (Dossier de la r\u00e9daction)\"}]},{\"@type\":\"WebSite\",\"@id\":\"https:\\\/\\\/infos-droitshumains.net\\\/#website\",\"url\":\"https:\\\/\\\/infos-droitshumains.net\\\/\",\"name\":\"Infos Droits Humains\",\"description\":\"S&#039;informer est un droit\",\"publisher\":{\"@id\":\"https:\\\/\\\/infos-droitshumains.net\\\/#organization\"},\"potentialAction\":[{\"@type\":\"SearchAction\",\"target\":{\"@type\":\"EntryPoint\",\"urlTemplate\":\"https:\\\/\\\/infos-droitshumains.net\\\/?s={search_term_string}\"},\"query-input\":{\"@type\":\"PropertyValueSpecification\",\"valueRequired\":true,\"valueName\":\"search_term_string\"}}],\"inLanguage\":\"fr-FR\"},{\"@type\":\"Organization\",\"@id\":\"https:\\\/\\\/infos-droitshumains.net\\\/#organization\",\"name\":\"Infos Droits Humains\",\"url\":\"https:\\\/\\\/infos-droitshumains.net\\\/\",\"logo\":{\"@type\":\"ImageObject\",\"inLanguage\":\"fr-FR\",\"@id\":\"https:\\\/\\\/infos-droitshumains.net\\\/#\\\/schema\\\/logo\\\/image\\\/\",\"url\":\"https:\\\/\\\/i0.wp.com\\\/infos-droitshumains.net\\\/wp-content\\\/uploads\\\/2022\\\/05\\\/Logo.png?fit=333%2C129&ssl=1\",\"contentUrl\":\"https:\\\/\\\/i0.wp.com\\\/infos-droitshumains.net\\\/wp-content\\\/uploads\\\/2022\\\/05\\\/Logo.png?fit=333%2C129&ssl=1\",\"width\":333,\"height\":129,\"caption\":\"Infos Droits Humains\"},\"image\":{\"@id\":\"https:\\\/\\\/infos-droitshumains.net\\\/#\\\/schema\\\/logo\\\/image\\\/\"}},{\"@type\":\"Person\",\"@id\":\"https:\\\/\\\/infos-droitshumains.net\\\/#\\\/schema\\\/person\\\/3dc5e921c3302172e0ed4362f96faab7\",\"name\":\"Jo\u00ebl Diawa\",\"image\":{\"@type\":\"ImageObject\",\"inLanguage\":\"fr-FR\",\"@id\":\"https:\\\/\\\/secure.gravatar.com\\\/avatar\\\/729bea6ff4604c624417803c477363be8e3c7186deaa65713313f9b4b820f41c?s=96&d=mm&r=g\",\"url\":\"https:\\\/\\\/secure.gravatar.com\\\/avatar\\\/729bea6ff4604c624417803c477363be8e3c7186deaa65713313f9b4b820f41c?s=96&d=mm&r=g\",\"contentUrl\":\"https:\\\/\\\/secure.gravatar.com\\\/avatar\\\/729bea6ff4604c624417803c477363be8e3c7186deaa65713313f9b4b820f41c?s=96&d=mm&r=g\",\"caption\":\"Jo\u00ebl Diawa\"},\"sameAs\":[\"https:\\\/\\\/www.infos-droitshumains.net\"],\"url\":\"https:\\\/\\\/infos-droitshumains.net\\\/?author=2\"}]}<\/script>\n<!-- \/ Yoast SEO plugin. -->","yoast_head_json":{"title":"Vodacom Limited International va-t-en guerre contre NAMEMCO et s'oppose \u00e0 la vente aux ench\u00e8res des actions de Vodacom Congo SA (Dossier de la r\u00e9daction) - Infos Droits Humains","robots":{"index":"index","follow":"follow","max-snippet":"max-snippet:-1","max-image-preview":"max-image-preview:large","max-video-preview":"max-video-preview:-1"},"canonical":"https:\/\/infos-droitshumains.net\/?p=635","og_locale":"fr_FR","og_type":"article","og_title":"Vodacom Limited International va-t-en guerre contre NAMEMCO et s'oppose \u00e0 la vente aux ench\u00e8res des actions de Vodacom Congo SA (Dossier de la r\u00e9daction) - Infos Droits Humains","og_description":"Nous sommes le 24 janvier 2012, le tribunal de commerce de Kinshasa\/Gombe rendit un jugement...","og_url":"https:\/\/infos-droitshumains.net\/?p=635","og_site_name":"Infos Droits Humains","article_published_time":"2021-06-30T23:20:23+00:00","article_modified_time":"2023-04-06T10:11:45+00:00","author":"Jo\u00ebl Diawa","twitter_card":"summary_large_image","twitter_misc":{"\u00c9crit par":"Jo\u00ebl Diawa","Dur\u00e9e de lecture estim\u00e9e":"4 minutes"},"schema":{"@context":"https:\/\/schema.org","@graph":[{"@type":"Article","@id":"https:\/\/infos-droitshumains.net\/?p=635#article","isPartOf":{"@id":"https:\/\/infos-droitshumains.net\/?p=635"},"author":{"name":"Jo\u00ebl Diawa","@id":"https:\/\/infos-droitshumains.net\/#\/schema\/person\/3dc5e921c3302172e0ed4362f96faab7"},"headline":"Vodacom Limited International va-t-en guerre contre NAMEMCO et s&rsquo;oppose \u00e0 la vente aux ench\u00e8res des actions de Vodacom Congo SA (Dossier de la r\u00e9daction)","datePublished":"2021-06-30T23:20:23+00:00","dateModified":"2023-04-06T10:11:45+00:00","mainEntityOfPage":{"@id":"https:\/\/infos-droitshumains.net\/?p=635"},"wordCount":916,"commentCount":0,"publisher":{"@id":"https:\/\/infos-droitshumains.net\/#organization"},"inLanguage":"fr-FR","potentialAction":[{"@type":"CommentAction","name":"Comment","target":["https:\/\/infos-droitshumains.net\/?p=635#respond"]}]},{"@type":"WebPage","@id":"https:\/\/infos-droitshumains.net\/?p=635","url":"https:\/\/infos-droitshumains.net\/?p=635","name":"Vodacom Limited International va-t-en guerre contre NAMEMCO et s'oppose \u00e0 la vente aux ench\u00e8res des actions de Vodacom Congo SA (Dossier de la r\u00e9daction) - Infos Droits Humains","isPartOf":{"@id":"https:\/\/infos-droitshumains.net\/#website"},"datePublished":"2021-06-30T23:20:23+00:00","dateModified":"2023-04-06T10:11:45+00:00","breadcrumb":{"@id":"https:\/\/infos-droitshumains.net\/?p=635#breadcrumb"},"inLanguage":"fr-FR","potentialAction":[{"@type":"ReadAction","target":["https:\/\/infos-droitshumains.net\/?p=635"]}]},{"@type":"BreadcrumbList","@id":"https:\/\/infos-droitshumains.net\/?p=635#breadcrumb","itemListElement":[{"@type":"ListItem","position":1,"name":"Accueil","item":"https:\/\/infos-droitshumains.net\/"},{"@type":"ListItem","position":2,"name":"Vodacom Limited International va-t-en guerre contre NAMEMCO et s&rsquo;oppose \u00e0 la vente aux ench\u00e8res des actions de Vodacom Congo SA (Dossier de la r\u00e9daction)"}]},{"@type":"WebSite","@id":"https:\/\/infos-droitshumains.net\/#website","url":"https:\/\/infos-droitshumains.net\/","name":"Infos Droits Humains","description":"S&#039;informer est un droit","publisher":{"@id":"https:\/\/infos-droitshumains.net\/#organization"},"potentialAction":[{"@type":"SearchAction","target":{"@type":"EntryPoint","urlTemplate":"https:\/\/infos-droitshumains.net\/?s={search_term_string}"},"query-input":{"@type":"PropertyValueSpecification","valueRequired":true,"valueName":"search_term_string"}}],"inLanguage":"fr-FR"},{"@type":"Organization","@id":"https:\/\/infos-droitshumains.net\/#organization","name":"Infos Droits Humains","url":"https:\/\/infos-droitshumains.net\/","logo":{"@type":"ImageObject","inLanguage":"fr-FR","@id":"https:\/\/infos-droitshumains.net\/#\/schema\/logo\/image\/","url":"https:\/\/i0.wp.com\/infos-droitshumains.net\/wp-content\/uploads\/2022\/05\/Logo.png?fit=333%2C129&ssl=1","contentUrl":"https:\/\/i0.wp.com\/infos-droitshumains.net\/wp-content\/uploads\/2022\/05\/Logo.png?fit=333%2C129&ssl=1","width":333,"height":129,"caption":"Infos Droits Humains"},"image":{"@id":"https:\/\/infos-droitshumains.net\/#\/schema\/logo\/image\/"}},{"@type":"Person","@id":"https:\/\/infos-droitshumains.net\/#\/schema\/person\/3dc5e921c3302172e0ed4362f96faab7","name":"Jo\u00ebl Diawa","image":{"@type":"ImageObject","inLanguage":"fr-FR","@id":"https:\/\/secure.gravatar.com\/avatar\/729bea6ff4604c624417803c477363be8e3c7186deaa65713313f9b4b820f41c?s=96&d=mm&r=g","url":"https:\/\/secure.gravatar.com\/avatar\/729bea6ff4604c624417803c477363be8e3c7186deaa65713313f9b4b820f41c?s=96&d=mm&r=g","contentUrl":"https:\/\/secure.gravatar.com\/avatar\/729bea6ff4604c624417803c477363be8e3c7186deaa65713313f9b4b820f41c?s=96&d=mm&r=g","caption":"Jo\u00ebl Diawa"},"sameAs":["https:\/\/www.infos-droitshumains.net"],"url":"https:\/\/infos-droitshumains.net\/?author=2"}]}},"featured_image_urls":{"full":"","thumbnail":"","medium":"","medium_large":"","large":"","1536x1536":"","2048x2048":"","covernews-slider-full":"","covernews-slider-center":"","covernews-featured":"","covernews-medium":"","covernews-medium-square":""},"author_info":{"display_name":"Jo\u00ebl Diawa","author_link":"https:\/\/infos-droitshumains.net\/?author=2"},"category_info":"<a href=\"https:\/\/infos-droitshumains.net\/?cat=1\" rel=\"category\">Non class\u00e9<\/a>","tag_info":"Non class\u00e9","comment_count":"0","jetpack_featured_media_url":"","jetpack-related-posts":[],"jetpack_sharing_enabled":true,"_links":{"self":[{"href":"https:\/\/infos-droitshumains.net\/index.php?rest_route=\/wp\/v2\/posts\/635","targetHints":{"allow":["GET"]}}],"collection":[{"href":"https:\/\/infos-droitshumains.net\/index.php?rest_route=\/wp\/v2\/posts"}],"about":[{"href":"https:\/\/infos-droitshumains.net\/index.php?rest_route=\/wp\/v2\/types\/post"}],"author":[{"embeddable":true,"href":"https:\/\/infos-droitshumains.net\/index.php?rest_route=\/wp\/v2\/users\/2"}],"replies":[{"embeddable":true,"href":"https:\/\/infos-droitshumains.net\/index.php?rest_route=%2Fwp%2Fv2%2Fcomments&post=635"}],"version-history":[{"count":2,"href":"https:\/\/infos-droitshumains.net\/index.php?rest_route=\/wp\/v2\/posts\/635\/revisions"}],"predecessor-version":[{"id":637,"href":"https:\/\/infos-droitshumains.net\/index.php?rest_route=\/wp\/v2\/posts\/635\/revisions\/637"}],"wp:attachment":[{"href":"https:\/\/infos-droitshumains.net\/index.php?rest_route=%2Fwp%2Fv2%2Fmedia&parent=635"}],"wp:term":[{"taxonomy":"category","embeddable":true,"href":"https:\/\/infos-droitshumains.net\/index.php?rest_route=%2Fwp%2Fv2%2Fcategories&post=635"},{"taxonomy":"post_tag","embeddable":true,"href":"https:\/\/infos-droitshumains.net\/index.php?rest_route=%2Fwp%2Fv2%2Ftags&post=635"}],"curies":[{"name":"wp","href":"https:\/\/api.w.org\/{rel}","templated":true}]}}