{"id":6257,"date":"2023-01-13T16:07:53","date_gmt":"2023-01-13T15:07:53","guid":{"rendered":"https:\/\/infos-droitshumains.net\/?p=6257"},"modified":"2023-01-13T16:56:10","modified_gmt":"2023-01-13T15:56:10","slug":"kinshasa-grace-a-la-fondation-charles-mbuta-muntu-plusieurs-ecoles-de-mombele-sont-equipees-en-materiels-didactiques","status":"publish","type":"post","link":"https:\/\/infos-droitshumains.net\/?p=6257","title":{"rendered":"Kinshasa\u00a0: La fondation Charles Mbuta Muntu et Me. Junior Mosei dotent plusieurs \u00e9coles de Mombele en mat\u00e9riels didactiques"},"content":{"rendered":"\n<p><strong>R\u00e9daction :+243817406088<\/strong><\/p>\n\n\n\n<p><strong><em>\u00ab&nbsp;Un peuple qui oublie ses origines est appel\u00e9 \u00e0 disparaitre&nbsp;\u00bb<\/em><\/strong> dit-on. Tr\u00e8s inspir\u00e9 par cet adage, Maitre Junior Mosei pens\u00e9 aux \u00e9tablissements scolaires du Quartier Mombele.<\/p>\n\n\n\n<figure class=\"wp-block-image size-full\"><img data-recalc-dims=\"1\" fetchpriority=\"high\" decoding=\"async\" width=\"640\" height=\"369\" src=\"https:\/\/i0.wp.com\/infos-droitshumains.net\/wp-content\/uploads\/2023\/01\/IMG-20230113-WA0012.jpg?resize=640%2C369&#038;ssl=1\" alt=\"\" class=\"wp-image-6269\" srcset=\"https:\/\/i0.wp.com\/infos-droitshumains.net\/wp-content\/uploads\/2023\/01\/IMG-20230113-WA0012.jpg?w=1000&amp;ssl=1 1000w, https:\/\/i0.wp.com\/infos-droitshumains.net\/wp-content\/uploads\/2023\/01\/IMG-20230113-WA0012.jpg?resize=300%2C173&amp;ssl=1 300w, https:\/\/i0.wp.com\/infos-droitshumains.net\/wp-content\/uploads\/2023\/01\/IMG-20230113-WA0012.jpg?resize=768%2C443&amp;ssl=1 768w\" sizes=\"(max-width: 640px) 100vw, 640px\" \/><\/figure>\n\n\n\n<p>Au nom de la fondation Charles Mbuta Muntu, ce haut cadre de l\u2019Alliance des Congolais Progressistes a remis ce mercredi 11 janvier, un lot de mat\u00e9riels didactiques \u00e0 plusieurs \u00e9coles de ce Quartier de la Commune de Limete.<\/p>\n\n\n\n<figure class=\"wp-block-image size-full\"><img data-recalc-dims=\"1\" decoding=\"async\" width=\"640\" height=\"369\" src=\"https:\/\/i0.wp.com\/infos-droitshumains.net\/wp-content\/uploads\/2023\/01\/IMG-20230113-WA0011.jpg?resize=640%2C369&#038;ssl=1\" alt=\"\" class=\"wp-image-6273\" srcset=\"https:\/\/i0.wp.com\/infos-droitshumains.net\/wp-content\/uploads\/2023\/01\/IMG-20230113-WA0011.jpg?w=1000&amp;ssl=1 1000w, https:\/\/i0.wp.com\/infos-droitshumains.net\/wp-content\/uploads\/2023\/01\/IMG-20230113-WA0011.jpg?resize=300%2C173&amp;ssl=1 300w, https:\/\/i0.wp.com\/infos-droitshumains.net\/wp-content\/uploads\/2023\/01\/IMG-20230113-WA0011.jpg?resize=768%2C443&amp;ssl=1 768w\" sizes=\"(max-width: 640px) 100vw, 640px\" \/><\/figure>\n\n\n\n<p>Plusieurs \u00e9coles ont b\u00e9n\u00e9fici\u00e9 de ce geste de g\u00e9n\u00e9rosit\u00e9 de la fondation Charles Mbuta Muntu pos\u00e9 par Maitre Junior Mosei. Il s\u2019agit entre autre de l\u2019EP 3 &amp;7 Mombele, EP 2 &amp; 5 Mombele&nbsp;, Coll\u00e8ge Saint Amand, \u00e9cole parole de vie, complexe Scolaire Saint F\u00e9lix et Bana Mwinda.<\/p>\n\n\n\n<figure class=\"wp-block-image alignfull size-full\"><img data-recalc-dims=\"1\" decoding=\"async\" width=\"640\" height=\"369\" src=\"https:\/\/i0.wp.com\/infos-droitshumains.net\/wp-content\/uploads\/2023\/01\/IMG-20230113-WA0004.jpg?resize=640%2C369&#038;ssl=1\" alt=\"\" class=\"wp-image-6276\" srcset=\"https:\/\/i0.wp.com\/infos-droitshumains.net\/wp-content\/uploads\/2023\/01\/IMG-20230113-WA0004.jpg?w=1000&amp;ssl=1 1000w, https:\/\/i0.wp.com\/infos-droitshumains.net\/wp-content\/uploads\/2023\/01\/IMG-20230113-WA0004.jpg?resize=300%2C173&amp;ssl=1 300w, https:\/\/i0.wp.com\/infos-droitshumains.net\/wp-content\/uploads\/2023\/01\/IMG-20230113-WA0004.jpg?resize=768%2C443&amp;ssl=1 768w\" sizes=\"(max-width: 640px) 100vw, 640px\" \/><\/figure>\n\n\n\n<p>Ce lot de mat\u00e9riel didactique \u00e9tait essentiellement constitu\u00e9 des mat\u00e9riels de Laboratoire, de balances, &nbsp;les globes terrestres, les \u00e9querres etc\u2026 Pour Maitre Mosei, l\u2019objectif premier est <em>\u00ab&nbsp;d\u2019aider les \u00e9l\u00e8ves \u00e0 bien assimiler la th\u00e9orie \u00e0 la pratique&nbsp;\u00bb, <\/em>mais surtout, il dit vouloir se battre pour chercher \u00e0 d\u00e9velopper son Quartier Mombele.<\/p>\n\n\n\n<figure class=\"wp-block-image alignfull size-full\"><img data-recalc-dims=\"1\" loading=\"lazy\" decoding=\"async\" width=\"640\" height=\"369\" src=\"https:\/\/i0.wp.com\/infos-droitshumains.net\/wp-content\/uploads\/2023\/01\/IMG-20230113-WA0005.jpg?resize=640%2C369&#038;ssl=1\" alt=\"\" class=\"wp-image-6284\" srcset=\"https:\/\/i0.wp.com\/infos-droitshumains.net\/wp-content\/uploads\/2023\/01\/IMG-20230113-WA0005.jpg?w=1000&amp;ssl=1 1000w, https:\/\/i0.wp.com\/infos-droitshumains.net\/wp-content\/uploads\/2023\/01\/IMG-20230113-WA0005.jpg?resize=300%2C173&amp;ssl=1 300w, https:\/\/i0.wp.com\/infos-droitshumains.net\/wp-content\/uploads\/2023\/01\/IMG-20230113-WA0005.jpg?resize=768%2C443&amp;ssl=1 768w\" sizes=\"(max-width: 640px) 100vw, 640px\" \/><\/figure>\n\n\n\n<figure class=\"wp-block-image alignfull size-full\"><img data-recalc-dims=\"1\" loading=\"lazy\" decoding=\"async\" width=\"640\" height=\"369\" src=\"https:\/\/i0.wp.com\/infos-droitshumains.net\/wp-content\/uploads\/2023\/01\/IMG-20230113-WA0010.jpg?resize=640%2C369&#038;ssl=1\" alt=\"\" class=\"wp-image-6288\" srcset=\"https:\/\/i0.wp.com\/infos-droitshumains.net\/wp-content\/uploads\/2023\/01\/IMG-20230113-WA0010.jpg?w=1000&amp;ssl=1 1000w, https:\/\/i0.wp.com\/infos-droitshumains.net\/wp-content\/uploads\/2023\/01\/IMG-20230113-WA0010.jpg?resize=300%2C173&amp;ssl=1 300w, https:\/\/i0.wp.com\/infos-droitshumains.net\/wp-content\/uploads\/2023\/01\/IMG-20230113-WA0010.jpg?resize=768%2C443&amp;ssl=1 768w\" sizes=\"(max-width: 640px) 100vw, 640px\" \/><\/figure>\n\n\n\n<figure class=\"wp-block-image alignfull size-full\"><img data-recalc-dims=\"1\" loading=\"lazy\" decoding=\"async\" width=\"640\" height=\"369\" src=\"https:\/\/i0.wp.com\/infos-droitshumains.net\/wp-content\/uploads\/2023\/01\/IMG-20230113-WA0009.jpg?resize=640%2C369&#038;ssl=1\" alt=\"\" class=\"wp-image-6292\" srcset=\"https:\/\/i0.wp.com\/infos-droitshumains.net\/wp-content\/uploads\/2023\/01\/IMG-20230113-WA0009.jpg?w=1000&amp;ssl=1 1000w, https:\/\/i0.wp.com\/infos-droitshumains.net\/wp-content\/uploads\/2023\/01\/IMG-20230113-WA0009.jpg?resize=300%2C173&amp;ssl=1 300w, https:\/\/i0.wp.com\/infos-droitshumains.net\/wp-content\/uploads\/2023\/01\/IMG-20230113-WA0009.jpg?resize=768%2C443&amp;ssl=1 768w\" sizes=\"(max-width: 640px) 100vw, 640px\" \/><\/figure>\n\n\n\n<p><em>\u00ab Nous sommes les enfants de Mombele. Avec le soutien de la fondation Charles Mbuta Muntu, dans le cadre de l\u2019ACP, nous voulons que nos enfants, nos petits fr\u00e8res, nos petites s\u0153urs, nos petits fils, nos \u00e9l\u00e8ves puissent bien suivre les cours &nbsp;avec le mat\u00e9riel didactique. Nous ne pouvons pas abandonner Mombele \u00e0 son triste sort. Nous nous battons pour que notre Quartier se d\u00e9veloppe&nbsp;\u00bb,<\/em> a-t-il indiqu\u00e9.<\/p>\n\n\n\n<p>Les b\u00e9n\u00e9ficiaires ont exprim\u00e9 leur gratitude \u00e0 Charles Mbuta Muntu, initiateur de la fondation qui porte&nbsp; son nom au \u00e0 l\u2019autorit\u00e9 morale de l\u2019ACP Gentiny Ngobila Mbaka. Ils ont souhait\u00e9 que cette initiative soit continuelle pour le d\u00e9veloppement du Quartier Mombele.<\/p>\n\n\n\n<figure class=\"wp-block-image alignfull size-full\"><img data-recalc-dims=\"1\" loading=\"lazy\" decoding=\"async\" width=\"640\" height=\"369\" src=\"https:\/\/i0.wp.com\/infos-droitshumains.net\/wp-content\/uploads\/2023\/01\/IMG-20230113-WA0006.jpg?resize=640%2C369&#038;ssl=1\" alt=\"\" class=\"wp-image-6282\" srcset=\"https:\/\/i0.wp.com\/infos-droitshumains.net\/wp-content\/uploads\/2023\/01\/IMG-20230113-WA0006.jpg?w=1000&amp;ssl=1 1000w, https:\/\/i0.wp.com\/infos-droitshumains.net\/wp-content\/uploads\/2023\/01\/IMG-20230113-WA0006.jpg?resize=300%2C173&amp;ssl=1 300w, https:\/\/i0.wp.com\/infos-droitshumains.net\/wp-content\/uploads\/2023\/01\/IMG-20230113-WA0006.jpg?resize=768%2C443&amp;ssl=1 768w\" sizes=\"(max-width: 640px) 100vw, 640px\" \/><\/figure>\n\n\n\n<p>Jo\u00ebl Diawa<\/p>\n","protected":false},"excerpt":{"rendered":"<p>R\u00e9daction :+243817406088 \u00ab&nbsp;Un peuple qui oublie ses origines est appel\u00e9 \u00e0 disparaitre&nbsp;\u00bb dit-on. Tr\u00e8s inspir\u00e9&#8230;<\/p>\n","protected":false},"author":2,"featured_media":6267,"comment_status":"open","ping_status":"open","sticky":false,"template":"","format":"standard","meta":{"_jetpack_memberships_contains_paid_content":false,"footnotes":""},"categories":[8],"tags":[],"class_list":["post-6257","post","type-post","status-publish","format-standard","has-post-thumbnail","hentry","category-societe"],"yoast_head":"<!-- This site is optimized with the Yoast SEO plugin v27.5 - https:\/\/yoast.com\/product\/yoast-seo-wordpress\/ -->\n<title>Kinshasa\u00a0: La fondation Charles Mbuta Muntu et Me. Junior Mosei dotent plusieurs \u00e9coles de Mombele en mat\u00e9riels didactiques - Infos Droits Humains<\/title>\n<meta name=\"robots\" content=\"index, follow, max-snippet:-1, max-image-preview:large, max-video-preview:-1\" \/>\n<link rel=\"canonical\" href=\"https:\/\/infos-droitshumains.net\/?p=6257\" \/>\n<meta property=\"og:locale\" content=\"fr_FR\" \/>\n<meta property=\"og:type\" content=\"article\" \/>\n<meta property=\"og:title\" content=\"Kinshasa\u00a0: La fondation Charles Mbuta Muntu et Me. Junior Mosei dotent plusieurs \u00e9coles de Mombele en mat\u00e9riels didactiques - Infos Droits Humains\" \/>\n<meta property=\"og:description\" content=\"R\u00e9daction :+243817406088 \u00ab&nbsp;Un peuple qui oublie ses origines est appel\u00e9 \u00e0 disparaitre&nbsp;\u00bb dit-on. Tr\u00e8s inspir\u00e9...\" \/>\n<meta property=\"og:url\" content=\"https:\/\/infos-droitshumains.net\/?p=6257\" \/>\n<meta property=\"og:site_name\" content=\"Infos Droits Humains\" \/>\n<meta property=\"article:published_time\" content=\"2023-01-13T15:07:53+00:00\" \/>\n<meta property=\"article:modified_time\" content=\"2023-01-13T15:56:10+00:00\" \/>\n<meta property=\"og:image\" content=\"https:\/\/i0.wp.com\/infos-droitshumains.net\/wp-content\/uploads\/2023\/01\/IMG-20230113-WA0008.jpg?fit=1000%2C577&ssl=1\" \/>\n\t<meta property=\"og:image:width\" content=\"1000\" \/>\n\t<meta property=\"og:image:height\" content=\"577\" \/>\n\t<meta property=\"og:image:type\" content=\"image\/jpeg\" \/>\n<meta name=\"author\" content=\"Jo\u00ebl Diawa\" \/>\n<meta name=\"twitter:card\" content=\"summary_large_image\" \/>\n<meta name=\"twitter:label1\" content=\"\u00c9crit par\" \/>\n\t<meta name=\"twitter:data1\" content=\"Jo\u00ebl Diawa\" \/>\n\t<meta name=\"twitter:label2\" content=\"Dur\u00e9e de lecture estim\u00e9e\" \/>\n\t<meta name=\"twitter:data2\" content=\"2 minutes\" \/>\n<script type=\"application\/ld+json\" class=\"yoast-schema-graph\">{\"@context\":\"https:\\\/\\\/schema.org\",\"@graph\":[{\"@type\":\"Article\",\"@id\":\"https:\\\/\\\/infos-droitshumains.net\\\/?p=6257#article\",\"isPartOf\":{\"@id\":\"https:\\\/\\\/infos-droitshumains.net\\\/?p=6257\"},\"author\":{\"name\":\"Jo\u00ebl Diawa\",\"@id\":\"https:\\\/\\\/infos-droitshumains.net\\\/#\\\/schema\\\/person\\\/3dc5e921c3302172e0ed4362f96faab7\"},\"headline\":\"Kinshasa\u00a0: La fondation Charles Mbuta Muntu et Me. Junior Mosei dotent plusieurs \u00e9coles de Mombele en mat\u00e9riels didactiques\",\"datePublished\":\"2023-01-13T15:07:53+00:00\",\"dateModified\":\"2023-01-13T15:56:10+00:00\",\"mainEntityOfPage\":{\"@id\":\"https:\\\/\\\/infos-droitshumains.net\\\/?p=6257\"},\"wordCount\":320,\"commentCount\":0,\"publisher\":{\"@id\":\"https:\\\/\\\/infos-droitshumains.net\\\/#organization\"},\"image\":{\"@id\":\"https:\\\/\\\/infos-droitshumains.net\\\/?p=6257#primaryimage\"},\"thumbnailUrl\":\"https:\\\/\\\/i0.wp.com\\\/infos-droitshumains.net\\\/wp-content\\\/uploads\\\/2023\\\/01\\\/IMG-20230113-WA0008.jpg?fit=1000%2C577&ssl=1\",\"articleSection\":[\"Soci\u00e9t\u00e9\"],\"inLanguage\":\"fr-FR\",\"potentialAction\":[{\"@type\":\"CommentAction\",\"name\":\"Comment\",\"target\":[\"https:\\\/\\\/infos-droitshumains.net\\\/?p=6257#respond\"]}]},{\"@type\":\"WebPage\",\"@id\":\"https:\\\/\\\/infos-droitshumains.net\\\/?p=6257\",\"url\":\"https:\\\/\\\/infos-droitshumains.net\\\/?p=6257\",\"name\":\"Kinshasa\u00a0: La fondation Charles Mbuta Muntu et Me. Junior Mosei dotent plusieurs \u00e9coles de Mombele en mat\u00e9riels didactiques - Infos Droits Humains\",\"isPartOf\":{\"@id\":\"https:\\\/\\\/infos-droitshumains.net\\\/#website\"},\"primaryImageOfPage\":{\"@id\":\"https:\\\/\\\/infos-droitshumains.net\\\/?p=6257#primaryimage\"},\"image\":{\"@id\":\"https:\\\/\\\/infos-droitshumains.net\\\/?p=6257#primaryimage\"},\"thumbnailUrl\":\"https:\\\/\\\/i0.wp.com\\\/infos-droitshumains.net\\\/wp-content\\\/uploads\\\/2023\\\/01\\\/IMG-20230113-WA0008.jpg?fit=1000%2C577&ssl=1\",\"datePublished\":\"2023-01-13T15:07:53+00:00\",\"dateModified\":\"2023-01-13T15:56:10+00:00\",\"breadcrumb\":{\"@id\":\"https:\\\/\\\/infos-droitshumains.net\\\/?p=6257#breadcrumb\"},\"inLanguage\":\"fr-FR\",\"potentialAction\":[{\"@type\":\"ReadAction\",\"target\":[\"https:\\\/\\\/infos-droitshumains.net\\\/?p=6257\"]}]},{\"@type\":\"ImageObject\",\"inLanguage\":\"fr-FR\",\"@id\":\"https:\\\/\\\/infos-droitshumains.net\\\/?p=6257#primaryimage\",\"url\":\"https:\\\/\\\/i0.wp.com\\\/infos-droitshumains.net\\\/wp-content\\\/uploads\\\/2023\\\/01\\\/IMG-20230113-WA0008.jpg?fit=1000%2C577&ssl=1\",\"contentUrl\":\"https:\\\/\\\/i0.wp.com\\\/infos-droitshumains.net\\\/wp-content\\\/uploads\\\/2023\\\/01\\\/IMG-20230113-WA0008.jpg?fit=1000%2C577&ssl=1\",\"width\":1000,\"height\":577},{\"@type\":\"BreadcrumbList\",\"@id\":\"https:\\\/\\\/infos-droitshumains.net\\\/?p=6257#breadcrumb\",\"itemListElement\":[{\"@type\":\"ListItem\",\"position\":1,\"name\":\"Accueil\",\"item\":\"https:\\\/\\\/infos-droitshumains.net\\\/\"},{\"@type\":\"ListItem\",\"position\":2,\"name\":\"Kinshasa\u00a0: La fondation Charles Mbuta Muntu et Me. Junior Mosei dotent plusieurs \u00e9coles de Mombele en mat\u00e9riels didactiques\"}]},{\"@type\":\"WebSite\",\"@id\":\"https:\\\/\\\/infos-droitshumains.net\\\/#website\",\"url\":\"https:\\\/\\\/infos-droitshumains.net\\\/\",\"name\":\"Infos Droits Humains\",\"description\":\"S&#039;informer est un droit\",\"publisher\":{\"@id\":\"https:\\\/\\\/infos-droitshumains.net\\\/#organization\"},\"potentialAction\":[{\"@type\":\"SearchAction\",\"target\":{\"@type\":\"EntryPoint\",\"urlTemplate\":\"https:\\\/\\\/infos-droitshumains.net\\\/?s={search_term_string}\"},\"query-input\":{\"@type\":\"PropertyValueSpecification\",\"valueRequired\":true,\"valueName\":\"search_term_string\"}}],\"inLanguage\":\"fr-FR\"},{\"@type\":\"Organization\",\"@id\":\"https:\\\/\\\/infos-droitshumains.net\\\/#organization\",\"name\":\"Infos Droits Humains\",\"url\":\"https:\\\/\\\/infos-droitshumains.net\\\/\",\"logo\":{\"@type\":\"ImageObject\",\"inLanguage\":\"fr-FR\",\"@id\":\"https:\\\/\\\/infos-droitshumains.net\\\/#\\\/schema\\\/logo\\\/image\\\/\",\"url\":\"https:\\\/\\\/i0.wp.com\\\/infos-droitshumains.net\\\/wp-content\\\/uploads\\\/2022\\\/05\\\/Logo.png?fit=333%2C129&ssl=1\",\"contentUrl\":\"https:\\\/\\\/i0.wp.com\\\/infos-droitshumains.net\\\/wp-content\\\/uploads\\\/2022\\\/05\\\/Logo.png?fit=333%2C129&ssl=1\",\"width\":333,\"height\":129,\"caption\":\"Infos Droits Humains\"},\"image\":{\"@id\":\"https:\\\/\\\/infos-droitshumains.net\\\/#\\\/schema\\\/logo\\\/image\\\/\"}},{\"@type\":\"Person\",\"@id\":\"https:\\\/\\\/infos-droitshumains.net\\\/#\\\/schema\\\/person\\\/3dc5e921c3302172e0ed4362f96faab7\",\"name\":\"Jo\u00ebl Diawa\",\"image\":{\"@type\":\"ImageObject\",\"inLanguage\":\"fr-FR\",\"@id\":\"https:\\\/\\\/secure.gravatar.com\\\/avatar\\\/729bea6ff4604c624417803c477363be8e3c7186deaa65713313f9b4b820f41c?s=96&d=mm&r=g\",\"url\":\"https:\\\/\\\/secure.gravatar.com\\\/avatar\\\/729bea6ff4604c624417803c477363be8e3c7186deaa65713313f9b4b820f41c?s=96&d=mm&r=g\",\"contentUrl\":\"https:\\\/\\\/secure.gravatar.com\\\/avatar\\\/729bea6ff4604c624417803c477363be8e3c7186deaa65713313f9b4b820f41c?s=96&d=mm&r=g\",\"caption\":\"Jo\u00ebl Diawa\"},\"sameAs\":[\"https:\\\/\\\/www.infos-droitshumains.net\"],\"url\":\"https:\\\/\\\/infos-droitshumains.net\\\/?author=2\"}]}<\/script>\n<!-- \/ Yoast SEO plugin. -->","yoast_head_json":{"title":"Kinshasa\u00a0: La fondation Charles Mbuta Muntu et Me. Junior Mosei dotent plusieurs \u00e9coles de Mombele en mat\u00e9riels didactiques - Infos Droits Humains","robots":{"index":"index","follow":"follow","max-snippet":"max-snippet:-1","max-image-preview":"max-image-preview:large","max-video-preview":"max-video-preview:-1"},"canonical":"https:\/\/infos-droitshumains.net\/?p=6257","og_locale":"fr_FR","og_type":"article","og_title":"Kinshasa\u00a0: La fondation Charles Mbuta Muntu et Me. Junior Mosei dotent plusieurs \u00e9coles de Mombele en mat\u00e9riels didactiques - Infos Droits Humains","og_description":"R\u00e9daction :+243817406088 \u00ab&nbsp;Un peuple qui oublie ses origines est appel\u00e9 \u00e0 disparaitre&nbsp;\u00bb dit-on. Tr\u00e8s inspir\u00e9...","og_url":"https:\/\/infos-droitshumains.net\/?p=6257","og_site_name":"Infos Droits Humains","article_published_time":"2023-01-13T15:07:53+00:00","article_modified_time":"2023-01-13T15:56:10+00:00","og_image":[{"width":1000,"height":577,"url":"https:\/\/i0.wp.com\/infos-droitshumains.net\/wp-content\/uploads\/2023\/01\/IMG-20230113-WA0008.jpg?fit=1000%2C577&ssl=1","type":"image\/jpeg"}],"author":"Jo\u00ebl Diawa","twitter_card":"summary_large_image","twitter_misc":{"\u00c9crit par":"Jo\u00ebl Diawa","Dur\u00e9e de lecture estim\u00e9e":"2 minutes"},"schema":{"@context":"https:\/\/schema.org","@graph":[{"@type":"Article","@id":"https:\/\/infos-droitshumains.net\/?p=6257#article","isPartOf":{"@id":"https:\/\/infos-droitshumains.net\/?p=6257"},"author":{"name":"Jo\u00ebl Diawa","@id":"https:\/\/infos-droitshumains.net\/#\/schema\/person\/3dc5e921c3302172e0ed4362f96faab7"},"headline":"Kinshasa\u00a0: La fondation Charles Mbuta Muntu et Me. Junior Mosei dotent plusieurs \u00e9coles de Mombele en mat\u00e9riels didactiques","datePublished":"2023-01-13T15:07:53+00:00","dateModified":"2023-01-13T15:56:10+00:00","mainEntityOfPage":{"@id":"https:\/\/infos-droitshumains.net\/?p=6257"},"wordCount":320,"commentCount":0,"publisher":{"@id":"https:\/\/infos-droitshumains.net\/#organization"},"image":{"@id":"https:\/\/infos-droitshumains.net\/?p=6257#primaryimage"},"thumbnailUrl":"https:\/\/i0.wp.com\/infos-droitshumains.net\/wp-content\/uploads\/2023\/01\/IMG-20230113-WA0008.jpg?fit=1000%2C577&ssl=1","articleSection":["Soci\u00e9t\u00e9"],"inLanguage":"fr-FR","potentialAction":[{"@type":"CommentAction","name":"Comment","target":["https:\/\/infos-droitshumains.net\/?p=6257#respond"]}]},{"@type":"WebPage","@id":"https:\/\/infos-droitshumains.net\/?p=6257","url":"https:\/\/infos-droitshumains.net\/?p=6257","name":"Kinshasa\u00a0: La fondation Charles Mbuta Muntu et Me. Junior Mosei dotent plusieurs \u00e9coles de Mombele en mat\u00e9riels didactiques - Infos Droits Humains","isPartOf":{"@id":"https:\/\/infos-droitshumains.net\/#website"},"primaryImageOfPage":{"@id":"https:\/\/infos-droitshumains.net\/?p=6257#primaryimage"},"image":{"@id":"https:\/\/infos-droitshumains.net\/?p=6257#primaryimage"},"thumbnailUrl":"https:\/\/i0.wp.com\/infos-droitshumains.net\/wp-content\/uploads\/2023\/01\/IMG-20230113-WA0008.jpg?fit=1000%2C577&ssl=1","datePublished":"2023-01-13T15:07:53+00:00","dateModified":"2023-01-13T15:56:10+00:00","breadcrumb":{"@id":"https:\/\/infos-droitshumains.net\/?p=6257#breadcrumb"},"inLanguage":"fr-FR","potentialAction":[{"@type":"ReadAction","target":["https:\/\/infos-droitshumains.net\/?p=6257"]}]},{"@type":"ImageObject","inLanguage":"fr-FR","@id":"https:\/\/infos-droitshumains.net\/?p=6257#primaryimage","url":"https:\/\/i0.wp.com\/infos-droitshumains.net\/wp-content\/uploads\/2023\/01\/IMG-20230113-WA0008.jpg?fit=1000%2C577&ssl=1","contentUrl":"https:\/\/i0.wp.com\/infos-droitshumains.net\/wp-content\/uploads\/2023\/01\/IMG-20230113-WA0008.jpg?fit=1000%2C577&ssl=1","width":1000,"height":577},{"@type":"BreadcrumbList","@id":"https:\/\/infos-droitshumains.net\/?p=6257#breadcrumb","itemListElement":[{"@type":"ListItem","position":1,"name":"Accueil","item":"https:\/\/infos-droitshumains.net\/"},{"@type":"ListItem","position":2,"name":"Kinshasa\u00a0: La fondation Charles Mbuta Muntu et Me. Junior Mosei dotent plusieurs \u00e9coles de Mombele en mat\u00e9riels didactiques"}]},{"@type":"WebSite","@id":"https:\/\/infos-droitshumains.net\/#website","url":"https:\/\/infos-droitshumains.net\/","name":"Infos Droits Humains","description":"S&#039;informer est un droit","publisher":{"@id":"https:\/\/infos-droitshumains.net\/#organization"},"potentialAction":[{"@type":"SearchAction","target":{"@type":"EntryPoint","urlTemplate":"https:\/\/infos-droitshumains.net\/?s={search_term_string}"},"query-input":{"@type":"PropertyValueSpecification","valueRequired":true,"valueName":"search_term_string"}}],"inLanguage":"fr-FR"},{"@type":"Organization","@id":"https:\/\/infos-droitshumains.net\/#organization","name":"Infos Droits Humains","url":"https:\/\/infos-droitshumains.net\/","logo":{"@type":"ImageObject","inLanguage":"fr-FR","@id":"https:\/\/infos-droitshumains.net\/#\/schema\/logo\/image\/","url":"https:\/\/i0.wp.com\/infos-droitshumains.net\/wp-content\/uploads\/2022\/05\/Logo.png?fit=333%2C129&ssl=1","contentUrl":"https:\/\/i0.wp.com\/infos-droitshumains.net\/wp-content\/uploads\/2022\/05\/Logo.png?fit=333%2C129&ssl=1","width":333,"height":129,"caption":"Infos Droits Humains"},"image":{"@id":"https:\/\/infos-droitshumains.net\/#\/schema\/logo\/image\/"}},{"@type":"Person","@id":"https:\/\/infos-droitshumains.net\/#\/schema\/person\/3dc5e921c3302172e0ed4362f96faab7","name":"Jo\u00ebl Diawa","image":{"@type":"ImageObject","inLanguage":"fr-FR","@id":"https:\/\/secure.gravatar.com\/avatar\/729bea6ff4604c624417803c477363be8e3c7186deaa65713313f9b4b820f41c?s=96&d=mm&r=g","url":"https:\/\/secure.gravatar.com\/avatar\/729bea6ff4604c624417803c477363be8e3c7186deaa65713313f9b4b820f41c?s=96&d=mm&r=g","contentUrl":"https:\/\/secure.gravatar.com\/avatar\/729bea6ff4604c624417803c477363be8e3c7186deaa65713313f9b4b820f41c?s=96&d=mm&r=g","caption":"Jo\u00ebl Diawa"},"sameAs":["https:\/\/www.infos-droitshumains.net"],"url":"https:\/\/infos-droitshumains.net\/?author=2"}]}},"featured_image_urls":{"full":["https:\/\/i0.wp.com\/infos-droitshumains.net\/wp-content\/uploads\/2023\/01\/IMG-20230113-WA0008.jpg?fit=1000%2C577&ssl=1",1000,577,false],"thumbnail":["https:\/\/i0.wp.com\/infos-droitshumains.net\/wp-content\/uploads\/2023\/01\/IMG-20230113-WA0008.jpg?resize=150%2C150&ssl=1",150,150,true],"medium":["https:\/\/i0.wp.com\/infos-droitshumains.net\/wp-content\/uploads\/2023\/01\/IMG-20230113-WA0008.jpg?fit=300%2C173&ssl=1",300,173,true],"medium_large":["https:\/\/i0.wp.com\/infos-droitshumains.net\/wp-content\/uploads\/2023\/01\/IMG-20230113-WA0008.jpg?fit=640%2C369&ssl=1",640,369,true],"large":["https:\/\/i0.wp.com\/infos-droitshumains.net\/wp-content\/uploads\/2023\/01\/IMG-20230113-WA0008.jpg?fit=640%2C369&ssl=1",640,369,true],"1536x1536":["https:\/\/i0.wp.com\/infos-droitshumains.net\/wp-content\/uploads\/2023\/01\/IMG-20230113-WA0008.jpg?fit=1000%2C577&ssl=1",1000,577,true],"2048x2048":["https:\/\/i0.wp.com\/infos-droitshumains.net\/wp-content\/uploads\/2023\/01\/IMG-20230113-WA0008.jpg?fit=1000%2C577&ssl=1",1000,577,true],"covernews-slider-full":["https:\/\/i0.wp.com\/infos-droitshumains.net\/wp-content\/uploads\/2023\/01\/IMG-20230113-WA0008.jpg?resize=1000%2C577&ssl=1",1000,577,true],"covernews-slider-center":["https:\/\/i0.wp.com\/infos-droitshumains.net\/wp-content\/uploads\/2023\/01\/IMG-20230113-WA0008.jpg?resize=800%2C500&ssl=1",800,500,true],"covernews-featured":["https:\/\/i0.wp.com\/infos-droitshumains.net\/wp-content\/uploads\/2023\/01\/IMG-20230113-WA0008.jpg?fit=1000%2C577&ssl=1",1000,577,true],"covernews-medium":["https:\/\/i0.wp.com\/infos-droitshumains.net\/wp-content\/uploads\/2023\/01\/IMG-20230113-WA0008.jpg?resize=540%2C340&ssl=1",540,340,true],"covernews-medium-square":["https:\/\/i0.wp.com\/infos-droitshumains.net\/wp-content\/uploads\/2023\/01\/IMG-20230113-WA0008.jpg?resize=400%2C250&ssl=1",400,250,true]},"author_info":{"display_name":"Jo\u00ebl Diawa","author_link":"https:\/\/infos-droitshumains.net\/?author=2"},"category_info":"<a href=\"https:\/\/infos-droitshumains.net\/?cat=8\" rel=\"category\">Soci\u00e9t\u00e9<\/a>","tag_info":"Soci\u00e9t\u00e9","comment_count":"0","jetpack_featured_media_url":"https:\/\/i0.wp.com\/infos-droitshumains.net\/wp-content\/uploads\/2023\/01\/IMG-20230113-WA0008.jpg?fit=1000%2C577&ssl=1","jetpack-related-posts":[],"jetpack_sharing_enabled":true,"_links":{"self":[{"href":"https:\/\/infos-droitshumains.net\/index.php?rest_route=\/wp\/v2\/posts\/6257","targetHints":{"allow":["GET"]}}],"collection":[{"href":"https:\/\/infos-droitshumains.net\/index.php?rest_route=\/wp\/v2\/posts"}],"about":[{"href":"https:\/\/infos-droitshumains.net\/index.php?rest_route=\/wp\/v2\/types\/post"}],"author":[{"embeddable":true,"href":"https:\/\/infos-droitshumains.net\/index.php?rest_route=\/wp\/v2\/users\/2"}],"replies":[{"embeddable":true,"href":"https:\/\/infos-droitshumains.net\/index.php?rest_route=%2Fwp%2Fv2%2Fcomments&post=6257"}],"version-history":[{"count":21,"href":"https:\/\/infos-droitshumains.net\/index.php?rest_route=\/wp\/v2\/posts\/6257\/revisions"}],"predecessor-version":[{"id":6295,"href":"https:\/\/infos-droitshumains.net\/index.php?rest_route=\/wp\/v2\/posts\/6257\/revisions\/6295"}],"wp:featuredmedia":[{"embeddable":true,"href":"https:\/\/infos-droitshumains.net\/index.php?rest_route=\/wp\/v2\/media\/6267"}],"wp:attachment":[{"href":"https:\/\/infos-droitshumains.net\/index.php?rest_route=%2Fwp%2Fv2%2Fmedia&parent=6257"}],"wp:term":[{"taxonomy":"category","embeddable":true,"href":"https:\/\/infos-droitshumains.net\/index.php?rest_route=%2Fwp%2Fv2%2Fcategories&post=6257"},{"taxonomy":"post_tag","embeddable":true,"href":"https:\/\/infos-droitshumains.net\/index.php?rest_route=%2Fwp%2Fv2%2Ftags&post=6257"}],"curies":[{"name":"wp","href":"https:\/\/api.w.org\/{rel}","templated":true}]}}