{"id":6248,"date":"2023-01-11T14:55:57","date_gmt":"2023-01-11T13:55:57","guid":{"rendered":"https:\/\/infos-droitshumains.net\/?p=6248"},"modified":"2023-01-11T15:48:43","modified_gmt":"2023-01-11T14:48:43","slug":"droits-humains-la-rdc-se-dote-dune-politique-nationale-de-justice-transitionnelle","status":"publish","type":"post","link":"https:\/\/infos-droitshumains.net\/?p=6248","title":{"rendered":"Droits humains : la RDC se dote d&rsquo;une politique nationale de justice transitionnelle"},"content":{"rendered":"\n<p><strong>R\u00e9daction :+243817406088<\/strong><\/p>\n\n\n\n<p>La R\u00e9publique D\u00e9mocratique du Congo vient de se doter d&rsquo;une politique nationale de justice transitionnelle. A l\u2019issue d&rsquo;un atelier de validation organis\u00e9 ce mardi 10 janvier &nbsp;\u00e0 Kinshasa par le Bureau Conjoint des Nations unies aux Droits de&nbsp; l&rsquo;Homme (BCNUDH) en collaboration avec le minist\u00e8re des droits humains, le rapport final de cette politique a \u00e9t\u00e9 remis par le comit\u00e9 scientifique de la justice transitionnelle \u00e0 la Directrice de Cabinet adjointe du Chef de l&rsquo;\u00c9tat en charge des questions politiques, juridiques et diplomatiques, pour qui, la justice transitionnelle est partie int\u00e9grante de la vision du pr\u00e9sident de la r\u00e9publique sur la lutte contre l&rsquo;impunit\u00e9.<\/p>\n\n\n\n<p><em>\u00ab&nbsp;Au nom du chef de l&rsquo;\u00c9tat, j&rsquo;appelle tous \u00e0 s&rsquo;approprier de la justice transitionnelle qui servira de pilier et de source pour pr\u00e9venir les commissions et les tentatives d&rsquo;infractions les plus crapuleuses qui heurtent la sensibilit\u00e9 ou la morale de tout \u00eatre humain&nbsp;\u00bb,<\/em> a dit Nicole Ntumba Bwatsha.<\/p>\n\n\n\n<p>Pr\u00e9sentant ce document de politique nationale de justice transitionnelle \u00e9labor\u00e9 pendant trois mois, le Professeur Luzolo Bambi Lessa , pr\u00e9sident du comit\u00e9 scientifique, a renseign\u00e9 que ce document compte cinq axes majeurs reposant quatre piliers de la justice transitionnelle.<\/p>\n\n\n\n<p><em>\u00ab&nbsp;L&rsquo;on trouve la strat\u00e9gie globale ou holistique de la justice transitionnelle en RDC qui int\u00e8gre les quatre piliers \u00e0 savoir: recherche de la v\u00e9rit\u00e9 et r\u00e9conciliation, r\u00e9pression p\u00e9nale des crimes internationaux, de la r\u00e9paration des victimes de ces crimes et des garanties de non r\u00e9p\u00e9tition&nbsp;; sans oublier les aspects transversaux qui sont notamment le genre, la jeunesse et la prise en compte des groupes vuln\u00e9rables&nbsp;\u00bb.<\/em><\/p>\n\n\n\n<p>Pour sa part, le directeur du BCNUDH a f\u00e9licit\u00e9 le comit\u00e9 scientifique de la justice transitionnelle pour la qualit\u00e9 du travail abattu. Abdoul Aziz Thioye dit \u00eatre convaincu que l&rsquo;adoption de cette politique nationale de la justice transitionnelle dont certaines de ses options se rapprochant du rapport mapping, propulsera davantage la RDC sur l&rsquo;\u00e9chiquier international.<\/p>\n\n\n\n<p><em>\u00ab\u00a0Je n&rsquo;ai aucun doute une fois d\u00e9finitivement adopt\u00e9e, ce texte adapt\u00e9 au contexte national et aux victimes et qui s&rsquo;inscrit dans une approche multisectorielle contribuera au rayonnement international de la RDC\u00a0\u00bb,<\/em> a affirm\u00e9 Abdoul Aziz Thioye.<\/p>\n\n\n\n<p>Le travail du minist\u00e8re de la justice sera essentiellement ax\u00e9 sur <em>\u00ab\u00a0les poursuites judiciaires, les r\u00e9formes institutionnelles et les garanties de non r\u00e9p\u00e9tition\u00a0\u00bb<\/em>, question de favoriser la consolidation de l&rsquo;\u00e9tat de droit et la r\u00e9conciliation nationale a soulign\u00e9 Amato Bayubasire, vice-Ministre de la Justice.<\/p>\n\n\n\n<p>Le gouvernement de la RDC en ce qui le concerne, \u00ab&nbsp;assurera la mise en \u0153uvre effective de cette politique nationale de la justice transitionnelle afin que l&rsquo;\u00e9tat de droit voulu\u2026ne demeure pas un simple slogan, mais devienne une r\u00e9alit\u00e9&nbsp;\u00bb, a promis Albert-Fabrice Puela, ministre des Droits Humains.<\/p>\n\n\n\n<p>Une fois adopt\u00e9e au conseil des ministres et au parlement, ce document permettra d&rsquo;impl\u00e9menter les m\u00e9canismes&nbsp; de la justice transitionnelle afin de juger les auteurs des crimes commis pendant les conflits sur le sol congolais.<\/p>\n\n\n\n<p>AM<\/p>\n","protected":false},"excerpt":{"rendered":"<p>R\u00e9daction :+243817406088 La R\u00e9publique D\u00e9mocratique du Congo vient de se doter d&rsquo;une politique nationale de&#8230;<\/p>\n","protected":false},"author":2,"featured_media":6250,"comment_status":"open","ping_status":"open","sticky":false,"template":"","format":"standard","meta":{"_jetpack_memberships_contains_paid_content":false,"footnotes":""},"categories":[7],"tags":[],"class_list":["post-6248","post","type-post","status-publish","format-standard","has-post-thumbnail","hentry","category-droits-humains"],"yoast_head":"<!-- This site is optimized with the Yoast SEO plugin v27.5 - https:\/\/yoast.com\/product\/yoast-seo-wordpress\/ -->\n<title>Droits humains : la RDC se dote d&#039;une politique nationale de justice transitionnelle - Infos Droits Humains<\/title>\n<meta name=\"robots\" content=\"index, follow, max-snippet:-1, max-image-preview:large, max-video-preview:-1\" \/>\n<link rel=\"canonical\" href=\"https:\/\/infos-droitshumains.net\/?p=6248\" \/>\n<meta property=\"og:locale\" content=\"fr_FR\" \/>\n<meta property=\"og:type\" content=\"article\" \/>\n<meta property=\"og:title\" content=\"Droits humains : la RDC se dote d&#039;une politique nationale de justice transitionnelle - Infos Droits Humains\" \/>\n<meta property=\"og:description\" content=\"R\u00e9daction :+243817406088 La R\u00e9publique D\u00e9mocratique du Congo vient de se doter d&rsquo;une politique nationale de...\" \/>\n<meta property=\"og:url\" content=\"https:\/\/infos-droitshumains.net\/?p=6248\" \/>\n<meta property=\"og:site_name\" content=\"Infos Droits Humains\" \/>\n<meta property=\"article:published_time\" content=\"2023-01-11T13:55:57+00:00\" \/>\n<meta property=\"article:modified_time\" content=\"2023-01-11T14:48:43+00:00\" \/>\n<meta property=\"og:image\" content=\"https:\/\/i0.wp.com\/infos-droitshumains.net\/wp-content\/uploads\/2023\/01\/IMG-20230111-WA0040_1.jpg?fit=780%2C963&ssl=1\" \/>\n\t<meta property=\"og:image:width\" content=\"780\" \/>\n\t<meta property=\"og:image:height\" content=\"963\" \/>\n\t<meta property=\"og:image:type\" content=\"image\/jpeg\" \/>\n<meta name=\"author\" content=\"Jo\u00ebl Diawa\" \/>\n<meta name=\"twitter:card\" content=\"summary_large_image\" \/>\n<meta name=\"twitter:label1\" content=\"\u00c9crit par\" \/>\n\t<meta name=\"twitter:data1\" content=\"Jo\u00ebl Diawa\" \/>\n\t<meta name=\"twitter:label2\" content=\"Dur\u00e9e de lecture estim\u00e9e\" \/>\n\t<meta name=\"twitter:data2\" content=\"3 minutes\" \/>\n<script type=\"application\/ld+json\" class=\"yoast-schema-graph\">{\"@context\":\"https:\\\/\\\/schema.org\",\"@graph\":[{\"@type\":\"Article\",\"@id\":\"https:\\\/\\\/infos-droitshumains.net\\\/?p=6248#article\",\"isPartOf\":{\"@id\":\"https:\\\/\\\/infos-droitshumains.net\\\/?p=6248\"},\"author\":{\"name\":\"Jo\u00ebl Diawa\",\"@id\":\"https:\\\/\\\/infos-droitshumains.net\\\/#\\\/schema\\\/person\\\/3dc5e921c3302172e0ed4362f96faab7\"},\"headline\":\"Droits humains : la RDC se dote d&rsquo;une politique nationale de justice transitionnelle\",\"datePublished\":\"2023-01-11T13:55:57+00:00\",\"dateModified\":\"2023-01-11T14:48:43+00:00\",\"mainEntityOfPage\":{\"@id\":\"https:\\\/\\\/infos-droitshumains.net\\\/?p=6248\"},\"wordCount\":530,\"commentCount\":0,\"publisher\":{\"@id\":\"https:\\\/\\\/infos-droitshumains.net\\\/#organization\"},\"image\":{\"@id\":\"https:\\\/\\\/infos-droitshumains.net\\\/?p=6248#primaryimage\"},\"thumbnailUrl\":\"https:\\\/\\\/i0.wp.com\\\/infos-droitshumains.net\\\/wp-content\\\/uploads\\\/2023\\\/01\\\/IMG-20230111-WA0040_1.jpg?fit=780%2C963&ssl=1\",\"articleSection\":[\"Droits Humains\"],\"inLanguage\":\"fr-FR\",\"potentialAction\":[{\"@type\":\"CommentAction\",\"name\":\"Comment\",\"target\":[\"https:\\\/\\\/infos-droitshumains.net\\\/?p=6248#respond\"]}]},{\"@type\":\"WebPage\",\"@id\":\"https:\\\/\\\/infos-droitshumains.net\\\/?p=6248\",\"url\":\"https:\\\/\\\/infos-droitshumains.net\\\/?p=6248\",\"name\":\"Droits humains : la RDC se dote d'une politique nationale de justice transitionnelle - Infos Droits Humains\",\"isPartOf\":{\"@id\":\"https:\\\/\\\/infos-droitshumains.net\\\/#website\"},\"primaryImageOfPage\":{\"@id\":\"https:\\\/\\\/infos-droitshumains.net\\\/?p=6248#primaryimage\"},\"image\":{\"@id\":\"https:\\\/\\\/infos-droitshumains.net\\\/?p=6248#primaryimage\"},\"thumbnailUrl\":\"https:\\\/\\\/i0.wp.com\\\/infos-droitshumains.net\\\/wp-content\\\/uploads\\\/2023\\\/01\\\/IMG-20230111-WA0040_1.jpg?fit=780%2C963&ssl=1\",\"datePublished\":\"2023-01-11T13:55:57+00:00\",\"dateModified\":\"2023-01-11T14:48:43+00:00\",\"breadcrumb\":{\"@id\":\"https:\\\/\\\/infos-droitshumains.net\\\/?p=6248#breadcrumb\"},\"inLanguage\":\"fr-FR\",\"potentialAction\":[{\"@type\":\"ReadAction\",\"target\":[\"https:\\\/\\\/infos-droitshumains.net\\\/?p=6248\"]}]},{\"@type\":\"ImageObject\",\"inLanguage\":\"fr-FR\",\"@id\":\"https:\\\/\\\/infos-droitshumains.net\\\/?p=6248#primaryimage\",\"url\":\"https:\\\/\\\/i0.wp.com\\\/infos-droitshumains.net\\\/wp-content\\\/uploads\\\/2023\\\/01\\\/IMG-20230111-WA0040_1.jpg?fit=780%2C963&ssl=1\",\"contentUrl\":\"https:\\\/\\\/i0.wp.com\\\/infos-droitshumains.net\\\/wp-content\\\/uploads\\\/2023\\\/01\\\/IMG-20230111-WA0040_1.jpg?fit=780%2C963&ssl=1\",\"width\":780,\"height\":963},{\"@type\":\"BreadcrumbList\",\"@id\":\"https:\\\/\\\/infos-droitshumains.net\\\/?p=6248#breadcrumb\",\"itemListElement\":[{\"@type\":\"ListItem\",\"position\":1,\"name\":\"Accueil\",\"item\":\"https:\\\/\\\/infos-droitshumains.net\\\/\"},{\"@type\":\"ListItem\",\"position\":2,\"name\":\"Droits humains : la RDC se dote d&rsquo;une politique nationale de justice transitionnelle\"}]},{\"@type\":\"WebSite\",\"@id\":\"https:\\\/\\\/infos-droitshumains.net\\\/#website\",\"url\":\"https:\\\/\\\/infos-droitshumains.net\\\/\",\"name\":\"Infos Droits Humains\",\"description\":\"S&#039;informer est un droit\",\"publisher\":{\"@id\":\"https:\\\/\\\/infos-droitshumains.net\\\/#organization\"},\"potentialAction\":[{\"@type\":\"SearchAction\",\"target\":{\"@type\":\"EntryPoint\",\"urlTemplate\":\"https:\\\/\\\/infos-droitshumains.net\\\/?s={search_term_string}\"},\"query-input\":{\"@type\":\"PropertyValueSpecification\",\"valueRequired\":true,\"valueName\":\"search_term_string\"}}],\"inLanguage\":\"fr-FR\"},{\"@type\":\"Organization\",\"@id\":\"https:\\\/\\\/infos-droitshumains.net\\\/#organization\",\"name\":\"Infos Droits Humains\",\"url\":\"https:\\\/\\\/infos-droitshumains.net\\\/\",\"logo\":{\"@type\":\"ImageObject\",\"inLanguage\":\"fr-FR\",\"@id\":\"https:\\\/\\\/infos-droitshumains.net\\\/#\\\/schema\\\/logo\\\/image\\\/\",\"url\":\"https:\\\/\\\/i0.wp.com\\\/infos-droitshumains.net\\\/wp-content\\\/uploads\\\/2022\\\/05\\\/Logo.png?fit=333%2C129&ssl=1\",\"contentUrl\":\"https:\\\/\\\/i0.wp.com\\\/infos-droitshumains.net\\\/wp-content\\\/uploads\\\/2022\\\/05\\\/Logo.png?fit=333%2C129&ssl=1\",\"width\":333,\"height\":129,\"caption\":\"Infos Droits Humains\"},\"image\":{\"@id\":\"https:\\\/\\\/infos-droitshumains.net\\\/#\\\/schema\\\/logo\\\/image\\\/\"}},{\"@type\":\"Person\",\"@id\":\"https:\\\/\\\/infos-droitshumains.net\\\/#\\\/schema\\\/person\\\/3dc5e921c3302172e0ed4362f96faab7\",\"name\":\"Jo\u00ebl Diawa\",\"image\":{\"@type\":\"ImageObject\",\"inLanguage\":\"fr-FR\",\"@id\":\"https:\\\/\\\/secure.gravatar.com\\\/avatar\\\/729bea6ff4604c624417803c477363be8e3c7186deaa65713313f9b4b820f41c?s=96&d=mm&r=g\",\"url\":\"https:\\\/\\\/secure.gravatar.com\\\/avatar\\\/729bea6ff4604c624417803c477363be8e3c7186deaa65713313f9b4b820f41c?s=96&d=mm&r=g\",\"contentUrl\":\"https:\\\/\\\/secure.gravatar.com\\\/avatar\\\/729bea6ff4604c624417803c477363be8e3c7186deaa65713313f9b4b820f41c?s=96&d=mm&r=g\",\"caption\":\"Jo\u00ebl Diawa\"},\"sameAs\":[\"https:\\\/\\\/www.infos-droitshumains.net\"],\"url\":\"https:\\\/\\\/infos-droitshumains.net\\\/?author=2\"}]}<\/script>\n<!-- \/ Yoast SEO plugin. -->","yoast_head_json":{"title":"Droits humains : la RDC se dote d'une politique nationale de justice transitionnelle - Infos Droits Humains","robots":{"index":"index","follow":"follow","max-snippet":"max-snippet:-1","max-image-preview":"max-image-preview:large","max-video-preview":"max-video-preview:-1"},"canonical":"https:\/\/infos-droitshumains.net\/?p=6248","og_locale":"fr_FR","og_type":"article","og_title":"Droits humains : la RDC se dote d'une politique nationale de justice transitionnelle - Infos Droits Humains","og_description":"R\u00e9daction :+243817406088 La R\u00e9publique D\u00e9mocratique du Congo vient de se doter d&rsquo;une politique nationale de...","og_url":"https:\/\/infos-droitshumains.net\/?p=6248","og_site_name":"Infos Droits Humains","article_published_time":"2023-01-11T13:55:57+00:00","article_modified_time":"2023-01-11T14:48:43+00:00","og_image":[{"width":780,"height":963,"url":"https:\/\/i0.wp.com\/infos-droitshumains.net\/wp-content\/uploads\/2023\/01\/IMG-20230111-WA0040_1.jpg?fit=780%2C963&ssl=1","type":"image\/jpeg"}],"author":"Jo\u00ebl Diawa","twitter_card":"summary_large_image","twitter_misc":{"\u00c9crit par":"Jo\u00ebl Diawa","Dur\u00e9e de lecture estim\u00e9e":"3 minutes"},"schema":{"@context":"https:\/\/schema.org","@graph":[{"@type":"Article","@id":"https:\/\/infos-droitshumains.net\/?p=6248#article","isPartOf":{"@id":"https:\/\/infos-droitshumains.net\/?p=6248"},"author":{"name":"Jo\u00ebl Diawa","@id":"https:\/\/infos-droitshumains.net\/#\/schema\/person\/3dc5e921c3302172e0ed4362f96faab7"},"headline":"Droits humains : la RDC se dote d&rsquo;une politique nationale de justice transitionnelle","datePublished":"2023-01-11T13:55:57+00:00","dateModified":"2023-01-11T14:48:43+00:00","mainEntityOfPage":{"@id":"https:\/\/infos-droitshumains.net\/?p=6248"},"wordCount":530,"commentCount":0,"publisher":{"@id":"https:\/\/infos-droitshumains.net\/#organization"},"image":{"@id":"https:\/\/infos-droitshumains.net\/?p=6248#primaryimage"},"thumbnailUrl":"https:\/\/i0.wp.com\/infos-droitshumains.net\/wp-content\/uploads\/2023\/01\/IMG-20230111-WA0040_1.jpg?fit=780%2C963&ssl=1","articleSection":["Droits Humains"],"inLanguage":"fr-FR","potentialAction":[{"@type":"CommentAction","name":"Comment","target":["https:\/\/infos-droitshumains.net\/?p=6248#respond"]}]},{"@type":"WebPage","@id":"https:\/\/infos-droitshumains.net\/?p=6248","url":"https:\/\/infos-droitshumains.net\/?p=6248","name":"Droits humains : la RDC se dote d'une politique nationale de justice transitionnelle - Infos Droits Humains","isPartOf":{"@id":"https:\/\/infos-droitshumains.net\/#website"},"primaryImageOfPage":{"@id":"https:\/\/infos-droitshumains.net\/?p=6248#primaryimage"},"image":{"@id":"https:\/\/infos-droitshumains.net\/?p=6248#primaryimage"},"thumbnailUrl":"https:\/\/i0.wp.com\/infos-droitshumains.net\/wp-content\/uploads\/2023\/01\/IMG-20230111-WA0040_1.jpg?fit=780%2C963&ssl=1","datePublished":"2023-01-11T13:55:57+00:00","dateModified":"2023-01-11T14:48:43+00:00","breadcrumb":{"@id":"https:\/\/infos-droitshumains.net\/?p=6248#breadcrumb"},"inLanguage":"fr-FR","potentialAction":[{"@type":"ReadAction","target":["https:\/\/infos-droitshumains.net\/?p=6248"]}]},{"@type":"ImageObject","inLanguage":"fr-FR","@id":"https:\/\/infos-droitshumains.net\/?p=6248#primaryimage","url":"https:\/\/i0.wp.com\/infos-droitshumains.net\/wp-content\/uploads\/2023\/01\/IMG-20230111-WA0040_1.jpg?fit=780%2C963&ssl=1","contentUrl":"https:\/\/i0.wp.com\/infos-droitshumains.net\/wp-content\/uploads\/2023\/01\/IMG-20230111-WA0040_1.jpg?fit=780%2C963&ssl=1","width":780,"height":963},{"@type":"BreadcrumbList","@id":"https:\/\/infos-droitshumains.net\/?p=6248#breadcrumb","itemListElement":[{"@type":"ListItem","position":1,"name":"Accueil","item":"https:\/\/infos-droitshumains.net\/"},{"@type":"ListItem","position":2,"name":"Droits humains : la RDC se dote d&rsquo;une politique nationale de justice transitionnelle"}]},{"@type":"WebSite","@id":"https:\/\/infos-droitshumains.net\/#website","url":"https:\/\/infos-droitshumains.net\/","name":"Infos Droits Humains","description":"S&#039;informer est un droit","publisher":{"@id":"https:\/\/infos-droitshumains.net\/#organization"},"potentialAction":[{"@type":"SearchAction","target":{"@type":"EntryPoint","urlTemplate":"https:\/\/infos-droitshumains.net\/?s={search_term_string}"},"query-input":{"@type":"PropertyValueSpecification","valueRequired":true,"valueName":"search_term_string"}}],"inLanguage":"fr-FR"},{"@type":"Organization","@id":"https:\/\/infos-droitshumains.net\/#organization","name":"Infos Droits Humains","url":"https:\/\/infos-droitshumains.net\/","logo":{"@type":"ImageObject","inLanguage":"fr-FR","@id":"https:\/\/infos-droitshumains.net\/#\/schema\/logo\/image\/","url":"https:\/\/i0.wp.com\/infos-droitshumains.net\/wp-content\/uploads\/2022\/05\/Logo.png?fit=333%2C129&ssl=1","contentUrl":"https:\/\/i0.wp.com\/infos-droitshumains.net\/wp-content\/uploads\/2022\/05\/Logo.png?fit=333%2C129&ssl=1","width":333,"height":129,"caption":"Infos Droits Humains"},"image":{"@id":"https:\/\/infos-droitshumains.net\/#\/schema\/logo\/image\/"}},{"@type":"Person","@id":"https:\/\/infos-droitshumains.net\/#\/schema\/person\/3dc5e921c3302172e0ed4362f96faab7","name":"Jo\u00ebl Diawa","image":{"@type":"ImageObject","inLanguage":"fr-FR","@id":"https:\/\/secure.gravatar.com\/avatar\/729bea6ff4604c624417803c477363be8e3c7186deaa65713313f9b4b820f41c?s=96&d=mm&r=g","url":"https:\/\/secure.gravatar.com\/avatar\/729bea6ff4604c624417803c477363be8e3c7186deaa65713313f9b4b820f41c?s=96&d=mm&r=g","contentUrl":"https:\/\/secure.gravatar.com\/avatar\/729bea6ff4604c624417803c477363be8e3c7186deaa65713313f9b4b820f41c?s=96&d=mm&r=g","caption":"Jo\u00ebl Diawa"},"sameAs":["https:\/\/www.infos-droitshumains.net"],"url":"https:\/\/infos-droitshumains.net\/?author=2"}]}},"featured_image_urls":{"full":["https:\/\/i0.wp.com\/infos-droitshumains.net\/wp-content\/uploads\/2023\/01\/IMG-20230111-WA0040_1.jpg?fit=780%2C963&ssl=1",780,963,false],"thumbnail":["https:\/\/i0.wp.com\/infos-droitshumains.net\/wp-content\/uploads\/2023\/01\/IMG-20230111-WA0040_1.jpg?resize=150%2C150&ssl=1",150,150,true],"medium":["https:\/\/i0.wp.com\/infos-droitshumains.net\/wp-content\/uploads\/2023\/01\/IMG-20230111-WA0040_1.jpg?fit=243%2C300&ssl=1",243,300,true],"medium_large":["https:\/\/i0.wp.com\/infos-droitshumains.net\/wp-content\/uploads\/2023\/01\/IMG-20230111-WA0040_1.jpg?fit=640%2C790&ssl=1",640,790,true],"large":["https:\/\/i0.wp.com\/infos-droitshumains.net\/wp-content\/uploads\/2023\/01\/IMG-20230111-WA0040_1.jpg?fit=640%2C790&ssl=1",640,790,true],"1536x1536":["https:\/\/i0.wp.com\/infos-droitshumains.net\/wp-content\/uploads\/2023\/01\/IMG-20230111-WA0040_1.jpg?fit=780%2C963&ssl=1",780,963,true],"2048x2048":["https:\/\/i0.wp.com\/infos-droitshumains.net\/wp-content\/uploads\/2023\/01\/IMG-20230111-WA0040_1.jpg?fit=780%2C963&ssl=1",780,963,true],"covernews-slider-full":["https:\/\/i0.wp.com\/infos-droitshumains.net\/wp-content\/uploads\/2023\/01\/IMG-20230111-WA0040_1.jpg?resize=780%2C715&ssl=1",780,715,true],"covernews-slider-center":["https:\/\/i0.wp.com\/infos-droitshumains.net\/wp-content\/uploads\/2023\/01\/IMG-20230111-WA0040_1.jpg?resize=780%2C500&ssl=1",780,500,true],"covernews-featured":["https:\/\/i0.wp.com\/infos-droitshumains.net\/wp-content\/uploads\/2023\/01\/IMG-20230111-WA0040_1.jpg?fit=780%2C963&ssl=1",780,963,true],"covernews-medium":["https:\/\/i0.wp.com\/infos-droitshumains.net\/wp-content\/uploads\/2023\/01\/IMG-20230111-WA0040_1.jpg?resize=540%2C340&ssl=1",540,340,true],"covernews-medium-square":["https:\/\/i0.wp.com\/infos-droitshumains.net\/wp-content\/uploads\/2023\/01\/IMG-20230111-WA0040_1.jpg?resize=400%2C250&ssl=1",400,250,true]},"author_info":{"display_name":"Jo\u00ebl Diawa","author_link":"https:\/\/infos-droitshumains.net\/?author=2"},"category_info":"<a href=\"https:\/\/infos-droitshumains.net\/?cat=7\" rel=\"category\">Droits Humains<\/a>","tag_info":"Droits Humains","comment_count":"0","jetpack_featured_media_url":"https:\/\/i0.wp.com\/infos-droitshumains.net\/wp-content\/uploads\/2023\/01\/IMG-20230111-WA0040_1.jpg?fit=780%2C963&ssl=1","jetpack-related-posts":[],"jetpack_sharing_enabled":true,"_links":{"self":[{"href":"https:\/\/infos-droitshumains.net\/index.php?rest_route=\/wp\/v2\/posts\/6248","targetHints":{"allow":["GET"]}}],"collection":[{"href":"https:\/\/infos-droitshumains.net\/index.php?rest_route=\/wp\/v2\/posts"}],"about":[{"href":"https:\/\/infos-droitshumains.net\/index.php?rest_route=\/wp\/v2\/types\/post"}],"author":[{"embeddable":true,"href":"https:\/\/infos-droitshumains.net\/index.php?rest_route=\/wp\/v2\/users\/2"}],"replies":[{"embeddable":true,"href":"https:\/\/infos-droitshumains.net\/index.php?rest_route=%2Fwp%2Fv2%2Fcomments&post=6248"}],"version-history":[{"count":2,"href":"https:\/\/infos-droitshumains.net\/index.php?rest_route=\/wp\/v2\/posts\/6248\/revisions"}],"predecessor-version":[{"id":6251,"href":"https:\/\/infos-droitshumains.net\/index.php?rest_route=\/wp\/v2\/posts\/6248\/revisions\/6251"}],"wp:featuredmedia":[{"embeddable":true,"href":"https:\/\/infos-droitshumains.net\/index.php?rest_route=\/wp\/v2\/media\/6250"}],"wp:attachment":[{"href":"https:\/\/infos-droitshumains.net\/index.php?rest_route=%2Fwp%2Fv2%2Fmedia&parent=6248"}],"wp:term":[{"taxonomy":"category","embeddable":true,"href":"https:\/\/infos-droitshumains.net\/index.php?rest_route=%2Fwp%2Fv2%2Fcategories&post=6248"},{"taxonomy":"post_tag","embeddable":true,"href":"https:\/\/infos-droitshumains.net\/index.php?rest_route=%2Fwp%2Fv2%2Ftags&post=6248"}],"curies":[{"name":"wp","href":"https:\/\/api.w.org\/{rel}","templated":true}]}}