{"id":6065,"date":"2022-12-22T11:25:08","date_gmt":"2022-12-22T10:25:08","guid":{"rendered":"https:\/\/infos-droitshumains.net\/?p=6065"},"modified":"2022-12-22T11:33:53","modified_gmt":"2022-12-22T10:33:53","slug":"kinshasa-le-procureur-general-pres-la-cour-dappel-de-kinshasa-matete-interdit-letablissement-des-mandats-damener-pendant-la-periode-des-festivites","status":"publish","type":"post","link":"https:\/\/infos-droitshumains.net\/?p=6065","title":{"rendered":"Kinshasa\u00a0: Le Procureur G\u00e9n\u00e9ral pr\u00e8s la Cour d\u2019Appel de Kinshasa\/Matete interdit l\u2019\u00e9tablissement des mandats d\u2019amener pendant la p\u00e9riode des festivit\u00e9s"},"content":{"rendered":"\n<p><strong>R\u00e9daction :+243817406088<\/strong><\/p>\n\n\n\n<p>Le Procureur G\u00e9n\u00e9ral pr\u00e8s la Cour d\u2019Appel de Kinshasa\/Matete dans une instruction de service, interdit aux magistrats de son ressort &nbsp;d\u2019\u00e9tablir des mandats d\u2019amener pendant la p\u00e9riode comprise entre le 15 d\u00e9cembre 2022 et le 18 janvier 2023.<\/p>\n\n\n\n<p>Sylvain Kaluila Muana dit fonder sa d\u00e9cision aux informations \u00e0 ma possession qui renseignent <em>\u00ab\u00a0qu\u2019il se d\u00e9veloppe tr\u00e8s souvent en cette p\u00e9riode des festivit\u00e9s de No\u00ebl et de Nouvel an, des comportements r\u00e9pr\u00e9hensibles conduisant les agents de Police Judiciaire des Parquets, lors de l\u2019ex\u00e9cution des mandats d\u2019amener leur confi\u00e9s par les magistrats des offices respectifs des parquets, \u00e0 exiger ou \u00e0 r\u00e9clamer des justiciables, des sommes d\u2019argent et divers biens en nature sous la menace de les arr\u00eater ou les acheminer manu militari au parquet, les amener dans des endroits autres que le parquet pour les forcer \u00e0 n\u00e9gocier\u00a0\u00bb.<\/em><\/p>\n\n\n\n<p>Pour le Procureur G\u00e9n\u00e9ral Sylvain Kaluila, ces genres des tracasseries outre leur caract\u00e8re <em>\u00ab\u00a0infractionnel\u00a0\u00bb<\/em>, <em>\u00ab\u00a0peuvent perturber l\u2019ordre public et la qui\u00e9tude sociale en cette p\u00e9riode sensible o\u00f9 l\u2019\u00c9tat tient \u00e0 la s\u00e9curit\u00e9\u00a0 des personnes et des leurs biens\u00a0\u00bb.<\/em><\/p>\n\n\n\n<p>Cette instruction concerne \u00e9galement des r\u00e9quisitions de la force publique, <em>\u00ab&nbsp;sauf pour des faits pr\u00e9sentant un caract\u00e8re de gravit\u00e9 extr\u00eame ou pouvant troubler s\u00e9rieusement l\u2019ordre public\u2026<\/em> <em>les les descentes sur terrain et les suspensions des travaux&nbsp;\u00bb<\/em>, souligne sa correspondance.<\/p>\n\n\n\n<p>Chaque office devra donc d\u00e9signer un ou deux magistrats pour assurer la permanence aux fins de se saisir ou d\u2019\u00eatre contact\u00e9s &nbsp;au sujet de tout incident qui surviendrait dans le ressort.<\/p>\n\n\n\n<p>Outre les Avocats G\u00e9n\u00e9raux et Substituts du Procureur cette instruction de Sylvain Kaluila concerne \u00e9galement les Procureurs de la R\u00e9publique pr\u00e8s les Tribunaux de Grande Instance de Kinshasa\/Matete, N\u2019djili, Kinkole, Les Chefs des Parquets pr\u00e8s les Tribunaux de Paix de Kinshasa\/Matete, Kinshasa\/Lemba, Kinshasa\/Nd\u2019jili et Kinshasa\/Kinkole.<\/p>\n\n\n\n<p>Merlin Kamalandua<\/p>\n","protected":false},"excerpt":{"rendered":"<p>R\u00e9daction :+243817406088 Le Procureur G\u00e9n\u00e9ral pr\u00e8s la Cour d\u2019Appel de Kinshasa\/Matete dans une instruction de&#8230;<\/p>\n","protected":false},"author":2,"featured_media":6067,"comment_status":"open","ping_status":"open","sticky":false,"template":"","format":"standard","meta":{"_jetpack_memberships_contains_paid_content":false,"footnotes":""},"categories":[6],"tags":[],"class_list":["post-6065","post","type-post","status-publish","format-standard","has-post-thumbnail","hentry","category-justice"],"yoast_head":"<!-- This site is optimized with the Yoast SEO plugin v27.5 - https:\/\/yoast.com\/product\/yoast-seo-wordpress\/ -->\n<title>Kinshasa\u00a0: Le Procureur G\u00e9n\u00e9ral pr\u00e8s la Cour d\u2019Appel de Kinshasa\/Matete interdit l\u2019\u00e9tablissement des mandats d\u2019amener pendant la p\u00e9riode des festivit\u00e9s - Infos Droits Humains<\/title>\n<meta name=\"robots\" content=\"index, follow, max-snippet:-1, max-image-preview:large, max-video-preview:-1\" \/>\n<link rel=\"canonical\" href=\"https:\/\/infos-droitshumains.net\/?p=6065\" \/>\n<meta property=\"og:locale\" content=\"fr_FR\" \/>\n<meta property=\"og:type\" content=\"article\" \/>\n<meta property=\"og:title\" content=\"Kinshasa\u00a0: Le Procureur G\u00e9n\u00e9ral pr\u00e8s la Cour d\u2019Appel de Kinshasa\/Matete interdit l\u2019\u00e9tablissement des mandats d\u2019amener pendant la p\u00e9riode des festivit\u00e9s - Infos Droits Humains\" \/>\n<meta property=\"og:description\" content=\"R\u00e9daction :+243817406088 Le Procureur G\u00e9n\u00e9ral pr\u00e8s la Cour d\u2019Appel de Kinshasa\/Matete dans une instruction de...\" \/>\n<meta property=\"og:url\" content=\"https:\/\/infos-droitshumains.net\/?p=6065\" \/>\n<meta property=\"og:site_name\" content=\"Infos Droits Humains\" \/>\n<meta property=\"article:published_time\" content=\"2022-12-22T10:25:08+00:00\" \/>\n<meta property=\"article:modified_time\" content=\"2022-12-22T10:33:53+00:00\" \/>\n<meta property=\"og:image\" content=\"https:\/\/i0.wp.com\/infos-droitshumains.net\/wp-content\/uploads\/2022\/12\/IMG-20221222-WA0019_1.jpg?fit=640%2C858&ssl=1\" \/>\n\t<meta property=\"og:image:width\" content=\"640\" \/>\n\t<meta property=\"og:image:height\" content=\"858\" \/>\n\t<meta property=\"og:image:type\" content=\"image\/jpeg\" \/>\n<meta name=\"author\" content=\"Jo\u00ebl Diawa\" \/>\n<meta name=\"twitter:card\" content=\"summary_large_image\" \/>\n<meta name=\"twitter:label1\" content=\"\u00c9crit par\" \/>\n\t<meta name=\"twitter:data1\" content=\"Jo\u00ebl Diawa\" \/>\n\t<meta name=\"twitter:label2\" content=\"Dur\u00e9e de lecture estim\u00e9e\" \/>\n\t<meta name=\"twitter:data2\" content=\"2 minutes\" \/>\n<script type=\"application\/ld+json\" class=\"yoast-schema-graph\">{\"@context\":\"https:\\\/\\\/schema.org\",\"@graph\":[{\"@type\":\"Article\",\"@id\":\"https:\\\/\\\/infos-droitshumains.net\\\/?p=6065#article\",\"isPartOf\":{\"@id\":\"https:\\\/\\\/infos-droitshumains.net\\\/?p=6065\"},\"author\":{\"name\":\"Jo\u00ebl Diawa\",\"@id\":\"https:\\\/\\\/infos-droitshumains.net\\\/#\\\/schema\\\/person\\\/3dc5e921c3302172e0ed4362f96faab7\"},\"headline\":\"Kinshasa\u00a0: Le Procureur G\u00e9n\u00e9ral pr\u00e8s la Cour d\u2019Appel de Kinshasa\\\/Matete interdit l\u2019\u00e9tablissement des mandats d\u2019amener pendant la p\u00e9riode des festivit\u00e9s\",\"datePublished\":\"2022-12-22T10:25:08+00:00\",\"dateModified\":\"2022-12-22T10:33:53+00:00\",\"mainEntityOfPage\":{\"@id\":\"https:\\\/\\\/infos-droitshumains.net\\\/?p=6065\"},\"wordCount\":373,\"commentCount\":0,\"publisher\":{\"@id\":\"https:\\\/\\\/infos-droitshumains.net\\\/#organization\"},\"image\":{\"@id\":\"https:\\\/\\\/infos-droitshumains.net\\\/?p=6065#primaryimage\"},\"thumbnailUrl\":\"https:\\\/\\\/i0.wp.com\\\/infos-droitshumains.net\\\/wp-content\\\/uploads\\\/2022\\\/12\\\/IMG-20221222-WA0019_1.jpg?fit=640%2C858&ssl=1\",\"articleSection\":[\"Justice\"],\"inLanguage\":\"fr-FR\",\"potentialAction\":[{\"@type\":\"CommentAction\",\"name\":\"Comment\",\"target\":[\"https:\\\/\\\/infos-droitshumains.net\\\/?p=6065#respond\"]}]},{\"@type\":\"WebPage\",\"@id\":\"https:\\\/\\\/infos-droitshumains.net\\\/?p=6065\",\"url\":\"https:\\\/\\\/infos-droitshumains.net\\\/?p=6065\",\"name\":\"Kinshasa\u00a0: Le Procureur G\u00e9n\u00e9ral pr\u00e8s la Cour d\u2019Appel de Kinshasa\\\/Matete interdit l\u2019\u00e9tablissement des mandats d\u2019amener pendant la p\u00e9riode des festivit\u00e9s - Infos Droits Humains\",\"isPartOf\":{\"@id\":\"https:\\\/\\\/infos-droitshumains.net\\\/#website\"},\"primaryImageOfPage\":{\"@id\":\"https:\\\/\\\/infos-droitshumains.net\\\/?p=6065#primaryimage\"},\"image\":{\"@id\":\"https:\\\/\\\/infos-droitshumains.net\\\/?p=6065#primaryimage\"},\"thumbnailUrl\":\"https:\\\/\\\/i0.wp.com\\\/infos-droitshumains.net\\\/wp-content\\\/uploads\\\/2022\\\/12\\\/IMG-20221222-WA0019_1.jpg?fit=640%2C858&ssl=1\",\"datePublished\":\"2022-12-22T10:25:08+00:00\",\"dateModified\":\"2022-12-22T10:33:53+00:00\",\"breadcrumb\":{\"@id\":\"https:\\\/\\\/infos-droitshumains.net\\\/?p=6065#breadcrumb\"},\"inLanguage\":\"fr-FR\",\"potentialAction\":[{\"@type\":\"ReadAction\",\"target\":[\"https:\\\/\\\/infos-droitshumains.net\\\/?p=6065\"]}]},{\"@type\":\"ImageObject\",\"inLanguage\":\"fr-FR\",\"@id\":\"https:\\\/\\\/infos-droitshumains.net\\\/?p=6065#primaryimage\",\"url\":\"https:\\\/\\\/i0.wp.com\\\/infos-droitshumains.net\\\/wp-content\\\/uploads\\\/2022\\\/12\\\/IMG-20221222-WA0019_1.jpg?fit=640%2C858&ssl=1\",\"contentUrl\":\"https:\\\/\\\/i0.wp.com\\\/infos-droitshumains.net\\\/wp-content\\\/uploads\\\/2022\\\/12\\\/IMG-20221222-WA0019_1.jpg?fit=640%2C858&ssl=1\",\"width\":640,\"height\":858},{\"@type\":\"BreadcrumbList\",\"@id\":\"https:\\\/\\\/infos-droitshumains.net\\\/?p=6065#breadcrumb\",\"itemListElement\":[{\"@type\":\"ListItem\",\"position\":1,\"name\":\"Accueil\",\"item\":\"https:\\\/\\\/infos-droitshumains.net\\\/\"},{\"@type\":\"ListItem\",\"position\":2,\"name\":\"Kinshasa\u00a0: Le Procureur G\u00e9n\u00e9ral pr\u00e8s la Cour d\u2019Appel de Kinshasa\\\/Matete interdit l\u2019\u00e9tablissement des mandats d\u2019amener pendant la p\u00e9riode des festivit\u00e9s\"}]},{\"@type\":\"WebSite\",\"@id\":\"https:\\\/\\\/infos-droitshumains.net\\\/#website\",\"url\":\"https:\\\/\\\/infos-droitshumains.net\\\/\",\"name\":\"Infos Droits Humains\",\"description\":\"S&#039;informer est un droit\",\"publisher\":{\"@id\":\"https:\\\/\\\/infos-droitshumains.net\\\/#organization\"},\"potentialAction\":[{\"@type\":\"SearchAction\",\"target\":{\"@type\":\"EntryPoint\",\"urlTemplate\":\"https:\\\/\\\/infos-droitshumains.net\\\/?s={search_term_string}\"},\"query-input\":{\"@type\":\"PropertyValueSpecification\",\"valueRequired\":true,\"valueName\":\"search_term_string\"}}],\"inLanguage\":\"fr-FR\"},{\"@type\":\"Organization\",\"@id\":\"https:\\\/\\\/infos-droitshumains.net\\\/#organization\",\"name\":\"Infos Droits Humains\",\"url\":\"https:\\\/\\\/infos-droitshumains.net\\\/\",\"logo\":{\"@type\":\"ImageObject\",\"inLanguage\":\"fr-FR\",\"@id\":\"https:\\\/\\\/infos-droitshumains.net\\\/#\\\/schema\\\/logo\\\/image\\\/\",\"url\":\"https:\\\/\\\/i0.wp.com\\\/infos-droitshumains.net\\\/wp-content\\\/uploads\\\/2022\\\/05\\\/Logo.png?fit=333%2C129&ssl=1\",\"contentUrl\":\"https:\\\/\\\/i0.wp.com\\\/infos-droitshumains.net\\\/wp-content\\\/uploads\\\/2022\\\/05\\\/Logo.png?fit=333%2C129&ssl=1\",\"width\":333,\"height\":129,\"caption\":\"Infos Droits Humains\"},\"image\":{\"@id\":\"https:\\\/\\\/infos-droitshumains.net\\\/#\\\/schema\\\/logo\\\/image\\\/\"}},{\"@type\":\"Person\",\"@id\":\"https:\\\/\\\/infos-droitshumains.net\\\/#\\\/schema\\\/person\\\/3dc5e921c3302172e0ed4362f96faab7\",\"name\":\"Jo\u00ebl Diawa\",\"image\":{\"@type\":\"ImageObject\",\"inLanguage\":\"fr-FR\",\"@id\":\"https:\\\/\\\/secure.gravatar.com\\\/avatar\\\/729bea6ff4604c624417803c477363be8e3c7186deaa65713313f9b4b820f41c?s=96&d=mm&r=g\",\"url\":\"https:\\\/\\\/secure.gravatar.com\\\/avatar\\\/729bea6ff4604c624417803c477363be8e3c7186deaa65713313f9b4b820f41c?s=96&d=mm&r=g\",\"contentUrl\":\"https:\\\/\\\/secure.gravatar.com\\\/avatar\\\/729bea6ff4604c624417803c477363be8e3c7186deaa65713313f9b4b820f41c?s=96&d=mm&r=g\",\"caption\":\"Jo\u00ebl Diawa\"},\"sameAs\":[\"https:\\\/\\\/www.infos-droitshumains.net\"],\"url\":\"https:\\\/\\\/infos-droitshumains.net\\\/?author=2\"}]}<\/script>\n<!-- \/ Yoast SEO plugin. -->","yoast_head_json":{"title":"Kinshasa\u00a0: Le Procureur G\u00e9n\u00e9ral pr\u00e8s la Cour d\u2019Appel de Kinshasa\/Matete interdit l\u2019\u00e9tablissement des mandats d\u2019amener pendant la p\u00e9riode des festivit\u00e9s - Infos Droits Humains","robots":{"index":"index","follow":"follow","max-snippet":"max-snippet:-1","max-image-preview":"max-image-preview:large","max-video-preview":"max-video-preview:-1"},"canonical":"https:\/\/infos-droitshumains.net\/?p=6065","og_locale":"fr_FR","og_type":"article","og_title":"Kinshasa\u00a0: Le Procureur G\u00e9n\u00e9ral pr\u00e8s la Cour d\u2019Appel de Kinshasa\/Matete interdit l\u2019\u00e9tablissement des mandats d\u2019amener pendant la p\u00e9riode des festivit\u00e9s - Infos Droits Humains","og_description":"R\u00e9daction :+243817406088 Le Procureur G\u00e9n\u00e9ral pr\u00e8s la Cour d\u2019Appel de Kinshasa\/Matete dans une instruction de...","og_url":"https:\/\/infos-droitshumains.net\/?p=6065","og_site_name":"Infos Droits Humains","article_published_time":"2022-12-22T10:25:08+00:00","article_modified_time":"2022-12-22T10:33:53+00:00","og_image":[{"width":640,"height":858,"url":"https:\/\/i0.wp.com\/infos-droitshumains.net\/wp-content\/uploads\/2022\/12\/IMG-20221222-WA0019_1.jpg?fit=640%2C858&ssl=1","type":"image\/jpeg"}],"author":"Jo\u00ebl Diawa","twitter_card":"summary_large_image","twitter_misc":{"\u00c9crit par":"Jo\u00ebl Diawa","Dur\u00e9e de lecture estim\u00e9e":"2 minutes"},"schema":{"@context":"https:\/\/schema.org","@graph":[{"@type":"Article","@id":"https:\/\/infos-droitshumains.net\/?p=6065#article","isPartOf":{"@id":"https:\/\/infos-droitshumains.net\/?p=6065"},"author":{"name":"Jo\u00ebl Diawa","@id":"https:\/\/infos-droitshumains.net\/#\/schema\/person\/3dc5e921c3302172e0ed4362f96faab7"},"headline":"Kinshasa\u00a0: Le Procureur G\u00e9n\u00e9ral pr\u00e8s la Cour d\u2019Appel de Kinshasa\/Matete interdit l\u2019\u00e9tablissement des mandats d\u2019amener pendant la p\u00e9riode des festivit\u00e9s","datePublished":"2022-12-22T10:25:08+00:00","dateModified":"2022-12-22T10:33:53+00:00","mainEntityOfPage":{"@id":"https:\/\/infos-droitshumains.net\/?p=6065"},"wordCount":373,"commentCount":0,"publisher":{"@id":"https:\/\/infos-droitshumains.net\/#organization"},"image":{"@id":"https:\/\/infos-droitshumains.net\/?p=6065#primaryimage"},"thumbnailUrl":"https:\/\/i0.wp.com\/infos-droitshumains.net\/wp-content\/uploads\/2022\/12\/IMG-20221222-WA0019_1.jpg?fit=640%2C858&ssl=1","articleSection":["Justice"],"inLanguage":"fr-FR","potentialAction":[{"@type":"CommentAction","name":"Comment","target":["https:\/\/infos-droitshumains.net\/?p=6065#respond"]}]},{"@type":"WebPage","@id":"https:\/\/infos-droitshumains.net\/?p=6065","url":"https:\/\/infos-droitshumains.net\/?p=6065","name":"Kinshasa\u00a0: Le Procureur G\u00e9n\u00e9ral pr\u00e8s la Cour d\u2019Appel de Kinshasa\/Matete interdit l\u2019\u00e9tablissement des mandats d\u2019amener pendant la p\u00e9riode des festivit\u00e9s - Infos Droits Humains","isPartOf":{"@id":"https:\/\/infos-droitshumains.net\/#website"},"primaryImageOfPage":{"@id":"https:\/\/infos-droitshumains.net\/?p=6065#primaryimage"},"image":{"@id":"https:\/\/infos-droitshumains.net\/?p=6065#primaryimage"},"thumbnailUrl":"https:\/\/i0.wp.com\/infos-droitshumains.net\/wp-content\/uploads\/2022\/12\/IMG-20221222-WA0019_1.jpg?fit=640%2C858&ssl=1","datePublished":"2022-12-22T10:25:08+00:00","dateModified":"2022-12-22T10:33:53+00:00","breadcrumb":{"@id":"https:\/\/infos-droitshumains.net\/?p=6065#breadcrumb"},"inLanguage":"fr-FR","potentialAction":[{"@type":"ReadAction","target":["https:\/\/infos-droitshumains.net\/?p=6065"]}]},{"@type":"ImageObject","inLanguage":"fr-FR","@id":"https:\/\/infos-droitshumains.net\/?p=6065#primaryimage","url":"https:\/\/i0.wp.com\/infos-droitshumains.net\/wp-content\/uploads\/2022\/12\/IMG-20221222-WA0019_1.jpg?fit=640%2C858&ssl=1","contentUrl":"https:\/\/i0.wp.com\/infos-droitshumains.net\/wp-content\/uploads\/2022\/12\/IMG-20221222-WA0019_1.jpg?fit=640%2C858&ssl=1","width":640,"height":858},{"@type":"BreadcrumbList","@id":"https:\/\/infos-droitshumains.net\/?p=6065#breadcrumb","itemListElement":[{"@type":"ListItem","position":1,"name":"Accueil","item":"https:\/\/infos-droitshumains.net\/"},{"@type":"ListItem","position":2,"name":"Kinshasa\u00a0: Le Procureur G\u00e9n\u00e9ral pr\u00e8s la Cour d\u2019Appel de Kinshasa\/Matete interdit l\u2019\u00e9tablissement des mandats d\u2019amener pendant la p\u00e9riode des festivit\u00e9s"}]},{"@type":"WebSite","@id":"https:\/\/infos-droitshumains.net\/#website","url":"https:\/\/infos-droitshumains.net\/","name":"Infos Droits Humains","description":"S&#039;informer est un droit","publisher":{"@id":"https:\/\/infos-droitshumains.net\/#organization"},"potentialAction":[{"@type":"SearchAction","target":{"@type":"EntryPoint","urlTemplate":"https:\/\/infos-droitshumains.net\/?s={search_term_string}"},"query-input":{"@type":"PropertyValueSpecification","valueRequired":true,"valueName":"search_term_string"}}],"inLanguage":"fr-FR"},{"@type":"Organization","@id":"https:\/\/infos-droitshumains.net\/#organization","name":"Infos Droits Humains","url":"https:\/\/infos-droitshumains.net\/","logo":{"@type":"ImageObject","inLanguage":"fr-FR","@id":"https:\/\/infos-droitshumains.net\/#\/schema\/logo\/image\/","url":"https:\/\/i0.wp.com\/infos-droitshumains.net\/wp-content\/uploads\/2022\/05\/Logo.png?fit=333%2C129&ssl=1","contentUrl":"https:\/\/i0.wp.com\/infos-droitshumains.net\/wp-content\/uploads\/2022\/05\/Logo.png?fit=333%2C129&ssl=1","width":333,"height":129,"caption":"Infos Droits Humains"},"image":{"@id":"https:\/\/infos-droitshumains.net\/#\/schema\/logo\/image\/"}},{"@type":"Person","@id":"https:\/\/infos-droitshumains.net\/#\/schema\/person\/3dc5e921c3302172e0ed4362f96faab7","name":"Jo\u00ebl Diawa","image":{"@type":"ImageObject","inLanguage":"fr-FR","@id":"https:\/\/secure.gravatar.com\/avatar\/729bea6ff4604c624417803c477363be8e3c7186deaa65713313f9b4b820f41c?s=96&d=mm&r=g","url":"https:\/\/secure.gravatar.com\/avatar\/729bea6ff4604c624417803c477363be8e3c7186deaa65713313f9b4b820f41c?s=96&d=mm&r=g","contentUrl":"https:\/\/secure.gravatar.com\/avatar\/729bea6ff4604c624417803c477363be8e3c7186deaa65713313f9b4b820f41c?s=96&d=mm&r=g","caption":"Jo\u00ebl Diawa"},"sameAs":["https:\/\/www.infos-droitshumains.net"],"url":"https:\/\/infos-droitshumains.net\/?author=2"}]}},"featured_image_urls":{"full":["https:\/\/i0.wp.com\/infos-droitshumains.net\/wp-content\/uploads\/2022\/12\/IMG-20221222-WA0019_1.jpg?fit=640%2C858&ssl=1",640,858,false],"thumbnail":["https:\/\/i0.wp.com\/infos-droitshumains.net\/wp-content\/uploads\/2022\/12\/IMG-20221222-WA0019_1.jpg?resize=150%2C150&ssl=1",150,150,true],"medium":["https:\/\/i0.wp.com\/infos-droitshumains.net\/wp-content\/uploads\/2022\/12\/IMG-20221222-WA0019_1.jpg?fit=224%2C300&ssl=1",224,300,true],"medium_large":["https:\/\/i0.wp.com\/infos-droitshumains.net\/wp-content\/uploads\/2022\/12\/IMG-20221222-WA0019_1.jpg?fit=640%2C858&ssl=1",640,858,true],"large":["https:\/\/i0.wp.com\/infos-droitshumains.net\/wp-content\/uploads\/2022\/12\/IMG-20221222-WA0019_1.jpg?fit=640%2C858&ssl=1",640,858,true],"1536x1536":["https:\/\/i0.wp.com\/infos-droitshumains.net\/wp-content\/uploads\/2022\/12\/IMG-20221222-WA0019_1.jpg?fit=640%2C858&ssl=1",640,858,true],"2048x2048":["https:\/\/i0.wp.com\/infos-droitshumains.net\/wp-content\/uploads\/2022\/12\/IMG-20221222-WA0019_1.jpg?fit=640%2C858&ssl=1",640,858,true],"covernews-slider-full":["https:\/\/i0.wp.com\/infos-droitshumains.net\/wp-content\/uploads\/2022\/12\/IMG-20221222-WA0019_1.jpg?resize=640%2C715&ssl=1",640,715,true],"covernews-slider-center":["https:\/\/i0.wp.com\/infos-droitshumains.net\/wp-content\/uploads\/2022\/12\/IMG-20221222-WA0019_1.jpg?resize=640%2C500&ssl=1",640,500,true],"covernews-featured":["https:\/\/i0.wp.com\/infos-droitshumains.net\/wp-content\/uploads\/2022\/12\/IMG-20221222-WA0019_1.jpg?fit=640%2C858&ssl=1",640,858,true],"covernews-medium":["https:\/\/i0.wp.com\/infos-droitshumains.net\/wp-content\/uploads\/2022\/12\/IMG-20221222-WA0019_1.jpg?resize=540%2C340&ssl=1",540,340,true],"covernews-medium-square":["https:\/\/i0.wp.com\/infos-droitshumains.net\/wp-content\/uploads\/2022\/12\/IMG-20221222-WA0019_1.jpg?resize=400%2C250&ssl=1",400,250,true]},"author_info":{"display_name":"Jo\u00ebl Diawa","author_link":"https:\/\/infos-droitshumains.net\/?author=2"},"category_info":"<a href=\"https:\/\/infos-droitshumains.net\/?cat=6\" rel=\"category\">Justice<\/a>","tag_info":"Justice","comment_count":"0","jetpack_featured_media_url":"https:\/\/i0.wp.com\/infos-droitshumains.net\/wp-content\/uploads\/2022\/12\/IMG-20221222-WA0019_1.jpg?fit=640%2C858&ssl=1","jetpack-related-posts":[],"jetpack_sharing_enabled":true,"_links":{"self":[{"href":"https:\/\/infos-droitshumains.net\/index.php?rest_route=\/wp\/v2\/posts\/6065","targetHints":{"allow":["GET"]}}],"collection":[{"href":"https:\/\/infos-droitshumains.net\/index.php?rest_route=\/wp\/v2\/posts"}],"about":[{"href":"https:\/\/infos-droitshumains.net\/index.php?rest_route=\/wp\/v2\/types\/post"}],"author":[{"embeddable":true,"href":"https:\/\/infos-droitshumains.net\/index.php?rest_route=\/wp\/v2\/users\/2"}],"replies":[{"embeddable":true,"href":"https:\/\/infos-droitshumains.net\/index.php?rest_route=%2Fwp%2Fv2%2Fcomments&post=6065"}],"version-history":[{"count":3,"href":"https:\/\/infos-droitshumains.net\/index.php?rest_route=\/wp\/v2\/posts\/6065\/revisions"}],"predecessor-version":[{"id":6069,"href":"https:\/\/infos-droitshumains.net\/index.php?rest_route=\/wp\/v2\/posts\/6065\/revisions\/6069"}],"wp:featuredmedia":[{"embeddable":true,"href":"https:\/\/infos-droitshumains.net\/index.php?rest_route=\/wp\/v2\/media\/6067"}],"wp:attachment":[{"href":"https:\/\/infos-droitshumains.net\/index.php?rest_route=%2Fwp%2Fv2%2Fmedia&parent=6065"}],"wp:term":[{"taxonomy":"category","embeddable":true,"href":"https:\/\/infos-droitshumains.net\/index.php?rest_route=%2Fwp%2Fv2%2Fcategories&post=6065"},{"taxonomy":"post_tag","embeddable":true,"href":"https:\/\/infos-droitshumains.net\/index.php?rest_route=%2Fwp%2Fv2%2Ftags&post=6065"}],"curies":[{"name":"wp","href":"https:\/\/api.w.org\/{rel}","templated":true}]}}