{"id":6059,"date":"2022-12-22T08:41:32","date_gmt":"2022-12-22T07:41:32","guid":{"rendered":"https:\/\/infos-droitshumains.net\/?p=6059"},"modified":"2022-12-22T08:46:08","modified_gmt":"2022-12-22T07:46:08","slug":"kinshasa-apres-la-remise-en-service-dun-transformateur-du-poste-de-funa-la-snel-annonce-la-normalisation-de-la-fourniture-de-lelectricite-dans-quelques-quartiers","status":"publish","type":"post","link":"https:\/\/infos-droitshumains.net\/?p=6059","title":{"rendered":"Kinshasa\u00a0: Apr\u00e8s la remise en service d\u2019un transformateur du poste de Funa, la Snel annonce la normalisation de la fourniture de l\u2019\u00e9lectricit\u00e9 dans quelques quartiers"},"content":{"rendered":"\n<p><strong>R\u00e9daction :+243817406088<\/strong><\/p>\n\n\n\n<p>Apr\u00e8s d\u2019intenses travaux men\u00e9s ce dernier temps par les ouvriers de la Soci\u00e9t\u00e9 Nationale d\u2019\u00c9lectricit\u00e9 au poste de Funa, plusieurs quartiers de la ville de Kinshasa priv\u00e9s d\u2019\u00e9lectricit\u00e9 depuis le mardi 13 d\u00e9cembre dernier sont de nouveau aliment\u00e9s. L\u2019annonce a \u00e9t\u00e9 faite dans un communiqu\u00e9 de presse du D\u00e9partement de Distribution de Kinshasa dont la copie est parvenue \u00e0 la r\u00e9daction de infos-droitshumains.net.<\/p>\n\n\n\n<p><em>\u00ab\u00a0La Soci\u00e9t\u00e9 Nationale d\u2019\u00c9lectricit\u00e9 \u00ab\u00a0SNEL SA\u00a0\u00bb, d\u00e9partement de distribution de Kinshasa \u00ab\u00a0DDK\u00a0\u00bb informe son aimable client\u00e8le de la mise en service le 20 d\u00e9cembre 2022 \u00e0 24 heures 20 minutes du transformateur num\u00e9ro 2\u00a0220\/20 kv du poste de Funa apr\u00e8s inondation et brulure de certains \u00e9quipements \u00e9lectrom\u00e9caniques depuis le 13 d\u00e9cembre 2022. De ce fait, la fourniture de l\u2019\u00e9nergie \u00e9lectrique est normalis\u00e9e dans quelques Quartiers des communes ci-apr\u00e8s\u00a0: Masina, Kalamu, Kasa-Vubu, Limete et Barumbu\u00a0\u00bb<\/em>, lit-on dans ce communiqu\u00e9.<\/p>\n\n\n\n<p>Les \u00e9quipes de la Snel continuent \u00e0 travailler de mani\u00e8re intense, et&nbsp; pour les quartiers qui restent encore dans l\u2019obscurit\u00e9, le DDK les a en outre rassur\u00e9s quant \u00e0 une r\u00e9alimentation imminente.<\/p>\n\n\n\n<p><em>\u00ab&nbsp;Aussi la Snel rassure les clients non encore aliment\u00e9s que ses \u00e9quipes d\u2019intervention sont \u00e0 pied d\u2019\u0153uvre pour la finalisation des travaux sur le transformateur 220\/20 kv num\u00e9ro 1 dans un bref d\u00e9lai&nbsp;\u00bb,<\/em> conclu le communiqu\u00e9.<\/p>\n\n\n\n<p>Pour rappel, le poste de Funa de la Soci\u00e9t\u00e9 Nationale d\u2019\u00c9lectricit\u00e9 avait \u00e9t\u00e9 victime des inondations apr\u00e8s la pluie du mardi 13 d\u00e9cembre dernier. Plusieurs de ses machines submerg\u00e9s de ce fait, ont cess\u00e9 de fonctionner, ce qui a occasionn\u00e9 la coupure de l\u2019\u00e9nergie \u00e9lectrique dans 10 communes de la ville de Kinshasa qui sont aliment\u00e9es par ce poste.<\/p>\n\n\n\n<p>Jo\u00ebl Diawa<\/p>\n","protected":false},"excerpt":{"rendered":"<p>R\u00e9daction :+243817406088 Apr\u00e8s d\u2019intenses travaux men\u00e9s ce dernier temps par les ouvriers de la Soci\u00e9t\u00e9&#8230;<\/p>\n","protected":false},"author":2,"featured_media":6061,"comment_status":"open","ping_status":"open","sticky":false,"template":"","format":"standard","meta":{"_jetpack_memberships_contains_paid_content":false,"footnotes":""},"categories":[8],"tags":[],"class_list":["post-6059","post","type-post","status-publish","format-standard","has-post-thumbnail","hentry","category-societe"],"yoast_head":"<!-- This site is optimized with the Yoast SEO plugin v27.5 - https:\/\/yoast.com\/product\/yoast-seo-wordpress\/ -->\n<title>Kinshasa\u00a0: Apr\u00e8s la remise en service d\u2019un transformateur du poste de Funa, la Snel annonce la normalisation de la fourniture de l\u2019\u00e9lectricit\u00e9 dans quelques quartiers - Infos Droits Humains<\/title>\n<meta name=\"robots\" content=\"index, follow, max-snippet:-1, max-image-preview:large, max-video-preview:-1\" \/>\n<link rel=\"canonical\" href=\"https:\/\/infos-droitshumains.net\/?p=6059\" \/>\n<meta property=\"og:locale\" content=\"fr_FR\" \/>\n<meta property=\"og:type\" content=\"article\" \/>\n<meta property=\"og:title\" content=\"Kinshasa\u00a0: Apr\u00e8s la remise en service d\u2019un transformateur du poste de Funa, la Snel annonce la normalisation de la fourniture de l\u2019\u00e9lectricit\u00e9 dans quelques quartiers - Infos Droits Humains\" \/>\n<meta property=\"og:description\" content=\"R\u00e9daction :+243817406088 Apr\u00e8s d\u2019intenses travaux men\u00e9s ce dernier temps par les ouvriers de la Soci\u00e9t\u00e9...\" \/>\n<meta property=\"og:url\" content=\"https:\/\/infos-droitshumains.net\/?p=6059\" \/>\n<meta property=\"og:site_name\" content=\"Infos Droits Humains\" \/>\n<meta property=\"article:published_time\" content=\"2022-12-22T07:41:32+00:00\" \/>\n<meta property=\"article:modified_time\" content=\"2022-12-22T07:46:08+00:00\" \/>\n<meta property=\"og:image\" content=\"https:\/\/i0.wp.com\/infos-droitshumains.net\/wp-content\/uploads\/2022\/12\/1671315944280_1.jpg?fit=720%2C416&ssl=1\" \/>\n\t<meta property=\"og:image:width\" content=\"720\" \/>\n\t<meta property=\"og:image:height\" content=\"416\" \/>\n\t<meta property=\"og:image:type\" content=\"image\/jpeg\" \/>\n<meta name=\"author\" content=\"Jo\u00ebl Diawa\" \/>\n<meta name=\"twitter:card\" content=\"summary_large_image\" \/>\n<meta name=\"twitter:label1\" content=\"\u00c9crit par\" \/>\n\t<meta name=\"twitter:data1\" content=\"Jo\u00ebl Diawa\" \/>\n\t<meta name=\"twitter:label2\" content=\"Dur\u00e9e de lecture estim\u00e9e\" \/>\n\t<meta name=\"twitter:data2\" content=\"2 minutes\" \/>\n<script type=\"application\/ld+json\" class=\"yoast-schema-graph\">{\"@context\":\"https:\\\/\\\/schema.org\",\"@graph\":[{\"@type\":\"Article\",\"@id\":\"https:\\\/\\\/infos-droitshumains.net\\\/?p=6059#article\",\"isPartOf\":{\"@id\":\"https:\\\/\\\/infos-droitshumains.net\\\/?p=6059\"},\"author\":{\"name\":\"Jo\u00ebl Diawa\",\"@id\":\"https:\\\/\\\/infos-droitshumains.net\\\/#\\\/schema\\\/person\\\/3dc5e921c3302172e0ed4362f96faab7\"},\"headline\":\"Kinshasa\u00a0: Apr\u00e8s la remise en service d\u2019un transformateur du poste de Funa, la Snel annonce la normalisation de la fourniture de l\u2019\u00e9lectricit\u00e9 dans quelques quartiers\",\"datePublished\":\"2022-12-22T07:41:32+00:00\",\"dateModified\":\"2022-12-22T07:46:08+00:00\",\"mainEntityOfPage\":{\"@id\":\"https:\\\/\\\/infos-droitshumains.net\\\/?p=6059\"},\"wordCount\":328,\"commentCount\":0,\"publisher\":{\"@id\":\"https:\\\/\\\/infos-droitshumains.net\\\/#organization\"},\"image\":{\"@id\":\"https:\\\/\\\/infos-droitshumains.net\\\/?p=6059#primaryimage\"},\"thumbnailUrl\":\"https:\\\/\\\/i0.wp.com\\\/infos-droitshumains.net\\\/wp-content\\\/uploads\\\/2022\\\/12\\\/1671315944280_1.jpg?fit=720%2C416&ssl=1\",\"articleSection\":[\"Soci\u00e9t\u00e9\"],\"inLanguage\":\"fr-FR\",\"potentialAction\":[{\"@type\":\"CommentAction\",\"name\":\"Comment\",\"target\":[\"https:\\\/\\\/infos-droitshumains.net\\\/?p=6059#respond\"]}]},{\"@type\":\"WebPage\",\"@id\":\"https:\\\/\\\/infos-droitshumains.net\\\/?p=6059\",\"url\":\"https:\\\/\\\/infos-droitshumains.net\\\/?p=6059\",\"name\":\"Kinshasa\u00a0: Apr\u00e8s la remise en service d\u2019un transformateur du poste de Funa, la Snel annonce la normalisation de la fourniture de l\u2019\u00e9lectricit\u00e9 dans quelques quartiers - Infos Droits Humains\",\"isPartOf\":{\"@id\":\"https:\\\/\\\/infos-droitshumains.net\\\/#website\"},\"primaryImageOfPage\":{\"@id\":\"https:\\\/\\\/infos-droitshumains.net\\\/?p=6059#primaryimage\"},\"image\":{\"@id\":\"https:\\\/\\\/infos-droitshumains.net\\\/?p=6059#primaryimage\"},\"thumbnailUrl\":\"https:\\\/\\\/i0.wp.com\\\/infos-droitshumains.net\\\/wp-content\\\/uploads\\\/2022\\\/12\\\/1671315944280_1.jpg?fit=720%2C416&ssl=1\",\"datePublished\":\"2022-12-22T07:41:32+00:00\",\"dateModified\":\"2022-12-22T07:46:08+00:00\",\"breadcrumb\":{\"@id\":\"https:\\\/\\\/infos-droitshumains.net\\\/?p=6059#breadcrumb\"},\"inLanguage\":\"fr-FR\",\"potentialAction\":[{\"@type\":\"ReadAction\",\"target\":[\"https:\\\/\\\/infos-droitshumains.net\\\/?p=6059\"]}]},{\"@type\":\"ImageObject\",\"inLanguage\":\"fr-FR\",\"@id\":\"https:\\\/\\\/infos-droitshumains.net\\\/?p=6059#primaryimage\",\"url\":\"https:\\\/\\\/i0.wp.com\\\/infos-droitshumains.net\\\/wp-content\\\/uploads\\\/2022\\\/12\\\/1671315944280_1.jpg?fit=720%2C416&ssl=1\",\"contentUrl\":\"https:\\\/\\\/i0.wp.com\\\/infos-droitshumains.net\\\/wp-content\\\/uploads\\\/2022\\\/12\\\/1671315944280_1.jpg?fit=720%2C416&ssl=1\",\"width\":720,\"height\":416},{\"@type\":\"BreadcrumbList\",\"@id\":\"https:\\\/\\\/infos-droitshumains.net\\\/?p=6059#breadcrumb\",\"itemListElement\":[{\"@type\":\"ListItem\",\"position\":1,\"name\":\"Accueil\",\"item\":\"https:\\\/\\\/infos-droitshumains.net\\\/\"},{\"@type\":\"ListItem\",\"position\":2,\"name\":\"Kinshasa\u00a0: Apr\u00e8s la remise en service d\u2019un transformateur du poste de Funa, la Snel annonce la normalisation de la fourniture de l\u2019\u00e9lectricit\u00e9 dans quelques quartiers\"}]},{\"@type\":\"WebSite\",\"@id\":\"https:\\\/\\\/infos-droitshumains.net\\\/#website\",\"url\":\"https:\\\/\\\/infos-droitshumains.net\\\/\",\"name\":\"Infos Droits Humains\",\"description\":\"S&#039;informer est un droit\",\"publisher\":{\"@id\":\"https:\\\/\\\/infos-droitshumains.net\\\/#organization\"},\"potentialAction\":[{\"@type\":\"SearchAction\",\"target\":{\"@type\":\"EntryPoint\",\"urlTemplate\":\"https:\\\/\\\/infos-droitshumains.net\\\/?s={search_term_string}\"},\"query-input\":{\"@type\":\"PropertyValueSpecification\",\"valueRequired\":true,\"valueName\":\"search_term_string\"}}],\"inLanguage\":\"fr-FR\"},{\"@type\":\"Organization\",\"@id\":\"https:\\\/\\\/infos-droitshumains.net\\\/#organization\",\"name\":\"Infos Droits Humains\",\"url\":\"https:\\\/\\\/infos-droitshumains.net\\\/\",\"logo\":{\"@type\":\"ImageObject\",\"inLanguage\":\"fr-FR\",\"@id\":\"https:\\\/\\\/infos-droitshumains.net\\\/#\\\/schema\\\/logo\\\/image\\\/\",\"url\":\"https:\\\/\\\/i0.wp.com\\\/infos-droitshumains.net\\\/wp-content\\\/uploads\\\/2022\\\/05\\\/Logo.png?fit=333%2C129&ssl=1\",\"contentUrl\":\"https:\\\/\\\/i0.wp.com\\\/infos-droitshumains.net\\\/wp-content\\\/uploads\\\/2022\\\/05\\\/Logo.png?fit=333%2C129&ssl=1\",\"width\":333,\"height\":129,\"caption\":\"Infos Droits Humains\"},\"image\":{\"@id\":\"https:\\\/\\\/infos-droitshumains.net\\\/#\\\/schema\\\/logo\\\/image\\\/\"}},{\"@type\":\"Person\",\"@id\":\"https:\\\/\\\/infos-droitshumains.net\\\/#\\\/schema\\\/person\\\/3dc5e921c3302172e0ed4362f96faab7\",\"name\":\"Jo\u00ebl Diawa\",\"image\":{\"@type\":\"ImageObject\",\"inLanguage\":\"fr-FR\",\"@id\":\"https:\\\/\\\/secure.gravatar.com\\\/avatar\\\/729bea6ff4604c624417803c477363be8e3c7186deaa65713313f9b4b820f41c?s=96&d=mm&r=g\",\"url\":\"https:\\\/\\\/secure.gravatar.com\\\/avatar\\\/729bea6ff4604c624417803c477363be8e3c7186deaa65713313f9b4b820f41c?s=96&d=mm&r=g\",\"contentUrl\":\"https:\\\/\\\/secure.gravatar.com\\\/avatar\\\/729bea6ff4604c624417803c477363be8e3c7186deaa65713313f9b4b820f41c?s=96&d=mm&r=g\",\"caption\":\"Jo\u00ebl Diawa\"},\"sameAs\":[\"https:\\\/\\\/www.infos-droitshumains.net\"],\"url\":\"https:\\\/\\\/infos-droitshumains.net\\\/?author=2\"}]}<\/script>\n<!-- \/ Yoast SEO plugin. -->","yoast_head_json":{"title":"Kinshasa\u00a0: Apr\u00e8s la remise en service d\u2019un transformateur du poste de Funa, la Snel annonce la normalisation de la fourniture de l\u2019\u00e9lectricit\u00e9 dans quelques quartiers - Infos Droits Humains","robots":{"index":"index","follow":"follow","max-snippet":"max-snippet:-1","max-image-preview":"max-image-preview:large","max-video-preview":"max-video-preview:-1"},"canonical":"https:\/\/infos-droitshumains.net\/?p=6059","og_locale":"fr_FR","og_type":"article","og_title":"Kinshasa\u00a0: Apr\u00e8s la remise en service d\u2019un transformateur du poste de Funa, la Snel annonce la normalisation de la fourniture de l\u2019\u00e9lectricit\u00e9 dans quelques quartiers - Infos Droits Humains","og_description":"R\u00e9daction :+243817406088 Apr\u00e8s d\u2019intenses travaux men\u00e9s ce dernier temps par les ouvriers de la Soci\u00e9t\u00e9...","og_url":"https:\/\/infos-droitshumains.net\/?p=6059","og_site_name":"Infos Droits Humains","article_published_time":"2022-12-22T07:41:32+00:00","article_modified_time":"2022-12-22T07:46:08+00:00","og_image":[{"width":720,"height":416,"url":"https:\/\/i0.wp.com\/infos-droitshumains.net\/wp-content\/uploads\/2022\/12\/1671315944280_1.jpg?fit=720%2C416&ssl=1","type":"image\/jpeg"}],"author":"Jo\u00ebl Diawa","twitter_card":"summary_large_image","twitter_misc":{"\u00c9crit par":"Jo\u00ebl Diawa","Dur\u00e9e de lecture estim\u00e9e":"2 minutes"},"schema":{"@context":"https:\/\/schema.org","@graph":[{"@type":"Article","@id":"https:\/\/infos-droitshumains.net\/?p=6059#article","isPartOf":{"@id":"https:\/\/infos-droitshumains.net\/?p=6059"},"author":{"name":"Jo\u00ebl Diawa","@id":"https:\/\/infos-droitshumains.net\/#\/schema\/person\/3dc5e921c3302172e0ed4362f96faab7"},"headline":"Kinshasa\u00a0: Apr\u00e8s la remise en service d\u2019un transformateur du poste de Funa, la Snel annonce la normalisation de la fourniture de l\u2019\u00e9lectricit\u00e9 dans quelques quartiers","datePublished":"2022-12-22T07:41:32+00:00","dateModified":"2022-12-22T07:46:08+00:00","mainEntityOfPage":{"@id":"https:\/\/infos-droitshumains.net\/?p=6059"},"wordCount":328,"commentCount":0,"publisher":{"@id":"https:\/\/infos-droitshumains.net\/#organization"},"image":{"@id":"https:\/\/infos-droitshumains.net\/?p=6059#primaryimage"},"thumbnailUrl":"https:\/\/i0.wp.com\/infos-droitshumains.net\/wp-content\/uploads\/2022\/12\/1671315944280_1.jpg?fit=720%2C416&ssl=1","articleSection":["Soci\u00e9t\u00e9"],"inLanguage":"fr-FR","potentialAction":[{"@type":"CommentAction","name":"Comment","target":["https:\/\/infos-droitshumains.net\/?p=6059#respond"]}]},{"@type":"WebPage","@id":"https:\/\/infos-droitshumains.net\/?p=6059","url":"https:\/\/infos-droitshumains.net\/?p=6059","name":"Kinshasa\u00a0: Apr\u00e8s la remise en service d\u2019un transformateur du poste de Funa, la Snel annonce la normalisation de la fourniture de l\u2019\u00e9lectricit\u00e9 dans quelques quartiers - Infos Droits Humains","isPartOf":{"@id":"https:\/\/infos-droitshumains.net\/#website"},"primaryImageOfPage":{"@id":"https:\/\/infos-droitshumains.net\/?p=6059#primaryimage"},"image":{"@id":"https:\/\/infos-droitshumains.net\/?p=6059#primaryimage"},"thumbnailUrl":"https:\/\/i0.wp.com\/infos-droitshumains.net\/wp-content\/uploads\/2022\/12\/1671315944280_1.jpg?fit=720%2C416&ssl=1","datePublished":"2022-12-22T07:41:32+00:00","dateModified":"2022-12-22T07:46:08+00:00","breadcrumb":{"@id":"https:\/\/infos-droitshumains.net\/?p=6059#breadcrumb"},"inLanguage":"fr-FR","potentialAction":[{"@type":"ReadAction","target":["https:\/\/infos-droitshumains.net\/?p=6059"]}]},{"@type":"ImageObject","inLanguage":"fr-FR","@id":"https:\/\/infos-droitshumains.net\/?p=6059#primaryimage","url":"https:\/\/i0.wp.com\/infos-droitshumains.net\/wp-content\/uploads\/2022\/12\/1671315944280_1.jpg?fit=720%2C416&ssl=1","contentUrl":"https:\/\/i0.wp.com\/infos-droitshumains.net\/wp-content\/uploads\/2022\/12\/1671315944280_1.jpg?fit=720%2C416&ssl=1","width":720,"height":416},{"@type":"BreadcrumbList","@id":"https:\/\/infos-droitshumains.net\/?p=6059#breadcrumb","itemListElement":[{"@type":"ListItem","position":1,"name":"Accueil","item":"https:\/\/infos-droitshumains.net\/"},{"@type":"ListItem","position":2,"name":"Kinshasa\u00a0: Apr\u00e8s la remise en service d\u2019un transformateur du poste de Funa, la Snel annonce la normalisation de la fourniture de l\u2019\u00e9lectricit\u00e9 dans quelques quartiers"}]},{"@type":"WebSite","@id":"https:\/\/infos-droitshumains.net\/#website","url":"https:\/\/infos-droitshumains.net\/","name":"Infos Droits Humains","description":"S&#039;informer est un droit","publisher":{"@id":"https:\/\/infos-droitshumains.net\/#organization"},"potentialAction":[{"@type":"SearchAction","target":{"@type":"EntryPoint","urlTemplate":"https:\/\/infos-droitshumains.net\/?s={search_term_string}"},"query-input":{"@type":"PropertyValueSpecification","valueRequired":true,"valueName":"search_term_string"}}],"inLanguage":"fr-FR"},{"@type":"Organization","@id":"https:\/\/infos-droitshumains.net\/#organization","name":"Infos Droits Humains","url":"https:\/\/infos-droitshumains.net\/","logo":{"@type":"ImageObject","inLanguage":"fr-FR","@id":"https:\/\/infos-droitshumains.net\/#\/schema\/logo\/image\/","url":"https:\/\/i0.wp.com\/infos-droitshumains.net\/wp-content\/uploads\/2022\/05\/Logo.png?fit=333%2C129&ssl=1","contentUrl":"https:\/\/i0.wp.com\/infos-droitshumains.net\/wp-content\/uploads\/2022\/05\/Logo.png?fit=333%2C129&ssl=1","width":333,"height":129,"caption":"Infos Droits Humains"},"image":{"@id":"https:\/\/infos-droitshumains.net\/#\/schema\/logo\/image\/"}},{"@type":"Person","@id":"https:\/\/infos-droitshumains.net\/#\/schema\/person\/3dc5e921c3302172e0ed4362f96faab7","name":"Jo\u00ebl Diawa","image":{"@type":"ImageObject","inLanguage":"fr-FR","@id":"https:\/\/secure.gravatar.com\/avatar\/729bea6ff4604c624417803c477363be8e3c7186deaa65713313f9b4b820f41c?s=96&d=mm&r=g","url":"https:\/\/secure.gravatar.com\/avatar\/729bea6ff4604c624417803c477363be8e3c7186deaa65713313f9b4b820f41c?s=96&d=mm&r=g","contentUrl":"https:\/\/secure.gravatar.com\/avatar\/729bea6ff4604c624417803c477363be8e3c7186deaa65713313f9b4b820f41c?s=96&d=mm&r=g","caption":"Jo\u00ebl Diawa"},"sameAs":["https:\/\/www.infos-droitshumains.net"],"url":"https:\/\/infos-droitshumains.net\/?author=2"}]}},"featured_image_urls":{"full":["https:\/\/i0.wp.com\/infos-droitshumains.net\/wp-content\/uploads\/2022\/12\/1671315944280_1.jpg?fit=720%2C416&ssl=1",720,416,false],"thumbnail":["https:\/\/i0.wp.com\/infos-droitshumains.net\/wp-content\/uploads\/2022\/12\/1671315944280_1.jpg?resize=150%2C150&ssl=1",150,150,true],"medium":["https:\/\/i0.wp.com\/infos-droitshumains.net\/wp-content\/uploads\/2022\/12\/1671315944280_1.jpg?fit=300%2C173&ssl=1",300,173,true],"medium_large":["https:\/\/i0.wp.com\/infos-droitshumains.net\/wp-content\/uploads\/2022\/12\/1671315944280_1.jpg?fit=640%2C370&ssl=1",640,370,true],"large":["https:\/\/i0.wp.com\/infos-droitshumains.net\/wp-content\/uploads\/2022\/12\/1671315944280_1.jpg?fit=640%2C370&ssl=1",640,370,true],"1536x1536":["https:\/\/i0.wp.com\/infos-droitshumains.net\/wp-content\/uploads\/2022\/12\/1671315944280_1.jpg?fit=720%2C416&ssl=1",720,416,true],"2048x2048":["https:\/\/i0.wp.com\/infos-droitshumains.net\/wp-content\/uploads\/2022\/12\/1671315944280_1.jpg?fit=720%2C416&ssl=1",720,416,true],"covernews-slider-full":["https:\/\/i0.wp.com\/infos-droitshumains.net\/wp-content\/uploads\/2022\/12\/1671315944280_1.jpg?resize=720%2C416&ssl=1",720,416,true],"covernews-slider-center":["https:\/\/i0.wp.com\/infos-droitshumains.net\/wp-content\/uploads\/2022\/12\/1671315944280_1.jpg?resize=720%2C416&ssl=1",720,416,true],"covernews-featured":["https:\/\/i0.wp.com\/infos-droitshumains.net\/wp-content\/uploads\/2022\/12\/1671315944280_1.jpg?fit=720%2C416&ssl=1",720,416,true],"covernews-medium":["https:\/\/i0.wp.com\/infos-droitshumains.net\/wp-content\/uploads\/2022\/12\/1671315944280_1.jpg?resize=540%2C340&ssl=1",540,340,true],"covernews-medium-square":["https:\/\/i0.wp.com\/infos-droitshumains.net\/wp-content\/uploads\/2022\/12\/1671315944280_1.jpg?resize=400%2C250&ssl=1",400,250,true]},"author_info":{"display_name":"Jo\u00ebl Diawa","author_link":"https:\/\/infos-droitshumains.net\/?author=2"},"category_info":"<a href=\"https:\/\/infos-droitshumains.net\/?cat=8\" rel=\"category\">Soci\u00e9t\u00e9<\/a>","tag_info":"Soci\u00e9t\u00e9","comment_count":"0","jetpack_featured_media_url":"https:\/\/i0.wp.com\/infos-droitshumains.net\/wp-content\/uploads\/2022\/12\/1671315944280_1.jpg?fit=720%2C416&ssl=1","jetpack-related-posts":[],"jetpack_sharing_enabled":true,"_links":{"self":[{"href":"https:\/\/infos-droitshumains.net\/index.php?rest_route=\/wp\/v2\/posts\/6059","targetHints":{"allow":["GET"]}}],"collection":[{"href":"https:\/\/infos-droitshumains.net\/index.php?rest_route=\/wp\/v2\/posts"}],"about":[{"href":"https:\/\/infos-droitshumains.net\/index.php?rest_route=\/wp\/v2\/types\/post"}],"author":[{"embeddable":true,"href":"https:\/\/infos-droitshumains.net\/index.php?rest_route=\/wp\/v2\/users\/2"}],"replies":[{"embeddable":true,"href":"https:\/\/infos-droitshumains.net\/index.php?rest_route=%2Fwp%2Fv2%2Fcomments&post=6059"}],"version-history":[{"count":3,"href":"https:\/\/infos-droitshumains.net\/index.php?rest_route=\/wp\/v2\/posts\/6059\/revisions"}],"predecessor-version":[{"id":6064,"href":"https:\/\/infos-droitshumains.net\/index.php?rest_route=\/wp\/v2\/posts\/6059\/revisions\/6064"}],"wp:featuredmedia":[{"embeddable":true,"href":"https:\/\/infos-droitshumains.net\/index.php?rest_route=\/wp\/v2\/media\/6061"}],"wp:attachment":[{"href":"https:\/\/infos-droitshumains.net\/index.php?rest_route=%2Fwp%2Fv2%2Fmedia&parent=6059"}],"wp:term":[{"taxonomy":"category","embeddable":true,"href":"https:\/\/infos-droitshumains.net\/index.php?rest_route=%2Fwp%2Fv2%2Fcategories&post=6059"},{"taxonomy":"post_tag","embeddable":true,"href":"https:\/\/infos-droitshumains.net\/index.php?rest_route=%2Fwp%2Fv2%2Ftags&post=6059"}],"curies":[{"name":"wp","href":"https:\/\/api.w.org\/{rel}","templated":true}]}}