{"id":6029,"date":"2022-12-18T11:24:06","date_gmt":"2022-12-18T10:24:06","guid":{"rendered":"https:\/\/infos-droitshumains.net\/?p=6029"},"modified":"2022-12-18T12:33:33","modified_gmt":"2022-12-18T11:33:33","slug":"decoree-avec-la-medaille-dor-de-merite-civique-par-la-chancellerie-des-ordres-nationaux-dipo-esabe-claude-rend-un-vibrant-hommage-au-chef-de-letat","status":"publish","type":"post","link":"https:\/\/infos-droitshumains.net\/?p=6029","title":{"rendered":"\u00c9lev\u00e9e dans l&rsquo;ordre national de m\u00e9rite civique par la chancellerie des ordres nationaux\u00a0: Dipo Esabe Claude rend un vibrant hommage au Chef de l\u2019\u00c9tat"},"content":{"rendered":"\n<p><strong>R\u00e9daction :+243817406088<\/strong><\/p>\n\n\n\n<p>Peu connue par le grand public, mais tr\u00e8s active et cr\u00e9ative dans le domaine de l\u2019urbanisme et habitat, Dipo Esabe Claude vient d\u2019\u00eatre mis \u00e0 lumi\u00e8re. Au cours de la c\u00e9r\u00e9monie de d\u00e9coration organis\u00e9e le samedi 17 d\u00e9cembre par la chancellerie des ordres nationaux, cette architecte et urbaniste de formation s\u2019est vu d\u00e9cerner la m\u00e9daille d\u2019Or de m\u00e9rite civique pour les bons et loyaux services rendus \u00e0 la nation congolaise dans son secteur.<\/p>\n\n\n\n<p>En effet, Dipo Esabe Claude bat un travail titanesque dans le secteur de l\u2019urbanisme, planification urbaine, dans le domaine de l\u2019am\u00e9nagement du territoire de l\u2019architecture et g\u00e9nie civile. Elle est l\u2019auteure de l\u2019unique proposition de loi sur l\u2019urbanisme, l\u2019am\u00e9nagement du territoire et la construction depuis celle de 1957. Une prouesse in\u00e9dite qui lui a donc valu ce m\u00e9rite.<\/p>\n\n\n\n<p><em>\u00ab&nbsp;La loi que nous utilisons aujourd\u2019hui en R\u00e9publique D\u00e9mocratique du Congo date du 20 juin 1957. Ca fait de cela 64 ans que la R\u00e9publique n\u2019a pas une loi qui est actualis\u00e9e et contextualis\u00e9e, qui s\u2019adapte au contexte actuel&nbsp;\u00bb<\/em>, a-t-elle justifi\u00e9 la raison d\u2019\u00eatre de sa proposition.<\/p>\n\n\n\n<p>Avec ses 30 ans d\u2019exp\u00e9rience au minist\u00e8re de l\u2019urbanisme et habitat et gr\u00e2ce \u00e0 cette m\u00e9daille, Dipo Esabe Claude est plus que motiv\u00e9e a aider la RDC \u00e0 se reconstruire&nbsp;; d\u2019o\u00f9, cet appel au Chef de l\u2019Etat.<\/p>\n\n\n\n<p><em>\u00ab&nbsp;Je dirai un grand merci au Grand Cordon de l\u2019ordre, le Chef de l\u2019Etat F\u00e9lix-Antoine Tshisekedi Tshilombo pour cette marque de consid\u00e9ration. Excellence Monsieur le Pr\u00e9sident de la R\u00e9publique, l\u2019heure du changement est arriv\u00e9e. Revoyons les lois qui datent de l\u2019\u00e9poque coloniale dans les multiples domaines\u2026 Nous devons travailler et r\u00e9former les lois qui doivent \u00eatre adapt\u00e9es et surtout que votre projet des 145 territoires est venu nous renforcer d\u2019avantage, nous allons encore travailler puisque le d\u00e9veloppement devait commencer par la base. La m\u00e9daille n\u2019est pas la cons\u00e9cration en soit, on peut en avoir encore plus. Celle-ci nous pousse encore \u00e0 travailler. Tel que je suis l\u00e0, j\u2019ai envie d\u2019aller travailler dans le projet des 145 territoires, nous voulons commencer \u00e0 d\u00e9velopper le pays \u00e0 partir de la base et puis revenir \u00e0 Kinshasa avec les projets tel que, la r\u00e9novation, la r\u00e9habilitation, la cr\u00e9ation des nouvelles villes, puisque Kinshasa actuellement c\u2019est une ville morte. Kinshasa ne r\u00e9pond plus aux normes d\u2019une ville, d\u2019une m\u00e9gapole&nbsp;\u00bb.<\/em><\/p>\n\n\n\n<p>Pour elle, les r\u00e9centes catastrophes que Kinshasa vient de connaitre de suite de la pluie diluvienne du 13 d\u00e9cembre dernier seraient \u00e9vit\u00e9es si le pays disposait d\u00e9j\u00e0 d\u2019une nouvelle beaucoup plus adapt\u00e9e sur l\u2019urbanisation et l\u2019habitat&nbsp;: <em>\u00ab&nbsp;Regardez notre pays, il n\u2019y a pas la planification urbaine, voil\u00e0 les accidents qui nous arrivent. Avec la loi actualis\u00e9e, on aurait pu \u00e9viter la situation d\u00e9sastreuse que nous sommes en train de vivre. Les investisseurs pouvaient beau venir, mais lorsqu\u2019il s\u2019agit de n\u00e9gocier ou faire des protocoles d\u2019accord, \u00e0 l\u2019absence de la loi actualis\u00e9e, nous les perdons \u00bb,<\/em> a d\u00e9plor\u00e9 Dipo Esabe Claude.<\/p>\n\n\n\n<p>Cette m\u00e9daille est pour Dipo Esabe Claude un objet de motivation afin de travailler beaucoup plus pour l\u2019int\u00e9r\u00eat de la nation. Elle a pour se faire, invit\u00e9 les architectes, les urbanistes, les ing\u00e9nieurs civils et les ing\u00e9nieurs BTP en construction \u00e0 <em>\u00ab&nbsp;conjuguer les efforts, pour aider le Chef de l\u2019Eta \u00e0 construire le pays&nbsp;\u00bb.<\/em><\/p>\n\n\n\n<p>Jo\u00ebl &nbsp;Diawa<\/p>\n","protected":false},"excerpt":{"rendered":"<p>R\u00e9daction :+243817406088 Peu connue par le grand public, mais tr\u00e8s active et cr\u00e9ative dans le&#8230;<\/p>\n","protected":false},"author":2,"featured_media":6031,"comment_status":"open","ping_status":"open","sticky":false,"template":"","format":"standard","meta":{"_jetpack_memberships_contains_paid_content":false,"footnotes":""},"categories":[8],"tags":[],"class_list":["post-6029","post","type-post","status-publish","format-standard","has-post-thumbnail","hentry","category-societe"],"yoast_head":"<!-- This site is optimized with the Yoast SEO plugin v27.5 - https:\/\/yoast.com\/product\/yoast-seo-wordpress\/ -->\n<title>\u00c9lev\u00e9e dans l&#039;ordre national de m\u00e9rite civique par la chancellerie des ordres nationaux\u00a0: Dipo Esabe Claude rend un vibrant hommage au Chef de l\u2019\u00c9tat - Infos Droits Humains<\/title>\n<meta name=\"robots\" content=\"index, follow, max-snippet:-1, max-image-preview:large, max-video-preview:-1\" \/>\n<link rel=\"canonical\" href=\"https:\/\/infos-droitshumains.net\/?p=6029\" \/>\n<meta property=\"og:locale\" content=\"fr_FR\" \/>\n<meta property=\"og:type\" content=\"article\" \/>\n<meta property=\"og:title\" content=\"\u00c9lev\u00e9e dans l&#039;ordre national de m\u00e9rite civique par la chancellerie des ordres nationaux\u00a0: Dipo Esabe Claude rend un vibrant hommage au Chef de l\u2019\u00c9tat - Infos Droits Humains\" \/>\n<meta property=\"og:description\" content=\"R\u00e9daction :+243817406088 Peu connue par le grand public, mais tr\u00e8s active et cr\u00e9ative dans le...\" \/>\n<meta property=\"og:url\" content=\"https:\/\/infos-droitshumains.net\/?p=6029\" \/>\n<meta property=\"og:site_name\" content=\"Infos Droits Humains\" \/>\n<meta property=\"article:published_time\" content=\"2022-12-18T10:24:06+00:00\" \/>\n<meta property=\"article:modified_time\" content=\"2022-12-18T11:33:33+00:00\" \/>\n<meta property=\"og:image\" content=\"https:\/\/i0.wp.com\/infos-droitshumains.net\/wp-content\/uploads\/2022\/12\/IMG-20221218-WA0005_1.jpg?fit=1000%2C637&ssl=1\" \/>\n\t<meta property=\"og:image:width\" content=\"1000\" \/>\n\t<meta property=\"og:image:height\" content=\"637\" \/>\n\t<meta property=\"og:image:type\" content=\"image\/jpeg\" \/>\n<meta name=\"author\" content=\"Jo\u00ebl Diawa\" \/>\n<meta name=\"twitter:card\" content=\"summary_large_image\" \/>\n<meta name=\"twitter:label1\" content=\"\u00c9crit par\" \/>\n\t<meta name=\"twitter:data1\" content=\"Jo\u00ebl Diawa\" \/>\n\t<meta name=\"twitter:label2\" content=\"Dur\u00e9e de lecture estim\u00e9e\" \/>\n\t<meta name=\"twitter:data2\" content=\"3 minutes\" \/>\n<script type=\"application\/ld+json\" class=\"yoast-schema-graph\">{\"@context\":\"https:\\\/\\\/schema.org\",\"@graph\":[{\"@type\":\"Article\",\"@id\":\"https:\\\/\\\/infos-droitshumains.net\\\/?p=6029#article\",\"isPartOf\":{\"@id\":\"https:\\\/\\\/infos-droitshumains.net\\\/?p=6029\"},\"author\":{\"name\":\"Jo\u00ebl Diawa\",\"@id\":\"https:\\\/\\\/infos-droitshumains.net\\\/#\\\/schema\\\/person\\\/3dc5e921c3302172e0ed4362f96faab7\"},\"headline\":\"\u00c9lev\u00e9e dans l&rsquo;ordre national de m\u00e9rite civique par la chancellerie des ordres nationaux\u00a0: Dipo Esabe Claude rend un vibrant hommage au Chef de l\u2019\u00c9tat\",\"datePublished\":\"2022-12-18T10:24:06+00:00\",\"dateModified\":\"2022-12-18T11:33:33+00:00\",\"mainEntityOfPage\":{\"@id\":\"https:\\\/\\\/infos-droitshumains.net\\\/?p=6029\"},\"wordCount\":652,\"commentCount\":0,\"publisher\":{\"@id\":\"https:\\\/\\\/infos-droitshumains.net\\\/#organization\"},\"image\":{\"@id\":\"https:\\\/\\\/infos-droitshumains.net\\\/?p=6029#primaryimage\"},\"thumbnailUrl\":\"https:\\\/\\\/i0.wp.com\\\/infos-droitshumains.net\\\/wp-content\\\/uploads\\\/2022\\\/12\\\/IMG-20221218-WA0005_1.jpg?fit=1000%2C637&ssl=1\",\"articleSection\":[\"Soci\u00e9t\u00e9\"],\"inLanguage\":\"fr-FR\",\"potentialAction\":[{\"@type\":\"CommentAction\",\"name\":\"Comment\",\"target\":[\"https:\\\/\\\/infos-droitshumains.net\\\/?p=6029#respond\"]}]},{\"@type\":\"WebPage\",\"@id\":\"https:\\\/\\\/infos-droitshumains.net\\\/?p=6029\",\"url\":\"https:\\\/\\\/infos-droitshumains.net\\\/?p=6029\",\"name\":\"\u00c9lev\u00e9e dans l'ordre national de m\u00e9rite civique par la chancellerie des ordres nationaux\u00a0: Dipo Esabe Claude rend un vibrant hommage au Chef de l\u2019\u00c9tat - Infos Droits Humains\",\"isPartOf\":{\"@id\":\"https:\\\/\\\/infos-droitshumains.net\\\/#website\"},\"primaryImageOfPage\":{\"@id\":\"https:\\\/\\\/infos-droitshumains.net\\\/?p=6029#primaryimage\"},\"image\":{\"@id\":\"https:\\\/\\\/infos-droitshumains.net\\\/?p=6029#primaryimage\"},\"thumbnailUrl\":\"https:\\\/\\\/i0.wp.com\\\/infos-droitshumains.net\\\/wp-content\\\/uploads\\\/2022\\\/12\\\/IMG-20221218-WA0005_1.jpg?fit=1000%2C637&ssl=1\",\"datePublished\":\"2022-12-18T10:24:06+00:00\",\"dateModified\":\"2022-12-18T11:33:33+00:00\",\"breadcrumb\":{\"@id\":\"https:\\\/\\\/infos-droitshumains.net\\\/?p=6029#breadcrumb\"},\"inLanguage\":\"fr-FR\",\"potentialAction\":[{\"@type\":\"ReadAction\",\"target\":[\"https:\\\/\\\/infos-droitshumains.net\\\/?p=6029\"]}]},{\"@type\":\"ImageObject\",\"inLanguage\":\"fr-FR\",\"@id\":\"https:\\\/\\\/infos-droitshumains.net\\\/?p=6029#primaryimage\",\"url\":\"https:\\\/\\\/i0.wp.com\\\/infos-droitshumains.net\\\/wp-content\\\/uploads\\\/2022\\\/12\\\/IMG-20221218-WA0005_1.jpg?fit=1000%2C637&ssl=1\",\"contentUrl\":\"https:\\\/\\\/i0.wp.com\\\/infos-droitshumains.net\\\/wp-content\\\/uploads\\\/2022\\\/12\\\/IMG-20221218-WA0005_1.jpg?fit=1000%2C637&ssl=1\",\"width\":1000,\"height\":637},{\"@type\":\"BreadcrumbList\",\"@id\":\"https:\\\/\\\/infos-droitshumains.net\\\/?p=6029#breadcrumb\",\"itemListElement\":[{\"@type\":\"ListItem\",\"position\":1,\"name\":\"Accueil\",\"item\":\"https:\\\/\\\/infos-droitshumains.net\\\/\"},{\"@type\":\"ListItem\",\"position\":2,\"name\":\"\u00c9lev\u00e9e dans l&rsquo;ordre national de m\u00e9rite civique par la chancellerie des ordres nationaux\u00a0: Dipo Esabe Claude rend un vibrant hommage au Chef de l\u2019\u00c9tat\"}]},{\"@type\":\"WebSite\",\"@id\":\"https:\\\/\\\/infos-droitshumains.net\\\/#website\",\"url\":\"https:\\\/\\\/infos-droitshumains.net\\\/\",\"name\":\"Infos Droits Humains\",\"description\":\"S&#039;informer est un droit\",\"publisher\":{\"@id\":\"https:\\\/\\\/infos-droitshumains.net\\\/#organization\"},\"potentialAction\":[{\"@type\":\"SearchAction\",\"target\":{\"@type\":\"EntryPoint\",\"urlTemplate\":\"https:\\\/\\\/infos-droitshumains.net\\\/?s={search_term_string}\"},\"query-input\":{\"@type\":\"PropertyValueSpecification\",\"valueRequired\":true,\"valueName\":\"search_term_string\"}}],\"inLanguage\":\"fr-FR\"},{\"@type\":\"Organization\",\"@id\":\"https:\\\/\\\/infos-droitshumains.net\\\/#organization\",\"name\":\"Infos Droits Humains\",\"url\":\"https:\\\/\\\/infos-droitshumains.net\\\/\",\"logo\":{\"@type\":\"ImageObject\",\"inLanguage\":\"fr-FR\",\"@id\":\"https:\\\/\\\/infos-droitshumains.net\\\/#\\\/schema\\\/logo\\\/image\\\/\",\"url\":\"https:\\\/\\\/i0.wp.com\\\/infos-droitshumains.net\\\/wp-content\\\/uploads\\\/2022\\\/05\\\/Logo.png?fit=333%2C129&ssl=1\",\"contentUrl\":\"https:\\\/\\\/i0.wp.com\\\/infos-droitshumains.net\\\/wp-content\\\/uploads\\\/2022\\\/05\\\/Logo.png?fit=333%2C129&ssl=1\",\"width\":333,\"height\":129,\"caption\":\"Infos Droits Humains\"},\"image\":{\"@id\":\"https:\\\/\\\/infos-droitshumains.net\\\/#\\\/schema\\\/logo\\\/image\\\/\"}},{\"@type\":\"Person\",\"@id\":\"https:\\\/\\\/infos-droitshumains.net\\\/#\\\/schema\\\/person\\\/3dc5e921c3302172e0ed4362f96faab7\",\"name\":\"Jo\u00ebl Diawa\",\"image\":{\"@type\":\"ImageObject\",\"inLanguage\":\"fr-FR\",\"@id\":\"https:\\\/\\\/secure.gravatar.com\\\/avatar\\\/729bea6ff4604c624417803c477363be8e3c7186deaa65713313f9b4b820f41c?s=96&d=mm&r=g\",\"url\":\"https:\\\/\\\/secure.gravatar.com\\\/avatar\\\/729bea6ff4604c624417803c477363be8e3c7186deaa65713313f9b4b820f41c?s=96&d=mm&r=g\",\"contentUrl\":\"https:\\\/\\\/secure.gravatar.com\\\/avatar\\\/729bea6ff4604c624417803c477363be8e3c7186deaa65713313f9b4b820f41c?s=96&d=mm&r=g\",\"caption\":\"Jo\u00ebl Diawa\"},\"sameAs\":[\"https:\\\/\\\/www.infos-droitshumains.net\"],\"url\":\"https:\\\/\\\/infos-droitshumains.net\\\/?author=2\"}]}<\/script>\n<!-- \/ Yoast SEO plugin. -->","yoast_head_json":{"title":"\u00c9lev\u00e9e dans l'ordre national de m\u00e9rite civique par la chancellerie des ordres nationaux\u00a0: Dipo Esabe Claude rend un vibrant hommage au Chef de l\u2019\u00c9tat - Infos Droits Humains","robots":{"index":"index","follow":"follow","max-snippet":"max-snippet:-1","max-image-preview":"max-image-preview:large","max-video-preview":"max-video-preview:-1"},"canonical":"https:\/\/infos-droitshumains.net\/?p=6029","og_locale":"fr_FR","og_type":"article","og_title":"\u00c9lev\u00e9e dans l'ordre national de m\u00e9rite civique par la chancellerie des ordres nationaux\u00a0: Dipo Esabe Claude rend un vibrant hommage au Chef de l\u2019\u00c9tat - Infos Droits Humains","og_description":"R\u00e9daction :+243817406088 Peu connue par le grand public, mais tr\u00e8s active et cr\u00e9ative dans le...","og_url":"https:\/\/infos-droitshumains.net\/?p=6029","og_site_name":"Infos Droits Humains","article_published_time":"2022-12-18T10:24:06+00:00","article_modified_time":"2022-12-18T11:33:33+00:00","og_image":[{"width":1000,"height":637,"url":"https:\/\/i0.wp.com\/infos-droitshumains.net\/wp-content\/uploads\/2022\/12\/IMG-20221218-WA0005_1.jpg?fit=1000%2C637&ssl=1","type":"image\/jpeg"}],"author":"Jo\u00ebl Diawa","twitter_card":"summary_large_image","twitter_misc":{"\u00c9crit par":"Jo\u00ebl Diawa","Dur\u00e9e de lecture estim\u00e9e":"3 minutes"},"schema":{"@context":"https:\/\/schema.org","@graph":[{"@type":"Article","@id":"https:\/\/infos-droitshumains.net\/?p=6029#article","isPartOf":{"@id":"https:\/\/infos-droitshumains.net\/?p=6029"},"author":{"name":"Jo\u00ebl Diawa","@id":"https:\/\/infos-droitshumains.net\/#\/schema\/person\/3dc5e921c3302172e0ed4362f96faab7"},"headline":"\u00c9lev\u00e9e dans l&rsquo;ordre national de m\u00e9rite civique par la chancellerie des ordres nationaux\u00a0: Dipo Esabe Claude rend un vibrant hommage au Chef de l\u2019\u00c9tat","datePublished":"2022-12-18T10:24:06+00:00","dateModified":"2022-12-18T11:33:33+00:00","mainEntityOfPage":{"@id":"https:\/\/infos-droitshumains.net\/?p=6029"},"wordCount":652,"commentCount":0,"publisher":{"@id":"https:\/\/infos-droitshumains.net\/#organization"},"image":{"@id":"https:\/\/infos-droitshumains.net\/?p=6029#primaryimage"},"thumbnailUrl":"https:\/\/i0.wp.com\/infos-droitshumains.net\/wp-content\/uploads\/2022\/12\/IMG-20221218-WA0005_1.jpg?fit=1000%2C637&ssl=1","articleSection":["Soci\u00e9t\u00e9"],"inLanguage":"fr-FR","potentialAction":[{"@type":"CommentAction","name":"Comment","target":["https:\/\/infos-droitshumains.net\/?p=6029#respond"]}]},{"@type":"WebPage","@id":"https:\/\/infos-droitshumains.net\/?p=6029","url":"https:\/\/infos-droitshumains.net\/?p=6029","name":"\u00c9lev\u00e9e dans l'ordre national de m\u00e9rite civique par la chancellerie des ordres nationaux\u00a0: Dipo Esabe Claude rend un vibrant hommage au Chef de l\u2019\u00c9tat - Infos Droits Humains","isPartOf":{"@id":"https:\/\/infos-droitshumains.net\/#website"},"primaryImageOfPage":{"@id":"https:\/\/infos-droitshumains.net\/?p=6029#primaryimage"},"image":{"@id":"https:\/\/infos-droitshumains.net\/?p=6029#primaryimage"},"thumbnailUrl":"https:\/\/i0.wp.com\/infos-droitshumains.net\/wp-content\/uploads\/2022\/12\/IMG-20221218-WA0005_1.jpg?fit=1000%2C637&ssl=1","datePublished":"2022-12-18T10:24:06+00:00","dateModified":"2022-12-18T11:33:33+00:00","breadcrumb":{"@id":"https:\/\/infos-droitshumains.net\/?p=6029#breadcrumb"},"inLanguage":"fr-FR","potentialAction":[{"@type":"ReadAction","target":["https:\/\/infos-droitshumains.net\/?p=6029"]}]},{"@type":"ImageObject","inLanguage":"fr-FR","@id":"https:\/\/infos-droitshumains.net\/?p=6029#primaryimage","url":"https:\/\/i0.wp.com\/infos-droitshumains.net\/wp-content\/uploads\/2022\/12\/IMG-20221218-WA0005_1.jpg?fit=1000%2C637&ssl=1","contentUrl":"https:\/\/i0.wp.com\/infos-droitshumains.net\/wp-content\/uploads\/2022\/12\/IMG-20221218-WA0005_1.jpg?fit=1000%2C637&ssl=1","width":1000,"height":637},{"@type":"BreadcrumbList","@id":"https:\/\/infos-droitshumains.net\/?p=6029#breadcrumb","itemListElement":[{"@type":"ListItem","position":1,"name":"Accueil","item":"https:\/\/infos-droitshumains.net\/"},{"@type":"ListItem","position":2,"name":"\u00c9lev\u00e9e dans l&rsquo;ordre national de m\u00e9rite civique par la chancellerie des ordres nationaux\u00a0: Dipo Esabe Claude rend un vibrant hommage au Chef de l\u2019\u00c9tat"}]},{"@type":"WebSite","@id":"https:\/\/infos-droitshumains.net\/#website","url":"https:\/\/infos-droitshumains.net\/","name":"Infos Droits Humains","description":"S&#039;informer est un droit","publisher":{"@id":"https:\/\/infos-droitshumains.net\/#organization"},"potentialAction":[{"@type":"SearchAction","target":{"@type":"EntryPoint","urlTemplate":"https:\/\/infos-droitshumains.net\/?s={search_term_string}"},"query-input":{"@type":"PropertyValueSpecification","valueRequired":true,"valueName":"search_term_string"}}],"inLanguage":"fr-FR"},{"@type":"Organization","@id":"https:\/\/infos-droitshumains.net\/#organization","name":"Infos Droits Humains","url":"https:\/\/infos-droitshumains.net\/","logo":{"@type":"ImageObject","inLanguage":"fr-FR","@id":"https:\/\/infos-droitshumains.net\/#\/schema\/logo\/image\/","url":"https:\/\/i0.wp.com\/infos-droitshumains.net\/wp-content\/uploads\/2022\/05\/Logo.png?fit=333%2C129&ssl=1","contentUrl":"https:\/\/i0.wp.com\/infos-droitshumains.net\/wp-content\/uploads\/2022\/05\/Logo.png?fit=333%2C129&ssl=1","width":333,"height":129,"caption":"Infos Droits Humains"},"image":{"@id":"https:\/\/infos-droitshumains.net\/#\/schema\/logo\/image\/"}},{"@type":"Person","@id":"https:\/\/infos-droitshumains.net\/#\/schema\/person\/3dc5e921c3302172e0ed4362f96faab7","name":"Jo\u00ebl Diawa","image":{"@type":"ImageObject","inLanguage":"fr-FR","@id":"https:\/\/secure.gravatar.com\/avatar\/729bea6ff4604c624417803c477363be8e3c7186deaa65713313f9b4b820f41c?s=96&d=mm&r=g","url":"https:\/\/secure.gravatar.com\/avatar\/729bea6ff4604c624417803c477363be8e3c7186deaa65713313f9b4b820f41c?s=96&d=mm&r=g","contentUrl":"https:\/\/secure.gravatar.com\/avatar\/729bea6ff4604c624417803c477363be8e3c7186deaa65713313f9b4b820f41c?s=96&d=mm&r=g","caption":"Jo\u00ebl Diawa"},"sameAs":["https:\/\/www.infos-droitshumains.net"],"url":"https:\/\/infos-droitshumains.net\/?author=2"}]}},"featured_image_urls":{"full":["https:\/\/i0.wp.com\/infos-droitshumains.net\/wp-content\/uploads\/2022\/12\/IMG-20221218-WA0005_1.jpg?fit=1000%2C637&ssl=1",1000,637,false],"thumbnail":["https:\/\/i0.wp.com\/infos-droitshumains.net\/wp-content\/uploads\/2022\/12\/IMG-20221218-WA0005_1.jpg?resize=150%2C150&ssl=1",150,150,true],"medium":["https:\/\/i0.wp.com\/infos-droitshumains.net\/wp-content\/uploads\/2022\/12\/IMG-20221218-WA0005_1.jpg?fit=300%2C191&ssl=1",300,191,true],"medium_large":["https:\/\/i0.wp.com\/infos-droitshumains.net\/wp-content\/uploads\/2022\/12\/IMG-20221218-WA0005_1.jpg?fit=640%2C408&ssl=1",640,408,true],"large":["https:\/\/i0.wp.com\/infos-droitshumains.net\/wp-content\/uploads\/2022\/12\/IMG-20221218-WA0005_1.jpg?fit=640%2C408&ssl=1",640,408,true],"1536x1536":["https:\/\/i0.wp.com\/infos-droitshumains.net\/wp-content\/uploads\/2022\/12\/IMG-20221218-WA0005_1.jpg?fit=1000%2C637&ssl=1",1000,637,true],"2048x2048":["https:\/\/i0.wp.com\/infos-droitshumains.net\/wp-content\/uploads\/2022\/12\/IMG-20221218-WA0005_1.jpg?fit=1000%2C637&ssl=1",1000,637,true],"covernews-slider-full":["https:\/\/i0.wp.com\/infos-droitshumains.net\/wp-content\/uploads\/2022\/12\/IMG-20221218-WA0005_1.jpg?resize=1000%2C637&ssl=1",1000,637,true],"covernews-slider-center":["https:\/\/i0.wp.com\/infos-droitshumains.net\/wp-content\/uploads\/2022\/12\/IMG-20221218-WA0005_1.jpg?resize=800%2C500&ssl=1",800,500,true],"covernews-featured":["https:\/\/i0.wp.com\/infos-droitshumains.net\/wp-content\/uploads\/2022\/12\/IMG-20221218-WA0005_1.jpg?fit=1000%2C637&ssl=1",1000,637,true],"covernews-medium":["https:\/\/i0.wp.com\/infos-droitshumains.net\/wp-content\/uploads\/2022\/12\/IMG-20221218-WA0005_1.jpg?resize=540%2C340&ssl=1",540,340,true],"covernews-medium-square":["https:\/\/i0.wp.com\/infos-droitshumains.net\/wp-content\/uploads\/2022\/12\/IMG-20221218-WA0005_1.jpg?resize=400%2C250&ssl=1",400,250,true]},"author_info":{"display_name":"Jo\u00ebl Diawa","author_link":"https:\/\/infos-droitshumains.net\/?author=2"},"category_info":"<a href=\"https:\/\/infos-droitshumains.net\/?cat=8\" rel=\"category\">Soci\u00e9t\u00e9<\/a>","tag_info":"Soci\u00e9t\u00e9","comment_count":"0","jetpack_featured_media_url":"https:\/\/i0.wp.com\/infos-droitshumains.net\/wp-content\/uploads\/2022\/12\/IMG-20221218-WA0005_1.jpg?fit=1000%2C637&ssl=1","jetpack-related-posts":[],"jetpack_sharing_enabled":true,"_links":{"self":[{"href":"https:\/\/infos-droitshumains.net\/index.php?rest_route=\/wp\/v2\/posts\/6029","targetHints":{"allow":["GET"]}}],"collection":[{"href":"https:\/\/infos-droitshumains.net\/index.php?rest_route=\/wp\/v2\/posts"}],"about":[{"href":"https:\/\/infos-droitshumains.net\/index.php?rest_route=\/wp\/v2\/types\/post"}],"author":[{"embeddable":true,"href":"https:\/\/infos-droitshumains.net\/index.php?rest_route=\/wp\/v2\/users\/2"}],"replies":[{"embeddable":true,"href":"https:\/\/infos-droitshumains.net\/index.php?rest_route=%2Fwp%2Fv2%2Fcomments&post=6029"}],"version-history":[{"count":2,"href":"https:\/\/infos-droitshumains.net\/index.php?rest_route=\/wp\/v2\/posts\/6029\/revisions"}],"predecessor-version":[{"id":6032,"href":"https:\/\/infos-droitshumains.net\/index.php?rest_route=\/wp\/v2\/posts\/6029\/revisions\/6032"}],"wp:featuredmedia":[{"embeddable":true,"href":"https:\/\/infos-droitshumains.net\/index.php?rest_route=\/wp\/v2\/media\/6031"}],"wp:attachment":[{"href":"https:\/\/infos-droitshumains.net\/index.php?rest_route=%2Fwp%2Fv2%2Fmedia&parent=6029"}],"wp:term":[{"taxonomy":"category","embeddable":true,"href":"https:\/\/infos-droitshumains.net\/index.php?rest_route=%2Fwp%2Fv2%2Fcategories&post=6029"},{"taxonomy":"post_tag","embeddable":true,"href":"https:\/\/infos-droitshumains.net\/index.php?rest_route=%2Fwp%2Fv2%2Ftags&post=6029"}],"curies":[{"name":"wp","href":"https:\/\/api.w.org\/{rel}","templated":true}]}}