{"id":599,"date":"2021-06-28T20:00:42","date_gmt":"2021-06-28T18:00:42","guid":{"rendered":"https:\/\/www.infos-droitshumains.net\/?p=599"},"modified":"2023-04-06T12:11:45","modified_gmt":"2023-04-06T10:11:45","slug":"orange-rdc-au-bord-de-la-faillite-vers-un-redressement-judiciaire-ou-la-designation-dun-expert-comptable-pour-auditer-les-comptes","status":"publish","type":"post","link":"https:\/\/infos-droitshumains.net\/?p=599","title":{"rendered":"Orange RDC au bord de la faillite: vers un redressement judiciaire ou la d\u00e9signation d&rsquo;un expert comptable pour auditer les comptes ?"},"content":{"rendered":"\n<p><\/p>\n\n\n\n<p>La soci\u00e9t\u00e9 Orange RDC SA est assign\u00e9e devant le Tribunal de commerce de Kinshasa\/Gombe si\u00e9geant en mati\u00e8re de proc\u00e9dure collective d&rsquo;apurement du passif au premier degr\u00e9, par la soci\u00e9t\u00e9 Afro-Arabian au Congo, SAFARCO, sarl. Cette derni\u00e8re tient \u00e0 obtenir  le redressement judiciaire de la firme fran\u00e7aise de t\u00e9l\u00e9communication.<\/p>\n\n\n\n<p>En effet, Orange RDC SA doit \u00e0 la demanderesse( SAFARCO sarl) la somme de USD 49.400, repr\u00e9sentant les arri\u00e9r\u00e9s de loyer impay\u00e9s dans la p\u00e9riode comprise entre ao\u00fbt 2004 et mars 2013, ainsi que celle comprise entre avril 2013 et octobre 2018.<\/p>\n\n\n\n<p>\u00c0 en croire Ma\u00eetre Junior Kapuya Meleka, avocat conseil de SAFARCO sarl, en d\u00e9pit des multiples interpellations, Orange RDC a fait sourde oreille.<\/p>\n\n\n\n<figure class=\"wp-block-image alignfull size-large\"><img data-recalc-dims=\"1\" decoding=\"async\" src=\"https:\/\/i0.wp.com\/www.infos-droitshumains.net\/wp-content\/uploads\/2021\/06\/IMG-20210628-WA0047.jpg?w=640&#038;ssl=1\" alt=\"\" class=\"wp-image-600\" \/><\/figure>\n\n\n\n<p>La cause fut appel\u00e9 le vendredi 25 juin dernier ; et lors cette audience, SAFARCO a signifi\u00e9 au tribunal qu&rsquo;elle \u00e9tait b\u00e9n\u00e9ficiaire d&rsquo;un titre ex\u00e9cutoire sur base duquel, il devait op\u00e9rer des saisie-attributions apr\u00e8s des tiers saisis.<\/p>\n\n\n\n<p>Et ce sont ces saisie-attributions qui ont \u00e9t\u00e9 r\u00e9v\u00e9latrices de la situation chaotique dans laquelle se trouve Orange RDC. Les soldes de ses comptes aupr\u00e8s de presque toutes les banques sont d\u00e9biteurs.<\/p>\n\n\n\n<p>Pour Me Junior Kapuya, cet \u00e9tat financier fait de Orange, une soci\u00e9t\u00e9 en cessation de paiement, d&rsquo;o\u00f9, un redressement judiciaire s&rsquo;impose.<\/p>\n\n\n\n<p>Pour sa part, la soci\u00e9t\u00e9 mise en cause reconna\u00eet tout de m\u00eame sa cr\u00e9ance vis-\u00e0-vis de SAFARCO sarl, elle soutient  par ailleurs que c&rsquo;est une cr\u00e9ance qui ne remplie pas toutes les conditions n\u00e9cessaires qui puissent enclencher une proc\u00e9dure de redressement judiciaire.<\/p>\n\n\n\n<p>Orange RDC SA par le billet de son conseil, le b\u00e2tonnier Alain Mavambu a accept\u00e9 d&rsquo;\u00e9ponger sa cr\u00e9ance vis-\u00e0-vis de SAFARCO, mais \u00e0 condition que cette derni\u00e8re harmonise sa g\u00e9rance. \u00ab\u00a0<em>Il y avait d\u00e9sordre dans la gestion voil\u00e0 pourquoi on ne savait pas au pr\u00e8s de qui payer<\/em>\u00a0\u00bb a-il soutenu.<\/p>\n\n\n\n<figure class=\"wp-block-image alignfull size-large\"><img data-recalc-dims=\"1\" height=\"360\" width=\"640\" decoding=\"async\" src=\"https:\/\/i0.wp.com\/www.infos-droitshumains.net\/wp-content\/uploads\/2021\/06\/IMG-20210628-WA0052-1024x576.jpg?resize=640%2C360&#038;ssl=1\" alt=\"\" class=\"wp-image-601\" \/><\/figure>\n\n\n\n<p>Le minist\u00e8re public a quant \u00e0 lui souhait\u00e9 qu&rsquo;un expert comptable soit designer au sein de Orange RDC SA  afin d&rsquo;auditer ses comptes et constater si r\u00e9ellement la soci\u00e9t\u00e9 est en cessation de paiement.<\/p>\n\n\n\n<figure class=\"wp-block-image alignfull size-large\"><img data-recalc-dims=\"1\" height=\"360\" width=\"640\" decoding=\"async\" src=\"https:\/\/i0.wp.com\/www.infos-droitshumains.net\/wp-content\/uploads\/2021\/06\/IMG-20210628-WA0053-1024x576.jpg?resize=640%2C360&#038;ssl=1\" alt=\"\" class=\"wp-image-602\" \/><\/figure>\n\n\n\n<p>Le tribunal a pris l&rsquo;affaire en d\u00e9lib\u00e9rer pour se prononcer dans les jours avenirs.<\/p>\n\n\n\n<figure class=\"wp-block-image alignfull size-large\"><img data-recalc-dims=\"1\" decoding=\"async\" src=\"https:\/\/i0.wp.com\/www.infos-droitshumains.net\/wp-content\/uploads\/2021\/06\/IMG-20210628-WA0050.jpg?w=640&#038;ssl=1\" alt=\"\" class=\"wp-image-603\" \/><\/figure>\n\n\n\n<p>Ce jugement est de tous les enjeux pour Orange RDC qui reste suspendu sur les l\u00e8vres du juge pr\u00e9sident avant de savoir si elle sera plac\u00e9e en redressement judiciaire ou un expert comptable sera d\u00e9sign\u00e9 pour son audit.<\/p>\n\n\n\n<p>Notez qu&rsquo;en son temps, l&rsquo;ONG Dynamique Impunit\u00e9 Z\u00e9ro avait d\u00e9j\u00e0 pr\u00e9venu les consommateurs des produits de cette firme fran\u00e7aise de t\u00e9l\u00e9communication que cette derni\u00e8re \u00e9tait sous menace de faillite.<\/p>\n\n\n\n<figure class=\"wp-block-image alignfull size-large\"><img data-recalc-dims=\"1\" height=\"1024\" width=\"472\" decoding=\"async\" src=\"https:\/\/i0.wp.com\/www.infos-droitshumains.net\/wp-content\/uploads\/2021\/06\/IMG-20210628-WA0048-472x1024.jpg?resize=472%2C1024&#038;ssl=1\" alt=\"\" class=\"wp-image-604\" \/><\/figure>\n\n\n\n<p>Apr\u00e8s BIAC, MyGold Rev, vient le tour de Orange RDC ?  Dossier \u00e0 suivre\u2026<\/p>\n\n\n\n<p>Merlin Kamalandua<\/p>\n","protected":false},"excerpt":{"rendered":"<p>La soci\u00e9t\u00e9 Orange RDC SA est assign\u00e9e devant le Tribunal de commerce de Kinshasa\/Gombe si\u00e9geant&#8230;<\/p>\n","protected":false},"author":2,"featured_media":0,"comment_status":"open","ping_status":"open","sticky":false,"template":"","format":"standard","meta":{"_jetpack_memberships_contains_paid_content":false,"footnotes":""},"categories":[1],"tags":[],"class_list":["post-599","post","type-post","status-publish","format-standard","hentry","category-non-classe"],"yoast_head":"<!-- This site is optimized with the Yoast SEO plugin v27.5 - https:\/\/yoast.com\/product\/yoast-seo-wordpress\/ -->\n<title>Orange RDC au bord de la faillite: vers un redressement judiciaire ou la d\u00e9signation d&#039;un expert comptable pour auditer les comptes ? - Infos Droits Humains<\/title>\n<meta name=\"robots\" content=\"index, follow, max-snippet:-1, max-image-preview:large, max-video-preview:-1\" \/>\n<link rel=\"canonical\" href=\"https:\/\/infos-droitshumains.net\/?p=599\" \/>\n<meta property=\"og:locale\" content=\"fr_FR\" \/>\n<meta property=\"og:type\" content=\"article\" \/>\n<meta property=\"og:title\" content=\"Orange RDC au bord de la faillite: vers un redressement judiciaire ou la d\u00e9signation d&#039;un expert comptable pour auditer les comptes ? - Infos Droits Humains\" \/>\n<meta property=\"og:description\" content=\"La soci\u00e9t\u00e9 Orange RDC SA est assign\u00e9e devant le Tribunal de commerce de Kinshasa\/Gombe si\u00e9geant...\" \/>\n<meta property=\"og:url\" content=\"https:\/\/infos-droitshumains.net\/?p=599\" \/>\n<meta property=\"og:site_name\" content=\"Infos Droits Humains\" \/>\n<meta property=\"article:published_time\" content=\"2021-06-28T18:00:42+00:00\" \/>\n<meta property=\"article:modified_time\" content=\"2023-04-06T10:11:45+00:00\" \/>\n<meta property=\"og:image\" content=\"https:\/\/www.infos-droitshumains.net\/wp-content\/uploads\/2021\/06\/IMG-20210628-WA0047.jpg\" \/>\n<meta name=\"author\" content=\"Jo\u00ebl Diawa\" \/>\n<meta name=\"twitter:card\" content=\"summary_large_image\" \/>\n<meta name=\"twitter:label1\" content=\"\u00c9crit par\" \/>\n\t<meta name=\"twitter:data1\" content=\"Jo\u00ebl Diawa\" \/>\n\t<meta name=\"twitter:label2\" content=\"Dur\u00e9e de lecture estim\u00e9e\" \/>\n\t<meta name=\"twitter:data2\" content=\"2 minutes\" \/>\n<script type=\"application\/ld+json\" class=\"yoast-schema-graph\">{\"@context\":\"https:\\\/\\\/schema.org\",\"@graph\":[{\"@type\":\"Article\",\"@id\":\"https:\\\/\\\/infos-droitshumains.net\\\/?p=599#article\",\"isPartOf\":{\"@id\":\"https:\\\/\\\/infos-droitshumains.net\\\/?p=599\"},\"author\":{\"name\":\"Jo\u00ebl Diawa\",\"@id\":\"https:\\\/\\\/infos-droitshumains.net\\\/#\\\/schema\\\/person\\\/3dc5e921c3302172e0ed4362f96faab7\"},\"headline\":\"Orange RDC au bord de la faillite: vers un redressement judiciaire ou la d\u00e9signation d&rsquo;un expert comptable pour auditer les comptes ?\",\"datePublished\":\"2021-06-28T18:00:42+00:00\",\"dateModified\":\"2023-04-06T10:11:45+00:00\",\"mainEntityOfPage\":{\"@id\":\"https:\\\/\\\/infos-droitshumains.net\\\/?p=599\"},\"wordCount\":496,\"commentCount\":0,\"publisher\":{\"@id\":\"https:\\\/\\\/infos-droitshumains.net\\\/#organization\"},\"image\":{\"@id\":\"https:\\\/\\\/infos-droitshumains.net\\\/?p=599#primaryimage\"},\"thumbnailUrl\":\"https:\\\/\\\/www.infos-droitshumains.net\\\/wp-content\\\/uploads\\\/2021\\\/06\\\/IMG-20210628-WA0047.jpg\",\"inLanguage\":\"fr-FR\",\"potentialAction\":[{\"@type\":\"CommentAction\",\"name\":\"Comment\",\"target\":[\"https:\\\/\\\/infos-droitshumains.net\\\/?p=599#respond\"]}]},{\"@type\":\"WebPage\",\"@id\":\"https:\\\/\\\/infos-droitshumains.net\\\/?p=599\",\"url\":\"https:\\\/\\\/infos-droitshumains.net\\\/?p=599\",\"name\":\"Orange RDC au bord de la faillite: vers un redressement judiciaire ou la d\u00e9signation d'un expert comptable pour auditer les comptes ? - Infos Droits Humains\",\"isPartOf\":{\"@id\":\"https:\\\/\\\/infos-droitshumains.net\\\/#website\"},\"primaryImageOfPage\":{\"@id\":\"https:\\\/\\\/infos-droitshumains.net\\\/?p=599#primaryimage\"},\"image\":{\"@id\":\"https:\\\/\\\/infos-droitshumains.net\\\/?p=599#primaryimage\"},\"thumbnailUrl\":\"https:\\\/\\\/www.infos-droitshumains.net\\\/wp-content\\\/uploads\\\/2021\\\/06\\\/IMG-20210628-WA0047.jpg\",\"datePublished\":\"2021-06-28T18:00:42+00:00\",\"dateModified\":\"2023-04-06T10:11:45+00:00\",\"breadcrumb\":{\"@id\":\"https:\\\/\\\/infos-droitshumains.net\\\/?p=599#breadcrumb\"},\"inLanguage\":\"fr-FR\",\"potentialAction\":[{\"@type\":\"ReadAction\",\"target\":[\"https:\\\/\\\/infos-droitshumains.net\\\/?p=599\"]}]},{\"@type\":\"ImageObject\",\"inLanguage\":\"fr-FR\",\"@id\":\"https:\\\/\\\/infos-droitshumains.net\\\/?p=599#primaryimage\",\"url\":\"https:\\\/\\\/www.infos-droitshumains.net\\\/wp-content\\\/uploads\\\/2021\\\/06\\\/IMG-20210628-WA0047.jpg\",\"contentUrl\":\"https:\\\/\\\/www.infos-droitshumains.net\\\/wp-content\\\/uploads\\\/2021\\\/06\\\/IMG-20210628-WA0047.jpg\"},{\"@type\":\"BreadcrumbList\",\"@id\":\"https:\\\/\\\/infos-droitshumains.net\\\/?p=599#breadcrumb\",\"itemListElement\":[{\"@type\":\"ListItem\",\"position\":1,\"name\":\"Accueil\",\"item\":\"https:\\\/\\\/infos-droitshumains.net\\\/\"},{\"@type\":\"ListItem\",\"position\":2,\"name\":\"Orange RDC au bord de la faillite: vers un redressement judiciaire ou la d\u00e9signation d&rsquo;un expert comptable pour auditer les comptes ?\"}]},{\"@type\":\"WebSite\",\"@id\":\"https:\\\/\\\/infos-droitshumains.net\\\/#website\",\"url\":\"https:\\\/\\\/infos-droitshumains.net\\\/\",\"name\":\"Infos Droits Humains\",\"description\":\"S&#039;informer est un droit\",\"publisher\":{\"@id\":\"https:\\\/\\\/infos-droitshumains.net\\\/#organization\"},\"potentialAction\":[{\"@type\":\"SearchAction\",\"target\":{\"@type\":\"EntryPoint\",\"urlTemplate\":\"https:\\\/\\\/infos-droitshumains.net\\\/?s={search_term_string}\"},\"query-input\":{\"@type\":\"PropertyValueSpecification\",\"valueRequired\":true,\"valueName\":\"search_term_string\"}}],\"inLanguage\":\"fr-FR\"},{\"@type\":\"Organization\",\"@id\":\"https:\\\/\\\/infos-droitshumains.net\\\/#organization\",\"name\":\"Infos Droits Humains\",\"url\":\"https:\\\/\\\/infos-droitshumains.net\\\/\",\"logo\":{\"@type\":\"ImageObject\",\"inLanguage\":\"fr-FR\",\"@id\":\"https:\\\/\\\/infos-droitshumains.net\\\/#\\\/schema\\\/logo\\\/image\\\/\",\"url\":\"https:\\\/\\\/i0.wp.com\\\/infos-droitshumains.net\\\/wp-content\\\/uploads\\\/2022\\\/05\\\/Logo.png?fit=333%2C129&ssl=1\",\"contentUrl\":\"https:\\\/\\\/i0.wp.com\\\/infos-droitshumains.net\\\/wp-content\\\/uploads\\\/2022\\\/05\\\/Logo.png?fit=333%2C129&ssl=1\",\"width\":333,\"height\":129,\"caption\":\"Infos Droits Humains\"},\"image\":{\"@id\":\"https:\\\/\\\/infos-droitshumains.net\\\/#\\\/schema\\\/logo\\\/image\\\/\"}},{\"@type\":\"Person\",\"@id\":\"https:\\\/\\\/infos-droitshumains.net\\\/#\\\/schema\\\/person\\\/3dc5e921c3302172e0ed4362f96faab7\",\"name\":\"Jo\u00ebl Diawa\",\"image\":{\"@type\":\"ImageObject\",\"inLanguage\":\"fr-FR\",\"@id\":\"https:\\\/\\\/secure.gravatar.com\\\/avatar\\\/729bea6ff4604c624417803c477363be8e3c7186deaa65713313f9b4b820f41c?s=96&d=mm&r=g\",\"url\":\"https:\\\/\\\/secure.gravatar.com\\\/avatar\\\/729bea6ff4604c624417803c477363be8e3c7186deaa65713313f9b4b820f41c?s=96&d=mm&r=g\",\"contentUrl\":\"https:\\\/\\\/secure.gravatar.com\\\/avatar\\\/729bea6ff4604c624417803c477363be8e3c7186deaa65713313f9b4b820f41c?s=96&d=mm&r=g\",\"caption\":\"Jo\u00ebl Diawa\"},\"sameAs\":[\"https:\\\/\\\/www.infos-droitshumains.net\"],\"url\":\"https:\\\/\\\/infos-droitshumains.net\\\/?author=2\"}]}<\/script>\n<!-- \/ Yoast SEO plugin. -->","yoast_head_json":{"title":"Orange RDC au bord de la faillite: vers un redressement judiciaire ou la d\u00e9signation d'un expert comptable pour auditer les comptes ? - Infos Droits Humains","robots":{"index":"index","follow":"follow","max-snippet":"max-snippet:-1","max-image-preview":"max-image-preview:large","max-video-preview":"max-video-preview:-1"},"canonical":"https:\/\/infos-droitshumains.net\/?p=599","og_locale":"fr_FR","og_type":"article","og_title":"Orange RDC au bord de la faillite: vers un redressement judiciaire ou la d\u00e9signation d'un expert comptable pour auditer les comptes ? - Infos Droits Humains","og_description":"La soci\u00e9t\u00e9 Orange RDC SA est assign\u00e9e devant le Tribunal de commerce de Kinshasa\/Gombe si\u00e9geant...","og_url":"https:\/\/infos-droitshumains.net\/?p=599","og_site_name":"Infos Droits Humains","article_published_time":"2021-06-28T18:00:42+00:00","article_modified_time":"2023-04-06T10:11:45+00:00","og_image":[{"url":"https:\/\/www.infos-droitshumains.net\/wp-content\/uploads\/2021\/06\/IMG-20210628-WA0047.jpg","type":"","width":"","height":""}],"author":"Jo\u00ebl Diawa","twitter_card":"summary_large_image","twitter_misc":{"\u00c9crit par":"Jo\u00ebl Diawa","Dur\u00e9e de lecture estim\u00e9e":"2 minutes"},"schema":{"@context":"https:\/\/schema.org","@graph":[{"@type":"Article","@id":"https:\/\/infos-droitshumains.net\/?p=599#article","isPartOf":{"@id":"https:\/\/infos-droitshumains.net\/?p=599"},"author":{"name":"Jo\u00ebl Diawa","@id":"https:\/\/infos-droitshumains.net\/#\/schema\/person\/3dc5e921c3302172e0ed4362f96faab7"},"headline":"Orange RDC au bord de la faillite: vers un redressement judiciaire ou la d\u00e9signation d&rsquo;un expert comptable pour auditer les comptes ?","datePublished":"2021-06-28T18:00:42+00:00","dateModified":"2023-04-06T10:11:45+00:00","mainEntityOfPage":{"@id":"https:\/\/infos-droitshumains.net\/?p=599"},"wordCount":496,"commentCount":0,"publisher":{"@id":"https:\/\/infos-droitshumains.net\/#organization"},"image":{"@id":"https:\/\/infos-droitshumains.net\/?p=599#primaryimage"},"thumbnailUrl":"https:\/\/www.infos-droitshumains.net\/wp-content\/uploads\/2021\/06\/IMG-20210628-WA0047.jpg","inLanguage":"fr-FR","potentialAction":[{"@type":"CommentAction","name":"Comment","target":["https:\/\/infos-droitshumains.net\/?p=599#respond"]}]},{"@type":"WebPage","@id":"https:\/\/infos-droitshumains.net\/?p=599","url":"https:\/\/infos-droitshumains.net\/?p=599","name":"Orange RDC au bord de la faillite: vers un redressement judiciaire ou la d\u00e9signation d'un expert comptable pour auditer les comptes ? - Infos Droits Humains","isPartOf":{"@id":"https:\/\/infos-droitshumains.net\/#website"},"primaryImageOfPage":{"@id":"https:\/\/infos-droitshumains.net\/?p=599#primaryimage"},"image":{"@id":"https:\/\/infos-droitshumains.net\/?p=599#primaryimage"},"thumbnailUrl":"https:\/\/www.infos-droitshumains.net\/wp-content\/uploads\/2021\/06\/IMG-20210628-WA0047.jpg","datePublished":"2021-06-28T18:00:42+00:00","dateModified":"2023-04-06T10:11:45+00:00","breadcrumb":{"@id":"https:\/\/infos-droitshumains.net\/?p=599#breadcrumb"},"inLanguage":"fr-FR","potentialAction":[{"@type":"ReadAction","target":["https:\/\/infos-droitshumains.net\/?p=599"]}]},{"@type":"ImageObject","inLanguage":"fr-FR","@id":"https:\/\/infos-droitshumains.net\/?p=599#primaryimage","url":"https:\/\/www.infos-droitshumains.net\/wp-content\/uploads\/2021\/06\/IMG-20210628-WA0047.jpg","contentUrl":"https:\/\/www.infos-droitshumains.net\/wp-content\/uploads\/2021\/06\/IMG-20210628-WA0047.jpg"},{"@type":"BreadcrumbList","@id":"https:\/\/infos-droitshumains.net\/?p=599#breadcrumb","itemListElement":[{"@type":"ListItem","position":1,"name":"Accueil","item":"https:\/\/infos-droitshumains.net\/"},{"@type":"ListItem","position":2,"name":"Orange RDC au bord de la faillite: vers un redressement judiciaire ou la d\u00e9signation d&rsquo;un expert comptable pour auditer les comptes ?"}]},{"@type":"WebSite","@id":"https:\/\/infos-droitshumains.net\/#website","url":"https:\/\/infos-droitshumains.net\/","name":"Infos Droits Humains","description":"S&#039;informer est un droit","publisher":{"@id":"https:\/\/infos-droitshumains.net\/#organization"},"potentialAction":[{"@type":"SearchAction","target":{"@type":"EntryPoint","urlTemplate":"https:\/\/infos-droitshumains.net\/?s={search_term_string}"},"query-input":{"@type":"PropertyValueSpecification","valueRequired":true,"valueName":"search_term_string"}}],"inLanguage":"fr-FR"},{"@type":"Organization","@id":"https:\/\/infos-droitshumains.net\/#organization","name":"Infos Droits Humains","url":"https:\/\/infos-droitshumains.net\/","logo":{"@type":"ImageObject","inLanguage":"fr-FR","@id":"https:\/\/infos-droitshumains.net\/#\/schema\/logo\/image\/","url":"https:\/\/i0.wp.com\/infos-droitshumains.net\/wp-content\/uploads\/2022\/05\/Logo.png?fit=333%2C129&ssl=1","contentUrl":"https:\/\/i0.wp.com\/infos-droitshumains.net\/wp-content\/uploads\/2022\/05\/Logo.png?fit=333%2C129&ssl=1","width":333,"height":129,"caption":"Infos Droits Humains"},"image":{"@id":"https:\/\/infos-droitshumains.net\/#\/schema\/logo\/image\/"}},{"@type":"Person","@id":"https:\/\/infos-droitshumains.net\/#\/schema\/person\/3dc5e921c3302172e0ed4362f96faab7","name":"Jo\u00ebl Diawa","image":{"@type":"ImageObject","inLanguage":"fr-FR","@id":"https:\/\/secure.gravatar.com\/avatar\/729bea6ff4604c624417803c477363be8e3c7186deaa65713313f9b4b820f41c?s=96&d=mm&r=g","url":"https:\/\/secure.gravatar.com\/avatar\/729bea6ff4604c624417803c477363be8e3c7186deaa65713313f9b4b820f41c?s=96&d=mm&r=g","contentUrl":"https:\/\/secure.gravatar.com\/avatar\/729bea6ff4604c624417803c477363be8e3c7186deaa65713313f9b4b820f41c?s=96&d=mm&r=g","caption":"Jo\u00ebl Diawa"},"sameAs":["https:\/\/www.infos-droitshumains.net"],"url":"https:\/\/infos-droitshumains.net\/?author=2"}]}},"featured_image_urls":{"full":"","thumbnail":"","medium":"","medium_large":"","large":"","1536x1536":"","2048x2048":"","covernews-slider-full":"","covernews-slider-center":"","covernews-featured":"","covernews-medium":"","covernews-medium-square":""},"author_info":{"display_name":"Jo\u00ebl Diawa","author_link":"https:\/\/infos-droitshumains.net\/?author=2"},"category_info":"<a href=\"https:\/\/infos-droitshumains.net\/?cat=1\" rel=\"category\">Non class\u00e9<\/a>","tag_info":"Non class\u00e9","comment_count":"0","jetpack_featured_media_url":"","jetpack-related-posts":[],"jetpack_sharing_enabled":true,"_links":{"self":[{"href":"https:\/\/infos-droitshumains.net\/index.php?rest_route=\/wp\/v2\/posts\/599","targetHints":{"allow":["GET"]}}],"collection":[{"href":"https:\/\/infos-droitshumains.net\/index.php?rest_route=\/wp\/v2\/posts"}],"about":[{"href":"https:\/\/infos-droitshumains.net\/index.php?rest_route=\/wp\/v2\/types\/post"}],"author":[{"embeddable":true,"href":"https:\/\/infos-droitshumains.net\/index.php?rest_route=\/wp\/v2\/users\/2"}],"replies":[{"embeddable":true,"href":"https:\/\/infos-droitshumains.net\/index.php?rest_route=%2Fwp%2Fv2%2Fcomments&post=599"}],"version-history":[{"count":1,"href":"https:\/\/infos-droitshumains.net\/index.php?rest_route=\/wp\/v2\/posts\/599\/revisions"}],"predecessor-version":[{"id":606,"href":"https:\/\/infos-droitshumains.net\/index.php?rest_route=\/wp\/v2\/posts\/599\/revisions\/606"}],"wp:attachment":[{"href":"https:\/\/infos-droitshumains.net\/index.php?rest_route=%2Fwp%2Fv2%2Fmedia&parent=599"}],"wp:term":[{"taxonomy":"category","embeddable":true,"href":"https:\/\/infos-droitshumains.net\/index.php?rest_route=%2Fwp%2Fv2%2Fcategories&post=599"},{"taxonomy":"post_tag","embeddable":true,"href":"https:\/\/infos-droitshumains.net\/index.php?rest_route=%2Fwp%2Fv2%2Ftags&post=599"}],"curies":[{"name":"wp","href":"https:\/\/api.w.org\/{rel}","templated":true}]}}