{"id":5969,"date":"2022-12-13T22:46:11","date_gmt":"2022-12-13T21:46:11","guid":{"rendered":"https:\/\/infos-droitshumains.net\/?p=5969"},"modified":"2022-12-13T23:05:04","modified_gmt":"2022-12-13T22:05:04","slug":"rdc-le-president-du-tribunal-de-commerce-de-lubumbashi-denonce-des-pressions-du-pouvoir-pour-faire-condamner-moise-katumbi-un-haut-cadre-de-ludps-sur-le-banc-des-accuses","status":"publish","type":"post","link":"https:\/\/infos-droitshumains.net\/?p=5969","title":{"rendered":"RDC\u00a0: Le Pr\u00e9sident du Tribunal de Commerce de Lubumbashi d\u00e9nonce des pressions du pouvoir pour faire condamner Mo\u00efse Katumbi, un haut cadre de l\u2019UDPS sur le banc des accus\u00e9s"},"content":{"rendered":"\n<p><strong>R\u00e9daction :+243817406088<\/strong><\/p>\n\n\n\n<p>Le Pr\u00e9sident de la R\u00e9publique n\u2019avait-il pas raison de d\u00e9noncer le dysfonctionnement de l\u2019appareil judiciaire congolais\u00a0? L\u2019\u00c9tat de droit pr\u00f4n\u00e9 par lui semble \u00eatre gravement menac\u00e9 par les caciques de son propre r\u00e9gime. L\u2019affaire qui oppose devant le Tribunal de Commerce de Lubumbashi la soci\u00e9t\u00e9 Octavia LIMITED et NB MINING AFRICA SA contre la soci\u00e9t\u00e9 ASTALIA INVESTISSEMENT LIMITED ne nous en dira pas le contraire. Les deux premi\u00e8res cit\u00e9es appartiendraient \u00e0 Pascal Beveragi tandis que la seconde serait une propri\u00e9t\u00e9 de Mo\u00efse Katumbi, potentiel challenger de F\u00e9lix Tshisekedi \u00e0 la pr\u00e9sidentielle de 2023.<\/p>\n\n\n\n<p>Si l\u2019on n\u2019en tient pas garde, cette affaire risquerait de quitter le terrain judiciaire pour le terrain politique alerte le Pr\u00e9sident du Tricom Lubumbashi dans une correspondance adress\u00e9e &nbsp;au Chef de l\u2019\u00c9tat.<\/p>\n\n\n\n<p><strong><em>L\u2019UDPS dans la sauce, Peter Kazadi \u00e0 la man\u0153uvre<\/em><\/strong><\/p>\n\n\n\n<p><em>\u00ab\u00a0Cependant, depuis la signature des derni\u00e8res ordonnances intervenues dans la magistrature fin juillet 2022, je subis, par personnes interpos\u00e9es, des fortes pressions de la part de Ma\u00eetre Peter Kazadi pour que je puisse valider des saisies-attributions pratiqu\u00e9es sans titre ex\u00e9cutoire par la soci\u00e9t\u00e9 OCTAVIA LIMITED et NB MINING AFRICA SA qui appartiendraient \u00e0 Monsieur Pascal Beveragi dirig\u00e9es soit contre la soci\u00e9t\u00e9 ASTALIA INVESTISSEMENT LIMITED qui appartiendrait \u00e0 Monsieur Mo\u00efse Katumbi, soit contre les tiers qui auraient pay\u00e9 \u00e0 cette derni\u00e8re des sommes qu\u2019ils d\u00e9tenaient pour le compte des deux soci\u00e9t\u00e9s pr\u00e9cit\u00e9es\u00a0\u00bb<\/em>, a \u00e9crit Laurent Batubenga Ilunga qui cite nomm\u00e9ment dans cette lettre Peter Kazadi, tr\u00e8s proche collaborateur du Pr\u00e9sident de la R\u00e9publique et d\u00e9put\u00e9 provincial \u00e9lu de Kinshasa sur la liste de l\u2019Union pour la D\u00e9mocratie et le Progr\u00e8s Social.<\/p>\n\n\n\n<p>Au nombre des tiers dont fait allusion Laurent Batubenga se trouve Ecobank RDC SA. Dans un communiqu\u00e9 de presse du 19 novembre 2022 Justicia Asbl avait d\u00e9j\u00e0 d\u00e9nonc\u00e9 le fait que l\u2019huissier Zabalega Asani soit <em>\u00ab&nbsp;s\u00e9questr\u00e9&nbsp;\u00bb<\/em> dans le cabinet de Ma\u00eetre Orph\u00e9e Tshimbadi (conseil de Octavia Limited et NB Mining Africa SA) qui aurait m\u00eame os\u00e9 <em>\u00ab&nbsp;appeler l\u2019Avocat G\u00e9n\u00e9ral Mavungu pour proc\u00e9der \u00e0 son arrestation&nbsp;\u00bb <\/em>au Parquet G\u00e9n\u00e9ral pr\u00e8s la Cour d\u2019Appel du Haut-Katanga, alors qu\u2019il a \u00e9t\u00e9 requis au fin d\u2019instrumenter les contestations initi\u00e9es par Ecobank RDC SA pour obtenir la mainlev\u00e9e des saisies visant ses patrimoines pratiqu\u00e9e par les soci\u00e9t\u00e9s Octavia Limited et NB Mining Africa SA.<\/p>\n\n\n\n<p>Le communiqu\u00e9 de cette <em>&nbsp;<\/em>Organisation de promotion et de d\u00e9fense des droits de l\u2019homme et du droit international humanitaire indique que <em>\u00ab&nbsp;<\/em><em>le Procureur G\u00e9n\u00e9ral pr\u00e8s la Cour d\u2019Appel du Haut-Katanga l\u2019a fait uniquement pour faire plaisir \u00e0 Ma\u00eetre Orph\u00e9e Tshimbadi qui a \u00e9t\u00e9 recommand\u00e9 par Ma\u00eetre Peter Kazadi, personnalit\u00e9 qui pr\u00e9tendant agir pour compte du r\u00e9gime et consid\u00e8re l\u2019actuel Procureur G\u00e9n\u00e9ral pr\u00e8s la Cour d\u2019Appel du Haut-Katanga comme un agent relevant de lui qu\u2019il a fait nommer \u00e0 Lubumbashi pour faire exclusivement sa volont\u00e9, m\u00eame ill\u00e9gale&nbsp;\u00bb<\/em>.<\/p>\n\n\n\n<p><strong><em>Election de 2023 en ligne de mur<\/em><\/strong><\/p>\n\n\n\n<p>La d\u00e9nonciation de Justicia Asbl corrobore avec celle du Pr\u00e9sident du Tribunal de Commerce de Lubumbashi qui a affirm\u00e9 que Ma\u00eetre Peter Kazadi, <em>\u00ab&nbsp;pr\u00e9tend ne pas agir pour son compte personne mais dans l\u2019int\u00e9r\u00eat du pouvoir\u2026\u00bb.<\/em><\/p>\n\n\n\n<p><em>\u00ab&nbsp;Il (Peter Kazadi) voudrait que je m\u2019implique en tant que chef de juridiction pour aider \u00e0 priver, selon ses termes,&nbsp; un adversaire politique des ressources financi\u00e8res qui lui donneraient les moyens de combattre le r\u00e9gime lors des prochaines \u00e9ch\u00e9ances \u00e9lectorales. Il n\u2019est donc pas possible d\u2019acc\u00e9der aux sollicitations de <\/em><em>Ma\u00eetre<\/em><em> Peter Kazadi&nbsp;\u00bb <\/em>qui \u00e0 en croire Laurent Batubenga Ilunga,<em> \u00ab&nbsp;ob\u00e9issaient \u00e0 une motivation politique et non l\u00e9gale&nbsp;\u00bb.<\/em><\/p>\n\n\n\n<p>Faute de n\u2019avoir pas voulu trahir son serment, le juge Batubenga dit devenir la cible des menaces. Il affirme avoir re\u00e7u le vendredi 02 d\u00e9cembre courant, des messages anonymes contenant des menaces ainsi libell\u00e9es&nbsp;: <em>\u00ab&nbsp;Avertissement sans frais. Si tu tiens \u00e0 ta vie ainsi qu\u2019\u00e0 ta carri\u00e8re, tu as int\u00e9r\u00eat \u00e0 ne plus t\u2019\u00e9riger en obstacle dans la r\u00e9cup\u00e9ration par M. Beveragi de la soci\u00e9t\u00e9 MCK et de son argent aupr\u00e8s des tiers&nbsp;; Si tu continues \u00e0 t\u2019ent\u00eater en nous parlant de la loi, nous allons te faire voir que ce n\u2019est pas la loi qui a fait de toi Pr\u00e9sident du Tricom. Nous constatons que tu affiche une volont\u00e9 de prot\u00e9ger M. Katumbi alors que tu connais<\/em><em> qu\u2019il est opposant au r\u00e9gime. Nous n\u2019allons pas te laisser lui donner l\u2019occasion de gagner de l\u2019argent pour nous faire concurrence aux \u00e9lections&nbsp;; Pascal Beveragi doit absolument reprendre cette soci\u00e9t\u00e9 et celui qui s\u2019\u00e9rige en obstacle par un juridisme irr\u00e9aliste subira le sort r\u00e9serv\u00e9 \u00e0 ceux qui collaborent avec l\u2019ennemi. Tiens-toi\u2026&nbsp;\u00bb.<\/em><em><\/em><\/p>\n\n\n\n<p>Invit\u00e9 ce mardi 13 d\u00e9cembre 2022 par le Conseiller sp\u00e9cial a.i du Chef de l\u2019\u00c9tat en mati\u00e8re de s\u00e9curit\u00e9 pour une s\u00e9ance de travail, il dit aussi avoir re\u00e7u des appels provenant des num\u00e9ros inconnus qui l\u2019invitent \u00e0 <em>\u00ab&nbsp;rejeter les contestations&nbsp;\u00bb<\/em> dans l\u2019affaire qui sera appel\u00e9e le 23 d\u00e9cembre 2022. A cause de toutes ces menaces et pressions pour le pousser \u00e0 faire couler Moise Katumbi&nbsp;; des menaces d\u2019ailleurs qui semblent n\u2019avoir&nbsp; pas \u00e9branl\u00e9 son engagement, le Pr\u00e9sident du Tribunal de Commerce de Lubumbashi a d\u00e9cid\u00e9 de d\u00e9missionner dit-il, pour <em>\u00ab&nbsp;ne trahir&nbsp;\u00bb<\/em> ni son <em>\u00ab&nbsp;serment&nbsp; de remplir ses fonctions loyalement et fid\u00e8lement, avec honneur et dignit\u00e9&nbsp;\u00bb<\/em>, ni la <em>\u00ab&nbsp;vision&nbsp;\u00bb<\/em> du Magistrat supr\u00eame de b\u00e2tir un \u00c9tat de droit en R\u00e9publique D\u00e9mocratique du Congo. Mais il va sans dire que ce comportement de quelqu\u2019un qui pr\u00e9tend agir dans l\u2019int\u00e9r\u00eat du pouvoir est contraire \u00e0 la vision de b\u00e2tir un \u00c9tat de droit qui suppose la subordination d\u2019aucun pour \u00e0 l\u2019autre.<\/p>\n\n\n\n<p>Devons-nous, encore de nos jours, continuer \u00e0 donner raison \u00e0 Jean de la Fontaine lorsqu\u2019il \u00e9crit dans <strong>\u00ab les animaux malades de la peste \u00bb<\/strong>&nbsp;: <em>\u00ab selon que vous serez puissant ou mis\u00e9rable, les jugements de la Cour vous rendront blanc ou noir \u00bb<\/em>. Et, en R\u00e9publique D\u00e9mocratique du Congo, nous avons de plus en plus l\u2019impression que selon que vous soyez pour ou contre les int\u00e9r\u00eats priv\u00e9s d\u2019une cat\u00e9gorie d\u2019individus, les d\u00e9cisions de justices vous seront favorables ou d\u00e9favorables sans le moindre \u00e9gard m\u00eame aux lois naturelles.<\/p>\n\n\n\n<p>Jo\u00ebl Diawa<\/p>\n","protected":false},"excerpt":{"rendered":"<p>R\u00e9daction :+243817406088 Le Pr\u00e9sident de la R\u00e9publique n\u2019avait-il pas raison de d\u00e9noncer le dysfonctionnement de&#8230;<\/p>\n","protected":false},"author":2,"featured_media":5971,"comment_status":"open","ping_status":"open","sticky":false,"template":"","format":"standard","meta":{"_jetpack_memberships_contains_paid_content":false,"footnotes":""},"categories":[6],"tags":[],"class_list":["post-5969","post","type-post","status-publish","format-standard","has-post-thumbnail","hentry","category-justice"],"yoast_head":"<!-- This site is optimized with the Yoast SEO plugin v27.5 - https:\/\/yoast.com\/product\/yoast-seo-wordpress\/ -->\n<title>RDC\u00a0: Le Pr\u00e9sident du Tribunal de Commerce de Lubumbashi d\u00e9nonce des pressions du pouvoir pour faire condamner Mo\u00efse Katumbi, un haut cadre de l\u2019UDPS sur le banc des accus\u00e9s - Infos Droits Humains<\/title>\n<meta name=\"robots\" content=\"index, follow, max-snippet:-1, max-image-preview:large, max-video-preview:-1\" \/>\n<link rel=\"canonical\" href=\"https:\/\/infos-droitshumains.net\/?p=5969\" \/>\n<meta property=\"og:locale\" content=\"fr_FR\" \/>\n<meta property=\"og:type\" content=\"article\" \/>\n<meta property=\"og:title\" content=\"RDC\u00a0: Le Pr\u00e9sident du Tribunal de Commerce de Lubumbashi d\u00e9nonce des pressions du pouvoir pour faire condamner Mo\u00efse Katumbi, un haut cadre de l\u2019UDPS sur le banc des accus\u00e9s - Infos Droits Humains\" \/>\n<meta property=\"og:description\" content=\"R\u00e9daction :+243817406088 Le Pr\u00e9sident de la R\u00e9publique n\u2019avait-il pas raison de d\u00e9noncer le dysfonctionnement de...\" \/>\n<meta property=\"og:url\" content=\"https:\/\/infos-droitshumains.net\/?p=5969\" \/>\n<meta property=\"og:site_name\" content=\"Infos Droits Humains\" \/>\n<meta property=\"article:published_time\" content=\"2022-12-13T21:46:11+00:00\" \/>\n<meta property=\"article:modified_time\" content=\"2022-12-13T22:05:04+00:00\" \/>\n<meta property=\"og:image\" content=\"https:\/\/i0.wp.com\/infos-droitshumains.net\/wp-content\/uploads\/2022\/12\/KATUMBI.jpg?fit=1032%2C582&ssl=1\" \/>\n\t<meta property=\"og:image:width\" content=\"1032\" \/>\n\t<meta property=\"og:image:height\" content=\"582\" \/>\n\t<meta property=\"og:image:type\" content=\"image\/jpeg\" \/>\n<meta name=\"author\" content=\"Jo\u00ebl Diawa\" \/>\n<meta name=\"twitter:card\" content=\"summary_large_image\" \/>\n<meta name=\"twitter:label1\" content=\"\u00c9crit par\" \/>\n\t<meta name=\"twitter:data1\" content=\"Jo\u00ebl Diawa\" \/>\n\t<meta name=\"twitter:label2\" content=\"Dur\u00e9e de lecture estim\u00e9e\" \/>\n\t<meta name=\"twitter:data2\" content=\"6 minutes\" \/>\n<script type=\"application\/ld+json\" class=\"yoast-schema-graph\">{\"@context\":\"https:\\\/\\\/schema.org\",\"@graph\":[{\"@type\":\"Article\",\"@id\":\"https:\\\/\\\/infos-droitshumains.net\\\/?p=5969#article\",\"isPartOf\":{\"@id\":\"https:\\\/\\\/infos-droitshumains.net\\\/?p=5969\"},\"author\":{\"name\":\"Jo\u00ebl Diawa\",\"@id\":\"https:\\\/\\\/infos-droitshumains.net\\\/#\\\/schema\\\/person\\\/3dc5e921c3302172e0ed4362f96faab7\"},\"headline\":\"RDC\u00a0: Le Pr\u00e9sident du Tribunal de Commerce de Lubumbashi d\u00e9nonce des pressions du pouvoir pour faire condamner Mo\u00efse Katumbi, un haut cadre de l\u2019UDPS sur le banc des accus\u00e9s\",\"datePublished\":\"2022-12-13T21:46:11+00:00\",\"dateModified\":\"2022-12-13T22:05:04+00:00\",\"mainEntityOfPage\":{\"@id\":\"https:\\\/\\\/infos-droitshumains.net\\\/?p=5969\"},\"wordCount\":1199,\"commentCount\":0,\"publisher\":{\"@id\":\"https:\\\/\\\/infos-droitshumains.net\\\/#organization\"},\"image\":{\"@id\":\"https:\\\/\\\/infos-droitshumains.net\\\/?p=5969#primaryimage\"},\"thumbnailUrl\":\"https:\\\/\\\/i0.wp.com\\\/infos-droitshumains.net\\\/wp-content\\\/uploads\\\/2022\\\/12\\\/KATUMBI.jpg?fit=1032%2C582&ssl=1\",\"articleSection\":[\"Justice\"],\"inLanguage\":\"fr-FR\",\"potentialAction\":[{\"@type\":\"CommentAction\",\"name\":\"Comment\",\"target\":[\"https:\\\/\\\/infos-droitshumains.net\\\/?p=5969#respond\"]}]},{\"@type\":\"WebPage\",\"@id\":\"https:\\\/\\\/infos-droitshumains.net\\\/?p=5969\",\"url\":\"https:\\\/\\\/infos-droitshumains.net\\\/?p=5969\",\"name\":\"RDC\u00a0: Le Pr\u00e9sident du Tribunal de Commerce de Lubumbashi d\u00e9nonce des pressions du pouvoir pour faire condamner Mo\u00efse Katumbi, un haut cadre de l\u2019UDPS sur le banc des accus\u00e9s - Infos Droits Humains\",\"isPartOf\":{\"@id\":\"https:\\\/\\\/infos-droitshumains.net\\\/#website\"},\"primaryImageOfPage\":{\"@id\":\"https:\\\/\\\/infos-droitshumains.net\\\/?p=5969#primaryimage\"},\"image\":{\"@id\":\"https:\\\/\\\/infos-droitshumains.net\\\/?p=5969#primaryimage\"},\"thumbnailUrl\":\"https:\\\/\\\/i0.wp.com\\\/infos-droitshumains.net\\\/wp-content\\\/uploads\\\/2022\\\/12\\\/KATUMBI.jpg?fit=1032%2C582&ssl=1\",\"datePublished\":\"2022-12-13T21:46:11+00:00\",\"dateModified\":\"2022-12-13T22:05:04+00:00\",\"breadcrumb\":{\"@id\":\"https:\\\/\\\/infos-droitshumains.net\\\/?p=5969#breadcrumb\"},\"inLanguage\":\"fr-FR\",\"potentialAction\":[{\"@type\":\"ReadAction\",\"target\":[\"https:\\\/\\\/infos-droitshumains.net\\\/?p=5969\"]}]},{\"@type\":\"ImageObject\",\"inLanguage\":\"fr-FR\",\"@id\":\"https:\\\/\\\/infos-droitshumains.net\\\/?p=5969#primaryimage\",\"url\":\"https:\\\/\\\/i0.wp.com\\\/infos-droitshumains.net\\\/wp-content\\\/uploads\\\/2022\\\/12\\\/KATUMBI.jpg?fit=1032%2C582&ssl=1\",\"contentUrl\":\"https:\\\/\\\/i0.wp.com\\\/infos-droitshumains.net\\\/wp-content\\\/uploads\\\/2022\\\/12\\\/KATUMBI.jpg?fit=1032%2C582&ssl=1\",\"width\":1032,\"height\":582},{\"@type\":\"BreadcrumbList\",\"@id\":\"https:\\\/\\\/infos-droitshumains.net\\\/?p=5969#breadcrumb\",\"itemListElement\":[{\"@type\":\"ListItem\",\"position\":1,\"name\":\"Accueil\",\"item\":\"https:\\\/\\\/infos-droitshumains.net\\\/\"},{\"@type\":\"ListItem\",\"position\":2,\"name\":\"RDC\u00a0: Le Pr\u00e9sident du Tribunal de Commerce de Lubumbashi d\u00e9nonce des pressions du pouvoir pour faire condamner Mo\u00efse Katumbi, un haut cadre de l\u2019UDPS sur le banc des accus\u00e9s\"}]},{\"@type\":\"WebSite\",\"@id\":\"https:\\\/\\\/infos-droitshumains.net\\\/#website\",\"url\":\"https:\\\/\\\/infos-droitshumains.net\\\/\",\"name\":\"Infos Droits Humains\",\"description\":\"S&#039;informer est un droit\",\"publisher\":{\"@id\":\"https:\\\/\\\/infos-droitshumains.net\\\/#organization\"},\"potentialAction\":[{\"@type\":\"SearchAction\",\"target\":{\"@type\":\"EntryPoint\",\"urlTemplate\":\"https:\\\/\\\/infos-droitshumains.net\\\/?s={search_term_string}\"},\"query-input\":{\"@type\":\"PropertyValueSpecification\",\"valueRequired\":true,\"valueName\":\"search_term_string\"}}],\"inLanguage\":\"fr-FR\"},{\"@type\":\"Organization\",\"@id\":\"https:\\\/\\\/infos-droitshumains.net\\\/#organization\",\"name\":\"Infos Droits Humains\",\"url\":\"https:\\\/\\\/infos-droitshumains.net\\\/\",\"logo\":{\"@type\":\"ImageObject\",\"inLanguage\":\"fr-FR\",\"@id\":\"https:\\\/\\\/infos-droitshumains.net\\\/#\\\/schema\\\/logo\\\/image\\\/\",\"url\":\"https:\\\/\\\/i0.wp.com\\\/infos-droitshumains.net\\\/wp-content\\\/uploads\\\/2022\\\/05\\\/Logo.png?fit=333%2C129&ssl=1\",\"contentUrl\":\"https:\\\/\\\/i0.wp.com\\\/infos-droitshumains.net\\\/wp-content\\\/uploads\\\/2022\\\/05\\\/Logo.png?fit=333%2C129&ssl=1\",\"width\":333,\"height\":129,\"caption\":\"Infos Droits Humains\"},\"image\":{\"@id\":\"https:\\\/\\\/infos-droitshumains.net\\\/#\\\/schema\\\/logo\\\/image\\\/\"}},{\"@type\":\"Person\",\"@id\":\"https:\\\/\\\/infos-droitshumains.net\\\/#\\\/schema\\\/person\\\/3dc5e921c3302172e0ed4362f96faab7\",\"name\":\"Jo\u00ebl Diawa\",\"image\":{\"@type\":\"ImageObject\",\"inLanguage\":\"fr-FR\",\"@id\":\"https:\\\/\\\/secure.gravatar.com\\\/avatar\\\/729bea6ff4604c624417803c477363be8e3c7186deaa65713313f9b4b820f41c?s=96&d=mm&r=g\",\"url\":\"https:\\\/\\\/secure.gravatar.com\\\/avatar\\\/729bea6ff4604c624417803c477363be8e3c7186deaa65713313f9b4b820f41c?s=96&d=mm&r=g\",\"contentUrl\":\"https:\\\/\\\/secure.gravatar.com\\\/avatar\\\/729bea6ff4604c624417803c477363be8e3c7186deaa65713313f9b4b820f41c?s=96&d=mm&r=g\",\"caption\":\"Jo\u00ebl Diawa\"},\"sameAs\":[\"https:\\\/\\\/www.infos-droitshumains.net\"],\"url\":\"https:\\\/\\\/infos-droitshumains.net\\\/?author=2\"}]}<\/script>\n<!-- \/ Yoast SEO plugin. -->","yoast_head_json":{"title":"RDC\u00a0: Le Pr\u00e9sident du Tribunal de Commerce de Lubumbashi d\u00e9nonce des pressions du pouvoir pour faire condamner Mo\u00efse Katumbi, un haut cadre de l\u2019UDPS sur le banc des accus\u00e9s - Infos Droits Humains","robots":{"index":"index","follow":"follow","max-snippet":"max-snippet:-1","max-image-preview":"max-image-preview:large","max-video-preview":"max-video-preview:-1"},"canonical":"https:\/\/infos-droitshumains.net\/?p=5969","og_locale":"fr_FR","og_type":"article","og_title":"RDC\u00a0: Le Pr\u00e9sident du Tribunal de Commerce de Lubumbashi d\u00e9nonce des pressions du pouvoir pour faire condamner Mo\u00efse Katumbi, un haut cadre de l\u2019UDPS sur le banc des accus\u00e9s - Infos Droits Humains","og_description":"R\u00e9daction :+243817406088 Le Pr\u00e9sident de la R\u00e9publique n\u2019avait-il pas raison de d\u00e9noncer le dysfonctionnement de...","og_url":"https:\/\/infos-droitshumains.net\/?p=5969","og_site_name":"Infos Droits Humains","article_published_time":"2022-12-13T21:46:11+00:00","article_modified_time":"2022-12-13T22:05:04+00:00","og_image":[{"width":1032,"height":582,"url":"https:\/\/i0.wp.com\/infos-droitshumains.net\/wp-content\/uploads\/2022\/12\/KATUMBI.jpg?fit=1032%2C582&ssl=1","type":"image\/jpeg"}],"author":"Jo\u00ebl Diawa","twitter_card":"summary_large_image","twitter_misc":{"\u00c9crit par":"Jo\u00ebl Diawa","Dur\u00e9e de lecture estim\u00e9e":"6 minutes"},"schema":{"@context":"https:\/\/schema.org","@graph":[{"@type":"Article","@id":"https:\/\/infos-droitshumains.net\/?p=5969#article","isPartOf":{"@id":"https:\/\/infos-droitshumains.net\/?p=5969"},"author":{"name":"Jo\u00ebl Diawa","@id":"https:\/\/infos-droitshumains.net\/#\/schema\/person\/3dc5e921c3302172e0ed4362f96faab7"},"headline":"RDC\u00a0: Le Pr\u00e9sident du Tribunal de Commerce de Lubumbashi d\u00e9nonce des pressions du pouvoir pour faire condamner Mo\u00efse Katumbi, un haut cadre de l\u2019UDPS sur le banc des accus\u00e9s","datePublished":"2022-12-13T21:46:11+00:00","dateModified":"2022-12-13T22:05:04+00:00","mainEntityOfPage":{"@id":"https:\/\/infos-droitshumains.net\/?p=5969"},"wordCount":1199,"commentCount":0,"publisher":{"@id":"https:\/\/infos-droitshumains.net\/#organization"},"image":{"@id":"https:\/\/infos-droitshumains.net\/?p=5969#primaryimage"},"thumbnailUrl":"https:\/\/i0.wp.com\/infos-droitshumains.net\/wp-content\/uploads\/2022\/12\/KATUMBI.jpg?fit=1032%2C582&ssl=1","articleSection":["Justice"],"inLanguage":"fr-FR","potentialAction":[{"@type":"CommentAction","name":"Comment","target":["https:\/\/infos-droitshumains.net\/?p=5969#respond"]}]},{"@type":"WebPage","@id":"https:\/\/infos-droitshumains.net\/?p=5969","url":"https:\/\/infos-droitshumains.net\/?p=5969","name":"RDC\u00a0: Le Pr\u00e9sident du Tribunal de Commerce de Lubumbashi d\u00e9nonce des pressions du pouvoir pour faire condamner Mo\u00efse Katumbi, un haut cadre de l\u2019UDPS sur le banc des accus\u00e9s - Infos Droits Humains","isPartOf":{"@id":"https:\/\/infos-droitshumains.net\/#website"},"primaryImageOfPage":{"@id":"https:\/\/infos-droitshumains.net\/?p=5969#primaryimage"},"image":{"@id":"https:\/\/infos-droitshumains.net\/?p=5969#primaryimage"},"thumbnailUrl":"https:\/\/i0.wp.com\/infos-droitshumains.net\/wp-content\/uploads\/2022\/12\/KATUMBI.jpg?fit=1032%2C582&ssl=1","datePublished":"2022-12-13T21:46:11+00:00","dateModified":"2022-12-13T22:05:04+00:00","breadcrumb":{"@id":"https:\/\/infos-droitshumains.net\/?p=5969#breadcrumb"},"inLanguage":"fr-FR","potentialAction":[{"@type":"ReadAction","target":["https:\/\/infos-droitshumains.net\/?p=5969"]}]},{"@type":"ImageObject","inLanguage":"fr-FR","@id":"https:\/\/infos-droitshumains.net\/?p=5969#primaryimage","url":"https:\/\/i0.wp.com\/infos-droitshumains.net\/wp-content\/uploads\/2022\/12\/KATUMBI.jpg?fit=1032%2C582&ssl=1","contentUrl":"https:\/\/i0.wp.com\/infos-droitshumains.net\/wp-content\/uploads\/2022\/12\/KATUMBI.jpg?fit=1032%2C582&ssl=1","width":1032,"height":582},{"@type":"BreadcrumbList","@id":"https:\/\/infos-droitshumains.net\/?p=5969#breadcrumb","itemListElement":[{"@type":"ListItem","position":1,"name":"Accueil","item":"https:\/\/infos-droitshumains.net\/"},{"@type":"ListItem","position":2,"name":"RDC\u00a0: Le Pr\u00e9sident du Tribunal de Commerce de Lubumbashi d\u00e9nonce des pressions du pouvoir pour faire condamner Mo\u00efse Katumbi, un haut cadre de l\u2019UDPS sur le banc des accus\u00e9s"}]},{"@type":"WebSite","@id":"https:\/\/infos-droitshumains.net\/#website","url":"https:\/\/infos-droitshumains.net\/","name":"Infos Droits Humains","description":"S&#039;informer est un droit","publisher":{"@id":"https:\/\/infos-droitshumains.net\/#organization"},"potentialAction":[{"@type":"SearchAction","target":{"@type":"EntryPoint","urlTemplate":"https:\/\/infos-droitshumains.net\/?s={search_term_string}"},"query-input":{"@type":"PropertyValueSpecification","valueRequired":true,"valueName":"search_term_string"}}],"inLanguage":"fr-FR"},{"@type":"Organization","@id":"https:\/\/infos-droitshumains.net\/#organization","name":"Infos Droits Humains","url":"https:\/\/infos-droitshumains.net\/","logo":{"@type":"ImageObject","inLanguage":"fr-FR","@id":"https:\/\/infos-droitshumains.net\/#\/schema\/logo\/image\/","url":"https:\/\/i0.wp.com\/infos-droitshumains.net\/wp-content\/uploads\/2022\/05\/Logo.png?fit=333%2C129&ssl=1","contentUrl":"https:\/\/i0.wp.com\/infos-droitshumains.net\/wp-content\/uploads\/2022\/05\/Logo.png?fit=333%2C129&ssl=1","width":333,"height":129,"caption":"Infos Droits Humains"},"image":{"@id":"https:\/\/infos-droitshumains.net\/#\/schema\/logo\/image\/"}},{"@type":"Person","@id":"https:\/\/infos-droitshumains.net\/#\/schema\/person\/3dc5e921c3302172e0ed4362f96faab7","name":"Jo\u00ebl Diawa","image":{"@type":"ImageObject","inLanguage":"fr-FR","@id":"https:\/\/secure.gravatar.com\/avatar\/729bea6ff4604c624417803c477363be8e3c7186deaa65713313f9b4b820f41c?s=96&d=mm&r=g","url":"https:\/\/secure.gravatar.com\/avatar\/729bea6ff4604c624417803c477363be8e3c7186deaa65713313f9b4b820f41c?s=96&d=mm&r=g","contentUrl":"https:\/\/secure.gravatar.com\/avatar\/729bea6ff4604c624417803c477363be8e3c7186deaa65713313f9b4b820f41c?s=96&d=mm&r=g","caption":"Jo\u00ebl Diawa"},"sameAs":["https:\/\/www.infos-droitshumains.net"],"url":"https:\/\/infos-droitshumains.net\/?author=2"}]}},"featured_image_urls":{"full":["https:\/\/i0.wp.com\/infos-droitshumains.net\/wp-content\/uploads\/2022\/12\/KATUMBI.jpg?fit=1032%2C582&ssl=1",1032,582,false],"thumbnail":["https:\/\/i0.wp.com\/infos-droitshumains.net\/wp-content\/uploads\/2022\/12\/KATUMBI.jpg?resize=150%2C150&ssl=1",150,150,true],"medium":["https:\/\/i0.wp.com\/infos-droitshumains.net\/wp-content\/uploads\/2022\/12\/KATUMBI.jpg?fit=300%2C169&ssl=1",300,169,true],"medium_large":["https:\/\/i0.wp.com\/infos-droitshumains.net\/wp-content\/uploads\/2022\/12\/KATUMBI.jpg?fit=640%2C361&ssl=1",640,361,true],"large":["https:\/\/i0.wp.com\/infos-droitshumains.net\/wp-content\/uploads\/2022\/12\/KATUMBI.jpg?fit=640%2C361&ssl=1",640,361,true],"1536x1536":["https:\/\/i0.wp.com\/infos-droitshumains.net\/wp-content\/uploads\/2022\/12\/KATUMBI.jpg?fit=1032%2C582&ssl=1",1032,582,true],"2048x2048":["https:\/\/i0.wp.com\/infos-droitshumains.net\/wp-content\/uploads\/2022\/12\/KATUMBI.jpg?fit=1032%2C582&ssl=1",1032,582,true],"covernews-slider-full":["https:\/\/i0.wp.com\/infos-droitshumains.net\/wp-content\/uploads\/2022\/12\/KATUMBI.jpg?resize=1032%2C582&ssl=1",1032,582,true],"covernews-slider-center":["https:\/\/i0.wp.com\/infos-droitshumains.net\/wp-content\/uploads\/2022\/12\/KATUMBI.jpg?resize=800%2C500&ssl=1",800,500,true],"covernews-featured":["https:\/\/i0.wp.com\/infos-droitshumains.net\/wp-content\/uploads\/2022\/12\/KATUMBI.jpg?fit=1024%2C577&ssl=1",1024,577,true],"covernews-medium":["https:\/\/i0.wp.com\/infos-droitshumains.net\/wp-content\/uploads\/2022\/12\/KATUMBI.jpg?resize=540%2C340&ssl=1",540,340,true],"covernews-medium-square":["https:\/\/i0.wp.com\/infos-droitshumains.net\/wp-content\/uploads\/2022\/12\/KATUMBI.jpg?resize=400%2C250&ssl=1",400,250,true]},"author_info":{"display_name":"Jo\u00ebl Diawa","author_link":"https:\/\/infos-droitshumains.net\/?author=2"},"category_info":"<a href=\"https:\/\/infos-droitshumains.net\/?cat=6\" rel=\"category\">Justice<\/a>","tag_info":"Justice","comment_count":"0","jetpack_featured_media_url":"https:\/\/i0.wp.com\/infos-droitshumains.net\/wp-content\/uploads\/2022\/12\/KATUMBI.jpg?fit=1032%2C582&ssl=1","jetpack-related-posts":[],"jetpack_sharing_enabled":true,"_links":{"self":[{"href":"https:\/\/infos-droitshumains.net\/index.php?rest_route=\/wp\/v2\/posts\/5969","targetHints":{"allow":["GET"]}}],"collection":[{"href":"https:\/\/infos-droitshumains.net\/index.php?rest_route=\/wp\/v2\/posts"}],"about":[{"href":"https:\/\/infos-droitshumains.net\/index.php?rest_route=\/wp\/v2\/types\/post"}],"author":[{"embeddable":true,"href":"https:\/\/infos-droitshumains.net\/index.php?rest_route=\/wp\/v2\/users\/2"}],"replies":[{"embeddable":true,"href":"https:\/\/infos-droitshumains.net\/index.php?rest_route=%2Fwp%2Fv2%2Fcomments&post=5969"}],"version-history":[{"count":4,"href":"https:\/\/infos-droitshumains.net\/index.php?rest_route=\/wp\/v2\/posts\/5969\/revisions"}],"predecessor-version":[{"id":5976,"href":"https:\/\/infos-droitshumains.net\/index.php?rest_route=\/wp\/v2\/posts\/5969\/revisions\/5976"}],"wp:featuredmedia":[{"embeddable":true,"href":"https:\/\/infos-droitshumains.net\/index.php?rest_route=\/wp\/v2\/media\/5971"}],"wp:attachment":[{"href":"https:\/\/infos-droitshumains.net\/index.php?rest_route=%2Fwp%2Fv2%2Fmedia&parent=5969"}],"wp:term":[{"taxonomy":"category","embeddable":true,"href":"https:\/\/infos-droitshumains.net\/index.php?rest_route=%2Fwp%2Fv2%2Fcategories&post=5969"},{"taxonomy":"post_tag","embeddable":true,"href":"https:\/\/infos-droitshumains.net\/index.php?rest_route=%2Fwp%2Fv2%2Ftags&post=5969"}],"curies":[{"name":"wp","href":"https:\/\/api.w.org\/{rel}","templated":true}]}}