{"id":5918,"date":"2022-12-11T10:43:48","date_gmt":"2022-12-11T09:43:48","guid":{"rendered":"https:\/\/infos-droitshumains.net\/?p=5918"},"modified":"2022-12-11T11:03:01","modified_gmt":"2022-12-11T10:03:01","slug":"celebration-du-74eme-anniversaire-de-la-declaration-universelle-de-droits-de-lhomme-en-rdc-le-barreau-de-kinshasa-matete-plaide-pour-la-couverture-universelle-de-la-justice-pour-tous","status":"publish","type":"post","link":"https:\/\/infos-droitshumains.net\/?p=5918","title":{"rendered":"C\u00e9l\u00e9bration du 74\u00e8me anniversaire de la d\u00e9claration universelle de Droits de l\u2019Homme\u00a0: En RDC, le Barreau de Kinshasa\/Matete plaide pour la couverture universelle de la justice pour tous"},"content":{"rendered":"\n<p><strong>R\u00e9daction :+243817406088<\/strong><\/p>\n\n\n\n<p>L\u2019humanit\u00e9 a c\u00e9l\u00e9br\u00e9 ce samedi 10 d\u00e9cembre, le 74<sup>\u00e8me<\/sup> anniversaire de la d\u00e9claration universelle de Droits de l\u2019Homme. La c\u00e9l\u00e9bration de cette ann\u00e9e a \u00e9t\u00e9 exceptionnelle pour la R\u00e9publique D\u00e9mocratique du Congo car, le barreau pr\u00e8s la Cour d\u2019Appel de Kinshasa\/Matete a organis\u00e9 \u00e0 cette occasion, \u00a0une matin\u00e9e de r\u00e9flexion ax\u00e9e sur le th\u00e8me, <strong><em>\u00ab\u00a0La couverture universelle de la justice pour tous\u00a0\u00bb.<\/em><\/strong><\/p>\n\n\n\n<p>Le B\u00e2tonnier de l\u2019ordre du barreau pr\u00e8s la Cour d\u2019Appel de Kinshasa\/Matete qui a ouvert les travaux, a les participant \u00e0 faire des Droits de l\u2019Homme une r\u00e9alit\u00e9 en RDC&nbsp;: <em>\u00ab&nbsp;C\u2019est une r\u00e9flexion que le barreau de Matete a voulu mettre \u00e0 la port\u00e9e de tout le monde pour permette au citoyen lambda d\u2019acc\u00e9der \u00e0 la justice\u2026 Nous pensons que les Droits de l\u2019Homme ne peuvent \u00eatre que des simples slogans qui se transmettent de g\u00e9n\u00e9ration en g\u00e9n\u00e9ration ou une vell\u00e9it\u00e9 absurde \u00e0 embrasser par des Hommes incapables de passer de la parole&nbsp; aux actes. Bien au contraire, nous devons les appuyer et leurs donner un sens plus concret<\/em>\u2026<em>Il existe actuellement un contraste entre le degr\u00e9 de publicit\u00e9 et la r\u00e9alit\u00e9 v\u00e9cue par nos populations qui ne b\u00e9n\u00e9ficient pas r\u00e9ellement de ce privil\u00e8ge mill\u00e9naire que leur accorde le droit\u2026 Nous devons donc, mat\u00e9rialiser ce slogan de Droits de l\u2019Homme pour la mise en \u0153uvre des structures ad\u00e9quates choisies et dont les r\u00e9alisations sont acc\u00e8s sur le Droit de l\u2019Homme en g\u00e9n\u00e9ral, et le droit d\u2019acc\u00e8s \u00e0 la justice pour tous en particulier<\/em>&nbsp;<em>\u00bb<\/em>, a dit le B\u00e2tonnier Emile Mutshembe.<\/p>\n\n\n\n<p>Face \u00e0 cette r\u00e9elle probl\u00e9matique, le Barreau de Kinshasa\/Matete a pens\u00e9 \u00e0 ce que son num\u00e9ro un qualifie <strong><em>\u00ab&nbsp;d\u2019un d\u00e9but de solution&nbsp;\u00bb<\/em><\/strong> pour l\u2019acc\u00e8s \u00e0 la justice pour tous.<\/p>\n\n\n\n<p><em>\u00ab&nbsp;Dans le but de passer de la parole aux actes, par des m\u00e9canismes appropri\u00e9s d\u2019aide \u00e0 des personnes les plus d\u00e9munies, marginalis\u00e9es et vuln\u00e9rables \u00e0 acc\u00e9der \u00e0 la justice\u2026 Le barreau de Kinshasa\/Matete que je repr\u00e9sente, dispose d\u2019une commission de consultation gratuite qui, au cours des deux d\u00e9cennies, n\u2019arrive pas \u00e0 l\u2019\u00e9tat actuel de son fonctionnement, \u00e0 satisfaire \u00e0 l\u2019attente de nos populations locales en raison de l\u2019exigu\u00eft\u00e9 des locaux afin de recevoir tous les citoyens, mais aussi, des tr\u00e8s faibles ressources financi\u00e8res disponibles devant soutenir efficacement la justice des populations de base\u00bb, <\/em>a rench\u00e9rit Maitre Emile Mutshembe Wembo.<\/p>\n\n\n\n<p>Cette matin\u00e9e \u00e9tait \u00e9galement une occasion de rendre hommage aux populations de l\u2019Est de la RDC victimes des atrocit\u00e9s et des violations de Droits de l\u2019Homme. Le Barreau de Kinshasa\/Matete par le billet de Maitre Mutshembe, a donc sollicit\u00e9 l\u2019appui des autorit\u00e9s afin d\u2019offrir \u00e0 ces populations une justice \u00e9quitable&nbsp;: <em>\u00ab&nbsp;Nous avons voulu aussi rendre hommage \u00e0 nos fr\u00e8res qui sont \u00e0 l\u2019Est o\u00f9 il y a une situation catastrophique de Droits de l\u2019Homme. Ils sont d\u00e9cim\u00e9s, ils sont tu\u00e9s chaque jour, ils sont d\u00e9plac\u00e9s sans assistance&nbsp;; raison pour laquelle, nous interpellons les hautes autorit\u00e9s de ce pays et nous avons souhait\u00e9 que les organismes appuient le barreau de Kinshasa-Matete \u00e0-travers son bureau de consultation gratuite par des moyens n\u00e9cessaire afin de relever les d\u00e9fis&nbsp;\u00bb.<\/em><\/p>\n\n\n\n<p>Cette matin\u00e9e a \u00e9t\u00e9 d\u2019une richesse scientifique monumentale. Les participants ont d\u00e9battu sur les sujets tels que&nbsp;: le r\u00f4le de l\u2019avocat dans la lutte contre les violences bas\u00e9es sur le genre, la libert\u00e9 et la d\u00e9tention pr\u00e9ventive ou encore, Etat de droit&nbsp;: diagnostic et perspectives.<\/p>\n\n\n\n<p>Cette date du 10 d\u00e9cembre a co\u00efncid\u00e9 avec la cl\u00f4ture de la campagne de 16 jours d\u2019activisme sur la lutte contre les violences bas\u00e9es sur le genre. A cet effet, la campagne tous unis a \u00e9t\u00e9 instaur\u00e9 \u00e0-travers laquelle, le syst\u00e8me &nbsp;des Nations Unies appelle \u00e0 la mobilisation internationale dans le but de renforcer les efforts consentis pour la sensibilisation, la mobilisation et le plaidoyer.<\/p>\n\n\n\n<p>Jo\u00ebl Diawa<\/p>\n","protected":false},"excerpt":{"rendered":"<p>R\u00e9daction :+243817406088 L\u2019humanit\u00e9 a c\u00e9l\u00e9br\u00e9 ce samedi 10 d\u00e9cembre, le 74\u00e8me anniversaire de la d\u00e9claration&#8230;<\/p>\n","protected":false},"author":2,"featured_media":5922,"comment_status":"open","ping_status":"open","sticky":false,"template":"","format":"standard","meta":{"_jetpack_memberships_contains_paid_content":false,"footnotes":""},"categories":[6],"tags":[],"class_list":["post-5918","post","type-post","status-publish","format-standard","has-post-thumbnail","hentry","category-justice"],"yoast_head":"<!-- This site is optimized with the Yoast SEO plugin v27.5 - https:\/\/yoast.com\/product\/yoast-seo-wordpress\/ -->\n<title>C\u00e9l\u00e9bration du 74\u00e8me anniversaire de la d\u00e9claration universelle de Droits de l\u2019Homme\u00a0: En RDC, le Barreau de Kinshasa\/Matete plaide pour la couverture universelle de la justice pour tous - Infos Droits Humains<\/title>\n<meta name=\"robots\" content=\"index, follow, max-snippet:-1, max-image-preview:large, max-video-preview:-1\" \/>\n<link rel=\"canonical\" href=\"https:\/\/infos-droitshumains.net\/?p=5918\" \/>\n<meta property=\"og:locale\" content=\"fr_FR\" \/>\n<meta property=\"og:type\" content=\"article\" \/>\n<meta property=\"og:title\" content=\"C\u00e9l\u00e9bration du 74\u00e8me anniversaire de la d\u00e9claration universelle de Droits de l\u2019Homme\u00a0: En RDC, le Barreau de Kinshasa\/Matete plaide pour la couverture universelle de la justice pour tous - Infos Droits Humains\" \/>\n<meta property=\"og:description\" content=\"R\u00e9daction :+243817406088 L\u2019humanit\u00e9 a c\u00e9l\u00e9br\u00e9 ce samedi 10 d\u00e9cembre, le 74\u00e8me anniversaire de la d\u00e9claration...\" \/>\n<meta property=\"og:url\" content=\"https:\/\/infos-droitshumains.net\/?p=5918\" \/>\n<meta property=\"og:site_name\" content=\"Infos Droits Humains\" \/>\n<meta property=\"article:published_time\" content=\"2022-12-11T09:43:48+00:00\" \/>\n<meta property=\"article:modified_time\" content=\"2022-12-11T10:03:01+00:00\" \/>\n<meta property=\"og:image\" content=\"https:\/\/i0.wp.com\/infos-droitshumains.net\/wp-content\/uploads\/2022\/12\/IMG-20221211-WA0003.jpg?fit=1000%2C667&ssl=1\" \/>\n\t<meta property=\"og:image:width\" content=\"1000\" \/>\n\t<meta property=\"og:image:height\" content=\"667\" \/>\n\t<meta property=\"og:image:type\" content=\"image\/jpeg\" \/>\n<meta name=\"author\" content=\"Jo\u00ebl Diawa\" \/>\n<meta name=\"twitter:card\" content=\"summary_large_image\" \/>\n<meta name=\"twitter:label1\" content=\"\u00c9crit par\" \/>\n\t<meta name=\"twitter:data1\" content=\"Jo\u00ebl Diawa\" \/>\n\t<meta name=\"twitter:label2\" content=\"Dur\u00e9e de lecture estim\u00e9e\" \/>\n\t<meta name=\"twitter:data2\" content=\"4 minutes\" \/>\n<script type=\"application\/ld+json\" class=\"yoast-schema-graph\">{\"@context\":\"https:\\\/\\\/schema.org\",\"@graph\":[{\"@type\":\"Article\",\"@id\":\"https:\\\/\\\/infos-droitshumains.net\\\/?p=5918#article\",\"isPartOf\":{\"@id\":\"https:\\\/\\\/infos-droitshumains.net\\\/?p=5918\"},\"author\":{\"name\":\"Jo\u00ebl Diawa\",\"@id\":\"https:\\\/\\\/infos-droitshumains.net\\\/#\\\/schema\\\/person\\\/3dc5e921c3302172e0ed4362f96faab7\"},\"headline\":\"C\u00e9l\u00e9bration du 74\u00e8me anniversaire de la d\u00e9claration universelle de Droits de l\u2019Homme\u00a0: En RDC, le Barreau de Kinshasa\\\/Matete plaide pour la couverture universelle de la justice pour tous\",\"datePublished\":\"2022-12-11T09:43:48+00:00\",\"dateModified\":\"2022-12-11T10:03:01+00:00\",\"mainEntityOfPage\":{\"@id\":\"https:\\\/\\\/infos-droitshumains.net\\\/?p=5918\"},\"wordCount\":758,\"commentCount\":0,\"publisher\":{\"@id\":\"https:\\\/\\\/infos-droitshumains.net\\\/#organization\"},\"image\":{\"@id\":\"https:\\\/\\\/infos-droitshumains.net\\\/?p=5918#primaryimage\"},\"thumbnailUrl\":\"https:\\\/\\\/i0.wp.com\\\/infos-droitshumains.net\\\/wp-content\\\/uploads\\\/2022\\\/12\\\/IMG-20221211-WA0003.jpg?fit=1000%2C667&ssl=1\",\"articleSection\":[\"Justice\"],\"inLanguage\":\"fr-FR\",\"potentialAction\":[{\"@type\":\"CommentAction\",\"name\":\"Comment\",\"target\":[\"https:\\\/\\\/infos-droitshumains.net\\\/?p=5918#respond\"]}]},{\"@type\":\"WebPage\",\"@id\":\"https:\\\/\\\/infos-droitshumains.net\\\/?p=5918\",\"url\":\"https:\\\/\\\/infos-droitshumains.net\\\/?p=5918\",\"name\":\"C\u00e9l\u00e9bration du 74\u00e8me anniversaire de la d\u00e9claration universelle de Droits de l\u2019Homme\u00a0: En RDC, le Barreau de Kinshasa\\\/Matete plaide pour la couverture universelle de la justice pour tous - Infos Droits Humains\",\"isPartOf\":{\"@id\":\"https:\\\/\\\/infos-droitshumains.net\\\/#website\"},\"primaryImageOfPage\":{\"@id\":\"https:\\\/\\\/infos-droitshumains.net\\\/?p=5918#primaryimage\"},\"image\":{\"@id\":\"https:\\\/\\\/infos-droitshumains.net\\\/?p=5918#primaryimage\"},\"thumbnailUrl\":\"https:\\\/\\\/i0.wp.com\\\/infos-droitshumains.net\\\/wp-content\\\/uploads\\\/2022\\\/12\\\/IMG-20221211-WA0003.jpg?fit=1000%2C667&ssl=1\",\"datePublished\":\"2022-12-11T09:43:48+00:00\",\"dateModified\":\"2022-12-11T10:03:01+00:00\",\"breadcrumb\":{\"@id\":\"https:\\\/\\\/infos-droitshumains.net\\\/?p=5918#breadcrumb\"},\"inLanguage\":\"fr-FR\",\"potentialAction\":[{\"@type\":\"ReadAction\",\"target\":[\"https:\\\/\\\/infos-droitshumains.net\\\/?p=5918\"]}]},{\"@type\":\"ImageObject\",\"inLanguage\":\"fr-FR\",\"@id\":\"https:\\\/\\\/infos-droitshumains.net\\\/?p=5918#primaryimage\",\"url\":\"https:\\\/\\\/i0.wp.com\\\/infos-droitshumains.net\\\/wp-content\\\/uploads\\\/2022\\\/12\\\/IMG-20221211-WA0003.jpg?fit=1000%2C667&ssl=1\",\"contentUrl\":\"https:\\\/\\\/i0.wp.com\\\/infos-droitshumains.net\\\/wp-content\\\/uploads\\\/2022\\\/12\\\/IMG-20221211-WA0003.jpg?fit=1000%2C667&ssl=1\",\"width\":1000,\"height\":667},{\"@type\":\"BreadcrumbList\",\"@id\":\"https:\\\/\\\/infos-droitshumains.net\\\/?p=5918#breadcrumb\",\"itemListElement\":[{\"@type\":\"ListItem\",\"position\":1,\"name\":\"Accueil\",\"item\":\"https:\\\/\\\/infos-droitshumains.net\\\/\"},{\"@type\":\"ListItem\",\"position\":2,\"name\":\"C\u00e9l\u00e9bration du 74\u00e8me anniversaire de la d\u00e9claration universelle de Droits de l\u2019Homme\u00a0: En RDC, le Barreau de Kinshasa\\\/Matete plaide pour la couverture universelle de la justice pour tous\"}]},{\"@type\":\"WebSite\",\"@id\":\"https:\\\/\\\/infos-droitshumains.net\\\/#website\",\"url\":\"https:\\\/\\\/infos-droitshumains.net\\\/\",\"name\":\"Infos Droits Humains\",\"description\":\"S&#039;informer est un droit\",\"publisher\":{\"@id\":\"https:\\\/\\\/infos-droitshumains.net\\\/#organization\"},\"potentialAction\":[{\"@type\":\"SearchAction\",\"target\":{\"@type\":\"EntryPoint\",\"urlTemplate\":\"https:\\\/\\\/infos-droitshumains.net\\\/?s={search_term_string}\"},\"query-input\":{\"@type\":\"PropertyValueSpecification\",\"valueRequired\":true,\"valueName\":\"search_term_string\"}}],\"inLanguage\":\"fr-FR\"},{\"@type\":\"Organization\",\"@id\":\"https:\\\/\\\/infos-droitshumains.net\\\/#organization\",\"name\":\"Infos Droits Humains\",\"url\":\"https:\\\/\\\/infos-droitshumains.net\\\/\",\"logo\":{\"@type\":\"ImageObject\",\"inLanguage\":\"fr-FR\",\"@id\":\"https:\\\/\\\/infos-droitshumains.net\\\/#\\\/schema\\\/logo\\\/image\\\/\",\"url\":\"https:\\\/\\\/i0.wp.com\\\/infos-droitshumains.net\\\/wp-content\\\/uploads\\\/2022\\\/05\\\/Logo.png?fit=333%2C129&ssl=1\",\"contentUrl\":\"https:\\\/\\\/i0.wp.com\\\/infos-droitshumains.net\\\/wp-content\\\/uploads\\\/2022\\\/05\\\/Logo.png?fit=333%2C129&ssl=1\",\"width\":333,\"height\":129,\"caption\":\"Infos Droits Humains\"},\"image\":{\"@id\":\"https:\\\/\\\/infos-droitshumains.net\\\/#\\\/schema\\\/logo\\\/image\\\/\"}},{\"@type\":\"Person\",\"@id\":\"https:\\\/\\\/infos-droitshumains.net\\\/#\\\/schema\\\/person\\\/3dc5e921c3302172e0ed4362f96faab7\",\"name\":\"Jo\u00ebl Diawa\",\"image\":{\"@type\":\"ImageObject\",\"inLanguage\":\"fr-FR\",\"@id\":\"https:\\\/\\\/secure.gravatar.com\\\/avatar\\\/729bea6ff4604c624417803c477363be8e3c7186deaa65713313f9b4b820f41c?s=96&d=mm&r=g\",\"url\":\"https:\\\/\\\/secure.gravatar.com\\\/avatar\\\/729bea6ff4604c624417803c477363be8e3c7186deaa65713313f9b4b820f41c?s=96&d=mm&r=g\",\"contentUrl\":\"https:\\\/\\\/secure.gravatar.com\\\/avatar\\\/729bea6ff4604c624417803c477363be8e3c7186deaa65713313f9b4b820f41c?s=96&d=mm&r=g\",\"caption\":\"Jo\u00ebl Diawa\"},\"sameAs\":[\"https:\\\/\\\/www.infos-droitshumains.net\"],\"url\":\"https:\\\/\\\/infos-droitshumains.net\\\/?author=2\"}]}<\/script>\n<!-- \/ Yoast SEO plugin. -->","yoast_head_json":{"title":"C\u00e9l\u00e9bration du 74\u00e8me anniversaire de la d\u00e9claration universelle de Droits de l\u2019Homme\u00a0: En RDC, le Barreau de Kinshasa\/Matete plaide pour la couverture universelle de la justice pour tous - Infos Droits Humains","robots":{"index":"index","follow":"follow","max-snippet":"max-snippet:-1","max-image-preview":"max-image-preview:large","max-video-preview":"max-video-preview:-1"},"canonical":"https:\/\/infos-droitshumains.net\/?p=5918","og_locale":"fr_FR","og_type":"article","og_title":"C\u00e9l\u00e9bration du 74\u00e8me anniversaire de la d\u00e9claration universelle de Droits de l\u2019Homme\u00a0: En RDC, le Barreau de Kinshasa\/Matete plaide pour la couverture universelle de la justice pour tous - Infos Droits Humains","og_description":"R\u00e9daction :+243817406088 L\u2019humanit\u00e9 a c\u00e9l\u00e9br\u00e9 ce samedi 10 d\u00e9cembre, le 74\u00e8me anniversaire de la d\u00e9claration...","og_url":"https:\/\/infos-droitshumains.net\/?p=5918","og_site_name":"Infos Droits Humains","article_published_time":"2022-12-11T09:43:48+00:00","article_modified_time":"2022-12-11T10:03:01+00:00","og_image":[{"width":1000,"height":667,"url":"https:\/\/i0.wp.com\/infos-droitshumains.net\/wp-content\/uploads\/2022\/12\/IMG-20221211-WA0003.jpg?fit=1000%2C667&ssl=1","type":"image\/jpeg"}],"author":"Jo\u00ebl Diawa","twitter_card":"summary_large_image","twitter_misc":{"\u00c9crit par":"Jo\u00ebl Diawa","Dur\u00e9e de lecture estim\u00e9e":"4 minutes"},"schema":{"@context":"https:\/\/schema.org","@graph":[{"@type":"Article","@id":"https:\/\/infos-droitshumains.net\/?p=5918#article","isPartOf":{"@id":"https:\/\/infos-droitshumains.net\/?p=5918"},"author":{"name":"Jo\u00ebl Diawa","@id":"https:\/\/infos-droitshumains.net\/#\/schema\/person\/3dc5e921c3302172e0ed4362f96faab7"},"headline":"C\u00e9l\u00e9bration du 74\u00e8me anniversaire de la d\u00e9claration universelle de Droits de l\u2019Homme\u00a0: En RDC, le Barreau de Kinshasa\/Matete plaide pour la couverture universelle de la justice pour tous","datePublished":"2022-12-11T09:43:48+00:00","dateModified":"2022-12-11T10:03:01+00:00","mainEntityOfPage":{"@id":"https:\/\/infos-droitshumains.net\/?p=5918"},"wordCount":758,"commentCount":0,"publisher":{"@id":"https:\/\/infos-droitshumains.net\/#organization"},"image":{"@id":"https:\/\/infos-droitshumains.net\/?p=5918#primaryimage"},"thumbnailUrl":"https:\/\/i0.wp.com\/infos-droitshumains.net\/wp-content\/uploads\/2022\/12\/IMG-20221211-WA0003.jpg?fit=1000%2C667&ssl=1","articleSection":["Justice"],"inLanguage":"fr-FR","potentialAction":[{"@type":"CommentAction","name":"Comment","target":["https:\/\/infos-droitshumains.net\/?p=5918#respond"]}]},{"@type":"WebPage","@id":"https:\/\/infos-droitshumains.net\/?p=5918","url":"https:\/\/infos-droitshumains.net\/?p=5918","name":"C\u00e9l\u00e9bration du 74\u00e8me anniversaire de la d\u00e9claration universelle de Droits de l\u2019Homme\u00a0: En RDC, le Barreau de Kinshasa\/Matete plaide pour la couverture universelle de la justice pour tous - Infos Droits Humains","isPartOf":{"@id":"https:\/\/infos-droitshumains.net\/#website"},"primaryImageOfPage":{"@id":"https:\/\/infos-droitshumains.net\/?p=5918#primaryimage"},"image":{"@id":"https:\/\/infos-droitshumains.net\/?p=5918#primaryimage"},"thumbnailUrl":"https:\/\/i0.wp.com\/infos-droitshumains.net\/wp-content\/uploads\/2022\/12\/IMG-20221211-WA0003.jpg?fit=1000%2C667&ssl=1","datePublished":"2022-12-11T09:43:48+00:00","dateModified":"2022-12-11T10:03:01+00:00","breadcrumb":{"@id":"https:\/\/infos-droitshumains.net\/?p=5918#breadcrumb"},"inLanguage":"fr-FR","potentialAction":[{"@type":"ReadAction","target":["https:\/\/infos-droitshumains.net\/?p=5918"]}]},{"@type":"ImageObject","inLanguage":"fr-FR","@id":"https:\/\/infos-droitshumains.net\/?p=5918#primaryimage","url":"https:\/\/i0.wp.com\/infos-droitshumains.net\/wp-content\/uploads\/2022\/12\/IMG-20221211-WA0003.jpg?fit=1000%2C667&ssl=1","contentUrl":"https:\/\/i0.wp.com\/infos-droitshumains.net\/wp-content\/uploads\/2022\/12\/IMG-20221211-WA0003.jpg?fit=1000%2C667&ssl=1","width":1000,"height":667},{"@type":"BreadcrumbList","@id":"https:\/\/infos-droitshumains.net\/?p=5918#breadcrumb","itemListElement":[{"@type":"ListItem","position":1,"name":"Accueil","item":"https:\/\/infos-droitshumains.net\/"},{"@type":"ListItem","position":2,"name":"C\u00e9l\u00e9bration du 74\u00e8me anniversaire de la d\u00e9claration universelle de Droits de l\u2019Homme\u00a0: En RDC, le Barreau de Kinshasa\/Matete plaide pour la couverture universelle de la justice pour tous"}]},{"@type":"WebSite","@id":"https:\/\/infos-droitshumains.net\/#website","url":"https:\/\/infos-droitshumains.net\/","name":"Infos Droits Humains","description":"S&#039;informer est un droit","publisher":{"@id":"https:\/\/infos-droitshumains.net\/#organization"},"potentialAction":[{"@type":"SearchAction","target":{"@type":"EntryPoint","urlTemplate":"https:\/\/infos-droitshumains.net\/?s={search_term_string}"},"query-input":{"@type":"PropertyValueSpecification","valueRequired":true,"valueName":"search_term_string"}}],"inLanguage":"fr-FR"},{"@type":"Organization","@id":"https:\/\/infos-droitshumains.net\/#organization","name":"Infos Droits Humains","url":"https:\/\/infos-droitshumains.net\/","logo":{"@type":"ImageObject","inLanguage":"fr-FR","@id":"https:\/\/infos-droitshumains.net\/#\/schema\/logo\/image\/","url":"https:\/\/i0.wp.com\/infos-droitshumains.net\/wp-content\/uploads\/2022\/05\/Logo.png?fit=333%2C129&ssl=1","contentUrl":"https:\/\/i0.wp.com\/infos-droitshumains.net\/wp-content\/uploads\/2022\/05\/Logo.png?fit=333%2C129&ssl=1","width":333,"height":129,"caption":"Infos Droits Humains"},"image":{"@id":"https:\/\/infos-droitshumains.net\/#\/schema\/logo\/image\/"}},{"@type":"Person","@id":"https:\/\/infos-droitshumains.net\/#\/schema\/person\/3dc5e921c3302172e0ed4362f96faab7","name":"Jo\u00ebl Diawa","image":{"@type":"ImageObject","inLanguage":"fr-FR","@id":"https:\/\/secure.gravatar.com\/avatar\/729bea6ff4604c624417803c477363be8e3c7186deaa65713313f9b4b820f41c?s=96&d=mm&r=g","url":"https:\/\/secure.gravatar.com\/avatar\/729bea6ff4604c624417803c477363be8e3c7186deaa65713313f9b4b820f41c?s=96&d=mm&r=g","contentUrl":"https:\/\/secure.gravatar.com\/avatar\/729bea6ff4604c624417803c477363be8e3c7186deaa65713313f9b4b820f41c?s=96&d=mm&r=g","caption":"Jo\u00ebl Diawa"},"sameAs":["https:\/\/www.infos-droitshumains.net"],"url":"https:\/\/infos-droitshumains.net\/?author=2"}]}},"featured_image_urls":{"full":["https:\/\/i0.wp.com\/infos-droitshumains.net\/wp-content\/uploads\/2022\/12\/IMG-20221211-WA0003.jpg?fit=1000%2C667&ssl=1",1000,667,false],"thumbnail":["https:\/\/i0.wp.com\/infos-droitshumains.net\/wp-content\/uploads\/2022\/12\/IMG-20221211-WA0003.jpg?resize=150%2C150&ssl=1",150,150,true],"medium":["https:\/\/i0.wp.com\/infos-droitshumains.net\/wp-content\/uploads\/2022\/12\/IMG-20221211-WA0003.jpg?fit=300%2C200&ssl=1",300,200,true],"medium_large":["https:\/\/i0.wp.com\/infos-droitshumains.net\/wp-content\/uploads\/2022\/12\/IMG-20221211-WA0003.jpg?fit=640%2C427&ssl=1",640,427,true],"large":["https:\/\/i0.wp.com\/infos-droitshumains.net\/wp-content\/uploads\/2022\/12\/IMG-20221211-WA0003.jpg?fit=640%2C427&ssl=1",640,427,true],"1536x1536":["https:\/\/i0.wp.com\/infos-droitshumains.net\/wp-content\/uploads\/2022\/12\/IMG-20221211-WA0003.jpg?fit=1000%2C667&ssl=1",1000,667,true],"2048x2048":["https:\/\/i0.wp.com\/infos-droitshumains.net\/wp-content\/uploads\/2022\/12\/IMG-20221211-WA0003.jpg?fit=1000%2C667&ssl=1",1000,667,true],"covernews-slider-full":["https:\/\/i0.wp.com\/infos-droitshumains.net\/wp-content\/uploads\/2022\/12\/IMG-20221211-WA0003.jpg?resize=1000%2C667&ssl=1",1000,667,true],"covernews-slider-center":["https:\/\/i0.wp.com\/infos-droitshumains.net\/wp-content\/uploads\/2022\/12\/IMG-20221211-WA0003.jpg?resize=800%2C500&ssl=1",800,500,true],"covernews-featured":["https:\/\/i0.wp.com\/infos-droitshumains.net\/wp-content\/uploads\/2022\/12\/IMG-20221211-WA0003.jpg?fit=1000%2C667&ssl=1",1000,667,true],"covernews-medium":["https:\/\/i0.wp.com\/infos-droitshumains.net\/wp-content\/uploads\/2022\/12\/IMG-20221211-WA0003.jpg?resize=540%2C340&ssl=1",540,340,true],"covernews-medium-square":["https:\/\/i0.wp.com\/infos-droitshumains.net\/wp-content\/uploads\/2022\/12\/IMG-20221211-WA0003.jpg?resize=400%2C250&ssl=1",400,250,true]},"author_info":{"display_name":"Jo\u00ebl Diawa","author_link":"https:\/\/infos-droitshumains.net\/?author=2"},"category_info":"<a href=\"https:\/\/infos-droitshumains.net\/?cat=6\" rel=\"category\">Justice<\/a>","tag_info":"Justice","comment_count":"0","jetpack_featured_media_url":"https:\/\/i0.wp.com\/infos-droitshumains.net\/wp-content\/uploads\/2022\/12\/IMG-20221211-WA0003.jpg?fit=1000%2C667&ssl=1","jetpack-related-posts":[],"jetpack_sharing_enabled":true,"_links":{"self":[{"href":"https:\/\/infos-droitshumains.net\/index.php?rest_route=\/wp\/v2\/posts\/5918","targetHints":{"allow":["GET"]}}],"collection":[{"href":"https:\/\/infos-droitshumains.net\/index.php?rest_route=\/wp\/v2\/posts"}],"about":[{"href":"https:\/\/infos-droitshumains.net\/index.php?rest_route=\/wp\/v2\/types\/post"}],"author":[{"embeddable":true,"href":"https:\/\/infos-droitshumains.net\/index.php?rest_route=\/wp\/v2\/users\/2"}],"replies":[{"embeddable":true,"href":"https:\/\/infos-droitshumains.net\/index.php?rest_route=%2Fwp%2Fv2%2Fcomments&post=5918"}],"version-history":[{"count":16,"href":"https:\/\/infos-droitshumains.net\/index.php?rest_route=\/wp\/v2\/posts\/5918\/revisions"}],"predecessor-version":[{"id":5948,"href":"https:\/\/infos-droitshumains.net\/index.php?rest_route=\/wp\/v2\/posts\/5918\/revisions\/5948"}],"wp:featuredmedia":[{"embeddable":true,"href":"https:\/\/infos-droitshumains.net\/index.php?rest_route=\/wp\/v2\/media\/5922"}],"wp:attachment":[{"href":"https:\/\/infos-droitshumains.net\/index.php?rest_route=%2Fwp%2Fv2%2Fmedia&parent=5918"}],"wp:term":[{"taxonomy":"category","embeddable":true,"href":"https:\/\/infos-droitshumains.net\/index.php?rest_route=%2Fwp%2Fv2%2Fcategories&post=5918"},{"taxonomy":"post_tag","embeddable":true,"href":"https:\/\/infos-droitshumains.net\/index.php?rest_route=%2Fwp%2Fv2%2Ftags&post=5918"}],"curies":[{"name":"wp","href":"https:\/\/api.w.org\/{rel}","templated":true}]}}