{"id":5879,"date":"2022-12-06T17:17:09","date_gmt":"2022-12-06T16:17:09","guid":{"rendered":"https:\/\/infos-droitshumains.net\/?p=5879"},"modified":"2022-12-06T17:26:33","modified_gmt":"2022-12-06T16:26:33","slug":"droits-de-lhomme-en-rdc-les-femmes-et-filles-autochtones-pygmees-satisfaites-de-la-campagne-de-sensibilisation-sur-les-violences-basees-sur-le-genre-et-les-droits-fondamentaux-dont-elles-ont-benef","status":"publish","type":"post","link":"https:\/\/infos-droitshumains.net\/?p=5879","title":{"rendered":"Droits de l&rsquo;homme en RDC : les femmes et filles autochtones pygm\u00e9es satisfaites de la campagne de sensibilisation sur les violences bas\u00e9es sur le genre et les droits fondamentaux dont elles ont b\u00e9n\u00e9fici\u00e9"},"content":{"rendered":"\n<p><strong>R\u00e9daction :+243817406088<\/strong><\/p>\n\n\n\n<p>Les femmes et filles autochtones pygm\u00e9es ont \u00e9t\u00e9 sensibilis\u00e9es ce 6 d\u00e9cembre \u00e0 Kinshasa sur les violences bas\u00e9es sur le genre et les droits fondamentaux. C&rsquo;\u00e9tait au cours d&rsquo;une journ\u00e9e de sensibilisation organis\u00e9e par le Bureau Conjoint des Nations Unies aux Droits de l&rsquo;Homme (BCNUDH).<\/p>\n\n\n\n<p>\u00c0 en croire Mamadou Saliou Diallo, repr\u00e9sentant du directeur du BCNUDH, cette journ\u00e9e de sensibilisation qui s&rsquo;inscrit dans le cadre de la campagne des 16 jours d&rsquo;activisme contre les violences bas\u00e9es sur le genre, vise \u00e0 \u00e9radiquer toute violence \u00e0 l&rsquo;\u00e9gard des femmes et filles, laquelle violence qui reste la plus r\u00e9pandue au monde.<\/p>\n\n\n\n<p><em>\u00ab&nbsp;Cette session de sensibilisation en collaboration avec les associations de d\u00e9fense des droits des peuples autochtones, trouve sa pertinence dans le double degr\u00e9 de vuln\u00e9rabilit\u00e9 auquel sont expos\u00e9es les femmes et les filles autochtones pygm\u00e9es qui sont confront\u00e9es \u00e0 des formes complexes de violence et sont particuli\u00e8rement vuln\u00e9rables \u00e0 la violence dans le contexte des conflits, ainsi que la violence li\u00e9e \u00e0 l&rsquo;accaparement des terres, aux activit\u00e9s de l&rsquo;industrie extractive et m\u00eame aux effets du changement climatique&nbsp;\u00bb<\/em>, a d\u00e9clar\u00e9 Mamadou Saliou Diallo.<\/p>\n\n\n\n<p>Il \u00e9tait aussi question d&rsquo;activer le plaidoyer pour l\u2019effectivit\u00e9 de la loi du 15 juillet 2022 portant promotion et protection des droits des peuples autochtones pygm\u00e9es. Cette loi qui est la cons\u00e9quence du vote en 2007 par la RDC de la d\u00e9claration des Nations Unies sur les droits des peuples autochtones, entrera en vigueur le 15 f\u00e9vrier 2023, a indiqu\u00e9 Mamadou Saliou Diallo.<\/p>\n\n\n\n<p><em>\u00ab&nbsp;L&rsquo;existence d&rsquo;une telle loi permettra \u00e0 l&rsquo;\u00c9tat congolais d&rsquo;assurer la protection et la promotion des groupes vuln\u00e9rables et de toutes les minorit\u00e9s. Mais \u00e9galement d&rsquo;assurer et de promouvoir la coexistence pacifique et harmonieuse de tous les groupes ethniques du pays conform\u00e9ment \u00e0 l&rsquo;article 51 de la constitution&nbsp;\u00bb<\/em>.<\/p>\n\n\n\n<p>La pr\u00e9sidente de la F\u00e9d\u00e9ration Congolaise des Femmes et Filles Autochtones Pygm\u00e9es (FECOFFA), s&rsquo;est quant \u00e0 elle, montr\u00e9e reconnaissante envers le BCNUDH pour son accompagnement pour la cause du respect&nbsp; de cette cat\u00e9gorie des personnes en RDC.<\/p>\n\n\n\n<p><em>\u00ab&nbsp;Je me dois de remercier notre partenaire technique et financier, le BCNUDH pour avoir accept\u00e9 de nous accompagner \u00e0 ce jour si sp\u00e9cial pour notre organisation. Une journ\u00e9e qui nous permet de sensibiliser les filles et femmes pendant cette campagne de 16 jours d&rsquo;activisme&nbsp;\u00bb,<\/em> s\u2019est r\u00e9jouie Yvonne Salemba.<\/p>\n\n\n\n<p>Pour cette ann\u00e9e, l\u2019ONU c\u00e9l\u00e8bre la campagne de 16 jours d&rsquo;activisme sous le th\u00e8me \u00ab&nbsp;Tous unis! L\u2019activisme pour l&rsquo;\u00e9limination de la violence \u00e0 l&rsquo;\u00e9gard des femmes et des filles&nbsp;\u00bb&nbsp;; et sur le plan national, cette campagne est c\u00e9l\u00e9br\u00e9 sous le th\u00e8me&nbsp;: \u00ab&nbsp;Homme et Femme, posons ensemble chaque jour un acte pour \u00e9radiquer la violence faire aux femmes et filles&nbsp;\u00bb<\/p>\n\n\n\n<p>AM<\/p>\n","protected":false},"excerpt":{"rendered":"<p>R\u00e9daction :+243817406088 Les femmes et filles autochtones pygm\u00e9es ont \u00e9t\u00e9 sensibilis\u00e9es ce 6 d\u00e9cembre \u00e0&#8230;<\/p>\n","protected":false},"author":2,"featured_media":5882,"comment_status":"open","ping_status":"open","sticky":false,"template":"","format":"standard","meta":{"_jetpack_memberships_contains_paid_content":false,"footnotes":""},"categories":[7],"tags":[],"class_list":["post-5879","post","type-post","status-publish","format-standard","has-post-thumbnail","hentry","category-droits-humains"],"yoast_head":"<!-- This site is optimized with the Yoast SEO plugin v27.5 - https:\/\/yoast.com\/product\/yoast-seo-wordpress\/ -->\n<title>Droits de l&#039;homme en RDC : les femmes et filles autochtones pygm\u00e9es satisfaites de la campagne de sensibilisation sur les violences bas\u00e9es sur le genre et les droits fondamentaux dont elles ont b\u00e9n\u00e9fici\u00e9 - Infos Droits Humains<\/title>\n<meta name=\"robots\" content=\"index, follow, max-snippet:-1, max-image-preview:large, max-video-preview:-1\" \/>\n<link rel=\"canonical\" href=\"https:\/\/infos-droitshumains.net\/?p=5879\" \/>\n<meta property=\"og:locale\" content=\"fr_FR\" \/>\n<meta property=\"og:type\" content=\"article\" \/>\n<meta property=\"og:title\" content=\"Droits de l&#039;homme en RDC : les femmes et filles autochtones pygm\u00e9es satisfaites de la campagne de sensibilisation sur les violences bas\u00e9es sur le genre et les droits fondamentaux dont elles ont b\u00e9n\u00e9fici\u00e9 - Infos Droits Humains\" \/>\n<meta property=\"og:description\" content=\"R\u00e9daction :+243817406088 Les femmes et filles autochtones pygm\u00e9es ont \u00e9t\u00e9 sensibilis\u00e9es ce 6 d\u00e9cembre \u00e0...\" \/>\n<meta property=\"og:url\" content=\"https:\/\/infos-droitshumains.net\/?p=5879\" \/>\n<meta property=\"og:site_name\" content=\"Infos Droits Humains\" \/>\n<meta property=\"article:published_time\" content=\"2022-12-06T16:17:09+00:00\" \/>\n<meta property=\"article:modified_time\" content=\"2022-12-06T16:26:33+00:00\" \/>\n<meta property=\"og:image\" content=\"https:\/\/i0.wp.com\/infos-droitshumains.net\/wp-content\/uploads\/2022\/12\/IMG-20221206-WA0004_1.jpg?fit=1080%2C810&ssl=1\" \/>\n\t<meta property=\"og:image:width\" content=\"1080\" \/>\n\t<meta property=\"og:image:height\" content=\"810\" \/>\n\t<meta property=\"og:image:type\" content=\"image\/jpeg\" \/>\n<meta name=\"author\" content=\"Jo\u00ebl Diawa\" \/>\n<meta name=\"twitter:card\" content=\"summary_large_image\" \/>\n<meta name=\"twitter:label1\" content=\"\u00c9crit par\" \/>\n\t<meta name=\"twitter:data1\" content=\"Jo\u00ebl Diawa\" \/>\n\t<meta name=\"twitter:label2\" content=\"Dur\u00e9e de lecture estim\u00e9e\" \/>\n\t<meta name=\"twitter:data2\" content=\"2 minutes\" \/>\n<script type=\"application\/ld+json\" class=\"yoast-schema-graph\">{\"@context\":\"https:\\\/\\\/schema.org\",\"@graph\":[{\"@type\":\"Article\",\"@id\":\"https:\\\/\\\/infos-droitshumains.net\\\/?p=5879#article\",\"isPartOf\":{\"@id\":\"https:\\\/\\\/infos-droitshumains.net\\\/?p=5879\"},\"author\":{\"name\":\"Jo\u00ebl Diawa\",\"@id\":\"https:\\\/\\\/infos-droitshumains.net\\\/#\\\/schema\\\/person\\\/3dc5e921c3302172e0ed4362f96faab7\"},\"headline\":\"Droits de l&rsquo;homme en RDC : les femmes et filles autochtones pygm\u00e9es satisfaites de la campagne de sensibilisation sur les violences bas\u00e9es sur le genre et les droits fondamentaux dont elles ont b\u00e9n\u00e9fici\u00e9\",\"datePublished\":\"2022-12-06T16:17:09+00:00\",\"dateModified\":\"2022-12-06T16:26:33+00:00\",\"mainEntityOfPage\":{\"@id\":\"https:\\\/\\\/infos-droitshumains.net\\\/?p=5879\"},\"wordCount\":518,\"commentCount\":0,\"publisher\":{\"@id\":\"https:\\\/\\\/infos-droitshumains.net\\\/#organization\"},\"image\":{\"@id\":\"https:\\\/\\\/infos-droitshumains.net\\\/?p=5879#primaryimage\"},\"thumbnailUrl\":\"https:\\\/\\\/i0.wp.com\\\/infos-droitshumains.net\\\/wp-content\\\/uploads\\\/2022\\\/12\\\/IMG-20221206-WA0004_1.jpg?fit=1080%2C810&ssl=1\",\"articleSection\":[\"Droits Humains\"],\"inLanguage\":\"fr-FR\",\"potentialAction\":[{\"@type\":\"CommentAction\",\"name\":\"Comment\",\"target\":[\"https:\\\/\\\/infos-droitshumains.net\\\/?p=5879#respond\"]}]},{\"@type\":\"WebPage\",\"@id\":\"https:\\\/\\\/infos-droitshumains.net\\\/?p=5879\",\"url\":\"https:\\\/\\\/infos-droitshumains.net\\\/?p=5879\",\"name\":\"Droits de l'homme en RDC : les femmes et filles autochtones pygm\u00e9es satisfaites de la campagne de sensibilisation sur les violences bas\u00e9es sur le genre et les droits fondamentaux dont elles ont b\u00e9n\u00e9fici\u00e9 - Infos Droits Humains\",\"isPartOf\":{\"@id\":\"https:\\\/\\\/infos-droitshumains.net\\\/#website\"},\"primaryImageOfPage\":{\"@id\":\"https:\\\/\\\/infos-droitshumains.net\\\/?p=5879#primaryimage\"},\"image\":{\"@id\":\"https:\\\/\\\/infos-droitshumains.net\\\/?p=5879#primaryimage\"},\"thumbnailUrl\":\"https:\\\/\\\/i0.wp.com\\\/infos-droitshumains.net\\\/wp-content\\\/uploads\\\/2022\\\/12\\\/IMG-20221206-WA0004_1.jpg?fit=1080%2C810&ssl=1\",\"datePublished\":\"2022-12-06T16:17:09+00:00\",\"dateModified\":\"2022-12-06T16:26:33+00:00\",\"breadcrumb\":{\"@id\":\"https:\\\/\\\/infos-droitshumains.net\\\/?p=5879#breadcrumb\"},\"inLanguage\":\"fr-FR\",\"potentialAction\":[{\"@type\":\"ReadAction\",\"target\":[\"https:\\\/\\\/infos-droitshumains.net\\\/?p=5879\"]}]},{\"@type\":\"ImageObject\",\"inLanguage\":\"fr-FR\",\"@id\":\"https:\\\/\\\/infos-droitshumains.net\\\/?p=5879#primaryimage\",\"url\":\"https:\\\/\\\/i0.wp.com\\\/infos-droitshumains.net\\\/wp-content\\\/uploads\\\/2022\\\/12\\\/IMG-20221206-WA0004_1.jpg?fit=1080%2C810&ssl=1\",\"contentUrl\":\"https:\\\/\\\/i0.wp.com\\\/infos-droitshumains.net\\\/wp-content\\\/uploads\\\/2022\\\/12\\\/IMG-20221206-WA0004_1.jpg?fit=1080%2C810&ssl=1\",\"width\":1080,\"height\":810},{\"@type\":\"BreadcrumbList\",\"@id\":\"https:\\\/\\\/infos-droitshumains.net\\\/?p=5879#breadcrumb\",\"itemListElement\":[{\"@type\":\"ListItem\",\"position\":1,\"name\":\"Accueil\",\"item\":\"https:\\\/\\\/infos-droitshumains.net\\\/\"},{\"@type\":\"ListItem\",\"position\":2,\"name\":\"Droits de l&rsquo;homme en RDC : les femmes et filles autochtones pygm\u00e9es satisfaites de la campagne de sensibilisation sur les violences bas\u00e9es sur le genre et les droits fondamentaux dont elles ont b\u00e9n\u00e9fici\u00e9\"}]},{\"@type\":\"WebSite\",\"@id\":\"https:\\\/\\\/infos-droitshumains.net\\\/#website\",\"url\":\"https:\\\/\\\/infos-droitshumains.net\\\/\",\"name\":\"Infos Droits Humains\",\"description\":\"S&#039;informer est un droit\",\"publisher\":{\"@id\":\"https:\\\/\\\/infos-droitshumains.net\\\/#organization\"},\"potentialAction\":[{\"@type\":\"SearchAction\",\"target\":{\"@type\":\"EntryPoint\",\"urlTemplate\":\"https:\\\/\\\/infos-droitshumains.net\\\/?s={search_term_string}\"},\"query-input\":{\"@type\":\"PropertyValueSpecification\",\"valueRequired\":true,\"valueName\":\"search_term_string\"}}],\"inLanguage\":\"fr-FR\"},{\"@type\":\"Organization\",\"@id\":\"https:\\\/\\\/infos-droitshumains.net\\\/#organization\",\"name\":\"Infos Droits Humains\",\"url\":\"https:\\\/\\\/infos-droitshumains.net\\\/\",\"logo\":{\"@type\":\"ImageObject\",\"inLanguage\":\"fr-FR\",\"@id\":\"https:\\\/\\\/infos-droitshumains.net\\\/#\\\/schema\\\/logo\\\/image\\\/\",\"url\":\"https:\\\/\\\/i0.wp.com\\\/infos-droitshumains.net\\\/wp-content\\\/uploads\\\/2022\\\/05\\\/Logo.png?fit=333%2C129&ssl=1\",\"contentUrl\":\"https:\\\/\\\/i0.wp.com\\\/infos-droitshumains.net\\\/wp-content\\\/uploads\\\/2022\\\/05\\\/Logo.png?fit=333%2C129&ssl=1\",\"width\":333,\"height\":129,\"caption\":\"Infos Droits Humains\"},\"image\":{\"@id\":\"https:\\\/\\\/infos-droitshumains.net\\\/#\\\/schema\\\/logo\\\/image\\\/\"}},{\"@type\":\"Person\",\"@id\":\"https:\\\/\\\/infos-droitshumains.net\\\/#\\\/schema\\\/person\\\/3dc5e921c3302172e0ed4362f96faab7\",\"name\":\"Jo\u00ebl Diawa\",\"image\":{\"@type\":\"ImageObject\",\"inLanguage\":\"fr-FR\",\"@id\":\"https:\\\/\\\/secure.gravatar.com\\\/avatar\\\/729bea6ff4604c624417803c477363be8e3c7186deaa65713313f9b4b820f41c?s=96&d=mm&r=g\",\"url\":\"https:\\\/\\\/secure.gravatar.com\\\/avatar\\\/729bea6ff4604c624417803c477363be8e3c7186deaa65713313f9b4b820f41c?s=96&d=mm&r=g\",\"contentUrl\":\"https:\\\/\\\/secure.gravatar.com\\\/avatar\\\/729bea6ff4604c624417803c477363be8e3c7186deaa65713313f9b4b820f41c?s=96&d=mm&r=g\",\"caption\":\"Jo\u00ebl Diawa\"},\"sameAs\":[\"https:\\\/\\\/www.infos-droitshumains.net\"],\"url\":\"https:\\\/\\\/infos-droitshumains.net\\\/?author=2\"}]}<\/script>\n<!-- \/ Yoast SEO plugin. -->","yoast_head_json":{"title":"Droits de l'homme en RDC : les femmes et filles autochtones pygm\u00e9es satisfaites de la campagne de sensibilisation sur les violences bas\u00e9es sur le genre et les droits fondamentaux dont elles ont b\u00e9n\u00e9fici\u00e9 - Infos Droits Humains","robots":{"index":"index","follow":"follow","max-snippet":"max-snippet:-1","max-image-preview":"max-image-preview:large","max-video-preview":"max-video-preview:-1"},"canonical":"https:\/\/infos-droitshumains.net\/?p=5879","og_locale":"fr_FR","og_type":"article","og_title":"Droits de l'homme en RDC : les femmes et filles autochtones pygm\u00e9es satisfaites de la campagne de sensibilisation sur les violences bas\u00e9es sur le genre et les droits fondamentaux dont elles ont b\u00e9n\u00e9fici\u00e9 - Infos Droits Humains","og_description":"R\u00e9daction :+243817406088 Les femmes et filles autochtones pygm\u00e9es ont \u00e9t\u00e9 sensibilis\u00e9es ce 6 d\u00e9cembre \u00e0...","og_url":"https:\/\/infos-droitshumains.net\/?p=5879","og_site_name":"Infos Droits Humains","article_published_time":"2022-12-06T16:17:09+00:00","article_modified_time":"2022-12-06T16:26:33+00:00","og_image":[{"width":1080,"height":810,"url":"https:\/\/i0.wp.com\/infos-droitshumains.net\/wp-content\/uploads\/2022\/12\/IMG-20221206-WA0004_1.jpg?fit=1080%2C810&ssl=1","type":"image\/jpeg"}],"author":"Jo\u00ebl Diawa","twitter_card":"summary_large_image","twitter_misc":{"\u00c9crit par":"Jo\u00ebl Diawa","Dur\u00e9e de lecture estim\u00e9e":"2 minutes"},"schema":{"@context":"https:\/\/schema.org","@graph":[{"@type":"Article","@id":"https:\/\/infos-droitshumains.net\/?p=5879#article","isPartOf":{"@id":"https:\/\/infos-droitshumains.net\/?p=5879"},"author":{"name":"Jo\u00ebl Diawa","@id":"https:\/\/infos-droitshumains.net\/#\/schema\/person\/3dc5e921c3302172e0ed4362f96faab7"},"headline":"Droits de l&rsquo;homme en RDC : les femmes et filles autochtones pygm\u00e9es satisfaites de la campagne de sensibilisation sur les violences bas\u00e9es sur le genre et les droits fondamentaux dont elles ont b\u00e9n\u00e9fici\u00e9","datePublished":"2022-12-06T16:17:09+00:00","dateModified":"2022-12-06T16:26:33+00:00","mainEntityOfPage":{"@id":"https:\/\/infos-droitshumains.net\/?p=5879"},"wordCount":518,"commentCount":0,"publisher":{"@id":"https:\/\/infos-droitshumains.net\/#organization"},"image":{"@id":"https:\/\/infos-droitshumains.net\/?p=5879#primaryimage"},"thumbnailUrl":"https:\/\/i0.wp.com\/infos-droitshumains.net\/wp-content\/uploads\/2022\/12\/IMG-20221206-WA0004_1.jpg?fit=1080%2C810&ssl=1","articleSection":["Droits Humains"],"inLanguage":"fr-FR","potentialAction":[{"@type":"CommentAction","name":"Comment","target":["https:\/\/infos-droitshumains.net\/?p=5879#respond"]}]},{"@type":"WebPage","@id":"https:\/\/infos-droitshumains.net\/?p=5879","url":"https:\/\/infos-droitshumains.net\/?p=5879","name":"Droits de l'homme en RDC : les femmes et filles autochtones pygm\u00e9es satisfaites de la campagne de sensibilisation sur les violences bas\u00e9es sur le genre et les droits fondamentaux dont elles ont b\u00e9n\u00e9fici\u00e9 - Infos Droits Humains","isPartOf":{"@id":"https:\/\/infos-droitshumains.net\/#website"},"primaryImageOfPage":{"@id":"https:\/\/infos-droitshumains.net\/?p=5879#primaryimage"},"image":{"@id":"https:\/\/infos-droitshumains.net\/?p=5879#primaryimage"},"thumbnailUrl":"https:\/\/i0.wp.com\/infos-droitshumains.net\/wp-content\/uploads\/2022\/12\/IMG-20221206-WA0004_1.jpg?fit=1080%2C810&ssl=1","datePublished":"2022-12-06T16:17:09+00:00","dateModified":"2022-12-06T16:26:33+00:00","breadcrumb":{"@id":"https:\/\/infos-droitshumains.net\/?p=5879#breadcrumb"},"inLanguage":"fr-FR","potentialAction":[{"@type":"ReadAction","target":["https:\/\/infos-droitshumains.net\/?p=5879"]}]},{"@type":"ImageObject","inLanguage":"fr-FR","@id":"https:\/\/infos-droitshumains.net\/?p=5879#primaryimage","url":"https:\/\/i0.wp.com\/infos-droitshumains.net\/wp-content\/uploads\/2022\/12\/IMG-20221206-WA0004_1.jpg?fit=1080%2C810&ssl=1","contentUrl":"https:\/\/i0.wp.com\/infos-droitshumains.net\/wp-content\/uploads\/2022\/12\/IMG-20221206-WA0004_1.jpg?fit=1080%2C810&ssl=1","width":1080,"height":810},{"@type":"BreadcrumbList","@id":"https:\/\/infos-droitshumains.net\/?p=5879#breadcrumb","itemListElement":[{"@type":"ListItem","position":1,"name":"Accueil","item":"https:\/\/infos-droitshumains.net\/"},{"@type":"ListItem","position":2,"name":"Droits de l&rsquo;homme en RDC : les femmes et filles autochtones pygm\u00e9es satisfaites de la campagne de sensibilisation sur les violences bas\u00e9es sur le genre et les droits fondamentaux dont elles ont b\u00e9n\u00e9fici\u00e9"}]},{"@type":"WebSite","@id":"https:\/\/infos-droitshumains.net\/#website","url":"https:\/\/infos-droitshumains.net\/","name":"Infos Droits Humains","description":"S&#039;informer est un droit","publisher":{"@id":"https:\/\/infos-droitshumains.net\/#organization"},"potentialAction":[{"@type":"SearchAction","target":{"@type":"EntryPoint","urlTemplate":"https:\/\/infos-droitshumains.net\/?s={search_term_string}"},"query-input":{"@type":"PropertyValueSpecification","valueRequired":true,"valueName":"search_term_string"}}],"inLanguage":"fr-FR"},{"@type":"Organization","@id":"https:\/\/infos-droitshumains.net\/#organization","name":"Infos Droits Humains","url":"https:\/\/infos-droitshumains.net\/","logo":{"@type":"ImageObject","inLanguage":"fr-FR","@id":"https:\/\/infos-droitshumains.net\/#\/schema\/logo\/image\/","url":"https:\/\/i0.wp.com\/infos-droitshumains.net\/wp-content\/uploads\/2022\/05\/Logo.png?fit=333%2C129&ssl=1","contentUrl":"https:\/\/i0.wp.com\/infos-droitshumains.net\/wp-content\/uploads\/2022\/05\/Logo.png?fit=333%2C129&ssl=1","width":333,"height":129,"caption":"Infos Droits Humains"},"image":{"@id":"https:\/\/infos-droitshumains.net\/#\/schema\/logo\/image\/"}},{"@type":"Person","@id":"https:\/\/infos-droitshumains.net\/#\/schema\/person\/3dc5e921c3302172e0ed4362f96faab7","name":"Jo\u00ebl Diawa","image":{"@type":"ImageObject","inLanguage":"fr-FR","@id":"https:\/\/secure.gravatar.com\/avatar\/729bea6ff4604c624417803c477363be8e3c7186deaa65713313f9b4b820f41c?s=96&d=mm&r=g","url":"https:\/\/secure.gravatar.com\/avatar\/729bea6ff4604c624417803c477363be8e3c7186deaa65713313f9b4b820f41c?s=96&d=mm&r=g","contentUrl":"https:\/\/secure.gravatar.com\/avatar\/729bea6ff4604c624417803c477363be8e3c7186deaa65713313f9b4b820f41c?s=96&d=mm&r=g","caption":"Jo\u00ebl Diawa"},"sameAs":["https:\/\/www.infos-droitshumains.net"],"url":"https:\/\/infos-droitshumains.net\/?author=2"}]}},"featured_image_urls":{"full":["https:\/\/i0.wp.com\/infos-droitshumains.net\/wp-content\/uploads\/2022\/12\/IMG-20221206-WA0004_1.jpg?fit=1080%2C810&ssl=1",1080,810,false],"thumbnail":["https:\/\/i0.wp.com\/infos-droitshumains.net\/wp-content\/uploads\/2022\/12\/IMG-20221206-WA0004_1.jpg?resize=150%2C150&ssl=1",150,150,true],"medium":["https:\/\/i0.wp.com\/infos-droitshumains.net\/wp-content\/uploads\/2022\/12\/IMG-20221206-WA0004_1.jpg?fit=300%2C225&ssl=1",300,225,true],"medium_large":["https:\/\/i0.wp.com\/infos-droitshumains.net\/wp-content\/uploads\/2022\/12\/IMG-20221206-WA0004_1.jpg?fit=640%2C480&ssl=1",640,480,true],"large":["https:\/\/i0.wp.com\/infos-droitshumains.net\/wp-content\/uploads\/2022\/12\/IMG-20221206-WA0004_1.jpg?fit=640%2C480&ssl=1",640,480,true],"1536x1536":["https:\/\/i0.wp.com\/infos-droitshumains.net\/wp-content\/uploads\/2022\/12\/IMG-20221206-WA0004_1.jpg?fit=1080%2C810&ssl=1",1080,810,true],"2048x2048":["https:\/\/i0.wp.com\/infos-droitshumains.net\/wp-content\/uploads\/2022\/12\/IMG-20221206-WA0004_1.jpg?fit=1080%2C810&ssl=1",1080,810,true],"covernews-slider-full":["https:\/\/i0.wp.com\/infos-droitshumains.net\/wp-content\/uploads\/2022\/12\/IMG-20221206-WA0004_1.jpg?resize=1080%2C715&ssl=1",1080,715,true],"covernews-slider-center":["https:\/\/i0.wp.com\/infos-droitshumains.net\/wp-content\/uploads\/2022\/12\/IMG-20221206-WA0004_1.jpg?resize=800%2C500&ssl=1",800,500,true],"covernews-featured":["https:\/\/i0.wp.com\/infos-droitshumains.net\/wp-content\/uploads\/2022\/12\/IMG-20221206-WA0004_1.jpg?fit=1024%2C768&ssl=1",1024,768,true],"covernews-medium":["https:\/\/i0.wp.com\/infos-droitshumains.net\/wp-content\/uploads\/2022\/12\/IMG-20221206-WA0004_1.jpg?resize=540%2C340&ssl=1",540,340,true],"covernews-medium-square":["https:\/\/i0.wp.com\/infos-droitshumains.net\/wp-content\/uploads\/2022\/12\/IMG-20221206-WA0004_1.jpg?resize=400%2C250&ssl=1",400,250,true]},"author_info":{"display_name":"Jo\u00ebl Diawa","author_link":"https:\/\/infos-droitshumains.net\/?author=2"},"category_info":"<a href=\"https:\/\/infos-droitshumains.net\/?cat=7\" rel=\"category\">Droits Humains<\/a>","tag_info":"Droits Humains","comment_count":"0","jetpack_featured_media_url":"https:\/\/i0.wp.com\/infos-droitshumains.net\/wp-content\/uploads\/2022\/12\/IMG-20221206-WA0004_1.jpg?fit=1080%2C810&ssl=1","jetpack-related-posts":[],"jetpack_sharing_enabled":true,"_links":{"self":[{"href":"https:\/\/infos-droitshumains.net\/index.php?rest_route=\/wp\/v2\/posts\/5879","targetHints":{"allow":["GET"]}}],"collection":[{"href":"https:\/\/infos-droitshumains.net\/index.php?rest_route=\/wp\/v2\/posts"}],"about":[{"href":"https:\/\/infos-droitshumains.net\/index.php?rest_route=\/wp\/v2\/types\/post"}],"author":[{"embeddable":true,"href":"https:\/\/infos-droitshumains.net\/index.php?rest_route=\/wp\/v2\/users\/2"}],"replies":[{"embeddable":true,"href":"https:\/\/infos-droitshumains.net\/index.php?rest_route=%2Fwp%2Fv2%2Fcomments&post=5879"}],"version-history":[{"count":2,"href":"https:\/\/infos-droitshumains.net\/index.php?rest_route=\/wp\/v2\/posts\/5879\/revisions"}],"predecessor-version":[{"id":5881,"href":"https:\/\/infos-droitshumains.net\/index.php?rest_route=\/wp\/v2\/posts\/5879\/revisions\/5881"}],"wp:featuredmedia":[{"embeddable":true,"href":"https:\/\/infos-droitshumains.net\/index.php?rest_route=\/wp\/v2\/media\/5882"}],"wp:attachment":[{"href":"https:\/\/infos-droitshumains.net\/index.php?rest_route=%2Fwp%2Fv2%2Fmedia&parent=5879"}],"wp:term":[{"taxonomy":"category","embeddable":true,"href":"https:\/\/infos-droitshumains.net\/index.php?rest_route=%2Fwp%2Fv2%2Fcategories&post=5879"},{"taxonomy":"post_tag","embeddable":true,"href":"https:\/\/infos-droitshumains.net\/index.php?rest_route=%2Fwp%2Fv2%2Ftags&post=5879"}],"curies":[{"name":"wp","href":"https:\/\/api.w.org\/{rel}","templated":true}]}}