{"id":5869,"date":"2022-12-05T15:35:02","date_gmt":"2022-12-05T14:35:02","guid":{"rendered":"https:\/\/infos-droitshumains.net\/?p=5869"},"modified":"2022-12-05T15:40:12","modified_gmt":"2022-12-05T14:40:12","slug":"la-rdc-sera-bientot-dotee-de-la-loi-sur-le-regime-penitentiaire-et-celle-relative-a-la-protection-et-responsabilite-du-defenseur-des-droits-de-lhomme","status":"publish","type":"post","link":"https:\/\/infos-droitshumains.net\/?p=5869","title":{"rendered":"La RDC: Bient\u00f4t, l&rsquo;Assembl\u00e9e Nationale dote le pays de la loi sur le r\u00e9gime p\u00e9nitentiaire et celle relative \u00e0 la protection et responsabilit\u00e9 du d\u00e9fenseur des Droits de l\u2019Homme"},"content":{"rendered":"\n<p><strong>R\u00e9daction :+243817406088<\/strong><\/p>\n\n\n\n<p>Les propositions de loi sur le r\u00e9gime p\u00e9nitentiaire et celle relative \u00e0 la protection et responsabilit\u00e9 du d\u00e9fenseur des droits de l\u2019homme en R\u00e9publique D\u00e9mocratique du Congo entrent dans leur avant derni\u00e8re phase au niveau de l\u2019Assembl\u00e9e Nationale avant leur adoption.<\/p>\n\n\n\n<p>Ces deux propositions de loi ont \u00e9t\u00e9 envoy\u00e9es \u00e0 la commission Droits de l\u2019Homme de l\u2019Assembl\u00e9e Nationale pour examen approfondi et \u00e9videment toilettage.<\/p>\n\n\n\n<p>Apr\u00e8s cette \u00e9tape, ces deux initiatives parlementaires seront adopt\u00e9es chacune article par article dans les jours avenirs.<\/p>\n\n\n\n<p>S\u2019agissant de la proposition de loi sur le r\u00e9gime p\u00e9nitentiaire, Ses initiateurs \u00e0 savoir les d\u00e9put\u00e9s nationaux Gary Sakata et&nbsp; Jean-Marc Lumbaku estim\u00e9 qu\u2019elle d\u00e9termine les principes fondamentaux relatifs au r\u00e9gime p\u00e9nitentiaire conform\u00e9ment \u00e0 la Constitution et aux standards r\u00e9gionaux et internationaux.<\/p>\n\n\n\n<p><em>\u00ab\u00a0Cette loi tend donc \u00e0 d\u00e9finir et \u00e0 adapter les principes fondamentaux organisant le r\u00e9gime p\u00e9nitentiaire afin de parvenir \u00e0 des conditions carc\u00e9rales mieux mat\u00e9rialis\u00e9es, plus harmonis\u00e9es et plus respectueuses des Droits de l\u2019homme\u00a0\u00bb<\/em>, ont-ils signifi\u00e9.<\/p>\n\n\n\n<p>Quant \u00e0 elle, la proposition de loi sur la protection et responsabilit\u00e9 du d\u00e9fenseur des Droits de l\u2019homme&nbsp; garantit la s\u00e9curit\u00e9 du d\u00e9fenseur de Droits de l\u2019Homme pendant l\u2019exercice de ses fonctions.<\/p>\n\n\n\n<p>AM<\/p>\n","protected":false},"excerpt":{"rendered":"<p>R\u00e9daction :+243817406088 Les propositions de loi sur le r\u00e9gime p\u00e9nitentiaire et celle relative \u00e0 la&#8230;<\/p>\n","protected":false},"author":2,"featured_media":5875,"comment_status":"open","ping_status":"open","sticky":false,"template":"","format":"standard","meta":{"_jetpack_memberships_contains_paid_content":false,"footnotes":""},"categories":[7],"tags":[],"class_list":["post-5869","post","type-post","status-publish","format-standard","has-post-thumbnail","hentry","category-droits-humains"],"yoast_head":"<!-- This site is optimized with the Yoast SEO plugin v27.5 - https:\/\/yoast.com\/product\/yoast-seo-wordpress\/ -->\n<title>La RDC: Bient\u00f4t, l&#039;Assembl\u00e9e Nationale dote le pays de la loi sur le r\u00e9gime p\u00e9nitentiaire et celle relative \u00e0 la protection et responsabilit\u00e9 du d\u00e9fenseur des Droits de l\u2019Homme - Infos Droits Humains<\/title>\n<meta name=\"robots\" content=\"index, follow, max-snippet:-1, max-image-preview:large, max-video-preview:-1\" \/>\n<link rel=\"canonical\" href=\"https:\/\/infos-droitshumains.net\/?p=5869\" \/>\n<meta property=\"og:locale\" content=\"fr_FR\" \/>\n<meta property=\"og:type\" content=\"article\" \/>\n<meta property=\"og:title\" content=\"La RDC: Bient\u00f4t, l&#039;Assembl\u00e9e Nationale dote le pays de la loi sur le r\u00e9gime p\u00e9nitentiaire et celle relative \u00e0 la protection et responsabilit\u00e9 du d\u00e9fenseur des Droits de l\u2019Homme - Infos Droits Humains\" \/>\n<meta property=\"og:description\" content=\"R\u00e9daction :+243817406088 Les propositions de loi sur le r\u00e9gime p\u00e9nitentiaire et celle relative \u00e0 la...\" \/>\n<meta property=\"og:url\" content=\"https:\/\/infos-droitshumains.net\/?p=5869\" \/>\n<meta property=\"og:site_name\" content=\"Infos Droits Humains\" \/>\n<meta property=\"article:published_time\" content=\"2022-12-05T14:35:02+00:00\" \/>\n<meta property=\"article:modified_time\" content=\"2022-12-05T14:40:12+00:00\" \/>\n<meta property=\"og:image\" content=\"https:\/\/i0.wp.com\/infos-droitshumains.net\/wp-content\/uploads\/2022\/12\/20221205_153431.jpg?fit=920%2C614&ssl=1\" \/>\n\t<meta property=\"og:image:width\" content=\"920\" \/>\n\t<meta property=\"og:image:height\" content=\"614\" \/>\n\t<meta property=\"og:image:type\" content=\"image\/jpeg\" \/>\n<meta name=\"author\" content=\"Jo\u00ebl Diawa\" \/>\n<meta name=\"twitter:card\" content=\"summary_large_image\" \/>\n<meta name=\"twitter:label1\" content=\"\u00c9crit par\" \/>\n\t<meta name=\"twitter:data1\" content=\"Jo\u00ebl Diawa\" \/>\n\t<meta name=\"twitter:label2\" content=\"Dur\u00e9e de lecture estim\u00e9e\" \/>\n\t<meta name=\"twitter:data2\" content=\"1 minute\" \/>\n<script type=\"application\/ld+json\" class=\"yoast-schema-graph\">{\"@context\":\"https:\\\/\\\/schema.org\",\"@graph\":[{\"@type\":\"Article\",\"@id\":\"https:\\\/\\\/infos-droitshumains.net\\\/?p=5869#article\",\"isPartOf\":{\"@id\":\"https:\\\/\\\/infos-droitshumains.net\\\/?p=5869\"},\"author\":{\"name\":\"Jo\u00ebl Diawa\",\"@id\":\"https:\\\/\\\/infos-droitshumains.net\\\/#\\\/schema\\\/person\\\/3dc5e921c3302172e0ed4362f96faab7\"},\"headline\":\"La RDC: Bient\u00f4t, l&rsquo;Assembl\u00e9e Nationale dote le pays de la loi sur le r\u00e9gime p\u00e9nitentiaire et celle relative \u00e0 la protection et responsabilit\u00e9 du d\u00e9fenseur des Droits de l\u2019Homme\",\"datePublished\":\"2022-12-05T14:35:02+00:00\",\"dateModified\":\"2022-12-05T14:40:12+00:00\",\"mainEntityOfPage\":{\"@id\":\"https:\\\/\\\/infos-droitshumains.net\\\/?p=5869\"},\"wordCount\":262,\"commentCount\":0,\"publisher\":{\"@id\":\"https:\\\/\\\/infos-droitshumains.net\\\/#organization\"},\"image\":{\"@id\":\"https:\\\/\\\/infos-droitshumains.net\\\/?p=5869#primaryimage\"},\"thumbnailUrl\":\"https:\\\/\\\/i0.wp.com\\\/infos-droitshumains.net\\\/wp-content\\\/uploads\\\/2022\\\/12\\\/20221205_153431.jpg?fit=920%2C614&ssl=1\",\"articleSection\":[\"Droits Humains\"],\"inLanguage\":\"fr-FR\",\"potentialAction\":[{\"@type\":\"CommentAction\",\"name\":\"Comment\",\"target\":[\"https:\\\/\\\/infos-droitshumains.net\\\/?p=5869#respond\"]}]},{\"@type\":\"WebPage\",\"@id\":\"https:\\\/\\\/infos-droitshumains.net\\\/?p=5869\",\"url\":\"https:\\\/\\\/infos-droitshumains.net\\\/?p=5869\",\"name\":\"La RDC: Bient\u00f4t, l'Assembl\u00e9e Nationale dote le pays de la loi sur le r\u00e9gime p\u00e9nitentiaire et celle relative \u00e0 la protection et responsabilit\u00e9 du d\u00e9fenseur des Droits de l\u2019Homme - Infos Droits Humains\",\"isPartOf\":{\"@id\":\"https:\\\/\\\/infos-droitshumains.net\\\/#website\"},\"primaryImageOfPage\":{\"@id\":\"https:\\\/\\\/infos-droitshumains.net\\\/?p=5869#primaryimage\"},\"image\":{\"@id\":\"https:\\\/\\\/infos-droitshumains.net\\\/?p=5869#primaryimage\"},\"thumbnailUrl\":\"https:\\\/\\\/i0.wp.com\\\/infos-droitshumains.net\\\/wp-content\\\/uploads\\\/2022\\\/12\\\/20221205_153431.jpg?fit=920%2C614&ssl=1\",\"datePublished\":\"2022-12-05T14:35:02+00:00\",\"dateModified\":\"2022-12-05T14:40:12+00:00\",\"breadcrumb\":{\"@id\":\"https:\\\/\\\/infos-droitshumains.net\\\/?p=5869#breadcrumb\"},\"inLanguage\":\"fr-FR\",\"potentialAction\":[{\"@type\":\"ReadAction\",\"target\":[\"https:\\\/\\\/infos-droitshumains.net\\\/?p=5869\"]}]},{\"@type\":\"ImageObject\",\"inLanguage\":\"fr-FR\",\"@id\":\"https:\\\/\\\/infos-droitshumains.net\\\/?p=5869#primaryimage\",\"url\":\"https:\\\/\\\/i0.wp.com\\\/infos-droitshumains.net\\\/wp-content\\\/uploads\\\/2022\\\/12\\\/20221205_153431.jpg?fit=920%2C614&ssl=1\",\"contentUrl\":\"https:\\\/\\\/i0.wp.com\\\/infos-droitshumains.net\\\/wp-content\\\/uploads\\\/2022\\\/12\\\/20221205_153431.jpg?fit=920%2C614&ssl=1\",\"width\":920,\"height\":614},{\"@type\":\"BreadcrumbList\",\"@id\":\"https:\\\/\\\/infos-droitshumains.net\\\/?p=5869#breadcrumb\",\"itemListElement\":[{\"@type\":\"ListItem\",\"position\":1,\"name\":\"Accueil\",\"item\":\"https:\\\/\\\/infos-droitshumains.net\\\/\"},{\"@type\":\"ListItem\",\"position\":2,\"name\":\"La RDC: Bient\u00f4t, l&rsquo;Assembl\u00e9e Nationale dote le pays de la loi sur le r\u00e9gime p\u00e9nitentiaire et celle relative \u00e0 la protection et responsabilit\u00e9 du d\u00e9fenseur des Droits de l\u2019Homme\"}]},{\"@type\":\"WebSite\",\"@id\":\"https:\\\/\\\/infos-droitshumains.net\\\/#website\",\"url\":\"https:\\\/\\\/infos-droitshumains.net\\\/\",\"name\":\"Infos Droits Humains\",\"description\":\"S&#039;informer est un droit\",\"publisher\":{\"@id\":\"https:\\\/\\\/infos-droitshumains.net\\\/#organization\"},\"potentialAction\":[{\"@type\":\"SearchAction\",\"target\":{\"@type\":\"EntryPoint\",\"urlTemplate\":\"https:\\\/\\\/infos-droitshumains.net\\\/?s={search_term_string}\"},\"query-input\":{\"@type\":\"PropertyValueSpecification\",\"valueRequired\":true,\"valueName\":\"search_term_string\"}}],\"inLanguage\":\"fr-FR\"},{\"@type\":\"Organization\",\"@id\":\"https:\\\/\\\/infos-droitshumains.net\\\/#organization\",\"name\":\"Infos Droits Humains\",\"url\":\"https:\\\/\\\/infos-droitshumains.net\\\/\",\"logo\":{\"@type\":\"ImageObject\",\"inLanguage\":\"fr-FR\",\"@id\":\"https:\\\/\\\/infos-droitshumains.net\\\/#\\\/schema\\\/logo\\\/image\\\/\",\"url\":\"https:\\\/\\\/i0.wp.com\\\/infos-droitshumains.net\\\/wp-content\\\/uploads\\\/2022\\\/05\\\/Logo.png?fit=333%2C129&ssl=1\",\"contentUrl\":\"https:\\\/\\\/i0.wp.com\\\/infos-droitshumains.net\\\/wp-content\\\/uploads\\\/2022\\\/05\\\/Logo.png?fit=333%2C129&ssl=1\",\"width\":333,\"height\":129,\"caption\":\"Infos Droits Humains\"},\"image\":{\"@id\":\"https:\\\/\\\/infos-droitshumains.net\\\/#\\\/schema\\\/logo\\\/image\\\/\"}},{\"@type\":\"Person\",\"@id\":\"https:\\\/\\\/infos-droitshumains.net\\\/#\\\/schema\\\/person\\\/3dc5e921c3302172e0ed4362f96faab7\",\"name\":\"Jo\u00ebl Diawa\",\"image\":{\"@type\":\"ImageObject\",\"inLanguage\":\"fr-FR\",\"@id\":\"https:\\\/\\\/secure.gravatar.com\\\/avatar\\\/729bea6ff4604c624417803c477363be8e3c7186deaa65713313f9b4b820f41c?s=96&d=mm&r=g\",\"url\":\"https:\\\/\\\/secure.gravatar.com\\\/avatar\\\/729bea6ff4604c624417803c477363be8e3c7186deaa65713313f9b4b820f41c?s=96&d=mm&r=g\",\"contentUrl\":\"https:\\\/\\\/secure.gravatar.com\\\/avatar\\\/729bea6ff4604c624417803c477363be8e3c7186deaa65713313f9b4b820f41c?s=96&d=mm&r=g\",\"caption\":\"Jo\u00ebl Diawa\"},\"sameAs\":[\"https:\\\/\\\/www.infos-droitshumains.net\"],\"url\":\"https:\\\/\\\/infos-droitshumains.net\\\/?author=2\"}]}<\/script>\n<!-- \/ Yoast SEO plugin. -->","yoast_head_json":{"title":"La RDC: Bient\u00f4t, l'Assembl\u00e9e Nationale dote le pays de la loi sur le r\u00e9gime p\u00e9nitentiaire et celle relative \u00e0 la protection et responsabilit\u00e9 du d\u00e9fenseur des Droits de l\u2019Homme - Infos Droits Humains","robots":{"index":"index","follow":"follow","max-snippet":"max-snippet:-1","max-image-preview":"max-image-preview:large","max-video-preview":"max-video-preview:-1"},"canonical":"https:\/\/infos-droitshumains.net\/?p=5869","og_locale":"fr_FR","og_type":"article","og_title":"La RDC: Bient\u00f4t, l'Assembl\u00e9e Nationale dote le pays de la loi sur le r\u00e9gime p\u00e9nitentiaire et celle relative \u00e0 la protection et responsabilit\u00e9 du d\u00e9fenseur des Droits de l\u2019Homme - Infos Droits Humains","og_description":"R\u00e9daction :+243817406088 Les propositions de loi sur le r\u00e9gime p\u00e9nitentiaire et celle relative \u00e0 la...","og_url":"https:\/\/infos-droitshumains.net\/?p=5869","og_site_name":"Infos Droits Humains","article_published_time":"2022-12-05T14:35:02+00:00","article_modified_time":"2022-12-05T14:40:12+00:00","og_image":[{"width":920,"height":614,"url":"https:\/\/i0.wp.com\/infos-droitshumains.net\/wp-content\/uploads\/2022\/12\/20221205_153431.jpg?fit=920%2C614&ssl=1","type":"image\/jpeg"}],"author":"Jo\u00ebl Diawa","twitter_card":"summary_large_image","twitter_misc":{"\u00c9crit par":"Jo\u00ebl Diawa","Dur\u00e9e de lecture estim\u00e9e":"1 minute"},"schema":{"@context":"https:\/\/schema.org","@graph":[{"@type":"Article","@id":"https:\/\/infos-droitshumains.net\/?p=5869#article","isPartOf":{"@id":"https:\/\/infos-droitshumains.net\/?p=5869"},"author":{"name":"Jo\u00ebl Diawa","@id":"https:\/\/infos-droitshumains.net\/#\/schema\/person\/3dc5e921c3302172e0ed4362f96faab7"},"headline":"La RDC: Bient\u00f4t, l&rsquo;Assembl\u00e9e Nationale dote le pays de la loi sur le r\u00e9gime p\u00e9nitentiaire et celle relative \u00e0 la protection et responsabilit\u00e9 du d\u00e9fenseur des Droits de l\u2019Homme","datePublished":"2022-12-05T14:35:02+00:00","dateModified":"2022-12-05T14:40:12+00:00","mainEntityOfPage":{"@id":"https:\/\/infos-droitshumains.net\/?p=5869"},"wordCount":262,"commentCount":0,"publisher":{"@id":"https:\/\/infos-droitshumains.net\/#organization"},"image":{"@id":"https:\/\/infos-droitshumains.net\/?p=5869#primaryimage"},"thumbnailUrl":"https:\/\/i0.wp.com\/infos-droitshumains.net\/wp-content\/uploads\/2022\/12\/20221205_153431.jpg?fit=920%2C614&ssl=1","articleSection":["Droits Humains"],"inLanguage":"fr-FR","potentialAction":[{"@type":"CommentAction","name":"Comment","target":["https:\/\/infos-droitshumains.net\/?p=5869#respond"]}]},{"@type":"WebPage","@id":"https:\/\/infos-droitshumains.net\/?p=5869","url":"https:\/\/infos-droitshumains.net\/?p=5869","name":"La RDC: Bient\u00f4t, l'Assembl\u00e9e Nationale dote le pays de la loi sur le r\u00e9gime p\u00e9nitentiaire et celle relative \u00e0 la protection et responsabilit\u00e9 du d\u00e9fenseur des Droits de l\u2019Homme - Infos Droits Humains","isPartOf":{"@id":"https:\/\/infos-droitshumains.net\/#website"},"primaryImageOfPage":{"@id":"https:\/\/infos-droitshumains.net\/?p=5869#primaryimage"},"image":{"@id":"https:\/\/infos-droitshumains.net\/?p=5869#primaryimage"},"thumbnailUrl":"https:\/\/i0.wp.com\/infos-droitshumains.net\/wp-content\/uploads\/2022\/12\/20221205_153431.jpg?fit=920%2C614&ssl=1","datePublished":"2022-12-05T14:35:02+00:00","dateModified":"2022-12-05T14:40:12+00:00","breadcrumb":{"@id":"https:\/\/infos-droitshumains.net\/?p=5869#breadcrumb"},"inLanguage":"fr-FR","potentialAction":[{"@type":"ReadAction","target":["https:\/\/infos-droitshumains.net\/?p=5869"]}]},{"@type":"ImageObject","inLanguage":"fr-FR","@id":"https:\/\/infos-droitshumains.net\/?p=5869#primaryimage","url":"https:\/\/i0.wp.com\/infos-droitshumains.net\/wp-content\/uploads\/2022\/12\/20221205_153431.jpg?fit=920%2C614&ssl=1","contentUrl":"https:\/\/i0.wp.com\/infos-droitshumains.net\/wp-content\/uploads\/2022\/12\/20221205_153431.jpg?fit=920%2C614&ssl=1","width":920,"height":614},{"@type":"BreadcrumbList","@id":"https:\/\/infos-droitshumains.net\/?p=5869#breadcrumb","itemListElement":[{"@type":"ListItem","position":1,"name":"Accueil","item":"https:\/\/infos-droitshumains.net\/"},{"@type":"ListItem","position":2,"name":"La RDC: Bient\u00f4t, l&rsquo;Assembl\u00e9e Nationale dote le pays de la loi sur le r\u00e9gime p\u00e9nitentiaire et celle relative \u00e0 la protection et responsabilit\u00e9 du d\u00e9fenseur des Droits de l\u2019Homme"}]},{"@type":"WebSite","@id":"https:\/\/infos-droitshumains.net\/#website","url":"https:\/\/infos-droitshumains.net\/","name":"Infos Droits Humains","description":"S&#039;informer est un droit","publisher":{"@id":"https:\/\/infos-droitshumains.net\/#organization"},"potentialAction":[{"@type":"SearchAction","target":{"@type":"EntryPoint","urlTemplate":"https:\/\/infos-droitshumains.net\/?s={search_term_string}"},"query-input":{"@type":"PropertyValueSpecification","valueRequired":true,"valueName":"search_term_string"}}],"inLanguage":"fr-FR"},{"@type":"Organization","@id":"https:\/\/infos-droitshumains.net\/#organization","name":"Infos Droits Humains","url":"https:\/\/infos-droitshumains.net\/","logo":{"@type":"ImageObject","inLanguage":"fr-FR","@id":"https:\/\/infos-droitshumains.net\/#\/schema\/logo\/image\/","url":"https:\/\/i0.wp.com\/infos-droitshumains.net\/wp-content\/uploads\/2022\/05\/Logo.png?fit=333%2C129&ssl=1","contentUrl":"https:\/\/i0.wp.com\/infos-droitshumains.net\/wp-content\/uploads\/2022\/05\/Logo.png?fit=333%2C129&ssl=1","width":333,"height":129,"caption":"Infos Droits Humains"},"image":{"@id":"https:\/\/infos-droitshumains.net\/#\/schema\/logo\/image\/"}},{"@type":"Person","@id":"https:\/\/infos-droitshumains.net\/#\/schema\/person\/3dc5e921c3302172e0ed4362f96faab7","name":"Jo\u00ebl Diawa","image":{"@type":"ImageObject","inLanguage":"fr-FR","@id":"https:\/\/secure.gravatar.com\/avatar\/729bea6ff4604c624417803c477363be8e3c7186deaa65713313f9b4b820f41c?s=96&d=mm&r=g","url":"https:\/\/secure.gravatar.com\/avatar\/729bea6ff4604c624417803c477363be8e3c7186deaa65713313f9b4b820f41c?s=96&d=mm&r=g","contentUrl":"https:\/\/secure.gravatar.com\/avatar\/729bea6ff4604c624417803c477363be8e3c7186deaa65713313f9b4b820f41c?s=96&d=mm&r=g","caption":"Jo\u00ebl Diawa"},"sameAs":["https:\/\/www.infos-droitshumains.net"],"url":"https:\/\/infos-droitshumains.net\/?author=2"}]}},"featured_image_urls":{"full":["https:\/\/i0.wp.com\/infos-droitshumains.net\/wp-content\/uploads\/2022\/12\/20221205_153431.jpg?fit=920%2C614&ssl=1",920,614,false],"thumbnail":["https:\/\/i0.wp.com\/infos-droitshumains.net\/wp-content\/uploads\/2022\/12\/20221205_153431.jpg?resize=150%2C150&ssl=1",150,150,true],"medium":["https:\/\/i0.wp.com\/infos-droitshumains.net\/wp-content\/uploads\/2022\/12\/20221205_153431.jpg?fit=300%2C200&ssl=1",300,200,true],"medium_large":["https:\/\/i0.wp.com\/infos-droitshumains.net\/wp-content\/uploads\/2022\/12\/20221205_153431.jpg?fit=640%2C428&ssl=1",640,428,true],"large":["https:\/\/i0.wp.com\/infos-droitshumains.net\/wp-content\/uploads\/2022\/12\/20221205_153431.jpg?fit=640%2C427&ssl=1",640,427,true],"1536x1536":["https:\/\/i0.wp.com\/infos-droitshumains.net\/wp-content\/uploads\/2022\/12\/20221205_153431.jpg?fit=920%2C614&ssl=1",920,614,true],"2048x2048":["https:\/\/i0.wp.com\/infos-droitshumains.net\/wp-content\/uploads\/2022\/12\/20221205_153431.jpg?fit=920%2C614&ssl=1",920,614,true],"covernews-slider-full":["https:\/\/i0.wp.com\/infos-droitshumains.net\/wp-content\/uploads\/2022\/12\/20221205_153431.jpg?resize=920%2C614&ssl=1",920,614,true],"covernews-slider-center":["https:\/\/i0.wp.com\/infos-droitshumains.net\/wp-content\/uploads\/2022\/12\/20221205_153431.jpg?resize=800%2C500&ssl=1",800,500,true],"covernews-featured":["https:\/\/i0.wp.com\/infos-droitshumains.net\/wp-content\/uploads\/2022\/12\/20221205_153431.jpg?fit=920%2C614&ssl=1",920,614,true],"covernews-medium":["https:\/\/i0.wp.com\/infos-droitshumains.net\/wp-content\/uploads\/2022\/12\/20221205_153431.jpg?resize=540%2C340&ssl=1",540,340,true],"covernews-medium-square":["https:\/\/i0.wp.com\/infos-droitshumains.net\/wp-content\/uploads\/2022\/12\/20221205_153431.jpg?resize=400%2C250&ssl=1",400,250,true]},"author_info":{"display_name":"Jo\u00ebl Diawa","author_link":"https:\/\/infos-droitshumains.net\/?author=2"},"category_info":"<a href=\"https:\/\/infos-droitshumains.net\/?cat=7\" rel=\"category\">Droits Humains<\/a>","tag_info":"Droits Humains","comment_count":"0","jetpack_featured_media_url":"https:\/\/i0.wp.com\/infos-droitshumains.net\/wp-content\/uploads\/2022\/12\/20221205_153431.jpg?fit=920%2C614&ssl=1","jetpack-related-posts":[],"jetpack_sharing_enabled":true,"_links":{"self":[{"href":"https:\/\/infos-droitshumains.net\/index.php?rest_route=\/wp\/v2\/posts\/5869","targetHints":{"allow":["GET"]}}],"collection":[{"href":"https:\/\/infos-droitshumains.net\/index.php?rest_route=\/wp\/v2\/posts"}],"about":[{"href":"https:\/\/infos-droitshumains.net\/index.php?rest_route=\/wp\/v2\/types\/post"}],"author":[{"embeddable":true,"href":"https:\/\/infos-droitshumains.net\/index.php?rest_route=\/wp\/v2\/users\/2"}],"replies":[{"embeddable":true,"href":"https:\/\/infos-droitshumains.net\/index.php?rest_route=%2Fwp%2Fv2%2Fcomments&post=5869"}],"version-history":[{"count":6,"href":"https:\/\/infos-droitshumains.net\/index.php?rest_route=\/wp\/v2\/posts\/5869\/revisions"}],"predecessor-version":[{"id":5878,"href":"https:\/\/infos-droitshumains.net\/index.php?rest_route=\/wp\/v2\/posts\/5869\/revisions\/5878"}],"wp:featuredmedia":[{"embeddable":true,"href":"https:\/\/infos-droitshumains.net\/index.php?rest_route=\/wp\/v2\/media\/5875"}],"wp:attachment":[{"href":"https:\/\/infos-droitshumains.net\/index.php?rest_route=%2Fwp%2Fv2%2Fmedia&parent=5869"}],"wp:term":[{"taxonomy":"category","embeddable":true,"href":"https:\/\/infos-droitshumains.net\/index.php?rest_route=%2Fwp%2Fv2%2Fcategories&post=5869"},{"taxonomy":"post_tag","embeddable":true,"href":"https:\/\/infos-droitshumains.net\/index.php?rest_route=%2Fwp%2Fv2%2Ftags&post=5869"}],"curies":[{"name":"wp","href":"https:\/\/api.w.org\/{rel}","templated":true}]}}