{"id":585,"date":"2021-06-25T16:59:09","date_gmt":"2021-06-25T14:59:09","guid":{"rendered":"https:\/\/www.infos-droitshumains.net\/?p=585"},"modified":"2023-04-06T12:11:45","modified_gmt":"2023-04-06T10:11:45","slug":"rdc-le-clc-et-le-vice-ministre-de-la-justice-a-la-quete-de-linstauration-dune-justice-equitable","status":"publish","type":"post","link":"https:\/\/infos-droitshumains.net\/?p=585","title":{"rendered":"RDC: Le CLC et le vice-ministre de la justice \u00e0 la qu\u00eate de l&rsquo;instauration d&rsquo;une justice \u00e9quitable."},"content":{"rendered":"\n<p><\/p>\n\n\n\n<p>Le vice-ministre de la Justice a re\u00e7u jeudi \u00e0 son cabinet de travail une d\u00e9l\u00e9gation du Comit\u00e9 La\u00efc de Coordination, CLC conduite Justin Okana.<\/p>\n\n\n\n<p>Les \u00e9changes entre les deux parties ont tourn\u00e9s au tour de la question concernant l&rsquo;installation d&rsquo;une justice juste et \u00e9quitable en RDC:<\/p>\n\n\n\n<p>\u00a0\u00bb <em>Nous sommes venus f\u00e9liciter Son Excellence Amato Bayubasire Mirindi \u00e0 l\u2019occasion de son \u00e9l\u00e9vation qui est un grand combattant du CLC, nous sommes venus l\u2019encourager dans cette recherche de la justice dans notre pays. Nous devons \u00e9voluer vers un Etat de droit qui est le discours officiel de la Nation. Comme nous le savons tous, la justice \u00e9l\u00e8ve une Nation. D\u2019o\u00f9 la ministre d\u2019Etat et le vice-ministre de la Justice ont un r\u00f4le important \u00e0 jouer pour faire de la Rdc un \u00c9tat de droit<\/em> \u00a0\u00bb a d\u00e9clar\u00e9 Justin Okana au sortir de ces \u00e9changes.<\/p>\n\n\n\n<p>Au sujet des r\u00e9pressions violentes des manifestations des militants de l\u2019opposition enregistr\u00e9es ce dernier temps, ce membres du CLC a d\u00e9clar\u00e9 toutes les parties au respect des lois de la r\u00e9publique, gage d&rsquo;un \u00c9tat de Droit:<\/p>\n\n\n\n<p>\u00a0\u00bb <em>Vous vous souvenez que le CLC a toujours pr\u00f4n\u00e9 la justice. Dans nos diff\u00e9rents messages, nous avons demand\u00e9 que nous puissions \u00e9voluer vers un Etat de droit. C\u2019est-\u00e0-dire que les citoyens respectent les lois de la R\u00e9publique. Cela nous permettra d\u2019\u00eatre tous au m\u00eame niveau et qu\u2019il n\u2019y est pas des gens qui soient au dessus de la loi. Dans les m\u00e9thodes du travail du CLC, il y a la sensibilisation, la formation tout en mettant un accent particulier \u00e0 la formation \u00e0 la non violence<\/em> .\u00a0\u00bb<\/p>\n\n\n\n<p>Cette question d&rsquo;une juste \u00e9quitable et surtout la probl\u00e9matique de l&rsquo;installation d&rsquo;un vrai \u00c9tat de droit en R\u00e9publique D\u00e9mocratique du Congo demeurent un talon d&rsquo;Achille du pouvoir de F\u00e9lix Tshisekedi, mais la ministre d&rsquo;\u00c9tat, ministre de la justice Rose Mutombo Kiese et son vice Amato Bayubasire Mirindi s&rsquo;y penchent depuis leur av\u00e8nement \u00e0 la t\u00eate de ce portefeuille et restent persuad\u00e9s qu&rsquo;une solution d\u00e9finitive en sera trouv\u00e9e.<\/p>\n\n\n\n<p><br> Chantal Kabasua<\/p>\n","protected":false},"excerpt":{"rendered":"<p>Le vice-ministre de la Justice a re\u00e7u jeudi \u00e0 son cabinet de travail une d\u00e9l\u00e9gation&#8230;<\/p>\n","protected":false},"author":2,"featured_media":0,"comment_status":"open","ping_status":"open","sticky":false,"template":"","format":"standard","meta":{"_jetpack_memberships_contains_paid_content":false,"footnotes":""},"categories":[1],"tags":[],"class_list":["post-585","post","type-post","status-publish","format-standard","hentry","category-non-classe"],"yoast_head":"<!-- This site is optimized with the Yoast SEO plugin v27.5 - https:\/\/yoast.com\/product\/yoast-seo-wordpress\/ -->\n<title>RDC: Le CLC et le vice-ministre de la justice \u00e0 la qu\u00eate de l&#039;instauration d&#039;une justice \u00e9quitable. - Infos Droits Humains<\/title>\n<meta name=\"robots\" content=\"index, follow, max-snippet:-1, max-image-preview:large, max-video-preview:-1\" \/>\n<link rel=\"canonical\" href=\"https:\/\/infos-droitshumains.net\/?p=585\" \/>\n<meta property=\"og:locale\" content=\"fr_FR\" \/>\n<meta property=\"og:type\" content=\"article\" \/>\n<meta property=\"og:title\" content=\"RDC: Le CLC et le vice-ministre de la justice \u00e0 la qu\u00eate de l&#039;instauration d&#039;une justice \u00e9quitable. - Infos Droits Humains\" \/>\n<meta property=\"og:description\" content=\"Le vice-ministre de la Justice a re\u00e7u jeudi \u00e0 son cabinet de travail une d\u00e9l\u00e9gation...\" \/>\n<meta property=\"og:url\" content=\"https:\/\/infos-droitshumains.net\/?p=585\" \/>\n<meta property=\"og:site_name\" content=\"Infos Droits Humains\" \/>\n<meta property=\"article:published_time\" content=\"2021-06-25T14:59:09+00:00\" \/>\n<meta property=\"article:modified_time\" content=\"2023-04-06T10:11:45+00:00\" \/>\n<meta name=\"author\" content=\"Jo\u00ebl Diawa\" \/>\n<meta name=\"twitter:card\" content=\"summary_large_image\" \/>\n<meta name=\"twitter:label1\" content=\"\u00c9crit par\" \/>\n\t<meta name=\"twitter:data1\" content=\"Jo\u00ebl Diawa\" \/>\n\t<meta name=\"twitter:label2\" content=\"Dur\u00e9e de lecture estim\u00e9e\" \/>\n\t<meta name=\"twitter:data2\" content=\"2 minutes\" \/>\n<script type=\"application\/ld+json\" class=\"yoast-schema-graph\">{\"@context\":\"https:\\\/\\\/schema.org\",\"@graph\":[{\"@type\":\"Article\",\"@id\":\"https:\\\/\\\/infos-droitshumains.net\\\/?p=585#article\",\"isPartOf\":{\"@id\":\"https:\\\/\\\/infos-droitshumains.net\\\/?p=585\"},\"author\":{\"name\":\"Jo\u00ebl Diawa\",\"@id\":\"https:\\\/\\\/infos-droitshumains.net\\\/#\\\/schema\\\/person\\\/3dc5e921c3302172e0ed4362f96faab7\"},\"headline\":\"RDC: Le CLC et le vice-ministre de la justice \u00e0 la qu\u00eate de l&rsquo;instauration d&rsquo;une justice \u00e9quitable.\",\"datePublished\":\"2021-06-25T14:59:09+00:00\",\"dateModified\":\"2023-04-06T10:11:45+00:00\",\"mainEntityOfPage\":{\"@id\":\"https:\\\/\\\/infos-droitshumains.net\\\/?p=585\"},\"wordCount\":381,\"commentCount\":0,\"publisher\":{\"@id\":\"https:\\\/\\\/infos-droitshumains.net\\\/#organization\"},\"inLanguage\":\"fr-FR\",\"potentialAction\":[{\"@type\":\"CommentAction\",\"name\":\"Comment\",\"target\":[\"https:\\\/\\\/infos-droitshumains.net\\\/?p=585#respond\"]}]},{\"@type\":\"WebPage\",\"@id\":\"https:\\\/\\\/infos-droitshumains.net\\\/?p=585\",\"url\":\"https:\\\/\\\/infos-droitshumains.net\\\/?p=585\",\"name\":\"RDC: Le CLC et le vice-ministre de la justice \u00e0 la qu\u00eate de l'instauration d'une justice \u00e9quitable. - Infos Droits Humains\",\"isPartOf\":{\"@id\":\"https:\\\/\\\/infos-droitshumains.net\\\/#website\"},\"datePublished\":\"2021-06-25T14:59:09+00:00\",\"dateModified\":\"2023-04-06T10:11:45+00:00\",\"breadcrumb\":{\"@id\":\"https:\\\/\\\/infos-droitshumains.net\\\/?p=585#breadcrumb\"},\"inLanguage\":\"fr-FR\",\"potentialAction\":[{\"@type\":\"ReadAction\",\"target\":[\"https:\\\/\\\/infos-droitshumains.net\\\/?p=585\"]}]},{\"@type\":\"BreadcrumbList\",\"@id\":\"https:\\\/\\\/infos-droitshumains.net\\\/?p=585#breadcrumb\",\"itemListElement\":[{\"@type\":\"ListItem\",\"position\":1,\"name\":\"Accueil\",\"item\":\"https:\\\/\\\/infos-droitshumains.net\\\/\"},{\"@type\":\"ListItem\",\"position\":2,\"name\":\"RDC: Le CLC et le vice-ministre de la justice \u00e0 la qu\u00eate de l&rsquo;instauration d&rsquo;une justice \u00e9quitable.\"}]},{\"@type\":\"WebSite\",\"@id\":\"https:\\\/\\\/infos-droitshumains.net\\\/#website\",\"url\":\"https:\\\/\\\/infos-droitshumains.net\\\/\",\"name\":\"Infos Droits Humains\",\"description\":\"S&#039;informer est un droit\",\"publisher\":{\"@id\":\"https:\\\/\\\/infos-droitshumains.net\\\/#organization\"},\"potentialAction\":[{\"@type\":\"SearchAction\",\"target\":{\"@type\":\"EntryPoint\",\"urlTemplate\":\"https:\\\/\\\/infos-droitshumains.net\\\/?s={search_term_string}\"},\"query-input\":{\"@type\":\"PropertyValueSpecification\",\"valueRequired\":true,\"valueName\":\"search_term_string\"}}],\"inLanguage\":\"fr-FR\"},{\"@type\":\"Organization\",\"@id\":\"https:\\\/\\\/infos-droitshumains.net\\\/#organization\",\"name\":\"Infos Droits Humains\",\"url\":\"https:\\\/\\\/infos-droitshumains.net\\\/\",\"logo\":{\"@type\":\"ImageObject\",\"inLanguage\":\"fr-FR\",\"@id\":\"https:\\\/\\\/infos-droitshumains.net\\\/#\\\/schema\\\/logo\\\/image\\\/\",\"url\":\"https:\\\/\\\/i0.wp.com\\\/infos-droitshumains.net\\\/wp-content\\\/uploads\\\/2022\\\/05\\\/Logo.png?fit=333%2C129&ssl=1\",\"contentUrl\":\"https:\\\/\\\/i0.wp.com\\\/infos-droitshumains.net\\\/wp-content\\\/uploads\\\/2022\\\/05\\\/Logo.png?fit=333%2C129&ssl=1\",\"width\":333,\"height\":129,\"caption\":\"Infos Droits Humains\"},\"image\":{\"@id\":\"https:\\\/\\\/infos-droitshumains.net\\\/#\\\/schema\\\/logo\\\/image\\\/\"}},{\"@type\":\"Person\",\"@id\":\"https:\\\/\\\/infos-droitshumains.net\\\/#\\\/schema\\\/person\\\/3dc5e921c3302172e0ed4362f96faab7\",\"name\":\"Jo\u00ebl Diawa\",\"image\":{\"@type\":\"ImageObject\",\"inLanguage\":\"fr-FR\",\"@id\":\"https:\\\/\\\/secure.gravatar.com\\\/avatar\\\/729bea6ff4604c624417803c477363be8e3c7186deaa65713313f9b4b820f41c?s=96&d=mm&r=g\",\"url\":\"https:\\\/\\\/secure.gravatar.com\\\/avatar\\\/729bea6ff4604c624417803c477363be8e3c7186deaa65713313f9b4b820f41c?s=96&d=mm&r=g\",\"contentUrl\":\"https:\\\/\\\/secure.gravatar.com\\\/avatar\\\/729bea6ff4604c624417803c477363be8e3c7186deaa65713313f9b4b820f41c?s=96&d=mm&r=g\",\"caption\":\"Jo\u00ebl Diawa\"},\"sameAs\":[\"https:\\\/\\\/www.infos-droitshumains.net\"],\"url\":\"https:\\\/\\\/infos-droitshumains.net\\\/?author=2\"}]}<\/script>\n<!-- \/ Yoast SEO plugin. -->","yoast_head_json":{"title":"RDC: Le CLC et le vice-ministre de la justice \u00e0 la qu\u00eate de l'instauration d'une justice \u00e9quitable. - Infos Droits Humains","robots":{"index":"index","follow":"follow","max-snippet":"max-snippet:-1","max-image-preview":"max-image-preview:large","max-video-preview":"max-video-preview:-1"},"canonical":"https:\/\/infos-droitshumains.net\/?p=585","og_locale":"fr_FR","og_type":"article","og_title":"RDC: Le CLC et le vice-ministre de la justice \u00e0 la qu\u00eate de l'instauration d'une justice \u00e9quitable. - Infos Droits Humains","og_description":"Le vice-ministre de la Justice a re\u00e7u jeudi \u00e0 son cabinet de travail une d\u00e9l\u00e9gation...","og_url":"https:\/\/infos-droitshumains.net\/?p=585","og_site_name":"Infos Droits Humains","article_published_time":"2021-06-25T14:59:09+00:00","article_modified_time":"2023-04-06T10:11:45+00:00","author":"Jo\u00ebl Diawa","twitter_card":"summary_large_image","twitter_misc":{"\u00c9crit par":"Jo\u00ebl Diawa","Dur\u00e9e de lecture estim\u00e9e":"2 minutes"},"schema":{"@context":"https:\/\/schema.org","@graph":[{"@type":"Article","@id":"https:\/\/infos-droitshumains.net\/?p=585#article","isPartOf":{"@id":"https:\/\/infos-droitshumains.net\/?p=585"},"author":{"name":"Jo\u00ebl Diawa","@id":"https:\/\/infos-droitshumains.net\/#\/schema\/person\/3dc5e921c3302172e0ed4362f96faab7"},"headline":"RDC: Le CLC et le vice-ministre de la justice \u00e0 la qu\u00eate de l&rsquo;instauration d&rsquo;une justice \u00e9quitable.","datePublished":"2021-06-25T14:59:09+00:00","dateModified":"2023-04-06T10:11:45+00:00","mainEntityOfPage":{"@id":"https:\/\/infos-droitshumains.net\/?p=585"},"wordCount":381,"commentCount":0,"publisher":{"@id":"https:\/\/infos-droitshumains.net\/#organization"},"inLanguage":"fr-FR","potentialAction":[{"@type":"CommentAction","name":"Comment","target":["https:\/\/infos-droitshumains.net\/?p=585#respond"]}]},{"@type":"WebPage","@id":"https:\/\/infos-droitshumains.net\/?p=585","url":"https:\/\/infos-droitshumains.net\/?p=585","name":"RDC: Le CLC et le vice-ministre de la justice \u00e0 la qu\u00eate de l'instauration d'une justice \u00e9quitable. - Infos Droits Humains","isPartOf":{"@id":"https:\/\/infos-droitshumains.net\/#website"},"datePublished":"2021-06-25T14:59:09+00:00","dateModified":"2023-04-06T10:11:45+00:00","breadcrumb":{"@id":"https:\/\/infos-droitshumains.net\/?p=585#breadcrumb"},"inLanguage":"fr-FR","potentialAction":[{"@type":"ReadAction","target":["https:\/\/infos-droitshumains.net\/?p=585"]}]},{"@type":"BreadcrumbList","@id":"https:\/\/infos-droitshumains.net\/?p=585#breadcrumb","itemListElement":[{"@type":"ListItem","position":1,"name":"Accueil","item":"https:\/\/infos-droitshumains.net\/"},{"@type":"ListItem","position":2,"name":"RDC: Le CLC et le vice-ministre de la justice \u00e0 la qu\u00eate de l&rsquo;instauration d&rsquo;une justice \u00e9quitable."}]},{"@type":"WebSite","@id":"https:\/\/infos-droitshumains.net\/#website","url":"https:\/\/infos-droitshumains.net\/","name":"Infos Droits Humains","description":"S&#039;informer est un droit","publisher":{"@id":"https:\/\/infos-droitshumains.net\/#organization"},"potentialAction":[{"@type":"SearchAction","target":{"@type":"EntryPoint","urlTemplate":"https:\/\/infos-droitshumains.net\/?s={search_term_string}"},"query-input":{"@type":"PropertyValueSpecification","valueRequired":true,"valueName":"search_term_string"}}],"inLanguage":"fr-FR"},{"@type":"Organization","@id":"https:\/\/infos-droitshumains.net\/#organization","name":"Infos Droits Humains","url":"https:\/\/infos-droitshumains.net\/","logo":{"@type":"ImageObject","inLanguage":"fr-FR","@id":"https:\/\/infos-droitshumains.net\/#\/schema\/logo\/image\/","url":"https:\/\/i0.wp.com\/infos-droitshumains.net\/wp-content\/uploads\/2022\/05\/Logo.png?fit=333%2C129&ssl=1","contentUrl":"https:\/\/i0.wp.com\/infos-droitshumains.net\/wp-content\/uploads\/2022\/05\/Logo.png?fit=333%2C129&ssl=1","width":333,"height":129,"caption":"Infos Droits Humains"},"image":{"@id":"https:\/\/infos-droitshumains.net\/#\/schema\/logo\/image\/"}},{"@type":"Person","@id":"https:\/\/infos-droitshumains.net\/#\/schema\/person\/3dc5e921c3302172e0ed4362f96faab7","name":"Jo\u00ebl Diawa","image":{"@type":"ImageObject","inLanguage":"fr-FR","@id":"https:\/\/secure.gravatar.com\/avatar\/729bea6ff4604c624417803c477363be8e3c7186deaa65713313f9b4b820f41c?s=96&d=mm&r=g","url":"https:\/\/secure.gravatar.com\/avatar\/729bea6ff4604c624417803c477363be8e3c7186deaa65713313f9b4b820f41c?s=96&d=mm&r=g","contentUrl":"https:\/\/secure.gravatar.com\/avatar\/729bea6ff4604c624417803c477363be8e3c7186deaa65713313f9b4b820f41c?s=96&d=mm&r=g","caption":"Jo\u00ebl Diawa"},"sameAs":["https:\/\/www.infos-droitshumains.net"],"url":"https:\/\/infos-droitshumains.net\/?author=2"}]}},"featured_image_urls":{"full":"","thumbnail":"","medium":"","medium_large":"","large":"","1536x1536":"","2048x2048":"","covernews-slider-full":"","covernews-slider-center":"","covernews-featured":"","covernews-medium":"","covernews-medium-square":""},"author_info":{"display_name":"Jo\u00ebl Diawa","author_link":"https:\/\/infos-droitshumains.net\/?author=2"},"category_info":"<a href=\"https:\/\/infos-droitshumains.net\/?cat=1\" rel=\"category\">Non class\u00e9<\/a>","tag_info":"Non class\u00e9","comment_count":"0","jetpack_featured_media_url":"","jetpack-related-posts":[],"jetpack_sharing_enabled":true,"_links":{"self":[{"href":"https:\/\/infos-droitshumains.net\/index.php?rest_route=\/wp\/v2\/posts\/585","targetHints":{"allow":["GET"]}}],"collection":[{"href":"https:\/\/infos-droitshumains.net\/index.php?rest_route=\/wp\/v2\/posts"}],"about":[{"href":"https:\/\/infos-droitshumains.net\/index.php?rest_route=\/wp\/v2\/types\/post"}],"author":[{"embeddable":true,"href":"https:\/\/infos-droitshumains.net\/index.php?rest_route=\/wp\/v2\/users\/2"}],"replies":[{"embeddable":true,"href":"https:\/\/infos-droitshumains.net\/index.php?rest_route=%2Fwp%2Fv2%2Fcomments&post=585"}],"version-history":[{"count":1,"href":"https:\/\/infos-droitshumains.net\/index.php?rest_route=\/wp\/v2\/posts\/585\/revisions"}],"predecessor-version":[{"id":587,"href":"https:\/\/infos-droitshumains.net\/index.php?rest_route=\/wp\/v2\/posts\/585\/revisions\/587"}],"wp:attachment":[{"href":"https:\/\/infos-droitshumains.net\/index.php?rest_route=%2Fwp%2Fv2%2Fmedia&parent=585"}],"wp:term":[{"taxonomy":"category","embeddable":true,"href":"https:\/\/infos-droitshumains.net\/index.php?rest_route=%2Fwp%2Fv2%2Fcategories&post=585"},{"taxonomy":"post_tag","embeddable":true,"href":"https:\/\/infos-droitshumains.net\/index.php?rest_route=%2Fwp%2Fv2%2Ftags&post=585"}],"curies":[{"name":"wp","href":"https:\/\/api.w.org\/{rel}","templated":true}]}}