{"id":5847,"date":"2022-12-03T08:54:42","date_gmt":"2022-12-03T07:54:42","guid":{"rendered":"https:\/\/infos-droitshumains.net\/?p=5847"},"modified":"2022-12-03T18:31:00","modified_gmt":"2022-12-03T17:31:00","slug":"journee-internationale-pour-labolition-de-lesclavage-la-nouvelle-loi-en-matiere-de-lutte-contre-la-traite-des-personnes-sera-dune-importance-extreme-pour-reprimer-toutes-les-formes","status":"publish","type":"post","link":"https:\/\/infos-droitshumains.net\/?p=5847","title":{"rendered":"Journ\u00e9e Internationale pour l&rsquo;abolition de l&rsquo;esclavage\u00a0: La nouvelle loi en mati\u00e8re de lutte contre la traite des personnes sera d\u2019une importance extr\u00eame pour r\u00e9primer toutes les formes modernes d\u2019esclavages (Eric Kuku Kiese)"},"content":{"rendered":"\n<p><strong>R\u00e9daction :+243817406088<\/strong><\/p>\n\n\n\n<p>L\u2019Humanit\u00e9 a c\u00e9l\u00e9br\u00e9 ce vendredi 2 d\u00e9cembre, la Journ\u00e9e Internationale pour l&rsquo;abolition de l&rsquo;esclavage. La c\u00e9l\u00e9bration de cette journ\u00e9e institu\u00e9e en 1949 par les Nations Unies par le vote d\u2019une convention&nbsp; pour la r\u00e9pression et l&rsquo;abolition de la traite des \u00eatres humains et pour l&rsquo;abolition de l&rsquo;exploitation de l&rsquo;acte sexuel actualise le combat permanent contre toutes les autres formes d&rsquo;esclavage moderne qui privent \u00e0 de tr\u00e8s nombreux \u00eatres humains, leurs libert\u00e9s et leurs droits les plus \u00e9l\u00e9mentaires \u00e0 la dignit\u00e9, au travail libre, \u00e0 la vie tout simplement.<\/p>\n\n\n\n<p>Le coordonnateur de l\u2019Agence pour la Pr\u00e9vention et la Lutte contre la Traite des personnes a dans un entretien accord\u00e9 \u00e0 la r\u00e9daction de infos-droitshumains.net, estim\u00e9 que l\u2019esclavage dans ses formes anciennes a \u00e9volu\u00e9.<\/p>\n\n\n\n<p><em>\u00ab&nbsp;Aujourd\u2019hui on parle de plus en plus de l\u2019esclavage moderne o\u00f9 la traite des personnes se pr\u00e9sente sous plusieurs formes plus subtiles notamment, le travail forc\u00e9 soit le travail qu&rsquo;on a accompli contre son gr\u00e9 ou sous la menace d&rsquo;une peine quelconque, nous avons le mariage forc\u00e9, nous avons la servitude pour dette&nbsp;\u00bb.<\/em><em><\/em><\/p>\n\n\n\n<p>Dans toutes ces formes de l\u2019esclavage modernes Eric Kuku Kiese Nzal\u2019 A Bar note que, <em>\u00ab&nbsp;c&rsquo;est l&rsquo;industrie du sexe&nbsp;\u00bb<\/em> qui est de plus en plus recrudescente et que ce sont plus des \u00ab&nbsp;femmes et les filles qui sont les plus utilis\u00e9es&nbsp;\u00bb.<\/p>\n\n\n\n<p>Pour lutter contre ce fl\u00e9au en R\u00e9publique D\u00e9mocratique du Congo, le Pr\u00e9sident, F\u00e9lix-Antoine Tshisekedi Tshilombo avait cr\u00e9\u00e9 en 2019, l\u2019Agence pour la Pr\u00e9vention et la Lutte contre la Traite des Personnes. Son coordonnateur rappelles diff\u00e9rentes actions men\u00e9es sur terrain pour \u00e9veiller la conscience de la population quant \u00e0 cette question.<\/p>\n\n\n\n<p><em>\u00ab&nbsp;En application de l\u2019ordonnance du pr\u00e9sident de la R\u00e9publique pour la cr\u00e9ation et le fonctionnement de l&rsquo;Agence pour la Pr\u00e9vention et la Lutte contre la Traite des Personnes, l\u2019agence qui est une institution sp\u00e9cialis\u00e9e attach\u00e9e au cabinet du Chef de l\u2019\u00c9tat a&nbsp; effectivement proc\u00e9der \u00e0 d\u2019intenses campagnes de sensibilisation&nbsp; non seulement dans la ville de Kinshasa o\u00f9 nous avons fait des campagnes de test, mais nous l&rsquo;avons \u00e9tendu dans 13 provinces afin que la notion de la traite des personnes per\u00e7ue dans toutes ses formes&nbsp;; mariage forc\u00e9 travail forc\u00e9, recrutement des enfants dans les conflits arm\u00e9s\u2026et surtout les formes les plus cruelles en mati\u00e8re d&rsquo;exploitation sexuelle, soit bien per\u00e7ue par la population avant que les victimes potentielles qui peuvent tomber dans ces diff\u00e9rentes formes de traite de personnes puissent de mani\u00e8re efficace s\u2019en pr\u00e9venir. Mais au-del\u00e0 des campagnes, pour les officiels, ceux qui sont dans la chaine p\u00e9nale tels que les magistrats, les avocats, les juges, nous avons estim\u00e9 qu\u2019il fallait renforcer leurs capacit\u00e9s cognitives en mati\u00e8re de traite des personnes. En m\u00eame temps que nous soutenons cette campagne intensive en mati\u00e8re de sensibilisation contre la traite des personnes, nous avons \u00e9galement soutenu des ateliers de formation, des matin\u00e9es<\/em> <em>d\u2019information et de formation pour que tous les acteurs qui interviennent dans la premi\u00e8re ligne, dans la chaine p\u00e9nale puissent \u00eatre impr\u00e9gn\u00e9s des notions&nbsp; de la traite des personnes, donc, r\u00e9agir d\u00e9j\u00e0 avec des lois existantes contre toutes les formes de traite des personnes&nbsp;\u00bb.<\/em><\/p>\n\n\n\n<p>Mais au-del\u00e0 de la sensibilisation, l\u2019agence a \u00e9galement \u00e9labor\u00e9 un avant-projet de loi modifiant le code p\u00e9nal congolais du 30 janvier 1940 en inscrivant les aspects de la pr\u00e9vention et de la r\u00e9pression de la traite des personnes, &nbsp;avec la collaboration du gouvernement. Cet avant-projet a \u00e9t\u00e9 endoss\u00e9 par le ministre des Droits Humains qui l\u2019a d\u00e9fendu au parlement. En attendant sa promulgation, Eric Kuku Kiese estime que cet instrument juridique, une fois promulgu\u00e9, sera d\u2019une importance extr\u00eame pour r\u00e9primer toutes les formes modernes d\u2019esclavages.<\/p>\n\n\n\n<p><em>\u00ab&nbsp;C\u2019est un projet de loi qui modifie&nbsp; essentiellement le code p\u00e9nal livre 2<sup>\u00e8me<\/sup> qui est port\u00e9 sur l\u2019article 67 et suivant. L\u2019int\u00e9r\u00eat de cette loi&nbsp; c\u2019est que \u00e7a porte insertion&nbsp; des diff\u00e9rentes formes de traite des personnes qui ne constituaient pas dans le pass\u00e9, des infractions dans le corpus juris de notre pays. Donc, la journ\u00e9e du 2 d\u00e9cembre aura un sens particulier non seulement pour l\u2019Agence pour la Pr\u00e9vention et la Lutte contre la Traite des Personnes, mais pour tout congolais et toute congolaise parce que d\u00e9sormais, dans les quelques jours qui viendront, la loi portant modification du code p\u00e9nal par insertion des infractions en mati\u00e8re de traite des personnes sera d\u2019application, donc, nous allons non seulement traquer, mais aussi, obtenir la condamnation des auteurs et bourreaux en mati\u00e8re de traite des personnes&nbsp;\u00bb<\/em>,a-t-il rassur\u00e9.<\/p>\n\n\n\n<p>Malgr\u00e9 tous les efforts&nbsp; consentis, l\u2019APLTP ne saura toute seule mettre un terme \u00e0 l\u2019esclavage moderne en RDC. C\u2019est dans ce contexte que Kuku Kiese en appelle au concours de toutes les branches qui peuvent \u00eatre utile dans ce travail.<\/p>\n\n\n\n<p><em>\u00ab&nbsp;L\u2019efficacit\u00e9 du travail de l\u2019APLTP dans le travail de l\u2019abolition de la traite des personnes est li\u00e9 \u00e0 l\u2019interconnexion de diff\u00e9rents minist\u00e8res et service sp\u00e9cial qui travaille avec l\u2019APLTP. Cette derni\u00e8re est une institution pilote qui intervient en mati\u00e8re de traite des personnes mais qui incite des structures appropri\u00e9es \u00e0 intervenir de mani\u00e8re directe. Nous comptons \u00e0 travers nos actions, rehausser la cotation de la RDC au niveau international parce que nous sommes \u00e0 la cotation au niveau 2 avec observation, et nous tenons absolument avec tous les efforts qui sont consentis et bien per\u00e7us par nos partenaires essentiellement, l\u2019USAID et l\u2019OIM, que la R\u00e9publique D\u00e9mocratique du Congo soit inscrit parmi les Etats ou la traite des personnes est s\u00e9rieusement combattu&nbsp;\u00bb.<\/em><\/p>\n\n\n\n<p>Signalons que l\u2019APLTP a disponibilis\u00e9 le 129 comme son num\u00e9ro de call center afin de permettre \u00e0 la population et \u00e0 ceux qui se sentent victimes&nbsp; de forme d\u2019esclavage \u00e0 d\u00e9noncer ces pratiques.<\/p>\n\n\n\n<p>Merlin Kamalandua<\/p>\n","protected":false},"excerpt":{"rendered":"<p>R\u00e9daction :+243817406088 L\u2019Humanit\u00e9 a c\u00e9l\u00e9br\u00e9 ce vendredi 2 d\u00e9cembre, la Journ\u00e9e Internationale pour l&rsquo;abolition de&#8230;<\/p>\n","protected":false},"author":2,"featured_media":5853,"comment_status":"open","ping_status":"open","sticky":false,"template":"","format":"standard","meta":{"_jetpack_memberships_contains_paid_content":false,"footnotes":""},"categories":[7],"tags":[],"class_list":["post-5847","post","type-post","status-publish","format-standard","has-post-thumbnail","hentry","category-droits-humains"],"yoast_head":"<!-- This site is optimized with the Yoast SEO plugin v27.5 - https:\/\/yoast.com\/product\/yoast-seo-wordpress\/ -->\n<title>Journ\u00e9e Internationale pour l&#039;abolition de l&#039;esclavage\u00a0: La nouvelle loi en mati\u00e8re de lutte contre la traite des personnes sera d\u2019une importance extr\u00eame pour r\u00e9primer toutes les formes modernes d\u2019esclavages (Eric Kuku Kiese) - Infos Droits Humains<\/title>\n<meta name=\"robots\" content=\"index, follow, max-snippet:-1, max-image-preview:large, max-video-preview:-1\" \/>\n<link rel=\"canonical\" href=\"https:\/\/infos-droitshumains.net\/?p=5847\" \/>\n<meta property=\"og:locale\" content=\"fr_FR\" \/>\n<meta property=\"og:type\" content=\"article\" \/>\n<meta property=\"og:title\" content=\"Journ\u00e9e Internationale pour l&#039;abolition de l&#039;esclavage\u00a0: La nouvelle loi en mati\u00e8re de lutte contre la traite des personnes sera d\u2019une importance extr\u00eame pour r\u00e9primer toutes les formes modernes d\u2019esclavages (Eric Kuku Kiese) - Infos Droits Humains\" \/>\n<meta property=\"og:description\" content=\"R\u00e9daction :+243817406088 L\u2019Humanit\u00e9 a c\u00e9l\u00e9br\u00e9 ce vendredi 2 d\u00e9cembre, la Journ\u00e9e Internationale pour l&rsquo;abolition de...\" \/>\n<meta property=\"og:url\" content=\"https:\/\/infos-droitshumains.net\/?p=5847\" \/>\n<meta property=\"og:site_name\" content=\"Infos Droits Humains\" \/>\n<meta property=\"article:published_time\" content=\"2022-12-03T07:54:42+00:00\" \/>\n<meta property=\"article:modified_time\" content=\"2022-12-03T17:31:00+00:00\" \/>\n<meta property=\"og:image\" content=\"https:\/\/i0.wp.com\/infos-droitshumains.net\/wp-content\/uploads\/2022\/12\/IMG-20221203-WA0000_1.jpg?fit=1000%2C561&ssl=1\" \/>\n\t<meta property=\"og:image:width\" content=\"1000\" \/>\n\t<meta property=\"og:image:height\" content=\"561\" \/>\n\t<meta property=\"og:image:type\" content=\"image\/jpeg\" \/>\n<meta name=\"author\" content=\"Jo\u00ebl Diawa\" \/>\n<meta name=\"twitter:card\" content=\"summary_large_image\" \/>\n<meta name=\"twitter:label1\" content=\"\u00c9crit par\" \/>\n\t<meta name=\"twitter:data1\" content=\"Jo\u00ebl Diawa\" \/>\n\t<meta name=\"twitter:label2\" content=\"Dur\u00e9e de lecture estim\u00e9e\" \/>\n\t<meta name=\"twitter:data2\" content=\"5 minutes\" \/>\n<script type=\"application\/ld+json\" class=\"yoast-schema-graph\">{\"@context\":\"https:\\\/\\\/schema.org\",\"@graph\":[{\"@type\":\"Article\",\"@id\":\"https:\\\/\\\/infos-droitshumains.net\\\/?p=5847#article\",\"isPartOf\":{\"@id\":\"https:\\\/\\\/infos-droitshumains.net\\\/?p=5847\"},\"author\":{\"name\":\"Jo\u00ebl Diawa\",\"@id\":\"https:\\\/\\\/infos-droitshumains.net\\\/#\\\/schema\\\/person\\\/3dc5e921c3302172e0ed4362f96faab7\"},\"headline\":\"Journ\u00e9e Internationale pour l&rsquo;abolition de l&rsquo;esclavage\u00a0: La nouvelle loi en mati\u00e8re de lutte contre la traite des personnes sera d\u2019une importance extr\u00eame pour r\u00e9primer toutes les formes modernes d\u2019esclavages (Eric Kuku Kiese)\",\"datePublished\":\"2022-12-03T07:54:42+00:00\",\"dateModified\":\"2022-12-03T17:31:00+00:00\",\"mainEntityOfPage\":{\"@id\":\"https:\\\/\\\/infos-droitshumains.net\\\/?p=5847\"},\"wordCount\":1085,\"commentCount\":0,\"publisher\":{\"@id\":\"https:\\\/\\\/infos-droitshumains.net\\\/#organization\"},\"image\":{\"@id\":\"https:\\\/\\\/infos-droitshumains.net\\\/?p=5847#primaryimage\"},\"thumbnailUrl\":\"https:\\\/\\\/i0.wp.com\\\/infos-droitshumains.net\\\/wp-content\\\/uploads\\\/2022\\\/12\\\/IMG-20221203-WA0000_1.jpg?fit=1000%2C561&ssl=1\",\"articleSection\":[\"Droits Humains\"],\"inLanguage\":\"fr-FR\",\"potentialAction\":[{\"@type\":\"CommentAction\",\"name\":\"Comment\",\"target\":[\"https:\\\/\\\/infos-droitshumains.net\\\/?p=5847#respond\"]}]},{\"@type\":\"WebPage\",\"@id\":\"https:\\\/\\\/infos-droitshumains.net\\\/?p=5847\",\"url\":\"https:\\\/\\\/infos-droitshumains.net\\\/?p=5847\",\"name\":\"Journ\u00e9e Internationale pour l'abolition de l'esclavage\u00a0: La nouvelle loi en mati\u00e8re de lutte contre la traite des personnes sera d\u2019une importance extr\u00eame pour r\u00e9primer toutes les formes modernes d\u2019esclavages (Eric Kuku Kiese) - Infos Droits Humains\",\"isPartOf\":{\"@id\":\"https:\\\/\\\/infos-droitshumains.net\\\/#website\"},\"primaryImageOfPage\":{\"@id\":\"https:\\\/\\\/infos-droitshumains.net\\\/?p=5847#primaryimage\"},\"image\":{\"@id\":\"https:\\\/\\\/infos-droitshumains.net\\\/?p=5847#primaryimage\"},\"thumbnailUrl\":\"https:\\\/\\\/i0.wp.com\\\/infos-droitshumains.net\\\/wp-content\\\/uploads\\\/2022\\\/12\\\/IMG-20221203-WA0000_1.jpg?fit=1000%2C561&ssl=1\",\"datePublished\":\"2022-12-03T07:54:42+00:00\",\"dateModified\":\"2022-12-03T17:31:00+00:00\",\"breadcrumb\":{\"@id\":\"https:\\\/\\\/infos-droitshumains.net\\\/?p=5847#breadcrumb\"},\"inLanguage\":\"fr-FR\",\"potentialAction\":[{\"@type\":\"ReadAction\",\"target\":[\"https:\\\/\\\/infos-droitshumains.net\\\/?p=5847\"]}]},{\"@type\":\"ImageObject\",\"inLanguage\":\"fr-FR\",\"@id\":\"https:\\\/\\\/infos-droitshumains.net\\\/?p=5847#primaryimage\",\"url\":\"https:\\\/\\\/i0.wp.com\\\/infos-droitshumains.net\\\/wp-content\\\/uploads\\\/2022\\\/12\\\/IMG-20221203-WA0000_1.jpg?fit=1000%2C561&ssl=1\",\"contentUrl\":\"https:\\\/\\\/i0.wp.com\\\/infos-droitshumains.net\\\/wp-content\\\/uploads\\\/2022\\\/12\\\/IMG-20221203-WA0000_1.jpg?fit=1000%2C561&ssl=1\",\"width\":1000,\"height\":561},{\"@type\":\"BreadcrumbList\",\"@id\":\"https:\\\/\\\/infos-droitshumains.net\\\/?p=5847#breadcrumb\",\"itemListElement\":[{\"@type\":\"ListItem\",\"position\":1,\"name\":\"Accueil\",\"item\":\"https:\\\/\\\/infos-droitshumains.net\\\/\"},{\"@type\":\"ListItem\",\"position\":2,\"name\":\"Journ\u00e9e Internationale pour l&rsquo;abolition de l&rsquo;esclavage\u00a0: La nouvelle loi en mati\u00e8re de lutte contre la traite des personnes sera d\u2019une importance extr\u00eame pour r\u00e9primer toutes les formes modernes d\u2019esclavages (Eric Kuku Kiese)\"}]},{\"@type\":\"WebSite\",\"@id\":\"https:\\\/\\\/infos-droitshumains.net\\\/#website\",\"url\":\"https:\\\/\\\/infos-droitshumains.net\\\/\",\"name\":\"Infos Droits Humains\",\"description\":\"S&#039;informer est un droit\",\"publisher\":{\"@id\":\"https:\\\/\\\/infos-droitshumains.net\\\/#organization\"},\"potentialAction\":[{\"@type\":\"SearchAction\",\"target\":{\"@type\":\"EntryPoint\",\"urlTemplate\":\"https:\\\/\\\/infos-droitshumains.net\\\/?s={search_term_string}\"},\"query-input\":{\"@type\":\"PropertyValueSpecification\",\"valueRequired\":true,\"valueName\":\"search_term_string\"}}],\"inLanguage\":\"fr-FR\"},{\"@type\":\"Organization\",\"@id\":\"https:\\\/\\\/infos-droitshumains.net\\\/#organization\",\"name\":\"Infos Droits Humains\",\"url\":\"https:\\\/\\\/infos-droitshumains.net\\\/\",\"logo\":{\"@type\":\"ImageObject\",\"inLanguage\":\"fr-FR\",\"@id\":\"https:\\\/\\\/infos-droitshumains.net\\\/#\\\/schema\\\/logo\\\/image\\\/\",\"url\":\"https:\\\/\\\/i0.wp.com\\\/infos-droitshumains.net\\\/wp-content\\\/uploads\\\/2022\\\/05\\\/Logo.png?fit=333%2C129&ssl=1\",\"contentUrl\":\"https:\\\/\\\/i0.wp.com\\\/infos-droitshumains.net\\\/wp-content\\\/uploads\\\/2022\\\/05\\\/Logo.png?fit=333%2C129&ssl=1\",\"width\":333,\"height\":129,\"caption\":\"Infos Droits Humains\"},\"image\":{\"@id\":\"https:\\\/\\\/infos-droitshumains.net\\\/#\\\/schema\\\/logo\\\/image\\\/\"}},{\"@type\":\"Person\",\"@id\":\"https:\\\/\\\/infos-droitshumains.net\\\/#\\\/schema\\\/person\\\/3dc5e921c3302172e0ed4362f96faab7\",\"name\":\"Jo\u00ebl Diawa\",\"image\":{\"@type\":\"ImageObject\",\"inLanguage\":\"fr-FR\",\"@id\":\"https:\\\/\\\/secure.gravatar.com\\\/avatar\\\/729bea6ff4604c624417803c477363be8e3c7186deaa65713313f9b4b820f41c?s=96&d=mm&r=g\",\"url\":\"https:\\\/\\\/secure.gravatar.com\\\/avatar\\\/729bea6ff4604c624417803c477363be8e3c7186deaa65713313f9b4b820f41c?s=96&d=mm&r=g\",\"contentUrl\":\"https:\\\/\\\/secure.gravatar.com\\\/avatar\\\/729bea6ff4604c624417803c477363be8e3c7186deaa65713313f9b4b820f41c?s=96&d=mm&r=g\",\"caption\":\"Jo\u00ebl Diawa\"},\"sameAs\":[\"https:\\\/\\\/www.infos-droitshumains.net\"],\"url\":\"https:\\\/\\\/infos-droitshumains.net\\\/?author=2\"}]}<\/script>\n<!-- \/ Yoast SEO plugin. -->","yoast_head_json":{"title":"Journ\u00e9e Internationale pour l'abolition de l'esclavage\u00a0: La nouvelle loi en mati\u00e8re de lutte contre la traite des personnes sera d\u2019une importance extr\u00eame pour r\u00e9primer toutes les formes modernes d\u2019esclavages (Eric Kuku Kiese) - Infos Droits Humains","robots":{"index":"index","follow":"follow","max-snippet":"max-snippet:-1","max-image-preview":"max-image-preview:large","max-video-preview":"max-video-preview:-1"},"canonical":"https:\/\/infos-droitshumains.net\/?p=5847","og_locale":"fr_FR","og_type":"article","og_title":"Journ\u00e9e Internationale pour l'abolition de l'esclavage\u00a0: La nouvelle loi en mati\u00e8re de lutte contre la traite des personnes sera d\u2019une importance extr\u00eame pour r\u00e9primer toutes les formes modernes d\u2019esclavages (Eric Kuku Kiese) - Infos Droits Humains","og_description":"R\u00e9daction :+243817406088 L\u2019Humanit\u00e9 a c\u00e9l\u00e9br\u00e9 ce vendredi 2 d\u00e9cembre, la Journ\u00e9e Internationale pour l&rsquo;abolition de...","og_url":"https:\/\/infos-droitshumains.net\/?p=5847","og_site_name":"Infos Droits Humains","article_published_time":"2022-12-03T07:54:42+00:00","article_modified_time":"2022-12-03T17:31:00+00:00","og_image":[{"width":1000,"height":561,"url":"https:\/\/i0.wp.com\/infos-droitshumains.net\/wp-content\/uploads\/2022\/12\/IMG-20221203-WA0000_1.jpg?fit=1000%2C561&ssl=1","type":"image\/jpeg"}],"author":"Jo\u00ebl Diawa","twitter_card":"summary_large_image","twitter_misc":{"\u00c9crit par":"Jo\u00ebl Diawa","Dur\u00e9e de lecture estim\u00e9e":"5 minutes"},"schema":{"@context":"https:\/\/schema.org","@graph":[{"@type":"Article","@id":"https:\/\/infos-droitshumains.net\/?p=5847#article","isPartOf":{"@id":"https:\/\/infos-droitshumains.net\/?p=5847"},"author":{"name":"Jo\u00ebl Diawa","@id":"https:\/\/infos-droitshumains.net\/#\/schema\/person\/3dc5e921c3302172e0ed4362f96faab7"},"headline":"Journ\u00e9e Internationale pour l&rsquo;abolition de l&rsquo;esclavage\u00a0: La nouvelle loi en mati\u00e8re de lutte contre la traite des personnes sera d\u2019une importance extr\u00eame pour r\u00e9primer toutes les formes modernes d\u2019esclavages (Eric Kuku Kiese)","datePublished":"2022-12-03T07:54:42+00:00","dateModified":"2022-12-03T17:31:00+00:00","mainEntityOfPage":{"@id":"https:\/\/infos-droitshumains.net\/?p=5847"},"wordCount":1085,"commentCount":0,"publisher":{"@id":"https:\/\/infos-droitshumains.net\/#organization"},"image":{"@id":"https:\/\/infos-droitshumains.net\/?p=5847#primaryimage"},"thumbnailUrl":"https:\/\/i0.wp.com\/infos-droitshumains.net\/wp-content\/uploads\/2022\/12\/IMG-20221203-WA0000_1.jpg?fit=1000%2C561&ssl=1","articleSection":["Droits Humains"],"inLanguage":"fr-FR","potentialAction":[{"@type":"CommentAction","name":"Comment","target":["https:\/\/infos-droitshumains.net\/?p=5847#respond"]}]},{"@type":"WebPage","@id":"https:\/\/infos-droitshumains.net\/?p=5847","url":"https:\/\/infos-droitshumains.net\/?p=5847","name":"Journ\u00e9e Internationale pour l'abolition de l'esclavage\u00a0: La nouvelle loi en mati\u00e8re de lutte contre la traite des personnes sera d\u2019une importance extr\u00eame pour r\u00e9primer toutes les formes modernes d\u2019esclavages (Eric Kuku Kiese) - Infos Droits Humains","isPartOf":{"@id":"https:\/\/infos-droitshumains.net\/#website"},"primaryImageOfPage":{"@id":"https:\/\/infos-droitshumains.net\/?p=5847#primaryimage"},"image":{"@id":"https:\/\/infos-droitshumains.net\/?p=5847#primaryimage"},"thumbnailUrl":"https:\/\/i0.wp.com\/infos-droitshumains.net\/wp-content\/uploads\/2022\/12\/IMG-20221203-WA0000_1.jpg?fit=1000%2C561&ssl=1","datePublished":"2022-12-03T07:54:42+00:00","dateModified":"2022-12-03T17:31:00+00:00","breadcrumb":{"@id":"https:\/\/infos-droitshumains.net\/?p=5847#breadcrumb"},"inLanguage":"fr-FR","potentialAction":[{"@type":"ReadAction","target":["https:\/\/infos-droitshumains.net\/?p=5847"]}]},{"@type":"ImageObject","inLanguage":"fr-FR","@id":"https:\/\/infos-droitshumains.net\/?p=5847#primaryimage","url":"https:\/\/i0.wp.com\/infos-droitshumains.net\/wp-content\/uploads\/2022\/12\/IMG-20221203-WA0000_1.jpg?fit=1000%2C561&ssl=1","contentUrl":"https:\/\/i0.wp.com\/infos-droitshumains.net\/wp-content\/uploads\/2022\/12\/IMG-20221203-WA0000_1.jpg?fit=1000%2C561&ssl=1","width":1000,"height":561},{"@type":"BreadcrumbList","@id":"https:\/\/infos-droitshumains.net\/?p=5847#breadcrumb","itemListElement":[{"@type":"ListItem","position":1,"name":"Accueil","item":"https:\/\/infos-droitshumains.net\/"},{"@type":"ListItem","position":2,"name":"Journ\u00e9e Internationale pour l&rsquo;abolition de l&rsquo;esclavage\u00a0: La nouvelle loi en mati\u00e8re de lutte contre la traite des personnes sera d\u2019une importance extr\u00eame pour r\u00e9primer toutes les formes modernes d\u2019esclavages (Eric Kuku Kiese)"}]},{"@type":"WebSite","@id":"https:\/\/infos-droitshumains.net\/#website","url":"https:\/\/infos-droitshumains.net\/","name":"Infos Droits Humains","description":"S&#039;informer est un droit","publisher":{"@id":"https:\/\/infos-droitshumains.net\/#organization"},"potentialAction":[{"@type":"SearchAction","target":{"@type":"EntryPoint","urlTemplate":"https:\/\/infos-droitshumains.net\/?s={search_term_string}"},"query-input":{"@type":"PropertyValueSpecification","valueRequired":true,"valueName":"search_term_string"}}],"inLanguage":"fr-FR"},{"@type":"Organization","@id":"https:\/\/infos-droitshumains.net\/#organization","name":"Infos Droits Humains","url":"https:\/\/infos-droitshumains.net\/","logo":{"@type":"ImageObject","inLanguage":"fr-FR","@id":"https:\/\/infos-droitshumains.net\/#\/schema\/logo\/image\/","url":"https:\/\/i0.wp.com\/infos-droitshumains.net\/wp-content\/uploads\/2022\/05\/Logo.png?fit=333%2C129&ssl=1","contentUrl":"https:\/\/i0.wp.com\/infos-droitshumains.net\/wp-content\/uploads\/2022\/05\/Logo.png?fit=333%2C129&ssl=1","width":333,"height":129,"caption":"Infos Droits Humains"},"image":{"@id":"https:\/\/infos-droitshumains.net\/#\/schema\/logo\/image\/"}},{"@type":"Person","@id":"https:\/\/infos-droitshumains.net\/#\/schema\/person\/3dc5e921c3302172e0ed4362f96faab7","name":"Jo\u00ebl Diawa","image":{"@type":"ImageObject","inLanguage":"fr-FR","@id":"https:\/\/secure.gravatar.com\/avatar\/729bea6ff4604c624417803c477363be8e3c7186deaa65713313f9b4b820f41c?s=96&d=mm&r=g","url":"https:\/\/secure.gravatar.com\/avatar\/729bea6ff4604c624417803c477363be8e3c7186deaa65713313f9b4b820f41c?s=96&d=mm&r=g","contentUrl":"https:\/\/secure.gravatar.com\/avatar\/729bea6ff4604c624417803c477363be8e3c7186deaa65713313f9b4b820f41c?s=96&d=mm&r=g","caption":"Jo\u00ebl Diawa"},"sameAs":["https:\/\/www.infos-droitshumains.net"],"url":"https:\/\/infos-droitshumains.net\/?author=2"}]}},"featured_image_urls":{"full":["https:\/\/i0.wp.com\/infos-droitshumains.net\/wp-content\/uploads\/2022\/12\/IMG-20221203-WA0000_1.jpg?fit=1000%2C561&ssl=1",1000,561,false],"thumbnail":["https:\/\/i0.wp.com\/infos-droitshumains.net\/wp-content\/uploads\/2022\/12\/IMG-20221203-WA0000_1.jpg?resize=150%2C150&ssl=1",150,150,true],"medium":["https:\/\/i0.wp.com\/infos-droitshumains.net\/wp-content\/uploads\/2022\/12\/IMG-20221203-WA0000_1.jpg?fit=300%2C168&ssl=1",300,168,true],"medium_large":["https:\/\/i0.wp.com\/infos-droitshumains.net\/wp-content\/uploads\/2022\/12\/IMG-20221203-WA0000_1.jpg?fit=640%2C359&ssl=1",640,359,true],"large":["https:\/\/i0.wp.com\/infos-droitshumains.net\/wp-content\/uploads\/2022\/12\/IMG-20221203-WA0000_1.jpg?fit=640%2C359&ssl=1",640,359,true],"1536x1536":["https:\/\/i0.wp.com\/infos-droitshumains.net\/wp-content\/uploads\/2022\/12\/IMG-20221203-WA0000_1.jpg?fit=1000%2C561&ssl=1",1000,561,true],"2048x2048":["https:\/\/i0.wp.com\/infos-droitshumains.net\/wp-content\/uploads\/2022\/12\/IMG-20221203-WA0000_1.jpg?fit=1000%2C561&ssl=1",1000,561,true],"covernews-slider-full":["https:\/\/i0.wp.com\/infos-droitshumains.net\/wp-content\/uploads\/2022\/12\/IMG-20221203-WA0000_1.jpg?resize=1000%2C561&ssl=1",1000,561,true],"covernews-slider-center":["https:\/\/i0.wp.com\/infos-droitshumains.net\/wp-content\/uploads\/2022\/12\/IMG-20221203-WA0000_1.jpg?resize=800%2C500&ssl=1",800,500,true],"covernews-featured":["https:\/\/i0.wp.com\/infos-droitshumains.net\/wp-content\/uploads\/2022\/12\/IMG-20221203-WA0000_1.jpg?fit=1000%2C561&ssl=1",1000,561,true],"covernews-medium":["https:\/\/i0.wp.com\/infos-droitshumains.net\/wp-content\/uploads\/2022\/12\/IMG-20221203-WA0000_1.jpg?resize=540%2C340&ssl=1",540,340,true],"covernews-medium-square":["https:\/\/i0.wp.com\/infos-droitshumains.net\/wp-content\/uploads\/2022\/12\/IMG-20221203-WA0000_1.jpg?resize=400%2C250&ssl=1",400,250,true]},"author_info":{"display_name":"Jo\u00ebl Diawa","author_link":"https:\/\/infos-droitshumains.net\/?author=2"},"category_info":"<a href=\"https:\/\/infos-droitshumains.net\/?cat=7\" rel=\"category\">Droits Humains<\/a>","tag_info":"Droits Humains","comment_count":"0","jetpack_featured_media_url":"https:\/\/i0.wp.com\/infos-droitshumains.net\/wp-content\/uploads\/2022\/12\/IMG-20221203-WA0000_1.jpg?fit=1000%2C561&ssl=1","jetpack-related-posts":[],"jetpack_sharing_enabled":true,"_links":{"self":[{"href":"https:\/\/infos-droitshumains.net\/index.php?rest_route=\/wp\/v2\/posts\/5847","targetHints":{"allow":["GET"]}}],"collection":[{"href":"https:\/\/infos-droitshumains.net\/index.php?rest_route=\/wp\/v2\/posts"}],"about":[{"href":"https:\/\/infos-droitshumains.net\/index.php?rest_route=\/wp\/v2\/types\/post"}],"author":[{"embeddable":true,"href":"https:\/\/infos-droitshumains.net\/index.php?rest_route=\/wp\/v2\/users\/2"}],"replies":[{"embeddable":true,"href":"https:\/\/infos-droitshumains.net\/index.php?rest_route=%2Fwp%2Fv2%2Fcomments&post=5847"}],"version-history":[{"count":3,"href":"https:\/\/infos-droitshumains.net\/index.php?rest_route=\/wp\/v2\/posts\/5847\/revisions"}],"predecessor-version":[{"id":5868,"href":"https:\/\/infos-droitshumains.net\/index.php?rest_route=\/wp\/v2\/posts\/5847\/revisions\/5868"}],"wp:featuredmedia":[{"embeddable":true,"href":"https:\/\/infos-droitshumains.net\/index.php?rest_route=\/wp\/v2\/media\/5853"}],"wp:attachment":[{"href":"https:\/\/infos-droitshumains.net\/index.php?rest_route=%2Fwp%2Fv2%2Fmedia&parent=5847"}],"wp:term":[{"taxonomy":"category","embeddable":true,"href":"https:\/\/infos-droitshumains.net\/index.php?rest_route=%2Fwp%2Fv2%2Fcategories&post=5847"},{"taxonomy":"post_tag","embeddable":true,"href":"https:\/\/infos-droitshumains.net\/index.php?rest_route=%2Fwp%2Fv2%2Ftags&post=5847"}],"curies":[{"name":"wp","href":"https:\/\/api.w.org\/{rel}","templated":true}]}}