{"id":5809,"date":"2022-11-30T13:29:01","date_gmt":"2022-11-30T12:29:01","guid":{"rendered":"https:\/\/infos-droitshumains.net\/?p=5809"},"modified":"2022-11-30T13:48:30","modified_gmt":"2022-11-30T12:48:30","slug":"le-rwanda-un-pays-extremement-fragile-qui-nexisterait-pas-si-la-rdc-le-voulait","status":"publish","type":"post","link":"https:\/\/infos-droitshumains.net\/?p=5809","title":{"rendered":"Le Rwanda\u00a0: Ce petit pays extr\u00eamement fragile n\u2019existerait pas si la RDC le voudrait"},"content":{"rendered":"\n<p><strong>R\u00e9daction:+243817406088<\/strong><\/p>\n\n\n\n<p>C\u2019est depuis quelques ann\u00e9es que l\u2019on parle du Rwanda comme un pays \u00e9mergent, \u00e9conomiquement stable avec des infrastructures imposantes, mais aussi avec un climat des affaires totalement assaini.<\/p>\n\n\n\n<p>Le pays est par exemple premier producteur du cobalt alors que son sous-sol ne regorge pas cette ressource naturelle.<\/p>\n\n\n\n<p>Cette apparence n\u2019est que la face visible du pays des mille collines pr\u00e9sent\u00e9e par le pouvoir dictatorial de Kigali. Mais en r\u00e9alit\u00e9, le Rwanda ressemble infirme qui marche gr\u00e2ce \u00e0 ses deux b\u00e9quilles.<\/p>\n\n\n\n<p>Cette face cach\u00e9e a \u00e9t\u00e9 d\u00e9voil\u00e9 par Bernard Lugan. Pour l\u2019historien fran\u00e7ais qui peint le Rwanda comme le nouveau Singapour de l\u2019Afrique, la premi\u00e8re b\u00e9quille est la rente g\u00e9nocidaire que re\u00e7oit Kigali.<\/p>\n\n\n\n<p><em>\u00ab\u00a0Le Rwanda est pr\u00e9sent\u00e9 comme un pays qui est en train de faire exploser des statistiques. C\u2019est vrai, c\u2019est un pays en pleine mutation et qui connait un boom \u00e9conomique extraordinaire\u00a0; mais c\u2019est un pays d\u2019une fragilit\u00e9 extr\u00eame. 50%\u00a0 de son budget provient de l\u2019aide internationale. Une aide internationale qui est essentiellement d\u00e9vers\u00e9e parce que le r\u00e9gime arrive \u00e0 culpabiliser l\u2019opinion mondial \u00e0 propos du g\u00e9nocide. Une sorte de rente g\u00e9nocidaire que re\u00e7oit le r\u00e9gime de Kigali\u00a0\u00bb.<\/em><\/p>\n\n\n\n<p>Et les 50% autres qui constituent la deuxi\u00e8me b\u00e9quille, <em>\u00ab\u00a0proviennent du pillage des ressources de la RDC au Kivu et dans toutes les r\u00e9gions p\u00e9riph\u00e9riques\u00a0\u00bb<\/em>, \u00e0 l\u2019en croire.<\/p>\n\n\n\n<p>Cet africaniste \u00e9met deux hypoth\u00e8ses qui peuvent compl\u00e8tement faire disparaitre ce petit pays \u00e0 l\u2019Est de la&nbsp; RDC.<\/p>\n\n\n\n<p><em>\u00ab\u00a0Imaginons deux choses\u00a0: qu\u2019il ait le retour d\u2019un pouvoir relativement fort en R\u00e9publique D\u00e9mocratique du Congo, et que Kinshasa r\u00e9ussisse \u00e0 reprendre le contr\u00f4le du Kivu et de ses provinces orientales, le Rwanda perdrait du jour au lendemain, 50% de ses revenus\u00a0; imaginons qu\u2019il ait une r\u00e9volution au Rwanda, et que l\u2019histoire officielle du g\u00e9nocide soit r\u00e9\u00e9crite d\u2019une mani\u00e8re ou d\u2019une autre et qu\u2019elle ne soit pas forcement favorable au sens de l\u2019histoire officielle telle qu\u2019elle est \u00e9crite et avanc\u00e9e par le r\u00e9gime de Kigali, le Rwanda n\u2019existerait plus\u00a0\u00bb.<\/em><\/p>\n\n\n\n<p>Partant de cette analyse de Bernard Lugan, Eve Bazaiba n\u2019exclue pas un tel sc\u00e9nario. La Vice-Premi\u00e8re Ministre congolais en charge de l\u2019environnement a \u00e9crit sur son compte tweeter\u00a0: <em>\u00ab\u00a0Qui peut nous dire le contraire\u00a0! Si non, que chacun et chacune se pr\u00e9pare en cons\u00e9quence\u00a0!\u00a0\u00bb.<\/em> <em>\u00ab\u00a0Le moment n\u2019est-il pas arriv\u00e9\u00a0\u00bb<\/em>, s\u2019est-elle interrog\u00e9e avant de lancer un appel\u00a0: <em>\u00ab\u00a0Le moment pour les congolais (RDC) de faire assoir la souverainet\u00e9 et l\u2019int\u00e9grit\u00e9 de leur pays en vue de disposer pleinement de leurs ressources\u00a0\u00bb.<\/em><\/p>\n\n\n\n<p>Notez que c\u2019est gr\u00e2ce \u00e0 l\u2019ins\u00e9curit\u00e9 qu\u2019il s\u00e8me \u00e0 l\u2019Est de la RDC en multipliant des groupes arm\u00e9s que le Rwanda de Paul Kagame parvient \u00e0 piller ses ressources naturelles.<\/p>\n\n\n\n<p>Jo\u00ebl Diawa<\/p>\n","protected":false},"excerpt":{"rendered":"<p>R\u00e9daction:+243817406088 C\u2019est depuis quelques ann\u00e9es que l\u2019on parle du Rwanda comme un pays \u00e9mergent, \u00e9conomiquement&#8230;<\/p>\n","protected":false},"author":2,"featured_media":5821,"comment_status":"open","ping_status":"open","sticky":false,"template":"","format":"standard","meta":{"_jetpack_memberships_contains_paid_content":false,"footnotes":""},"categories":[3],"tags":[],"class_list":["post-5809","post","type-post","status-publish","format-standard","has-post-thumbnail","hentry","category-politique"],"yoast_head":"<!-- This site is optimized with the Yoast SEO plugin v27.5 - https:\/\/yoast.com\/product\/yoast-seo-wordpress\/ -->\n<title>Le Rwanda\u00a0: Ce petit pays extr\u00eamement fragile n\u2019existerait pas si la RDC le voudrait - Infos Droits Humains<\/title>\n<meta name=\"robots\" content=\"index, follow, max-snippet:-1, max-image-preview:large, max-video-preview:-1\" \/>\n<link rel=\"canonical\" href=\"https:\/\/infos-droitshumains.net\/?p=5809\" \/>\n<meta property=\"og:locale\" content=\"fr_FR\" \/>\n<meta property=\"og:type\" content=\"article\" \/>\n<meta property=\"og:title\" content=\"Le Rwanda\u00a0: Ce petit pays extr\u00eamement fragile n\u2019existerait pas si la RDC le voudrait - Infos Droits Humains\" \/>\n<meta property=\"og:description\" content=\"R\u00e9daction:+243817406088 C\u2019est depuis quelques ann\u00e9es que l\u2019on parle du Rwanda comme un pays \u00e9mergent, \u00e9conomiquement...\" \/>\n<meta property=\"og:url\" content=\"https:\/\/infos-droitshumains.net\/?p=5809\" \/>\n<meta property=\"og:site_name\" content=\"Infos Droits Humains\" \/>\n<meta property=\"article:published_time\" content=\"2022-11-30T12:29:01+00:00\" \/>\n<meta property=\"article:modified_time\" content=\"2022-11-30T12:48:30+00:00\" \/>\n<meta property=\"og:image\" content=\"https:\/\/i0.wp.com\/infos-droitshumains.net\/wp-content\/uploads\/2022\/11\/images-1_1.jpeg?fit=738%2C416&ssl=1\" \/>\n\t<meta property=\"og:image:width\" content=\"738\" \/>\n\t<meta property=\"og:image:height\" content=\"416\" \/>\n\t<meta property=\"og:image:type\" content=\"image\/jpeg\" \/>\n<meta name=\"author\" content=\"Jo\u00ebl Diawa\" \/>\n<meta name=\"twitter:card\" content=\"summary_large_image\" \/>\n<meta name=\"twitter:label1\" content=\"\u00c9crit par\" \/>\n\t<meta name=\"twitter:data1\" content=\"Jo\u00ebl Diawa\" \/>\n\t<meta name=\"twitter:label2\" content=\"Dur\u00e9e de lecture estim\u00e9e\" \/>\n\t<meta name=\"twitter:data2\" content=\"3 minutes\" \/>\n<script type=\"application\/ld+json\" class=\"yoast-schema-graph\">{\"@context\":\"https:\\\/\\\/schema.org\",\"@graph\":[{\"@type\":\"Article\",\"@id\":\"https:\\\/\\\/infos-droitshumains.net\\\/?p=5809#article\",\"isPartOf\":{\"@id\":\"https:\\\/\\\/infos-droitshumains.net\\\/?p=5809\"},\"author\":{\"name\":\"Jo\u00ebl Diawa\",\"@id\":\"https:\\\/\\\/infos-droitshumains.net\\\/#\\\/schema\\\/person\\\/3dc5e921c3302172e0ed4362f96faab7\"},\"headline\":\"Le Rwanda\u00a0: Ce petit pays extr\u00eamement fragile n\u2019existerait pas si la RDC le voudrait\",\"datePublished\":\"2022-11-30T12:29:01+00:00\",\"dateModified\":\"2022-11-30T12:48:30+00:00\",\"mainEntityOfPage\":{\"@id\":\"https:\\\/\\\/infos-droitshumains.net\\\/?p=5809\"},\"wordCount\":525,\"commentCount\":0,\"publisher\":{\"@id\":\"https:\\\/\\\/infos-droitshumains.net\\\/#organization\"},\"image\":{\"@id\":\"https:\\\/\\\/infos-droitshumains.net\\\/?p=5809#primaryimage\"},\"thumbnailUrl\":\"https:\\\/\\\/i0.wp.com\\\/infos-droitshumains.net\\\/wp-content\\\/uploads\\\/2022\\\/11\\\/images-1_1.jpeg?fit=738%2C416&ssl=1\",\"articleSection\":[\"Politique\"],\"inLanguage\":\"fr-FR\",\"potentialAction\":[{\"@type\":\"CommentAction\",\"name\":\"Comment\",\"target\":[\"https:\\\/\\\/infos-droitshumains.net\\\/?p=5809#respond\"]}]},{\"@type\":\"WebPage\",\"@id\":\"https:\\\/\\\/infos-droitshumains.net\\\/?p=5809\",\"url\":\"https:\\\/\\\/infos-droitshumains.net\\\/?p=5809\",\"name\":\"Le Rwanda\u00a0: Ce petit pays extr\u00eamement fragile n\u2019existerait pas si la RDC le voudrait - Infos Droits Humains\",\"isPartOf\":{\"@id\":\"https:\\\/\\\/infos-droitshumains.net\\\/#website\"},\"primaryImageOfPage\":{\"@id\":\"https:\\\/\\\/infos-droitshumains.net\\\/?p=5809#primaryimage\"},\"image\":{\"@id\":\"https:\\\/\\\/infos-droitshumains.net\\\/?p=5809#primaryimage\"},\"thumbnailUrl\":\"https:\\\/\\\/i0.wp.com\\\/infos-droitshumains.net\\\/wp-content\\\/uploads\\\/2022\\\/11\\\/images-1_1.jpeg?fit=738%2C416&ssl=1\",\"datePublished\":\"2022-11-30T12:29:01+00:00\",\"dateModified\":\"2022-11-30T12:48:30+00:00\",\"breadcrumb\":{\"@id\":\"https:\\\/\\\/infos-droitshumains.net\\\/?p=5809#breadcrumb\"},\"inLanguage\":\"fr-FR\",\"potentialAction\":[{\"@type\":\"ReadAction\",\"target\":[\"https:\\\/\\\/infos-droitshumains.net\\\/?p=5809\"]}]},{\"@type\":\"ImageObject\",\"inLanguage\":\"fr-FR\",\"@id\":\"https:\\\/\\\/infos-droitshumains.net\\\/?p=5809#primaryimage\",\"url\":\"https:\\\/\\\/i0.wp.com\\\/infos-droitshumains.net\\\/wp-content\\\/uploads\\\/2022\\\/11\\\/images-1_1.jpeg?fit=738%2C416&ssl=1\",\"contentUrl\":\"https:\\\/\\\/i0.wp.com\\\/infos-droitshumains.net\\\/wp-content\\\/uploads\\\/2022\\\/11\\\/images-1_1.jpeg?fit=738%2C416&ssl=1\",\"width\":738,\"height\":416},{\"@type\":\"BreadcrumbList\",\"@id\":\"https:\\\/\\\/infos-droitshumains.net\\\/?p=5809#breadcrumb\",\"itemListElement\":[{\"@type\":\"ListItem\",\"position\":1,\"name\":\"Accueil\",\"item\":\"https:\\\/\\\/infos-droitshumains.net\\\/\"},{\"@type\":\"ListItem\",\"position\":2,\"name\":\"Le Rwanda\u00a0: Ce petit pays extr\u00eamement fragile n\u2019existerait pas si la RDC le voudrait\"}]},{\"@type\":\"WebSite\",\"@id\":\"https:\\\/\\\/infos-droitshumains.net\\\/#website\",\"url\":\"https:\\\/\\\/infos-droitshumains.net\\\/\",\"name\":\"Infos Droits Humains\",\"description\":\"S&#039;informer est un droit\",\"publisher\":{\"@id\":\"https:\\\/\\\/infos-droitshumains.net\\\/#organization\"},\"potentialAction\":[{\"@type\":\"SearchAction\",\"target\":{\"@type\":\"EntryPoint\",\"urlTemplate\":\"https:\\\/\\\/infos-droitshumains.net\\\/?s={search_term_string}\"},\"query-input\":{\"@type\":\"PropertyValueSpecification\",\"valueRequired\":true,\"valueName\":\"search_term_string\"}}],\"inLanguage\":\"fr-FR\"},{\"@type\":\"Organization\",\"@id\":\"https:\\\/\\\/infos-droitshumains.net\\\/#organization\",\"name\":\"Infos Droits Humains\",\"url\":\"https:\\\/\\\/infos-droitshumains.net\\\/\",\"logo\":{\"@type\":\"ImageObject\",\"inLanguage\":\"fr-FR\",\"@id\":\"https:\\\/\\\/infos-droitshumains.net\\\/#\\\/schema\\\/logo\\\/image\\\/\",\"url\":\"https:\\\/\\\/i0.wp.com\\\/infos-droitshumains.net\\\/wp-content\\\/uploads\\\/2022\\\/05\\\/Logo.png?fit=333%2C129&ssl=1\",\"contentUrl\":\"https:\\\/\\\/i0.wp.com\\\/infos-droitshumains.net\\\/wp-content\\\/uploads\\\/2022\\\/05\\\/Logo.png?fit=333%2C129&ssl=1\",\"width\":333,\"height\":129,\"caption\":\"Infos Droits Humains\"},\"image\":{\"@id\":\"https:\\\/\\\/infos-droitshumains.net\\\/#\\\/schema\\\/logo\\\/image\\\/\"}},{\"@type\":\"Person\",\"@id\":\"https:\\\/\\\/infos-droitshumains.net\\\/#\\\/schema\\\/person\\\/3dc5e921c3302172e0ed4362f96faab7\",\"name\":\"Jo\u00ebl Diawa\",\"image\":{\"@type\":\"ImageObject\",\"inLanguage\":\"fr-FR\",\"@id\":\"https:\\\/\\\/secure.gravatar.com\\\/avatar\\\/729bea6ff4604c624417803c477363be8e3c7186deaa65713313f9b4b820f41c?s=96&d=mm&r=g\",\"url\":\"https:\\\/\\\/secure.gravatar.com\\\/avatar\\\/729bea6ff4604c624417803c477363be8e3c7186deaa65713313f9b4b820f41c?s=96&d=mm&r=g\",\"contentUrl\":\"https:\\\/\\\/secure.gravatar.com\\\/avatar\\\/729bea6ff4604c624417803c477363be8e3c7186deaa65713313f9b4b820f41c?s=96&d=mm&r=g\",\"caption\":\"Jo\u00ebl Diawa\"},\"sameAs\":[\"https:\\\/\\\/www.infos-droitshumains.net\"],\"url\":\"https:\\\/\\\/infos-droitshumains.net\\\/?author=2\"}]}<\/script>\n<!-- \/ Yoast SEO plugin. -->","yoast_head_json":{"title":"Le Rwanda\u00a0: Ce petit pays extr\u00eamement fragile n\u2019existerait pas si la RDC le voudrait - Infos Droits Humains","robots":{"index":"index","follow":"follow","max-snippet":"max-snippet:-1","max-image-preview":"max-image-preview:large","max-video-preview":"max-video-preview:-1"},"canonical":"https:\/\/infos-droitshumains.net\/?p=5809","og_locale":"fr_FR","og_type":"article","og_title":"Le Rwanda\u00a0: Ce petit pays extr\u00eamement fragile n\u2019existerait pas si la RDC le voudrait - Infos Droits Humains","og_description":"R\u00e9daction:+243817406088 C\u2019est depuis quelques ann\u00e9es que l\u2019on parle du Rwanda comme un pays \u00e9mergent, \u00e9conomiquement...","og_url":"https:\/\/infos-droitshumains.net\/?p=5809","og_site_name":"Infos Droits Humains","article_published_time":"2022-11-30T12:29:01+00:00","article_modified_time":"2022-11-30T12:48:30+00:00","og_image":[{"width":738,"height":416,"url":"https:\/\/i0.wp.com\/infos-droitshumains.net\/wp-content\/uploads\/2022\/11\/images-1_1.jpeg?fit=738%2C416&ssl=1","type":"image\/jpeg"}],"author":"Jo\u00ebl Diawa","twitter_card":"summary_large_image","twitter_misc":{"\u00c9crit par":"Jo\u00ebl Diawa","Dur\u00e9e de lecture estim\u00e9e":"3 minutes"},"schema":{"@context":"https:\/\/schema.org","@graph":[{"@type":"Article","@id":"https:\/\/infos-droitshumains.net\/?p=5809#article","isPartOf":{"@id":"https:\/\/infos-droitshumains.net\/?p=5809"},"author":{"name":"Jo\u00ebl Diawa","@id":"https:\/\/infos-droitshumains.net\/#\/schema\/person\/3dc5e921c3302172e0ed4362f96faab7"},"headline":"Le Rwanda\u00a0: Ce petit pays extr\u00eamement fragile n\u2019existerait pas si la RDC le voudrait","datePublished":"2022-11-30T12:29:01+00:00","dateModified":"2022-11-30T12:48:30+00:00","mainEntityOfPage":{"@id":"https:\/\/infos-droitshumains.net\/?p=5809"},"wordCount":525,"commentCount":0,"publisher":{"@id":"https:\/\/infos-droitshumains.net\/#organization"},"image":{"@id":"https:\/\/infos-droitshumains.net\/?p=5809#primaryimage"},"thumbnailUrl":"https:\/\/i0.wp.com\/infos-droitshumains.net\/wp-content\/uploads\/2022\/11\/images-1_1.jpeg?fit=738%2C416&ssl=1","articleSection":["Politique"],"inLanguage":"fr-FR","potentialAction":[{"@type":"CommentAction","name":"Comment","target":["https:\/\/infos-droitshumains.net\/?p=5809#respond"]}]},{"@type":"WebPage","@id":"https:\/\/infos-droitshumains.net\/?p=5809","url":"https:\/\/infos-droitshumains.net\/?p=5809","name":"Le Rwanda\u00a0: Ce petit pays extr\u00eamement fragile n\u2019existerait pas si la RDC le voudrait - Infos Droits Humains","isPartOf":{"@id":"https:\/\/infos-droitshumains.net\/#website"},"primaryImageOfPage":{"@id":"https:\/\/infos-droitshumains.net\/?p=5809#primaryimage"},"image":{"@id":"https:\/\/infos-droitshumains.net\/?p=5809#primaryimage"},"thumbnailUrl":"https:\/\/i0.wp.com\/infos-droitshumains.net\/wp-content\/uploads\/2022\/11\/images-1_1.jpeg?fit=738%2C416&ssl=1","datePublished":"2022-11-30T12:29:01+00:00","dateModified":"2022-11-30T12:48:30+00:00","breadcrumb":{"@id":"https:\/\/infos-droitshumains.net\/?p=5809#breadcrumb"},"inLanguage":"fr-FR","potentialAction":[{"@type":"ReadAction","target":["https:\/\/infos-droitshumains.net\/?p=5809"]}]},{"@type":"ImageObject","inLanguage":"fr-FR","@id":"https:\/\/infos-droitshumains.net\/?p=5809#primaryimage","url":"https:\/\/i0.wp.com\/infos-droitshumains.net\/wp-content\/uploads\/2022\/11\/images-1_1.jpeg?fit=738%2C416&ssl=1","contentUrl":"https:\/\/i0.wp.com\/infos-droitshumains.net\/wp-content\/uploads\/2022\/11\/images-1_1.jpeg?fit=738%2C416&ssl=1","width":738,"height":416},{"@type":"BreadcrumbList","@id":"https:\/\/infos-droitshumains.net\/?p=5809#breadcrumb","itemListElement":[{"@type":"ListItem","position":1,"name":"Accueil","item":"https:\/\/infos-droitshumains.net\/"},{"@type":"ListItem","position":2,"name":"Le Rwanda\u00a0: Ce petit pays extr\u00eamement fragile n\u2019existerait pas si la RDC le voudrait"}]},{"@type":"WebSite","@id":"https:\/\/infos-droitshumains.net\/#website","url":"https:\/\/infos-droitshumains.net\/","name":"Infos Droits Humains","description":"S&#039;informer est un droit","publisher":{"@id":"https:\/\/infos-droitshumains.net\/#organization"},"potentialAction":[{"@type":"SearchAction","target":{"@type":"EntryPoint","urlTemplate":"https:\/\/infos-droitshumains.net\/?s={search_term_string}"},"query-input":{"@type":"PropertyValueSpecification","valueRequired":true,"valueName":"search_term_string"}}],"inLanguage":"fr-FR"},{"@type":"Organization","@id":"https:\/\/infos-droitshumains.net\/#organization","name":"Infos Droits Humains","url":"https:\/\/infos-droitshumains.net\/","logo":{"@type":"ImageObject","inLanguage":"fr-FR","@id":"https:\/\/infos-droitshumains.net\/#\/schema\/logo\/image\/","url":"https:\/\/i0.wp.com\/infos-droitshumains.net\/wp-content\/uploads\/2022\/05\/Logo.png?fit=333%2C129&ssl=1","contentUrl":"https:\/\/i0.wp.com\/infos-droitshumains.net\/wp-content\/uploads\/2022\/05\/Logo.png?fit=333%2C129&ssl=1","width":333,"height":129,"caption":"Infos Droits Humains"},"image":{"@id":"https:\/\/infos-droitshumains.net\/#\/schema\/logo\/image\/"}},{"@type":"Person","@id":"https:\/\/infos-droitshumains.net\/#\/schema\/person\/3dc5e921c3302172e0ed4362f96faab7","name":"Jo\u00ebl Diawa","image":{"@type":"ImageObject","inLanguage":"fr-FR","@id":"https:\/\/secure.gravatar.com\/avatar\/729bea6ff4604c624417803c477363be8e3c7186deaa65713313f9b4b820f41c?s=96&d=mm&r=g","url":"https:\/\/secure.gravatar.com\/avatar\/729bea6ff4604c624417803c477363be8e3c7186deaa65713313f9b4b820f41c?s=96&d=mm&r=g","contentUrl":"https:\/\/secure.gravatar.com\/avatar\/729bea6ff4604c624417803c477363be8e3c7186deaa65713313f9b4b820f41c?s=96&d=mm&r=g","caption":"Jo\u00ebl Diawa"},"sameAs":["https:\/\/www.infos-droitshumains.net"],"url":"https:\/\/infos-droitshumains.net\/?author=2"}]}},"featured_image_urls":{"full":["https:\/\/i0.wp.com\/infos-droitshumains.net\/wp-content\/uploads\/2022\/11\/images-1_1.jpeg?fit=738%2C416&ssl=1",738,416,false],"thumbnail":["https:\/\/i0.wp.com\/infos-droitshumains.net\/wp-content\/uploads\/2022\/11\/images-1_1.jpeg?resize=150%2C150&ssl=1",150,150,true],"medium":["https:\/\/i0.wp.com\/infos-droitshumains.net\/wp-content\/uploads\/2022\/11\/images-1_1.jpeg?fit=300%2C169&ssl=1",300,169,true],"medium_large":["https:\/\/i0.wp.com\/infos-droitshumains.net\/wp-content\/uploads\/2022\/11\/images-1_1.jpeg?fit=640%2C361&ssl=1",640,361,true],"large":["https:\/\/i0.wp.com\/infos-droitshumains.net\/wp-content\/uploads\/2022\/11\/images-1_1.jpeg?fit=640%2C361&ssl=1",640,361,true],"1536x1536":["https:\/\/i0.wp.com\/infos-droitshumains.net\/wp-content\/uploads\/2022\/11\/images-1_1.jpeg?fit=738%2C416&ssl=1",738,416,true],"2048x2048":["https:\/\/i0.wp.com\/infos-droitshumains.net\/wp-content\/uploads\/2022\/11\/images-1_1.jpeg?fit=738%2C416&ssl=1",738,416,true],"covernews-slider-full":["https:\/\/i0.wp.com\/infos-droitshumains.net\/wp-content\/uploads\/2022\/11\/images-1_1.jpeg?resize=738%2C416&ssl=1",738,416,true],"covernews-slider-center":["https:\/\/i0.wp.com\/infos-droitshumains.net\/wp-content\/uploads\/2022\/11\/images-1_1.jpeg?resize=738%2C416&ssl=1",738,416,true],"covernews-featured":["https:\/\/i0.wp.com\/infos-droitshumains.net\/wp-content\/uploads\/2022\/11\/images-1_1.jpeg?fit=738%2C416&ssl=1",738,416,true],"covernews-medium":["https:\/\/i0.wp.com\/infos-droitshumains.net\/wp-content\/uploads\/2022\/11\/images-1_1.jpeg?resize=540%2C340&ssl=1",540,340,true],"covernews-medium-square":["https:\/\/i0.wp.com\/infos-droitshumains.net\/wp-content\/uploads\/2022\/11\/images-1_1.jpeg?resize=400%2C250&ssl=1",400,250,true]},"author_info":{"display_name":"Jo\u00ebl Diawa","author_link":"https:\/\/infos-droitshumains.net\/?author=2"},"category_info":"<a href=\"https:\/\/infos-droitshumains.net\/?cat=3\" rel=\"category\">Politique<\/a>","tag_info":"Politique","comment_count":"0","jetpack_featured_media_url":"https:\/\/i0.wp.com\/infos-droitshumains.net\/wp-content\/uploads\/2022\/11\/images-1_1.jpeg?fit=738%2C416&ssl=1","jetpack-related-posts":[],"jetpack_sharing_enabled":true,"_links":{"self":[{"href":"https:\/\/infos-droitshumains.net\/index.php?rest_route=\/wp\/v2\/posts\/5809","targetHints":{"allow":["GET"]}}],"collection":[{"href":"https:\/\/infos-droitshumains.net\/index.php?rest_route=\/wp\/v2\/posts"}],"about":[{"href":"https:\/\/infos-droitshumains.net\/index.php?rest_route=\/wp\/v2\/types\/post"}],"author":[{"embeddable":true,"href":"https:\/\/infos-droitshumains.net\/index.php?rest_route=\/wp\/v2\/users\/2"}],"replies":[{"embeddable":true,"href":"https:\/\/infos-droitshumains.net\/index.php?rest_route=%2Fwp%2Fv2%2Fcomments&post=5809"}],"version-history":[{"count":3,"href":"https:\/\/infos-droitshumains.net\/index.php?rest_route=\/wp\/v2\/posts\/5809\/revisions"}],"predecessor-version":[{"id":5823,"href":"https:\/\/infos-droitshumains.net\/index.php?rest_route=\/wp\/v2\/posts\/5809\/revisions\/5823"}],"wp:featuredmedia":[{"embeddable":true,"href":"https:\/\/infos-droitshumains.net\/index.php?rest_route=\/wp\/v2\/media\/5821"}],"wp:attachment":[{"href":"https:\/\/infos-droitshumains.net\/index.php?rest_route=%2Fwp%2Fv2%2Fmedia&parent=5809"}],"wp:term":[{"taxonomy":"category","embeddable":true,"href":"https:\/\/infos-droitshumains.net\/index.php?rest_route=%2Fwp%2Fv2%2Fcategories&post=5809"},{"taxonomy":"post_tag","embeddable":true,"href":"https:\/\/infos-droitshumains.net\/index.php?rest_route=%2Fwp%2Fv2%2Ftags&post=5809"}],"curies":[{"name":"wp","href":"https:\/\/api.w.org\/{rel}","templated":true}]}}