{"id":580,"date":"2021-06-25T14:33:51","date_gmt":"2021-06-25T12:33:51","guid":{"rendered":"https:\/\/www.infos-droitshumains.net\/?p=580"},"modified":"2023-04-06T12:11:45","modified_gmt":"2023-04-06T10:11:45","slug":"devant-lirresponsabilite-de-la-rva-cherubin-okende-sauve-lhonneur-de-la-rdc-face-a-lasecna","status":"publish","type":"post","link":"https:\/\/infos-droitshumains.net\/?p=580","title":{"rendered":"Devant l&rsquo;irresponsabilit\u00e9 de la RVA, Ch\u00e9rubin Okende sauve l&rsquo;honneur de la RDC \u00e0 l&rsquo;ASECNA."},"content":{"rendered":"\n<p>Des \u00e9quipements octroy\u00e9s \u00e0 la RDC pour servir de communication et de coordination entre les centres d&rsquo;int\u00e9r\u00eat a\u00e9ronautique de Bangui (RCA) et de Gbadolite (RDC) moisissent au port de Matadi depuis le 20 d\u00e9cembre 2020. Pour cause, la R\u00e9gie des Voies A\u00e9riennes (RVA), utilisatrice de ces mat\u00e9riels, n&rsquo;a entreprise aucune d\u00e9marche s\u00e9rieuse pour les d\u00e9douaner et les acheminer dans la province du Nord-Ubangi o\u00f9 ils doivent \u00eatre utiliser pour la s\u00e9curit\u00e9 a\u00e9rienne de la sous-r\u00e9gion.<\/p>\n\n\n\n<p>Pour palier \u00e0 cette situation, le ministre des transports, voies de communication et d\u00e9senclavement a conf\u00e9r\u00e9 ce jeudi 24 juin avec une d\u00e9l\u00e9gation de l&rsquo;Agence pour la S\u00e9curit\u00e9 de la Navigation A\u00e9rienne en Afrique et au Madagascar, ASECNA. Cette d\u00e9l\u00e9gation de 7 membres \u00e9tait constitu\u00e9e entre autre de Joachim Tchissambou M&rsquo;boundou repr\u00e9sentant de l&rsquo;ASECNA au Congo Brazzaville et le Directeur G\u00e9n\u00e9ral Adjoint de l&rsquo;agence nationale de l&rsquo;aviation civile du Congo Brazzaville.<\/p>\n\n\n\n<figure class=\"wp-block-image alignfull size-large\"><img data-recalc-dims=\"1\" decoding=\"async\" src=\"https:\/\/i0.wp.com\/www.infos-droitshumains.net\/wp-content\/uploads\/2021\/06\/IMG-20210625-WA0017.jpg?w=640&#038;ssl=1\" alt=\"\" class=\"wp-image-581\" \/><\/figure>\n\n\n\n<p>Devant cette situation qui jetait un discr\u00e9dit sur la R\u00e9publique D\u00e9mocratique du Congo, Ch\u00e9rubin Okende Senga a pris toutes les dispositions qui s&rsquo;imposent. Il a aussit\u00f4t contact\u00e9 son coll\u00e8gue des finances afin d&rsquo;ordonner un all\u00e8gement pour le d\u00e9douanement et l&rsquo;acheminement des mat\u00e9riels vers Gbadolite.<\/p>\n\n\n\n<p>Face \u00e0 cette situation, la diligence dont a fait montre Ch\u00e9rubin Okende vient ainsi de  sauver l&rsquo;honneur du pays devant l&rsquo;ASECNA.<\/p>\n\n\n\n<p>Pour rappel, L&rsquo;ASECNA est un \u00e9tablissement public international r\u00e9gie par la Convention de Dakar r\u00e9vis\u00e9e en 2010. Elle dispose d&rsquo;une personnalit\u00e9 juridique et jouit de l&rsquo;autonomie financi\u00e8re. Cr\u00e9\u00e9e \u00e0 Saint Louis au S\u00e9n\u00e9gal le 12 d\u00e9cembre 1959, l&rsquo;Agence pour la S\u00e9curit\u00e9 de la Navigation A\u00e9rienne en Afrique et \u00e0 Madagascar (ASECNA) constitue, apr\u00e8s plus d&rsquo;un demi-si\u00e8cle, un mod\u00e8le achev\u00e9 de gestion coop\u00e9rative des espaces a\u00e9riens.<\/p>\n\n\n\n<p>Merlin Kamalandua<\/p>\n","protected":false},"excerpt":{"rendered":"<p>Des \u00e9quipements octroy\u00e9s \u00e0 la RDC pour servir de communication et de coordination entre les&#8230;<\/p>\n","protected":false},"author":2,"featured_media":0,"comment_status":"open","ping_status":"open","sticky":false,"template":"","format":"standard","meta":{"_jetpack_memberships_contains_paid_content":false,"footnotes":""},"categories":[1],"tags":[],"class_list":["post-580","post","type-post","status-publish","format-standard","hentry","category-non-classe"],"yoast_head":"<!-- This site is optimized with the Yoast SEO plugin v27.5 - https:\/\/yoast.com\/product\/yoast-seo-wordpress\/ -->\n<title>Devant l&#039;irresponsabilit\u00e9 de la RVA, Ch\u00e9rubin Okende sauve l&#039;honneur de la RDC \u00e0 l&#039;ASECNA. - Infos Droits Humains<\/title>\n<meta name=\"robots\" content=\"index, follow, max-snippet:-1, max-image-preview:large, max-video-preview:-1\" \/>\n<link rel=\"canonical\" href=\"https:\/\/infos-droitshumains.net\/?p=580\" \/>\n<meta property=\"og:locale\" content=\"fr_FR\" \/>\n<meta property=\"og:type\" content=\"article\" \/>\n<meta property=\"og:title\" content=\"Devant l&#039;irresponsabilit\u00e9 de la RVA, Ch\u00e9rubin Okende sauve l&#039;honneur de la RDC \u00e0 l&#039;ASECNA. - Infos Droits Humains\" \/>\n<meta property=\"og:description\" content=\"Des \u00e9quipements octroy\u00e9s \u00e0 la RDC pour servir de communication et de coordination entre les...\" \/>\n<meta property=\"og:url\" content=\"https:\/\/infos-droitshumains.net\/?p=580\" \/>\n<meta property=\"og:site_name\" content=\"Infos Droits Humains\" \/>\n<meta property=\"article:published_time\" content=\"2021-06-25T12:33:51+00:00\" \/>\n<meta property=\"article:modified_time\" content=\"2023-04-06T10:11:45+00:00\" \/>\n<meta property=\"og:image\" content=\"https:\/\/www.infos-droitshumains.net\/wp-content\/uploads\/2021\/06\/IMG-20210625-WA0017.jpg\" \/>\n<meta name=\"author\" content=\"Jo\u00ebl Diawa\" \/>\n<meta name=\"twitter:card\" content=\"summary_large_image\" \/>\n<meta name=\"twitter:label1\" content=\"\u00c9crit par\" \/>\n\t<meta name=\"twitter:data1\" content=\"Jo\u00ebl Diawa\" \/>\n\t<meta name=\"twitter:label2\" content=\"Dur\u00e9e de lecture estim\u00e9e\" \/>\n\t<meta name=\"twitter:data2\" content=\"2 minutes\" \/>\n<script type=\"application\/ld+json\" class=\"yoast-schema-graph\">{\"@context\":\"https:\\\/\\\/schema.org\",\"@graph\":[{\"@type\":\"Article\",\"@id\":\"https:\\\/\\\/infos-droitshumains.net\\\/?p=580#article\",\"isPartOf\":{\"@id\":\"https:\\\/\\\/infos-droitshumains.net\\\/?p=580\"},\"author\":{\"name\":\"Jo\u00ebl Diawa\",\"@id\":\"https:\\\/\\\/infos-droitshumains.net\\\/#\\\/schema\\\/person\\\/3dc5e921c3302172e0ed4362f96faab7\"},\"headline\":\"Devant l&rsquo;irresponsabilit\u00e9 de la RVA, Ch\u00e9rubin Okende sauve l&rsquo;honneur de la RDC \u00e0 l&rsquo;ASECNA.\",\"datePublished\":\"2021-06-25T12:33:51+00:00\",\"dateModified\":\"2023-04-06T10:11:45+00:00\",\"mainEntityOfPage\":{\"@id\":\"https:\\\/\\\/infos-droitshumains.net\\\/?p=580\"},\"wordCount\":331,\"commentCount\":0,\"publisher\":{\"@id\":\"https:\\\/\\\/infos-droitshumains.net\\\/#organization\"},\"image\":{\"@id\":\"https:\\\/\\\/infos-droitshumains.net\\\/?p=580#primaryimage\"},\"thumbnailUrl\":\"https:\\\/\\\/www.infos-droitshumains.net\\\/wp-content\\\/uploads\\\/2021\\\/06\\\/IMG-20210625-WA0017.jpg\",\"inLanguage\":\"fr-FR\",\"potentialAction\":[{\"@type\":\"CommentAction\",\"name\":\"Comment\",\"target\":[\"https:\\\/\\\/infos-droitshumains.net\\\/?p=580#respond\"]}]},{\"@type\":\"WebPage\",\"@id\":\"https:\\\/\\\/infos-droitshumains.net\\\/?p=580\",\"url\":\"https:\\\/\\\/infos-droitshumains.net\\\/?p=580\",\"name\":\"Devant l'irresponsabilit\u00e9 de la RVA, Ch\u00e9rubin Okende sauve l'honneur de la RDC \u00e0 l'ASECNA. - Infos Droits Humains\",\"isPartOf\":{\"@id\":\"https:\\\/\\\/infos-droitshumains.net\\\/#website\"},\"primaryImageOfPage\":{\"@id\":\"https:\\\/\\\/infos-droitshumains.net\\\/?p=580#primaryimage\"},\"image\":{\"@id\":\"https:\\\/\\\/infos-droitshumains.net\\\/?p=580#primaryimage\"},\"thumbnailUrl\":\"https:\\\/\\\/www.infos-droitshumains.net\\\/wp-content\\\/uploads\\\/2021\\\/06\\\/IMG-20210625-WA0017.jpg\",\"datePublished\":\"2021-06-25T12:33:51+00:00\",\"dateModified\":\"2023-04-06T10:11:45+00:00\",\"breadcrumb\":{\"@id\":\"https:\\\/\\\/infos-droitshumains.net\\\/?p=580#breadcrumb\"},\"inLanguage\":\"fr-FR\",\"potentialAction\":[{\"@type\":\"ReadAction\",\"target\":[\"https:\\\/\\\/infos-droitshumains.net\\\/?p=580\"]}]},{\"@type\":\"ImageObject\",\"inLanguage\":\"fr-FR\",\"@id\":\"https:\\\/\\\/infos-droitshumains.net\\\/?p=580#primaryimage\",\"url\":\"https:\\\/\\\/www.infos-droitshumains.net\\\/wp-content\\\/uploads\\\/2021\\\/06\\\/IMG-20210625-WA0017.jpg\",\"contentUrl\":\"https:\\\/\\\/www.infos-droitshumains.net\\\/wp-content\\\/uploads\\\/2021\\\/06\\\/IMG-20210625-WA0017.jpg\"},{\"@type\":\"BreadcrumbList\",\"@id\":\"https:\\\/\\\/infos-droitshumains.net\\\/?p=580#breadcrumb\",\"itemListElement\":[{\"@type\":\"ListItem\",\"position\":1,\"name\":\"Accueil\",\"item\":\"https:\\\/\\\/infos-droitshumains.net\\\/\"},{\"@type\":\"ListItem\",\"position\":2,\"name\":\"Devant l&rsquo;irresponsabilit\u00e9 de la RVA, Ch\u00e9rubin Okende sauve l&rsquo;honneur de la RDC \u00e0 l&rsquo;ASECNA.\"}]},{\"@type\":\"WebSite\",\"@id\":\"https:\\\/\\\/infos-droitshumains.net\\\/#website\",\"url\":\"https:\\\/\\\/infos-droitshumains.net\\\/\",\"name\":\"Infos Droits Humains\",\"description\":\"S&#039;informer est un droit\",\"publisher\":{\"@id\":\"https:\\\/\\\/infos-droitshumains.net\\\/#organization\"},\"potentialAction\":[{\"@type\":\"SearchAction\",\"target\":{\"@type\":\"EntryPoint\",\"urlTemplate\":\"https:\\\/\\\/infos-droitshumains.net\\\/?s={search_term_string}\"},\"query-input\":{\"@type\":\"PropertyValueSpecification\",\"valueRequired\":true,\"valueName\":\"search_term_string\"}}],\"inLanguage\":\"fr-FR\"},{\"@type\":\"Organization\",\"@id\":\"https:\\\/\\\/infos-droitshumains.net\\\/#organization\",\"name\":\"Infos Droits Humains\",\"url\":\"https:\\\/\\\/infos-droitshumains.net\\\/\",\"logo\":{\"@type\":\"ImageObject\",\"inLanguage\":\"fr-FR\",\"@id\":\"https:\\\/\\\/infos-droitshumains.net\\\/#\\\/schema\\\/logo\\\/image\\\/\",\"url\":\"https:\\\/\\\/i0.wp.com\\\/infos-droitshumains.net\\\/wp-content\\\/uploads\\\/2022\\\/05\\\/Logo.png?fit=333%2C129&ssl=1\",\"contentUrl\":\"https:\\\/\\\/i0.wp.com\\\/infos-droitshumains.net\\\/wp-content\\\/uploads\\\/2022\\\/05\\\/Logo.png?fit=333%2C129&ssl=1\",\"width\":333,\"height\":129,\"caption\":\"Infos Droits Humains\"},\"image\":{\"@id\":\"https:\\\/\\\/infos-droitshumains.net\\\/#\\\/schema\\\/logo\\\/image\\\/\"}},{\"@type\":\"Person\",\"@id\":\"https:\\\/\\\/infos-droitshumains.net\\\/#\\\/schema\\\/person\\\/3dc5e921c3302172e0ed4362f96faab7\",\"name\":\"Jo\u00ebl Diawa\",\"image\":{\"@type\":\"ImageObject\",\"inLanguage\":\"fr-FR\",\"@id\":\"https:\\\/\\\/secure.gravatar.com\\\/avatar\\\/729bea6ff4604c624417803c477363be8e3c7186deaa65713313f9b4b820f41c?s=96&d=mm&r=g\",\"url\":\"https:\\\/\\\/secure.gravatar.com\\\/avatar\\\/729bea6ff4604c624417803c477363be8e3c7186deaa65713313f9b4b820f41c?s=96&d=mm&r=g\",\"contentUrl\":\"https:\\\/\\\/secure.gravatar.com\\\/avatar\\\/729bea6ff4604c624417803c477363be8e3c7186deaa65713313f9b4b820f41c?s=96&d=mm&r=g\",\"caption\":\"Jo\u00ebl Diawa\"},\"sameAs\":[\"https:\\\/\\\/www.infos-droitshumains.net\"],\"url\":\"https:\\\/\\\/infos-droitshumains.net\\\/?author=2\"}]}<\/script>\n<!-- \/ Yoast SEO plugin. -->","yoast_head_json":{"title":"Devant l'irresponsabilit\u00e9 de la RVA, Ch\u00e9rubin Okende sauve l'honneur de la RDC \u00e0 l'ASECNA. - Infos Droits Humains","robots":{"index":"index","follow":"follow","max-snippet":"max-snippet:-1","max-image-preview":"max-image-preview:large","max-video-preview":"max-video-preview:-1"},"canonical":"https:\/\/infos-droitshumains.net\/?p=580","og_locale":"fr_FR","og_type":"article","og_title":"Devant l'irresponsabilit\u00e9 de la RVA, Ch\u00e9rubin Okende sauve l'honneur de la RDC \u00e0 l'ASECNA. - Infos Droits Humains","og_description":"Des \u00e9quipements octroy\u00e9s \u00e0 la RDC pour servir de communication et de coordination entre les...","og_url":"https:\/\/infos-droitshumains.net\/?p=580","og_site_name":"Infos Droits Humains","article_published_time":"2021-06-25T12:33:51+00:00","article_modified_time":"2023-04-06T10:11:45+00:00","og_image":[{"url":"https:\/\/www.infos-droitshumains.net\/wp-content\/uploads\/2021\/06\/IMG-20210625-WA0017.jpg","type":"","width":"","height":""}],"author":"Jo\u00ebl Diawa","twitter_card":"summary_large_image","twitter_misc":{"\u00c9crit par":"Jo\u00ebl Diawa","Dur\u00e9e de lecture estim\u00e9e":"2 minutes"},"schema":{"@context":"https:\/\/schema.org","@graph":[{"@type":"Article","@id":"https:\/\/infos-droitshumains.net\/?p=580#article","isPartOf":{"@id":"https:\/\/infos-droitshumains.net\/?p=580"},"author":{"name":"Jo\u00ebl Diawa","@id":"https:\/\/infos-droitshumains.net\/#\/schema\/person\/3dc5e921c3302172e0ed4362f96faab7"},"headline":"Devant l&rsquo;irresponsabilit\u00e9 de la RVA, Ch\u00e9rubin Okende sauve l&rsquo;honneur de la RDC \u00e0 l&rsquo;ASECNA.","datePublished":"2021-06-25T12:33:51+00:00","dateModified":"2023-04-06T10:11:45+00:00","mainEntityOfPage":{"@id":"https:\/\/infos-droitshumains.net\/?p=580"},"wordCount":331,"commentCount":0,"publisher":{"@id":"https:\/\/infos-droitshumains.net\/#organization"},"image":{"@id":"https:\/\/infos-droitshumains.net\/?p=580#primaryimage"},"thumbnailUrl":"https:\/\/www.infos-droitshumains.net\/wp-content\/uploads\/2021\/06\/IMG-20210625-WA0017.jpg","inLanguage":"fr-FR","potentialAction":[{"@type":"CommentAction","name":"Comment","target":["https:\/\/infos-droitshumains.net\/?p=580#respond"]}]},{"@type":"WebPage","@id":"https:\/\/infos-droitshumains.net\/?p=580","url":"https:\/\/infos-droitshumains.net\/?p=580","name":"Devant l'irresponsabilit\u00e9 de la RVA, Ch\u00e9rubin Okende sauve l'honneur de la RDC \u00e0 l'ASECNA. - Infos Droits Humains","isPartOf":{"@id":"https:\/\/infos-droitshumains.net\/#website"},"primaryImageOfPage":{"@id":"https:\/\/infos-droitshumains.net\/?p=580#primaryimage"},"image":{"@id":"https:\/\/infos-droitshumains.net\/?p=580#primaryimage"},"thumbnailUrl":"https:\/\/www.infos-droitshumains.net\/wp-content\/uploads\/2021\/06\/IMG-20210625-WA0017.jpg","datePublished":"2021-06-25T12:33:51+00:00","dateModified":"2023-04-06T10:11:45+00:00","breadcrumb":{"@id":"https:\/\/infos-droitshumains.net\/?p=580#breadcrumb"},"inLanguage":"fr-FR","potentialAction":[{"@type":"ReadAction","target":["https:\/\/infos-droitshumains.net\/?p=580"]}]},{"@type":"ImageObject","inLanguage":"fr-FR","@id":"https:\/\/infos-droitshumains.net\/?p=580#primaryimage","url":"https:\/\/www.infos-droitshumains.net\/wp-content\/uploads\/2021\/06\/IMG-20210625-WA0017.jpg","contentUrl":"https:\/\/www.infos-droitshumains.net\/wp-content\/uploads\/2021\/06\/IMG-20210625-WA0017.jpg"},{"@type":"BreadcrumbList","@id":"https:\/\/infos-droitshumains.net\/?p=580#breadcrumb","itemListElement":[{"@type":"ListItem","position":1,"name":"Accueil","item":"https:\/\/infos-droitshumains.net\/"},{"@type":"ListItem","position":2,"name":"Devant l&rsquo;irresponsabilit\u00e9 de la RVA, Ch\u00e9rubin Okende sauve l&rsquo;honneur de la RDC \u00e0 l&rsquo;ASECNA."}]},{"@type":"WebSite","@id":"https:\/\/infos-droitshumains.net\/#website","url":"https:\/\/infos-droitshumains.net\/","name":"Infos Droits Humains","description":"S&#039;informer est un droit","publisher":{"@id":"https:\/\/infos-droitshumains.net\/#organization"},"potentialAction":[{"@type":"SearchAction","target":{"@type":"EntryPoint","urlTemplate":"https:\/\/infos-droitshumains.net\/?s={search_term_string}"},"query-input":{"@type":"PropertyValueSpecification","valueRequired":true,"valueName":"search_term_string"}}],"inLanguage":"fr-FR"},{"@type":"Organization","@id":"https:\/\/infos-droitshumains.net\/#organization","name":"Infos Droits Humains","url":"https:\/\/infos-droitshumains.net\/","logo":{"@type":"ImageObject","inLanguage":"fr-FR","@id":"https:\/\/infos-droitshumains.net\/#\/schema\/logo\/image\/","url":"https:\/\/i0.wp.com\/infos-droitshumains.net\/wp-content\/uploads\/2022\/05\/Logo.png?fit=333%2C129&ssl=1","contentUrl":"https:\/\/i0.wp.com\/infos-droitshumains.net\/wp-content\/uploads\/2022\/05\/Logo.png?fit=333%2C129&ssl=1","width":333,"height":129,"caption":"Infos Droits Humains"},"image":{"@id":"https:\/\/infos-droitshumains.net\/#\/schema\/logo\/image\/"}},{"@type":"Person","@id":"https:\/\/infos-droitshumains.net\/#\/schema\/person\/3dc5e921c3302172e0ed4362f96faab7","name":"Jo\u00ebl Diawa","image":{"@type":"ImageObject","inLanguage":"fr-FR","@id":"https:\/\/secure.gravatar.com\/avatar\/729bea6ff4604c624417803c477363be8e3c7186deaa65713313f9b4b820f41c?s=96&d=mm&r=g","url":"https:\/\/secure.gravatar.com\/avatar\/729bea6ff4604c624417803c477363be8e3c7186deaa65713313f9b4b820f41c?s=96&d=mm&r=g","contentUrl":"https:\/\/secure.gravatar.com\/avatar\/729bea6ff4604c624417803c477363be8e3c7186deaa65713313f9b4b820f41c?s=96&d=mm&r=g","caption":"Jo\u00ebl Diawa"},"sameAs":["https:\/\/www.infos-droitshumains.net"],"url":"https:\/\/infos-droitshumains.net\/?author=2"}]}},"featured_image_urls":{"full":"","thumbnail":"","medium":"","medium_large":"","large":"","1536x1536":"","2048x2048":"","covernews-slider-full":"","covernews-slider-center":"","covernews-featured":"","covernews-medium":"","covernews-medium-square":""},"author_info":{"display_name":"Jo\u00ebl Diawa","author_link":"https:\/\/infos-droitshumains.net\/?author=2"},"category_info":"<a href=\"https:\/\/infos-droitshumains.net\/?cat=1\" rel=\"category\">Non class\u00e9<\/a>","tag_info":"Non class\u00e9","comment_count":"0","jetpack_featured_media_url":"","jetpack-related-posts":[],"jetpack_sharing_enabled":true,"_links":{"self":[{"href":"https:\/\/infos-droitshumains.net\/index.php?rest_route=\/wp\/v2\/posts\/580","targetHints":{"allow":["GET"]}}],"collection":[{"href":"https:\/\/infos-droitshumains.net\/index.php?rest_route=\/wp\/v2\/posts"}],"about":[{"href":"https:\/\/infos-droitshumains.net\/index.php?rest_route=\/wp\/v2\/types\/post"}],"author":[{"embeddable":true,"href":"https:\/\/infos-droitshumains.net\/index.php?rest_route=\/wp\/v2\/users\/2"}],"replies":[{"embeddable":true,"href":"https:\/\/infos-droitshumains.net\/index.php?rest_route=%2Fwp%2Fv2%2Fcomments&post=580"}],"version-history":[{"count":2,"href":"https:\/\/infos-droitshumains.net\/index.php?rest_route=\/wp\/v2\/posts\/580\/revisions"}],"predecessor-version":[{"id":584,"href":"https:\/\/infos-droitshumains.net\/index.php?rest_route=\/wp\/v2\/posts\/580\/revisions\/584"}],"wp:attachment":[{"href":"https:\/\/infos-droitshumains.net\/index.php?rest_route=%2Fwp%2Fv2%2Fmedia&parent=580"}],"wp:term":[{"taxonomy":"category","embeddable":true,"href":"https:\/\/infos-droitshumains.net\/index.php?rest_route=%2Fwp%2Fv2%2Fcategories&post=580"},{"taxonomy":"post_tag","embeddable":true,"href":"https:\/\/infos-droitshumains.net\/index.php?rest_route=%2Fwp%2Fv2%2Ftags&post=580"}],"curies":[{"name":"wp","href":"https:\/\/api.w.org\/{rel}","templated":true}]}}