{"id":5794,"date":"2022-11-25T22:06:06","date_gmt":"2022-11-25T21:06:06","guid":{"rendered":"https:\/\/infos-droitshumains.net\/?p=5794"},"modified":"2022-11-25T22:10:14","modified_gmt":"2022-11-25T21:10:14","slug":"appui-au-processus-de-justice-transitionnelle-en-rdc-lequipe-dassistance-technique-cloture-sa-retraite","status":"publish","type":"post","link":"https:\/\/infos-droitshumains.net\/?p=5794","title":{"rendered":"Appui au processus de justice transitionnelle en RDC : l&rsquo;\u00e9quipe d&rsquo;assistance technique cl\u00f4ture sa retraite"},"content":{"rendered":"\n<p><strong>R\u00e9daction :+243817406088<\/strong><\/p>\n\n\n\n<p>La retraite de l&rsquo;Equipe d&rsquo;Assistance Technique (EAT) s&rsquo;est cl\u00f4tur\u00e9e le 24 novembre 2022 \u00e0 Kinshasa. d\u00e9p\u00each\u00e9s par le Haut-Commissariat des Nations Unies aux Droits de l&rsquo;Homme pour appuyer le processus de la mise en \u0153uvre de la justice de transition et de contribuer lutter contre l&rsquo;impunit\u00e9 en R\u00e9publique D\u00e9mocratique du Congo, les membres de cette \u00e9quipe ont durant trois jours, acqu\u00e9ri des nouvelles connaissances sur leur mandat et implications.<\/p>\n\n\n\n<p><em>\u00ab Ces trois jours de retraite nous ont permis de relever un d\u00e9fi, celui d&rsquo;avoir une compr\u00e9hension commune de notre mandat. Nous avons eu des discussions tr\u00e8s riches sur d&rsquo;autres ressources auxquelles nous ne pensions pas au d\u00e9part et qui vont d\u00e9terminer tous les axes d&rsquo;intervention \u00e0 mener avec les diff\u00e9rents partenaires avec qui nous allons agir dans la mise en \u0153uvre de ce mandat \u00bb<\/em>, a dit Kodjovi Edem Dotche, chef d&rsquo;\u00e9quipe de l&rsquo;EAT.<\/p>\n\n\n\n<p>Quelques recommandations ont \u00e9t\u00e9 formul\u00e9es aux autorit\u00e9s congolaises en vue de permettre \u00e0 cette \u00e9quipe de bien accomplir son mandat.<\/p>\n\n\n\n<p><em>\u00abAux autorit\u00e9s congolaises de d\u00e9velopper une strat\u00e9gie d&rsquo;assistance visant \u00e0 booster l&rsquo;appui donn\u00e9 \u00e0 la RDC dans la lutte contre l&rsquo;impunit\u00e9, des violations des droits de l&rsquo;homme et le soutien au processus de justice transitionnelle \u00e0 travers le renforcement dynamique des capacit\u00e9s nationales. Une strat\u00e9gie doit fixer les actions \u00e0 court, \u00e0 moyen et long terme pour accompagner les efforts du gouvernement \u00bb<\/em>, a pour sa part sugg\u00e9r\u00e9 Mougabe Kissim R\u00e9gis D\u00e9sire Beramgoto, membre de l&rsquo;EAT.<\/p>\n\n\n\n<p>Apr\u00e8s cette retraite, le travail se poursuit \u00e9tant donn\u00e9 que le processus de la mise en \u0153uvre de la justice transitionnelle et la lutte contre l&rsquo;impunit\u00e9 est un grand chantiers a indiqu\u00e9 Abdoul Aziz Thioye, directeur du Bureau Conjoint des Nations Unies aux Droits de l&rsquo;Homme (BCNUDH) et repr\u00e9sentant du haut-commissaire des Nations Unies aux Droits de l&rsquo;Homme en RDC : <em>\u00ab Le travail se poursuit de fa\u00e7on m\u00e9thodique et r\u00e9solu en vue v\u00e9ritablement de consulter le maximum des Congolais pour leur permettre de pouvoir d\u00e9cider et de booster les poursuites judiciaires dans le cadre de lutte contre l&rsquo;impunit\u00e9 ; mais aussi travailler sur les aspects de la r\u00e9partition \u00bb.<\/em><\/p>\n\n\n\n<p>Le repr\u00e9sentant du haut-commissaire des Nations Unies aux Droits de l&rsquo;Homme en RDC a par ailleurs, promis d&rsquo;accompagnement de son bureau \u00e0 la RDC jusqu&rsquo;\u00e0 l&rsquo;aboutissement du processus de la mise en \u0153uvre de la justice transitionnelle et la lutte contre l&rsquo;impunit\u00e9.<\/p>\n\n\n\n<p><em>\u00ab Je vais ici vous assurer l&rsquo;engagement ferme du BCNUDH et l&rsquo;ensemble des Nations Unies pour continuer davantage \u00e0 soutenir et renforcer les efforts de la RDC pour enfin contribuer de fa\u00e7on d\u00e9cisive au b\u00e2timent de la paix et la s\u00e9curit\u00e9 tant attendues pour faire de ce pays le moteur de d\u00e9veloppement de toute l\u2019Afrique \u00bb<\/em>.<\/p>\n\n\n\n<p>Du 22 au 24 novembre 2022, les membres de l&rsquo;\u00e9quipe d&rsquo;assistance technique ont appris des mati\u00e8res comme la m\u00e9decine l\u00e9gale en RDC, la protection de victimes et t\u00e9moins, l&rsquo;nt\u00e9gration du genre des les processus judiciaires et justice transitionnelle, r\u00f4le de l&rsquo;EAT conform\u00e9ment \u00e0 la Res dans la justice transitionnelle et pr\u00e9sentation du mandat de l&rsquo;EAT et sa contribution \u00e0 la lutte contre l&rsquo;impunit\u00e9 et le processus de justice transitionnelle en RDC.<\/p>\n\n\n\n<p>AM<\/p>\n","protected":false},"excerpt":{"rendered":"<p>R\u00e9daction :+243817406088 La retraite de l&rsquo;Equipe d&rsquo;Assistance Technique (EAT) s&rsquo;est cl\u00f4tur\u00e9e le 24 novembre 2022&#8230;<\/p>\n","protected":false},"author":2,"featured_media":5797,"comment_status":"open","ping_status":"open","sticky":false,"template":"","format":"standard","meta":{"_jetpack_memberships_contains_paid_content":false,"footnotes":""},"categories":[7],"tags":[],"class_list":["post-5794","post","type-post","status-publish","format-standard","has-post-thumbnail","hentry","category-droits-humains"],"yoast_head":"<!-- This site is optimized with the Yoast SEO plugin v27.5 - https:\/\/yoast.com\/product\/yoast-seo-wordpress\/ -->\n<title>Appui au processus de justice transitionnelle en RDC : l&#039;\u00e9quipe d&#039;assistance technique cl\u00f4ture sa retraite - Infos Droits Humains<\/title>\n<meta name=\"robots\" content=\"index, follow, max-snippet:-1, max-image-preview:large, max-video-preview:-1\" \/>\n<link rel=\"canonical\" href=\"https:\/\/infos-droitshumains.net\/?p=5794\" \/>\n<meta property=\"og:locale\" content=\"fr_FR\" \/>\n<meta property=\"og:type\" content=\"article\" \/>\n<meta property=\"og:title\" content=\"Appui au processus de justice transitionnelle en RDC : l&#039;\u00e9quipe d&#039;assistance technique cl\u00f4ture sa retraite - Infos Droits Humains\" \/>\n<meta property=\"og:description\" content=\"R\u00e9daction :+243817406088 La retraite de l&rsquo;Equipe d&rsquo;Assistance Technique (EAT) s&rsquo;est cl\u00f4tur\u00e9e le 24 novembre 2022...\" \/>\n<meta property=\"og:url\" content=\"https:\/\/infos-droitshumains.net\/?p=5794\" \/>\n<meta property=\"og:site_name\" content=\"Infos Droits Humains\" \/>\n<meta property=\"article:published_time\" content=\"2022-11-25T21:06:06+00:00\" \/>\n<meta property=\"article:modified_time\" content=\"2022-11-25T21:10:14+00:00\" \/>\n<meta property=\"og:image\" content=\"https:\/\/i0.wp.com\/infos-droitshumains.net\/wp-content\/uploads\/2022\/11\/IMG-20221125-WA0054_1.jpg?fit=1080%2C644&ssl=1\" \/>\n\t<meta property=\"og:image:width\" content=\"1080\" \/>\n\t<meta property=\"og:image:height\" content=\"644\" \/>\n\t<meta property=\"og:image:type\" content=\"image\/jpeg\" \/>\n<meta name=\"author\" content=\"Jo\u00ebl Diawa\" \/>\n<meta name=\"twitter:card\" content=\"summary_large_image\" \/>\n<meta name=\"twitter:label1\" content=\"\u00c9crit par\" \/>\n\t<meta name=\"twitter:data1\" content=\"Jo\u00ebl Diawa\" \/>\n\t<meta name=\"twitter:label2\" content=\"Dur\u00e9e de lecture estim\u00e9e\" \/>\n\t<meta name=\"twitter:data2\" content=\"3 minutes\" \/>\n<script type=\"application\/ld+json\" class=\"yoast-schema-graph\">{\"@context\":\"https:\\\/\\\/schema.org\",\"@graph\":[{\"@type\":\"Article\",\"@id\":\"https:\\\/\\\/infos-droitshumains.net\\\/?p=5794#article\",\"isPartOf\":{\"@id\":\"https:\\\/\\\/infos-droitshumains.net\\\/?p=5794\"},\"author\":{\"name\":\"Jo\u00ebl Diawa\",\"@id\":\"https:\\\/\\\/infos-droitshumains.net\\\/#\\\/schema\\\/person\\\/3dc5e921c3302172e0ed4362f96faab7\"},\"headline\":\"Appui au processus de justice transitionnelle en RDC : l&rsquo;\u00e9quipe d&rsquo;assistance technique cl\u00f4ture sa retraite\",\"datePublished\":\"2022-11-25T21:06:06+00:00\",\"dateModified\":\"2022-11-25T21:10:14+00:00\",\"mainEntityOfPage\":{\"@id\":\"https:\\\/\\\/infos-droitshumains.net\\\/?p=5794\"},\"wordCount\":561,\"commentCount\":0,\"publisher\":{\"@id\":\"https:\\\/\\\/infos-droitshumains.net\\\/#organization\"},\"image\":{\"@id\":\"https:\\\/\\\/infos-droitshumains.net\\\/?p=5794#primaryimage\"},\"thumbnailUrl\":\"https:\\\/\\\/i0.wp.com\\\/infos-droitshumains.net\\\/wp-content\\\/uploads\\\/2022\\\/11\\\/IMG-20221125-WA0054_1.jpg?fit=1080%2C644&ssl=1\",\"articleSection\":[\"Droits Humains\"],\"inLanguage\":\"fr-FR\",\"potentialAction\":[{\"@type\":\"CommentAction\",\"name\":\"Comment\",\"target\":[\"https:\\\/\\\/infos-droitshumains.net\\\/?p=5794#respond\"]}]},{\"@type\":\"WebPage\",\"@id\":\"https:\\\/\\\/infos-droitshumains.net\\\/?p=5794\",\"url\":\"https:\\\/\\\/infos-droitshumains.net\\\/?p=5794\",\"name\":\"Appui au processus de justice transitionnelle en RDC : l'\u00e9quipe d'assistance technique cl\u00f4ture sa retraite - Infos Droits Humains\",\"isPartOf\":{\"@id\":\"https:\\\/\\\/infos-droitshumains.net\\\/#website\"},\"primaryImageOfPage\":{\"@id\":\"https:\\\/\\\/infos-droitshumains.net\\\/?p=5794#primaryimage\"},\"image\":{\"@id\":\"https:\\\/\\\/infos-droitshumains.net\\\/?p=5794#primaryimage\"},\"thumbnailUrl\":\"https:\\\/\\\/i0.wp.com\\\/infos-droitshumains.net\\\/wp-content\\\/uploads\\\/2022\\\/11\\\/IMG-20221125-WA0054_1.jpg?fit=1080%2C644&ssl=1\",\"datePublished\":\"2022-11-25T21:06:06+00:00\",\"dateModified\":\"2022-11-25T21:10:14+00:00\",\"breadcrumb\":{\"@id\":\"https:\\\/\\\/infos-droitshumains.net\\\/?p=5794#breadcrumb\"},\"inLanguage\":\"fr-FR\",\"potentialAction\":[{\"@type\":\"ReadAction\",\"target\":[\"https:\\\/\\\/infos-droitshumains.net\\\/?p=5794\"]}]},{\"@type\":\"ImageObject\",\"inLanguage\":\"fr-FR\",\"@id\":\"https:\\\/\\\/infos-droitshumains.net\\\/?p=5794#primaryimage\",\"url\":\"https:\\\/\\\/i0.wp.com\\\/infos-droitshumains.net\\\/wp-content\\\/uploads\\\/2022\\\/11\\\/IMG-20221125-WA0054_1.jpg?fit=1080%2C644&ssl=1\",\"contentUrl\":\"https:\\\/\\\/i0.wp.com\\\/infos-droitshumains.net\\\/wp-content\\\/uploads\\\/2022\\\/11\\\/IMG-20221125-WA0054_1.jpg?fit=1080%2C644&ssl=1\",\"width\":1080,\"height\":644},{\"@type\":\"BreadcrumbList\",\"@id\":\"https:\\\/\\\/infos-droitshumains.net\\\/?p=5794#breadcrumb\",\"itemListElement\":[{\"@type\":\"ListItem\",\"position\":1,\"name\":\"Accueil\",\"item\":\"https:\\\/\\\/infos-droitshumains.net\\\/\"},{\"@type\":\"ListItem\",\"position\":2,\"name\":\"Appui au processus de justice transitionnelle en RDC : l&rsquo;\u00e9quipe d&rsquo;assistance technique cl\u00f4ture sa retraite\"}]},{\"@type\":\"WebSite\",\"@id\":\"https:\\\/\\\/infos-droitshumains.net\\\/#website\",\"url\":\"https:\\\/\\\/infos-droitshumains.net\\\/\",\"name\":\"Infos Droits Humains\",\"description\":\"S&#039;informer est un droit\",\"publisher\":{\"@id\":\"https:\\\/\\\/infos-droitshumains.net\\\/#organization\"},\"potentialAction\":[{\"@type\":\"SearchAction\",\"target\":{\"@type\":\"EntryPoint\",\"urlTemplate\":\"https:\\\/\\\/infos-droitshumains.net\\\/?s={search_term_string}\"},\"query-input\":{\"@type\":\"PropertyValueSpecification\",\"valueRequired\":true,\"valueName\":\"search_term_string\"}}],\"inLanguage\":\"fr-FR\"},{\"@type\":\"Organization\",\"@id\":\"https:\\\/\\\/infos-droitshumains.net\\\/#organization\",\"name\":\"Infos Droits Humains\",\"url\":\"https:\\\/\\\/infos-droitshumains.net\\\/\",\"logo\":{\"@type\":\"ImageObject\",\"inLanguage\":\"fr-FR\",\"@id\":\"https:\\\/\\\/infos-droitshumains.net\\\/#\\\/schema\\\/logo\\\/image\\\/\",\"url\":\"https:\\\/\\\/i0.wp.com\\\/infos-droitshumains.net\\\/wp-content\\\/uploads\\\/2022\\\/05\\\/Logo.png?fit=333%2C129&ssl=1\",\"contentUrl\":\"https:\\\/\\\/i0.wp.com\\\/infos-droitshumains.net\\\/wp-content\\\/uploads\\\/2022\\\/05\\\/Logo.png?fit=333%2C129&ssl=1\",\"width\":333,\"height\":129,\"caption\":\"Infos Droits Humains\"},\"image\":{\"@id\":\"https:\\\/\\\/infos-droitshumains.net\\\/#\\\/schema\\\/logo\\\/image\\\/\"}},{\"@type\":\"Person\",\"@id\":\"https:\\\/\\\/infos-droitshumains.net\\\/#\\\/schema\\\/person\\\/3dc5e921c3302172e0ed4362f96faab7\",\"name\":\"Jo\u00ebl Diawa\",\"image\":{\"@type\":\"ImageObject\",\"inLanguage\":\"fr-FR\",\"@id\":\"https:\\\/\\\/secure.gravatar.com\\\/avatar\\\/729bea6ff4604c624417803c477363be8e3c7186deaa65713313f9b4b820f41c?s=96&d=mm&r=g\",\"url\":\"https:\\\/\\\/secure.gravatar.com\\\/avatar\\\/729bea6ff4604c624417803c477363be8e3c7186deaa65713313f9b4b820f41c?s=96&d=mm&r=g\",\"contentUrl\":\"https:\\\/\\\/secure.gravatar.com\\\/avatar\\\/729bea6ff4604c624417803c477363be8e3c7186deaa65713313f9b4b820f41c?s=96&d=mm&r=g\",\"caption\":\"Jo\u00ebl Diawa\"},\"sameAs\":[\"https:\\\/\\\/www.infos-droitshumains.net\"],\"url\":\"https:\\\/\\\/infos-droitshumains.net\\\/?author=2\"}]}<\/script>\n<!-- \/ Yoast SEO plugin. -->","yoast_head_json":{"title":"Appui au processus de justice transitionnelle en RDC : l'\u00e9quipe d'assistance technique cl\u00f4ture sa retraite - Infos Droits Humains","robots":{"index":"index","follow":"follow","max-snippet":"max-snippet:-1","max-image-preview":"max-image-preview:large","max-video-preview":"max-video-preview:-1"},"canonical":"https:\/\/infos-droitshumains.net\/?p=5794","og_locale":"fr_FR","og_type":"article","og_title":"Appui au processus de justice transitionnelle en RDC : l'\u00e9quipe d'assistance technique cl\u00f4ture sa retraite - Infos Droits Humains","og_description":"R\u00e9daction :+243817406088 La retraite de l&rsquo;Equipe d&rsquo;Assistance Technique (EAT) s&rsquo;est cl\u00f4tur\u00e9e le 24 novembre 2022...","og_url":"https:\/\/infos-droitshumains.net\/?p=5794","og_site_name":"Infos Droits Humains","article_published_time":"2022-11-25T21:06:06+00:00","article_modified_time":"2022-11-25T21:10:14+00:00","og_image":[{"width":1080,"height":644,"url":"https:\/\/i0.wp.com\/infos-droitshumains.net\/wp-content\/uploads\/2022\/11\/IMG-20221125-WA0054_1.jpg?fit=1080%2C644&ssl=1","type":"image\/jpeg"}],"author":"Jo\u00ebl Diawa","twitter_card":"summary_large_image","twitter_misc":{"\u00c9crit par":"Jo\u00ebl Diawa","Dur\u00e9e de lecture estim\u00e9e":"3 minutes"},"schema":{"@context":"https:\/\/schema.org","@graph":[{"@type":"Article","@id":"https:\/\/infos-droitshumains.net\/?p=5794#article","isPartOf":{"@id":"https:\/\/infos-droitshumains.net\/?p=5794"},"author":{"name":"Jo\u00ebl Diawa","@id":"https:\/\/infos-droitshumains.net\/#\/schema\/person\/3dc5e921c3302172e0ed4362f96faab7"},"headline":"Appui au processus de justice transitionnelle en RDC : l&rsquo;\u00e9quipe d&rsquo;assistance technique cl\u00f4ture sa retraite","datePublished":"2022-11-25T21:06:06+00:00","dateModified":"2022-11-25T21:10:14+00:00","mainEntityOfPage":{"@id":"https:\/\/infos-droitshumains.net\/?p=5794"},"wordCount":561,"commentCount":0,"publisher":{"@id":"https:\/\/infos-droitshumains.net\/#organization"},"image":{"@id":"https:\/\/infos-droitshumains.net\/?p=5794#primaryimage"},"thumbnailUrl":"https:\/\/i0.wp.com\/infos-droitshumains.net\/wp-content\/uploads\/2022\/11\/IMG-20221125-WA0054_1.jpg?fit=1080%2C644&ssl=1","articleSection":["Droits Humains"],"inLanguage":"fr-FR","potentialAction":[{"@type":"CommentAction","name":"Comment","target":["https:\/\/infos-droitshumains.net\/?p=5794#respond"]}]},{"@type":"WebPage","@id":"https:\/\/infos-droitshumains.net\/?p=5794","url":"https:\/\/infos-droitshumains.net\/?p=5794","name":"Appui au processus de justice transitionnelle en RDC : l'\u00e9quipe d'assistance technique cl\u00f4ture sa retraite - Infos Droits Humains","isPartOf":{"@id":"https:\/\/infos-droitshumains.net\/#website"},"primaryImageOfPage":{"@id":"https:\/\/infos-droitshumains.net\/?p=5794#primaryimage"},"image":{"@id":"https:\/\/infos-droitshumains.net\/?p=5794#primaryimage"},"thumbnailUrl":"https:\/\/i0.wp.com\/infos-droitshumains.net\/wp-content\/uploads\/2022\/11\/IMG-20221125-WA0054_1.jpg?fit=1080%2C644&ssl=1","datePublished":"2022-11-25T21:06:06+00:00","dateModified":"2022-11-25T21:10:14+00:00","breadcrumb":{"@id":"https:\/\/infos-droitshumains.net\/?p=5794#breadcrumb"},"inLanguage":"fr-FR","potentialAction":[{"@type":"ReadAction","target":["https:\/\/infos-droitshumains.net\/?p=5794"]}]},{"@type":"ImageObject","inLanguage":"fr-FR","@id":"https:\/\/infos-droitshumains.net\/?p=5794#primaryimage","url":"https:\/\/i0.wp.com\/infos-droitshumains.net\/wp-content\/uploads\/2022\/11\/IMG-20221125-WA0054_1.jpg?fit=1080%2C644&ssl=1","contentUrl":"https:\/\/i0.wp.com\/infos-droitshumains.net\/wp-content\/uploads\/2022\/11\/IMG-20221125-WA0054_1.jpg?fit=1080%2C644&ssl=1","width":1080,"height":644},{"@type":"BreadcrumbList","@id":"https:\/\/infos-droitshumains.net\/?p=5794#breadcrumb","itemListElement":[{"@type":"ListItem","position":1,"name":"Accueil","item":"https:\/\/infos-droitshumains.net\/"},{"@type":"ListItem","position":2,"name":"Appui au processus de justice transitionnelle en RDC : l&rsquo;\u00e9quipe d&rsquo;assistance technique cl\u00f4ture sa retraite"}]},{"@type":"WebSite","@id":"https:\/\/infos-droitshumains.net\/#website","url":"https:\/\/infos-droitshumains.net\/","name":"Infos Droits Humains","description":"S&#039;informer est un droit","publisher":{"@id":"https:\/\/infos-droitshumains.net\/#organization"},"potentialAction":[{"@type":"SearchAction","target":{"@type":"EntryPoint","urlTemplate":"https:\/\/infos-droitshumains.net\/?s={search_term_string}"},"query-input":{"@type":"PropertyValueSpecification","valueRequired":true,"valueName":"search_term_string"}}],"inLanguage":"fr-FR"},{"@type":"Organization","@id":"https:\/\/infos-droitshumains.net\/#organization","name":"Infos Droits Humains","url":"https:\/\/infos-droitshumains.net\/","logo":{"@type":"ImageObject","inLanguage":"fr-FR","@id":"https:\/\/infos-droitshumains.net\/#\/schema\/logo\/image\/","url":"https:\/\/i0.wp.com\/infos-droitshumains.net\/wp-content\/uploads\/2022\/05\/Logo.png?fit=333%2C129&ssl=1","contentUrl":"https:\/\/i0.wp.com\/infos-droitshumains.net\/wp-content\/uploads\/2022\/05\/Logo.png?fit=333%2C129&ssl=1","width":333,"height":129,"caption":"Infos Droits Humains"},"image":{"@id":"https:\/\/infos-droitshumains.net\/#\/schema\/logo\/image\/"}},{"@type":"Person","@id":"https:\/\/infos-droitshumains.net\/#\/schema\/person\/3dc5e921c3302172e0ed4362f96faab7","name":"Jo\u00ebl Diawa","image":{"@type":"ImageObject","inLanguage":"fr-FR","@id":"https:\/\/secure.gravatar.com\/avatar\/729bea6ff4604c624417803c477363be8e3c7186deaa65713313f9b4b820f41c?s=96&d=mm&r=g","url":"https:\/\/secure.gravatar.com\/avatar\/729bea6ff4604c624417803c477363be8e3c7186deaa65713313f9b4b820f41c?s=96&d=mm&r=g","contentUrl":"https:\/\/secure.gravatar.com\/avatar\/729bea6ff4604c624417803c477363be8e3c7186deaa65713313f9b4b820f41c?s=96&d=mm&r=g","caption":"Jo\u00ebl Diawa"},"sameAs":["https:\/\/www.infos-droitshumains.net"],"url":"https:\/\/infos-droitshumains.net\/?author=2"}]}},"featured_image_urls":{"full":["https:\/\/i0.wp.com\/infos-droitshumains.net\/wp-content\/uploads\/2022\/11\/IMG-20221125-WA0054_1.jpg?fit=1080%2C644&ssl=1",1080,644,false],"thumbnail":["https:\/\/i0.wp.com\/infos-droitshumains.net\/wp-content\/uploads\/2022\/11\/IMG-20221125-WA0054_1.jpg?resize=150%2C150&ssl=1",150,150,true],"medium":["https:\/\/i0.wp.com\/infos-droitshumains.net\/wp-content\/uploads\/2022\/11\/IMG-20221125-WA0054_1.jpg?fit=300%2C179&ssl=1",300,179,true],"medium_large":["https:\/\/i0.wp.com\/infos-droitshumains.net\/wp-content\/uploads\/2022\/11\/IMG-20221125-WA0054_1.jpg?fit=640%2C382&ssl=1",640,382,true],"large":["https:\/\/i0.wp.com\/infos-droitshumains.net\/wp-content\/uploads\/2022\/11\/IMG-20221125-WA0054_1.jpg?fit=640%2C382&ssl=1",640,382,true],"1536x1536":["https:\/\/i0.wp.com\/infos-droitshumains.net\/wp-content\/uploads\/2022\/11\/IMG-20221125-WA0054_1.jpg?fit=1080%2C644&ssl=1",1080,644,true],"2048x2048":["https:\/\/i0.wp.com\/infos-droitshumains.net\/wp-content\/uploads\/2022\/11\/IMG-20221125-WA0054_1.jpg?fit=1080%2C644&ssl=1",1080,644,true],"covernews-slider-full":["https:\/\/i0.wp.com\/infos-droitshumains.net\/wp-content\/uploads\/2022\/11\/IMG-20221125-WA0054_1.jpg?resize=1080%2C644&ssl=1",1080,644,true],"covernews-slider-center":["https:\/\/i0.wp.com\/infos-droitshumains.net\/wp-content\/uploads\/2022\/11\/IMG-20221125-WA0054_1.jpg?resize=800%2C500&ssl=1",800,500,true],"covernews-featured":["https:\/\/i0.wp.com\/infos-droitshumains.net\/wp-content\/uploads\/2022\/11\/IMG-20221125-WA0054_1.jpg?fit=1024%2C611&ssl=1",1024,611,true],"covernews-medium":["https:\/\/i0.wp.com\/infos-droitshumains.net\/wp-content\/uploads\/2022\/11\/IMG-20221125-WA0054_1.jpg?resize=540%2C340&ssl=1",540,340,true],"covernews-medium-square":["https:\/\/i0.wp.com\/infos-droitshumains.net\/wp-content\/uploads\/2022\/11\/IMG-20221125-WA0054_1.jpg?resize=400%2C250&ssl=1",400,250,true]},"author_info":{"display_name":"Jo\u00ebl Diawa","author_link":"https:\/\/infos-droitshumains.net\/?author=2"},"category_info":"<a href=\"https:\/\/infos-droitshumains.net\/?cat=7\" rel=\"category\">Droits Humains<\/a>","tag_info":"Droits Humains","comment_count":"0","jetpack_featured_media_url":"https:\/\/i0.wp.com\/infos-droitshumains.net\/wp-content\/uploads\/2022\/11\/IMG-20221125-WA0054_1.jpg?fit=1080%2C644&ssl=1","jetpack-related-posts":[],"jetpack_sharing_enabled":true,"_links":{"self":[{"href":"https:\/\/infos-droitshumains.net\/index.php?rest_route=\/wp\/v2\/posts\/5794","targetHints":{"allow":["GET"]}}],"collection":[{"href":"https:\/\/infos-droitshumains.net\/index.php?rest_route=\/wp\/v2\/posts"}],"about":[{"href":"https:\/\/infos-droitshumains.net\/index.php?rest_route=\/wp\/v2\/types\/post"}],"author":[{"embeddable":true,"href":"https:\/\/infos-droitshumains.net\/index.php?rest_route=\/wp\/v2\/users\/2"}],"replies":[{"embeddable":true,"href":"https:\/\/infos-droitshumains.net\/index.php?rest_route=%2Fwp%2Fv2%2Fcomments&post=5794"}],"version-history":[{"count":2,"href":"https:\/\/infos-droitshumains.net\/index.php?rest_route=\/wp\/v2\/posts\/5794\/revisions"}],"predecessor-version":[{"id":5796,"href":"https:\/\/infos-droitshumains.net\/index.php?rest_route=\/wp\/v2\/posts\/5794\/revisions\/5796"}],"wp:featuredmedia":[{"embeddable":true,"href":"https:\/\/infos-droitshumains.net\/index.php?rest_route=\/wp\/v2\/media\/5797"}],"wp:attachment":[{"href":"https:\/\/infos-droitshumains.net\/index.php?rest_route=%2Fwp%2Fv2%2Fmedia&parent=5794"}],"wp:term":[{"taxonomy":"category","embeddable":true,"href":"https:\/\/infos-droitshumains.net\/index.php?rest_route=%2Fwp%2Fv2%2Fcategories&post=5794"},{"taxonomy":"post_tag","embeddable":true,"href":"https:\/\/infos-droitshumains.net\/index.php?rest_route=%2Fwp%2Fv2%2Ftags&post=5794"}],"curies":[{"name":"wp","href":"https:\/\/api.w.org\/{rel}","templated":true}]}}