{"id":5790,"date":"2022-11-25T21:39:23","date_gmt":"2022-11-25T20:39:23","guid":{"rendered":"https:\/\/infos-droitshumains.net\/?p=5790"},"modified":"2022-11-25T21:43:49","modified_gmt":"2022-11-25T20:43:49","slug":"rdc-convaincue-par-la-pertinence-des-reponses-du-ministre-sakombi-molendo-lassemblee-nationale-juge-recevable-le-projet-de-la-nouvelle-loi-fonciere","status":"publish","type":"post","link":"https:\/\/infos-droitshumains.net\/?p=5790","title":{"rendered":"RDC : Convaincue par la pertinence des r\u00e9ponses du ministre Sakombi Molendo, l\u2019Assembl\u00e9e Nationale juge recevable le projet de la nouvelle loi fonci\u00e8re"},"content":{"rendered":"\n<p><strong>R\u00e9daction :+243817406088<\/strong><\/p>\n\n\n\n<p>Deux jours apr\u00e8s son passage \u00e0 l\u2019Assembl\u00e9e Nationale, le ministre des affaires fonci\u00e8res est revenu pour r\u00e9pondre aux pr\u00e9occupations des \u00e9lus soulev\u00e9s lors de la pr\u00e9sentation de l\u2019\u00e9conomie de l\u2019avant-projet de loi modificatif de la loi n\u00b0 73-021 du 20 juillet 1973 portant r\u00e9gime g\u00e9n\u00e9ral des biens, r\u00e9gime foncier et immobilier et r\u00e9gime des s\u00fbret\u00e9s tel que modifi\u00e9e en 1980.<\/p>\n\n\n\n<p>Au total, 30 questions avaient \u00e9t\u00e9 pos\u00e9es par les \u00e9lus nationaux \u00e0 Aim\u00e9 Sakombi Molendo pour qui, cet engouement t\u00e9moignage l&rsquo;importance accord\u00e9e \u00e0 cette loi en gestation.<\/p>\n\n\n\n<p><em>\u00ab Lorsque je suis mont\u00e9 \u00e0 cette tribune le mercredi 23 novembre dernier pour la pr\u00e9sentation du projet modificatif de la loi n\u00b0 73-021 du 20 juillet 1973 portant r\u00e9gime g\u00e9n\u00e9ral des biens, r\u00e9gime foncier et immobilier et r\u00e9gime des s\u00fbret\u00e9s, modifi\u00e9e en 1980, j\u2019\u00e9tais conscient, vu l\u2019acuit\u00e9 du sujet, qu\u2019il allait aguicher l\u2019int\u00e9r\u00eat de votre Auguste assembl\u00e9e ; mais j\u2019avoue que l\u2019enthousiasme teint\u00e9 parfois de passion dont vous avez fait montre, et la pertinence de vos questions ont confort\u00e9 ma d\u00e9termination de faire aboutir cette r\u00e9forme majeure dont la qu\u00eate dure depuis 10 ans ! \u00bb<\/em>, a-t-il dit \u00e0 la tribune de l\u2019h\u00e9micycle.<\/p>\n\n\n\n<p>Et de rench\u00e9rir : <em>\u00ab Par ailleurs, l\u2019accueil chaleureux r\u00e9serv\u00e9 \u00e0 ce projet de Nouvelle Loi fonci\u00e8re, les marques de reconnaissance et les f\u00e9licitations des \u00e9lus qui ont d\u00e9fil\u00e9 \u00e0 ce micro sont la preuve que le Pr\u00e9sident de la R\u00e9publique et Chef de l\u2019Etat, Son Excellence F\u00e9lix-Antoine Tshisekedi Tshilombo avait vu juste en promettant de faire aboutir cette r\u00e9forme ; et que le Premier ministre Jean-Michel Sama Lukonde et son gouvernement ont \u00e9t\u00e9 bien inspir\u00e9s d\u2019endosser cette promesse qui se mat\u00e9rialise aujourd\u2019hui \u00e0 travers ce projet de Loi soumis \u00e0 votre recevabilit\u00e9 \u00bb.<\/em><\/p>\n\n\n\n<p>Pour le patron des affaires fonci\u00e8res, <em>\u00ab La gouvernance fonci\u00e8re demeure la pierre angulaire de la s\u00e9curit\u00e9 collective et individuelle, gage de croissance \u00e9conomique et de bien-\u00eatre de tous les Congolais \u00bb.<\/em><\/p>\n\n\n\n<p>D\u2019o\u00f9, il estime qu&rsquo;Il \u00e9tait donc temps que la RDC <em>\u00ab se dote de nouveaux instruments en phase avec les r\u00e9alit\u00e9s actuelles pour s\u00e9curiser les droits fonciers et immobiliers ; et optimiser la gestion des terres congolaises \u00bb.<\/em><\/p>\n\n\n\n<p>R\u00e9pondant aux pr\u00e9occupations des d\u00e9put\u00e9s, Aim\u00e9 Sakombi Molendo les a regroup\u00e9 \u00e0 huit th\u00e9matiques principales \u00e0 savoir : Le r\u00e9gime des terres des communaut\u00e9s et locales et le r\u00f4le de l\u2019autorit\u00e9 traditionnelle, la responsabilisation civile et p\u00e9nale du conservateur des titres immobiliers, du chef de division du cadastre et des autres agents sous leur responsabilit\u00e9, dont le dispositif devrait \u00eatre plus dissuasif, la probl\u00e9matique de la force probante attach\u00e9e au certificat d\u2019enregistrement et de la s\u00e9curit\u00e9 des transactions fonci\u00e8res et immobili\u00e8res, la probl\u00e9matique de l\u2019acc\u00e8s des \u00e9trangers \u00e0 la terre, la s\u00e9curisation des biens fonciers et immobiliers du domaine public de l\u2019Etat, le ph\u00e9nom\u00e8ne de la th\u00e9saurisation et de l\u2019accaparement des terres rurales, la r\u00e9\u00e9criture de certaines dispositions du projet de loi et l\u2019extension de la conciliation, comme mode alternatif de r\u00e8glement des conflits fonciers, aux diff\u00e9rends sur les terres urbaines \u00e0 l\u2019instar des terres des communaut\u00e9s locales.<\/p>\n\n\n\n<p>Convenus par les pertinentes r\u00e9ponses du ministre, les d\u00e9put\u00e9s ont \u00e0 l\u2019unanimit\u00e9, jug\u00e9 recevable ce projet de loi et l\u2019ont envoy\u00e9 \u00e0 la commission Politique Administrative et Juridique pour un examen approfondi. Cette commission \u00e0 donc sept jour avant de pr\u00e9senter le rapport de ses travaux \u00e0 la pl\u00e9ni\u00e8re pour une \u00e9ventuelle adoption.<\/p>\n\n\n\n<p>Jo\u00ebl Diawa<\/p>\n","protected":false},"excerpt":{"rendered":"<p>R\u00e9daction :+243817406088 Deux jours apr\u00e8s son passage \u00e0 l\u2019Assembl\u00e9e Nationale, le ministre des affaires fonci\u00e8res&#8230;<\/p>\n","protected":false},"author":2,"featured_media":5793,"comment_status":"open","ping_status":"open","sticky":false,"template":"","format":"standard","meta":{"_jetpack_memberships_contains_paid_content":false,"footnotes":""},"categories":[3],"tags":[],"class_list":["post-5790","post","type-post","status-publish","format-standard","has-post-thumbnail","hentry","category-politique"],"yoast_head":"<!-- This site is optimized with the Yoast SEO plugin v27.5 - https:\/\/yoast.com\/product\/yoast-seo-wordpress\/ -->\n<title>RDC : Convaincue par la pertinence des r\u00e9ponses du ministre Sakombi Molendo, l\u2019Assembl\u00e9e Nationale juge recevable le projet de la nouvelle loi fonci\u00e8re - Infos Droits Humains<\/title>\n<meta name=\"robots\" content=\"index, follow, max-snippet:-1, max-image-preview:large, max-video-preview:-1\" \/>\n<link rel=\"canonical\" href=\"https:\/\/infos-droitshumains.net\/?p=5790\" \/>\n<meta property=\"og:locale\" content=\"fr_FR\" \/>\n<meta property=\"og:type\" content=\"article\" \/>\n<meta property=\"og:title\" content=\"RDC : Convaincue par la pertinence des r\u00e9ponses du ministre Sakombi Molendo, l\u2019Assembl\u00e9e Nationale juge recevable le projet de la nouvelle loi fonci\u00e8re - Infos Droits Humains\" \/>\n<meta property=\"og:description\" content=\"R\u00e9daction :+243817406088 Deux jours apr\u00e8s son passage \u00e0 l\u2019Assembl\u00e9e Nationale, le ministre des affaires fonci\u00e8res...\" \/>\n<meta property=\"og:url\" content=\"https:\/\/infos-droitshumains.net\/?p=5790\" \/>\n<meta property=\"og:site_name\" content=\"Infos Droits Humains\" \/>\n<meta property=\"article:published_time\" content=\"2022-11-25T20:39:23+00:00\" \/>\n<meta property=\"article:modified_time\" content=\"2022-11-25T20:43:49+00:00\" \/>\n<meta property=\"og:image\" content=\"https:\/\/i0.wp.com\/infos-droitshumains.net\/wp-content\/uploads\/2022\/11\/IMG-20221125-WA0008_1.jpg?fit=894%2C699&ssl=1\" \/>\n\t<meta property=\"og:image:width\" content=\"894\" \/>\n\t<meta property=\"og:image:height\" content=\"699\" \/>\n\t<meta property=\"og:image:type\" content=\"image\/jpeg\" \/>\n<meta name=\"author\" content=\"Jo\u00ebl Diawa\" \/>\n<meta name=\"twitter:card\" content=\"summary_large_image\" \/>\n<meta name=\"twitter:label1\" content=\"\u00c9crit par\" \/>\n\t<meta name=\"twitter:data1\" content=\"Jo\u00ebl Diawa\" \/>\n\t<meta name=\"twitter:label2\" content=\"Dur\u00e9e de lecture estim\u00e9e\" \/>\n\t<meta name=\"twitter:data2\" content=\"3 minutes\" \/>\n<script type=\"application\/ld+json\" class=\"yoast-schema-graph\">{\"@context\":\"https:\\\/\\\/schema.org\",\"@graph\":[{\"@type\":\"Article\",\"@id\":\"https:\\\/\\\/infos-droitshumains.net\\\/?p=5790#article\",\"isPartOf\":{\"@id\":\"https:\\\/\\\/infos-droitshumains.net\\\/?p=5790\"},\"author\":{\"name\":\"Jo\u00ebl Diawa\",\"@id\":\"https:\\\/\\\/infos-droitshumains.net\\\/#\\\/schema\\\/person\\\/3dc5e921c3302172e0ed4362f96faab7\"},\"headline\":\"RDC : Convaincue par la pertinence des r\u00e9ponses du ministre Sakombi Molendo, l\u2019Assembl\u00e9e Nationale juge recevable le projet de la nouvelle loi fonci\u00e8re\",\"datePublished\":\"2022-11-25T20:39:23+00:00\",\"dateModified\":\"2022-11-25T20:43:49+00:00\",\"mainEntityOfPage\":{\"@id\":\"https:\\\/\\\/infos-droitshumains.net\\\/?p=5790\"},\"wordCount\":653,\"commentCount\":0,\"publisher\":{\"@id\":\"https:\\\/\\\/infos-droitshumains.net\\\/#organization\"},\"image\":{\"@id\":\"https:\\\/\\\/infos-droitshumains.net\\\/?p=5790#primaryimage\"},\"thumbnailUrl\":\"https:\\\/\\\/i0.wp.com\\\/infos-droitshumains.net\\\/wp-content\\\/uploads\\\/2022\\\/11\\\/IMG-20221125-WA0008_1.jpg?fit=894%2C699&ssl=1\",\"articleSection\":[\"Politique\"],\"inLanguage\":\"fr-FR\",\"potentialAction\":[{\"@type\":\"CommentAction\",\"name\":\"Comment\",\"target\":[\"https:\\\/\\\/infos-droitshumains.net\\\/?p=5790#respond\"]}]},{\"@type\":\"WebPage\",\"@id\":\"https:\\\/\\\/infos-droitshumains.net\\\/?p=5790\",\"url\":\"https:\\\/\\\/infos-droitshumains.net\\\/?p=5790\",\"name\":\"RDC : Convaincue par la pertinence des r\u00e9ponses du ministre Sakombi Molendo, l\u2019Assembl\u00e9e Nationale juge recevable le projet de la nouvelle loi fonci\u00e8re - Infos Droits Humains\",\"isPartOf\":{\"@id\":\"https:\\\/\\\/infos-droitshumains.net\\\/#website\"},\"primaryImageOfPage\":{\"@id\":\"https:\\\/\\\/infos-droitshumains.net\\\/?p=5790#primaryimage\"},\"image\":{\"@id\":\"https:\\\/\\\/infos-droitshumains.net\\\/?p=5790#primaryimage\"},\"thumbnailUrl\":\"https:\\\/\\\/i0.wp.com\\\/infos-droitshumains.net\\\/wp-content\\\/uploads\\\/2022\\\/11\\\/IMG-20221125-WA0008_1.jpg?fit=894%2C699&ssl=1\",\"datePublished\":\"2022-11-25T20:39:23+00:00\",\"dateModified\":\"2022-11-25T20:43:49+00:00\",\"breadcrumb\":{\"@id\":\"https:\\\/\\\/infos-droitshumains.net\\\/?p=5790#breadcrumb\"},\"inLanguage\":\"fr-FR\",\"potentialAction\":[{\"@type\":\"ReadAction\",\"target\":[\"https:\\\/\\\/infos-droitshumains.net\\\/?p=5790\"]}]},{\"@type\":\"ImageObject\",\"inLanguage\":\"fr-FR\",\"@id\":\"https:\\\/\\\/infos-droitshumains.net\\\/?p=5790#primaryimage\",\"url\":\"https:\\\/\\\/i0.wp.com\\\/infos-droitshumains.net\\\/wp-content\\\/uploads\\\/2022\\\/11\\\/IMG-20221125-WA0008_1.jpg?fit=894%2C699&ssl=1\",\"contentUrl\":\"https:\\\/\\\/i0.wp.com\\\/infos-droitshumains.net\\\/wp-content\\\/uploads\\\/2022\\\/11\\\/IMG-20221125-WA0008_1.jpg?fit=894%2C699&ssl=1\",\"width\":894,\"height\":699},{\"@type\":\"BreadcrumbList\",\"@id\":\"https:\\\/\\\/infos-droitshumains.net\\\/?p=5790#breadcrumb\",\"itemListElement\":[{\"@type\":\"ListItem\",\"position\":1,\"name\":\"Accueil\",\"item\":\"https:\\\/\\\/infos-droitshumains.net\\\/\"},{\"@type\":\"ListItem\",\"position\":2,\"name\":\"RDC : Convaincue par la pertinence des r\u00e9ponses du ministre Sakombi Molendo, l\u2019Assembl\u00e9e Nationale juge recevable le projet de la nouvelle loi fonci\u00e8re\"}]},{\"@type\":\"WebSite\",\"@id\":\"https:\\\/\\\/infos-droitshumains.net\\\/#website\",\"url\":\"https:\\\/\\\/infos-droitshumains.net\\\/\",\"name\":\"Infos Droits Humains\",\"description\":\"S&#039;informer est un droit\",\"publisher\":{\"@id\":\"https:\\\/\\\/infos-droitshumains.net\\\/#organization\"},\"potentialAction\":[{\"@type\":\"SearchAction\",\"target\":{\"@type\":\"EntryPoint\",\"urlTemplate\":\"https:\\\/\\\/infos-droitshumains.net\\\/?s={search_term_string}\"},\"query-input\":{\"@type\":\"PropertyValueSpecification\",\"valueRequired\":true,\"valueName\":\"search_term_string\"}}],\"inLanguage\":\"fr-FR\"},{\"@type\":\"Organization\",\"@id\":\"https:\\\/\\\/infos-droitshumains.net\\\/#organization\",\"name\":\"Infos Droits Humains\",\"url\":\"https:\\\/\\\/infos-droitshumains.net\\\/\",\"logo\":{\"@type\":\"ImageObject\",\"inLanguage\":\"fr-FR\",\"@id\":\"https:\\\/\\\/infos-droitshumains.net\\\/#\\\/schema\\\/logo\\\/image\\\/\",\"url\":\"https:\\\/\\\/i0.wp.com\\\/infos-droitshumains.net\\\/wp-content\\\/uploads\\\/2022\\\/05\\\/Logo.png?fit=333%2C129&ssl=1\",\"contentUrl\":\"https:\\\/\\\/i0.wp.com\\\/infos-droitshumains.net\\\/wp-content\\\/uploads\\\/2022\\\/05\\\/Logo.png?fit=333%2C129&ssl=1\",\"width\":333,\"height\":129,\"caption\":\"Infos Droits Humains\"},\"image\":{\"@id\":\"https:\\\/\\\/infos-droitshumains.net\\\/#\\\/schema\\\/logo\\\/image\\\/\"}},{\"@type\":\"Person\",\"@id\":\"https:\\\/\\\/infos-droitshumains.net\\\/#\\\/schema\\\/person\\\/3dc5e921c3302172e0ed4362f96faab7\",\"name\":\"Jo\u00ebl Diawa\",\"image\":{\"@type\":\"ImageObject\",\"inLanguage\":\"fr-FR\",\"@id\":\"https:\\\/\\\/secure.gravatar.com\\\/avatar\\\/729bea6ff4604c624417803c477363be8e3c7186deaa65713313f9b4b820f41c?s=96&d=mm&r=g\",\"url\":\"https:\\\/\\\/secure.gravatar.com\\\/avatar\\\/729bea6ff4604c624417803c477363be8e3c7186deaa65713313f9b4b820f41c?s=96&d=mm&r=g\",\"contentUrl\":\"https:\\\/\\\/secure.gravatar.com\\\/avatar\\\/729bea6ff4604c624417803c477363be8e3c7186deaa65713313f9b4b820f41c?s=96&d=mm&r=g\",\"caption\":\"Jo\u00ebl Diawa\"},\"sameAs\":[\"https:\\\/\\\/www.infos-droitshumains.net\"],\"url\":\"https:\\\/\\\/infos-droitshumains.net\\\/?author=2\"}]}<\/script>\n<!-- \/ Yoast SEO plugin. -->","yoast_head_json":{"title":"RDC : Convaincue par la pertinence des r\u00e9ponses du ministre Sakombi Molendo, l\u2019Assembl\u00e9e Nationale juge recevable le projet de la nouvelle loi fonci\u00e8re - Infos Droits Humains","robots":{"index":"index","follow":"follow","max-snippet":"max-snippet:-1","max-image-preview":"max-image-preview:large","max-video-preview":"max-video-preview:-1"},"canonical":"https:\/\/infos-droitshumains.net\/?p=5790","og_locale":"fr_FR","og_type":"article","og_title":"RDC : Convaincue par la pertinence des r\u00e9ponses du ministre Sakombi Molendo, l\u2019Assembl\u00e9e Nationale juge recevable le projet de la nouvelle loi fonci\u00e8re - Infos Droits Humains","og_description":"R\u00e9daction :+243817406088 Deux jours apr\u00e8s son passage \u00e0 l\u2019Assembl\u00e9e Nationale, le ministre des affaires fonci\u00e8res...","og_url":"https:\/\/infos-droitshumains.net\/?p=5790","og_site_name":"Infos Droits Humains","article_published_time":"2022-11-25T20:39:23+00:00","article_modified_time":"2022-11-25T20:43:49+00:00","og_image":[{"width":894,"height":699,"url":"https:\/\/i0.wp.com\/infos-droitshumains.net\/wp-content\/uploads\/2022\/11\/IMG-20221125-WA0008_1.jpg?fit=894%2C699&ssl=1","type":"image\/jpeg"}],"author":"Jo\u00ebl Diawa","twitter_card":"summary_large_image","twitter_misc":{"\u00c9crit par":"Jo\u00ebl Diawa","Dur\u00e9e de lecture estim\u00e9e":"3 minutes"},"schema":{"@context":"https:\/\/schema.org","@graph":[{"@type":"Article","@id":"https:\/\/infos-droitshumains.net\/?p=5790#article","isPartOf":{"@id":"https:\/\/infos-droitshumains.net\/?p=5790"},"author":{"name":"Jo\u00ebl Diawa","@id":"https:\/\/infos-droitshumains.net\/#\/schema\/person\/3dc5e921c3302172e0ed4362f96faab7"},"headline":"RDC : Convaincue par la pertinence des r\u00e9ponses du ministre Sakombi Molendo, l\u2019Assembl\u00e9e Nationale juge recevable le projet de la nouvelle loi fonci\u00e8re","datePublished":"2022-11-25T20:39:23+00:00","dateModified":"2022-11-25T20:43:49+00:00","mainEntityOfPage":{"@id":"https:\/\/infos-droitshumains.net\/?p=5790"},"wordCount":653,"commentCount":0,"publisher":{"@id":"https:\/\/infos-droitshumains.net\/#organization"},"image":{"@id":"https:\/\/infos-droitshumains.net\/?p=5790#primaryimage"},"thumbnailUrl":"https:\/\/i0.wp.com\/infos-droitshumains.net\/wp-content\/uploads\/2022\/11\/IMG-20221125-WA0008_1.jpg?fit=894%2C699&ssl=1","articleSection":["Politique"],"inLanguage":"fr-FR","potentialAction":[{"@type":"CommentAction","name":"Comment","target":["https:\/\/infos-droitshumains.net\/?p=5790#respond"]}]},{"@type":"WebPage","@id":"https:\/\/infos-droitshumains.net\/?p=5790","url":"https:\/\/infos-droitshumains.net\/?p=5790","name":"RDC : Convaincue par la pertinence des r\u00e9ponses du ministre Sakombi Molendo, l\u2019Assembl\u00e9e Nationale juge recevable le projet de la nouvelle loi fonci\u00e8re - Infos Droits Humains","isPartOf":{"@id":"https:\/\/infos-droitshumains.net\/#website"},"primaryImageOfPage":{"@id":"https:\/\/infos-droitshumains.net\/?p=5790#primaryimage"},"image":{"@id":"https:\/\/infos-droitshumains.net\/?p=5790#primaryimage"},"thumbnailUrl":"https:\/\/i0.wp.com\/infos-droitshumains.net\/wp-content\/uploads\/2022\/11\/IMG-20221125-WA0008_1.jpg?fit=894%2C699&ssl=1","datePublished":"2022-11-25T20:39:23+00:00","dateModified":"2022-11-25T20:43:49+00:00","breadcrumb":{"@id":"https:\/\/infos-droitshumains.net\/?p=5790#breadcrumb"},"inLanguage":"fr-FR","potentialAction":[{"@type":"ReadAction","target":["https:\/\/infos-droitshumains.net\/?p=5790"]}]},{"@type":"ImageObject","inLanguage":"fr-FR","@id":"https:\/\/infos-droitshumains.net\/?p=5790#primaryimage","url":"https:\/\/i0.wp.com\/infos-droitshumains.net\/wp-content\/uploads\/2022\/11\/IMG-20221125-WA0008_1.jpg?fit=894%2C699&ssl=1","contentUrl":"https:\/\/i0.wp.com\/infos-droitshumains.net\/wp-content\/uploads\/2022\/11\/IMG-20221125-WA0008_1.jpg?fit=894%2C699&ssl=1","width":894,"height":699},{"@type":"BreadcrumbList","@id":"https:\/\/infos-droitshumains.net\/?p=5790#breadcrumb","itemListElement":[{"@type":"ListItem","position":1,"name":"Accueil","item":"https:\/\/infos-droitshumains.net\/"},{"@type":"ListItem","position":2,"name":"RDC : Convaincue par la pertinence des r\u00e9ponses du ministre Sakombi Molendo, l\u2019Assembl\u00e9e Nationale juge recevable le projet de la nouvelle loi fonci\u00e8re"}]},{"@type":"WebSite","@id":"https:\/\/infos-droitshumains.net\/#website","url":"https:\/\/infos-droitshumains.net\/","name":"Infos Droits Humains","description":"S&#039;informer est un droit","publisher":{"@id":"https:\/\/infos-droitshumains.net\/#organization"},"potentialAction":[{"@type":"SearchAction","target":{"@type":"EntryPoint","urlTemplate":"https:\/\/infos-droitshumains.net\/?s={search_term_string}"},"query-input":{"@type":"PropertyValueSpecification","valueRequired":true,"valueName":"search_term_string"}}],"inLanguage":"fr-FR"},{"@type":"Organization","@id":"https:\/\/infos-droitshumains.net\/#organization","name":"Infos Droits Humains","url":"https:\/\/infos-droitshumains.net\/","logo":{"@type":"ImageObject","inLanguage":"fr-FR","@id":"https:\/\/infos-droitshumains.net\/#\/schema\/logo\/image\/","url":"https:\/\/i0.wp.com\/infos-droitshumains.net\/wp-content\/uploads\/2022\/05\/Logo.png?fit=333%2C129&ssl=1","contentUrl":"https:\/\/i0.wp.com\/infos-droitshumains.net\/wp-content\/uploads\/2022\/05\/Logo.png?fit=333%2C129&ssl=1","width":333,"height":129,"caption":"Infos Droits Humains"},"image":{"@id":"https:\/\/infos-droitshumains.net\/#\/schema\/logo\/image\/"}},{"@type":"Person","@id":"https:\/\/infos-droitshumains.net\/#\/schema\/person\/3dc5e921c3302172e0ed4362f96faab7","name":"Jo\u00ebl Diawa","image":{"@type":"ImageObject","inLanguage":"fr-FR","@id":"https:\/\/secure.gravatar.com\/avatar\/729bea6ff4604c624417803c477363be8e3c7186deaa65713313f9b4b820f41c?s=96&d=mm&r=g","url":"https:\/\/secure.gravatar.com\/avatar\/729bea6ff4604c624417803c477363be8e3c7186deaa65713313f9b4b820f41c?s=96&d=mm&r=g","contentUrl":"https:\/\/secure.gravatar.com\/avatar\/729bea6ff4604c624417803c477363be8e3c7186deaa65713313f9b4b820f41c?s=96&d=mm&r=g","caption":"Jo\u00ebl Diawa"},"sameAs":["https:\/\/www.infos-droitshumains.net"],"url":"https:\/\/infos-droitshumains.net\/?author=2"}]}},"featured_image_urls":{"full":["https:\/\/i0.wp.com\/infos-droitshumains.net\/wp-content\/uploads\/2022\/11\/IMG-20221125-WA0008_1.jpg?fit=894%2C699&ssl=1",894,699,false],"thumbnail":["https:\/\/i0.wp.com\/infos-droitshumains.net\/wp-content\/uploads\/2022\/11\/IMG-20221125-WA0008_1.jpg?resize=150%2C150&ssl=1",150,150,true],"medium":["https:\/\/i0.wp.com\/infos-droitshumains.net\/wp-content\/uploads\/2022\/11\/IMG-20221125-WA0008_1.jpg?fit=300%2C235&ssl=1",300,235,true],"medium_large":["https:\/\/i0.wp.com\/infos-droitshumains.net\/wp-content\/uploads\/2022\/11\/IMG-20221125-WA0008_1.jpg?fit=640%2C500&ssl=1",640,500,true],"large":["https:\/\/i0.wp.com\/infos-droitshumains.net\/wp-content\/uploads\/2022\/11\/IMG-20221125-WA0008_1.jpg?fit=640%2C500&ssl=1",640,500,true],"1536x1536":["https:\/\/i0.wp.com\/infos-droitshumains.net\/wp-content\/uploads\/2022\/11\/IMG-20221125-WA0008_1.jpg?fit=894%2C699&ssl=1",894,699,true],"2048x2048":["https:\/\/i0.wp.com\/infos-droitshumains.net\/wp-content\/uploads\/2022\/11\/IMG-20221125-WA0008_1.jpg?fit=894%2C699&ssl=1",894,699,true],"covernews-slider-full":["https:\/\/i0.wp.com\/infos-droitshumains.net\/wp-content\/uploads\/2022\/11\/IMG-20221125-WA0008_1.jpg?resize=894%2C699&ssl=1",894,699,true],"covernews-slider-center":["https:\/\/i0.wp.com\/infos-droitshumains.net\/wp-content\/uploads\/2022\/11\/IMG-20221125-WA0008_1.jpg?resize=800%2C500&ssl=1",800,500,true],"covernews-featured":["https:\/\/i0.wp.com\/infos-droitshumains.net\/wp-content\/uploads\/2022\/11\/IMG-20221125-WA0008_1.jpg?fit=894%2C699&ssl=1",894,699,true],"covernews-medium":["https:\/\/i0.wp.com\/infos-droitshumains.net\/wp-content\/uploads\/2022\/11\/IMG-20221125-WA0008_1.jpg?resize=540%2C340&ssl=1",540,340,true],"covernews-medium-square":["https:\/\/i0.wp.com\/infos-droitshumains.net\/wp-content\/uploads\/2022\/11\/IMG-20221125-WA0008_1.jpg?resize=400%2C250&ssl=1",400,250,true]},"author_info":{"display_name":"Jo\u00ebl Diawa","author_link":"https:\/\/infos-droitshumains.net\/?author=2"},"category_info":"<a href=\"https:\/\/infos-droitshumains.net\/?cat=3\" rel=\"category\">Politique<\/a>","tag_info":"Politique","comment_count":"0","jetpack_featured_media_url":"https:\/\/i0.wp.com\/infos-droitshumains.net\/wp-content\/uploads\/2022\/11\/IMG-20221125-WA0008_1.jpg?fit=894%2C699&ssl=1","jetpack-related-posts":[],"jetpack_sharing_enabled":true,"_links":{"self":[{"href":"https:\/\/infos-droitshumains.net\/index.php?rest_route=\/wp\/v2\/posts\/5790","targetHints":{"allow":["GET"]}}],"collection":[{"href":"https:\/\/infos-droitshumains.net\/index.php?rest_route=\/wp\/v2\/posts"}],"about":[{"href":"https:\/\/infos-droitshumains.net\/index.php?rest_route=\/wp\/v2\/types\/post"}],"author":[{"embeddable":true,"href":"https:\/\/infos-droitshumains.net\/index.php?rest_route=\/wp\/v2\/users\/2"}],"replies":[{"embeddable":true,"href":"https:\/\/infos-droitshumains.net\/index.php?rest_route=%2Fwp%2Fv2%2Fcomments&post=5790"}],"version-history":[{"count":2,"href":"https:\/\/infos-droitshumains.net\/index.php?rest_route=\/wp\/v2\/posts\/5790\/revisions"}],"predecessor-version":[{"id":5792,"href":"https:\/\/infos-droitshumains.net\/index.php?rest_route=\/wp\/v2\/posts\/5790\/revisions\/5792"}],"wp:featuredmedia":[{"embeddable":true,"href":"https:\/\/infos-droitshumains.net\/index.php?rest_route=\/wp\/v2\/media\/5793"}],"wp:attachment":[{"href":"https:\/\/infos-droitshumains.net\/index.php?rest_route=%2Fwp%2Fv2%2Fmedia&parent=5790"}],"wp:term":[{"taxonomy":"category","embeddable":true,"href":"https:\/\/infos-droitshumains.net\/index.php?rest_route=%2Fwp%2Fv2%2Fcategories&post=5790"},{"taxonomy":"post_tag","embeddable":true,"href":"https:\/\/infos-droitshumains.net\/index.php?rest_route=%2Fwp%2Fv2%2Ftags&post=5790"}],"curies":[{"name":"wp","href":"https:\/\/api.w.org\/{rel}","templated":true}]}}