{"id":5772,"date":"2022-11-25T20:17:34","date_gmt":"2022-11-25T19:17:34","guid":{"rendered":"https:\/\/infos-droitshumains.net\/?p=5772"},"modified":"2022-11-25T20:32:58","modified_gmt":"2022-11-25T19:32:58","slug":"colloque-pluridisciplinaire-du-cridess-sur-la-digitalisation-et-le-developpement-de-la-rdc-me-prosper-ntetika-marque-les-esprits-par-sa-brillante-intervention","status":"publish","type":"post","link":"https:\/\/infos-droitshumains.net\/?p=5772","title":{"rendered":"Colloque pluridisciplinaire du CRIDESS sur la digitalisation et le d\u00e9veloppement de la RDC : Me Prosper Ntetika marque les esprits par sa brillante intervention"},"content":{"rendered":"\n<p><strong>R\u00e9daction :+243817406088<\/strong><\/p>\n\n\n\n<p>Le Centre de Recherche Interdisciplinaire en D\u00e9veloppement : Economie, Sant\u00e9 et Soci\u00e9t\u00e9 (CRIDESS) a cl\u00f4tur\u00e9 ce vendredi 25 novembre, son colloque pluridisciplinaire dont le coup d\u2019envoi \u00e0 \u00e9t\u00e9 donn\u00e9 un jour avant \u00e0 l\u2019Universit\u00e9 Protestante au Congo.<\/p>\n\n\n\n<p>Durant deux jours, les partages et d\u00e9bats scientifiques ont tourn\u00e9s au tour de la th\u00e9matique : <strong>\u00ab Digitalisation et d\u00e9veloppement de la R\u00e9publique D\u00e9mocratique du Congo : D\u00e9fis et perspectives \u00bb.<\/strong><\/p>\n\n\n\n<figure class=\"wp-block-image size-full\"><img data-recalc-dims=\"1\" fetchpriority=\"high\" decoding=\"async\" width=\"640\" height=\"427\" src=\"https:\/\/i0.wp.com\/infos-droitshumains.net\/wp-content\/uploads\/2022\/11\/MRI6550_1.jpg?resize=640%2C427&#038;ssl=1\" alt=\"\" class=\"wp-image-5777\" srcset=\"https:\/\/i0.wp.com\/infos-droitshumains.net\/wp-content\/uploads\/2022\/11\/MRI6550_1.jpg?w=920&amp;ssl=1 920w, https:\/\/i0.wp.com\/infos-droitshumains.net\/wp-content\/uploads\/2022\/11\/MRI6550_1.jpg?resize=300%2C200&amp;ssl=1 300w, https:\/\/i0.wp.com\/infos-droitshumains.net\/wp-content\/uploads\/2022\/11\/MRI6550_1.jpg?resize=768%2C513&amp;ssl=1 768w\" sizes=\"(max-width: 640px) 100vw, 640px\" \/><\/figure>\n\n\n\n<p>L\u2019on a not\u00e9 la brillante intervention de Ma\u00eetre Prosper Ntetika, Avocat au Barreau de Kinshasa\/Gombe et associ\u00e9 au Cabinet Ntetika SCP.<\/p>\n\n\n\n<p>Ce chercheur et sp\u00e9cialiste en droits du num\u00e9rique a expos\u00e9 sur La <strong>\u00abTransformation num\u00e9rique et d\u00e9fis r\u00e9glementaires en R\u00e9publique D\u00e9mocratique du Congo \u00bb.<\/strong><\/p>\n\n\n\n<figure class=\"wp-block-image size-large\"><img data-recalc-dims=\"1\" decoding=\"async\" width=\"640\" height=\"960\" src=\"https:\/\/i0.wp.com\/infos-droitshumains.net\/wp-content\/uploads\/2022\/11\/MRI6530_1.jpg?resize=640%2C960&#038;ssl=1\" alt=\"\" class=\"wp-image-5781\" srcset=\"https:\/\/i0.wp.com\/infos-droitshumains.net\/wp-content\/uploads\/2022\/11\/MRI6530_1.jpg?resize=683%2C1024&amp;ssl=1 683w, https:\/\/i0.wp.com\/infos-droitshumains.net\/wp-content\/uploads\/2022\/11\/MRI6530_1.jpg?resize=200%2C300&amp;ssl=1 200w, https:\/\/i0.wp.com\/infos-droitshumains.net\/wp-content\/uploads\/2022\/11\/MRI6530_1.jpg?resize=768%2C1151&amp;ssl=1 768w, https:\/\/i0.wp.com\/infos-droitshumains.net\/wp-content\/uploads\/2022\/11\/MRI6530_1.jpg?w=997&amp;ssl=1 997w\" sizes=\"(max-width: 640px) 100vw, 640px\" \/><\/figure>\n\n\n\n<p>Au cours de son intervention, Ma\u00eetre Prosper Ntetika a d\u2019abord dress\u00e9 un \u00e9tat de lieux de la r\u00e9glementation du num\u00e9rique en R\u00e9publique D\u00e9mocratique du Congo en faisant une analyse approfondie de la loi no 20\/017 du 25 novembre 2022 relative aux t\u00e9l\u00e9communications et technologies de l\u2019information et de la communication.<\/p>\n\n\n\n<figure class=\"wp-block-image size-full\"><img data-recalc-dims=\"1\" decoding=\"async\" width=\"640\" height=\"427\" src=\"https:\/\/i0.wp.com\/infos-droitshumains.net\/wp-content\/uploads\/2022\/11\/MRI6533_1.jpg?resize=640%2C427&#038;ssl=1\" alt=\"\" class=\"wp-image-5783\" srcset=\"https:\/\/i0.wp.com\/infos-droitshumains.net\/wp-content\/uploads\/2022\/11\/MRI6533_1.jpg?w=920&amp;ssl=1 920w, https:\/\/i0.wp.com\/infos-droitshumains.net\/wp-content\/uploads\/2022\/11\/MRI6533_1.jpg?resize=300%2C200&amp;ssl=1 300w, https:\/\/i0.wp.com\/infos-droitshumains.net\/wp-content\/uploads\/2022\/11\/MRI6533_1.jpg?resize=768%2C513&amp;ssl=1 768w\" sizes=\"(max-width: 640px) 100vw, 640px\" \/><\/figure>\n\n\n\n<p>Il a par la suite, abord\u00e9 quelques aspects li\u00e9s \u00e0 la r\u00e9glementation en gestation du num\u00e9rique en insistant sur le fait que le Projet de loi portant Code du Num\u00e9rique sera sans doute, <em>\u00ab l\u2019instrument juridique majeur \u00bb<\/em> qui va asseoir la r\u00e9glementation du num\u00e9rique en R\u00e9publique D\u00e9mocratique du Congo.<\/p>\n\n\n\n<figure class=\"wp-block-image size-full\"><img data-recalc-dims=\"1\" loading=\"lazy\" decoding=\"async\" width=\"640\" height=\"428\" src=\"https:\/\/i0.wp.com\/infos-droitshumains.net\/wp-content\/uploads\/2022\/11\/MRI6520_1.jpg?resize=640%2C428&#038;ssl=1\" alt=\"\" class=\"wp-image-5785\" srcset=\"https:\/\/i0.wp.com\/infos-droitshumains.net\/wp-content\/uploads\/2022\/11\/MRI6520_1.jpg?w=877&amp;ssl=1 877w, https:\/\/i0.wp.com\/infos-droitshumains.net\/wp-content\/uploads\/2022\/11\/MRI6520_1.jpg?resize=300%2C200&amp;ssl=1 300w, https:\/\/i0.wp.com\/infos-droitshumains.net\/wp-content\/uploads\/2022\/11\/MRI6520_1.jpg?resize=768%2C513&amp;ssl=1 768w\" sizes=\"(max-width: 640px) 100vw, 640px\" \/><\/figure>\n\n\n\n<p>Enfin, l\u2019orateur a relev\u00e9 les enjeux de la r\u00e9glementation du num\u00e9rique sur les plans national et international en pr\u00e9sentant quelques instruments majeurs de droit international ainsi que le positionnement de la R\u00e9publique D\u00e9mocratique du Congo en ce qui concerne ces instruments de droit international.<\/p>\n\n\n\n<figure class=\"wp-block-image size-large\"><img data-recalc-dims=\"1\" loading=\"lazy\" decoding=\"async\" width=\"640\" height=\"960\" src=\"https:\/\/i0.wp.com\/infos-droitshumains.net\/wp-content\/uploads\/2022\/11\/MRI6556_1.jpg?resize=640%2C960&#038;ssl=1\" alt=\"\" class=\"wp-image-5788\" srcset=\"https:\/\/i0.wp.com\/infos-droitshumains.net\/wp-content\/uploads\/2022\/11\/MRI6556_1.jpg?resize=683%2C1024&amp;ssl=1 683w, https:\/\/i0.wp.com\/infos-droitshumains.net\/wp-content\/uploads\/2022\/11\/MRI6556_1.jpg?resize=200%2C300&amp;ssl=1 200w, https:\/\/i0.wp.com\/infos-droitshumains.net\/wp-content\/uploads\/2022\/11\/MRI6556_1.jpg?resize=768%2C1151&amp;ssl=1 768w, https:\/\/i0.wp.com\/infos-droitshumains.net\/wp-content\/uploads\/2022\/11\/MRI6556_1.jpg?w=997&amp;ssl=1 997w\" sizes=\"(max-width: 640px) 100vw, 640px\" \/><\/figure>\n\n\n\n<p>Une intervention vivement salu\u00e9e par les organisateurs du Colloque qui ont indiqu\u00e9 que para\u00eetra dans les jours \u00e0 venir les Actes dudit Colloque reprenant les interventions des tous les orateurs.<\/p>\n\n\n\n<p>Soulignons que Ma\u00eetre Prosper Ntetika engage beaucoup dans la construction du droit du num\u00e9rique en R\u00e9publique D\u00e9mocratique du Congo.<\/p>\n\n\n\n<p>Merlin Kamalandua<\/p>\n","protected":false},"excerpt":{"rendered":"<p>R\u00e9daction :+243817406088 Le Centre de Recherche Interdisciplinaire en D\u00e9veloppement : Economie, Sant\u00e9 et Soci\u00e9t\u00e9 (CRIDESS)&#8230;<\/p>\n","protected":false},"author":2,"featured_media":5775,"comment_status":"open","ping_status":"open","sticky":false,"template":"","format":"standard","meta":{"_jetpack_memberships_contains_paid_content":false,"footnotes":""},"categories":[16,8],"tags":[],"class_list":["post-5772","post","type-post","status-publish","format-standard","has-post-thumbnail","hentry","category-science","category-societe"],"yoast_head":"<!-- This site is optimized with the Yoast SEO plugin v27.5 - https:\/\/yoast.com\/product\/yoast-seo-wordpress\/ -->\n<title>Colloque pluridisciplinaire du CRIDESS sur la digitalisation et le d\u00e9veloppement de la RDC : Me Prosper Ntetika marque les esprits par sa brillante intervention - Infos Droits Humains<\/title>\n<meta name=\"robots\" content=\"index, follow, max-snippet:-1, max-image-preview:large, max-video-preview:-1\" \/>\n<link rel=\"canonical\" href=\"https:\/\/infos-droitshumains.net\/?p=5772\" \/>\n<meta property=\"og:locale\" content=\"fr_FR\" \/>\n<meta property=\"og:type\" content=\"article\" \/>\n<meta property=\"og:title\" content=\"Colloque pluridisciplinaire du CRIDESS sur la digitalisation et le d\u00e9veloppement de la RDC : Me Prosper Ntetika marque les esprits par sa brillante intervention - Infos Droits Humains\" \/>\n<meta property=\"og:description\" content=\"R\u00e9daction :+243817406088 Le Centre de Recherche Interdisciplinaire en D\u00e9veloppement : Economie, Sant\u00e9 et Soci\u00e9t\u00e9 (CRIDESS)...\" \/>\n<meta property=\"og:url\" content=\"https:\/\/infos-droitshumains.net\/?p=5772\" \/>\n<meta property=\"og:site_name\" content=\"Infos Droits Humains\" \/>\n<meta property=\"article:published_time\" content=\"2022-11-25T19:17:34+00:00\" \/>\n<meta property=\"article:modified_time\" content=\"2022-11-25T19:32:58+00:00\" \/>\n<meta property=\"og:image\" content=\"https:\/\/i0.wp.com\/infos-droitshumains.net\/wp-content\/uploads\/2022\/11\/MRI6515_1.jpg?fit=916%2C612&ssl=1\" \/>\n\t<meta property=\"og:image:width\" content=\"916\" \/>\n\t<meta property=\"og:image:height\" content=\"612\" \/>\n\t<meta property=\"og:image:type\" content=\"image\/jpeg\" \/>\n<meta name=\"author\" content=\"Jo\u00ebl Diawa\" \/>\n<meta name=\"twitter:card\" content=\"summary_large_image\" \/>\n<meta name=\"twitter:label1\" content=\"\u00c9crit par\" \/>\n\t<meta name=\"twitter:data1\" content=\"Jo\u00ebl Diawa\" \/>\n\t<meta name=\"twitter:label2\" content=\"Dur\u00e9e de lecture estim\u00e9e\" \/>\n\t<meta name=\"twitter:data2\" content=\"2 minutes\" \/>\n<script type=\"application\/ld+json\" class=\"yoast-schema-graph\">{\"@context\":\"https:\\\/\\\/schema.org\",\"@graph\":[{\"@type\":\"Article\",\"@id\":\"https:\\\/\\\/infos-droitshumains.net\\\/?p=5772#article\",\"isPartOf\":{\"@id\":\"https:\\\/\\\/infos-droitshumains.net\\\/?p=5772\"},\"author\":{\"name\":\"Jo\u00ebl Diawa\",\"@id\":\"https:\\\/\\\/infos-droitshumains.net\\\/#\\\/schema\\\/person\\\/3dc5e921c3302172e0ed4362f96faab7\"},\"headline\":\"Colloque pluridisciplinaire du CRIDESS sur la digitalisation et le d\u00e9veloppement de la RDC : Me Prosper Ntetika marque les esprits par sa brillante intervention\",\"datePublished\":\"2022-11-25T19:17:34+00:00\",\"dateModified\":\"2022-11-25T19:32:58+00:00\",\"mainEntityOfPage\":{\"@id\":\"https:\\\/\\\/infos-droitshumains.net\\\/?p=5772\"},\"wordCount\":369,\"commentCount\":0,\"publisher\":{\"@id\":\"https:\\\/\\\/infos-droitshumains.net\\\/#organization\"},\"image\":{\"@id\":\"https:\\\/\\\/infos-droitshumains.net\\\/?p=5772#primaryimage\"},\"thumbnailUrl\":\"https:\\\/\\\/i0.wp.com\\\/infos-droitshumains.net\\\/wp-content\\\/uploads\\\/2022\\\/11\\\/MRI6515_1.jpg?fit=916%2C612&ssl=1\",\"articleSection\":[\"Science\",\"Soci\u00e9t\u00e9\"],\"inLanguage\":\"fr-FR\",\"potentialAction\":[{\"@type\":\"CommentAction\",\"name\":\"Comment\",\"target\":[\"https:\\\/\\\/infos-droitshumains.net\\\/?p=5772#respond\"]}]},{\"@type\":\"WebPage\",\"@id\":\"https:\\\/\\\/infos-droitshumains.net\\\/?p=5772\",\"url\":\"https:\\\/\\\/infos-droitshumains.net\\\/?p=5772\",\"name\":\"Colloque pluridisciplinaire du CRIDESS sur la digitalisation et le d\u00e9veloppement de la RDC : Me Prosper Ntetika marque les esprits par sa brillante intervention - Infos Droits Humains\",\"isPartOf\":{\"@id\":\"https:\\\/\\\/infos-droitshumains.net\\\/#website\"},\"primaryImageOfPage\":{\"@id\":\"https:\\\/\\\/infos-droitshumains.net\\\/?p=5772#primaryimage\"},\"image\":{\"@id\":\"https:\\\/\\\/infos-droitshumains.net\\\/?p=5772#primaryimage\"},\"thumbnailUrl\":\"https:\\\/\\\/i0.wp.com\\\/infos-droitshumains.net\\\/wp-content\\\/uploads\\\/2022\\\/11\\\/MRI6515_1.jpg?fit=916%2C612&ssl=1\",\"datePublished\":\"2022-11-25T19:17:34+00:00\",\"dateModified\":\"2022-11-25T19:32:58+00:00\",\"breadcrumb\":{\"@id\":\"https:\\\/\\\/infos-droitshumains.net\\\/?p=5772#breadcrumb\"},\"inLanguage\":\"fr-FR\",\"potentialAction\":[{\"@type\":\"ReadAction\",\"target\":[\"https:\\\/\\\/infos-droitshumains.net\\\/?p=5772\"]}]},{\"@type\":\"ImageObject\",\"inLanguage\":\"fr-FR\",\"@id\":\"https:\\\/\\\/infos-droitshumains.net\\\/?p=5772#primaryimage\",\"url\":\"https:\\\/\\\/i0.wp.com\\\/infos-droitshumains.net\\\/wp-content\\\/uploads\\\/2022\\\/11\\\/MRI6515_1.jpg?fit=916%2C612&ssl=1\",\"contentUrl\":\"https:\\\/\\\/i0.wp.com\\\/infos-droitshumains.net\\\/wp-content\\\/uploads\\\/2022\\\/11\\\/MRI6515_1.jpg?fit=916%2C612&ssl=1\",\"width\":916,\"height\":612},{\"@type\":\"BreadcrumbList\",\"@id\":\"https:\\\/\\\/infos-droitshumains.net\\\/?p=5772#breadcrumb\",\"itemListElement\":[{\"@type\":\"ListItem\",\"position\":1,\"name\":\"Accueil\",\"item\":\"https:\\\/\\\/infos-droitshumains.net\\\/\"},{\"@type\":\"ListItem\",\"position\":2,\"name\":\"Colloque pluridisciplinaire du CRIDESS sur la digitalisation et le d\u00e9veloppement de la RDC : Me Prosper Ntetika marque les esprits par sa brillante intervention\"}]},{\"@type\":\"WebSite\",\"@id\":\"https:\\\/\\\/infos-droitshumains.net\\\/#website\",\"url\":\"https:\\\/\\\/infos-droitshumains.net\\\/\",\"name\":\"Infos Droits Humains\",\"description\":\"S&#039;informer est un droit\",\"publisher\":{\"@id\":\"https:\\\/\\\/infos-droitshumains.net\\\/#organization\"},\"potentialAction\":[{\"@type\":\"SearchAction\",\"target\":{\"@type\":\"EntryPoint\",\"urlTemplate\":\"https:\\\/\\\/infos-droitshumains.net\\\/?s={search_term_string}\"},\"query-input\":{\"@type\":\"PropertyValueSpecification\",\"valueRequired\":true,\"valueName\":\"search_term_string\"}}],\"inLanguage\":\"fr-FR\"},{\"@type\":\"Organization\",\"@id\":\"https:\\\/\\\/infos-droitshumains.net\\\/#organization\",\"name\":\"Infos Droits Humains\",\"url\":\"https:\\\/\\\/infos-droitshumains.net\\\/\",\"logo\":{\"@type\":\"ImageObject\",\"inLanguage\":\"fr-FR\",\"@id\":\"https:\\\/\\\/infos-droitshumains.net\\\/#\\\/schema\\\/logo\\\/image\\\/\",\"url\":\"https:\\\/\\\/i0.wp.com\\\/infos-droitshumains.net\\\/wp-content\\\/uploads\\\/2022\\\/05\\\/Logo.png?fit=333%2C129&ssl=1\",\"contentUrl\":\"https:\\\/\\\/i0.wp.com\\\/infos-droitshumains.net\\\/wp-content\\\/uploads\\\/2022\\\/05\\\/Logo.png?fit=333%2C129&ssl=1\",\"width\":333,\"height\":129,\"caption\":\"Infos Droits Humains\"},\"image\":{\"@id\":\"https:\\\/\\\/infos-droitshumains.net\\\/#\\\/schema\\\/logo\\\/image\\\/\"}},{\"@type\":\"Person\",\"@id\":\"https:\\\/\\\/infos-droitshumains.net\\\/#\\\/schema\\\/person\\\/3dc5e921c3302172e0ed4362f96faab7\",\"name\":\"Jo\u00ebl Diawa\",\"image\":{\"@type\":\"ImageObject\",\"inLanguage\":\"fr-FR\",\"@id\":\"https:\\\/\\\/secure.gravatar.com\\\/avatar\\\/729bea6ff4604c624417803c477363be8e3c7186deaa65713313f9b4b820f41c?s=96&d=mm&r=g\",\"url\":\"https:\\\/\\\/secure.gravatar.com\\\/avatar\\\/729bea6ff4604c624417803c477363be8e3c7186deaa65713313f9b4b820f41c?s=96&d=mm&r=g\",\"contentUrl\":\"https:\\\/\\\/secure.gravatar.com\\\/avatar\\\/729bea6ff4604c624417803c477363be8e3c7186deaa65713313f9b4b820f41c?s=96&d=mm&r=g\",\"caption\":\"Jo\u00ebl Diawa\"},\"sameAs\":[\"https:\\\/\\\/www.infos-droitshumains.net\"],\"url\":\"https:\\\/\\\/infos-droitshumains.net\\\/?author=2\"}]}<\/script>\n<!-- \/ Yoast SEO plugin. -->","yoast_head_json":{"title":"Colloque pluridisciplinaire du CRIDESS sur la digitalisation et le d\u00e9veloppement de la RDC : Me Prosper Ntetika marque les esprits par sa brillante intervention - Infos Droits Humains","robots":{"index":"index","follow":"follow","max-snippet":"max-snippet:-1","max-image-preview":"max-image-preview:large","max-video-preview":"max-video-preview:-1"},"canonical":"https:\/\/infos-droitshumains.net\/?p=5772","og_locale":"fr_FR","og_type":"article","og_title":"Colloque pluridisciplinaire du CRIDESS sur la digitalisation et le d\u00e9veloppement de la RDC : Me Prosper Ntetika marque les esprits par sa brillante intervention - Infos Droits Humains","og_description":"R\u00e9daction :+243817406088 Le Centre de Recherche Interdisciplinaire en D\u00e9veloppement : Economie, Sant\u00e9 et Soci\u00e9t\u00e9 (CRIDESS)...","og_url":"https:\/\/infos-droitshumains.net\/?p=5772","og_site_name":"Infos Droits Humains","article_published_time":"2022-11-25T19:17:34+00:00","article_modified_time":"2022-11-25T19:32:58+00:00","og_image":[{"width":916,"height":612,"url":"https:\/\/i0.wp.com\/infos-droitshumains.net\/wp-content\/uploads\/2022\/11\/MRI6515_1.jpg?fit=916%2C612&ssl=1","type":"image\/jpeg"}],"author":"Jo\u00ebl Diawa","twitter_card":"summary_large_image","twitter_misc":{"\u00c9crit par":"Jo\u00ebl Diawa","Dur\u00e9e de lecture estim\u00e9e":"2 minutes"},"schema":{"@context":"https:\/\/schema.org","@graph":[{"@type":"Article","@id":"https:\/\/infos-droitshumains.net\/?p=5772#article","isPartOf":{"@id":"https:\/\/infos-droitshumains.net\/?p=5772"},"author":{"name":"Jo\u00ebl Diawa","@id":"https:\/\/infos-droitshumains.net\/#\/schema\/person\/3dc5e921c3302172e0ed4362f96faab7"},"headline":"Colloque pluridisciplinaire du CRIDESS sur la digitalisation et le d\u00e9veloppement de la RDC : Me Prosper Ntetika marque les esprits par sa brillante intervention","datePublished":"2022-11-25T19:17:34+00:00","dateModified":"2022-11-25T19:32:58+00:00","mainEntityOfPage":{"@id":"https:\/\/infos-droitshumains.net\/?p=5772"},"wordCount":369,"commentCount":0,"publisher":{"@id":"https:\/\/infos-droitshumains.net\/#organization"},"image":{"@id":"https:\/\/infos-droitshumains.net\/?p=5772#primaryimage"},"thumbnailUrl":"https:\/\/i0.wp.com\/infos-droitshumains.net\/wp-content\/uploads\/2022\/11\/MRI6515_1.jpg?fit=916%2C612&ssl=1","articleSection":["Science","Soci\u00e9t\u00e9"],"inLanguage":"fr-FR","potentialAction":[{"@type":"CommentAction","name":"Comment","target":["https:\/\/infos-droitshumains.net\/?p=5772#respond"]}]},{"@type":"WebPage","@id":"https:\/\/infos-droitshumains.net\/?p=5772","url":"https:\/\/infos-droitshumains.net\/?p=5772","name":"Colloque pluridisciplinaire du CRIDESS sur la digitalisation et le d\u00e9veloppement de la RDC : Me Prosper Ntetika marque les esprits par sa brillante intervention - Infos Droits Humains","isPartOf":{"@id":"https:\/\/infos-droitshumains.net\/#website"},"primaryImageOfPage":{"@id":"https:\/\/infos-droitshumains.net\/?p=5772#primaryimage"},"image":{"@id":"https:\/\/infos-droitshumains.net\/?p=5772#primaryimage"},"thumbnailUrl":"https:\/\/i0.wp.com\/infos-droitshumains.net\/wp-content\/uploads\/2022\/11\/MRI6515_1.jpg?fit=916%2C612&ssl=1","datePublished":"2022-11-25T19:17:34+00:00","dateModified":"2022-11-25T19:32:58+00:00","breadcrumb":{"@id":"https:\/\/infos-droitshumains.net\/?p=5772#breadcrumb"},"inLanguage":"fr-FR","potentialAction":[{"@type":"ReadAction","target":["https:\/\/infos-droitshumains.net\/?p=5772"]}]},{"@type":"ImageObject","inLanguage":"fr-FR","@id":"https:\/\/infos-droitshumains.net\/?p=5772#primaryimage","url":"https:\/\/i0.wp.com\/infos-droitshumains.net\/wp-content\/uploads\/2022\/11\/MRI6515_1.jpg?fit=916%2C612&ssl=1","contentUrl":"https:\/\/i0.wp.com\/infos-droitshumains.net\/wp-content\/uploads\/2022\/11\/MRI6515_1.jpg?fit=916%2C612&ssl=1","width":916,"height":612},{"@type":"BreadcrumbList","@id":"https:\/\/infos-droitshumains.net\/?p=5772#breadcrumb","itemListElement":[{"@type":"ListItem","position":1,"name":"Accueil","item":"https:\/\/infos-droitshumains.net\/"},{"@type":"ListItem","position":2,"name":"Colloque pluridisciplinaire du CRIDESS sur la digitalisation et le d\u00e9veloppement de la RDC : Me Prosper Ntetika marque les esprits par sa brillante intervention"}]},{"@type":"WebSite","@id":"https:\/\/infos-droitshumains.net\/#website","url":"https:\/\/infos-droitshumains.net\/","name":"Infos Droits Humains","description":"S&#039;informer est un droit","publisher":{"@id":"https:\/\/infos-droitshumains.net\/#organization"},"potentialAction":[{"@type":"SearchAction","target":{"@type":"EntryPoint","urlTemplate":"https:\/\/infos-droitshumains.net\/?s={search_term_string}"},"query-input":{"@type":"PropertyValueSpecification","valueRequired":true,"valueName":"search_term_string"}}],"inLanguage":"fr-FR"},{"@type":"Organization","@id":"https:\/\/infos-droitshumains.net\/#organization","name":"Infos Droits Humains","url":"https:\/\/infos-droitshumains.net\/","logo":{"@type":"ImageObject","inLanguage":"fr-FR","@id":"https:\/\/infos-droitshumains.net\/#\/schema\/logo\/image\/","url":"https:\/\/i0.wp.com\/infos-droitshumains.net\/wp-content\/uploads\/2022\/05\/Logo.png?fit=333%2C129&ssl=1","contentUrl":"https:\/\/i0.wp.com\/infos-droitshumains.net\/wp-content\/uploads\/2022\/05\/Logo.png?fit=333%2C129&ssl=1","width":333,"height":129,"caption":"Infos Droits Humains"},"image":{"@id":"https:\/\/infos-droitshumains.net\/#\/schema\/logo\/image\/"}},{"@type":"Person","@id":"https:\/\/infos-droitshumains.net\/#\/schema\/person\/3dc5e921c3302172e0ed4362f96faab7","name":"Jo\u00ebl Diawa","image":{"@type":"ImageObject","inLanguage":"fr-FR","@id":"https:\/\/secure.gravatar.com\/avatar\/729bea6ff4604c624417803c477363be8e3c7186deaa65713313f9b4b820f41c?s=96&d=mm&r=g","url":"https:\/\/secure.gravatar.com\/avatar\/729bea6ff4604c624417803c477363be8e3c7186deaa65713313f9b4b820f41c?s=96&d=mm&r=g","contentUrl":"https:\/\/secure.gravatar.com\/avatar\/729bea6ff4604c624417803c477363be8e3c7186deaa65713313f9b4b820f41c?s=96&d=mm&r=g","caption":"Jo\u00ebl Diawa"},"sameAs":["https:\/\/www.infos-droitshumains.net"],"url":"https:\/\/infos-droitshumains.net\/?author=2"}]}},"featured_image_urls":{"full":["https:\/\/i0.wp.com\/infos-droitshumains.net\/wp-content\/uploads\/2022\/11\/MRI6515_1.jpg?fit=916%2C612&ssl=1",916,612,false],"thumbnail":["https:\/\/i0.wp.com\/infos-droitshumains.net\/wp-content\/uploads\/2022\/11\/MRI6515_1.jpg?resize=150%2C150&ssl=1",150,150,true],"medium":["https:\/\/i0.wp.com\/infos-droitshumains.net\/wp-content\/uploads\/2022\/11\/MRI6515_1.jpg?fit=300%2C200&ssl=1",300,200,true],"medium_large":["https:\/\/i0.wp.com\/infos-droitshumains.net\/wp-content\/uploads\/2022\/11\/MRI6515_1.jpg?fit=640%2C428&ssl=1",640,428,true],"large":["https:\/\/i0.wp.com\/infos-droitshumains.net\/wp-content\/uploads\/2022\/11\/MRI6515_1.jpg?fit=640%2C428&ssl=1",640,428,true],"1536x1536":["https:\/\/i0.wp.com\/infos-droitshumains.net\/wp-content\/uploads\/2022\/11\/MRI6515_1.jpg?fit=916%2C612&ssl=1",916,612,true],"2048x2048":["https:\/\/i0.wp.com\/infos-droitshumains.net\/wp-content\/uploads\/2022\/11\/MRI6515_1.jpg?fit=916%2C612&ssl=1",916,612,true],"covernews-slider-full":["https:\/\/i0.wp.com\/infos-droitshumains.net\/wp-content\/uploads\/2022\/11\/MRI6515_1.jpg?resize=916%2C612&ssl=1",916,612,true],"covernews-slider-center":["https:\/\/i0.wp.com\/infos-droitshumains.net\/wp-content\/uploads\/2022\/11\/MRI6515_1.jpg?resize=800%2C500&ssl=1",800,500,true],"covernews-featured":["https:\/\/i0.wp.com\/infos-droitshumains.net\/wp-content\/uploads\/2022\/11\/MRI6515_1.jpg?fit=916%2C612&ssl=1",916,612,true],"covernews-medium":["https:\/\/i0.wp.com\/infos-droitshumains.net\/wp-content\/uploads\/2022\/11\/MRI6515_1.jpg?resize=540%2C340&ssl=1",540,340,true],"covernews-medium-square":["https:\/\/i0.wp.com\/infos-droitshumains.net\/wp-content\/uploads\/2022\/11\/MRI6515_1.jpg?resize=400%2C250&ssl=1",400,250,true]},"author_info":{"display_name":"Jo\u00ebl Diawa","author_link":"https:\/\/infos-droitshumains.net\/?author=2"},"category_info":"<a href=\"https:\/\/infos-droitshumains.net\/?cat=16\" rel=\"category\">Science<\/a> <a href=\"https:\/\/infos-droitshumains.net\/?cat=8\" rel=\"category\">Soci\u00e9t\u00e9<\/a>","tag_info":"Soci\u00e9t\u00e9","comment_count":"0","jetpack_featured_media_url":"https:\/\/i0.wp.com\/infos-droitshumains.net\/wp-content\/uploads\/2022\/11\/MRI6515_1.jpg?fit=916%2C612&ssl=1","jetpack-related-posts":[],"jetpack_sharing_enabled":true,"_links":{"self":[{"href":"https:\/\/infos-droitshumains.net\/index.php?rest_route=\/wp\/v2\/posts\/5772","targetHints":{"allow":["GET"]}}],"collection":[{"href":"https:\/\/infos-droitshumains.net\/index.php?rest_route=\/wp\/v2\/posts"}],"about":[{"href":"https:\/\/infos-droitshumains.net\/index.php?rest_route=\/wp\/v2\/types\/post"}],"author":[{"embeddable":true,"href":"https:\/\/infos-droitshumains.net\/index.php?rest_route=\/wp\/v2\/users\/2"}],"replies":[{"embeddable":true,"href":"https:\/\/infos-droitshumains.net\/index.php?rest_route=%2Fwp%2Fv2%2Fcomments&post=5772"}],"version-history":[{"count":8,"href":"https:\/\/infos-droitshumains.net\/index.php?rest_route=\/wp\/v2\/posts\/5772\/revisions"}],"predecessor-version":[{"id":5789,"href":"https:\/\/infos-droitshumains.net\/index.php?rest_route=\/wp\/v2\/posts\/5772\/revisions\/5789"}],"wp:featuredmedia":[{"embeddable":true,"href":"https:\/\/infos-droitshumains.net\/index.php?rest_route=\/wp\/v2\/media\/5775"}],"wp:attachment":[{"href":"https:\/\/infos-droitshumains.net\/index.php?rest_route=%2Fwp%2Fv2%2Fmedia&parent=5772"}],"wp:term":[{"taxonomy":"category","embeddable":true,"href":"https:\/\/infos-droitshumains.net\/index.php?rest_route=%2Fwp%2Fv2%2Fcategories&post=5772"},{"taxonomy":"post_tag","embeddable":true,"href":"https:\/\/infos-droitshumains.net\/index.php?rest_route=%2Fwp%2Fv2%2Ftags&post=5772"}],"curies":[{"name":"wp","href":"https:\/\/api.w.org\/{rel}","templated":true}]}}